{"id":55236,"date":"2023-08-12T15:32:19","date_gmt":"2023-08-12T22:32:19","guid":{"rendered":"https:\/\/fuentesfidedignas.com.mx\/?p=55236"},"modified":"2023-08-12T15:33:02","modified_gmt":"2023-08-12T22:33:02","slug":"rocha-encabeza-brigada-especial-de-apoyo-inmediato-en-sinaloa-municipio","status":"publish","type":"post","link":"https:\/\/fuentesfidedignas.com.mx\/index.php\/2023\/08\/12\/rocha-encabeza-brigada-especial-de-apoyo-inmediato-en-sinaloa-municipio\/","title":{"rendered":"Rocha encabeza brigada especial de apoyo inmediato en Sinaloa Municipio"},"content":{"rendered":"\n<p><em><strong>Titulares de los mandos del Ej\u00e9rcito y Guardia Nacional, del Gabinete Estatal y Ampliado y autoridades de los municipios de Sinaloa y Salvador Alvarado acompa\u00f1aron al mandatario estatal en la Brigada Especial<\/strong><\/em><\/p>\n\n\n\n<p><em>Rocha instruy\u00f3 a las y los distintos titulares de las secretar\u00edas a trabajar a profundidad para la restauraci\u00f3n de los poblados.<\/em><\/p>\n\n\n\n<p>San Jos\u00e9 de las Delicias, Sin.- En di\u00e1logo directo con los habitantes de la poblaci\u00f3n de San Jos\u00e9 de las Delicias, el gobernador Rub\u00e9n Rocha Moya encabez\u00f3 la brigada especial de apoyo inmediato para rehabilitar viviendas, reforzar el funcionamiento de las escuelas, atenci\u00f3n m\u00e9dica, fumigaci\u00f3n, agua potable, adem\u00e1s de la activaci\u00f3n de una ruta de transporte a la ciudad de Guam\u00fachil y un programa de autoempleo donde los habitantes trabajaran temporalmente en la construcci\u00f3n de sus propias casas. Estos son algunos de los principales compromisos que realiz\u00f3 el ejecutivo estatal, varios de los cuales ya se encuentran en operaci\u00f3n.<\/p>\n\n\n\n<figure class=\"wp-block-gallery has-nested-images columns-default is-cropped wp-block-gallery-1 is-layout-flex wp-block-gallery-is-layout-flex\">\n<figure class=\"wp-block-image size-large\"><img decoding=\"async\" width=\"1024\" height=\"683\" data-id=\"55237\" src=\"https:\/\/fuentesfidedignas.com.mx\/wp-content\/uploads\/2023\/08\/1000107887-1024x683.jpg\" alt=\"\" class=\"wp-image-55237\" srcset=\"https:\/\/fuentesfidedignas.com.mx\/wp-content\/uploads\/2023\/08\/1000107887-1024x683.jpg 1024w, https:\/\/fuentesfidedignas.com.mx\/wp-content\/uploads\/2023\/08\/1000107887-300x200.jpg 300w, https:\/\/fuentesfidedignas.com.mx\/wp-content\/uploads\/2023\/08\/1000107887-768x512.jpg 768w, https:\/\/fuentesfidedignas.com.mx\/wp-content\/uploads\/2023\/08\/1000107887.jpg 1280w\" sizes=\"(max-width: 1024px) 100vw, 1024px\" \/><\/figure>\n\n\n\n<figure class=\"wp-block-image size-large\"><img decoding=\"async\" width=\"1024\" height=\"682\" data-id=\"55239\" src=\"https:\/\/fuentesfidedignas.com.mx\/wp-content\/uploads\/2023\/08\/1000107877-1024x682.jpg\" alt=\"\" class=\"wp-image-55239\" srcset=\"https:\/\/fuentesfidedignas.com.mx\/wp-content\/uploads\/2023\/08\/1000107877-1024x682.jpg 1024w, https:\/\/fuentesfidedignas.com.mx\/wp-content\/uploads\/2023\/08\/1000107877-300x200.jpg 300w, https:\/\/fuentesfidedignas.com.mx\/wp-content\/uploads\/2023\/08\/1000107877-768x512.jpg 768w, https:\/\/fuentesfidedignas.com.mx\/wp-content\/uploads\/2023\/08\/1000107877-1536x1023.jpg 1536w, https:\/\/fuentesfidedignas.com.mx\/wp-content\/uploads\/2023\/08\/1000107877.jpg 1600w\" sizes=\"(max-width: 1024px) 100vw, 1024px\" \/><\/figure>\n\n\n\n<figure class=\"wp-block-image size-large\"><img decoding=\"async\" width=\"1024\" height=\"683\" data-id=\"55238\" src=\"https:\/\/fuentesfidedignas.com.mx\/wp-content\/uploads\/2023\/08\/1000107881-1024x683.jpg\" alt=\"\" class=\"wp-image-55238\" srcset=\"https:\/\/fuentesfidedignas.com.mx\/wp-content\/uploads\/2023\/08\/1000107881-1024x683.jpg 1024w, https:\/\/fuentesfidedignas.com.mx\/wp-content\/uploads\/2023\/08\/1000107881-300x200.jpg 300w, https:\/\/fuentesfidedignas.com.mx\/wp-content\/uploads\/2023\/08\/1000107881-768x512.jpg 768w, https:\/\/fuentesfidedignas.com.mx\/wp-content\/uploads\/2023\/08\/1000107881.jpg 1280w\" sizes=\"(max-width: 1024px) 100vw, 1024px\" \/><\/figure>\n\n\n\n<figure class=\"wp-block-image size-large\"><img decoding=\"async\" width=\"1024\" height=\"683\" data-id=\"55240\" src=\"https:\/\/fuentesfidedignas.com.mx\/wp-content\/uploads\/2023\/08\/1000107882-1024x683.jpg\" alt=\"\" class=\"wp-image-55240\" srcset=\"https:\/\/fuentesfidedignas.com.mx\/wp-content\/uploads\/2023\/08\/1000107882-1024x683.jpg 1024w, https:\/\/fuentesfidedignas.com.mx\/wp-content\/uploads\/2023\/08\/1000107882-300x200.jpg 300w, https:\/\/fuentesfidedignas.com.mx\/wp-content\/uploads\/2023\/08\/1000107882-768x512.jpg 768w, https:\/\/fuentesfidedignas.com.mx\/wp-content\/uploads\/2023\/08\/1000107882.jpg 1280w\" sizes=\"(max-width: 1024px) 100vw, 1024px\" \/><\/figure>\n<\/figure>\n\n\n\n<p>El gobernador Rub\u00e9n Rocha Moya especific\u00f3 que dentro de esta brigada se llevar\u00e1 a cabo la implementaci\u00f3n de autoempleo para que los habitantes tengan un salario y puedan trabajar en la construcci\u00f3n de sus propias casas, la cual consistir\u00e1 en jornales temporales. Este programa estar\u00e1 apoyado por una bloquera otorgada por el Sistema DIF Estatal y alba\u00f1iles que dirijan las construcciones.<\/p>\n\n\n\n<p>\u201c<strong>Me van a hacer un levantamiento tambi\u00e9n, que hagan un levantamiento, a la gente hay que contratarla, darle un salario, se lo voy a dar yo, un salario temporal, un empleo temporal para que construyan sus propias cocinas, el ba\u00f1ito que les hace falta y eso lo van a hacer en su casa<\/strong>\u201d, dijo.<\/p>\n\n\n\n<figure class=\"wp-block-gallery has-nested-images columns-default is-cropped wp-block-gallery-2 is-layout-flex wp-block-gallery-is-layout-flex\">\n<figure class=\"wp-block-image size-large\"><img decoding=\"async\" width=\"1024\" height=\"683\" data-id=\"55241\" src=\"https:\/\/fuentesfidedignas.com.mx\/wp-content\/uploads\/2023\/08\/1000107886-1024x683.jpg\" alt=\"\" class=\"wp-image-55241\" srcset=\"https:\/\/fuentesfidedignas.com.mx\/wp-content\/uploads\/2023\/08\/1000107886-1024x683.jpg 1024w, https:\/\/fuentesfidedignas.com.mx\/wp-content\/uploads\/2023\/08\/1000107886-300x200.jpg 300w, https:\/\/fuentesfidedignas.com.mx\/wp-content\/uploads\/2023\/08\/1000107886-768x512.jpg 768w, https:\/\/fuentesfidedignas.com.mx\/wp-content\/uploads\/2023\/08\/1000107886.jpg 1280w\" sizes=\"(max-width: 1024px) 100vw, 1024px\" \/><\/figure>\n\n\n\n<figure class=\"wp-block-image size-large\"><img decoding=\"async\" width=\"1024\" height=\"683\" data-id=\"55242\" src=\"https:\/\/fuentesfidedignas.com.mx\/wp-content\/uploads\/2023\/08\/1000107876-1024x683.jpg\" alt=\"\" class=\"wp-image-55242\" srcset=\"https:\/\/fuentesfidedignas.com.mx\/wp-content\/uploads\/2023\/08\/1000107876-1024x683.jpg 1024w, https:\/\/fuentesfidedignas.com.mx\/wp-content\/uploads\/2023\/08\/1000107876-300x200.jpg 300w, https:\/\/fuentesfidedignas.com.mx\/wp-content\/uploads\/2023\/08\/1000107876-768x512.jpg 768w, https:\/\/fuentesfidedignas.com.mx\/wp-content\/uploads\/2023\/08\/1000107876.jpg 1280w\" sizes=\"(max-width: 1024px) 100vw, 1024px\" \/><\/figure>\n\n\n\n<figure class=\"wp-block-image size-large\"><img decoding=\"async\" width=\"1024\" height=\"682\" data-id=\"55243\" src=\"https:\/\/fuentesfidedignas.com.mx\/wp-content\/uploads\/2023\/08\/1000107878-1024x682.jpg\" alt=\"\" class=\"wp-image-55243\" srcset=\"https:\/\/fuentesfidedignas.com.mx\/wp-content\/uploads\/2023\/08\/1000107878-1024x682.jpg 1024w, https:\/\/fuentesfidedignas.com.mx\/wp-content\/uploads\/2023\/08\/1000107878-300x200.jpg 300w, https:\/\/fuentesfidedignas.com.mx\/wp-content\/uploads\/2023\/08\/1000107878-768x512.jpg 768w, https:\/\/fuentesfidedignas.com.mx\/wp-content\/uploads\/2023\/08\/1000107878-1536x1023.jpg 1536w, https:\/\/fuentesfidedignas.com.mx\/wp-content\/uploads\/2023\/08\/1000107878.jpg 1600w\" sizes=\"(max-width: 1024px) 100vw, 1024px\" \/><\/figure>\n<\/figure>\n\n\n\n<p>Por su parte el Sistema DIF Estatal encabezado por Eneyda Rocha Ruiz otorg\u00f3 colchonetas, catres, cobijas, despensas, estufas acompa\u00f1adas de cilindros de gas, kit de limpiezas, abanicos, agua potable, adem\u00e1s de triciclos y bicicletas para las ni\u00f1as y ni\u00f1os de los poblados.<\/p>\n\n\n\n<p>El habitante de la comunidad de San Jos\u00e9 de las Delicias Sergio \u201cN\u201d, mencion\u00f3 que el gobernador ha estado al frente cumpliendo los compromisos prometidos, como lo es traerlos de vuelta con seguridad hasta sus comunidades.<\/p>\n\n\n\n<p><strong>\u201cLa verdad, est\u00e1 muy bien lo que est\u00e1 proponiendo el gobernador y esperemos que todo se haga realidad, eso esperamos, nos prometi\u00f3 seguridad en primer lugar y esperemos que as\u00ed sea, nos prometi\u00f3 que nos iba a traer ya del albergue y nos iba a brindar seguridad y parece ser que todo va bien, esperemos que siga hacia adelante<\/strong>\u201d, aclar\u00f3.<\/p>\n\n\n\n<figure class=\"wp-block-gallery has-nested-images columns-default is-cropped wp-block-gallery-3 is-layout-flex wp-block-gallery-is-layout-flex\">\n<figure class=\"wp-block-image size-large\"><img decoding=\"async\" width=\"1024\" height=\"684\" data-id=\"55244\" src=\"https:\/\/fuentesfidedignas.com.mx\/wp-content\/uploads\/2023\/08\/1000107873-1024x684.jpg\" alt=\"\" class=\"wp-image-55244\" srcset=\"https:\/\/fuentesfidedignas.com.mx\/wp-content\/uploads\/2023\/08\/1000107873-1024x684.jpg 1024w, https:\/\/fuentesfidedignas.com.mx\/wp-content\/uploads\/2023\/08\/1000107873-300x200.jpg 300w, https:\/\/fuentesfidedignas.com.mx\/wp-content\/uploads\/2023\/08\/1000107873-768x513.jpg 768w, https:\/\/fuentesfidedignas.com.mx\/wp-content\/uploads\/2023\/08\/1000107873-1536x1025.jpg 1536w, https:\/\/fuentesfidedignas.com.mx\/wp-content\/uploads\/2023\/08\/1000107873.jpg 1600w\" sizes=\"(max-width: 1024px) 100vw, 1024px\" \/><\/figure>\n\n\n\n<figure class=\"wp-block-image size-large\"><img decoding=\"async\" width=\"1024\" height=\"683\" data-id=\"55245\" src=\"https:\/\/fuentesfidedignas.com.mx\/wp-content\/uploads\/2023\/08\/1000107869-1024x683.jpg\" alt=\"\" class=\"wp-image-55245\" srcset=\"https:\/\/fuentesfidedignas.com.mx\/wp-content\/uploads\/2023\/08\/1000107869-1024x683.jpg 1024w, https:\/\/fuentesfidedignas.com.mx\/wp-content\/uploads\/2023\/08\/1000107869-300x200.jpg 300w, https:\/\/fuentesfidedignas.com.mx\/wp-content\/uploads\/2023\/08\/1000107869-768x512.jpg 768w, https:\/\/fuentesfidedignas.com.mx\/wp-content\/uploads\/2023\/08\/1000107869.jpg 1280w\" sizes=\"(max-width: 1024px) 100vw, 1024px\" \/><\/figure>\n\n\n\n<figure class=\"wp-block-image size-large\"><img decoding=\"async\" width=\"1024\" height=\"682\" data-id=\"55247\" src=\"https:\/\/fuentesfidedignas.com.mx\/wp-content\/uploads\/2023\/08\/1000107870-1024x682.jpg\" alt=\"\" class=\"wp-image-55247\" srcset=\"https:\/\/fuentesfidedignas.com.mx\/wp-content\/uploads\/2023\/08\/1000107870-1024x682.jpg 1024w, https:\/\/fuentesfidedignas.com.mx\/wp-content\/uploads\/2023\/08\/1000107870-300x200.jpg 300w, https:\/\/fuentesfidedignas.com.mx\/wp-content\/uploads\/2023\/08\/1000107870-768x512.jpg 768w, https:\/\/fuentesfidedignas.com.mx\/wp-content\/uploads\/2023\/08\/1000107870-1536x1023.jpg 1536w, https:\/\/fuentesfidedignas.com.mx\/wp-content\/uploads\/2023\/08\/1000107870.jpg 1600w\" sizes=\"(max-width: 1024px) 100vw, 1024px\" \/><\/figure>\n\n\n\n<figure class=\"wp-block-image size-large\"><img decoding=\"async\" width=\"1024\" height=\"683\" data-id=\"55246\" src=\"https:\/\/fuentesfidedignas.com.mx\/wp-content\/uploads\/2023\/08\/1000107871-1024x683.jpg\" alt=\"\" class=\"wp-image-55246\" srcset=\"https:\/\/fuentesfidedignas.com.mx\/wp-content\/uploads\/2023\/08\/1000107871-1024x683.jpg 1024w, https:\/\/fuentesfidedignas.com.mx\/wp-content\/uploads\/2023\/08\/1000107871-300x200.jpg 300w, https:\/\/fuentesfidedignas.com.mx\/wp-content\/uploads\/2023\/08\/1000107871-768x512.jpg 768w, https:\/\/fuentesfidedignas.com.mx\/wp-content\/uploads\/2023\/08\/1000107871.jpg 1280w\" sizes=\"(max-width: 1024px) 100vw, 1024px\" \/><\/figure>\n<\/figure>\n\n\n\n<p>En esta visita el gobernador estuvo acompa\u00f1ado por el secretario General de Gobierno Enrique Inzunza C\u00e1zarez, la titular del Sistema DIF Estatal Eneyda Rocha Ruiz, el secretario de Administraci\u00f3n y Finanzas Enrique D\u00edaz Vega, la secretaria de SEBIDES Mar\u00eda In\u00e9s P\u00e9rez Corral, el secretario de Seguridad P\u00fablica Crist\u00f3bal Casta\u00f1eda Camarillo, el General Alfredo Salgado Vargas comandante de la 9\/a Zona Militar, Comisario Estatal de la Guardia Nacional en Sinaloa Brigadier Fructuoso L\u00f3pez Vallejo, as\u00ed como los presidentes de los municipios de Salvador Alvarado Armando Camacho y de Sinaloa Rolando Mercado y directores de organismos como CEAPAS, ISIFE y CONALEP quienes recogieron las solicitudes de las personas y dieron respuesta de manera inmediata.<\/p>\n","protected":false},"excerpt":{"rendered":"<p>Titulares de los mandos del Ej\u00e9rcito y Guardia Nacional, del Gabinete Estatal y Ampliado y autoridades de los municipios de Sinaloa y Salvador Alvarado acompa\u00f1aron al mandatario estatal en la Brigada Especial Rocha instruy\u00f3 a las y los distintos titulares de las secretar\u00edas a trabajar a profundidad para la restauraci\u00f3n de los poblados. San Jos\u00e9 [&hellip;]<\/p>\n","protected":false},"author":4,"featured_media":55249,"comment_status":"open","ping_status":"open","sticky":false,"template":"","format":"standard","meta":{"tdm_status":"","tdm_grid_status":"","footnotes":""},"categories":[37,1],"tags":[],"class_list":{"0":"post-55236","1":"post","2":"type-post","3":"status-publish","4":"format-standard","5":"has-post-thumbnail","7":"category-nota-principal","8":"category-sin-categoria"},"yoast_head":"<!-- This site is optimized with the Yoast SEO plugin v27.5 - https:\/\/yoast.com\/product\/yoast-seo-wordpress\/ -->\n<title>Rocha encabeza brigada especial de apoyo inmediato en Sinaloa Municipio - Fuentes Fidedignas<\/title>\n<meta name=\"robots\" content=\"index, follow, max-snippet:-1, max-image-preview:large, max-video-preview:-1\" \/>\n<link rel=\"canonical\" href=\"https:\/\/fuentesfidedignas.com.mx\/index.php\/2023\/08\/12\/rocha-encabeza-brigada-especial-de-apoyo-inmediato-en-sinaloa-municipio\/\" \/>\n<meta property=\"og:locale\" content=\"es_MX\" \/>\n<meta property=\"og:type\" content=\"article\" \/>\n<meta property=\"og:title\" content=\"Rocha encabeza brigada especial de apoyo inmediato en Sinaloa Municipio - Fuentes Fidedignas\" \/>\n<meta property=\"og:description\" content=\"Titulares de los mandos del Ej\u00e9rcito y Guardia Nacional, del Gabinete Estatal y Ampliado y autoridades de los municipios de Sinaloa y Salvador Alvarado acompa\u00f1aron al mandatario estatal en la Brigada Especial Rocha instruy\u00f3 a las y los distintos titulares de las secretar\u00edas a trabajar a profundidad para la restauraci\u00f3n de los poblados. San Jos\u00e9 [&hellip;]\" \/>\n<meta property=\"og:url\" content=\"https:\/\/fuentesfidedignas.com.mx\/index.php\/2023\/08\/12\/rocha-encabeza-brigada-especial-de-apoyo-inmediato-en-sinaloa-municipio\/\" \/>\n<meta property=\"og:site_name\" content=\"Fuentes Fidedignas\" \/>\n<meta property=\"article:publisher\" content=\"https:\/\/www.facebook.com\/Fuentes-Fidedignas-368234489921644\" \/>\n<meta property=\"article:published_time\" content=\"2023-08-12T22:32:19+00:00\" \/>\n<meta property=\"article:modified_time\" content=\"2023-08-12T22:33:02+00:00\" \/>\n<meta property=\"og:image\" content=\"https:\/\/fuentesfidedignas.com.mx\/wp-content\/uploads\/2023\/08\/IMG-20230812-WA0030.jpg\" \/>\n\t<meta property=\"og:image:width\" content=\"1280\" \/>\n\t<meta property=\"og:image:height\" content=\"854\" \/>\n\t<meta property=\"og:image:type\" content=\"image\/jpeg\" \/>\n<meta name=\"author\" content=\"Redacci\u00f3n\" \/>\n<meta name=\"twitter:card\" content=\"summary_large_image\" \/>\n<meta name=\"twitter:creator\" content=\"@fidedignas\" \/>\n<meta name=\"twitter:site\" content=\"@fidedignas\" \/>\n<meta name=\"twitter:label1\" content=\"Escrito por\" \/>\n\t<meta name=\"twitter:data1\" content=\"Redacci\u00f3n\" \/>\n\t<meta name=\"twitter:label2\" content=\"Tiempo de lectura\" \/>\n\t<meta name=\"twitter:data2\" content=\"5 minutos\" \/>\n<script type=\"application\/ld+json\" class=\"yoast-schema-graph\">{\"@context\":\"https:\\\/\\\/schema.org\",\"@graph\":[{\"@type\":\"Article\",\"@id\":\"https:\\\/\\\/fuentesfidedignas.com.mx\\\/index.php\\\/2023\\\/08\\\/12\\\/rocha-encabeza-brigada-especial-de-apoyo-inmediato-en-sinaloa-municipio\\\/#article\",\"isPartOf\":{\"@id\":\"https:\\\/\\\/fuentesfidedignas.com.mx\\\/index.php\\\/2023\\\/08\\\/12\\\/rocha-encabeza-brigada-especial-de-apoyo-inmediato-en-sinaloa-municipio\\\/\"},\"author\":{\"name\":\"Redacci\u00f3n\",\"@id\":\"https:\\\/\\\/fuentesfidedignas.com.mx\\\/#\\\/schema\\\/person\\\/331be9283d37198e2acd5750279085b0\"},\"headline\":\"Rocha encabeza brigada especial de apoyo inmediato en Sinaloa Municipio\",\"datePublished\":\"2023-08-12T22:32:19+00:00\",\"dateModified\":\"2023-08-12T22:33:02+00:00\",\"mainEntityOfPage\":{\"@id\":\"https:\\\/\\\/fuentesfidedignas.com.mx\\\/index.php\\\/2023\\\/08\\\/12\\\/rocha-encabeza-brigada-especial-de-apoyo-inmediato-en-sinaloa-municipio\\\/\"},\"wordCount\":564,\"commentCount\":0,\"publisher\":{\"@id\":\"https:\\\/\\\/fuentesfidedignas.com.mx\\\/#organization\"},\"image\":{\"@id\":\"https:\\\/\\\/fuentesfidedignas.com.mx\\\/index.php\\\/2023\\\/08\\\/12\\\/rocha-encabeza-brigada-especial-de-apoyo-inmediato-en-sinaloa-municipio\\\/#primaryimage\"},\"thumbnailUrl\":\"https:\\\/\\\/fuentesfidedignas.com.mx\\\/wp-content\\\/uploads\\\/2023\\\/08\\\/IMG-20230812-WA0030.jpg\",\"articleSection\":[\"NOTA PRINCIPAL\"],\"inLanguage\":\"es\",\"potentialAction\":[{\"@type\":\"CommentAction\",\"name\":\"Comment\",\"target\":[\"https:\\\/\\\/fuentesfidedignas.com.mx\\\/index.php\\\/2023\\\/08\\\/12\\\/rocha-encabeza-brigada-especial-de-apoyo-inmediato-en-sinaloa-municipio\\\/#respond\"]}]},{\"@type\":\"WebPage\",\"@id\":\"https:\\\/\\\/fuentesfidedignas.com.mx\\\/index.php\\\/2023\\\/08\\\/12\\\/rocha-encabeza-brigada-especial-de-apoyo-inmediato-en-sinaloa-municipio\\\/\",\"url\":\"https:\\\/\\\/fuentesfidedignas.com.mx\\\/index.php\\\/2023\\\/08\\\/12\\\/rocha-encabeza-brigada-especial-de-apoyo-inmediato-en-sinaloa-municipio\\\/\",\"name\":\"Rocha encabeza brigada especial de apoyo inmediato en Sinaloa Municipio - Fuentes Fidedignas\",\"isPartOf\":{\"@id\":\"https:\\\/\\\/fuentesfidedignas.com.mx\\\/#website\"},\"primaryImageOfPage\":{\"@id\":\"https:\\\/\\\/fuentesfidedignas.com.mx\\\/index.php\\\/2023\\\/08\\\/12\\\/rocha-encabeza-brigada-especial-de-apoyo-inmediato-en-sinaloa-municipio\\\/#primaryimage\"},\"image\":{\"@id\":\"https:\\\/\\\/fuentesfidedignas.com.mx\\\/index.php\\\/2023\\\/08\\\/12\\\/rocha-encabeza-brigada-especial-de-apoyo-inmediato-en-sinaloa-municipio\\\/#primaryimage\"},\"thumbnailUrl\":\"https:\\\/\\\/fuentesfidedignas.com.mx\\\/wp-content\\\/uploads\\\/2023\\\/08\\\/IMG-20230812-WA0030.jpg\",\"datePublished\":\"2023-08-12T22:32:19+00:00\",\"dateModified\":\"2023-08-12T22:33:02+00:00\",\"breadcrumb\":{\"@id\":\"https:\\\/\\\/fuentesfidedignas.com.mx\\\/index.php\\\/2023\\\/08\\\/12\\\/rocha-encabeza-brigada-especial-de-apoyo-inmediato-en-sinaloa-municipio\\\/#breadcrumb\"},\"inLanguage\":\"es\",\"potentialAction\":[{\"@type\":\"ReadAction\",\"target\":[\"https:\\\/\\\/fuentesfidedignas.com.mx\\\/index.php\\\/2023\\\/08\\\/12\\\/rocha-encabeza-brigada-especial-de-apoyo-inmediato-en-sinaloa-municipio\\\/\"]}]},{\"@type\":\"ImageObject\",\"inLanguage\":\"es\",\"@id\":\"https:\\\/\\\/fuentesfidedignas.com.mx\\\/index.php\\\/2023\\\/08\\\/12\\\/rocha-encabeza-brigada-especial-de-apoyo-inmediato-en-sinaloa-municipio\\\/#primaryimage\",\"url\":\"https:\\\/\\\/fuentesfidedignas.com.mx\\\/wp-content\\\/uploads\\\/2023\\\/08\\\/IMG-20230812-WA0030.jpg\",\"contentUrl\":\"https:\\\/\\\/fuentesfidedignas.com.mx\\\/wp-content\\\/uploads\\\/2023\\\/08\\\/IMG-20230812-WA0030.jpg\",\"width\":1280,\"height\":854},{\"@type\":\"BreadcrumbList\",\"@id\":\"https:\\\/\\\/fuentesfidedignas.com.mx\\\/index.php\\\/2023\\\/08\\\/12\\\/rocha-encabeza-brigada-especial-de-apoyo-inmediato-en-sinaloa-municipio\\\/#breadcrumb\",\"itemListElement\":[{\"@type\":\"ListItem\",\"position\":1,\"name\":\"Inicio\",\"item\":\"https:\\\/\\\/fuentesfidedignas.com.mx\\\/\"},{\"@type\":\"ListItem\",\"position\":2,\"name\":\"Rocha encabeza brigada especial de apoyo inmediato en Sinaloa Municipio\"}]},{\"@type\":\"WebSite\",\"@id\":\"https:\\\/\\\/fuentesfidedignas.com.mx\\\/#website\",\"url\":\"https:\\\/\\\/fuentesfidedignas.com.mx\\\/\",\"name\":\"Fuentes Fidedignas\",\"description\":\"Otro sitio realizado con WordPress\",\"publisher\":{\"@id\":\"https:\\\/\\\/fuentesfidedignas.com.mx\\\/#organization\"},\"potentialAction\":[{\"@type\":\"SearchAction\",\"target\":{\"@type\":\"EntryPoint\",\"urlTemplate\":\"https:\\\/\\\/fuentesfidedignas.com.mx\\\/?s={search_term_string}\"},\"query-input\":{\"@type\":\"PropertyValueSpecification\",\"valueRequired\":true,\"valueName\":\"search_term_string\"}}],\"inLanguage\":\"es\"},{\"@type\":\"Organization\",\"@id\":\"https:\\\/\\\/fuentesfidedignas.com.mx\\\/#organization\",\"name\":\"Fuentes Fidedignas\",\"url\":\"https:\\\/\\\/fuentesfidedignas.com.mx\\\/\",\"logo\":{\"@type\":\"ImageObject\",\"inLanguage\":\"es\",\"@id\":\"https:\\\/\\\/fuentesfidedignas.com.mx\\\/#\\\/schema\\\/logo\\\/image\\\/\",\"url\":\"https:\\\/\\\/fuentesfidedignas.com.mx\\\/wp-content\\\/uploads\\\/2021\\\/04\\\/logo-retina.png\",\"contentUrl\":\"https:\\\/\\\/fuentesfidedignas.com.mx\\\/wp-content\\\/uploads\\\/2021\\\/04\\\/logo-retina.png\",\"width\":280,\"height\":51,\"caption\":\"Fuentes Fidedignas\"},\"image\":{\"@id\":\"https:\\\/\\\/fuentesfidedignas.com.mx\\\/#\\\/schema\\\/logo\\\/image\\\/\"},\"sameAs\":[\"https:\\\/\\\/www.facebook.com\\\/Fuentes-Fidedignas-368234489921644\",\"https:\\\/\\\/x.com\\\/fidedignas\"]},{\"@type\":\"Person\",\"@id\":\"https:\\\/\\\/fuentesfidedignas.com.mx\\\/#\\\/schema\\\/person\\\/331be9283d37198e2acd5750279085b0\",\"name\":\"Redacci\u00f3n\",\"image\":{\"@type\":\"ImageObject\",\"inLanguage\":\"es\",\"@id\":\"https:\\\/\\\/secure.gravatar.com\\\/avatar\\\/f6d8782c11d12b2d4ad3fbb6931aeab5309937a4d6cd2fc9cfaa28a6396a5aec?s=96&d=mm&r=g\",\"url\":\"https:\\\/\\\/secure.gravatar.com\\\/avatar\\\/f6d8782c11d12b2d4ad3fbb6931aeab5309937a4d6cd2fc9cfaa28a6396a5aec?s=96&d=mm&r=g\",\"contentUrl\":\"https:\\\/\\\/secure.gravatar.com\\\/avatar\\\/f6d8782c11d12b2d4ad3fbb6931aeab5309937a4d6cd2fc9cfaa28a6396a5aec?s=96&d=mm&r=g\",\"caption\":\"Redacci\u00f3n\"},\"url\":\"https:\\\/\\\/fuentesfidedignas.com.mx\\\/index.php\\\/author\\\/redaccion\\\/\"}]}<\/script>\n<!-- \/ Yoast SEO plugin. -->","yoast_head_json":{"title":"Rocha encabeza brigada especial de apoyo inmediato en Sinaloa Municipio - Fuentes Fidedignas","robots":{"index":"index","follow":"follow","max-snippet":"max-snippet:-1","max-image-preview":"max-image-preview:large","max-video-preview":"max-video-preview:-1"},"canonical":"https:\/\/fuentesfidedignas.com.mx\/index.php\/2023\/08\/12\/rocha-encabeza-brigada-especial-de-apoyo-inmediato-en-sinaloa-municipio\/","og_locale":"es_MX","og_type":"article","og_title":"Rocha encabeza brigada especial de apoyo inmediato en Sinaloa Municipio - Fuentes Fidedignas","og_description":"Titulares de los mandos del Ej\u00e9rcito y Guardia Nacional, del Gabinete Estatal y Ampliado y autoridades de los municipios de Sinaloa y Salvador Alvarado acompa\u00f1aron al mandatario estatal en la Brigada Especial Rocha instruy\u00f3 a las y los distintos titulares de las secretar\u00edas a trabajar a profundidad para la restauraci\u00f3n de los poblados. San Jos\u00e9 [&hellip;]","og_url":"https:\/\/fuentesfidedignas.com.mx\/index.php\/2023\/08\/12\/rocha-encabeza-brigada-especial-de-apoyo-inmediato-en-sinaloa-municipio\/","og_site_name":"Fuentes Fidedignas","article_publisher":"https:\/\/www.facebook.com\/Fuentes-Fidedignas-368234489921644","article_published_time":"2023-08-12T22:32:19+00:00","article_modified_time":"2023-08-12T22:33:02+00:00","og_image":[{"width":1280,"height":854,"url":"https:\/\/fuentesfidedignas.com.mx\/wp-content\/uploads\/2023\/08\/IMG-20230812-WA0030.jpg","type":"image\/jpeg"}],"author":"Redacci\u00f3n","twitter_card":"summary_large_image","twitter_creator":"@fidedignas","twitter_site":"@fidedignas","twitter_misc":{"Escrito por":"Redacci\u00f3n","Tiempo de lectura":"5 minutos"},"schema":{"@context":"https:\/\/schema.org","@graph":[{"@type":"Article","@id":"https:\/\/fuentesfidedignas.com.mx\/index.php\/2023\/08\/12\/rocha-encabeza-brigada-especial-de-apoyo-inmediato-en-sinaloa-municipio\/#article","isPartOf":{"@id":"https:\/\/fuentesfidedignas.com.mx\/index.php\/2023\/08\/12\/rocha-encabeza-brigada-especial-de-apoyo-inmediato-en-sinaloa-municipio\/"},"author":{"name":"Redacci\u00f3n","@id":"https:\/\/fuentesfidedignas.com.mx\/#\/schema\/person\/331be9283d37198e2acd5750279085b0"},"headline":"Rocha encabeza brigada especial de apoyo inmediato en Sinaloa Municipio","datePublished":"2023-08-12T22:32:19+00:00","dateModified":"2023-08-12T22:33:02+00:00","mainEntityOfPage":{"@id":"https:\/\/fuentesfidedignas.com.mx\/index.php\/2023\/08\/12\/rocha-encabeza-brigada-especial-de-apoyo-inmediato-en-sinaloa-municipio\/"},"wordCount":564,"commentCount":0,"publisher":{"@id":"https:\/\/fuentesfidedignas.com.mx\/#organization"},"image":{"@id":"https:\/\/fuentesfidedignas.com.mx\/index.php\/2023\/08\/12\/rocha-encabeza-brigada-especial-de-apoyo-inmediato-en-sinaloa-municipio\/#primaryimage"},"thumbnailUrl":"https:\/\/fuentesfidedignas.com.mx\/wp-content\/uploads\/2023\/08\/IMG-20230812-WA0030.jpg","articleSection":["NOTA PRINCIPAL"],"inLanguage":"es","potentialAction":[{"@type":"CommentAction","name":"Comment","target":["https:\/\/fuentesfidedignas.com.mx\/index.php\/2023\/08\/12\/rocha-encabeza-brigada-especial-de-apoyo-inmediato-en-sinaloa-municipio\/#respond"]}]},{"@type":"WebPage","@id":"https:\/\/fuentesfidedignas.com.mx\/index.php\/2023\/08\/12\/rocha-encabeza-brigada-especial-de-apoyo-inmediato-en-sinaloa-municipio\/","url":"https:\/\/fuentesfidedignas.com.mx\/index.php\/2023\/08\/12\/rocha-encabeza-brigada-especial-de-apoyo-inmediato-en-sinaloa-municipio\/","name":"Rocha encabeza brigada especial de apoyo inmediato en Sinaloa Municipio - Fuentes Fidedignas","isPartOf":{"@id":"https:\/\/fuentesfidedignas.com.mx\/#website"},"primaryImageOfPage":{"@id":"https:\/\/fuentesfidedignas.com.mx\/index.php\/2023\/08\/12\/rocha-encabeza-brigada-especial-de-apoyo-inmediato-en-sinaloa-municipio\/#primaryimage"},"image":{"@id":"https:\/\/fuentesfidedignas.com.mx\/index.php\/2023\/08\/12\/rocha-encabeza-brigada-especial-de-apoyo-inmediato-en-sinaloa-municipio\/#primaryimage"},"thumbnailUrl":"https:\/\/fuentesfidedignas.com.mx\/wp-content\/uploads\/2023\/08\/IMG-20230812-WA0030.jpg","datePublished":"2023-08-12T22:32:19+00:00","dateModified":"2023-08-12T22:33:02+00:00","breadcrumb":{"@id":"https:\/\/fuentesfidedignas.com.mx\/index.php\/2023\/08\/12\/rocha-encabeza-brigada-especial-de-apoyo-inmediato-en-sinaloa-municipio\/#breadcrumb"},"inLanguage":"es","potentialAction":[{"@type":"ReadAction","target":["https:\/\/fuentesfidedignas.com.mx\/index.php\/2023\/08\/12\/rocha-encabeza-brigada-especial-de-apoyo-inmediato-en-sinaloa-municipio\/"]}]},{"@type":"ImageObject","inLanguage":"es","@id":"https:\/\/fuentesfidedignas.com.mx\/index.php\/2023\/08\/12\/rocha-encabeza-brigada-especial-de-apoyo-inmediato-en-sinaloa-municipio\/#primaryimage","url":"https:\/\/fuentesfidedignas.com.mx\/wp-content\/uploads\/2023\/08\/IMG-20230812-WA0030.jpg","contentUrl":"https:\/\/fuentesfidedignas.com.mx\/wp-content\/uploads\/2023\/08\/IMG-20230812-WA0030.jpg","width":1280,"height":854},{"@type":"BreadcrumbList","@id":"https:\/\/fuentesfidedignas.com.mx\/index.php\/2023\/08\/12\/rocha-encabeza-brigada-especial-de-apoyo-inmediato-en-sinaloa-municipio\/#breadcrumb","itemListElement":[{"@type":"ListItem","position":1,"name":"Inicio","item":"https:\/\/fuentesfidedignas.com.mx\/"},{"@type":"ListItem","position":2,"name":"Rocha encabeza brigada especial de apoyo inmediato en Sinaloa Municipio"}]},{"@type":"WebSite","@id":"https:\/\/fuentesfidedignas.com.mx\/#website","url":"https:\/\/fuentesfidedignas.com.mx\/","name":"Fuentes Fidedignas","description":"Otro sitio realizado con WordPress","publisher":{"@id":"https:\/\/fuentesfidedignas.com.mx\/#organization"},"potentialAction":[{"@type":"SearchAction","target":{"@type":"EntryPoint","urlTemplate":"https:\/\/fuentesfidedignas.com.mx\/?s={search_term_string}"},"query-input":{"@type":"PropertyValueSpecification","valueRequired":true,"valueName":"search_term_string"}}],"inLanguage":"es"},{"@type":"Organization","@id":"https:\/\/fuentesfidedignas.com.mx\/#organization","name":"Fuentes Fidedignas","url":"https:\/\/fuentesfidedignas.com.mx\/","logo":{"@type":"ImageObject","inLanguage":"es","@id":"https:\/\/fuentesfidedignas.com.mx\/#\/schema\/logo\/image\/","url":"https:\/\/fuentesfidedignas.com.mx\/wp-content\/uploads\/2021\/04\/logo-retina.png","contentUrl":"https:\/\/fuentesfidedignas.com.mx\/wp-content\/uploads\/2021\/04\/logo-retina.png","width":280,"height":51,"caption":"Fuentes Fidedignas"},"image":{"@id":"https:\/\/fuentesfidedignas.com.mx\/#\/schema\/logo\/image\/"},"sameAs":["https:\/\/www.facebook.com\/Fuentes-Fidedignas-368234489921644","https:\/\/x.com\/fidedignas"]},{"@type":"Person","@id":"https:\/\/fuentesfidedignas.com.mx\/#\/schema\/person\/331be9283d37198e2acd5750279085b0","name":"Redacci\u00f3n","image":{"@type":"ImageObject","inLanguage":"es","@id":"https:\/\/secure.gravatar.com\/avatar\/f6d8782c11d12b2d4ad3fbb6931aeab5309937a4d6cd2fc9cfaa28a6396a5aec?s=96&d=mm&r=g","url":"https:\/\/secure.gravatar.com\/avatar\/f6d8782c11d12b2d4ad3fbb6931aeab5309937a4d6cd2fc9cfaa28a6396a5aec?s=96&d=mm&r=g","contentUrl":"https:\/\/secure.gravatar.com\/avatar\/f6d8782c11d12b2d4ad3fbb6931aeab5309937a4d6cd2fc9cfaa28a6396a5aec?s=96&d=mm&r=g","caption":"Redacci\u00f3n"},"url":"https:\/\/fuentesfidedignas.com.mx\/index.php\/author\/redaccion\/"}]}},"_links":{"self":[{"href":"https:\/\/fuentesfidedignas.com.mx\/index.php\/wp-json\/wp\/v2\/posts\/55236","targetHints":{"allow":["GET"]}}],"collection":[{"href":"https:\/\/fuentesfidedignas.com.mx\/index.php\/wp-json\/wp\/v2\/posts"}],"about":[{"href":"https:\/\/fuentesfidedignas.com.mx\/index.php\/wp-json\/wp\/v2\/types\/post"}],"author":[{"embeddable":true,"href":"https:\/\/fuentesfidedignas.com.mx\/index.php\/wp-json\/wp\/v2\/users\/4"}],"replies":[{"embeddable":true,"href":"https:\/\/fuentesfidedignas.com.mx\/index.php\/wp-json\/wp\/v2\/comments?post=55236"}],"version-history":[{"count":1,"href":"https:\/\/fuentesfidedignas.com.mx\/index.php\/wp-json\/wp\/v2\/posts\/55236\/revisions"}],"predecessor-version":[{"id":55248,"href":"https:\/\/fuentesfidedignas.com.mx\/index.php\/wp-json\/wp\/v2\/posts\/55236\/revisions\/55248"}],"wp:featuredmedia":[{"embeddable":true,"href":"https:\/\/fuentesfidedignas.com.mx\/index.php\/wp-json\/wp\/v2\/media\/55249"}],"wp:attachment":[{"href":"https:\/\/fuentesfidedignas.com.mx\/index.php\/wp-json\/wp\/v2\/media?parent=55236"}],"wp:term":[{"taxonomy":"category","embeddable":true,"href":"https:\/\/fuentesfidedignas.com.mx\/index.php\/wp-json\/wp\/v2\/categories?post=55236"},{"taxonomy":"post_tag","embeddable":true,"href":"https:\/\/fuentesfidedignas.com.mx\/index.php\/wp-json\/wp\/v2\/tags?post=55236"}],"curies":[{"name":"wp","href":"https:\/\/api.w.org\/{rel}","templated":true}]}}