{"id":55223,"date":"2023-08-12T11:38:52","date_gmt":"2023-08-12T18:38:52","guid":{"rendered":"https:\/\/fuentesfidedignas.com.mx\/?p=55223"},"modified":"2023-08-12T13:40:01","modified_gmt":"2023-08-12T20:40:01","slug":"prd-se-reincorpora-al-frente-amplio-por-mexico-deja-solos-a-silvano-y-mancera","status":"publish","type":"post","link":"https:\/\/fuentesfidedignas.com.mx\/index.php\/2023\/08\/12\/prd-se-reincorpora-al-frente-amplio-por-mexico-deja-solos-a-silvano-y-mancera\/","title":{"rendered":"PRD se reincorpora al Frente Amplio por M\u00e9xico; deja solos a Silvano y Mancera"},"content":{"rendered":"\n<p><br \/>&#8216;<strong><em>Necesitamos construir esa nueva mayor\u00eda para ganar el 2024 y sacar a estos (los de Morena) que est\u00e1n haci\u00e9ndole tanto da\u00f1o al pa\u00eds&#8217;, dijo Jes\u00fas Zambrano<\/em><\/strong><\/p>\n\n\n\n<p>Ciudad de M\u00e9xico. El PRD se reincorpor\u00f3 al\u00a0<strong>Frente Amplio por M\u00e9xico (FAM)<\/strong>, en el cual participan PAN y PRI, luego de que los perredistas anunciaran el jueves de semana que decretaban una \u201cpausa\u201d en los trabajos de la coalici\u00f3n opositora.<\/p>\n\n\n\n<blockquote class=\"wp-block-quote is-layout-flow wp-block-quote-is-layout-flow\">\n<p>\u201cNecesitamos construir esa nueva mayor\u00eda para ganar el 2024 y sacar a estos (los de Morena) que est\u00e1n haci\u00e9ndole tanto da\u00f1o al pa\u00eds. Por eso el PRD se mantiene firme en el Frente Amplio por M\u00e9xico\u201d, se\u00f1al\u00f3 el l\u00edder perredista Jes\u00fas Zambrano Grijalva, a trav\u00e9s de un video.<\/p>\n<\/blockquote>\n\n\n\n<figure class=\"wp-block-embed is-type-rich is-provider-twitter wp-block-embed-twitter\"><div class=\"wp-block-embed__wrapper\">\n<blockquote class=\"twitter-tweet\" data-width=\"550\" data-dnt=\"true\"><p lang=\"es\" dir=\"ltr\">El <a href=\"https:\/\/twitter.com\/PRDMexico?ref_src=twsrc%5Etfw\">@PRDMexico<\/a> se mantiene firme en el <a href=\"https:\/\/twitter.com\/hashtag\/FrenteAmplioPorMexico?src=hash&amp;ref_src=twsrc%5Etfw\">#FrenteAmplioPorMexico<\/a>, estamos esperando las aclaraciones suficientes para seguir caminando en este prop\u00f3sito de construir una nueva mayor\u00eda. \u00a1No seremos los esquiroles que le hagan el juego a Morena!. <a href=\"https:\/\/t.co\/6tSCMNeFAw\">pic.twitter.com\/6tSCMNeFAw<\/a><\/p>&mdash; Jes\u00fas Zambrano (@Jesus_ZambranoG) <a href=\"https:\/\/twitter.com\/Jesus_ZambranoG\/status\/1690384817240649728?ref_src=twsrc%5Etfw\">August 12, 2023<\/a><\/blockquote><script async src=\"https:\/\/platform.twitter.com\/widgets.js\" charset=\"utf-8\"><\/script>\n<\/div><\/figure>\n\n\n\n<p>La separaci\u00f3n de dos d\u00edas del partido del sol azteca del frente opositor tuvo lugar luego de que el Comit\u00e9 Organizador del FAM, dejara fuera en la contienda interna para designar aspirante presidencial, al senador Miguel \u00c1ngel Mancera y al ex gobernador de Michoac\u00e1n, Silvano Aureoles.<\/p>\n\n\n\n<p>Ambos no pasaron a la siguiente etapa del proceso interno porque, si bien, obtuvieron m\u00e1s de 150 mil firmas de apoyo, \u00e9stas no ten\u00edan una dispersi\u00f3n en al menos 17 entidades del pa\u00eds, como lo establec\u00eda la convocatoria.<\/p>\n\n\n\n<p>El pasado jueves durante la realizaci\u00f3n del primer foro de propuestas de los aspirantes presidenciales del FAM, X\u00f3chitl G\u00e1lvez, Beatriz Paredes, Santiago Creel y Enrique de la Madrid llamaron al PRD a regresar al frente opositor.<\/p>\n\n\n\n<p>Este s\u00e1bado, trav\u00e9s de un video publicado en redes sociales, el l\u00edder nacional del perredista, Jes\u00fas Zambrano, se\u00f1al\u00f3 que su partido aceptaba el ofrecimiento de los l\u00edderes del PAN, Marko Cort\u00e9s, y del PRI, Alejandro Moreno C\u00e1rdenas para revisar el proceso de recolecci\u00f3n de firmas de apoyo.<\/p>\n\n\n\n<blockquote class=\"wp-block-quote is-layout-flow wp-block-quote-is-layout-flow\">\n<p>\u201cEstamos esperando informaciones y aclaraciones suficientes para seguir caminando con mucha confianza y con mucha firmeza en este prop\u00f3sito de construir una nueva mayor\u00eda. No seremos los esquiroles que le hagan el juego a Morena\u201d, indic\u00f3 Zambrano.<\/p>\n<\/blockquote>\n\n\n\n<p>El dirigente nacional del PRD dijo que su partido fue impulsor del Frente Amplio para construir una nueva mayor\u00eda entre los partidos de oposici\u00f3n y la sociedad civil y cambiar el rumbo del pa\u00eds.<\/p>\n\n\n\n<blockquote class=\"wp-block-quote is-layout-flow wp-block-quote-is-layout-flow\">\n<p>\u201cD\u00e1ndole confianza a la gran parte de la sociedad que no quiere continuar con este rumbo nefasto que lleva el pa\u00eds impulsado\u201d, expres\u00f3 Zambrano Grijalva.<\/p>\n<\/blockquote>\n\n\n\n<p>Cabe destacar que el m\u00e9todo de selecci\u00f3n del aspirante presidencial del Frente Amplio por M\u00e9xico, donde se involucr\u00f3 a a la sociedad civil con la recolecci\u00f3n de firmas, para que no solo fuera un acuerdo de la c\u00fapula de los partidos, fue en una propuesta del PRD.<\/p>\n\n\n\n<p>El dirigente nacional del PAN, Marko Cort\u00e9s, inform\u00f3 el pasado jueves que los tres partidos del Frente acordaron pedirle al Comit\u00e9 Organizador del proceso que se revisaran todas las firmas presentadas por quienes pasaron a la siguiente etapa y tambi\u00e9n de quienes quedaron fuera.<\/p>\n\n\n\n<p>La v\u00edspera,&nbsp;<strong>el ex gobernador de Michoac\u00e1n, Silvano Aureoles,<\/strong>&nbsp;hab\u00eda planteado que, al no avanzar tanto \u00e9l como Miguel \u00c1ngel Mancera en el proceso de selecci\u00f3n del Frente Amplio, el PRD deber\u00eda contender solo, sin alianzas, en las elecciones de 2024.<\/p>\n\n\n\n<blockquote class=\"wp-block-quote is-layout-flow wp-block-quote-is-layout-flow\">\n<p>\u201cEl PRD debe ir solo a las elecciones del 2024. Desde Michoac\u00e1n solicitamos a la dirigencia del partido, se convoque de manera urgente al Consejo Nacional de manera presencial para poner a consideraci\u00f3n de la militancia, nuestra permanencia en el Frente Amplio por M\u00e9xico\u201d, se\u00f1al\u00f3 Aureoles Conejo.<\/p>\n<\/blockquote>\n\n\n\n<p>En un sentido similar,&nbsp;<strong>el senador del PRD, Miguel \u00c1ngel Mancera,&nbsp;<\/strong>hab\u00eda se\u00f1alado que el PRD buscar\u00eda una alianza con Movimiento Ciudadano, y ya no con el PAN y el PRI, propuesta que no tuvo respuesta de los emecistas.<\/p>\n","protected":false},"excerpt":{"rendered":"<p>&#8216;Necesitamos construir esa nueva mayor\u00eda para ganar el 2024 y sacar a estos (los de Morena) que est\u00e1n haci\u00e9ndole tanto da\u00f1o al pa\u00eds&#8217;, dijo Jes\u00fas Zambrano Ciudad de M\u00e9xico. El PRD se reincorpor\u00f3 al\u00a0Frente Amplio por M\u00e9xico (FAM), en el cual participan PAN y PRI, luego de que los perredistas anunciaran el jueves de semana [&hellip;]<\/p>\n","protected":false},"author":7,"featured_media":55225,"comment_status":"open","ping_status":"open","sticky":false,"template":"","format":"standard","meta":{"tdm_status":"","tdm_grid_status":"","footnotes":""},"categories":[39,1],"tags":[],"class_list":{"0":"post-55223","1":"post","2":"type-post","3":"status-publish","4":"format-standard","5":"has-post-thumbnail","7":"category-noticias-nacionales","8":"category-sin-categoria"},"yoast_head":"<!-- This site is optimized with the Yoast SEO plugin v27.5 - https:\/\/yoast.com\/product\/yoast-seo-wordpress\/ -->\n<title>PRD se reincorpora al Frente Amplio por M\u00e9xico; deja solos a Silvano y Mancera - Fuentes Fidedignas<\/title>\n<meta name=\"robots\" content=\"index, follow, max-snippet:-1, max-image-preview:large, max-video-preview:-1\" \/>\n<link rel=\"canonical\" href=\"https:\/\/fuentesfidedignas.com.mx\/index.php\/2023\/08\/12\/prd-se-reincorpora-al-frente-amplio-por-mexico-deja-solos-a-silvano-y-mancera\/\" \/>\n<meta property=\"og:locale\" content=\"es_MX\" \/>\n<meta property=\"og:type\" content=\"article\" \/>\n<meta property=\"og:title\" content=\"PRD se reincorpora al Frente Amplio por M\u00e9xico; deja solos a Silvano y Mancera - Fuentes Fidedignas\" \/>\n<meta property=\"og:description\" content=\"&#8216;Necesitamos construir esa nueva mayor\u00eda para ganar el 2024 y sacar a estos (los de Morena) que est\u00e1n haci\u00e9ndole tanto da\u00f1o al pa\u00eds&#8217;, dijo Jes\u00fas Zambrano Ciudad de M\u00e9xico. El PRD se reincorpor\u00f3 al\u00a0Frente Amplio por M\u00e9xico (FAM), en el cual participan PAN y PRI, luego de que los perredistas anunciaran el jueves de semana [&hellip;]\" \/>\n<meta property=\"og:url\" content=\"https:\/\/fuentesfidedignas.com.mx\/index.php\/2023\/08\/12\/prd-se-reincorpora-al-frente-amplio-por-mexico-deja-solos-a-silvano-y-mancera\/\" \/>\n<meta property=\"og:site_name\" content=\"Fuentes Fidedignas\" \/>\n<meta property=\"article:publisher\" content=\"https:\/\/www.facebook.com\/Fuentes-Fidedignas-368234489921644\" \/>\n<meta property=\"article:published_time\" content=\"2023-08-12T18:38:52+00:00\" \/>\n<meta property=\"article:modified_time\" content=\"2023-08-12T20:40:01+00:00\" \/>\n<meta property=\"og:image\" content=\"https:\/\/fuentesfidedignas.com.mx\/wp-content\/uploads\/2023\/08\/2991359.jpg\" \/>\n\t<meta property=\"og:image:width\" content=\"800\" \/>\n\t<meta property=\"og:image:height\" content=\"600\" \/>\n\t<meta property=\"og:image:type\" content=\"image\/jpeg\" \/>\n<meta name=\"author\" content=\"Exc\u00e9lsior\" \/>\n<meta name=\"twitter:card\" content=\"summary_large_image\" \/>\n<meta name=\"twitter:creator\" content=\"@fidedignas\" \/>\n<meta name=\"twitter:site\" content=\"@fidedignas\" \/>\n<meta name=\"twitter:label1\" content=\"Escrito por\" \/>\n\t<meta name=\"twitter:data1\" content=\"Exc\u00e9lsior\" \/>\n\t<meta name=\"twitter:label2\" content=\"Tiempo de lectura\" \/>\n\t<meta name=\"twitter:data2\" content=\"3 minutos\" \/>\n<script type=\"application\/ld+json\" class=\"yoast-schema-graph\">{\"@context\":\"https:\\\/\\\/schema.org\",\"@graph\":[{\"@type\":\"Article\",\"@id\":\"https:\\\/\\\/fuentesfidedignas.com.mx\\\/index.php\\\/2023\\\/08\\\/12\\\/prd-se-reincorpora-al-frente-amplio-por-mexico-deja-solos-a-silvano-y-mancera\\\/#article\",\"isPartOf\":{\"@id\":\"https:\\\/\\\/fuentesfidedignas.com.mx\\\/index.php\\\/2023\\\/08\\\/12\\\/prd-se-reincorpora-al-frente-amplio-por-mexico-deja-solos-a-silvano-y-mancera\\\/\"},\"author\":{\"name\":\"Exc\u00e9lsior\",\"@id\":\"https:\\\/\\\/fuentesfidedignas.com.mx\\\/#\\\/schema\\\/person\\\/ec4edd1fbf5efa3e44fce34fe2787780\"},\"headline\":\"PRD se reincorpora al Frente Amplio por M\u00e9xico; deja solos a Silvano y Mancera\",\"datePublished\":\"2023-08-12T18:38:52+00:00\",\"dateModified\":\"2023-08-12T20:40:01+00:00\",\"mainEntityOfPage\":{\"@id\":\"https:\\\/\\\/fuentesfidedignas.com.mx\\\/index.php\\\/2023\\\/08\\\/12\\\/prd-se-reincorpora-al-frente-amplio-por-mexico-deja-solos-a-silvano-y-mancera\\\/\"},\"wordCount\":686,\"commentCount\":0,\"publisher\":{\"@id\":\"https:\\\/\\\/fuentesfidedignas.com.mx\\\/#organization\"},\"image\":{\"@id\":\"https:\\\/\\\/fuentesfidedignas.com.mx\\\/index.php\\\/2023\\\/08\\\/12\\\/prd-se-reincorpora-al-frente-amplio-por-mexico-deja-solos-a-silvano-y-mancera\\\/#primaryimage\"},\"thumbnailUrl\":\"https:\\\/\\\/fuentesfidedignas.com.mx\\\/wp-content\\\/uploads\\\/2023\\\/08\\\/2991359.jpg\",\"articleSection\":[\"NOTICIAS NACIONALES\"],\"inLanguage\":\"es\",\"potentialAction\":[{\"@type\":\"CommentAction\",\"name\":\"Comment\",\"target\":[\"https:\\\/\\\/fuentesfidedignas.com.mx\\\/index.php\\\/2023\\\/08\\\/12\\\/prd-se-reincorpora-al-frente-amplio-por-mexico-deja-solos-a-silvano-y-mancera\\\/#respond\"]}]},{\"@type\":\"WebPage\",\"@id\":\"https:\\\/\\\/fuentesfidedignas.com.mx\\\/index.php\\\/2023\\\/08\\\/12\\\/prd-se-reincorpora-al-frente-amplio-por-mexico-deja-solos-a-silvano-y-mancera\\\/\",\"url\":\"https:\\\/\\\/fuentesfidedignas.com.mx\\\/index.php\\\/2023\\\/08\\\/12\\\/prd-se-reincorpora-al-frente-amplio-por-mexico-deja-solos-a-silvano-y-mancera\\\/\",\"name\":\"PRD se reincorpora al Frente Amplio por M\u00e9xico; deja solos a Silvano y Mancera - Fuentes Fidedignas\",\"isPartOf\":{\"@id\":\"https:\\\/\\\/fuentesfidedignas.com.mx\\\/#website\"},\"primaryImageOfPage\":{\"@id\":\"https:\\\/\\\/fuentesfidedignas.com.mx\\\/index.php\\\/2023\\\/08\\\/12\\\/prd-se-reincorpora-al-frente-amplio-por-mexico-deja-solos-a-silvano-y-mancera\\\/#primaryimage\"},\"image\":{\"@id\":\"https:\\\/\\\/fuentesfidedignas.com.mx\\\/index.php\\\/2023\\\/08\\\/12\\\/prd-se-reincorpora-al-frente-amplio-por-mexico-deja-solos-a-silvano-y-mancera\\\/#primaryimage\"},\"thumbnailUrl\":\"https:\\\/\\\/fuentesfidedignas.com.mx\\\/wp-content\\\/uploads\\\/2023\\\/08\\\/2991359.jpg\",\"datePublished\":\"2023-08-12T18:38:52+00:00\",\"dateModified\":\"2023-08-12T20:40:01+00:00\",\"breadcrumb\":{\"@id\":\"https:\\\/\\\/fuentesfidedignas.com.mx\\\/index.php\\\/2023\\\/08\\\/12\\\/prd-se-reincorpora-al-frente-amplio-por-mexico-deja-solos-a-silvano-y-mancera\\\/#breadcrumb\"},\"inLanguage\":\"es\",\"potentialAction\":[{\"@type\":\"ReadAction\",\"target\":[\"https:\\\/\\\/fuentesfidedignas.com.mx\\\/index.php\\\/2023\\\/08\\\/12\\\/prd-se-reincorpora-al-frente-amplio-por-mexico-deja-solos-a-silvano-y-mancera\\\/\"]}]},{\"@type\":\"ImageObject\",\"inLanguage\":\"es\",\"@id\":\"https:\\\/\\\/fuentesfidedignas.com.mx\\\/index.php\\\/2023\\\/08\\\/12\\\/prd-se-reincorpora-al-frente-amplio-por-mexico-deja-solos-a-silvano-y-mancera\\\/#primaryimage\",\"url\":\"https:\\\/\\\/fuentesfidedignas.com.mx\\\/wp-content\\\/uploads\\\/2023\\\/08\\\/2991359.jpg\",\"contentUrl\":\"https:\\\/\\\/fuentesfidedignas.com.mx\\\/wp-content\\\/uploads\\\/2023\\\/08\\\/2991359.jpg\",\"width\":800,\"height\":600},{\"@type\":\"BreadcrumbList\",\"@id\":\"https:\\\/\\\/fuentesfidedignas.com.mx\\\/index.php\\\/2023\\\/08\\\/12\\\/prd-se-reincorpora-al-frente-amplio-por-mexico-deja-solos-a-silvano-y-mancera\\\/#breadcrumb\",\"itemListElement\":[{\"@type\":\"ListItem\",\"position\":1,\"name\":\"Inicio\",\"item\":\"https:\\\/\\\/fuentesfidedignas.com.mx\\\/\"},{\"@type\":\"ListItem\",\"position\":2,\"name\":\"PRD se reincorpora al Frente Amplio por M\u00e9xico; deja solos a Silvano y Mancera\"}]},{\"@type\":\"WebSite\",\"@id\":\"https:\\\/\\\/fuentesfidedignas.com.mx\\\/#website\",\"url\":\"https:\\\/\\\/fuentesfidedignas.com.mx\\\/\",\"name\":\"Fuentes Fidedignas\",\"description\":\"Otro sitio realizado con WordPress\",\"publisher\":{\"@id\":\"https:\\\/\\\/fuentesfidedignas.com.mx\\\/#organization\"},\"potentialAction\":[{\"@type\":\"SearchAction\",\"target\":{\"@type\":\"EntryPoint\",\"urlTemplate\":\"https:\\\/\\\/fuentesfidedignas.com.mx\\\/?s={search_term_string}\"},\"query-input\":{\"@type\":\"PropertyValueSpecification\",\"valueRequired\":true,\"valueName\":\"search_term_string\"}}],\"inLanguage\":\"es\"},{\"@type\":\"Organization\",\"@id\":\"https:\\\/\\\/fuentesfidedignas.com.mx\\\/#organization\",\"name\":\"Fuentes Fidedignas\",\"url\":\"https:\\\/\\\/fuentesfidedignas.com.mx\\\/\",\"logo\":{\"@type\":\"ImageObject\",\"inLanguage\":\"es\",\"@id\":\"https:\\\/\\\/fuentesfidedignas.com.mx\\\/#\\\/schema\\\/logo\\\/image\\\/\",\"url\":\"https:\\\/\\\/fuentesfidedignas.com.mx\\\/wp-content\\\/uploads\\\/2021\\\/04\\\/logo-retina.png\",\"contentUrl\":\"https:\\\/\\\/fuentesfidedignas.com.mx\\\/wp-content\\\/uploads\\\/2021\\\/04\\\/logo-retina.png\",\"width\":280,\"height\":51,\"caption\":\"Fuentes Fidedignas\"},\"image\":{\"@id\":\"https:\\\/\\\/fuentesfidedignas.com.mx\\\/#\\\/schema\\\/logo\\\/image\\\/\"},\"sameAs\":[\"https:\\\/\\\/www.facebook.com\\\/Fuentes-Fidedignas-368234489921644\",\"https:\\\/\\\/x.com\\\/fidedignas\"]},{\"@type\":\"Person\",\"@id\":\"https:\\\/\\\/fuentesfidedignas.com.mx\\\/#\\\/schema\\\/person\\\/ec4edd1fbf5efa3e44fce34fe2787780\",\"name\":\"Exc\u00e9lsior\",\"image\":{\"@type\":\"ImageObject\",\"inLanguage\":\"es\",\"@id\":\"https:\\\/\\\/secure.gravatar.com\\\/avatar\\\/4b7ee9206b48be08447852b3f0814dbc7c0f3b51541b164f1464a2725614020b?s=96&d=mm&r=g\",\"url\":\"https:\\\/\\\/secure.gravatar.com\\\/avatar\\\/4b7ee9206b48be08447852b3f0814dbc7c0f3b51541b164f1464a2725614020b?s=96&d=mm&r=g\",\"contentUrl\":\"https:\\\/\\\/secure.gravatar.com\\\/avatar\\\/4b7ee9206b48be08447852b3f0814dbc7c0f3b51541b164f1464a2725614020b?s=96&d=mm&r=g\",\"caption\":\"Exc\u00e9lsior\"},\"url\":\"https:\\\/\\\/fuentesfidedignas.com.mx\\\/index.php\\\/author\\\/excelsior\\\/\"}]}<\/script>\n<!-- \/ Yoast SEO plugin. -->","yoast_head_json":{"title":"PRD se reincorpora al Frente Amplio por M\u00e9xico; deja solos a Silvano y Mancera - Fuentes Fidedignas","robots":{"index":"index","follow":"follow","max-snippet":"max-snippet:-1","max-image-preview":"max-image-preview:large","max-video-preview":"max-video-preview:-1"},"canonical":"https:\/\/fuentesfidedignas.com.mx\/index.php\/2023\/08\/12\/prd-se-reincorpora-al-frente-amplio-por-mexico-deja-solos-a-silvano-y-mancera\/","og_locale":"es_MX","og_type":"article","og_title":"PRD se reincorpora al Frente Amplio por M\u00e9xico; deja solos a Silvano y Mancera - Fuentes Fidedignas","og_description":"&#8216;Necesitamos construir esa nueva mayor\u00eda para ganar el 2024 y sacar a estos (los de Morena) que est\u00e1n haci\u00e9ndole tanto da\u00f1o al pa\u00eds&#8217;, dijo Jes\u00fas Zambrano Ciudad de M\u00e9xico. El PRD se reincorpor\u00f3 al\u00a0Frente Amplio por M\u00e9xico (FAM), en el cual participan PAN y PRI, luego de que los perredistas anunciaran el jueves de semana [&hellip;]","og_url":"https:\/\/fuentesfidedignas.com.mx\/index.php\/2023\/08\/12\/prd-se-reincorpora-al-frente-amplio-por-mexico-deja-solos-a-silvano-y-mancera\/","og_site_name":"Fuentes Fidedignas","article_publisher":"https:\/\/www.facebook.com\/Fuentes-Fidedignas-368234489921644","article_published_time":"2023-08-12T18:38:52+00:00","article_modified_time":"2023-08-12T20:40:01+00:00","og_image":[{"width":800,"height":600,"url":"https:\/\/fuentesfidedignas.com.mx\/wp-content\/uploads\/2023\/08\/2991359.jpg","type":"image\/jpeg"}],"author":"Exc\u00e9lsior","twitter_card":"summary_large_image","twitter_creator":"@fidedignas","twitter_site":"@fidedignas","twitter_misc":{"Escrito por":"Exc\u00e9lsior","Tiempo de lectura":"3 minutos"},"schema":{"@context":"https:\/\/schema.org","@graph":[{"@type":"Article","@id":"https:\/\/fuentesfidedignas.com.mx\/index.php\/2023\/08\/12\/prd-se-reincorpora-al-frente-amplio-por-mexico-deja-solos-a-silvano-y-mancera\/#article","isPartOf":{"@id":"https:\/\/fuentesfidedignas.com.mx\/index.php\/2023\/08\/12\/prd-se-reincorpora-al-frente-amplio-por-mexico-deja-solos-a-silvano-y-mancera\/"},"author":{"name":"Exc\u00e9lsior","@id":"https:\/\/fuentesfidedignas.com.mx\/#\/schema\/person\/ec4edd1fbf5efa3e44fce34fe2787780"},"headline":"PRD se reincorpora al Frente Amplio por M\u00e9xico; deja solos a Silvano y Mancera","datePublished":"2023-08-12T18:38:52+00:00","dateModified":"2023-08-12T20:40:01+00:00","mainEntityOfPage":{"@id":"https:\/\/fuentesfidedignas.com.mx\/index.php\/2023\/08\/12\/prd-se-reincorpora-al-frente-amplio-por-mexico-deja-solos-a-silvano-y-mancera\/"},"wordCount":686,"commentCount":0,"publisher":{"@id":"https:\/\/fuentesfidedignas.com.mx\/#organization"},"image":{"@id":"https:\/\/fuentesfidedignas.com.mx\/index.php\/2023\/08\/12\/prd-se-reincorpora-al-frente-amplio-por-mexico-deja-solos-a-silvano-y-mancera\/#primaryimage"},"thumbnailUrl":"https:\/\/fuentesfidedignas.com.mx\/wp-content\/uploads\/2023\/08\/2991359.jpg","articleSection":["NOTICIAS NACIONALES"],"inLanguage":"es","potentialAction":[{"@type":"CommentAction","name":"Comment","target":["https:\/\/fuentesfidedignas.com.mx\/index.php\/2023\/08\/12\/prd-se-reincorpora-al-frente-amplio-por-mexico-deja-solos-a-silvano-y-mancera\/#respond"]}]},{"@type":"WebPage","@id":"https:\/\/fuentesfidedignas.com.mx\/index.php\/2023\/08\/12\/prd-se-reincorpora-al-frente-amplio-por-mexico-deja-solos-a-silvano-y-mancera\/","url":"https:\/\/fuentesfidedignas.com.mx\/index.php\/2023\/08\/12\/prd-se-reincorpora-al-frente-amplio-por-mexico-deja-solos-a-silvano-y-mancera\/","name":"PRD se reincorpora al Frente Amplio por M\u00e9xico; deja solos a Silvano y Mancera - Fuentes Fidedignas","isPartOf":{"@id":"https:\/\/fuentesfidedignas.com.mx\/#website"},"primaryImageOfPage":{"@id":"https:\/\/fuentesfidedignas.com.mx\/index.php\/2023\/08\/12\/prd-se-reincorpora-al-frente-amplio-por-mexico-deja-solos-a-silvano-y-mancera\/#primaryimage"},"image":{"@id":"https:\/\/fuentesfidedignas.com.mx\/index.php\/2023\/08\/12\/prd-se-reincorpora-al-frente-amplio-por-mexico-deja-solos-a-silvano-y-mancera\/#primaryimage"},"thumbnailUrl":"https:\/\/fuentesfidedignas.com.mx\/wp-content\/uploads\/2023\/08\/2991359.jpg","datePublished":"2023-08-12T18:38:52+00:00","dateModified":"2023-08-12T20:40:01+00:00","breadcrumb":{"@id":"https:\/\/fuentesfidedignas.com.mx\/index.php\/2023\/08\/12\/prd-se-reincorpora-al-frente-amplio-por-mexico-deja-solos-a-silvano-y-mancera\/#breadcrumb"},"inLanguage":"es","potentialAction":[{"@type":"ReadAction","target":["https:\/\/fuentesfidedignas.com.mx\/index.php\/2023\/08\/12\/prd-se-reincorpora-al-frente-amplio-por-mexico-deja-solos-a-silvano-y-mancera\/"]}]},{"@type":"ImageObject","inLanguage":"es","@id":"https:\/\/fuentesfidedignas.com.mx\/index.php\/2023\/08\/12\/prd-se-reincorpora-al-frente-amplio-por-mexico-deja-solos-a-silvano-y-mancera\/#primaryimage","url":"https:\/\/fuentesfidedignas.com.mx\/wp-content\/uploads\/2023\/08\/2991359.jpg","contentUrl":"https:\/\/fuentesfidedignas.com.mx\/wp-content\/uploads\/2023\/08\/2991359.jpg","width":800,"height":600},{"@type":"BreadcrumbList","@id":"https:\/\/fuentesfidedignas.com.mx\/index.php\/2023\/08\/12\/prd-se-reincorpora-al-frente-amplio-por-mexico-deja-solos-a-silvano-y-mancera\/#breadcrumb","itemListElement":[{"@type":"ListItem","position":1,"name":"Inicio","item":"https:\/\/fuentesfidedignas.com.mx\/"},{"@type":"ListItem","position":2,"name":"PRD se reincorpora al Frente Amplio por M\u00e9xico; deja solos a Silvano y Mancera"}]},{"@type":"WebSite","@id":"https:\/\/fuentesfidedignas.com.mx\/#website","url":"https:\/\/fuentesfidedignas.com.mx\/","name":"Fuentes Fidedignas","description":"Otro sitio realizado con WordPress","publisher":{"@id":"https:\/\/fuentesfidedignas.com.mx\/#organization"},"potentialAction":[{"@type":"SearchAction","target":{"@type":"EntryPoint","urlTemplate":"https:\/\/fuentesfidedignas.com.mx\/?s={search_term_string}"},"query-input":{"@type":"PropertyValueSpecification","valueRequired":true,"valueName":"search_term_string"}}],"inLanguage":"es"},{"@type":"Organization","@id":"https:\/\/fuentesfidedignas.com.mx\/#organization","name":"Fuentes Fidedignas","url":"https:\/\/fuentesfidedignas.com.mx\/","logo":{"@type":"ImageObject","inLanguage":"es","@id":"https:\/\/fuentesfidedignas.com.mx\/#\/schema\/logo\/image\/","url":"https:\/\/fuentesfidedignas.com.mx\/wp-content\/uploads\/2021\/04\/logo-retina.png","contentUrl":"https:\/\/fuentesfidedignas.com.mx\/wp-content\/uploads\/2021\/04\/logo-retina.png","width":280,"height":51,"caption":"Fuentes Fidedignas"},"image":{"@id":"https:\/\/fuentesfidedignas.com.mx\/#\/schema\/logo\/image\/"},"sameAs":["https:\/\/www.facebook.com\/Fuentes-Fidedignas-368234489921644","https:\/\/x.com\/fidedignas"]},{"@type":"Person","@id":"https:\/\/fuentesfidedignas.com.mx\/#\/schema\/person\/ec4edd1fbf5efa3e44fce34fe2787780","name":"Exc\u00e9lsior","image":{"@type":"ImageObject","inLanguage":"es","@id":"https:\/\/secure.gravatar.com\/avatar\/4b7ee9206b48be08447852b3f0814dbc7c0f3b51541b164f1464a2725614020b?s=96&d=mm&r=g","url":"https:\/\/secure.gravatar.com\/avatar\/4b7ee9206b48be08447852b3f0814dbc7c0f3b51541b164f1464a2725614020b?s=96&d=mm&r=g","contentUrl":"https:\/\/secure.gravatar.com\/avatar\/4b7ee9206b48be08447852b3f0814dbc7c0f3b51541b164f1464a2725614020b?s=96&d=mm&r=g","caption":"Exc\u00e9lsior"},"url":"https:\/\/fuentesfidedignas.com.mx\/index.php\/author\/excelsior\/"}]}},"_links":{"self":[{"href":"https:\/\/fuentesfidedignas.com.mx\/index.php\/wp-json\/wp\/v2\/posts\/55223","targetHints":{"allow":["GET"]}}],"collection":[{"href":"https:\/\/fuentesfidedignas.com.mx\/index.php\/wp-json\/wp\/v2\/posts"}],"about":[{"href":"https:\/\/fuentesfidedignas.com.mx\/index.php\/wp-json\/wp\/v2\/types\/post"}],"author":[{"embeddable":true,"href":"https:\/\/fuentesfidedignas.com.mx\/index.php\/wp-json\/wp\/v2\/users\/7"}],"replies":[{"embeddable":true,"href":"https:\/\/fuentesfidedignas.com.mx\/index.php\/wp-json\/wp\/v2\/comments?post=55223"}],"version-history":[{"count":2,"href":"https:\/\/fuentesfidedignas.com.mx\/index.php\/wp-json\/wp\/v2\/posts\/55223\/revisions"}],"predecessor-version":[{"id":55226,"href":"https:\/\/fuentesfidedignas.com.mx\/index.php\/wp-json\/wp\/v2\/posts\/55223\/revisions\/55226"}],"wp:featuredmedia":[{"embeddable":true,"href":"https:\/\/fuentesfidedignas.com.mx\/index.php\/wp-json\/wp\/v2\/media\/55225"}],"wp:attachment":[{"href":"https:\/\/fuentesfidedignas.com.mx\/index.php\/wp-json\/wp\/v2\/media?parent=55223"}],"wp:term":[{"taxonomy":"category","embeddable":true,"href":"https:\/\/fuentesfidedignas.com.mx\/index.php\/wp-json\/wp\/v2\/categories?post=55223"},{"taxonomy":"post_tag","embeddable":true,"href":"https:\/\/fuentesfidedignas.com.mx\/index.php\/wp-json\/wp\/v2\/tags?post=55223"}],"curies":[{"name":"wp","href":"https:\/\/api.w.org\/{rel}","templated":true}]}}