{"id":55216,"date":"2023-08-12T09:54:21","date_gmt":"2023-08-12T16:54:21","guid":{"rendered":"https:\/\/fuentesfidedignas.com.mx\/?p=55216"},"modified":"2023-08-12T09:54:56","modified_gmt":"2023-08-12T16:54:56","slug":"los-estadunidenses-que-traficaban-para-el-chapo-guzman-loera","status":"publish","type":"post","link":"https:\/\/fuentesfidedignas.com.mx\/index.php\/2023\/08\/12\/los-estadunidenses-que-traficaban-para-el-chapo-guzman-loera\/","title":{"rendered":"Los estadunidenses que traficaban para \u201cEl Chapo\u201d Guzm\u00e1n Loera"},"content":{"rendered":"\n<p><br><strong><em>Dirigido por Macalla Lee Knott, de 30 a\u00f1os, el grupo recib\u00eda drogas directamente del C\u00e1rtel de Sinaloa; entre 2021 y 2022 ingres\u00f3 ilegalmente 150 libras de metanfetaminas a Dakota del Norte y a Minnesota<\/em><\/strong><\/p>\n\n\n\n<p>Estados Unidos. La detenci\u00f3n de una ciudadana estadunidense a quien el FBI buscaba por narcotr\u00e1fico sac\u00f3 a la luz la existencia de una red de tr\u00e1fico de drogas que al parecer operaba desde enero de 2019 para el C\u00e1rtel de Sinaloa (CDS) y estaba conformada por ciudadanos estadunidenses que ingresaron droga a Dakota del Norte, Minnesota y Fargo, en Estados Unidos.<\/p>\n\n\n\n<p>El pasado 1 de agosto, autoridades del estado de Morelos detuvieron en el municipio de Cuernavaca a Deanna Marie Gerads, de 33 a\u00f1os y originaria de St. Cloud, Minnesota, y la entregaron al gobierno de EU en la frontera de Texas.<\/p>\n\n\n\n<h2 class=\"wp-block-heading\">La acusaci\u00f3n<\/h2>\n\n\n\n<p>De acuerdo con la acusaci\u00f3n de 26 p\u00e1ginas, el grupo al que pertenec\u00eda Gerads era dirigido por Macalla Lee Knott, de 30 a\u00f1os y tambi\u00e9n originaria de St. Cloud, que recib\u00eda drogas directamente del CDS y entre 2021 y 2022 lograron ingresar ilegalmente 150 libras de metanfetamina a Dakota del Norte y a Minnesota.<\/p>\n\n\n\n<p>Las drogas, seg\u00fan el expediente, fueron decomisadas por el gobierno estadunidense junto con nueve libras de polvo de fentanilo y 120 mil pastillas de fentanilo relacionadas con el caso.<\/p>\n\n\n\n<p>Algunas de esas drogas tambi\u00e9n llegaron a Fargo, entidad que formul\u00f3 acusaci\u00f3n contra Deanna Marie Gerads en la investigaci\u00f3n denominada \u201cOperaci\u00f3n Asuntos Pendientes II\u201d, en la que adem\u00e1s se acusa al grupo que operaba para el CDS de utilizar amenazas y violencia para asegurar el pago de las drogas que introdujeron il\u00edcitamente a territorio estadunidense y ocultar sus actividades ilegales.<\/p>\n\n\n\n<p>En este caso, los fiscales federales de EU ya acusaron a otras 18 personas vinculadas con el grupo liderado por Knott, quien en marzo pasado se declar\u00f3 culpable de conspiraci\u00f3n para distribuir sustancias controladas, conspiraci\u00f3n de lavado de dinero y continuaci\u00f3n de una empresa criminal. Knott est\u00e1 programada para ser sentenciada en diciembre.<\/p>\n","protected":false},"excerpt":{"rendered":"<p>Dirigido por Macalla Lee Knott, de 30 a\u00f1os, el grupo recib\u00eda drogas directamente del C\u00e1rtel de Sinaloa; entre 2021 y 2022 ingres\u00f3 ilegalmente 150 libras de metanfetaminas a Dakota del Norte y a Minnesota Estados Unidos. La detenci\u00f3n de una ciudadana estadunidense a quien el FBI buscaba por narcotr\u00e1fico sac\u00f3 a la luz la existencia [&hellip;]<\/p>\n","protected":false},"author":50,"featured_media":55218,"comment_status":"open","ping_status":"open","sticky":false,"template":"","format":"standard","meta":{"tdm_status":"","tdm_grid_status":"","footnotes":""},"categories":[37,1],"tags":[],"class_list":{"0":"post-55216","1":"post","2":"type-post","3":"status-publish","4":"format-standard","5":"has-post-thumbnail","7":"category-nota-principal","8":"category-sin-categoria"},"yoast_head":"<!-- This site is optimized with the Yoast SEO plugin v27.4 - https:\/\/yoast.com\/product\/yoast-seo-wordpress\/ -->\n<title>Los estadunidenses que traficaban para \u201cEl Chapo\u201d Guzm\u00e1n Loera - Fuentes Fidedignas<\/title>\n<meta name=\"robots\" content=\"index, follow, max-snippet:-1, max-image-preview:large, max-video-preview:-1\" \/>\n<link rel=\"canonical\" href=\"https:\/\/fuentesfidedignas.com.mx\/index.php\/2023\/08\/12\/los-estadunidenses-que-traficaban-para-el-chapo-guzman-loera\/\" \/>\n<meta property=\"og:locale\" content=\"es_MX\" \/>\n<meta property=\"og:type\" content=\"article\" \/>\n<meta property=\"og:title\" content=\"Los estadunidenses que traficaban para \u201cEl Chapo\u201d Guzm\u00e1n Loera - Fuentes Fidedignas\" \/>\n<meta property=\"og:description\" content=\"Dirigido por Macalla Lee Knott, de 30 a\u00f1os, el grupo recib\u00eda drogas directamente del C\u00e1rtel de Sinaloa; entre 2021 y 2022 ingres\u00f3 ilegalmente 150 libras de metanfetaminas a Dakota del Norte y a Minnesota Estados Unidos. La detenci\u00f3n de una ciudadana estadunidense a quien el FBI buscaba por narcotr\u00e1fico sac\u00f3 a la luz la existencia [&hellip;]\" \/>\n<meta property=\"og:url\" content=\"https:\/\/fuentesfidedignas.com.mx\/index.php\/2023\/08\/12\/los-estadunidenses-que-traficaban-para-el-chapo-guzman-loera\/\" \/>\n<meta property=\"og:site_name\" content=\"Fuentes Fidedignas\" \/>\n<meta property=\"article:publisher\" content=\"https:\/\/www.facebook.com\/Fuentes-Fidedignas-368234489921644\" \/>\n<meta property=\"article:published_time\" content=\"2023-08-12T16:54:21+00:00\" \/>\n<meta property=\"article:modified_time\" content=\"2023-08-12T16:54:56+00:00\" \/>\n<meta property=\"og:image\" content=\"https:\/\/fuentesfidedignas.com.mx\/wp-content\/uploads\/2023\/08\/f608x342-179670_209393_0.jpg\" \/>\n\t<meta property=\"og:image:width\" content=\"608\" \/>\n\t<meta property=\"og:image:height\" content=\"342\" \/>\n\t<meta property=\"og:image:type\" content=\"image\/jpeg\" \/>\n<meta name=\"author\" content=\"Proceso\" \/>\n<meta name=\"twitter:card\" content=\"summary_large_image\" \/>\n<meta name=\"twitter:creator\" content=\"@fidedignas\" \/>\n<meta name=\"twitter:site\" content=\"@fidedignas\" \/>\n<meta name=\"twitter:label1\" content=\"Escrito por\" \/>\n\t<meta name=\"twitter:data1\" content=\"Proceso\" \/>\n\t<meta name=\"twitter:label2\" content=\"Tiempo de lectura\" \/>\n\t<meta name=\"twitter:data2\" content=\"2 minutos\" \/>\n<script type=\"application\/ld+json\" class=\"yoast-schema-graph\">{\"@context\":\"https:\\\/\\\/schema.org\",\"@graph\":[{\"@type\":\"Article\",\"@id\":\"https:\\\/\\\/fuentesfidedignas.com.mx\\\/index.php\\\/2023\\\/08\\\/12\\\/los-estadunidenses-que-traficaban-para-el-chapo-guzman-loera\\\/#article\",\"isPartOf\":{\"@id\":\"https:\\\/\\\/fuentesfidedignas.com.mx\\\/index.php\\\/2023\\\/08\\\/12\\\/los-estadunidenses-que-traficaban-para-el-chapo-guzman-loera\\\/\"},\"author\":{\"name\":\"Proceso\",\"@id\":\"https:\\\/\\\/fuentesfidedignas.com.mx\\\/#\\\/schema\\\/person\\\/eb72247ff123b3ce5e4cadc7f50ae372\"},\"headline\":\"Los estadunidenses que traficaban para \u201cEl Chapo\u201d Guzm\u00e1n Loera\",\"datePublished\":\"2023-08-12T16:54:21+00:00\",\"dateModified\":\"2023-08-12T16:54:56+00:00\",\"mainEntityOfPage\":{\"@id\":\"https:\\\/\\\/fuentesfidedignas.com.mx\\\/index.php\\\/2023\\\/08\\\/12\\\/los-estadunidenses-que-traficaban-para-el-chapo-guzman-loera\\\/\"},\"wordCount\":355,\"commentCount\":0,\"publisher\":{\"@id\":\"https:\\\/\\\/fuentesfidedignas.com.mx\\\/#organization\"},\"image\":{\"@id\":\"https:\\\/\\\/fuentesfidedignas.com.mx\\\/index.php\\\/2023\\\/08\\\/12\\\/los-estadunidenses-que-traficaban-para-el-chapo-guzman-loera\\\/#primaryimage\"},\"thumbnailUrl\":\"https:\\\/\\\/fuentesfidedignas.com.mx\\\/wp-content\\\/uploads\\\/2023\\\/08\\\/f608x342-179670_209393_0.jpg\",\"articleSection\":[\"NOTA PRINCIPAL\"],\"inLanguage\":\"es\",\"potentialAction\":[{\"@type\":\"CommentAction\",\"name\":\"Comment\",\"target\":[\"https:\\\/\\\/fuentesfidedignas.com.mx\\\/index.php\\\/2023\\\/08\\\/12\\\/los-estadunidenses-que-traficaban-para-el-chapo-guzman-loera\\\/#respond\"]}]},{\"@type\":\"WebPage\",\"@id\":\"https:\\\/\\\/fuentesfidedignas.com.mx\\\/index.php\\\/2023\\\/08\\\/12\\\/los-estadunidenses-que-traficaban-para-el-chapo-guzman-loera\\\/\",\"url\":\"https:\\\/\\\/fuentesfidedignas.com.mx\\\/index.php\\\/2023\\\/08\\\/12\\\/los-estadunidenses-que-traficaban-para-el-chapo-guzman-loera\\\/\",\"name\":\"Los estadunidenses que traficaban para \u201cEl Chapo\u201d Guzm\u00e1n Loera - Fuentes Fidedignas\",\"isPartOf\":{\"@id\":\"https:\\\/\\\/fuentesfidedignas.com.mx\\\/#website\"},\"primaryImageOfPage\":{\"@id\":\"https:\\\/\\\/fuentesfidedignas.com.mx\\\/index.php\\\/2023\\\/08\\\/12\\\/los-estadunidenses-que-traficaban-para-el-chapo-guzman-loera\\\/#primaryimage\"},\"image\":{\"@id\":\"https:\\\/\\\/fuentesfidedignas.com.mx\\\/index.php\\\/2023\\\/08\\\/12\\\/los-estadunidenses-que-traficaban-para-el-chapo-guzman-loera\\\/#primaryimage\"},\"thumbnailUrl\":\"https:\\\/\\\/fuentesfidedignas.com.mx\\\/wp-content\\\/uploads\\\/2023\\\/08\\\/f608x342-179670_209393_0.jpg\",\"datePublished\":\"2023-08-12T16:54:21+00:00\",\"dateModified\":\"2023-08-12T16:54:56+00:00\",\"breadcrumb\":{\"@id\":\"https:\\\/\\\/fuentesfidedignas.com.mx\\\/index.php\\\/2023\\\/08\\\/12\\\/los-estadunidenses-que-traficaban-para-el-chapo-guzman-loera\\\/#breadcrumb\"},\"inLanguage\":\"es\",\"potentialAction\":[{\"@type\":\"ReadAction\",\"target\":[\"https:\\\/\\\/fuentesfidedignas.com.mx\\\/index.php\\\/2023\\\/08\\\/12\\\/los-estadunidenses-que-traficaban-para-el-chapo-guzman-loera\\\/\"]}]},{\"@type\":\"ImageObject\",\"inLanguage\":\"es\",\"@id\":\"https:\\\/\\\/fuentesfidedignas.com.mx\\\/index.php\\\/2023\\\/08\\\/12\\\/los-estadunidenses-que-traficaban-para-el-chapo-guzman-loera\\\/#primaryimage\",\"url\":\"https:\\\/\\\/fuentesfidedignas.com.mx\\\/wp-content\\\/uploads\\\/2023\\\/08\\\/f608x342-179670_209393_0.jpg\",\"contentUrl\":\"https:\\\/\\\/fuentesfidedignas.com.mx\\\/wp-content\\\/uploads\\\/2023\\\/08\\\/f608x342-179670_209393_0.jpg\",\"width\":608,\"height\":342},{\"@type\":\"BreadcrumbList\",\"@id\":\"https:\\\/\\\/fuentesfidedignas.com.mx\\\/index.php\\\/2023\\\/08\\\/12\\\/los-estadunidenses-que-traficaban-para-el-chapo-guzman-loera\\\/#breadcrumb\",\"itemListElement\":[{\"@type\":\"ListItem\",\"position\":1,\"name\":\"Inicio\",\"item\":\"https:\\\/\\\/fuentesfidedignas.com.mx\\\/\"},{\"@type\":\"ListItem\",\"position\":2,\"name\":\"Los estadunidenses que traficaban para \u201cEl Chapo\u201d Guzm\u00e1n Loera\"}]},{\"@type\":\"WebSite\",\"@id\":\"https:\\\/\\\/fuentesfidedignas.com.mx\\\/#website\",\"url\":\"https:\\\/\\\/fuentesfidedignas.com.mx\\\/\",\"name\":\"Fuentes Fidedignas\",\"description\":\"Otro sitio realizado con WordPress\",\"publisher\":{\"@id\":\"https:\\\/\\\/fuentesfidedignas.com.mx\\\/#organization\"},\"potentialAction\":[{\"@type\":\"SearchAction\",\"target\":{\"@type\":\"EntryPoint\",\"urlTemplate\":\"https:\\\/\\\/fuentesfidedignas.com.mx\\\/?s={search_term_string}\"},\"query-input\":{\"@type\":\"PropertyValueSpecification\",\"valueRequired\":true,\"valueName\":\"search_term_string\"}}],\"inLanguage\":\"es\"},{\"@type\":\"Organization\",\"@id\":\"https:\\\/\\\/fuentesfidedignas.com.mx\\\/#organization\",\"name\":\"Fuentes Fidedignas\",\"url\":\"https:\\\/\\\/fuentesfidedignas.com.mx\\\/\",\"logo\":{\"@type\":\"ImageObject\",\"inLanguage\":\"es\",\"@id\":\"https:\\\/\\\/fuentesfidedignas.com.mx\\\/#\\\/schema\\\/logo\\\/image\\\/\",\"url\":\"https:\\\/\\\/fuentesfidedignas.com.mx\\\/wp-content\\\/uploads\\\/2021\\\/04\\\/logo-retina.png\",\"contentUrl\":\"https:\\\/\\\/fuentesfidedignas.com.mx\\\/wp-content\\\/uploads\\\/2021\\\/04\\\/logo-retina.png\",\"width\":280,\"height\":51,\"caption\":\"Fuentes Fidedignas\"},\"image\":{\"@id\":\"https:\\\/\\\/fuentesfidedignas.com.mx\\\/#\\\/schema\\\/logo\\\/image\\\/\"},\"sameAs\":[\"https:\\\/\\\/www.facebook.com\\\/Fuentes-Fidedignas-368234489921644\",\"https:\\\/\\\/x.com\\\/fidedignas\"]},{\"@type\":\"Person\",\"@id\":\"https:\\\/\\\/fuentesfidedignas.com.mx\\\/#\\\/schema\\\/person\\\/eb72247ff123b3ce5e4cadc7f50ae372\",\"name\":\"Proceso\",\"image\":{\"@type\":\"ImageObject\",\"inLanguage\":\"es\",\"@id\":\"https:\\\/\\\/secure.gravatar.com\\\/avatar\\\/0bb01ecb091d50a46122cbe5cc32ffea15a000f83628f1e40458e669d38ff2cd?s=96&d=mm&r=g\",\"url\":\"https:\\\/\\\/secure.gravatar.com\\\/avatar\\\/0bb01ecb091d50a46122cbe5cc32ffea15a000f83628f1e40458e669d38ff2cd?s=96&d=mm&r=g\",\"contentUrl\":\"https:\\\/\\\/secure.gravatar.com\\\/avatar\\\/0bb01ecb091d50a46122cbe5cc32ffea15a000f83628f1e40458e669d38ff2cd?s=96&d=mm&r=g\",\"caption\":\"Proceso\"},\"url\":\"https:\\\/\\\/fuentesfidedignas.com.mx\\\/index.php\\\/author\\\/proceso\\\/\"}]}<\/script>\n<!-- \/ Yoast SEO plugin. -->","yoast_head_json":{"title":"Los estadunidenses que traficaban para \u201cEl Chapo\u201d Guzm\u00e1n Loera - Fuentes Fidedignas","robots":{"index":"index","follow":"follow","max-snippet":"max-snippet:-1","max-image-preview":"max-image-preview:large","max-video-preview":"max-video-preview:-1"},"canonical":"https:\/\/fuentesfidedignas.com.mx\/index.php\/2023\/08\/12\/los-estadunidenses-que-traficaban-para-el-chapo-guzman-loera\/","og_locale":"es_MX","og_type":"article","og_title":"Los estadunidenses que traficaban para \u201cEl Chapo\u201d Guzm\u00e1n Loera - Fuentes Fidedignas","og_description":"Dirigido por Macalla Lee Knott, de 30 a\u00f1os, el grupo recib\u00eda drogas directamente del C\u00e1rtel de Sinaloa; entre 2021 y 2022 ingres\u00f3 ilegalmente 150 libras de metanfetaminas a Dakota del Norte y a Minnesota Estados Unidos. La detenci\u00f3n de una ciudadana estadunidense a quien el FBI buscaba por narcotr\u00e1fico sac\u00f3 a la luz la existencia [&hellip;]","og_url":"https:\/\/fuentesfidedignas.com.mx\/index.php\/2023\/08\/12\/los-estadunidenses-que-traficaban-para-el-chapo-guzman-loera\/","og_site_name":"Fuentes Fidedignas","article_publisher":"https:\/\/www.facebook.com\/Fuentes-Fidedignas-368234489921644","article_published_time":"2023-08-12T16:54:21+00:00","article_modified_time":"2023-08-12T16:54:56+00:00","og_image":[{"width":608,"height":342,"url":"https:\/\/fuentesfidedignas.com.mx\/wp-content\/uploads\/2023\/08\/f608x342-179670_209393_0.jpg","type":"image\/jpeg"}],"author":"Proceso","twitter_card":"summary_large_image","twitter_creator":"@fidedignas","twitter_site":"@fidedignas","twitter_misc":{"Escrito por":"Proceso","Tiempo de lectura":"2 minutos"},"schema":{"@context":"https:\/\/schema.org","@graph":[{"@type":"Article","@id":"https:\/\/fuentesfidedignas.com.mx\/index.php\/2023\/08\/12\/los-estadunidenses-que-traficaban-para-el-chapo-guzman-loera\/#article","isPartOf":{"@id":"https:\/\/fuentesfidedignas.com.mx\/index.php\/2023\/08\/12\/los-estadunidenses-que-traficaban-para-el-chapo-guzman-loera\/"},"author":{"name":"Proceso","@id":"https:\/\/fuentesfidedignas.com.mx\/#\/schema\/person\/eb72247ff123b3ce5e4cadc7f50ae372"},"headline":"Los estadunidenses que traficaban para \u201cEl Chapo\u201d Guzm\u00e1n Loera","datePublished":"2023-08-12T16:54:21+00:00","dateModified":"2023-08-12T16:54:56+00:00","mainEntityOfPage":{"@id":"https:\/\/fuentesfidedignas.com.mx\/index.php\/2023\/08\/12\/los-estadunidenses-que-traficaban-para-el-chapo-guzman-loera\/"},"wordCount":355,"commentCount":0,"publisher":{"@id":"https:\/\/fuentesfidedignas.com.mx\/#organization"},"image":{"@id":"https:\/\/fuentesfidedignas.com.mx\/index.php\/2023\/08\/12\/los-estadunidenses-que-traficaban-para-el-chapo-guzman-loera\/#primaryimage"},"thumbnailUrl":"https:\/\/fuentesfidedignas.com.mx\/wp-content\/uploads\/2023\/08\/f608x342-179670_209393_0.jpg","articleSection":["NOTA PRINCIPAL"],"inLanguage":"es","potentialAction":[{"@type":"CommentAction","name":"Comment","target":["https:\/\/fuentesfidedignas.com.mx\/index.php\/2023\/08\/12\/los-estadunidenses-que-traficaban-para-el-chapo-guzman-loera\/#respond"]}]},{"@type":"WebPage","@id":"https:\/\/fuentesfidedignas.com.mx\/index.php\/2023\/08\/12\/los-estadunidenses-que-traficaban-para-el-chapo-guzman-loera\/","url":"https:\/\/fuentesfidedignas.com.mx\/index.php\/2023\/08\/12\/los-estadunidenses-que-traficaban-para-el-chapo-guzman-loera\/","name":"Los estadunidenses que traficaban para \u201cEl Chapo\u201d Guzm\u00e1n Loera - Fuentes Fidedignas","isPartOf":{"@id":"https:\/\/fuentesfidedignas.com.mx\/#website"},"primaryImageOfPage":{"@id":"https:\/\/fuentesfidedignas.com.mx\/index.php\/2023\/08\/12\/los-estadunidenses-que-traficaban-para-el-chapo-guzman-loera\/#primaryimage"},"image":{"@id":"https:\/\/fuentesfidedignas.com.mx\/index.php\/2023\/08\/12\/los-estadunidenses-que-traficaban-para-el-chapo-guzman-loera\/#primaryimage"},"thumbnailUrl":"https:\/\/fuentesfidedignas.com.mx\/wp-content\/uploads\/2023\/08\/f608x342-179670_209393_0.jpg","datePublished":"2023-08-12T16:54:21+00:00","dateModified":"2023-08-12T16:54:56+00:00","breadcrumb":{"@id":"https:\/\/fuentesfidedignas.com.mx\/index.php\/2023\/08\/12\/los-estadunidenses-que-traficaban-para-el-chapo-guzman-loera\/#breadcrumb"},"inLanguage":"es","potentialAction":[{"@type":"ReadAction","target":["https:\/\/fuentesfidedignas.com.mx\/index.php\/2023\/08\/12\/los-estadunidenses-que-traficaban-para-el-chapo-guzman-loera\/"]}]},{"@type":"ImageObject","inLanguage":"es","@id":"https:\/\/fuentesfidedignas.com.mx\/index.php\/2023\/08\/12\/los-estadunidenses-que-traficaban-para-el-chapo-guzman-loera\/#primaryimage","url":"https:\/\/fuentesfidedignas.com.mx\/wp-content\/uploads\/2023\/08\/f608x342-179670_209393_0.jpg","contentUrl":"https:\/\/fuentesfidedignas.com.mx\/wp-content\/uploads\/2023\/08\/f608x342-179670_209393_0.jpg","width":608,"height":342},{"@type":"BreadcrumbList","@id":"https:\/\/fuentesfidedignas.com.mx\/index.php\/2023\/08\/12\/los-estadunidenses-que-traficaban-para-el-chapo-guzman-loera\/#breadcrumb","itemListElement":[{"@type":"ListItem","position":1,"name":"Inicio","item":"https:\/\/fuentesfidedignas.com.mx\/"},{"@type":"ListItem","position":2,"name":"Los estadunidenses que traficaban para \u201cEl Chapo\u201d Guzm\u00e1n Loera"}]},{"@type":"WebSite","@id":"https:\/\/fuentesfidedignas.com.mx\/#website","url":"https:\/\/fuentesfidedignas.com.mx\/","name":"Fuentes Fidedignas","description":"Otro sitio realizado con WordPress","publisher":{"@id":"https:\/\/fuentesfidedignas.com.mx\/#organization"},"potentialAction":[{"@type":"SearchAction","target":{"@type":"EntryPoint","urlTemplate":"https:\/\/fuentesfidedignas.com.mx\/?s={search_term_string}"},"query-input":{"@type":"PropertyValueSpecification","valueRequired":true,"valueName":"search_term_string"}}],"inLanguage":"es"},{"@type":"Organization","@id":"https:\/\/fuentesfidedignas.com.mx\/#organization","name":"Fuentes Fidedignas","url":"https:\/\/fuentesfidedignas.com.mx\/","logo":{"@type":"ImageObject","inLanguage":"es","@id":"https:\/\/fuentesfidedignas.com.mx\/#\/schema\/logo\/image\/","url":"https:\/\/fuentesfidedignas.com.mx\/wp-content\/uploads\/2021\/04\/logo-retina.png","contentUrl":"https:\/\/fuentesfidedignas.com.mx\/wp-content\/uploads\/2021\/04\/logo-retina.png","width":280,"height":51,"caption":"Fuentes Fidedignas"},"image":{"@id":"https:\/\/fuentesfidedignas.com.mx\/#\/schema\/logo\/image\/"},"sameAs":["https:\/\/www.facebook.com\/Fuentes-Fidedignas-368234489921644","https:\/\/x.com\/fidedignas"]},{"@type":"Person","@id":"https:\/\/fuentesfidedignas.com.mx\/#\/schema\/person\/eb72247ff123b3ce5e4cadc7f50ae372","name":"Proceso","image":{"@type":"ImageObject","inLanguage":"es","@id":"https:\/\/secure.gravatar.com\/avatar\/0bb01ecb091d50a46122cbe5cc32ffea15a000f83628f1e40458e669d38ff2cd?s=96&d=mm&r=g","url":"https:\/\/secure.gravatar.com\/avatar\/0bb01ecb091d50a46122cbe5cc32ffea15a000f83628f1e40458e669d38ff2cd?s=96&d=mm&r=g","contentUrl":"https:\/\/secure.gravatar.com\/avatar\/0bb01ecb091d50a46122cbe5cc32ffea15a000f83628f1e40458e669d38ff2cd?s=96&d=mm&r=g","caption":"Proceso"},"url":"https:\/\/fuentesfidedignas.com.mx\/index.php\/author\/proceso\/"}]}},"_links":{"self":[{"href":"https:\/\/fuentesfidedignas.com.mx\/index.php\/wp-json\/wp\/v2\/posts\/55216","targetHints":{"allow":["GET"]}}],"collection":[{"href":"https:\/\/fuentesfidedignas.com.mx\/index.php\/wp-json\/wp\/v2\/posts"}],"about":[{"href":"https:\/\/fuentesfidedignas.com.mx\/index.php\/wp-json\/wp\/v2\/types\/post"}],"author":[{"embeddable":true,"href":"https:\/\/fuentesfidedignas.com.mx\/index.php\/wp-json\/wp\/v2\/users\/50"}],"replies":[{"embeddable":true,"href":"https:\/\/fuentesfidedignas.com.mx\/index.php\/wp-json\/wp\/v2\/comments?post=55216"}],"version-history":[{"count":1,"href":"https:\/\/fuentesfidedignas.com.mx\/index.php\/wp-json\/wp\/v2\/posts\/55216\/revisions"}],"predecessor-version":[{"id":55217,"href":"https:\/\/fuentesfidedignas.com.mx\/index.php\/wp-json\/wp\/v2\/posts\/55216\/revisions\/55217"}],"wp:featuredmedia":[{"embeddable":true,"href":"https:\/\/fuentesfidedignas.com.mx\/index.php\/wp-json\/wp\/v2\/media\/55218"}],"wp:attachment":[{"href":"https:\/\/fuentesfidedignas.com.mx\/index.php\/wp-json\/wp\/v2\/media?parent=55216"}],"wp:term":[{"taxonomy":"category","embeddable":true,"href":"https:\/\/fuentesfidedignas.com.mx\/index.php\/wp-json\/wp\/v2\/categories?post=55216"},{"taxonomy":"post_tag","embeddable":true,"href":"https:\/\/fuentesfidedignas.com.mx\/index.php\/wp-json\/wp\/v2\/tags?post=55216"}],"curies":[{"name":"wp","href":"https:\/\/api.w.org\/{rel}","templated":true}]}}