{"id":55212,"date":"2023-08-12T09:47:51","date_gmt":"2023-08-12T16:47:51","guid":{"rendered":"https:\/\/fuentesfidedignas.com.mx\/?p=55212"},"modified":"2023-08-12T09:49:15","modified_gmt":"2023-08-12T16:49:15","slug":"dodgers-rinde-homenaje-e-inmortaliza-a-valenzuela-al-retirar-numero-34","status":"publish","type":"post","link":"https:\/\/fuentesfidedignas.com.mx\/index.php\/2023\/08\/12\/dodgers-rinde-homenaje-e-inmortaliza-a-valenzuela-al-retirar-numero-34\/","title":{"rendered":"Dodgers rinde homenaje e inmortaliza a &#8220;El Toro&#8221; Valenzuela al retirar n\u00famero 34"},"content":{"rendered":"\n<p><strong><em>En el &#8216;D\u00eda de Fernando Valenzuela&#8217; en Los \u00c1ngeles, la leyenda mexicana fue homenajeada en Dodger Stadium<\/em><\/strong><\/p>\n\n\n\n<p>California, EU.- Los \u00c1ngeles Dodgers honraron este viernes la memoria de uno de los grandes \u00eddolos de su historia: el mexicano Fernando Valenzuela.<\/p>\n\n\n\n<p>El &#8216;Toro&#8217; recibi\u00f3 un gran homenaje en Dodger Stadium donde la organizaci\u00f3n angelina retir\u00f3 su emblem\u00e1tico dorsal &#8217;34&#8217;, con el que gan\u00f3 un par de Series Mundiales, entre muchos otros reconocimientos como el Novato del A\u00f1o y el Cy Young.<\/p>\n\n\n\n<figure class=\"wp-block-embed is-type-rich is-provider-twitter wp-block-embed-twitter\"><div class=\"wp-block-embed__wrapper\">\n<blockquote class=\"twitter-tweet\" data-width=\"550\" data-dnt=\"true\"><p lang=\"es\" dir=\"ltr\">\u00a1VIVA M\u00c9XICO! \ud83c\uddf2\ud83c\uddfd \u00a1VIVA FERNANDO VALENZUELA! \u26be<br><br>Qu\u00e9 manera de recibir a la leyenda de los Dodgers. Hoy se retira el n\u00famero &#39;34&#39; con el que el mexicano, Fernando Valenzuela, hizo historia. <a href=\"https:\/\/twitter.com\/hashtag\/B%C3%A9isbolxFOXSports?src=hash&amp;ref_src=twsrc%5Etfw\">#B\u00e9isbolxFOXSports<\/a> <a href=\"https:\/\/t.co\/FFaxD3Welh\">pic.twitter.com\/FFaxD3Welh<\/a><\/p>&mdash; FOX Sports MX (@FOXSportsMX) <a href=\"https:\/\/twitter.com\/FOXSportsMX\/status\/1690175678363127808?ref_src=twsrc%5Etfw\">August 12, 2023<\/a><\/blockquote><script async src=\"https:\/\/platform.twitter.com\/widgets.js\" charset=\"utf-8\"><\/script>\n<\/div><\/figure>\n\n\n\n<p>Previo al juego de los\u00a0<strong>Colorado Rockies<\/strong>\u00a0vs. Los \u00c1ngeles Dodgers, el ex pelotero azteca ingres\u00f3 al diamante entre aplausos de los aficionados y m\u00fasica de mariachis.<\/p>\n\n\n\n<p>En el reconocimiento estuvieron presentes otras figuras de la historia de la novena angelina como Sandy Koufax, Mike Scioscia y la actual figura y compatriota de Valenzuela, Julio Ur\u00edas. Asimismo, los compa\u00f1eros de Ur\u00edas salieron a calentar con playeras conmemorativas de Valenzuela.<\/p>\n\n\n\n<p>El oriundo de Etchohuaquila, Sonora, ofreci\u00f3 un discurso de agradecimiento a todos los presentes, previo a caminar con su familia por el campo y observar a su ex compa\u00f1ero Orel Hershiser develar el &#8217;34&#8217; que vivir\u00e1 para siempre en el inmueble angelino junto a los otros n\u00fameros retirados del equipo.<\/p>\n\n\n\n<figure class=\"wp-block-embed is-type-rich is-provider-twitter wp-block-embed-twitter\"><div class=\"wp-block-embed__wrapper\">\n<blockquote class=\"twitter-tweet\" data-width=\"550\" data-dnt=\"true\"><p lang=\"es\" dir=\"ltr\">POR SIEMPRE EL N\u00daMERO &#39;34&#39; 3\ufe0f\u20e34\ufe0f\u20e3<br><br>Es oficial: Nadie m\u00e1s podr\u00e1 utilizar el &#39;34&#39;, pues el de Fernando Valenzuela. <br><br>As\u00ed qued\u00f3 visible el n\u00famero con el que hizo historia. <a href=\"https:\/\/twitter.com\/hashtag\/B%C3%A9sbolxFOXSports?src=hash&amp;ref_src=twsrc%5Etfw\">#B\u00e9sbolxFOXSports<\/a> <a href=\"https:\/\/t.co\/WePUaI7Ctx\">pic.twitter.com\/WePUaI7Ctx<\/a><\/p>&mdash; FOX Sports MX (@FOXSportsMX) <a href=\"https:\/\/twitter.com\/FOXSportsMX\/status\/1690182261268738049?ref_src=twsrc%5Etfw\">August 12, 2023<\/a><\/blockquote><script async src=\"https:\/\/platform.twitter.com\/widgets.js\" charset=\"utf-8\"><\/script>\n<\/div><\/figure>\n\n\n\n<blockquote class=\"wp-block-quote is-layout-flow wp-block-quote-is-layout-flow\">\n<p>\u201cEs un honor para m\u00ed estar aqu\u00ed, ser recordado as\u00ed por los Dodgers. Agradezco a Los \u00c1ngeles por retirar mi n\u00famero y a todos los fan\u00e1ticos que han estado&#8221;.<\/p>\n<\/blockquote>\n\n\n\n<h2 class=\"wp-block-heading\">D\u00eda de Fernando Valenzuela en Los \u00c1ngeles<\/h2>\n\n\n\n<p>Como si esto fuera poco, previo al homenaje en Dodger Stadium, Valenzuela estuvo presente en el\u00a0<strong>Ayuntamiento<\/strong>\u00a0de la ciudad de Los \u00c1ngeles para otro homenaje a su carrera.<\/p>\n\n\n\n<figure class=\"wp-block-embed is-type-rich is-provider-twitter wp-block-embed-twitter\"><div class=\"wp-block-embed__wrapper\">\n<blockquote class=\"twitter-tweet\" data-width=\"550\" data-dnt=\"true\"><p lang=\"en\" dir=\"ltr\">August 11, 2023. <br><br>It&#39;s officially Fernando Valenzuela Day in the city of Los Angeles! <a href=\"https:\/\/t.co\/HPYti3pFTE\">pic.twitter.com\/HPYti3pFTE<\/a><\/p>&mdash; Los Angeles Dodgers (@Dodgers) <a href=\"https:\/\/twitter.com\/Dodgers\/status\/1690130593777160195?ref_src=twsrc%5Etfw\">August 11, 2023<\/a><\/blockquote><script async src=\"https:\/\/platform.twitter.com\/widgets.js\" charset=\"utf-8\"><\/script>\n<\/div><\/figure>\n\n\n\n<p>En dicho inmueble, el mexicano recibi\u00f3 una placa que dejaba constancia oficial de que el 11 de agosto es el&nbsp;<strong>&#8216;D\u00eda de Fernando Valenzuela&#8217;<\/strong>&nbsp;en la urbe californiana.<\/p>\n\n\n\n<figure class=\"wp-block-image\"><img decoding=\"async\" src=\"https:\/\/cdn2-mediotiempo-com.cdn.ampproject.org\/ii\/AW\/s\/cdn2.mediotiempo.com\/uploads\/media\/2023\/08\/11\/valenzuela-en-el-ayuntamiento-twitter.jpg\" alt=\"\"\/><\/figure>\n\n\n\n<p><\/p>\n","protected":false},"excerpt":{"rendered":"<p>En el &#8216;D\u00eda de Fernando Valenzuela&#8217; en Los \u00c1ngeles, la leyenda mexicana fue homenajeada en Dodger Stadium California, EU.- Los \u00c1ngeles Dodgers honraron este viernes la memoria de uno de los grandes \u00eddolos de su historia: el mexicano Fernando Valenzuela. El &#8216;Toro&#8217; recibi\u00f3 un gran homenaje en Dodger Stadium donde la organizaci\u00f3n angelina retir\u00f3 su [&hellip;]<\/p>\n","protected":false},"author":6,"featured_media":55214,"comment_status":"open","ping_status":"open","sticky":false,"template":"","format":"standard","meta":{"tdm_status":"","tdm_grid_status":"","footnotes":""},"categories":[37,1],"tags":[],"class_list":{"0":"post-55212","1":"post","2":"type-post","3":"status-publish","4":"format-standard","5":"has-post-thumbnail","7":"category-nota-principal","8":"category-sin-categoria"},"yoast_head":"<!-- This site is optimized with the Yoast SEO plugin v27.5 - https:\/\/yoast.com\/product\/yoast-seo-wordpress\/ -->\n<title>Dodgers rinde homenaje e inmortaliza a &quot;El Toro&quot; Valenzuela al retirar n\u00famero 34 - Fuentes Fidedignas<\/title>\n<meta name=\"robots\" content=\"index, follow, max-snippet:-1, max-image-preview:large, max-video-preview:-1\" \/>\n<link rel=\"canonical\" href=\"https:\/\/fuentesfidedignas.com.mx\/index.php\/2023\/08\/12\/dodgers-rinde-homenaje-e-inmortaliza-a-valenzuela-al-retirar-numero-34\/\" \/>\n<meta property=\"og:locale\" content=\"es_MX\" \/>\n<meta property=\"og:type\" content=\"article\" \/>\n<meta property=\"og:title\" content=\"Dodgers rinde homenaje e inmortaliza a &quot;El Toro&quot; Valenzuela al retirar n\u00famero 34 - Fuentes Fidedignas\" \/>\n<meta property=\"og:description\" content=\"En el &#8216;D\u00eda de Fernando Valenzuela&#8217; en Los \u00c1ngeles, la leyenda mexicana fue homenajeada en Dodger Stadium California, EU.- Los \u00c1ngeles Dodgers honraron este viernes la memoria de uno de los grandes \u00eddolos de su historia: el mexicano Fernando Valenzuela. El &#8216;Toro&#8217; recibi\u00f3 un gran homenaje en Dodger Stadium donde la organizaci\u00f3n angelina retir\u00f3 su [&hellip;]\" \/>\n<meta property=\"og:url\" content=\"https:\/\/fuentesfidedignas.com.mx\/index.php\/2023\/08\/12\/dodgers-rinde-homenaje-e-inmortaliza-a-valenzuela-al-retirar-numero-34\/\" \/>\n<meta property=\"og:site_name\" content=\"Fuentes Fidedignas\" \/>\n<meta property=\"article:publisher\" content=\"https:\/\/www.facebook.com\/Fuentes-Fidedignas-368234489921644\" \/>\n<meta property=\"article:published_time\" content=\"2023-08-12T16:47:51+00:00\" \/>\n<meta property=\"article:modified_time\" content=\"2023-08-12T16:49:15+00:00\" \/>\n<meta property=\"og:image\" content=\"https:\/\/fuentesfidedignas.com.mx\/wp-content\/uploads\/2023\/08\/valenzuela-agradecio-a-los-aficionados.jpg\" \/>\n\t<meta property=\"og:image:width\" content=\"936\" \/>\n\t<meta property=\"og:image:height\" content=\"566\" \/>\n\t<meta property=\"og:image:type\" content=\"image\/jpeg\" \/>\n<meta name=\"author\" content=\"Mediotiempo\" \/>\n<meta name=\"twitter:card\" content=\"summary_large_image\" \/>\n<meta name=\"twitter:creator\" content=\"@fidedignas\" \/>\n<meta name=\"twitter:site\" content=\"@fidedignas\" \/>\n<meta name=\"twitter:label1\" content=\"Escrito por\" \/>\n\t<meta name=\"twitter:data1\" content=\"Mediotiempo\" \/>\n\t<meta name=\"twitter:label2\" content=\"Tiempo de lectura\" \/>\n\t<meta name=\"twitter:data2\" content=\"2 minutos\" \/>\n<script type=\"application\/ld+json\" class=\"yoast-schema-graph\">{\"@context\":\"https:\\\/\\\/schema.org\",\"@graph\":[{\"@type\":\"Article\",\"@id\":\"https:\\\/\\\/fuentesfidedignas.com.mx\\\/index.php\\\/2023\\\/08\\\/12\\\/dodgers-rinde-homenaje-e-inmortaliza-a-valenzuela-al-retirar-numero-34\\\/#article\",\"isPartOf\":{\"@id\":\"https:\\\/\\\/fuentesfidedignas.com.mx\\\/index.php\\\/2023\\\/08\\\/12\\\/dodgers-rinde-homenaje-e-inmortaliza-a-valenzuela-al-retirar-numero-34\\\/\"},\"author\":{\"name\":\"Mediotiempo\",\"@id\":\"https:\\\/\\\/fuentesfidedignas.com.mx\\\/#\\\/schema\\\/person\\\/879cf78e15a88be0541285dd15da0511\"},\"headline\":\"Dodgers rinde homenaje e inmortaliza a &#8220;El Toro&#8221; Valenzuela al retirar n\u00famero 34\",\"datePublished\":\"2023-08-12T16:47:51+00:00\",\"dateModified\":\"2023-08-12T16:49:15+00:00\",\"mainEntityOfPage\":{\"@id\":\"https:\\\/\\\/fuentesfidedignas.com.mx\\\/index.php\\\/2023\\\/08\\\/12\\\/dodgers-rinde-homenaje-e-inmortaliza-a-valenzuela-al-retirar-numero-34\\\/\"},\"wordCount\":353,\"commentCount\":0,\"publisher\":{\"@id\":\"https:\\\/\\\/fuentesfidedignas.com.mx\\\/#organization\"},\"image\":{\"@id\":\"https:\\\/\\\/fuentesfidedignas.com.mx\\\/index.php\\\/2023\\\/08\\\/12\\\/dodgers-rinde-homenaje-e-inmortaliza-a-valenzuela-al-retirar-numero-34\\\/#primaryimage\"},\"thumbnailUrl\":\"https:\\\/\\\/fuentesfidedignas.com.mx\\\/wp-content\\\/uploads\\\/2023\\\/08\\\/valenzuela-agradecio-a-los-aficionados.jpg\",\"articleSection\":[\"NOTA PRINCIPAL\"],\"inLanguage\":\"es\",\"potentialAction\":[{\"@type\":\"CommentAction\",\"name\":\"Comment\",\"target\":[\"https:\\\/\\\/fuentesfidedignas.com.mx\\\/index.php\\\/2023\\\/08\\\/12\\\/dodgers-rinde-homenaje-e-inmortaliza-a-valenzuela-al-retirar-numero-34\\\/#respond\"]}]},{\"@type\":\"WebPage\",\"@id\":\"https:\\\/\\\/fuentesfidedignas.com.mx\\\/index.php\\\/2023\\\/08\\\/12\\\/dodgers-rinde-homenaje-e-inmortaliza-a-valenzuela-al-retirar-numero-34\\\/\",\"url\":\"https:\\\/\\\/fuentesfidedignas.com.mx\\\/index.php\\\/2023\\\/08\\\/12\\\/dodgers-rinde-homenaje-e-inmortaliza-a-valenzuela-al-retirar-numero-34\\\/\",\"name\":\"Dodgers rinde homenaje e inmortaliza a \\\"El Toro\\\" Valenzuela al retirar n\u00famero 34 - Fuentes Fidedignas\",\"isPartOf\":{\"@id\":\"https:\\\/\\\/fuentesfidedignas.com.mx\\\/#website\"},\"primaryImageOfPage\":{\"@id\":\"https:\\\/\\\/fuentesfidedignas.com.mx\\\/index.php\\\/2023\\\/08\\\/12\\\/dodgers-rinde-homenaje-e-inmortaliza-a-valenzuela-al-retirar-numero-34\\\/#primaryimage\"},\"image\":{\"@id\":\"https:\\\/\\\/fuentesfidedignas.com.mx\\\/index.php\\\/2023\\\/08\\\/12\\\/dodgers-rinde-homenaje-e-inmortaliza-a-valenzuela-al-retirar-numero-34\\\/#primaryimage\"},\"thumbnailUrl\":\"https:\\\/\\\/fuentesfidedignas.com.mx\\\/wp-content\\\/uploads\\\/2023\\\/08\\\/valenzuela-agradecio-a-los-aficionados.jpg\",\"datePublished\":\"2023-08-12T16:47:51+00:00\",\"dateModified\":\"2023-08-12T16:49:15+00:00\",\"breadcrumb\":{\"@id\":\"https:\\\/\\\/fuentesfidedignas.com.mx\\\/index.php\\\/2023\\\/08\\\/12\\\/dodgers-rinde-homenaje-e-inmortaliza-a-valenzuela-al-retirar-numero-34\\\/#breadcrumb\"},\"inLanguage\":\"es\",\"potentialAction\":[{\"@type\":\"ReadAction\",\"target\":[\"https:\\\/\\\/fuentesfidedignas.com.mx\\\/index.php\\\/2023\\\/08\\\/12\\\/dodgers-rinde-homenaje-e-inmortaliza-a-valenzuela-al-retirar-numero-34\\\/\"]}]},{\"@type\":\"ImageObject\",\"inLanguage\":\"es\",\"@id\":\"https:\\\/\\\/fuentesfidedignas.com.mx\\\/index.php\\\/2023\\\/08\\\/12\\\/dodgers-rinde-homenaje-e-inmortaliza-a-valenzuela-al-retirar-numero-34\\\/#primaryimage\",\"url\":\"https:\\\/\\\/fuentesfidedignas.com.mx\\\/wp-content\\\/uploads\\\/2023\\\/08\\\/valenzuela-agradecio-a-los-aficionados.jpg\",\"contentUrl\":\"https:\\\/\\\/fuentesfidedignas.com.mx\\\/wp-content\\\/uploads\\\/2023\\\/08\\\/valenzuela-agradecio-a-los-aficionados.jpg\",\"width\":936,\"height\":566},{\"@type\":\"BreadcrumbList\",\"@id\":\"https:\\\/\\\/fuentesfidedignas.com.mx\\\/index.php\\\/2023\\\/08\\\/12\\\/dodgers-rinde-homenaje-e-inmortaliza-a-valenzuela-al-retirar-numero-34\\\/#breadcrumb\",\"itemListElement\":[{\"@type\":\"ListItem\",\"position\":1,\"name\":\"Inicio\",\"item\":\"https:\\\/\\\/fuentesfidedignas.com.mx\\\/\"},{\"@type\":\"ListItem\",\"position\":2,\"name\":\"Dodgers rinde homenaje e inmortaliza a &#8220;El Toro&#8221; Valenzuela al retirar n\u00famero 34\"}]},{\"@type\":\"WebSite\",\"@id\":\"https:\\\/\\\/fuentesfidedignas.com.mx\\\/#website\",\"url\":\"https:\\\/\\\/fuentesfidedignas.com.mx\\\/\",\"name\":\"Fuentes Fidedignas\",\"description\":\"Otro sitio realizado con WordPress\",\"publisher\":{\"@id\":\"https:\\\/\\\/fuentesfidedignas.com.mx\\\/#organization\"},\"potentialAction\":[{\"@type\":\"SearchAction\",\"target\":{\"@type\":\"EntryPoint\",\"urlTemplate\":\"https:\\\/\\\/fuentesfidedignas.com.mx\\\/?s={search_term_string}\"},\"query-input\":{\"@type\":\"PropertyValueSpecification\",\"valueRequired\":true,\"valueName\":\"search_term_string\"}}],\"inLanguage\":\"es\"},{\"@type\":\"Organization\",\"@id\":\"https:\\\/\\\/fuentesfidedignas.com.mx\\\/#organization\",\"name\":\"Fuentes Fidedignas\",\"url\":\"https:\\\/\\\/fuentesfidedignas.com.mx\\\/\",\"logo\":{\"@type\":\"ImageObject\",\"inLanguage\":\"es\",\"@id\":\"https:\\\/\\\/fuentesfidedignas.com.mx\\\/#\\\/schema\\\/logo\\\/image\\\/\",\"url\":\"https:\\\/\\\/fuentesfidedignas.com.mx\\\/wp-content\\\/uploads\\\/2021\\\/04\\\/logo-retina.png\",\"contentUrl\":\"https:\\\/\\\/fuentesfidedignas.com.mx\\\/wp-content\\\/uploads\\\/2021\\\/04\\\/logo-retina.png\",\"width\":280,\"height\":51,\"caption\":\"Fuentes Fidedignas\"},\"image\":{\"@id\":\"https:\\\/\\\/fuentesfidedignas.com.mx\\\/#\\\/schema\\\/logo\\\/image\\\/\"},\"sameAs\":[\"https:\\\/\\\/www.facebook.com\\\/Fuentes-Fidedignas-368234489921644\",\"https:\\\/\\\/x.com\\\/fidedignas\"]},{\"@type\":\"Person\",\"@id\":\"https:\\\/\\\/fuentesfidedignas.com.mx\\\/#\\\/schema\\\/person\\\/879cf78e15a88be0541285dd15da0511\",\"name\":\"Mediotiempo\",\"image\":{\"@type\":\"ImageObject\",\"inLanguage\":\"es\",\"@id\":\"https:\\\/\\\/secure.gravatar.com\\\/avatar\\\/ff224521f778fce0501a713c6e514ebfd4eda6a354208581604b6813a600e715?s=96&d=mm&r=g\",\"url\":\"https:\\\/\\\/secure.gravatar.com\\\/avatar\\\/ff224521f778fce0501a713c6e514ebfd4eda6a354208581604b6813a600e715?s=96&d=mm&r=g\",\"contentUrl\":\"https:\\\/\\\/secure.gravatar.com\\\/avatar\\\/ff224521f778fce0501a713c6e514ebfd4eda6a354208581604b6813a600e715?s=96&d=mm&r=g\",\"caption\":\"Mediotiempo\"},\"url\":\"https:\\\/\\\/fuentesfidedignas.com.mx\\\/index.php\\\/author\\\/mediotiempo\\\/\"}]}<\/script>\n<!-- \/ Yoast SEO plugin. -->","yoast_head_json":{"title":"Dodgers rinde homenaje e inmortaliza a \"El Toro\" Valenzuela al retirar n\u00famero 34 - Fuentes Fidedignas","robots":{"index":"index","follow":"follow","max-snippet":"max-snippet:-1","max-image-preview":"max-image-preview:large","max-video-preview":"max-video-preview:-1"},"canonical":"https:\/\/fuentesfidedignas.com.mx\/index.php\/2023\/08\/12\/dodgers-rinde-homenaje-e-inmortaliza-a-valenzuela-al-retirar-numero-34\/","og_locale":"es_MX","og_type":"article","og_title":"Dodgers rinde homenaje e inmortaliza a \"El Toro\" Valenzuela al retirar n\u00famero 34 - Fuentes Fidedignas","og_description":"En el &#8216;D\u00eda de Fernando Valenzuela&#8217; en Los \u00c1ngeles, la leyenda mexicana fue homenajeada en Dodger Stadium California, EU.- Los \u00c1ngeles Dodgers honraron este viernes la memoria de uno de los grandes \u00eddolos de su historia: el mexicano Fernando Valenzuela. El &#8216;Toro&#8217; recibi\u00f3 un gran homenaje en Dodger Stadium donde la organizaci\u00f3n angelina retir\u00f3 su [&hellip;]","og_url":"https:\/\/fuentesfidedignas.com.mx\/index.php\/2023\/08\/12\/dodgers-rinde-homenaje-e-inmortaliza-a-valenzuela-al-retirar-numero-34\/","og_site_name":"Fuentes Fidedignas","article_publisher":"https:\/\/www.facebook.com\/Fuentes-Fidedignas-368234489921644","article_published_time":"2023-08-12T16:47:51+00:00","article_modified_time":"2023-08-12T16:49:15+00:00","og_image":[{"width":936,"height":566,"url":"https:\/\/fuentesfidedignas.com.mx\/wp-content\/uploads\/2023\/08\/valenzuela-agradecio-a-los-aficionados.jpg","type":"image\/jpeg"}],"author":"Mediotiempo","twitter_card":"summary_large_image","twitter_creator":"@fidedignas","twitter_site":"@fidedignas","twitter_misc":{"Escrito por":"Mediotiempo","Tiempo de lectura":"2 minutos"},"schema":{"@context":"https:\/\/schema.org","@graph":[{"@type":"Article","@id":"https:\/\/fuentesfidedignas.com.mx\/index.php\/2023\/08\/12\/dodgers-rinde-homenaje-e-inmortaliza-a-valenzuela-al-retirar-numero-34\/#article","isPartOf":{"@id":"https:\/\/fuentesfidedignas.com.mx\/index.php\/2023\/08\/12\/dodgers-rinde-homenaje-e-inmortaliza-a-valenzuela-al-retirar-numero-34\/"},"author":{"name":"Mediotiempo","@id":"https:\/\/fuentesfidedignas.com.mx\/#\/schema\/person\/879cf78e15a88be0541285dd15da0511"},"headline":"Dodgers rinde homenaje e inmortaliza a &#8220;El Toro&#8221; Valenzuela al retirar n\u00famero 34","datePublished":"2023-08-12T16:47:51+00:00","dateModified":"2023-08-12T16:49:15+00:00","mainEntityOfPage":{"@id":"https:\/\/fuentesfidedignas.com.mx\/index.php\/2023\/08\/12\/dodgers-rinde-homenaje-e-inmortaliza-a-valenzuela-al-retirar-numero-34\/"},"wordCount":353,"commentCount":0,"publisher":{"@id":"https:\/\/fuentesfidedignas.com.mx\/#organization"},"image":{"@id":"https:\/\/fuentesfidedignas.com.mx\/index.php\/2023\/08\/12\/dodgers-rinde-homenaje-e-inmortaliza-a-valenzuela-al-retirar-numero-34\/#primaryimage"},"thumbnailUrl":"https:\/\/fuentesfidedignas.com.mx\/wp-content\/uploads\/2023\/08\/valenzuela-agradecio-a-los-aficionados.jpg","articleSection":["NOTA PRINCIPAL"],"inLanguage":"es","potentialAction":[{"@type":"CommentAction","name":"Comment","target":["https:\/\/fuentesfidedignas.com.mx\/index.php\/2023\/08\/12\/dodgers-rinde-homenaje-e-inmortaliza-a-valenzuela-al-retirar-numero-34\/#respond"]}]},{"@type":"WebPage","@id":"https:\/\/fuentesfidedignas.com.mx\/index.php\/2023\/08\/12\/dodgers-rinde-homenaje-e-inmortaliza-a-valenzuela-al-retirar-numero-34\/","url":"https:\/\/fuentesfidedignas.com.mx\/index.php\/2023\/08\/12\/dodgers-rinde-homenaje-e-inmortaliza-a-valenzuela-al-retirar-numero-34\/","name":"Dodgers rinde homenaje e inmortaliza a \"El Toro\" Valenzuela al retirar n\u00famero 34 - Fuentes Fidedignas","isPartOf":{"@id":"https:\/\/fuentesfidedignas.com.mx\/#website"},"primaryImageOfPage":{"@id":"https:\/\/fuentesfidedignas.com.mx\/index.php\/2023\/08\/12\/dodgers-rinde-homenaje-e-inmortaliza-a-valenzuela-al-retirar-numero-34\/#primaryimage"},"image":{"@id":"https:\/\/fuentesfidedignas.com.mx\/index.php\/2023\/08\/12\/dodgers-rinde-homenaje-e-inmortaliza-a-valenzuela-al-retirar-numero-34\/#primaryimage"},"thumbnailUrl":"https:\/\/fuentesfidedignas.com.mx\/wp-content\/uploads\/2023\/08\/valenzuela-agradecio-a-los-aficionados.jpg","datePublished":"2023-08-12T16:47:51+00:00","dateModified":"2023-08-12T16:49:15+00:00","breadcrumb":{"@id":"https:\/\/fuentesfidedignas.com.mx\/index.php\/2023\/08\/12\/dodgers-rinde-homenaje-e-inmortaliza-a-valenzuela-al-retirar-numero-34\/#breadcrumb"},"inLanguage":"es","potentialAction":[{"@type":"ReadAction","target":["https:\/\/fuentesfidedignas.com.mx\/index.php\/2023\/08\/12\/dodgers-rinde-homenaje-e-inmortaliza-a-valenzuela-al-retirar-numero-34\/"]}]},{"@type":"ImageObject","inLanguage":"es","@id":"https:\/\/fuentesfidedignas.com.mx\/index.php\/2023\/08\/12\/dodgers-rinde-homenaje-e-inmortaliza-a-valenzuela-al-retirar-numero-34\/#primaryimage","url":"https:\/\/fuentesfidedignas.com.mx\/wp-content\/uploads\/2023\/08\/valenzuela-agradecio-a-los-aficionados.jpg","contentUrl":"https:\/\/fuentesfidedignas.com.mx\/wp-content\/uploads\/2023\/08\/valenzuela-agradecio-a-los-aficionados.jpg","width":936,"height":566},{"@type":"BreadcrumbList","@id":"https:\/\/fuentesfidedignas.com.mx\/index.php\/2023\/08\/12\/dodgers-rinde-homenaje-e-inmortaliza-a-valenzuela-al-retirar-numero-34\/#breadcrumb","itemListElement":[{"@type":"ListItem","position":1,"name":"Inicio","item":"https:\/\/fuentesfidedignas.com.mx\/"},{"@type":"ListItem","position":2,"name":"Dodgers rinde homenaje e inmortaliza a &#8220;El Toro&#8221; Valenzuela al retirar n\u00famero 34"}]},{"@type":"WebSite","@id":"https:\/\/fuentesfidedignas.com.mx\/#website","url":"https:\/\/fuentesfidedignas.com.mx\/","name":"Fuentes Fidedignas","description":"Otro sitio realizado con WordPress","publisher":{"@id":"https:\/\/fuentesfidedignas.com.mx\/#organization"},"potentialAction":[{"@type":"SearchAction","target":{"@type":"EntryPoint","urlTemplate":"https:\/\/fuentesfidedignas.com.mx\/?s={search_term_string}"},"query-input":{"@type":"PropertyValueSpecification","valueRequired":true,"valueName":"search_term_string"}}],"inLanguage":"es"},{"@type":"Organization","@id":"https:\/\/fuentesfidedignas.com.mx\/#organization","name":"Fuentes Fidedignas","url":"https:\/\/fuentesfidedignas.com.mx\/","logo":{"@type":"ImageObject","inLanguage":"es","@id":"https:\/\/fuentesfidedignas.com.mx\/#\/schema\/logo\/image\/","url":"https:\/\/fuentesfidedignas.com.mx\/wp-content\/uploads\/2021\/04\/logo-retina.png","contentUrl":"https:\/\/fuentesfidedignas.com.mx\/wp-content\/uploads\/2021\/04\/logo-retina.png","width":280,"height":51,"caption":"Fuentes Fidedignas"},"image":{"@id":"https:\/\/fuentesfidedignas.com.mx\/#\/schema\/logo\/image\/"},"sameAs":["https:\/\/www.facebook.com\/Fuentes-Fidedignas-368234489921644","https:\/\/x.com\/fidedignas"]},{"@type":"Person","@id":"https:\/\/fuentesfidedignas.com.mx\/#\/schema\/person\/879cf78e15a88be0541285dd15da0511","name":"Mediotiempo","image":{"@type":"ImageObject","inLanguage":"es","@id":"https:\/\/secure.gravatar.com\/avatar\/ff224521f778fce0501a713c6e514ebfd4eda6a354208581604b6813a600e715?s=96&d=mm&r=g","url":"https:\/\/secure.gravatar.com\/avatar\/ff224521f778fce0501a713c6e514ebfd4eda6a354208581604b6813a600e715?s=96&d=mm&r=g","contentUrl":"https:\/\/secure.gravatar.com\/avatar\/ff224521f778fce0501a713c6e514ebfd4eda6a354208581604b6813a600e715?s=96&d=mm&r=g","caption":"Mediotiempo"},"url":"https:\/\/fuentesfidedignas.com.mx\/index.php\/author\/mediotiempo\/"}]}},"_links":{"self":[{"href":"https:\/\/fuentesfidedignas.com.mx\/index.php\/wp-json\/wp\/v2\/posts\/55212","targetHints":{"allow":["GET"]}}],"collection":[{"href":"https:\/\/fuentesfidedignas.com.mx\/index.php\/wp-json\/wp\/v2\/posts"}],"about":[{"href":"https:\/\/fuentesfidedignas.com.mx\/index.php\/wp-json\/wp\/v2\/types\/post"}],"author":[{"embeddable":true,"href":"https:\/\/fuentesfidedignas.com.mx\/index.php\/wp-json\/wp\/v2\/users\/6"}],"replies":[{"embeddable":true,"href":"https:\/\/fuentesfidedignas.com.mx\/index.php\/wp-json\/wp\/v2\/comments?post=55212"}],"version-history":[{"count":2,"href":"https:\/\/fuentesfidedignas.com.mx\/index.php\/wp-json\/wp\/v2\/posts\/55212\/revisions"}],"predecessor-version":[{"id":55215,"href":"https:\/\/fuentesfidedignas.com.mx\/index.php\/wp-json\/wp\/v2\/posts\/55212\/revisions\/55215"}],"wp:featuredmedia":[{"embeddable":true,"href":"https:\/\/fuentesfidedignas.com.mx\/index.php\/wp-json\/wp\/v2\/media\/55214"}],"wp:attachment":[{"href":"https:\/\/fuentesfidedignas.com.mx\/index.php\/wp-json\/wp\/v2\/media?parent=55212"}],"wp:term":[{"taxonomy":"category","embeddable":true,"href":"https:\/\/fuentesfidedignas.com.mx\/index.php\/wp-json\/wp\/v2\/categories?post=55212"},{"taxonomy":"post_tag","embeddable":true,"href":"https:\/\/fuentesfidedignas.com.mx\/index.php\/wp-json\/wp\/v2\/tags?post=55212"}],"curies":[{"name":"wp","href":"https:\/\/api.w.org\/{rel}","templated":true}]}}