{"id":55209,"date":"2023-08-12T09:37:02","date_gmt":"2023-08-12T16:37:02","guid":{"rendered":"https:\/\/fuentesfidedignas.com.mx\/?p=55209"},"modified":"2023-08-12T09:38:29","modified_gmt":"2023-08-12T16:38:29","slug":"reconocen-padres-de-familia-la-calidad-educativa-que-brinda-la-uas","status":"publish","type":"post","link":"https:\/\/fuentesfidedignas.com.mx\/index.php\/2023\/08\/12\/reconocen-padres-de-familia-la-calidad-educativa-que-brinda-la-uas\/","title":{"rendered":"Reconocen padres de familia la calidad educativa que brinda la UAS"},"content":{"rendered":"\n<p><\/p>\n\n\n\n<p>Culiac\u00e1n, Sin. Como una instituci\u00f3n noble, con calidad acad\u00e9mica y que a trav\u00e9s de la formaci\u00f3n integral que da a todo estudiante les brinda crecimiento profesional y mayores oportunidades de insertarse con \u00e9xito en el campo laboral, describi\u00f3 Brenda Karina Araujo Carrillo a la Universidad Aut\u00f3noma de Sinaloa (UAS).<\/p>\n\n\n\n<p>La madre de familia se dijo orgullosa de pertenecer a la comunidad Rosalina, pues no solo sus hijas han pasado por las aulas de la UAS, si no que ella tambi\u00e9n es egresada de esta alma m\u00e1ter a la que le guarda un gran cari\u00f1o por permitirle desarrollarse como profesionista.<\/p>\n\n\n\n<p>\u201c<strong>Ahora que mis hijas han decidido estudiar, sin duda alguna la primera opci\u00f3n es la Universidad Aut\u00f3noma de Sinaloa, por qu\u00e9, porque es una instituci\u00f3n noble, con calidad acad\u00e9mica que yo s\u00e9 que a mis hijas en lugar de cerrarles puertas se las abrir\u00e1 a cualquier lugar que ellas vayan a ir<\/strong>\u201d, expres\u00f3.<\/p>\n\n\n\n<p>Comparti\u00f3 que puede ver c\u00f3mo la universidad se ha transformado para mejor y ha crecido en infraestructura, en instalaciones de primer nivel, en programas que permiten que su alumnado se forme no solo acad\u00e9micamente, sino que tambi\u00e9n crezca en valores y se convierta en un agente de cambio.<\/p>\n\n\n\n<p>\u201c<strong>Es un apoyo integral porque viene desde la formaci\u00f3n acad\u00e9mica, programas a los que ellas pueden tener acceso en cuanto a deporte, cultura, otros idiomas, son programas que vienen a complementar esa formaci\u00f3n y que no le pide nada a ninguna instituci\u00f3n de nivel nacional o internacional<\/strong>\u201d, manifest\u00f3.<\/p>\n\n\n\n<p>De igual manera, coment\u00f3 sentirse arropada por la M\u00e1xima Casa de Estudios, ya que ha podido comprobar a trav\u00e9s de sus hijas, quienes cursaron por las aulas del bachillerato universitario y ahora su formaci\u00f3n profesional, que la UAS les proporciona un acompa\u00f1amiento completo para que alcancen su desarrollo tanto en el \u00e1mbito personal como profesional.<\/p>\n\n\n\n<p><strong>\u201cAqu\u00ed no hay l\u00edmite porque si ella tiene deseo de irse a estudiar a otro estado, de irse a estudiar a otro pa\u00eds, ese v\u00ednculo, ese programa existe aqu\u00ed en la universidad<\/strong>\u201d, dijo.<\/p>\n\n\n\n<p>Araujo Carrillo, reconoci\u00f3 la ardua labor que realiza la m\u00e1s que centenaria instituci\u00f3n, quienes para muchos sinaloenses y padres y madres de familia como ella, se ha convertido en una universidad accesible, con profesores y programas de calidad y que aporta al desarrollo del propio estado, por lo que invit\u00f3 a quienes son parte de la comunidad universitaria a tener confianza en la instituci\u00f3n que forma a sus hijos.<\/p>\n\n\n\n<p>\u201cCalidad de ah\u00ed le sigue lo que es la nobleza, la nobleza por qu\u00e9, porque siempre est\u00e1 buscando la forma, pues es su raz\u00f3n de ser los estudiantes, c\u00f3mo voy a ayudar a un estudiante, c\u00f3mo lo voy a apoyar, c\u00f3mo lo voy a impulsar, c\u00f3mo lo voy a acompa\u00f1ar y c\u00f3mo voy a llegar a que incluso ese estudiante fuera de aqu\u00ed, en el caso m\u00edo como egresada, todav\u00eda yo sigo siendo Universidad Aut\u00f3noma de Sinaloa\u201d, extern\u00f3.<\/p>\n","protected":false},"excerpt":{"rendered":"<p>Culiac\u00e1n, Sin. Como una instituci\u00f3n noble, con calidad acad\u00e9mica y que a trav\u00e9s de la formaci\u00f3n integral que da a todo estudiante les brinda crecimiento profesional y mayores oportunidades de insertarse con \u00e9xito en el campo laboral, describi\u00f3 Brenda Karina Araujo Carrillo a la Universidad Aut\u00f3noma de Sinaloa (UAS). La madre de familia se dijo [&hellip;]<\/p>\n","protected":false},"author":4,"featured_media":55211,"comment_status":"open","ping_status":"open","sticky":false,"template":"","format":"standard","meta":{"tdm_status":"","tdm_grid_status":"","footnotes":""},"categories":[38,1],"tags":[],"class_list":{"0":"post-55209","1":"post","2":"type-post","3":"status-publish","4":"format-standard","5":"has-post-thumbnail","7":"category-noticias-locales","8":"category-sin-categoria"},"yoast_head":"<!-- This site is optimized with the Yoast SEO plugin v27.5 - https:\/\/yoast.com\/product\/yoast-seo-wordpress\/ -->\n<title>Reconocen padres de familia la calidad educativa que brinda la UAS - Fuentes Fidedignas<\/title>\n<meta name=\"robots\" content=\"index, follow, max-snippet:-1, max-image-preview:large, max-video-preview:-1\" \/>\n<link rel=\"canonical\" href=\"https:\/\/fuentesfidedignas.com.mx\/index.php\/2023\/08\/12\/reconocen-padres-de-familia-la-calidad-educativa-que-brinda-la-uas\/\" \/>\n<meta property=\"og:locale\" content=\"es_MX\" \/>\n<meta property=\"og:type\" content=\"article\" \/>\n<meta property=\"og:title\" content=\"Reconocen padres de familia la calidad educativa que brinda la UAS - Fuentes Fidedignas\" \/>\n<meta property=\"og:description\" content=\"Culiac\u00e1n, Sin. Como una instituci\u00f3n noble, con calidad acad\u00e9mica y que a trav\u00e9s de la formaci\u00f3n integral que da a todo estudiante les brinda crecimiento profesional y mayores oportunidades de insertarse con \u00e9xito en el campo laboral, describi\u00f3 Brenda Karina Araujo Carrillo a la Universidad Aut\u00f3noma de Sinaloa (UAS). La madre de familia se dijo [&hellip;]\" \/>\n<meta property=\"og:url\" content=\"https:\/\/fuentesfidedignas.com.mx\/index.php\/2023\/08\/12\/reconocen-padres-de-familia-la-calidad-educativa-que-brinda-la-uas\/\" \/>\n<meta property=\"og:site_name\" content=\"Fuentes Fidedignas\" \/>\n<meta property=\"article:publisher\" content=\"https:\/\/www.facebook.com\/Fuentes-Fidedignas-368234489921644\" \/>\n<meta property=\"article:published_time\" content=\"2023-08-12T16:37:02+00:00\" \/>\n<meta property=\"article:modified_time\" content=\"2023-08-12T16:38:29+00:00\" \/>\n<meta property=\"og:image\" content=\"https:\/\/fuentesfidedignas.com.mx\/wp-content\/uploads\/2023\/08\/BRENDA-KARINA-ARAUJO-2-scaled.jpg\" \/>\n\t<meta property=\"og:image:width\" content=\"2560\" \/>\n\t<meta property=\"og:image:height\" content=\"1707\" \/>\n\t<meta property=\"og:image:type\" content=\"image\/jpeg\" \/>\n<meta name=\"author\" content=\"Redacci\u00f3n\" \/>\n<meta name=\"twitter:card\" content=\"summary_large_image\" \/>\n<meta name=\"twitter:creator\" content=\"@fidedignas\" \/>\n<meta name=\"twitter:site\" content=\"@fidedignas\" \/>\n<meta name=\"twitter:label1\" content=\"Escrito por\" \/>\n\t<meta name=\"twitter:data1\" content=\"Redacci\u00f3n\" \/>\n\t<meta name=\"twitter:label2\" content=\"Tiempo de lectura\" \/>\n\t<meta name=\"twitter:data2\" content=\"3 minutos\" \/>\n<script type=\"application\/ld+json\" class=\"yoast-schema-graph\">{\"@context\":\"https:\\\/\\\/schema.org\",\"@graph\":[{\"@type\":\"Article\",\"@id\":\"https:\\\/\\\/fuentesfidedignas.com.mx\\\/index.php\\\/2023\\\/08\\\/12\\\/reconocen-padres-de-familia-la-calidad-educativa-que-brinda-la-uas\\\/#article\",\"isPartOf\":{\"@id\":\"https:\\\/\\\/fuentesfidedignas.com.mx\\\/index.php\\\/2023\\\/08\\\/12\\\/reconocen-padres-de-familia-la-calidad-educativa-que-brinda-la-uas\\\/\"},\"author\":{\"name\":\"Redacci\u00f3n\",\"@id\":\"https:\\\/\\\/fuentesfidedignas.com.mx\\\/#\\\/schema\\\/person\\\/331be9283d37198e2acd5750279085b0\"},\"headline\":\"Reconocen padres de familia la calidad educativa que brinda la UAS\",\"datePublished\":\"2023-08-12T16:37:02+00:00\",\"dateModified\":\"2023-08-12T16:38:29+00:00\",\"mainEntityOfPage\":{\"@id\":\"https:\\\/\\\/fuentesfidedignas.com.mx\\\/index.php\\\/2023\\\/08\\\/12\\\/reconocen-padres-de-familia-la-calidad-educativa-que-brinda-la-uas\\\/\"},\"wordCount\":534,\"commentCount\":0,\"publisher\":{\"@id\":\"https:\\\/\\\/fuentesfidedignas.com.mx\\\/#organization\"},\"image\":{\"@id\":\"https:\\\/\\\/fuentesfidedignas.com.mx\\\/index.php\\\/2023\\\/08\\\/12\\\/reconocen-padres-de-familia-la-calidad-educativa-que-brinda-la-uas\\\/#primaryimage\"},\"thumbnailUrl\":\"https:\\\/\\\/fuentesfidedignas.com.mx\\\/wp-content\\\/uploads\\\/2023\\\/08\\\/BRENDA-KARINA-ARAUJO-2-scaled.jpg\",\"articleSection\":[\"NOTICIAS LOCALES\"],\"inLanguage\":\"es\",\"potentialAction\":[{\"@type\":\"CommentAction\",\"name\":\"Comment\",\"target\":[\"https:\\\/\\\/fuentesfidedignas.com.mx\\\/index.php\\\/2023\\\/08\\\/12\\\/reconocen-padres-de-familia-la-calidad-educativa-que-brinda-la-uas\\\/#respond\"]}]},{\"@type\":\"WebPage\",\"@id\":\"https:\\\/\\\/fuentesfidedignas.com.mx\\\/index.php\\\/2023\\\/08\\\/12\\\/reconocen-padres-de-familia-la-calidad-educativa-que-brinda-la-uas\\\/\",\"url\":\"https:\\\/\\\/fuentesfidedignas.com.mx\\\/index.php\\\/2023\\\/08\\\/12\\\/reconocen-padres-de-familia-la-calidad-educativa-que-brinda-la-uas\\\/\",\"name\":\"Reconocen padres de familia la calidad educativa que brinda la UAS - Fuentes Fidedignas\",\"isPartOf\":{\"@id\":\"https:\\\/\\\/fuentesfidedignas.com.mx\\\/#website\"},\"primaryImageOfPage\":{\"@id\":\"https:\\\/\\\/fuentesfidedignas.com.mx\\\/index.php\\\/2023\\\/08\\\/12\\\/reconocen-padres-de-familia-la-calidad-educativa-que-brinda-la-uas\\\/#primaryimage\"},\"image\":{\"@id\":\"https:\\\/\\\/fuentesfidedignas.com.mx\\\/index.php\\\/2023\\\/08\\\/12\\\/reconocen-padres-de-familia-la-calidad-educativa-que-brinda-la-uas\\\/#primaryimage\"},\"thumbnailUrl\":\"https:\\\/\\\/fuentesfidedignas.com.mx\\\/wp-content\\\/uploads\\\/2023\\\/08\\\/BRENDA-KARINA-ARAUJO-2-scaled.jpg\",\"datePublished\":\"2023-08-12T16:37:02+00:00\",\"dateModified\":\"2023-08-12T16:38:29+00:00\",\"breadcrumb\":{\"@id\":\"https:\\\/\\\/fuentesfidedignas.com.mx\\\/index.php\\\/2023\\\/08\\\/12\\\/reconocen-padres-de-familia-la-calidad-educativa-que-brinda-la-uas\\\/#breadcrumb\"},\"inLanguage\":\"es\",\"potentialAction\":[{\"@type\":\"ReadAction\",\"target\":[\"https:\\\/\\\/fuentesfidedignas.com.mx\\\/index.php\\\/2023\\\/08\\\/12\\\/reconocen-padres-de-familia-la-calidad-educativa-que-brinda-la-uas\\\/\"]}]},{\"@type\":\"ImageObject\",\"inLanguage\":\"es\",\"@id\":\"https:\\\/\\\/fuentesfidedignas.com.mx\\\/index.php\\\/2023\\\/08\\\/12\\\/reconocen-padres-de-familia-la-calidad-educativa-que-brinda-la-uas\\\/#primaryimage\",\"url\":\"https:\\\/\\\/fuentesfidedignas.com.mx\\\/wp-content\\\/uploads\\\/2023\\\/08\\\/BRENDA-KARINA-ARAUJO-2-scaled.jpg\",\"contentUrl\":\"https:\\\/\\\/fuentesfidedignas.com.mx\\\/wp-content\\\/uploads\\\/2023\\\/08\\\/BRENDA-KARINA-ARAUJO-2-scaled.jpg\",\"width\":2560,\"height\":1707},{\"@type\":\"BreadcrumbList\",\"@id\":\"https:\\\/\\\/fuentesfidedignas.com.mx\\\/index.php\\\/2023\\\/08\\\/12\\\/reconocen-padres-de-familia-la-calidad-educativa-que-brinda-la-uas\\\/#breadcrumb\",\"itemListElement\":[{\"@type\":\"ListItem\",\"position\":1,\"name\":\"Inicio\",\"item\":\"https:\\\/\\\/fuentesfidedignas.com.mx\\\/\"},{\"@type\":\"ListItem\",\"position\":2,\"name\":\"Reconocen padres de familia la calidad educativa que brinda la UAS\"}]},{\"@type\":\"WebSite\",\"@id\":\"https:\\\/\\\/fuentesfidedignas.com.mx\\\/#website\",\"url\":\"https:\\\/\\\/fuentesfidedignas.com.mx\\\/\",\"name\":\"Fuentes Fidedignas\",\"description\":\"Otro sitio realizado con WordPress\",\"publisher\":{\"@id\":\"https:\\\/\\\/fuentesfidedignas.com.mx\\\/#organization\"},\"potentialAction\":[{\"@type\":\"SearchAction\",\"target\":{\"@type\":\"EntryPoint\",\"urlTemplate\":\"https:\\\/\\\/fuentesfidedignas.com.mx\\\/?s={search_term_string}\"},\"query-input\":{\"@type\":\"PropertyValueSpecification\",\"valueRequired\":true,\"valueName\":\"search_term_string\"}}],\"inLanguage\":\"es\"},{\"@type\":\"Organization\",\"@id\":\"https:\\\/\\\/fuentesfidedignas.com.mx\\\/#organization\",\"name\":\"Fuentes Fidedignas\",\"url\":\"https:\\\/\\\/fuentesfidedignas.com.mx\\\/\",\"logo\":{\"@type\":\"ImageObject\",\"inLanguage\":\"es\",\"@id\":\"https:\\\/\\\/fuentesfidedignas.com.mx\\\/#\\\/schema\\\/logo\\\/image\\\/\",\"url\":\"https:\\\/\\\/fuentesfidedignas.com.mx\\\/wp-content\\\/uploads\\\/2021\\\/04\\\/logo-retina.png\",\"contentUrl\":\"https:\\\/\\\/fuentesfidedignas.com.mx\\\/wp-content\\\/uploads\\\/2021\\\/04\\\/logo-retina.png\",\"width\":280,\"height\":51,\"caption\":\"Fuentes Fidedignas\"},\"image\":{\"@id\":\"https:\\\/\\\/fuentesfidedignas.com.mx\\\/#\\\/schema\\\/logo\\\/image\\\/\"},\"sameAs\":[\"https:\\\/\\\/www.facebook.com\\\/Fuentes-Fidedignas-368234489921644\",\"https:\\\/\\\/x.com\\\/fidedignas\"]},{\"@type\":\"Person\",\"@id\":\"https:\\\/\\\/fuentesfidedignas.com.mx\\\/#\\\/schema\\\/person\\\/331be9283d37198e2acd5750279085b0\",\"name\":\"Redacci\u00f3n\",\"image\":{\"@type\":\"ImageObject\",\"inLanguage\":\"es\",\"@id\":\"https:\\\/\\\/secure.gravatar.com\\\/avatar\\\/f6d8782c11d12b2d4ad3fbb6931aeab5309937a4d6cd2fc9cfaa28a6396a5aec?s=96&d=mm&r=g\",\"url\":\"https:\\\/\\\/secure.gravatar.com\\\/avatar\\\/f6d8782c11d12b2d4ad3fbb6931aeab5309937a4d6cd2fc9cfaa28a6396a5aec?s=96&d=mm&r=g\",\"contentUrl\":\"https:\\\/\\\/secure.gravatar.com\\\/avatar\\\/f6d8782c11d12b2d4ad3fbb6931aeab5309937a4d6cd2fc9cfaa28a6396a5aec?s=96&d=mm&r=g\",\"caption\":\"Redacci\u00f3n\"},\"url\":\"https:\\\/\\\/fuentesfidedignas.com.mx\\\/index.php\\\/author\\\/redaccion\\\/\"}]}<\/script>\n<!-- \/ Yoast SEO plugin. -->","yoast_head_json":{"title":"Reconocen padres de familia la calidad educativa que brinda la UAS - Fuentes Fidedignas","robots":{"index":"index","follow":"follow","max-snippet":"max-snippet:-1","max-image-preview":"max-image-preview:large","max-video-preview":"max-video-preview:-1"},"canonical":"https:\/\/fuentesfidedignas.com.mx\/index.php\/2023\/08\/12\/reconocen-padres-de-familia-la-calidad-educativa-que-brinda-la-uas\/","og_locale":"es_MX","og_type":"article","og_title":"Reconocen padres de familia la calidad educativa que brinda la UAS - Fuentes Fidedignas","og_description":"Culiac\u00e1n, Sin. Como una instituci\u00f3n noble, con calidad acad\u00e9mica y que a trav\u00e9s de la formaci\u00f3n integral que da a todo estudiante les brinda crecimiento profesional y mayores oportunidades de insertarse con \u00e9xito en el campo laboral, describi\u00f3 Brenda Karina Araujo Carrillo a la Universidad Aut\u00f3noma de Sinaloa (UAS). La madre de familia se dijo [&hellip;]","og_url":"https:\/\/fuentesfidedignas.com.mx\/index.php\/2023\/08\/12\/reconocen-padres-de-familia-la-calidad-educativa-que-brinda-la-uas\/","og_site_name":"Fuentes Fidedignas","article_publisher":"https:\/\/www.facebook.com\/Fuentes-Fidedignas-368234489921644","article_published_time":"2023-08-12T16:37:02+00:00","article_modified_time":"2023-08-12T16:38:29+00:00","og_image":[{"width":2560,"height":1707,"url":"https:\/\/fuentesfidedignas.com.mx\/wp-content\/uploads\/2023\/08\/BRENDA-KARINA-ARAUJO-2-scaled.jpg","type":"image\/jpeg"}],"author":"Redacci\u00f3n","twitter_card":"summary_large_image","twitter_creator":"@fidedignas","twitter_site":"@fidedignas","twitter_misc":{"Escrito por":"Redacci\u00f3n","Tiempo de lectura":"3 minutos"},"schema":{"@context":"https:\/\/schema.org","@graph":[{"@type":"Article","@id":"https:\/\/fuentesfidedignas.com.mx\/index.php\/2023\/08\/12\/reconocen-padres-de-familia-la-calidad-educativa-que-brinda-la-uas\/#article","isPartOf":{"@id":"https:\/\/fuentesfidedignas.com.mx\/index.php\/2023\/08\/12\/reconocen-padres-de-familia-la-calidad-educativa-que-brinda-la-uas\/"},"author":{"name":"Redacci\u00f3n","@id":"https:\/\/fuentesfidedignas.com.mx\/#\/schema\/person\/331be9283d37198e2acd5750279085b0"},"headline":"Reconocen padres de familia la calidad educativa que brinda la UAS","datePublished":"2023-08-12T16:37:02+00:00","dateModified":"2023-08-12T16:38:29+00:00","mainEntityOfPage":{"@id":"https:\/\/fuentesfidedignas.com.mx\/index.php\/2023\/08\/12\/reconocen-padres-de-familia-la-calidad-educativa-que-brinda-la-uas\/"},"wordCount":534,"commentCount":0,"publisher":{"@id":"https:\/\/fuentesfidedignas.com.mx\/#organization"},"image":{"@id":"https:\/\/fuentesfidedignas.com.mx\/index.php\/2023\/08\/12\/reconocen-padres-de-familia-la-calidad-educativa-que-brinda-la-uas\/#primaryimage"},"thumbnailUrl":"https:\/\/fuentesfidedignas.com.mx\/wp-content\/uploads\/2023\/08\/BRENDA-KARINA-ARAUJO-2-scaled.jpg","articleSection":["NOTICIAS LOCALES"],"inLanguage":"es","potentialAction":[{"@type":"CommentAction","name":"Comment","target":["https:\/\/fuentesfidedignas.com.mx\/index.php\/2023\/08\/12\/reconocen-padres-de-familia-la-calidad-educativa-que-brinda-la-uas\/#respond"]}]},{"@type":"WebPage","@id":"https:\/\/fuentesfidedignas.com.mx\/index.php\/2023\/08\/12\/reconocen-padres-de-familia-la-calidad-educativa-que-brinda-la-uas\/","url":"https:\/\/fuentesfidedignas.com.mx\/index.php\/2023\/08\/12\/reconocen-padres-de-familia-la-calidad-educativa-que-brinda-la-uas\/","name":"Reconocen padres de familia la calidad educativa que brinda la UAS - Fuentes Fidedignas","isPartOf":{"@id":"https:\/\/fuentesfidedignas.com.mx\/#website"},"primaryImageOfPage":{"@id":"https:\/\/fuentesfidedignas.com.mx\/index.php\/2023\/08\/12\/reconocen-padres-de-familia-la-calidad-educativa-que-brinda-la-uas\/#primaryimage"},"image":{"@id":"https:\/\/fuentesfidedignas.com.mx\/index.php\/2023\/08\/12\/reconocen-padres-de-familia-la-calidad-educativa-que-brinda-la-uas\/#primaryimage"},"thumbnailUrl":"https:\/\/fuentesfidedignas.com.mx\/wp-content\/uploads\/2023\/08\/BRENDA-KARINA-ARAUJO-2-scaled.jpg","datePublished":"2023-08-12T16:37:02+00:00","dateModified":"2023-08-12T16:38:29+00:00","breadcrumb":{"@id":"https:\/\/fuentesfidedignas.com.mx\/index.php\/2023\/08\/12\/reconocen-padres-de-familia-la-calidad-educativa-que-brinda-la-uas\/#breadcrumb"},"inLanguage":"es","potentialAction":[{"@type":"ReadAction","target":["https:\/\/fuentesfidedignas.com.mx\/index.php\/2023\/08\/12\/reconocen-padres-de-familia-la-calidad-educativa-que-brinda-la-uas\/"]}]},{"@type":"ImageObject","inLanguage":"es","@id":"https:\/\/fuentesfidedignas.com.mx\/index.php\/2023\/08\/12\/reconocen-padres-de-familia-la-calidad-educativa-que-brinda-la-uas\/#primaryimage","url":"https:\/\/fuentesfidedignas.com.mx\/wp-content\/uploads\/2023\/08\/BRENDA-KARINA-ARAUJO-2-scaled.jpg","contentUrl":"https:\/\/fuentesfidedignas.com.mx\/wp-content\/uploads\/2023\/08\/BRENDA-KARINA-ARAUJO-2-scaled.jpg","width":2560,"height":1707},{"@type":"BreadcrumbList","@id":"https:\/\/fuentesfidedignas.com.mx\/index.php\/2023\/08\/12\/reconocen-padres-de-familia-la-calidad-educativa-que-brinda-la-uas\/#breadcrumb","itemListElement":[{"@type":"ListItem","position":1,"name":"Inicio","item":"https:\/\/fuentesfidedignas.com.mx\/"},{"@type":"ListItem","position":2,"name":"Reconocen padres de familia la calidad educativa que brinda la UAS"}]},{"@type":"WebSite","@id":"https:\/\/fuentesfidedignas.com.mx\/#website","url":"https:\/\/fuentesfidedignas.com.mx\/","name":"Fuentes Fidedignas","description":"Otro sitio realizado con WordPress","publisher":{"@id":"https:\/\/fuentesfidedignas.com.mx\/#organization"},"potentialAction":[{"@type":"SearchAction","target":{"@type":"EntryPoint","urlTemplate":"https:\/\/fuentesfidedignas.com.mx\/?s={search_term_string}"},"query-input":{"@type":"PropertyValueSpecification","valueRequired":true,"valueName":"search_term_string"}}],"inLanguage":"es"},{"@type":"Organization","@id":"https:\/\/fuentesfidedignas.com.mx\/#organization","name":"Fuentes Fidedignas","url":"https:\/\/fuentesfidedignas.com.mx\/","logo":{"@type":"ImageObject","inLanguage":"es","@id":"https:\/\/fuentesfidedignas.com.mx\/#\/schema\/logo\/image\/","url":"https:\/\/fuentesfidedignas.com.mx\/wp-content\/uploads\/2021\/04\/logo-retina.png","contentUrl":"https:\/\/fuentesfidedignas.com.mx\/wp-content\/uploads\/2021\/04\/logo-retina.png","width":280,"height":51,"caption":"Fuentes Fidedignas"},"image":{"@id":"https:\/\/fuentesfidedignas.com.mx\/#\/schema\/logo\/image\/"},"sameAs":["https:\/\/www.facebook.com\/Fuentes-Fidedignas-368234489921644","https:\/\/x.com\/fidedignas"]},{"@type":"Person","@id":"https:\/\/fuentesfidedignas.com.mx\/#\/schema\/person\/331be9283d37198e2acd5750279085b0","name":"Redacci\u00f3n","image":{"@type":"ImageObject","inLanguage":"es","@id":"https:\/\/secure.gravatar.com\/avatar\/f6d8782c11d12b2d4ad3fbb6931aeab5309937a4d6cd2fc9cfaa28a6396a5aec?s=96&d=mm&r=g","url":"https:\/\/secure.gravatar.com\/avatar\/f6d8782c11d12b2d4ad3fbb6931aeab5309937a4d6cd2fc9cfaa28a6396a5aec?s=96&d=mm&r=g","contentUrl":"https:\/\/secure.gravatar.com\/avatar\/f6d8782c11d12b2d4ad3fbb6931aeab5309937a4d6cd2fc9cfaa28a6396a5aec?s=96&d=mm&r=g","caption":"Redacci\u00f3n"},"url":"https:\/\/fuentesfidedignas.com.mx\/index.php\/author\/redaccion\/"}]}},"_links":{"self":[{"href":"https:\/\/fuentesfidedignas.com.mx\/index.php\/wp-json\/wp\/v2\/posts\/55209","targetHints":{"allow":["GET"]}}],"collection":[{"href":"https:\/\/fuentesfidedignas.com.mx\/index.php\/wp-json\/wp\/v2\/posts"}],"about":[{"href":"https:\/\/fuentesfidedignas.com.mx\/index.php\/wp-json\/wp\/v2\/types\/post"}],"author":[{"embeddable":true,"href":"https:\/\/fuentesfidedignas.com.mx\/index.php\/wp-json\/wp\/v2\/users\/4"}],"replies":[{"embeddable":true,"href":"https:\/\/fuentesfidedignas.com.mx\/index.php\/wp-json\/wp\/v2\/comments?post=55209"}],"version-history":[{"count":1,"href":"https:\/\/fuentesfidedignas.com.mx\/index.php\/wp-json\/wp\/v2\/posts\/55209\/revisions"}],"predecessor-version":[{"id":55210,"href":"https:\/\/fuentesfidedignas.com.mx\/index.php\/wp-json\/wp\/v2\/posts\/55209\/revisions\/55210"}],"wp:featuredmedia":[{"embeddable":true,"href":"https:\/\/fuentesfidedignas.com.mx\/index.php\/wp-json\/wp\/v2\/media\/55211"}],"wp:attachment":[{"href":"https:\/\/fuentesfidedignas.com.mx\/index.php\/wp-json\/wp\/v2\/media?parent=55209"}],"wp:term":[{"taxonomy":"category","embeddable":true,"href":"https:\/\/fuentesfidedignas.com.mx\/index.php\/wp-json\/wp\/v2\/categories?post=55209"},{"taxonomy":"post_tag","embeddable":true,"href":"https:\/\/fuentesfidedignas.com.mx\/index.php\/wp-json\/wp\/v2\/tags?post=55209"}],"curies":[{"name":"wp","href":"https:\/\/api.w.org\/{rel}","templated":true}]}}