{"id":55197,"date":"2023-08-11T20:00:48","date_gmt":"2023-08-12T03:00:48","guid":{"rendered":"https:\/\/fuentesfidedignas.com.mx\/?p=55197"},"modified":"2023-08-11T20:02:25","modified_gmt":"2023-08-12T03:02:25","slug":"el-pas-no-se-detiene-y-a-11-de-anos-de-su-fundacion-el-pascota-continua-con-exito-cuen","status":"publish","type":"post","link":"https:\/\/fuentesfidedignas.com.mx\/index.php\/2023\/08\/11\/el-pas-no-se-detiene-y-a-11-de-anos-de-su-fundacion-el-pascota-continua-con-exito-cuen\/","title":{"rendered":"El PAS no se detiene y a 11 de a\u00f1os de su fundaci\u00f3n el PAScota contin\u00faa con \u00e9xito: Cu\u00e9n"},"content":{"rendered":"\n<ul class=\"wp-block-list\">\n<li><em><strong>El activismo social, que dirige la MC. Ang\u00e9lica D\u00edaz de Cu\u00e9n, de manera simult\u00e1nea en los 20 CDM, lleva a cabo el programa PAScota<\/strong><\/em><\/li>\n<\/ul>\n\n\n\n<p>Culiac\u00e1n, Sin.- Por considerar que la salud de las mascotas es bienestar para los sinaloenses, el Presidente del CEE del Partido Sinaloense, MC. H\u00e9ctor Melesio Cu\u00e9n Ojeda, impulsa desde hace 11 a\u00f1os el programa PAScota, a trav\u00e9s de la Secretar\u00eda de Activismo Social Estatal, dirigida&nbsp; por la MC Ang\u00e9lica D\u00edaz de Cu\u00e9n, y en este viernes se brind\u00f3 atenci\u00f3n veterinaria en los 20 Comit\u00e9s Directivos Municipales, para promover una convivencia sana entre mascotas y los seres humanos.<\/p>\n\n\n\n<p>Durante esta jornada de PAScota, en la que se cont\u00f3 con la presencia del Secretario General del CEE, doctor, V\u00edctor Antonio Corrales Burgue\u00f1o, se brindaron m\u00e1s de 1,500 servicios gratuitos&nbsp; a perros, gatos o cualquier otro animal de compa\u00f1\u00eda, as\u00ed como tambi\u00e9n platicas informativas a fin de mantener una tenencia responsable de mascotas, adem\u00e1s de la aplicaci\u00f3n de vacunas antirr\u00e1bicas y, contra pulgas, garrapatas y otros par\u00e1sitos.<\/p>\n\n\n\n<figure class=\"wp-block-gallery has-nested-images columns-default is-cropped wp-block-gallery-1 is-layout-flex wp-block-gallery-is-layout-flex\">\n<figure class=\"wp-block-image size-large\"><img decoding=\"async\" width=\"1024\" height=\"682\" data-id=\"55200\" src=\"https:\/\/fuentesfidedignas.com.mx\/wp-content\/uploads\/2023\/08\/1000107656-1024x682.jpg\" alt=\"\" class=\"wp-image-55200\" srcset=\"https:\/\/fuentesfidedignas.com.mx\/wp-content\/uploads\/2023\/08\/1000107656-1024x682.jpg 1024w, https:\/\/fuentesfidedignas.com.mx\/wp-content\/uploads\/2023\/08\/1000107656-300x200.jpg 300w, https:\/\/fuentesfidedignas.com.mx\/wp-content\/uploads\/2023\/08\/1000107656-768x512.jpg 768w, https:\/\/fuentesfidedignas.com.mx\/wp-content\/uploads\/2023\/08\/1000107656-1536x1023.jpg 1536w, https:\/\/fuentesfidedignas.com.mx\/wp-content\/uploads\/2023\/08\/1000107656.jpg 1600w\" sizes=\"(max-width: 1024px) 100vw, 1024px\" \/><\/figure>\n\n\n\n<figure class=\"wp-block-image size-large\"><img decoding=\"async\" width=\"1024\" height=\"682\" data-id=\"55198\" src=\"https:\/\/fuentesfidedignas.com.mx\/wp-content\/uploads\/2023\/08\/1000107668.jpg\" alt=\"\" class=\"wp-image-55198\" srcset=\"https:\/\/fuentesfidedignas.com.mx\/wp-content\/uploads\/2023\/08\/1000107668.jpg 1024w, https:\/\/fuentesfidedignas.com.mx\/wp-content\/uploads\/2023\/08\/1000107668-300x200.jpg 300w, https:\/\/fuentesfidedignas.com.mx\/wp-content\/uploads\/2023\/08\/1000107668-768x512.jpg 768w\" sizes=\"(max-width: 1024px) 100vw, 1024px\" \/><\/figure>\n\n\n\n<figure class=\"wp-block-image size-large\"><img decoding=\"async\" width=\"1024\" height=\"682\" data-id=\"55199\" src=\"https:\/\/fuentesfidedignas.com.mx\/wp-content\/uploads\/2023\/08\/1000107659-1024x682.jpg\" alt=\"\" class=\"wp-image-55199\" srcset=\"https:\/\/fuentesfidedignas.com.mx\/wp-content\/uploads\/2023\/08\/1000107659-1024x682.jpg 1024w, https:\/\/fuentesfidedignas.com.mx\/wp-content\/uploads\/2023\/08\/1000107659-300x200.jpg 300w, https:\/\/fuentesfidedignas.com.mx\/wp-content\/uploads\/2023\/08\/1000107659-768x512.jpg 768w, https:\/\/fuentesfidedignas.com.mx\/wp-content\/uploads\/2023\/08\/1000107659-1536x1023.jpg 1536w, https:\/\/fuentesfidedignas.com.mx\/wp-content\/uploads\/2023\/08\/1000107659.jpg 1600w\" sizes=\"(max-width: 1024px) 100vw, 1024px\" \/><\/figure>\n\n\n\n<figure class=\"wp-block-image size-large\"><img decoding=\"async\" width=\"1024\" height=\"682\" data-id=\"55201\" src=\"https:\/\/fuentesfidedignas.com.mx\/wp-content\/uploads\/2023\/08\/1000107674.jpg\" alt=\"\" class=\"wp-image-55201\" srcset=\"https:\/\/fuentesfidedignas.com.mx\/wp-content\/uploads\/2023\/08\/1000107674.jpg 1024w, https:\/\/fuentesfidedignas.com.mx\/wp-content\/uploads\/2023\/08\/1000107674-300x200.jpg 300w, https:\/\/fuentesfidedignas.com.mx\/wp-content\/uploads\/2023\/08\/1000107674-768x512.jpg 768w\" sizes=\"(max-width: 1024px) 100vw, 1024px\" \/><\/figure>\n<\/figure>\n\n\n\n<p>\u201cEl programa PAScota que se promueve a trav\u00e9s del activismo social en todo el estado de Sinaloa desde Choix hasta Escuinapa, logra que nos responsabilicemos en el cuidado de nuestras mascotas, pues es importante ser conscientes en la protecci\u00f3n adecuada de los animales en todos los sentidos\u201d,agreg\u00f3 Cu\u00e9n Ojeda.<\/p>\n\n\n\n<p>En este evento tambi\u00e9n estuvieron presentes los Regidores del municipio de Culiac\u00e1n Lucy Felix y Sandino L\u00f3pez, as\u00ed como Mary Araujo&nbsp; del Activismo Social del CDM Culiac\u00e1n, as\u00ed como el delegado y coordinador del distrito 17 y vecinos de las colonias la Amistad, Guadalupe Victoria, Croc, las coloradas entre otras m\u00e1s.<\/p>\n","protected":false},"excerpt":{"rendered":"<p>Culiac\u00e1n, Sin.- Por considerar que la salud de las mascotas es bienestar para los sinaloenses, el Presidente del CEE del Partido Sinaloense, MC. H\u00e9ctor Melesio Cu\u00e9n Ojeda, impulsa desde hace 11 a\u00f1os el programa PAScota, a trav\u00e9s de la Secretar\u00eda de Activismo Social Estatal, dirigida&nbsp; por la MC Ang\u00e9lica D\u00edaz de Cu\u00e9n, y en este [&hellip;]<\/p>\n","protected":false},"author":4,"featured_media":55205,"comment_status":"open","ping_status":"open","sticky":false,"template":"","format":"standard","meta":{"tdm_status":"","tdm_grid_status":"","footnotes":""},"categories":[37,1],"tags":[],"class_list":{"0":"post-55197","1":"post","2":"type-post","3":"status-publish","4":"format-standard","5":"has-post-thumbnail","7":"category-nota-principal","8":"category-sin-categoria"},"yoast_head":"<!-- This site is optimized with the Yoast SEO plugin v27.5 - https:\/\/yoast.com\/product\/yoast-seo-wordpress\/ -->\n<title>El PAS no se detiene y a 11 de a\u00f1os de su fundaci\u00f3n el PAScota contin\u00faa con \u00e9xito: Cu\u00e9n - Fuentes Fidedignas<\/title>\n<meta name=\"robots\" content=\"index, follow, max-snippet:-1, max-image-preview:large, max-video-preview:-1\" \/>\n<link rel=\"canonical\" href=\"https:\/\/fuentesfidedignas.com.mx\/index.php\/2023\/08\/11\/el-pas-no-se-detiene-y-a-11-de-anos-de-su-fundacion-el-pascota-continua-con-exito-cuen\/\" \/>\n<meta property=\"og:locale\" content=\"es_MX\" \/>\n<meta property=\"og:type\" content=\"article\" \/>\n<meta property=\"og:title\" content=\"El PAS no se detiene y a 11 de a\u00f1os de su fundaci\u00f3n el PAScota contin\u00faa con \u00e9xito: Cu\u00e9n - Fuentes Fidedignas\" \/>\n<meta property=\"og:description\" content=\"Culiac\u00e1n, Sin.- Por considerar que la salud de las mascotas es bienestar para los sinaloenses, el Presidente del CEE del Partido Sinaloense, MC. H\u00e9ctor Melesio Cu\u00e9n Ojeda, impulsa desde hace 11 a\u00f1os el programa PAScota, a trav\u00e9s de la Secretar\u00eda de Activismo Social Estatal, dirigida&nbsp; por la MC Ang\u00e9lica D\u00edaz de Cu\u00e9n, y en este [&hellip;]\" \/>\n<meta property=\"og:url\" content=\"https:\/\/fuentesfidedignas.com.mx\/index.php\/2023\/08\/11\/el-pas-no-se-detiene-y-a-11-de-anos-de-su-fundacion-el-pascota-continua-con-exito-cuen\/\" \/>\n<meta property=\"og:site_name\" content=\"Fuentes Fidedignas\" \/>\n<meta property=\"article:publisher\" content=\"https:\/\/www.facebook.com\/Fuentes-Fidedignas-368234489921644\" \/>\n<meta property=\"article:published_time\" content=\"2023-08-12T03:00:48+00:00\" \/>\n<meta property=\"article:modified_time\" content=\"2023-08-12T03:02:25+00:00\" \/>\n<meta property=\"og:image\" content=\"https:\/\/fuentesfidedignas.com.mx\/wp-content\/uploads\/2023\/08\/IMG-20230811-WA0062.jpg\" \/>\n\t<meta property=\"og:image:width\" content=\"1024\" \/>\n\t<meta property=\"og:image:height\" content=\"682\" \/>\n\t<meta property=\"og:image:type\" content=\"image\/jpeg\" \/>\n<meta name=\"author\" content=\"Redacci\u00f3n\" \/>\n<meta name=\"twitter:card\" content=\"summary_large_image\" \/>\n<meta name=\"twitter:creator\" content=\"@fidedignas\" \/>\n<meta name=\"twitter:site\" content=\"@fidedignas\" \/>\n<meta name=\"twitter:label1\" content=\"Escrito por\" \/>\n\t<meta name=\"twitter:data1\" content=\"Redacci\u00f3n\" \/>\n<script type=\"application\/ld+json\" class=\"yoast-schema-graph\">{\"@context\":\"https:\\\/\\\/schema.org\",\"@graph\":[{\"@type\":\"Article\",\"@id\":\"https:\\\/\\\/fuentesfidedignas.com.mx\\\/index.php\\\/2023\\\/08\\\/11\\\/el-pas-no-se-detiene-y-a-11-de-anos-de-su-fundacion-el-pascota-continua-con-exito-cuen\\\/#article\",\"isPartOf\":{\"@id\":\"https:\\\/\\\/fuentesfidedignas.com.mx\\\/index.php\\\/2023\\\/08\\\/11\\\/el-pas-no-se-detiene-y-a-11-de-anos-de-su-fundacion-el-pascota-continua-con-exito-cuen\\\/\"},\"author\":{\"name\":\"Redacci\u00f3n\",\"@id\":\"https:\\\/\\\/fuentesfidedignas.com.mx\\\/#\\\/schema\\\/person\\\/331be9283d37198e2acd5750279085b0\"},\"headline\":\"El PAS no se detiene y a 11 de a\u00f1os de su fundaci\u00f3n el PAScota contin\u00faa con \u00e9xito: Cu\u00e9n\",\"datePublished\":\"2023-08-12T03:00:48+00:00\",\"dateModified\":\"2023-08-12T03:02:25+00:00\",\"mainEntityOfPage\":{\"@id\":\"https:\\\/\\\/fuentesfidedignas.com.mx\\\/index.php\\\/2023\\\/08\\\/11\\\/el-pas-no-se-detiene-y-a-11-de-anos-de-su-fundacion-el-pascota-continua-con-exito-cuen\\\/\"},\"wordCount\":322,\"commentCount\":0,\"publisher\":{\"@id\":\"https:\\\/\\\/fuentesfidedignas.com.mx\\\/#organization\"},\"image\":{\"@id\":\"https:\\\/\\\/fuentesfidedignas.com.mx\\\/index.php\\\/2023\\\/08\\\/11\\\/el-pas-no-se-detiene-y-a-11-de-anos-de-su-fundacion-el-pascota-continua-con-exito-cuen\\\/#primaryimage\"},\"thumbnailUrl\":\"https:\\\/\\\/fuentesfidedignas.com.mx\\\/wp-content\\\/uploads\\\/2023\\\/08\\\/IMG-20230811-WA0062.jpg\",\"articleSection\":[\"NOTA PRINCIPAL\"],\"inLanguage\":\"es\",\"potentialAction\":[{\"@type\":\"CommentAction\",\"name\":\"Comment\",\"target\":[\"https:\\\/\\\/fuentesfidedignas.com.mx\\\/index.php\\\/2023\\\/08\\\/11\\\/el-pas-no-se-detiene-y-a-11-de-anos-de-su-fundacion-el-pascota-continua-con-exito-cuen\\\/#respond\"]}]},{\"@type\":\"WebPage\",\"@id\":\"https:\\\/\\\/fuentesfidedignas.com.mx\\\/index.php\\\/2023\\\/08\\\/11\\\/el-pas-no-se-detiene-y-a-11-de-anos-de-su-fundacion-el-pascota-continua-con-exito-cuen\\\/\",\"url\":\"https:\\\/\\\/fuentesfidedignas.com.mx\\\/index.php\\\/2023\\\/08\\\/11\\\/el-pas-no-se-detiene-y-a-11-de-anos-de-su-fundacion-el-pascota-continua-con-exito-cuen\\\/\",\"name\":\"El PAS no se detiene y a 11 de a\u00f1os de su fundaci\u00f3n el PAScota contin\u00faa con \u00e9xito: Cu\u00e9n - Fuentes Fidedignas\",\"isPartOf\":{\"@id\":\"https:\\\/\\\/fuentesfidedignas.com.mx\\\/#website\"},\"primaryImageOfPage\":{\"@id\":\"https:\\\/\\\/fuentesfidedignas.com.mx\\\/index.php\\\/2023\\\/08\\\/11\\\/el-pas-no-se-detiene-y-a-11-de-anos-de-su-fundacion-el-pascota-continua-con-exito-cuen\\\/#primaryimage\"},\"image\":{\"@id\":\"https:\\\/\\\/fuentesfidedignas.com.mx\\\/index.php\\\/2023\\\/08\\\/11\\\/el-pas-no-se-detiene-y-a-11-de-anos-de-su-fundacion-el-pascota-continua-con-exito-cuen\\\/#primaryimage\"},\"thumbnailUrl\":\"https:\\\/\\\/fuentesfidedignas.com.mx\\\/wp-content\\\/uploads\\\/2023\\\/08\\\/IMG-20230811-WA0062.jpg\",\"datePublished\":\"2023-08-12T03:00:48+00:00\",\"dateModified\":\"2023-08-12T03:02:25+00:00\",\"breadcrumb\":{\"@id\":\"https:\\\/\\\/fuentesfidedignas.com.mx\\\/index.php\\\/2023\\\/08\\\/11\\\/el-pas-no-se-detiene-y-a-11-de-anos-de-su-fundacion-el-pascota-continua-con-exito-cuen\\\/#breadcrumb\"},\"inLanguage\":\"es\",\"potentialAction\":[{\"@type\":\"ReadAction\",\"target\":[\"https:\\\/\\\/fuentesfidedignas.com.mx\\\/index.php\\\/2023\\\/08\\\/11\\\/el-pas-no-se-detiene-y-a-11-de-anos-de-su-fundacion-el-pascota-continua-con-exito-cuen\\\/\"]}]},{\"@type\":\"ImageObject\",\"inLanguage\":\"es\",\"@id\":\"https:\\\/\\\/fuentesfidedignas.com.mx\\\/index.php\\\/2023\\\/08\\\/11\\\/el-pas-no-se-detiene-y-a-11-de-anos-de-su-fundacion-el-pascota-continua-con-exito-cuen\\\/#primaryimage\",\"url\":\"https:\\\/\\\/fuentesfidedignas.com.mx\\\/wp-content\\\/uploads\\\/2023\\\/08\\\/IMG-20230811-WA0062.jpg\",\"contentUrl\":\"https:\\\/\\\/fuentesfidedignas.com.mx\\\/wp-content\\\/uploads\\\/2023\\\/08\\\/IMG-20230811-WA0062.jpg\",\"width\":1024,\"height\":682},{\"@type\":\"BreadcrumbList\",\"@id\":\"https:\\\/\\\/fuentesfidedignas.com.mx\\\/index.php\\\/2023\\\/08\\\/11\\\/el-pas-no-se-detiene-y-a-11-de-anos-de-su-fundacion-el-pascota-continua-con-exito-cuen\\\/#breadcrumb\",\"itemListElement\":[{\"@type\":\"ListItem\",\"position\":1,\"name\":\"Inicio\",\"item\":\"https:\\\/\\\/fuentesfidedignas.com.mx\\\/\"},{\"@type\":\"ListItem\",\"position\":2,\"name\":\"El PAS no se detiene y a 11 de a\u00f1os de su fundaci\u00f3n el PAScota contin\u00faa con \u00e9xito: Cu\u00e9n\"}]},{\"@type\":\"WebSite\",\"@id\":\"https:\\\/\\\/fuentesfidedignas.com.mx\\\/#website\",\"url\":\"https:\\\/\\\/fuentesfidedignas.com.mx\\\/\",\"name\":\"Fuentes Fidedignas\",\"description\":\"Otro sitio realizado con WordPress\",\"publisher\":{\"@id\":\"https:\\\/\\\/fuentesfidedignas.com.mx\\\/#organization\"},\"potentialAction\":[{\"@type\":\"SearchAction\",\"target\":{\"@type\":\"EntryPoint\",\"urlTemplate\":\"https:\\\/\\\/fuentesfidedignas.com.mx\\\/?s={search_term_string}\"},\"query-input\":{\"@type\":\"PropertyValueSpecification\",\"valueRequired\":true,\"valueName\":\"search_term_string\"}}],\"inLanguage\":\"es\"},{\"@type\":\"Organization\",\"@id\":\"https:\\\/\\\/fuentesfidedignas.com.mx\\\/#organization\",\"name\":\"Fuentes Fidedignas\",\"url\":\"https:\\\/\\\/fuentesfidedignas.com.mx\\\/\",\"logo\":{\"@type\":\"ImageObject\",\"inLanguage\":\"es\",\"@id\":\"https:\\\/\\\/fuentesfidedignas.com.mx\\\/#\\\/schema\\\/logo\\\/image\\\/\",\"url\":\"https:\\\/\\\/fuentesfidedignas.com.mx\\\/wp-content\\\/uploads\\\/2021\\\/04\\\/logo-retina.png\",\"contentUrl\":\"https:\\\/\\\/fuentesfidedignas.com.mx\\\/wp-content\\\/uploads\\\/2021\\\/04\\\/logo-retina.png\",\"width\":280,\"height\":51,\"caption\":\"Fuentes Fidedignas\"},\"image\":{\"@id\":\"https:\\\/\\\/fuentesfidedignas.com.mx\\\/#\\\/schema\\\/logo\\\/image\\\/\"},\"sameAs\":[\"https:\\\/\\\/www.facebook.com\\\/Fuentes-Fidedignas-368234489921644\",\"https:\\\/\\\/x.com\\\/fidedignas\"]},{\"@type\":\"Person\",\"@id\":\"https:\\\/\\\/fuentesfidedignas.com.mx\\\/#\\\/schema\\\/person\\\/331be9283d37198e2acd5750279085b0\",\"name\":\"Redacci\u00f3n\",\"image\":{\"@type\":\"ImageObject\",\"inLanguage\":\"es\",\"@id\":\"https:\\\/\\\/secure.gravatar.com\\\/avatar\\\/f6d8782c11d12b2d4ad3fbb6931aeab5309937a4d6cd2fc9cfaa28a6396a5aec?s=96&d=mm&r=g\",\"url\":\"https:\\\/\\\/secure.gravatar.com\\\/avatar\\\/f6d8782c11d12b2d4ad3fbb6931aeab5309937a4d6cd2fc9cfaa28a6396a5aec?s=96&d=mm&r=g\",\"contentUrl\":\"https:\\\/\\\/secure.gravatar.com\\\/avatar\\\/f6d8782c11d12b2d4ad3fbb6931aeab5309937a4d6cd2fc9cfaa28a6396a5aec?s=96&d=mm&r=g\",\"caption\":\"Redacci\u00f3n\"},\"url\":\"https:\\\/\\\/fuentesfidedignas.com.mx\\\/index.php\\\/author\\\/redaccion\\\/\"}]}<\/script>\n<!-- \/ Yoast SEO plugin. -->","yoast_head_json":{"title":"El PAS no se detiene y a 11 de a\u00f1os de su fundaci\u00f3n el PAScota contin\u00faa con \u00e9xito: Cu\u00e9n - Fuentes Fidedignas","robots":{"index":"index","follow":"follow","max-snippet":"max-snippet:-1","max-image-preview":"max-image-preview:large","max-video-preview":"max-video-preview:-1"},"canonical":"https:\/\/fuentesfidedignas.com.mx\/index.php\/2023\/08\/11\/el-pas-no-se-detiene-y-a-11-de-anos-de-su-fundacion-el-pascota-continua-con-exito-cuen\/","og_locale":"es_MX","og_type":"article","og_title":"El PAS no se detiene y a 11 de a\u00f1os de su fundaci\u00f3n el PAScota contin\u00faa con \u00e9xito: Cu\u00e9n - Fuentes Fidedignas","og_description":"Culiac\u00e1n, Sin.- Por considerar que la salud de las mascotas es bienestar para los sinaloenses, el Presidente del CEE del Partido Sinaloense, MC. H\u00e9ctor Melesio Cu\u00e9n Ojeda, impulsa desde hace 11 a\u00f1os el programa PAScota, a trav\u00e9s de la Secretar\u00eda de Activismo Social Estatal, dirigida&nbsp; por la MC Ang\u00e9lica D\u00edaz de Cu\u00e9n, y en este [&hellip;]","og_url":"https:\/\/fuentesfidedignas.com.mx\/index.php\/2023\/08\/11\/el-pas-no-se-detiene-y-a-11-de-anos-de-su-fundacion-el-pascota-continua-con-exito-cuen\/","og_site_name":"Fuentes Fidedignas","article_publisher":"https:\/\/www.facebook.com\/Fuentes-Fidedignas-368234489921644","article_published_time":"2023-08-12T03:00:48+00:00","article_modified_time":"2023-08-12T03:02:25+00:00","og_image":[{"width":1024,"height":682,"url":"https:\/\/fuentesfidedignas.com.mx\/wp-content\/uploads\/2023\/08\/IMG-20230811-WA0062.jpg","type":"image\/jpeg"}],"author":"Redacci\u00f3n","twitter_card":"summary_large_image","twitter_creator":"@fidedignas","twitter_site":"@fidedignas","twitter_misc":{"Escrito por":"Redacci\u00f3n"},"schema":{"@context":"https:\/\/schema.org","@graph":[{"@type":"Article","@id":"https:\/\/fuentesfidedignas.com.mx\/index.php\/2023\/08\/11\/el-pas-no-se-detiene-y-a-11-de-anos-de-su-fundacion-el-pascota-continua-con-exito-cuen\/#article","isPartOf":{"@id":"https:\/\/fuentesfidedignas.com.mx\/index.php\/2023\/08\/11\/el-pas-no-se-detiene-y-a-11-de-anos-de-su-fundacion-el-pascota-continua-con-exito-cuen\/"},"author":{"name":"Redacci\u00f3n","@id":"https:\/\/fuentesfidedignas.com.mx\/#\/schema\/person\/331be9283d37198e2acd5750279085b0"},"headline":"El PAS no se detiene y a 11 de a\u00f1os de su fundaci\u00f3n el PAScota contin\u00faa con \u00e9xito: Cu\u00e9n","datePublished":"2023-08-12T03:00:48+00:00","dateModified":"2023-08-12T03:02:25+00:00","mainEntityOfPage":{"@id":"https:\/\/fuentesfidedignas.com.mx\/index.php\/2023\/08\/11\/el-pas-no-se-detiene-y-a-11-de-anos-de-su-fundacion-el-pascota-continua-con-exito-cuen\/"},"wordCount":322,"commentCount":0,"publisher":{"@id":"https:\/\/fuentesfidedignas.com.mx\/#organization"},"image":{"@id":"https:\/\/fuentesfidedignas.com.mx\/index.php\/2023\/08\/11\/el-pas-no-se-detiene-y-a-11-de-anos-de-su-fundacion-el-pascota-continua-con-exito-cuen\/#primaryimage"},"thumbnailUrl":"https:\/\/fuentesfidedignas.com.mx\/wp-content\/uploads\/2023\/08\/IMG-20230811-WA0062.jpg","articleSection":["NOTA PRINCIPAL"],"inLanguage":"es","potentialAction":[{"@type":"CommentAction","name":"Comment","target":["https:\/\/fuentesfidedignas.com.mx\/index.php\/2023\/08\/11\/el-pas-no-se-detiene-y-a-11-de-anos-de-su-fundacion-el-pascota-continua-con-exito-cuen\/#respond"]}]},{"@type":"WebPage","@id":"https:\/\/fuentesfidedignas.com.mx\/index.php\/2023\/08\/11\/el-pas-no-se-detiene-y-a-11-de-anos-de-su-fundacion-el-pascota-continua-con-exito-cuen\/","url":"https:\/\/fuentesfidedignas.com.mx\/index.php\/2023\/08\/11\/el-pas-no-se-detiene-y-a-11-de-anos-de-su-fundacion-el-pascota-continua-con-exito-cuen\/","name":"El PAS no se detiene y a 11 de a\u00f1os de su fundaci\u00f3n el PAScota contin\u00faa con \u00e9xito: Cu\u00e9n - Fuentes Fidedignas","isPartOf":{"@id":"https:\/\/fuentesfidedignas.com.mx\/#website"},"primaryImageOfPage":{"@id":"https:\/\/fuentesfidedignas.com.mx\/index.php\/2023\/08\/11\/el-pas-no-se-detiene-y-a-11-de-anos-de-su-fundacion-el-pascota-continua-con-exito-cuen\/#primaryimage"},"image":{"@id":"https:\/\/fuentesfidedignas.com.mx\/index.php\/2023\/08\/11\/el-pas-no-se-detiene-y-a-11-de-anos-de-su-fundacion-el-pascota-continua-con-exito-cuen\/#primaryimage"},"thumbnailUrl":"https:\/\/fuentesfidedignas.com.mx\/wp-content\/uploads\/2023\/08\/IMG-20230811-WA0062.jpg","datePublished":"2023-08-12T03:00:48+00:00","dateModified":"2023-08-12T03:02:25+00:00","breadcrumb":{"@id":"https:\/\/fuentesfidedignas.com.mx\/index.php\/2023\/08\/11\/el-pas-no-se-detiene-y-a-11-de-anos-de-su-fundacion-el-pascota-continua-con-exito-cuen\/#breadcrumb"},"inLanguage":"es","potentialAction":[{"@type":"ReadAction","target":["https:\/\/fuentesfidedignas.com.mx\/index.php\/2023\/08\/11\/el-pas-no-se-detiene-y-a-11-de-anos-de-su-fundacion-el-pascota-continua-con-exito-cuen\/"]}]},{"@type":"ImageObject","inLanguage":"es","@id":"https:\/\/fuentesfidedignas.com.mx\/index.php\/2023\/08\/11\/el-pas-no-se-detiene-y-a-11-de-anos-de-su-fundacion-el-pascota-continua-con-exito-cuen\/#primaryimage","url":"https:\/\/fuentesfidedignas.com.mx\/wp-content\/uploads\/2023\/08\/IMG-20230811-WA0062.jpg","contentUrl":"https:\/\/fuentesfidedignas.com.mx\/wp-content\/uploads\/2023\/08\/IMG-20230811-WA0062.jpg","width":1024,"height":682},{"@type":"BreadcrumbList","@id":"https:\/\/fuentesfidedignas.com.mx\/index.php\/2023\/08\/11\/el-pas-no-se-detiene-y-a-11-de-anos-de-su-fundacion-el-pascota-continua-con-exito-cuen\/#breadcrumb","itemListElement":[{"@type":"ListItem","position":1,"name":"Inicio","item":"https:\/\/fuentesfidedignas.com.mx\/"},{"@type":"ListItem","position":2,"name":"El PAS no se detiene y a 11 de a\u00f1os de su fundaci\u00f3n el PAScota contin\u00faa con \u00e9xito: Cu\u00e9n"}]},{"@type":"WebSite","@id":"https:\/\/fuentesfidedignas.com.mx\/#website","url":"https:\/\/fuentesfidedignas.com.mx\/","name":"Fuentes Fidedignas","description":"Otro sitio realizado con WordPress","publisher":{"@id":"https:\/\/fuentesfidedignas.com.mx\/#organization"},"potentialAction":[{"@type":"SearchAction","target":{"@type":"EntryPoint","urlTemplate":"https:\/\/fuentesfidedignas.com.mx\/?s={search_term_string}"},"query-input":{"@type":"PropertyValueSpecification","valueRequired":true,"valueName":"search_term_string"}}],"inLanguage":"es"},{"@type":"Organization","@id":"https:\/\/fuentesfidedignas.com.mx\/#organization","name":"Fuentes Fidedignas","url":"https:\/\/fuentesfidedignas.com.mx\/","logo":{"@type":"ImageObject","inLanguage":"es","@id":"https:\/\/fuentesfidedignas.com.mx\/#\/schema\/logo\/image\/","url":"https:\/\/fuentesfidedignas.com.mx\/wp-content\/uploads\/2021\/04\/logo-retina.png","contentUrl":"https:\/\/fuentesfidedignas.com.mx\/wp-content\/uploads\/2021\/04\/logo-retina.png","width":280,"height":51,"caption":"Fuentes Fidedignas"},"image":{"@id":"https:\/\/fuentesfidedignas.com.mx\/#\/schema\/logo\/image\/"},"sameAs":["https:\/\/www.facebook.com\/Fuentes-Fidedignas-368234489921644","https:\/\/x.com\/fidedignas"]},{"@type":"Person","@id":"https:\/\/fuentesfidedignas.com.mx\/#\/schema\/person\/331be9283d37198e2acd5750279085b0","name":"Redacci\u00f3n","image":{"@type":"ImageObject","inLanguage":"es","@id":"https:\/\/secure.gravatar.com\/avatar\/f6d8782c11d12b2d4ad3fbb6931aeab5309937a4d6cd2fc9cfaa28a6396a5aec?s=96&d=mm&r=g","url":"https:\/\/secure.gravatar.com\/avatar\/f6d8782c11d12b2d4ad3fbb6931aeab5309937a4d6cd2fc9cfaa28a6396a5aec?s=96&d=mm&r=g","contentUrl":"https:\/\/secure.gravatar.com\/avatar\/f6d8782c11d12b2d4ad3fbb6931aeab5309937a4d6cd2fc9cfaa28a6396a5aec?s=96&d=mm&r=g","caption":"Redacci\u00f3n"},"url":"https:\/\/fuentesfidedignas.com.mx\/index.php\/author\/redaccion\/"}]}},"_links":{"self":[{"href":"https:\/\/fuentesfidedignas.com.mx\/index.php\/wp-json\/wp\/v2\/posts\/55197","targetHints":{"allow":["GET"]}}],"collection":[{"href":"https:\/\/fuentesfidedignas.com.mx\/index.php\/wp-json\/wp\/v2\/posts"}],"about":[{"href":"https:\/\/fuentesfidedignas.com.mx\/index.php\/wp-json\/wp\/v2\/types\/post"}],"author":[{"embeddable":true,"href":"https:\/\/fuentesfidedignas.com.mx\/index.php\/wp-json\/wp\/v2\/users\/4"}],"replies":[{"embeddable":true,"href":"https:\/\/fuentesfidedignas.com.mx\/index.php\/wp-json\/wp\/v2\/comments?post=55197"}],"version-history":[{"count":2,"href":"https:\/\/fuentesfidedignas.com.mx\/index.php\/wp-json\/wp\/v2\/posts\/55197\/revisions"}],"predecessor-version":[{"id":55204,"href":"https:\/\/fuentesfidedignas.com.mx\/index.php\/wp-json\/wp\/v2\/posts\/55197\/revisions\/55204"}],"wp:featuredmedia":[{"embeddable":true,"href":"https:\/\/fuentesfidedignas.com.mx\/index.php\/wp-json\/wp\/v2\/media\/55205"}],"wp:attachment":[{"href":"https:\/\/fuentesfidedignas.com.mx\/index.php\/wp-json\/wp\/v2\/media?parent=55197"}],"wp:term":[{"taxonomy":"category","embeddable":true,"href":"https:\/\/fuentesfidedignas.com.mx\/index.php\/wp-json\/wp\/v2\/categories?post=55197"},{"taxonomy":"post_tag","embeddable":true,"href":"https:\/\/fuentesfidedignas.com.mx\/index.php\/wp-json\/wp\/v2\/tags?post=55197"}],"curies":[{"name":"wp","href":"https:\/\/api.w.org\/{rel}","templated":true}]}}