{"id":55177,"date":"2023-08-11T17:25:40","date_gmt":"2023-08-12T00:25:40","guid":{"rendered":"https:\/\/fuentesfidedignas.com.mx\/?p=55177"},"modified":"2023-08-11T17:26:51","modified_gmt":"2023-08-12T00:26:51","slug":"participa-ceaip-con-diagnostico-institucional-en-sistema-nacional-de-transparencia","status":"publish","type":"post","link":"https:\/\/fuentesfidedignas.com.mx\/index.php\/2023\/08\/11\/participa-ceaip-con-diagnostico-institucional-en-sistema-nacional-de-transparencia\/","title":{"rendered":"Participa CEAIP con diagn\u00f3stico institucional en Sistema Nacional de Transparencia"},"content":{"rendered":"\n<p><strong><em>Comisionados de los Institutos y Comisiones de las 32 entidades federativas del pa\u00eds presentaron un reporte de sus situaciones actuales<\/em><\/strong><\/p>\n\n\n\n<p><em>Ciudad de M\u00e9xico<\/em>. El Presidente de CEAIP, Jos\u00e9 Luis Moreno L\u00f3pez, particip\u00f3 hoy en la reuni\u00f3n de Diagn\u00f3stico para el Fortalecimiento de los Organismos Garantes de Transparencia, Acceso a la Informaci\u00f3n y Protecci\u00f3n de Datos Personales que encabeza el Sistema Nacional de Transparencia, donde expuso la situaci\u00f3n actual de este organismo en cuanto a resultados, sinergias, fortalezas y necesidades institucionales.<\/p>\n\n\n\n<p>Comisionados de los Institutos y Comisiones de las 32 entidades federativas del pa\u00eds presentaron un reporte de sus situaciones actuales, con la finalidad de que con estos intercambios al interior del SNT se elabore una radiograf\u00eda nacional con su respectiva ruta, para generar pol\u00edticas p\u00fablicas y proyectos focalizados en las fortalezas, necesidades y \u00e1reas de oportunidad de cada estado.<\/p>\n\n\n\n<p>En la presentaci\u00f3n de los resultados del formulario-diagn\u00f3stico para el fortalecimiento de los OG del #SNT, el Presidente de #CEAIP destac\u00f3 las buenas pr\u00e1cticas de la herramienta INTEGRA2, creaci\u00f3n propia que facilita el acceso de personas con distintas capacidades a portales de instituciones, el Sistema de Verificaci\u00f3n de Obligaciones de Transparencia y el tema de Contrataciones Abiertas.<\/p>\n\n\n\n<p>Como buenas fortalezas fueron calificadas la Capacitaci\u00f3n a Sujetos Obligados, los trabajos de Protecci\u00f3n de Datos Personales, los procedimientos de Verificaci\u00f3n de Obligaciones de Transparencia y los Mecanismos utilizados para la labor de Comunicaci\u00f3n Social.<\/p>\n\n\n\n<p>Como fortalezas medianas se ubicaron la actividad materialmente jurisdiccional, los trabajos en materia de Archivos y Gesti\u00f3n Documental, Datos Abiertos, Estado\/Gobierno Abierto y Mecanismos de Participaci\u00f3n Ciudadana.<\/p>\n\n\n\n<p>Y la propuesta de acciones para fortalecer los organismos garantes del Sistema Nacional de Transparencia por parte de Sinaloa fue el establecimiento de un canal de comunicaci\u00f3n eficaz y oportuno para compartir las mejores pr\u00e1cticas que cada organismo implementa, acompa\u00f1ado de la debida prueba de eficacia.<\/p>\n\n\n\n<p>Encabezaron la reuni\u00f3n las Comisionadas y el Comisionado del INAI, Julieta del R\u00edo Venegas, Josefina Rom\u00e1n Vergara y Abraham Alcal\u00e1 M\u00e9ndez, as\u00ed como Abraham Montes Maga\u00f1a, Coordinador de los Organismos Garantes de las Entidades Federativas del SNT.<\/p>\n","protected":false},"excerpt":{"rendered":"<p>Comisionados de los Institutos y Comisiones de las 32 entidades federativas del pa\u00eds presentaron un reporte de sus situaciones actuales Ciudad de M\u00e9xico. El Presidente de CEAIP, Jos\u00e9 Luis Moreno L\u00f3pez, particip\u00f3 hoy en la reuni\u00f3n de Diagn\u00f3stico para el Fortalecimiento de los Organismos Garantes de Transparencia, Acceso a la Informaci\u00f3n y Protecci\u00f3n de Datos [&hellip;]<\/p>\n","protected":false},"author":4,"featured_media":55179,"comment_status":"open","ping_status":"open","sticky":false,"template":"","format":"standard","meta":{"tdm_status":"","tdm_grid_status":"","footnotes":""},"categories":[38,1],"tags":[],"class_list":{"0":"post-55177","1":"post","2":"type-post","3":"status-publish","4":"format-standard","5":"has-post-thumbnail","7":"category-noticias-locales","8":"category-sin-categoria"},"yoast_head":"<!-- This site is optimized with the Yoast SEO plugin v27.5 - https:\/\/yoast.com\/product\/yoast-seo-wordpress\/ -->\n<title>Participa CEAIP con diagn\u00f3stico institucional en Sistema Nacional de Transparencia - Fuentes Fidedignas<\/title>\n<meta name=\"robots\" content=\"index, follow, max-snippet:-1, max-image-preview:large, max-video-preview:-1\" \/>\n<link rel=\"canonical\" href=\"https:\/\/fuentesfidedignas.com.mx\/index.php\/2023\/08\/11\/participa-ceaip-con-diagnostico-institucional-en-sistema-nacional-de-transparencia\/\" \/>\n<meta property=\"og:locale\" content=\"es_MX\" \/>\n<meta property=\"og:type\" content=\"article\" \/>\n<meta property=\"og:title\" content=\"Participa CEAIP con diagn\u00f3stico institucional en Sistema Nacional de Transparencia - Fuentes Fidedignas\" \/>\n<meta property=\"og:description\" content=\"Comisionados de los Institutos y Comisiones de las 32 entidades federativas del pa\u00eds presentaron un reporte de sus situaciones actuales Ciudad de M\u00e9xico. El Presidente de CEAIP, Jos\u00e9 Luis Moreno L\u00f3pez, particip\u00f3 hoy en la reuni\u00f3n de Diagn\u00f3stico para el Fortalecimiento de los Organismos Garantes de Transparencia, Acceso a la Informaci\u00f3n y Protecci\u00f3n de Datos [&hellip;]\" \/>\n<meta property=\"og:url\" content=\"https:\/\/fuentesfidedignas.com.mx\/index.php\/2023\/08\/11\/participa-ceaip-con-diagnostico-institucional-en-sistema-nacional-de-transparencia\/\" \/>\n<meta property=\"og:site_name\" content=\"Fuentes Fidedignas\" \/>\n<meta property=\"article:publisher\" content=\"https:\/\/www.facebook.com\/Fuentes-Fidedignas-368234489921644\" \/>\n<meta property=\"article:published_time\" content=\"2023-08-12T00:25:40+00:00\" \/>\n<meta property=\"article:modified_time\" content=\"2023-08-12T00:26:51+00:00\" \/>\n<meta property=\"og:image\" content=\"https:\/\/fuentesfidedignas.com.mx\/wp-content\/uploads\/2023\/08\/IMG-20230811-WA0046.jpg\" \/>\n\t<meta property=\"og:image:width\" content=\"1024\" \/>\n\t<meta property=\"og:image:height\" content=\"683\" \/>\n\t<meta property=\"og:image:type\" content=\"image\/jpeg\" \/>\n<meta name=\"author\" content=\"Redacci\u00f3n\" \/>\n<meta name=\"twitter:card\" content=\"summary_large_image\" \/>\n<meta name=\"twitter:creator\" content=\"@fidedignas\" \/>\n<meta name=\"twitter:site\" content=\"@fidedignas\" \/>\n<meta name=\"twitter:label1\" content=\"Escrito por\" \/>\n\t<meta name=\"twitter:data1\" content=\"Redacci\u00f3n\" \/>\n\t<meta name=\"twitter:label2\" content=\"Tiempo de lectura\" \/>\n\t<meta name=\"twitter:data2\" content=\"2 minutos\" \/>\n<script type=\"application\/ld+json\" class=\"yoast-schema-graph\">{\"@context\":\"https:\\\/\\\/schema.org\",\"@graph\":[{\"@type\":\"Article\",\"@id\":\"https:\\\/\\\/fuentesfidedignas.com.mx\\\/index.php\\\/2023\\\/08\\\/11\\\/participa-ceaip-con-diagnostico-institucional-en-sistema-nacional-de-transparencia\\\/#article\",\"isPartOf\":{\"@id\":\"https:\\\/\\\/fuentesfidedignas.com.mx\\\/index.php\\\/2023\\\/08\\\/11\\\/participa-ceaip-con-diagnostico-institucional-en-sistema-nacional-de-transparencia\\\/\"},\"author\":{\"name\":\"Redacci\u00f3n\",\"@id\":\"https:\\\/\\\/fuentesfidedignas.com.mx\\\/#\\\/schema\\\/person\\\/331be9283d37198e2acd5750279085b0\"},\"headline\":\"Participa CEAIP con diagn\u00f3stico institucional en Sistema Nacional de Transparencia\",\"datePublished\":\"2023-08-12T00:25:40+00:00\",\"dateModified\":\"2023-08-12T00:26:51+00:00\",\"mainEntityOfPage\":{\"@id\":\"https:\\\/\\\/fuentesfidedignas.com.mx\\\/index.php\\\/2023\\\/08\\\/11\\\/participa-ceaip-con-diagnostico-institucional-en-sistema-nacional-de-transparencia\\\/\"},\"wordCount\":382,\"commentCount\":0,\"publisher\":{\"@id\":\"https:\\\/\\\/fuentesfidedignas.com.mx\\\/#organization\"},\"image\":{\"@id\":\"https:\\\/\\\/fuentesfidedignas.com.mx\\\/index.php\\\/2023\\\/08\\\/11\\\/participa-ceaip-con-diagnostico-institucional-en-sistema-nacional-de-transparencia\\\/#primaryimage\"},\"thumbnailUrl\":\"https:\\\/\\\/fuentesfidedignas.com.mx\\\/wp-content\\\/uploads\\\/2023\\\/08\\\/IMG-20230811-WA0046.jpg\",\"articleSection\":[\"NOTICIAS LOCALES\"],\"inLanguage\":\"es\",\"potentialAction\":[{\"@type\":\"CommentAction\",\"name\":\"Comment\",\"target\":[\"https:\\\/\\\/fuentesfidedignas.com.mx\\\/index.php\\\/2023\\\/08\\\/11\\\/participa-ceaip-con-diagnostico-institucional-en-sistema-nacional-de-transparencia\\\/#respond\"]}]},{\"@type\":\"WebPage\",\"@id\":\"https:\\\/\\\/fuentesfidedignas.com.mx\\\/index.php\\\/2023\\\/08\\\/11\\\/participa-ceaip-con-diagnostico-institucional-en-sistema-nacional-de-transparencia\\\/\",\"url\":\"https:\\\/\\\/fuentesfidedignas.com.mx\\\/index.php\\\/2023\\\/08\\\/11\\\/participa-ceaip-con-diagnostico-institucional-en-sistema-nacional-de-transparencia\\\/\",\"name\":\"Participa CEAIP con diagn\u00f3stico institucional en Sistema Nacional de Transparencia - Fuentes Fidedignas\",\"isPartOf\":{\"@id\":\"https:\\\/\\\/fuentesfidedignas.com.mx\\\/#website\"},\"primaryImageOfPage\":{\"@id\":\"https:\\\/\\\/fuentesfidedignas.com.mx\\\/index.php\\\/2023\\\/08\\\/11\\\/participa-ceaip-con-diagnostico-institucional-en-sistema-nacional-de-transparencia\\\/#primaryimage\"},\"image\":{\"@id\":\"https:\\\/\\\/fuentesfidedignas.com.mx\\\/index.php\\\/2023\\\/08\\\/11\\\/participa-ceaip-con-diagnostico-institucional-en-sistema-nacional-de-transparencia\\\/#primaryimage\"},\"thumbnailUrl\":\"https:\\\/\\\/fuentesfidedignas.com.mx\\\/wp-content\\\/uploads\\\/2023\\\/08\\\/IMG-20230811-WA0046.jpg\",\"datePublished\":\"2023-08-12T00:25:40+00:00\",\"dateModified\":\"2023-08-12T00:26:51+00:00\",\"breadcrumb\":{\"@id\":\"https:\\\/\\\/fuentesfidedignas.com.mx\\\/index.php\\\/2023\\\/08\\\/11\\\/participa-ceaip-con-diagnostico-institucional-en-sistema-nacional-de-transparencia\\\/#breadcrumb\"},\"inLanguage\":\"es\",\"potentialAction\":[{\"@type\":\"ReadAction\",\"target\":[\"https:\\\/\\\/fuentesfidedignas.com.mx\\\/index.php\\\/2023\\\/08\\\/11\\\/participa-ceaip-con-diagnostico-institucional-en-sistema-nacional-de-transparencia\\\/\"]}]},{\"@type\":\"ImageObject\",\"inLanguage\":\"es\",\"@id\":\"https:\\\/\\\/fuentesfidedignas.com.mx\\\/index.php\\\/2023\\\/08\\\/11\\\/participa-ceaip-con-diagnostico-institucional-en-sistema-nacional-de-transparencia\\\/#primaryimage\",\"url\":\"https:\\\/\\\/fuentesfidedignas.com.mx\\\/wp-content\\\/uploads\\\/2023\\\/08\\\/IMG-20230811-WA0046.jpg\",\"contentUrl\":\"https:\\\/\\\/fuentesfidedignas.com.mx\\\/wp-content\\\/uploads\\\/2023\\\/08\\\/IMG-20230811-WA0046.jpg\",\"width\":1024,\"height\":683},{\"@type\":\"BreadcrumbList\",\"@id\":\"https:\\\/\\\/fuentesfidedignas.com.mx\\\/index.php\\\/2023\\\/08\\\/11\\\/participa-ceaip-con-diagnostico-institucional-en-sistema-nacional-de-transparencia\\\/#breadcrumb\",\"itemListElement\":[{\"@type\":\"ListItem\",\"position\":1,\"name\":\"Inicio\",\"item\":\"https:\\\/\\\/fuentesfidedignas.com.mx\\\/\"},{\"@type\":\"ListItem\",\"position\":2,\"name\":\"Participa CEAIP con diagn\u00f3stico institucional en Sistema Nacional de Transparencia\"}]},{\"@type\":\"WebSite\",\"@id\":\"https:\\\/\\\/fuentesfidedignas.com.mx\\\/#website\",\"url\":\"https:\\\/\\\/fuentesfidedignas.com.mx\\\/\",\"name\":\"Fuentes Fidedignas\",\"description\":\"Otro sitio realizado con WordPress\",\"publisher\":{\"@id\":\"https:\\\/\\\/fuentesfidedignas.com.mx\\\/#organization\"},\"potentialAction\":[{\"@type\":\"SearchAction\",\"target\":{\"@type\":\"EntryPoint\",\"urlTemplate\":\"https:\\\/\\\/fuentesfidedignas.com.mx\\\/?s={search_term_string}\"},\"query-input\":{\"@type\":\"PropertyValueSpecification\",\"valueRequired\":true,\"valueName\":\"search_term_string\"}}],\"inLanguage\":\"es\"},{\"@type\":\"Organization\",\"@id\":\"https:\\\/\\\/fuentesfidedignas.com.mx\\\/#organization\",\"name\":\"Fuentes Fidedignas\",\"url\":\"https:\\\/\\\/fuentesfidedignas.com.mx\\\/\",\"logo\":{\"@type\":\"ImageObject\",\"inLanguage\":\"es\",\"@id\":\"https:\\\/\\\/fuentesfidedignas.com.mx\\\/#\\\/schema\\\/logo\\\/image\\\/\",\"url\":\"https:\\\/\\\/fuentesfidedignas.com.mx\\\/wp-content\\\/uploads\\\/2021\\\/04\\\/logo-retina.png\",\"contentUrl\":\"https:\\\/\\\/fuentesfidedignas.com.mx\\\/wp-content\\\/uploads\\\/2021\\\/04\\\/logo-retina.png\",\"width\":280,\"height\":51,\"caption\":\"Fuentes Fidedignas\"},\"image\":{\"@id\":\"https:\\\/\\\/fuentesfidedignas.com.mx\\\/#\\\/schema\\\/logo\\\/image\\\/\"},\"sameAs\":[\"https:\\\/\\\/www.facebook.com\\\/Fuentes-Fidedignas-368234489921644\",\"https:\\\/\\\/x.com\\\/fidedignas\"]},{\"@type\":\"Person\",\"@id\":\"https:\\\/\\\/fuentesfidedignas.com.mx\\\/#\\\/schema\\\/person\\\/331be9283d37198e2acd5750279085b0\",\"name\":\"Redacci\u00f3n\",\"image\":{\"@type\":\"ImageObject\",\"inLanguage\":\"es\",\"@id\":\"https:\\\/\\\/secure.gravatar.com\\\/avatar\\\/f6d8782c11d12b2d4ad3fbb6931aeab5309937a4d6cd2fc9cfaa28a6396a5aec?s=96&d=mm&r=g\",\"url\":\"https:\\\/\\\/secure.gravatar.com\\\/avatar\\\/f6d8782c11d12b2d4ad3fbb6931aeab5309937a4d6cd2fc9cfaa28a6396a5aec?s=96&d=mm&r=g\",\"contentUrl\":\"https:\\\/\\\/secure.gravatar.com\\\/avatar\\\/f6d8782c11d12b2d4ad3fbb6931aeab5309937a4d6cd2fc9cfaa28a6396a5aec?s=96&d=mm&r=g\",\"caption\":\"Redacci\u00f3n\"},\"url\":\"https:\\\/\\\/fuentesfidedignas.com.mx\\\/index.php\\\/author\\\/redaccion\\\/\"}]}<\/script>\n<!-- \/ Yoast SEO plugin. -->","yoast_head_json":{"title":"Participa CEAIP con diagn\u00f3stico institucional en Sistema Nacional de Transparencia - Fuentes Fidedignas","robots":{"index":"index","follow":"follow","max-snippet":"max-snippet:-1","max-image-preview":"max-image-preview:large","max-video-preview":"max-video-preview:-1"},"canonical":"https:\/\/fuentesfidedignas.com.mx\/index.php\/2023\/08\/11\/participa-ceaip-con-diagnostico-institucional-en-sistema-nacional-de-transparencia\/","og_locale":"es_MX","og_type":"article","og_title":"Participa CEAIP con diagn\u00f3stico institucional en Sistema Nacional de Transparencia - Fuentes Fidedignas","og_description":"Comisionados de los Institutos y Comisiones de las 32 entidades federativas del pa\u00eds presentaron un reporte de sus situaciones actuales Ciudad de M\u00e9xico. El Presidente de CEAIP, Jos\u00e9 Luis Moreno L\u00f3pez, particip\u00f3 hoy en la reuni\u00f3n de Diagn\u00f3stico para el Fortalecimiento de los Organismos Garantes de Transparencia, Acceso a la Informaci\u00f3n y Protecci\u00f3n de Datos [&hellip;]","og_url":"https:\/\/fuentesfidedignas.com.mx\/index.php\/2023\/08\/11\/participa-ceaip-con-diagnostico-institucional-en-sistema-nacional-de-transparencia\/","og_site_name":"Fuentes Fidedignas","article_publisher":"https:\/\/www.facebook.com\/Fuentes-Fidedignas-368234489921644","article_published_time":"2023-08-12T00:25:40+00:00","article_modified_time":"2023-08-12T00:26:51+00:00","og_image":[{"width":1024,"height":683,"url":"https:\/\/fuentesfidedignas.com.mx\/wp-content\/uploads\/2023\/08\/IMG-20230811-WA0046.jpg","type":"image\/jpeg"}],"author":"Redacci\u00f3n","twitter_card":"summary_large_image","twitter_creator":"@fidedignas","twitter_site":"@fidedignas","twitter_misc":{"Escrito por":"Redacci\u00f3n","Tiempo de lectura":"2 minutos"},"schema":{"@context":"https:\/\/schema.org","@graph":[{"@type":"Article","@id":"https:\/\/fuentesfidedignas.com.mx\/index.php\/2023\/08\/11\/participa-ceaip-con-diagnostico-institucional-en-sistema-nacional-de-transparencia\/#article","isPartOf":{"@id":"https:\/\/fuentesfidedignas.com.mx\/index.php\/2023\/08\/11\/participa-ceaip-con-diagnostico-institucional-en-sistema-nacional-de-transparencia\/"},"author":{"name":"Redacci\u00f3n","@id":"https:\/\/fuentesfidedignas.com.mx\/#\/schema\/person\/331be9283d37198e2acd5750279085b0"},"headline":"Participa CEAIP con diagn\u00f3stico institucional en Sistema Nacional de Transparencia","datePublished":"2023-08-12T00:25:40+00:00","dateModified":"2023-08-12T00:26:51+00:00","mainEntityOfPage":{"@id":"https:\/\/fuentesfidedignas.com.mx\/index.php\/2023\/08\/11\/participa-ceaip-con-diagnostico-institucional-en-sistema-nacional-de-transparencia\/"},"wordCount":382,"commentCount":0,"publisher":{"@id":"https:\/\/fuentesfidedignas.com.mx\/#organization"},"image":{"@id":"https:\/\/fuentesfidedignas.com.mx\/index.php\/2023\/08\/11\/participa-ceaip-con-diagnostico-institucional-en-sistema-nacional-de-transparencia\/#primaryimage"},"thumbnailUrl":"https:\/\/fuentesfidedignas.com.mx\/wp-content\/uploads\/2023\/08\/IMG-20230811-WA0046.jpg","articleSection":["NOTICIAS LOCALES"],"inLanguage":"es","potentialAction":[{"@type":"CommentAction","name":"Comment","target":["https:\/\/fuentesfidedignas.com.mx\/index.php\/2023\/08\/11\/participa-ceaip-con-diagnostico-institucional-en-sistema-nacional-de-transparencia\/#respond"]}]},{"@type":"WebPage","@id":"https:\/\/fuentesfidedignas.com.mx\/index.php\/2023\/08\/11\/participa-ceaip-con-diagnostico-institucional-en-sistema-nacional-de-transparencia\/","url":"https:\/\/fuentesfidedignas.com.mx\/index.php\/2023\/08\/11\/participa-ceaip-con-diagnostico-institucional-en-sistema-nacional-de-transparencia\/","name":"Participa CEAIP con diagn\u00f3stico institucional en Sistema Nacional de Transparencia - Fuentes Fidedignas","isPartOf":{"@id":"https:\/\/fuentesfidedignas.com.mx\/#website"},"primaryImageOfPage":{"@id":"https:\/\/fuentesfidedignas.com.mx\/index.php\/2023\/08\/11\/participa-ceaip-con-diagnostico-institucional-en-sistema-nacional-de-transparencia\/#primaryimage"},"image":{"@id":"https:\/\/fuentesfidedignas.com.mx\/index.php\/2023\/08\/11\/participa-ceaip-con-diagnostico-institucional-en-sistema-nacional-de-transparencia\/#primaryimage"},"thumbnailUrl":"https:\/\/fuentesfidedignas.com.mx\/wp-content\/uploads\/2023\/08\/IMG-20230811-WA0046.jpg","datePublished":"2023-08-12T00:25:40+00:00","dateModified":"2023-08-12T00:26:51+00:00","breadcrumb":{"@id":"https:\/\/fuentesfidedignas.com.mx\/index.php\/2023\/08\/11\/participa-ceaip-con-diagnostico-institucional-en-sistema-nacional-de-transparencia\/#breadcrumb"},"inLanguage":"es","potentialAction":[{"@type":"ReadAction","target":["https:\/\/fuentesfidedignas.com.mx\/index.php\/2023\/08\/11\/participa-ceaip-con-diagnostico-institucional-en-sistema-nacional-de-transparencia\/"]}]},{"@type":"ImageObject","inLanguage":"es","@id":"https:\/\/fuentesfidedignas.com.mx\/index.php\/2023\/08\/11\/participa-ceaip-con-diagnostico-institucional-en-sistema-nacional-de-transparencia\/#primaryimage","url":"https:\/\/fuentesfidedignas.com.mx\/wp-content\/uploads\/2023\/08\/IMG-20230811-WA0046.jpg","contentUrl":"https:\/\/fuentesfidedignas.com.mx\/wp-content\/uploads\/2023\/08\/IMG-20230811-WA0046.jpg","width":1024,"height":683},{"@type":"BreadcrumbList","@id":"https:\/\/fuentesfidedignas.com.mx\/index.php\/2023\/08\/11\/participa-ceaip-con-diagnostico-institucional-en-sistema-nacional-de-transparencia\/#breadcrumb","itemListElement":[{"@type":"ListItem","position":1,"name":"Inicio","item":"https:\/\/fuentesfidedignas.com.mx\/"},{"@type":"ListItem","position":2,"name":"Participa CEAIP con diagn\u00f3stico institucional en Sistema Nacional de Transparencia"}]},{"@type":"WebSite","@id":"https:\/\/fuentesfidedignas.com.mx\/#website","url":"https:\/\/fuentesfidedignas.com.mx\/","name":"Fuentes Fidedignas","description":"Otro sitio realizado con WordPress","publisher":{"@id":"https:\/\/fuentesfidedignas.com.mx\/#organization"},"potentialAction":[{"@type":"SearchAction","target":{"@type":"EntryPoint","urlTemplate":"https:\/\/fuentesfidedignas.com.mx\/?s={search_term_string}"},"query-input":{"@type":"PropertyValueSpecification","valueRequired":true,"valueName":"search_term_string"}}],"inLanguage":"es"},{"@type":"Organization","@id":"https:\/\/fuentesfidedignas.com.mx\/#organization","name":"Fuentes Fidedignas","url":"https:\/\/fuentesfidedignas.com.mx\/","logo":{"@type":"ImageObject","inLanguage":"es","@id":"https:\/\/fuentesfidedignas.com.mx\/#\/schema\/logo\/image\/","url":"https:\/\/fuentesfidedignas.com.mx\/wp-content\/uploads\/2021\/04\/logo-retina.png","contentUrl":"https:\/\/fuentesfidedignas.com.mx\/wp-content\/uploads\/2021\/04\/logo-retina.png","width":280,"height":51,"caption":"Fuentes Fidedignas"},"image":{"@id":"https:\/\/fuentesfidedignas.com.mx\/#\/schema\/logo\/image\/"},"sameAs":["https:\/\/www.facebook.com\/Fuentes-Fidedignas-368234489921644","https:\/\/x.com\/fidedignas"]},{"@type":"Person","@id":"https:\/\/fuentesfidedignas.com.mx\/#\/schema\/person\/331be9283d37198e2acd5750279085b0","name":"Redacci\u00f3n","image":{"@type":"ImageObject","inLanguage":"es","@id":"https:\/\/secure.gravatar.com\/avatar\/f6d8782c11d12b2d4ad3fbb6931aeab5309937a4d6cd2fc9cfaa28a6396a5aec?s=96&d=mm&r=g","url":"https:\/\/secure.gravatar.com\/avatar\/f6d8782c11d12b2d4ad3fbb6931aeab5309937a4d6cd2fc9cfaa28a6396a5aec?s=96&d=mm&r=g","contentUrl":"https:\/\/secure.gravatar.com\/avatar\/f6d8782c11d12b2d4ad3fbb6931aeab5309937a4d6cd2fc9cfaa28a6396a5aec?s=96&d=mm&r=g","caption":"Redacci\u00f3n"},"url":"https:\/\/fuentesfidedignas.com.mx\/index.php\/author\/redaccion\/"}]}},"_links":{"self":[{"href":"https:\/\/fuentesfidedignas.com.mx\/index.php\/wp-json\/wp\/v2\/posts\/55177","targetHints":{"allow":["GET"]}}],"collection":[{"href":"https:\/\/fuentesfidedignas.com.mx\/index.php\/wp-json\/wp\/v2\/posts"}],"about":[{"href":"https:\/\/fuentesfidedignas.com.mx\/index.php\/wp-json\/wp\/v2\/types\/post"}],"author":[{"embeddable":true,"href":"https:\/\/fuentesfidedignas.com.mx\/index.php\/wp-json\/wp\/v2\/users\/4"}],"replies":[{"embeddable":true,"href":"https:\/\/fuentesfidedignas.com.mx\/index.php\/wp-json\/wp\/v2\/comments?post=55177"}],"version-history":[{"count":2,"href":"https:\/\/fuentesfidedignas.com.mx\/index.php\/wp-json\/wp\/v2\/posts\/55177\/revisions"}],"predecessor-version":[{"id":57368,"href":"https:\/\/fuentesfidedignas.com.mx\/index.php\/wp-json\/wp\/v2\/posts\/55177\/revisions\/57368"}],"wp:featuredmedia":[{"embeddable":true,"href":"https:\/\/fuentesfidedignas.com.mx\/index.php\/wp-json\/wp\/v2\/media\/55179"}],"wp:attachment":[{"href":"https:\/\/fuentesfidedignas.com.mx\/index.php\/wp-json\/wp\/v2\/media?parent=55177"}],"wp:term":[{"taxonomy":"category","embeddable":true,"href":"https:\/\/fuentesfidedignas.com.mx\/index.php\/wp-json\/wp\/v2\/categories?post=55177"},{"taxonomy":"post_tag","embeddable":true,"href":"https:\/\/fuentesfidedignas.com.mx\/index.php\/wp-json\/wp\/v2\/tags?post=55177"}],"curies":[{"name":"wp","href":"https:\/\/api.w.org\/{rel}","templated":true}]}}