{"id":55174,"date":"2023-08-11T17:02:19","date_gmt":"2023-08-12T00:02:19","guid":{"rendered":"https:\/\/fuentesfidedignas.com.mx\/?p=55174"},"modified":"2023-08-11T17:03:04","modified_gmt":"2023-08-12T00:03:04","slug":"menor-de-4-anos-muere-por-golpes-detienen-al-padrastro","status":"publish","type":"post","link":"https:\/\/fuentesfidedignas.com.mx\/index.php\/2023\/08\/11\/menor-de-4-anos-muere-por-golpes-detienen-al-padrastro\/","title":{"rendered":"Menor de 4 a\u00f1os muere por golpes; detienen al padrastro"},"content":{"rendered":"\n<p><br><strong><em>El agresor asegur\u00f3 que los golpes fueron realizados por asaltantes, pero la madre del menor lo desminti\u00f3<\/em><\/strong><\/p>\n\n\n\n<p>Oaxaca. V\u00edctima de golpes contusos, al parecer propinados por un adulto, un ni\u00f1o de cuatro a\u00f1os muri\u00f3 esta ma\u00f1ana de viernes, en la zona poniente de la ciudad de Oaxaca, confirmaron corporaciones de seguridad p\u00fablica de la capital del estado.<\/p>\n\n\n\n<p>Por estos hechos fue detenido, Juan Carlos, identificado como el padrastro del menor de 4 a\u00f1os, luego de haberlo llevado a una cl\u00ednica privada, donde certificaron no ten\u00eda signos vitales, por lo que avisaron a la Fiscal\u00eda General del Estado de Oaxaca (FGEO).<\/p>\n\n\n\n<p>El hoy detenido refiri\u00f3 que el peque\u00f1o fue golpeado por asaltantes que ingresaron a robar a su casa, sin embargo, la madre del menor neg\u00f3 la versi\u00f3n y lo acus\u00f3 de la muerte de su hijo.<\/p>\n\n\n\n<p>Ella mencion\u00f3 que conoci\u00f3 al mototaxista, Juan Carlos, hace tres meses e inici\u00f3 una relaci\u00f3n sentimental, por lo que decidi\u00f3 llevarlo a su casa, pero a las pocas semanas la golpe\u00f3, y ahora priv\u00f3 de la vida a su primog\u00e9nito.<\/p>\n\n\n\n<p>La Fiscal\u00eda Especializada para la Atenci\u00f3n a Delitos contra la mujer por raz\u00f3n G\u00e9nero, a trav\u00e9s de la Unidad de Delitos contra ni\u00f1as, ni\u00f1os y adolescentes, conjuntamente con servicios periciales realizaron las diligencias legales y cient\u00edficas correspondientes en el lugar de los hechos.<\/p>\n\n\n\n<p>La instituci\u00f3n dispuso de un equipo multidisciplinario para allegarse de pruebas para esclarecer las circunstancias y motivos de muerte del peque\u00f1o, por lo que se cuentan con s\u00f3lidas l\u00edneas de investigaci\u00f3n que permitir\u00e1n a la brevedad, proceder ante el juez.<\/p>\n","protected":false},"excerpt":{"rendered":"<p>El agresor asegur\u00f3 que los golpes fueron realizados por asaltantes, pero la madre del menor lo desminti\u00f3 Oaxaca. V\u00edctima de golpes contusos, al parecer propinados por un adulto, un ni\u00f1o de cuatro a\u00f1os muri\u00f3 esta ma\u00f1ana de viernes, en la zona poniente de la ciudad de Oaxaca, confirmaron corporaciones de seguridad p\u00fablica de la capital [&hellip;]<\/p>\n","protected":false},"author":7,"featured_media":55176,"comment_status":"open","ping_status":"open","sticky":false,"template":"","format":"standard","meta":{"tdm_status":"","tdm_grid_status":"","footnotes":""},"categories":[39,1],"tags":[],"class_list":{"0":"post-55174","1":"post","2":"type-post","3":"status-publish","4":"format-standard","5":"has-post-thumbnail","7":"category-noticias-nacionales","8":"category-sin-categoria"},"yoast_head":"<!-- This site is optimized with the Yoast SEO plugin v27.5 - https:\/\/yoast.com\/product\/yoast-seo-wordpress\/ -->\n<title>Menor de 4 a\u00f1os muere por golpes; detienen al padrastro - Fuentes Fidedignas<\/title>\n<meta name=\"robots\" content=\"index, follow, max-snippet:-1, max-image-preview:large, max-video-preview:-1\" \/>\n<link rel=\"canonical\" href=\"https:\/\/fuentesfidedignas.com.mx\/index.php\/2023\/08\/11\/menor-de-4-anos-muere-por-golpes-detienen-al-padrastro\/\" \/>\n<meta property=\"og:locale\" content=\"es_MX\" \/>\n<meta property=\"og:type\" content=\"article\" \/>\n<meta property=\"og:title\" content=\"Menor de 4 a\u00f1os muere por golpes; detienen al padrastro - Fuentes Fidedignas\" \/>\n<meta property=\"og:description\" content=\"El agresor asegur\u00f3 que los golpes fueron realizados por asaltantes, pero la madre del menor lo desminti\u00f3 Oaxaca. V\u00edctima de golpes contusos, al parecer propinados por un adulto, un ni\u00f1o de cuatro a\u00f1os muri\u00f3 esta ma\u00f1ana de viernes, en la zona poniente de la ciudad de Oaxaca, confirmaron corporaciones de seguridad p\u00fablica de la capital [&hellip;]\" \/>\n<meta property=\"og:url\" content=\"https:\/\/fuentesfidedignas.com.mx\/index.php\/2023\/08\/11\/menor-de-4-anos-muere-por-golpes-detienen-al-padrastro\/\" \/>\n<meta property=\"og:site_name\" content=\"Fuentes Fidedignas\" \/>\n<meta property=\"article:publisher\" content=\"https:\/\/www.facebook.com\/Fuentes-Fidedignas-368234489921644\" \/>\n<meta property=\"article:published_time\" content=\"2023-08-12T00:02:19+00:00\" \/>\n<meta property=\"article:modified_time\" content=\"2023-08-12T00:03:04+00:00\" \/>\n<meta property=\"og:image\" content=\"https:\/\/fuentesfidedignas.com.mx\/wp-content\/uploads\/2023\/08\/2991087.jpg\" \/>\n\t<meta property=\"og:image:width\" content=\"800\" \/>\n\t<meta property=\"og:image:height\" content=\"600\" \/>\n\t<meta property=\"og:image:type\" content=\"image\/jpeg\" \/>\n<meta name=\"author\" content=\"Exc\u00e9lsior\" \/>\n<meta name=\"twitter:card\" content=\"summary_large_image\" \/>\n<meta name=\"twitter:creator\" content=\"@fidedignas\" \/>\n<meta name=\"twitter:site\" content=\"@fidedignas\" \/>\n<meta name=\"twitter:label1\" content=\"Escrito por\" \/>\n\t<meta name=\"twitter:data1\" content=\"Exc\u00e9lsior\" \/>\n\t<meta name=\"twitter:label2\" content=\"Tiempo de lectura\" \/>\n\t<meta name=\"twitter:data2\" content=\"2 minutos\" \/>\n<script type=\"application\/ld+json\" class=\"yoast-schema-graph\">{\"@context\":\"https:\\\/\\\/schema.org\",\"@graph\":[{\"@type\":\"Article\",\"@id\":\"https:\\\/\\\/fuentesfidedignas.com.mx\\\/index.php\\\/2023\\\/08\\\/11\\\/menor-de-4-anos-muere-por-golpes-detienen-al-padrastro\\\/#article\",\"isPartOf\":{\"@id\":\"https:\\\/\\\/fuentesfidedignas.com.mx\\\/index.php\\\/2023\\\/08\\\/11\\\/menor-de-4-anos-muere-por-golpes-detienen-al-padrastro\\\/\"},\"author\":{\"name\":\"Exc\u00e9lsior\",\"@id\":\"https:\\\/\\\/fuentesfidedignas.com.mx\\\/#\\\/schema\\\/person\\\/ec4edd1fbf5efa3e44fce34fe2787780\"},\"headline\":\"Menor de 4 a\u00f1os muere por golpes; detienen al padrastro\",\"datePublished\":\"2023-08-12T00:02:19+00:00\",\"dateModified\":\"2023-08-12T00:03:04+00:00\",\"mainEntityOfPage\":{\"@id\":\"https:\\\/\\\/fuentesfidedignas.com.mx\\\/index.php\\\/2023\\\/08\\\/11\\\/menor-de-4-anos-muere-por-golpes-detienen-al-padrastro\\\/\"},\"wordCount\":295,\"commentCount\":0,\"publisher\":{\"@id\":\"https:\\\/\\\/fuentesfidedignas.com.mx\\\/#organization\"},\"image\":{\"@id\":\"https:\\\/\\\/fuentesfidedignas.com.mx\\\/index.php\\\/2023\\\/08\\\/11\\\/menor-de-4-anos-muere-por-golpes-detienen-al-padrastro\\\/#primaryimage\"},\"thumbnailUrl\":\"https:\\\/\\\/fuentesfidedignas.com.mx\\\/wp-content\\\/uploads\\\/2023\\\/08\\\/2991087.jpg\",\"articleSection\":[\"NOTICIAS NACIONALES\"],\"inLanguage\":\"es\",\"potentialAction\":[{\"@type\":\"CommentAction\",\"name\":\"Comment\",\"target\":[\"https:\\\/\\\/fuentesfidedignas.com.mx\\\/index.php\\\/2023\\\/08\\\/11\\\/menor-de-4-anos-muere-por-golpes-detienen-al-padrastro\\\/#respond\"]}]},{\"@type\":\"WebPage\",\"@id\":\"https:\\\/\\\/fuentesfidedignas.com.mx\\\/index.php\\\/2023\\\/08\\\/11\\\/menor-de-4-anos-muere-por-golpes-detienen-al-padrastro\\\/\",\"url\":\"https:\\\/\\\/fuentesfidedignas.com.mx\\\/index.php\\\/2023\\\/08\\\/11\\\/menor-de-4-anos-muere-por-golpes-detienen-al-padrastro\\\/\",\"name\":\"Menor de 4 a\u00f1os muere por golpes; detienen al padrastro - Fuentes Fidedignas\",\"isPartOf\":{\"@id\":\"https:\\\/\\\/fuentesfidedignas.com.mx\\\/#website\"},\"primaryImageOfPage\":{\"@id\":\"https:\\\/\\\/fuentesfidedignas.com.mx\\\/index.php\\\/2023\\\/08\\\/11\\\/menor-de-4-anos-muere-por-golpes-detienen-al-padrastro\\\/#primaryimage\"},\"image\":{\"@id\":\"https:\\\/\\\/fuentesfidedignas.com.mx\\\/index.php\\\/2023\\\/08\\\/11\\\/menor-de-4-anos-muere-por-golpes-detienen-al-padrastro\\\/#primaryimage\"},\"thumbnailUrl\":\"https:\\\/\\\/fuentesfidedignas.com.mx\\\/wp-content\\\/uploads\\\/2023\\\/08\\\/2991087.jpg\",\"datePublished\":\"2023-08-12T00:02:19+00:00\",\"dateModified\":\"2023-08-12T00:03:04+00:00\",\"breadcrumb\":{\"@id\":\"https:\\\/\\\/fuentesfidedignas.com.mx\\\/index.php\\\/2023\\\/08\\\/11\\\/menor-de-4-anos-muere-por-golpes-detienen-al-padrastro\\\/#breadcrumb\"},\"inLanguage\":\"es\",\"potentialAction\":[{\"@type\":\"ReadAction\",\"target\":[\"https:\\\/\\\/fuentesfidedignas.com.mx\\\/index.php\\\/2023\\\/08\\\/11\\\/menor-de-4-anos-muere-por-golpes-detienen-al-padrastro\\\/\"]}]},{\"@type\":\"ImageObject\",\"inLanguage\":\"es\",\"@id\":\"https:\\\/\\\/fuentesfidedignas.com.mx\\\/index.php\\\/2023\\\/08\\\/11\\\/menor-de-4-anos-muere-por-golpes-detienen-al-padrastro\\\/#primaryimage\",\"url\":\"https:\\\/\\\/fuentesfidedignas.com.mx\\\/wp-content\\\/uploads\\\/2023\\\/08\\\/2991087.jpg\",\"contentUrl\":\"https:\\\/\\\/fuentesfidedignas.com.mx\\\/wp-content\\\/uploads\\\/2023\\\/08\\\/2991087.jpg\",\"width\":800,\"height\":600},{\"@type\":\"BreadcrumbList\",\"@id\":\"https:\\\/\\\/fuentesfidedignas.com.mx\\\/index.php\\\/2023\\\/08\\\/11\\\/menor-de-4-anos-muere-por-golpes-detienen-al-padrastro\\\/#breadcrumb\",\"itemListElement\":[{\"@type\":\"ListItem\",\"position\":1,\"name\":\"Inicio\",\"item\":\"https:\\\/\\\/fuentesfidedignas.com.mx\\\/\"},{\"@type\":\"ListItem\",\"position\":2,\"name\":\"Menor de 4 a\u00f1os muere por golpes; detienen al padrastro\"}]},{\"@type\":\"WebSite\",\"@id\":\"https:\\\/\\\/fuentesfidedignas.com.mx\\\/#website\",\"url\":\"https:\\\/\\\/fuentesfidedignas.com.mx\\\/\",\"name\":\"Fuentes Fidedignas\",\"description\":\"Otro sitio realizado con WordPress\",\"publisher\":{\"@id\":\"https:\\\/\\\/fuentesfidedignas.com.mx\\\/#organization\"},\"potentialAction\":[{\"@type\":\"SearchAction\",\"target\":{\"@type\":\"EntryPoint\",\"urlTemplate\":\"https:\\\/\\\/fuentesfidedignas.com.mx\\\/?s={search_term_string}\"},\"query-input\":{\"@type\":\"PropertyValueSpecification\",\"valueRequired\":true,\"valueName\":\"search_term_string\"}}],\"inLanguage\":\"es\"},{\"@type\":\"Organization\",\"@id\":\"https:\\\/\\\/fuentesfidedignas.com.mx\\\/#organization\",\"name\":\"Fuentes Fidedignas\",\"url\":\"https:\\\/\\\/fuentesfidedignas.com.mx\\\/\",\"logo\":{\"@type\":\"ImageObject\",\"inLanguage\":\"es\",\"@id\":\"https:\\\/\\\/fuentesfidedignas.com.mx\\\/#\\\/schema\\\/logo\\\/image\\\/\",\"url\":\"https:\\\/\\\/fuentesfidedignas.com.mx\\\/wp-content\\\/uploads\\\/2021\\\/04\\\/logo-retina.png\",\"contentUrl\":\"https:\\\/\\\/fuentesfidedignas.com.mx\\\/wp-content\\\/uploads\\\/2021\\\/04\\\/logo-retina.png\",\"width\":280,\"height\":51,\"caption\":\"Fuentes Fidedignas\"},\"image\":{\"@id\":\"https:\\\/\\\/fuentesfidedignas.com.mx\\\/#\\\/schema\\\/logo\\\/image\\\/\"},\"sameAs\":[\"https:\\\/\\\/www.facebook.com\\\/Fuentes-Fidedignas-368234489921644\",\"https:\\\/\\\/x.com\\\/fidedignas\"]},{\"@type\":\"Person\",\"@id\":\"https:\\\/\\\/fuentesfidedignas.com.mx\\\/#\\\/schema\\\/person\\\/ec4edd1fbf5efa3e44fce34fe2787780\",\"name\":\"Exc\u00e9lsior\",\"image\":{\"@type\":\"ImageObject\",\"inLanguage\":\"es\",\"@id\":\"https:\\\/\\\/secure.gravatar.com\\\/avatar\\\/4b7ee9206b48be08447852b3f0814dbc7c0f3b51541b164f1464a2725614020b?s=96&d=mm&r=g\",\"url\":\"https:\\\/\\\/secure.gravatar.com\\\/avatar\\\/4b7ee9206b48be08447852b3f0814dbc7c0f3b51541b164f1464a2725614020b?s=96&d=mm&r=g\",\"contentUrl\":\"https:\\\/\\\/secure.gravatar.com\\\/avatar\\\/4b7ee9206b48be08447852b3f0814dbc7c0f3b51541b164f1464a2725614020b?s=96&d=mm&r=g\",\"caption\":\"Exc\u00e9lsior\"},\"url\":\"https:\\\/\\\/fuentesfidedignas.com.mx\\\/index.php\\\/author\\\/excelsior\\\/\"}]}<\/script>\n<!-- \/ Yoast SEO plugin. -->","yoast_head_json":{"title":"Menor de 4 a\u00f1os muere por golpes; detienen al padrastro - Fuentes Fidedignas","robots":{"index":"index","follow":"follow","max-snippet":"max-snippet:-1","max-image-preview":"max-image-preview:large","max-video-preview":"max-video-preview:-1"},"canonical":"https:\/\/fuentesfidedignas.com.mx\/index.php\/2023\/08\/11\/menor-de-4-anos-muere-por-golpes-detienen-al-padrastro\/","og_locale":"es_MX","og_type":"article","og_title":"Menor de 4 a\u00f1os muere por golpes; detienen al padrastro - Fuentes Fidedignas","og_description":"El agresor asegur\u00f3 que los golpes fueron realizados por asaltantes, pero la madre del menor lo desminti\u00f3 Oaxaca. V\u00edctima de golpes contusos, al parecer propinados por un adulto, un ni\u00f1o de cuatro a\u00f1os muri\u00f3 esta ma\u00f1ana de viernes, en la zona poniente de la ciudad de Oaxaca, confirmaron corporaciones de seguridad p\u00fablica de la capital [&hellip;]","og_url":"https:\/\/fuentesfidedignas.com.mx\/index.php\/2023\/08\/11\/menor-de-4-anos-muere-por-golpes-detienen-al-padrastro\/","og_site_name":"Fuentes Fidedignas","article_publisher":"https:\/\/www.facebook.com\/Fuentes-Fidedignas-368234489921644","article_published_time":"2023-08-12T00:02:19+00:00","article_modified_time":"2023-08-12T00:03:04+00:00","og_image":[{"width":800,"height":600,"url":"https:\/\/fuentesfidedignas.com.mx\/wp-content\/uploads\/2023\/08\/2991087.jpg","type":"image\/jpeg"}],"author":"Exc\u00e9lsior","twitter_card":"summary_large_image","twitter_creator":"@fidedignas","twitter_site":"@fidedignas","twitter_misc":{"Escrito por":"Exc\u00e9lsior","Tiempo de lectura":"2 minutos"},"schema":{"@context":"https:\/\/schema.org","@graph":[{"@type":"Article","@id":"https:\/\/fuentesfidedignas.com.mx\/index.php\/2023\/08\/11\/menor-de-4-anos-muere-por-golpes-detienen-al-padrastro\/#article","isPartOf":{"@id":"https:\/\/fuentesfidedignas.com.mx\/index.php\/2023\/08\/11\/menor-de-4-anos-muere-por-golpes-detienen-al-padrastro\/"},"author":{"name":"Exc\u00e9lsior","@id":"https:\/\/fuentesfidedignas.com.mx\/#\/schema\/person\/ec4edd1fbf5efa3e44fce34fe2787780"},"headline":"Menor de 4 a\u00f1os muere por golpes; detienen al padrastro","datePublished":"2023-08-12T00:02:19+00:00","dateModified":"2023-08-12T00:03:04+00:00","mainEntityOfPage":{"@id":"https:\/\/fuentesfidedignas.com.mx\/index.php\/2023\/08\/11\/menor-de-4-anos-muere-por-golpes-detienen-al-padrastro\/"},"wordCount":295,"commentCount":0,"publisher":{"@id":"https:\/\/fuentesfidedignas.com.mx\/#organization"},"image":{"@id":"https:\/\/fuentesfidedignas.com.mx\/index.php\/2023\/08\/11\/menor-de-4-anos-muere-por-golpes-detienen-al-padrastro\/#primaryimage"},"thumbnailUrl":"https:\/\/fuentesfidedignas.com.mx\/wp-content\/uploads\/2023\/08\/2991087.jpg","articleSection":["NOTICIAS NACIONALES"],"inLanguage":"es","potentialAction":[{"@type":"CommentAction","name":"Comment","target":["https:\/\/fuentesfidedignas.com.mx\/index.php\/2023\/08\/11\/menor-de-4-anos-muere-por-golpes-detienen-al-padrastro\/#respond"]}]},{"@type":"WebPage","@id":"https:\/\/fuentesfidedignas.com.mx\/index.php\/2023\/08\/11\/menor-de-4-anos-muere-por-golpes-detienen-al-padrastro\/","url":"https:\/\/fuentesfidedignas.com.mx\/index.php\/2023\/08\/11\/menor-de-4-anos-muere-por-golpes-detienen-al-padrastro\/","name":"Menor de 4 a\u00f1os muere por golpes; detienen al padrastro - Fuentes Fidedignas","isPartOf":{"@id":"https:\/\/fuentesfidedignas.com.mx\/#website"},"primaryImageOfPage":{"@id":"https:\/\/fuentesfidedignas.com.mx\/index.php\/2023\/08\/11\/menor-de-4-anos-muere-por-golpes-detienen-al-padrastro\/#primaryimage"},"image":{"@id":"https:\/\/fuentesfidedignas.com.mx\/index.php\/2023\/08\/11\/menor-de-4-anos-muere-por-golpes-detienen-al-padrastro\/#primaryimage"},"thumbnailUrl":"https:\/\/fuentesfidedignas.com.mx\/wp-content\/uploads\/2023\/08\/2991087.jpg","datePublished":"2023-08-12T00:02:19+00:00","dateModified":"2023-08-12T00:03:04+00:00","breadcrumb":{"@id":"https:\/\/fuentesfidedignas.com.mx\/index.php\/2023\/08\/11\/menor-de-4-anos-muere-por-golpes-detienen-al-padrastro\/#breadcrumb"},"inLanguage":"es","potentialAction":[{"@type":"ReadAction","target":["https:\/\/fuentesfidedignas.com.mx\/index.php\/2023\/08\/11\/menor-de-4-anos-muere-por-golpes-detienen-al-padrastro\/"]}]},{"@type":"ImageObject","inLanguage":"es","@id":"https:\/\/fuentesfidedignas.com.mx\/index.php\/2023\/08\/11\/menor-de-4-anos-muere-por-golpes-detienen-al-padrastro\/#primaryimage","url":"https:\/\/fuentesfidedignas.com.mx\/wp-content\/uploads\/2023\/08\/2991087.jpg","contentUrl":"https:\/\/fuentesfidedignas.com.mx\/wp-content\/uploads\/2023\/08\/2991087.jpg","width":800,"height":600},{"@type":"BreadcrumbList","@id":"https:\/\/fuentesfidedignas.com.mx\/index.php\/2023\/08\/11\/menor-de-4-anos-muere-por-golpes-detienen-al-padrastro\/#breadcrumb","itemListElement":[{"@type":"ListItem","position":1,"name":"Inicio","item":"https:\/\/fuentesfidedignas.com.mx\/"},{"@type":"ListItem","position":2,"name":"Menor de 4 a\u00f1os muere por golpes; detienen al padrastro"}]},{"@type":"WebSite","@id":"https:\/\/fuentesfidedignas.com.mx\/#website","url":"https:\/\/fuentesfidedignas.com.mx\/","name":"Fuentes Fidedignas","description":"Otro sitio realizado con WordPress","publisher":{"@id":"https:\/\/fuentesfidedignas.com.mx\/#organization"},"potentialAction":[{"@type":"SearchAction","target":{"@type":"EntryPoint","urlTemplate":"https:\/\/fuentesfidedignas.com.mx\/?s={search_term_string}"},"query-input":{"@type":"PropertyValueSpecification","valueRequired":true,"valueName":"search_term_string"}}],"inLanguage":"es"},{"@type":"Organization","@id":"https:\/\/fuentesfidedignas.com.mx\/#organization","name":"Fuentes Fidedignas","url":"https:\/\/fuentesfidedignas.com.mx\/","logo":{"@type":"ImageObject","inLanguage":"es","@id":"https:\/\/fuentesfidedignas.com.mx\/#\/schema\/logo\/image\/","url":"https:\/\/fuentesfidedignas.com.mx\/wp-content\/uploads\/2021\/04\/logo-retina.png","contentUrl":"https:\/\/fuentesfidedignas.com.mx\/wp-content\/uploads\/2021\/04\/logo-retina.png","width":280,"height":51,"caption":"Fuentes Fidedignas"},"image":{"@id":"https:\/\/fuentesfidedignas.com.mx\/#\/schema\/logo\/image\/"},"sameAs":["https:\/\/www.facebook.com\/Fuentes-Fidedignas-368234489921644","https:\/\/x.com\/fidedignas"]},{"@type":"Person","@id":"https:\/\/fuentesfidedignas.com.mx\/#\/schema\/person\/ec4edd1fbf5efa3e44fce34fe2787780","name":"Exc\u00e9lsior","image":{"@type":"ImageObject","inLanguage":"es","@id":"https:\/\/secure.gravatar.com\/avatar\/4b7ee9206b48be08447852b3f0814dbc7c0f3b51541b164f1464a2725614020b?s=96&d=mm&r=g","url":"https:\/\/secure.gravatar.com\/avatar\/4b7ee9206b48be08447852b3f0814dbc7c0f3b51541b164f1464a2725614020b?s=96&d=mm&r=g","contentUrl":"https:\/\/secure.gravatar.com\/avatar\/4b7ee9206b48be08447852b3f0814dbc7c0f3b51541b164f1464a2725614020b?s=96&d=mm&r=g","caption":"Exc\u00e9lsior"},"url":"https:\/\/fuentesfidedignas.com.mx\/index.php\/author\/excelsior\/"}]}},"_links":{"self":[{"href":"https:\/\/fuentesfidedignas.com.mx\/index.php\/wp-json\/wp\/v2\/posts\/55174","targetHints":{"allow":["GET"]}}],"collection":[{"href":"https:\/\/fuentesfidedignas.com.mx\/index.php\/wp-json\/wp\/v2\/posts"}],"about":[{"href":"https:\/\/fuentesfidedignas.com.mx\/index.php\/wp-json\/wp\/v2\/types\/post"}],"author":[{"embeddable":true,"href":"https:\/\/fuentesfidedignas.com.mx\/index.php\/wp-json\/wp\/v2\/users\/7"}],"replies":[{"embeddable":true,"href":"https:\/\/fuentesfidedignas.com.mx\/index.php\/wp-json\/wp\/v2\/comments?post=55174"}],"version-history":[{"count":1,"href":"https:\/\/fuentesfidedignas.com.mx\/index.php\/wp-json\/wp\/v2\/posts\/55174\/revisions"}],"predecessor-version":[{"id":55175,"href":"https:\/\/fuentesfidedignas.com.mx\/index.php\/wp-json\/wp\/v2\/posts\/55174\/revisions\/55175"}],"wp:featuredmedia":[{"embeddable":true,"href":"https:\/\/fuentesfidedignas.com.mx\/index.php\/wp-json\/wp\/v2\/media\/55176"}],"wp:attachment":[{"href":"https:\/\/fuentesfidedignas.com.mx\/index.php\/wp-json\/wp\/v2\/media?parent=55174"}],"wp:term":[{"taxonomy":"category","embeddable":true,"href":"https:\/\/fuentesfidedignas.com.mx\/index.php\/wp-json\/wp\/v2\/categories?post=55174"},{"taxonomy":"post_tag","embeddable":true,"href":"https:\/\/fuentesfidedignas.com.mx\/index.php\/wp-json\/wp\/v2\/tags?post=55174"}],"curies":[{"name":"wp","href":"https:\/\/api.w.org\/{rel}","templated":true}]}}