{"id":55164,"date":"2023-08-11T14:42:42","date_gmt":"2023-08-11T21:42:42","guid":{"rendered":"https:\/\/fuentesfidedignas.com.mx\/?p=55164"},"modified":"2023-08-11T17:24:10","modified_gmt":"2023-08-12T00:24:10","slug":"el-proximo-14-de-agosto-inicia-jornada-de-inscripciones-en-el-centro-de-estudio-de-idiomas","status":"publish","type":"post","link":"https:\/\/fuentesfidedignas.com.mx\/index.php\/2023\/08\/11\/el-proximo-14-de-agosto-inicia-jornada-de-inscripciones-en-el-centro-de-estudio-de-idiomas\/","title":{"rendered":"El pr\u00f3ximo 14 de agosto inicia jornada de inscripciones en el Centro de Estudio de Idiomas"},"content":{"rendered":"\n<p><strong><em>Tendr\u00e1n horarios de clases presenciales muy accesibles que van desde las 7 de la ma\u00f1ana hasta las 8 de la noche de lunes a viernes para cursos regulares o intensivos<\/em><\/strong><\/p>\n\n\n\n<p>Culiac\u00e1n, Sin.- Si buscas aprender o mejorar una segunda o tercera lengua, la Universidad Aut\u00f3noma de Sinaloa (UAS), a trav\u00e9s del Centro de Estudio de Idiomas (CEI), abrir\u00e1 su calendario de inscripciones del 14 al 18 de agosto, anunci\u00f3 el doctor Rigoberto Rodr\u00edguez Garc\u00eda, director de dicho plantel.<\/p>\n\n\n\n<p>Rodr\u00edguez Garc\u00eda detall\u00f3 que estos cursos van dirigidos a toda la poblaci\u00f3n sinaloense tanto j\u00f3venes como adultos, teniendo horarios de clases presenciales muy accesibles que van desde las 7 de la ma\u00f1ana hasta las 8 de la noche de lunes a viernes para cursos regulares o intensivos; y de 9 de la ma\u00f1ana a 1:30 de la tarde el turno matutino y de 2 a 6:30 en el turno vespertino para los cursos sabatinos. &nbsp;&nbsp;<\/p>\n\n\n\n<p>\u201cLa universidad est\u00e1 de manteles largos, arrancamos con la inscripci\u00f3n de los centros de idiomas, en todo el estado vamos a estar inscribiendo en las seis sedes de la universidad, inscripciones de nuevo ingreso para cursos regulares, intensivos y sabatinos\u201d, expres\u00f3.<\/p>\n\n\n\n<p>Asimismo, a\u00f1adi\u00f3 que alguno de los requisitos son ser mayor de 14 a\u00f1os para cursos de lunes a viernes y mayores de 18 para cursos sabatinos, copia de su CURP, original y copia del acta de nacimiento, as\u00ed como el pago de cuota trimestral.<\/p>\n\n\n\n<p>\u201cVamos a tener como siempre la academia de espa\u00f1ol muy activa, alem\u00e1n, franc\u00e9s, italiano, japon\u00e9s, portugu\u00e9s y por supuesto el idioma ingl\u00e9s, que es el de mayor n\u00famero de estudiantes, nosotros como universidad estamos recibiendo en todos los horarios\u201d, reiter\u00f3.<\/p>\n\n\n\n<p>Para m\u00e1s informaci\u00f3n pueden comunicarse al n\u00famero telef\u00f3nico 6677123745 en horario de oficina, o visitar las redes sociales oficiales en Facebook como Centro de Estudio de Idiomas-Culiac\u00e1n e Instagram como cei_cln, as\u00ed como la p\u00e1gina web oficial\u00a0<a href=\"http:\/\/idiomas.uas.edu.mx\/\" target=\"_blank\" rel=\"noreferrer noopener\">idiomas.uas.edu.mx<\/a>.<\/p>\n","protected":false},"excerpt":{"rendered":"<p>Tendr\u00e1n horarios de clases presenciales muy accesibles que van desde las 7 de la ma\u00f1ana hasta las 8 de la noche de lunes a viernes para cursos regulares o intensivos Culiac\u00e1n, Sin.- Si buscas aprender o mejorar una segunda o tercera lengua, la Universidad Aut\u00f3noma de Sinaloa (UAS), a trav\u00e9s del Centro de Estudio de [&hellip;]<\/p>\n","protected":false},"author":4,"featured_media":55166,"comment_status":"open","ping_status":"open","sticky":false,"template":"","format":"standard","meta":{"tdm_status":"","tdm_grid_status":"","footnotes":""},"categories":[38,1],"tags":[],"class_list":{"0":"post-55164","1":"post","2":"type-post","3":"status-publish","4":"format-standard","5":"has-post-thumbnail","7":"category-noticias-locales","8":"category-sin-categoria"},"yoast_head":"<!-- This site is optimized with the Yoast SEO plugin v27.5 - https:\/\/yoast.com\/product\/yoast-seo-wordpress\/ -->\n<title>El pr\u00f3ximo 14 de agosto inicia jornada de inscripciones en el Centro de Estudio de Idiomas - Fuentes Fidedignas<\/title>\n<meta name=\"robots\" content=\"index, follow, max-snippet:-1, max-image-preview:large, max-video-preview:-1\" \/>\n<link rel=\"canonical\" href=\"https:\/\/fuentesfidedignas.com.mx\/index.php\/2023\/08\/11\/el-proximo-14-de-agosto-inicia-jornada-de-inscripciones-en-el-centro-de-estudio-de-idiomas\/\" \/>\n<meta property=\"og:locale\" content=\"es_MX\" \/>\n<meta property=\"og:type\" content=\"article\" \/>\n<meta property=\"og:title\" content=\"El pr\u00f3ximo 14 de agosto inicia jornada de inscripciones en el Centro de Estudio de Idiomas - Fuentes Fidedignas\" \/>\n<meta property=\"og:description\" content=\"Tendr\u00e1n horarios de clases presenciales muy accesibles que van desde las 7 de la ma\u00f1ana hasta las 8 de la noche de lunes a viernes para cursos regulares o intensivos Culiac\u00e1n, Sin.- Si buscas aprender o mejorar una segunda o tercera lengua, la Universidad Aut\u00f3noma de Sinaloa (UAS), a trav\u00e9s del Centro de Estudio de [&hellip;]\" \/>\n<meta property=\"og:url\" content=\"https:\/\/fuentesfidedignas.com.mx\/index.php\/2023\/08\/11\/el-proximo-14-de-agosto-inicia-jornada-de-inscripciones-en-el-centro-de-estudio-de-idiomas\/\" \/>\n<meta property=\"og:site_name\" content=\"Fuentes Fidedignas\" \/>\n<meta property=\"article:publisher\" content=\"https:\/\/www.facebook.com\/Fuentes-Fidedignas-368234489921644\" \/>\n<meta property=\"article:published_time\" content=\"2023-08-11T21:42:42+00:00\" \/>\n<meta property=\"article:modified_time\" content=\"2023-08-12T00:24:10+00:00\" \/>\n<meta property=\"og:image\" content=\"https:\/\/fuentesfidedignas.com.mx\/wp-content\/uploads\/2023\/08\/CEI-3.jpg\" \/>\n\t<meta property=\"og:image:width\" content=\"1280\" \/>\n\t<meta property=\"og:image:height\" content=\"853\" \/>\n\t<meta property=\"og:image:type\" content=\"image\/jpeg\" \/>\n<meta name=\"author\" content=\"Redacci\u00f3n\" \/>\n<meta name=\"twitter:card\" content=\"summary_large_image\" \/>\n<meta name=\"twitter:creator\" content=\"@fidedignas\" \/>\n<meta name=\"twitter:site\" content=\"@fidedignas\" \/>\n<meta name=\"twitter:label1\" content=\"Escrito por\" \/>\n\t<meta name=\"twitter:data1\" content=\"Redacci\u00f3n\" \/>\n\t<meta name=\"twitter:label2\" content=\"Tiempo de lectura\" \/>\n\t<meta name=\"twitter:data2\" content=\"2 minutos\" \/>\n<script type=\"application\/ld+json\" class=\"yoast-schema-graph\">{\"@context\":\"https:\\\/\\\/schema.org\",\"@graph\":[{\"@type\":\"Article\",\"@id\":\"https:\\\/\\\/fuentesfidedignas.com.mx\\\/index.php\\\/2023\\\/08\\\/11\\\/el-proximo-14-de-agosto-inicia-jornada-de-inscripciones-en-el-centro-de-estudio-de-idiomas\\\/#article\",\"isPartOf\":{\"@id\":\"https:\\\/\\\/fuentesfidedignas.com.mx\\\/index.php\\\/2023\\\/08\\\/11\\\/el-proximo-14-de-agosto-inicia-jornada-de-inscripciones-en-el-centro-de-estudio-de-idiomas\\\/\"},\"author\":{\"name\":\"Redacci\u00f3n\",\"@id\":\"https:\\\/\\\/fuentesfidedignas.com.mx\\\/#\\\/schema\\\/person\\\/331be9283d37198e2acd5750279085b0\"},\"headline\":\"El pr\u00f3ximo 14 de agosto inicia jornada de inscripciones en el Centro de Estudio de Idiomas\",\"datePublished\":\"2023-08-11T21:42:42+00:00\",\"dateModified\":\"2023-08-12T00:24:10+00:00\",\"mainEntityOfPage\":{\"@id\":\"https:\\\/\\\/fuentesfidedignas.com.mx\\\/index.php\\\/2023\\\/08\\\/11\\\/el-proximo-14-de-agosto-inicia-jornada-de-inscripciones-en-el-centro-de-estudio-de-idiomas\\\/\"},\"wordCount\":354,\"commentCount\":0,\"publisher\":{\"@id\":\"https:\\\/\\\/fuentesfidedignas.com.mx\\\/#organization\"},\"image\":{\"@id\":\"https:\\\/\\\/fuentesfidedignas.com.mx\\\/index.php\\\/2023\\\/08\\\/11\\\/el-proximo-14-de-agosto-inicia-jornada-de-inscripciones-en-el-centro-de-estudio-de-idiomas\\\/#primaryimage\"},\"thumbnailUrl\":\"https:\\\/\\\/fuentesfidedignas.com.mx\\\/wp-content\\\/uploads\\\/2023\\\/08\\\/CEI-3.jpg\",\"articleSection\":[\"NOTICIAS LOCALES\"],\"inLanguage\":\"es\",\"potentialAction\":[{\"@type\":\"CommentAction\",\"name\":\"Comment\",\"target\":[\"https:\\\/\\\/fuentesfidedignas.com.mx\\\/index.php\\\/2023\\\/08\\\/11\\\/el-proximo-14-de-agosto-inicia-jornada-de-inscripciones-en-el-centro-de-estudio-de-idiomas\\\/#respond\"]}]},{\"@type\":\"WebPage\",\"@id\":\"https:\\\/\\\/fuentesfidedignas.com.mx\\\/index.php\\\/2023\\\/08\\\/11\\\/el-proximo-14-de-agosto-inicia-jornada-de-inscripciones-en-el-centro-de-estudio-de-idiomas\\\/\",\"url\":\"https:\\\/\\\/fuentesfidedignas.com.mx\\\/index.php\\\/2023\\\/08\\\/11\\\/el-proximo-14-de-agosto-inicia-jornada-de-inscripciones-en-el-centro-de-estudio-de-idiomas\\\/\",\"name\":\"El pr\u00f3ximo 14 de agosto inicia jornada de inscripciones en el Centro de Estudio de Idiomas - Fuentes Fidedignas\",\"isPartOf\":{\"@id\":\"https:\\\/\\\/fuentesfidedignas.com.mx\\\/#website\"},\"primaryImageOfPage\":{\"@id\":\"https:\\\/\\\/fuentesfidedignas.com.mx\\\/index.php\\\/2023\\\/08\\\/11\\\/el-proximo-14-de-agosto-inicia-jornada-de-inscripciones-en-el-centro-de-estudio-de-idiomas\\\/#primaryimage\"},\"image\":{\"@id\":\"https:\\\/\\\/fuentesfidedignas.com.mx\\\/index.php\\\/2023\\\/08\\\/11\\\/el-proximo-14-de-agosto-inicia-jornada-de-inscripciones-en-el-centro-de-estudio-de-idiomas\\\/#primaryimage\"},\"thumbnailUrl\":\"https:\\\/\\\/fuentesfidedignas.com.mx\\\/wp-content\\\/uploads\\\/2023\\\/08\\\/CEI-3.jpg\",\"datePublished\":\"2023-08-11T21:42:42+00:00\",\"dateModified\":\"2023-08-12T00:24:10+00:00\",\"breadcrumb\":{\"@id\":\"https:\\\/\\\/fuentesfidedignas.com.mx\\\/index.php\\\/2023\\\/08\\\/11\\\/el-proximo-14-de-agosto-inicia-jornada-de-inscripciones-en-el-centro-de-estudio-de-idiomas\\\/#breadcrumb\"},\"inLanguage\":\"es\",\"potentialAction\":[{\"@type\":\"ReadAction\",\"target\":[\"https:\\\/\\\/fuentesfidedignas.com.mx\\\/index.php\\\/2023\\\/08\\\/11\\\/el-proximo-14-de-agosto-inicia-jornada-de-inscripciones-en-el-centro-de-estudio-de-idiomas\\\/\"]}]},{\"@type\":\"ImageObject\",\"inLanguage\":\"es\",\"@id\":\"https:\\\/\\\/fuentesfidedignas.com.mx\\\/index.php\\\/2023\\\/08\\\/11\\\/el-proximo-14-de-agosto-inicia-jornada-de-inscripciones-en-el-centro-de-estudio-de-idiomas\\\/#primaryimage\",\"url\":\"https:\\\/\\\/fuentesfidedignas.com.mx\\\/wp-content\\\/uploads\\\/2023\\\/08\\\/CEI-3.jpg\",\"contentUrl\":\"https:\\\/\\\/fuentesfidedignas.com.mx\\\/wp-content\\\/uploads\\\/2023\\\/08\\\/CEI-3.jpg\",\"width\":1280,\"height\":853},{\"@type\":\"BreadcrumbList\",\"@id\":\"https:\\\/\\\/fuentesfidedignas.com.mx\\\/index.php\\\/2023\\\/08\\\/11\\\/el-proximo-14-de-agosto-inicia-jornada-de-inscripciones-en-el-centro-de-estudio-de-idiomas\\\/#breadcrumb\",\"itemListElement\":[{\"@type\":\"ListItem\",\"position\":1,\"name\":\"Inicio\",\"item\":\"https:\\\/\\\/fuentesfidedignas.com.mx\\\/\"},{\"@type\":\"ListItem\",\"position\":2,\"name\":\"El pr\u00f3ximo 14 de agosto inicia jornada de inscripciones en el Centro de Estudio de Idiomas\"}]},{\"@type\":\"WebSite\",\"@id\":\"https:\\\/\\\/fuentesfidedignas.com.mx\\\/#website\",\"url\":\"https:\\\/\\\/fuentesfidedignas.com.mx\\\/\",\"name\":\"Fuentes Fidedignas\",\"description\":\"Otro sitio realizado con WordPress\",\"publisher\":{\"@id\":\"https:\\\/\\\/fuentesfidedignas.com.mx\\\/#organization\"},\"potentialAction\":[{\"@type\":\"SearchAction\",\"target\":{\"@type\":\"EntryPoint\",\"urlTemplate\":\"https:\\\/\\\/fuentesfidedignas.com.mx\\\/?s={search_term_string}\"},\"query-input\":{\"@type\":\"PropertyValueSpecification\",\"valueRequired\":true,\"valueName\":\"search_term_string\"}}],\"inLanguage\":\"es\"},{\"@type\":\"Organization\",\"@id\":\"https:\\\/\\\/fuentesfidedignas.com.mx\\\/#organization\",\"name\":\"Fuentes Fidedignas\",\"url\":\"https:\\\/\\\/fuentesfidedignas.com.mx\\\/\",\"logo\":{\"@type\":\"ImageObject\",\"inLanguage\":\"es\",\"@id\":\"https:\\\/\\\/fuentesfidedignas.com.mx\\\/#\\\/schema\\\/logo\\\/image\\\/\",\"url\":\"https:\\\/\\\/fuentesfidedignas.com.mx\\\/wp-content\\\/uploads\\\/2021\\\/04\\\/logo-retina.png\",\"contentUrl\":\"https:\\\/\\\/fuentesfidedignas.com.mx\\\/wp-content\\\/uploads\\\/2021\\\/04\\\/logo-retina.png\",\"width\":280,\"height\":51,\"caption\":\"Fuentes Fidedignas\"},\"image\":{\"@id\":\"https:\\\/\\\/fuentesfidedignas.com.mx\\\/#\\\/schema\\\/logo\\\/image\\\/\"},\"sameAs\":[\"https:\\\/\\\/www.facebook.com\\\/Fuentes-Fidedignas-368234489921644\",\"https:\\\/\\\/x.com\\\/fidedignas\"]},{\"@type\":\"Person\",\"@id\":\"https:\\\/\\\/fuentesfidedignas.com.mx\\\/#\\\/schema\\\/person\\\/331be9283d37198e2acd5750279085b0\",\"name\":\"Redacci\u00f3n\",\"image\":{\"@type\":\"ImageObject\",\"inLanguage\":\"es\",\"@id\":\"https:\\\/\\\/secure.gravatar.com\\\/avatar\\\/f6d8782c11d12b2d4ad3fbb6931aeab5309937a4d6cd2fc9cfaa28a6396a5aec?s=96&d=mm&r=g\",\"url\":\"https:\\\/\\\/secure.gravatar.com\\\/avatar\\\/f6d8782c11d12b2d4ad3fbb6931aeab5309937a4d6cd2fc9cfaa28a6396a5aec?s=96&d=mm&r=g\",\"contentUrl\":\"https:\\\/\\\/secure.gravatar.com\\\/avatar\\\/f6d8782c11d12b2d4ad3fbb6931aeab5309937a4d6cd2fc9cfaa28a6396a5aec?s=96&d=mm&r=g\",\"caption\":\"Redacci\u00f3n\"},\"url\":\"https:\\\/\\\/fuentesfidedignas.com.mx\\\/index.php\\\/author\\\/redaccion\\\/\"}]}<\/script>\n<!-- \/ Yoast SEO plugin. -->","yoast_head_json":{"title":"El pr\u00f3ximo 14 de agosto inicia jornada de inscripciones en el Centro de Estudio de Idiomas - Fuentes Fidedignas","robots":{"index":"index","follow":"follow","max-snippet":"max-snippet:-1","max-image-preview":"max-image-preview:large","max-video-preview":"max-video-preview:-1"},"canonical":"https:\/\/fuentesfidedignas.com.mx\/index.php\/2023\/08\/11\/el-proximo-14-de-agosto-inicia-jornada-de-inscripciones-en-el-centro-de-estudio-de-idiomas\/","og_locale":"es_MX","og_type":"article","og_title":"El pr\u00f3ximo 14 de agosto inicia jornada de inscripciones en el Centro de Estudio de Idiomas - Fuentes Fidedignas","og_description":"Tendr\u00e1n horarios de clases presenciales muy accesibles que van desde las 7 de la ma\u00f1ana hasta las 8 de la noche de lunes a viernes para cursos regulares o intensivos Culiac\u00e1n, Sin.- Si buscas aprender o mejorar una segunda o tercera lengua, la Universidad Aut\u00f3noma de Sinaloa (UAS), a trav\u00e9s del Centro de Estudio de [&hellip;]","og_url":"https:\/\/fuentesfidedignas.com.mx\/index.php\/2023\/08\/11\/el-proximo-14-de-agosto-inicia-jornada-de-inscripciones-en-el-centro-de-estudio-de-idiomas\/","og_site_name":"Fuentes Fidedignas","article_publisher":"https:\/\/www.facebook.com\/Fuentes-Fidedignas-368234489921644","article_published_time":"2023-08-11T21:42:42+00:00","article_modified_time":"2023-08-12T00:24:10+00:00","og_image":[{"width":1280,"height":853,"url":"https:\/\/fuentesfidedignas.com.mx\/wp-content\/uploads\/2023\/08\/CEI-3.jpg","type":"image\/jpeg"}],"author":"Redacci\u00f3n","twitter_card":"summary_large_image","twitter_creator":"@fidedignas","twitter_site":"@fidedignas","twitter_misc":{"Escrito por":"Redacci\u00f3n","Tiempo de lectura":"2 minutos"},"schema":{"@context":"https:\/\/schema.org","@graph":[{"@type":"Article","@id":"https:\/\/fuentesfidedignas.com.mx\/index.php\/2023\/08\/11\/el-proximo-14-de-agosto-inicia-jornada-de-inscripciones-en-el-centro-de-estudio-de-idiomas\/#article","isPartOf":{"@id":"https:\/\/fuentesfidedignas.com.mx\/index.php\/2023\/08\/11\/el-proximo-14-de-agosto-inicia-jornada-de-inscripciones-en-el-centro-de-estudio-de-idiomas\/"},"author":{"name":"Redacci\u00f3n","@id":"https:\/\/fuentesfidedignas.com.mx\/#\/schema\/person\/331be9283d37198e2acd5750279085b0"},"headline":"El pr\u00f3ximo 14 de agosto inicia jornada de inscripciones en el Centro de Estudio de Idiomas","datePublished":"2023-08-11T21:42:42+00:00","dateModified":"2023-08-12T00:24:10+00:00","mainEntityOfPage":{"@id":"https:\/\/fuentesfidedignas.com.mx\/index.php\/2023\/08\/11\/el-proximo-14-de-agosto-inicia-jornada-de-inscripciones-en-el-centro-de-estudio-de-idiomas\/"},"wordCount":354,"commentCount":0,"publisher":{"@id":"https:\/\/fuentesfidedignas.com.mx\/#organization"},"image":{"@id":"https:\/\/fuentesfidedignas.com.mx\/index.php\/2023\/08\/11\/el-proximo-14-de-agosto-inicia-jornada-de-inscripciones-en-el-centro-de-estudio-de-idiomas\/#primaryimage"},"thumbnailUrl":"https:\/\/fuentesfidedignas.com.mx\/wp-content\/uploads\/2023\/08\/CEI-3.jpg","articleSection":["NOTICIAS LOCALES"],"inLanguage":"es","potentialAction":[{"@type":"CommentAction","name":"Comment","target":["https:\/\/fuentesfidedignas.com.mx\/index.php\/2023\/08\/11\/el-proximo-14-de-agosto-inicia-jornada-de-inscripciones-en-el-centro-de-estudio-de-idiomas\/#respond"]}]},{"@type":"WebPage","@id":"https:\/\/fuentesfidedignas.com.mx\/index.php\/2023\/08\/11\/el-proximo-14-de-agosto-inicia-jornada-de-inscripciones-en-el-centro-de-estudio-de-idiomas\/","url":"https:\/\/fuentesfidedignas.com.mx\/index.php\/2023\/08\/11\/el-proximo-14-de-agosto-inicia-jornada-de-inscripciones-en-el-centro-de-estudio-de-idiomas\/","name":"El pr\u00f3ximo 14 de agosto inicia jornada de inscripciones en el Centro de Estudio de Idiomas - Fuentes Fidedignas","isPartOf":{"@id":"https:\/\/fuentesfidedignas.com.mx\/#website"},"primaryImageOfPage":{"@id":"https:\/\/fuentesfidedignas.com.mx\/index.php\/2023\/08\/11\/el-proximo-14-de-agosto-inicia-jornada-de-inscripciones-en-el-centro-de-estudio-de-idiomas\/#primaryimage"},"image":{"@id":"https:\/\/fuentesfidedignas.com.mx\/index.php\/2023\/08\/11\/el-proximo-14-de-agosto-inicia-jornada-de-inscripciones-en-el-centro-de-estudio-de-idiomas\/#primaryimage"},"thumbnailUrl":"https:\/\/fuentesfidedignas.com.mx\/wp-content\/uploads\/2023\/08\/CEI-3.jpg","datePublished":"2023-08-11T21:42:42+00:00","dateModified":"2023-08-12T00:24:10+00:00","breadcrumb":{"@id":"https:\/\/fuentesfidedignas.com.mx\/index.php\/2023\/08\/11\/el-proximo-14-de-agosto-inicia-jornada-de-inscripciones-en-el-centro-de-estudio-de-idiomas\/#breadcrumb"},"inLanguage":"es","potentialAction":[{"@type":"ReadAction","target":["https:\/\/fuentesfidedignas.com.mx\/index.php\/2023\/08\/11\/el-proximo-14-de-agosto-inicia-jornada-de-inscripciones-en-el-centro-de-estudio-de-idiomas\/"]}]},{"@type":"ImageObject","inLanguage":"es","@id":"https:\/\/fuentesfidedignas.com.mx\/index.php\/2023\/08\/11\/el-proximo-14-de-agosto-inicia-jornada-de-inscripciones-en-el-centro-de-estudio-de-idiomas\/#primaryimage","url":"https:\/\/fuentesfidedignas.com.mx\/wp-content\/uploads\/2023\/08\/CEI-3.jpg","contentUrl":"https:\/\/fuentesfidedignas.com.mx\/wp-content\/uploads\/2023\/08\/CEI-3.jpg","width":1280,"height":853},{"@type":"BreadcrumbList","@id":"https:\/\/fuentesfidedignas.com.mx\/index.php\/2023\/08\/11\/el-proximo-14-de-agosto-inicia-jornada-de-inscripciones-en-el-centro-de-estudio-de-idiomas\/#breadcrumb","itemListElement":[{"@type":"ListItem","position":1,"name":"Inicio","item":"https:\/\/fuentesfidedignas.com.mx\/"},{"@type":"ListItem","position":2,"name":"El pr\u00f3ximo 14 de agosto inicia jornada de inscripciones en el Centro de Estudio de Idiomas"}]},{"@type":"WebSite","@id":"https:\/\/fuentesfidedignas.com.mx\/#website","url":"https:\/\/fuentesfidedignas.com.mx\/","name":"Fuentes Fidedignas","description":"Otro sitio realizado con WordPress","publisher":{"@id":"https:\/\/fuentesfidedignas.com.mx\/#organization"},"potentialAction":[{"@type":"SearchAction","target":{"@type":"EntryPoint","urlTemplate":"https:\/\/fuentesfidedignas.com.mx\/?s={search_term_string}"},"query-input":{"@type":"PropertyValueSpecification","valueRequired":true,"valueName":"search_term_string"}}],"inLanguage":"es"},{"@type":"Organization","@id":"https:\/\/fuentesfidedignas.com.mx\/#organization","name":"Fuentes Fidedignas","url":"https:\/\/fuentesfidedignas.com.mx\/","logo":{"@type":"ImageObject","inLanguage":"es","@id":"https:\/\/fuentesfidedignas.com.mx\/#\/schema\/logo\/image\/","url":"https:\/\/fuentesfidedignas.com.mx\/wp-content\/uploads\/2021\/04\/logo-retina.png","contentUrl":"https:\/\/fuentesfidedignas.com.mx\/wp-content\/uploads\/2021\/04\/logo-retina.png","width":280,"height":51,"caption":"Fuentes Fidedignas"},"image":{"@id":"https:\/\/fuentesfidedignas.com.mx\/#\/schema\/logo\/image\/"},"sameAs":["https:\/\/www.facebook.com\/Fuentes-Fidedignas-368234489921644","https:\/\/x.com\/fidedignas"]},{"@type":"Person","@id":"https:\/\/fuentesfidedignas.com.mx\/#\/schema\/person\/331be9283d37198e2acd5750279085b0","name":"Redacci\u00f3n","image":{"@type":"ImageObject","inLanguage":"es","@id":"https:\/\/secure.gravatar.com\/avatar\/f6d8782c11d12b2d4ad3fbb6931aeab5309937a4d6cd2fc9cfaa28a6396a5aec?s=96&d=mm&r=g","url":"https:\/\/secure.gravatar.com\/avatar\/f6d8782c11d12b2d4ad3fbb6931aeab5309937a4d6cd2fc9cfaa28a6396a5aec?s=96&d=mm&r=g","contentUrl":"https:\/\/secure.gravatar.com\/avatar\/f6d8782c11d12b2d4ad3fbb6931aeab5309937a4d6cd2fc9cfaa28a6396a5aec?s=96&d=mm&r=g","caption":"Redacci\u00f3n"},"url":"https:\/\/fuentesfidedignas.com.mx\/index.php\/author\/redaccion\/"}]}},"_links":{"self":[{"href":"https:\/\/fuentesfidedignas.com.mx\/index.php\/wp-json\/wp\/v2\/posts\/55164","targetHints":{"allow":["GET"]}}],"collection":[{"href":"https:\/\/fuentesfidedignas.com.mx\/index.php\/wp-json\/wp\/v2\/posts"}],"about":[{"href":"https:\/\/fuentesfidedignas.com.mx\/index.php\/wp-json\/wp\/v2\/types\/post"}],"author":[{"embeddable":true,"href":"https:\/\/fuentesfidedignas.com.mx\/index.php\/wp-json\/wp\/v2\/users\/4"}],"replies":[{"embeddable":true,"href":"https:\/\/fuentesfidedignas.com.mx\/index.php\/wp-json\/wp\/v2\/comments?post=55164"}],"version-history":[{"count":1,"href":"https:\/\/fuentesfidedignas.com.mx\/index.php\/wp-json\/wp\/v2\/posts\/55164\/revisions"}],"predecessor-version":[{"id":55165,"href":"https:\/\/fuentesfidedignas.com.mx\/index.php\/wp-json\/wp\/v2\/posts\/55164\/revisions\/55165"}],"wp:featuredmedia":[{"embeddable":true,"href":"https:\/\/fuentesfidedignas.com.mx\/index.php\/wp-json\/wp\/v2\/media\/55166"}],"wp:attachment":[{"href":"https:\/\/fuentesfidedignas.com.mx\/index.php\/wp-json\/wp\/v2\/media?parent=55164"}],"wp:term":[{"taxonomy":"category","embeddable":true,"href":"https:\/\/fuentesfidedignas.com.mx\/index.php\/wp-json\/wp\/v2\/categories?post=55164"},{"taxonomy":"post_tag","embeddable":true,"href":"https:\/\/fuentesfidedignas.com.mx\/index.php\/wp-json\/wp\/v2\/tags?post=55164"}],"curies":[{"name":"wp","href":"https:\/\/api.w.org\/{rel}","templated":true}]}}