{"id":55059,"date":"2023-08-10T17:54:08","date_gmt":"2023-08-11T00:54:08","guid":{"rendered":"https:\/\/fuentesfidedignas.com.mx\/?p=55059"},"modified":"2023-08-10T18:52:33","modified_gmt":"2023-08-11T01:52:33","slug":"detienen-a-humberto-n-jefe-de-plaza-del-cartel-de-sinaloa-en-culiacan-estaba-en-su-casa-en-el-atoron-eldorado","status":"publish","type":"post","link":"https:\/\/fuentesfidedignas.com.mx\/index.php\/2023\/08\/10\/detienen-a-humberto-n-jefe-de-plaza-del-cartel-de-sinaloa-en-culiacan-estaba-en-su-casa-en-el-atoron-eldorado\/","title":{"rendered":"Detienen a Humberto \u201cN\u201d, jefe de plaza del C\u00e1rtel de Sinaloa; estaba en su casa en El Ator\u00f3n, Eldorado"},"content":{"rendered":"\n<p><strong><em>Este presunto l\u00edder criminal se dedicaba al secuestro, tr\u00e1fico de diversas drogas y armamento de los EEUU hacia M\u00e9xico<\/em><\/strong><\/p>\n\n\n\n<p>Ciudad de M\u00e9xico.- La Secretar\u00eda de la Defensa Nacional (Sedena) confirm\u00f3 la detenci\u00f3n de Humberto N, presunto jefe de plaza del C\u00e1rtel de Sinaloa en Culiac\u00e1n.<\/p>\n\n\n\n<p>Derivado de trabajos de inteligencia de las autoridades federales, este supuesto jefe de plaza del C\u00e1rtel del Pac\u00edfico fue capturado en un operativo el pasado 2 de agosto en un inmueble del poblado de Guadalupe Victoria en el municipio de Culiac\u00e1n, lugar que era usado por este narcotraficante para actividades il\u00edcitas.<\/p>\n\n\n\n<p>En la operaci\u00f3n conjunta participaron la Guardia Nacional, el Ej\u00e9rcito Mexicano, en coordinaci\u00f3n con el Centro Nacional de Fusi\u00f3n de Inteligencia (CNFI), adscrito al Centro Nacional de Inteligencia (CNI), Fiscal\u00eda Especializada en Materia de Delincuencia Organizada (FEMDO) y la Agencia de Investigaci\u00f3n Criminal (AIC) de la Fiscal\u00eda General de la Rep\u00fablica (FGR).<\/p>\n\n\n\n<p>\u201cHumberto \u201cN\u201d es considerado presunto jefe de una c\u00e9lula delictiva dedicada al secuestro y al trasiego de diversas drogas, as\u00ed como al tr\u00e1fico ilegal de armamento de los E.U.A. hacia M\u00e9xico, que emplean los integrantes de la delincuencia organizada en Sinaloa\u201d, destac\u00f3 la Sedena en un comunicado.<\/p>\n\n\n\n<p>A los detenidos se les asegur\u00f3 posible droga sint\u00e9tica, armas de fuego, cartuchos, cargadores, veh\u00edculos y inmueble donde fueron capturados. Foto: Insight Crime<br>De acuerdo con los detalles de su captura, personal militar estableci\u00f3 un per\u00edmetro de seguridad en el domicilio donde este supuesto jefe de plaza fue identificado. La Sedena se\u00f1al\u00f3 que al momento de su detenci\u00f3n, Humberto N estaba con una persona m\u00e1s en flagrancia delictiva.<\/p>\n\n\n\n<p>A estas dos personas se les asegur\u00f3 posible droga sint\u00e9tica, armas de fuego, cartuchos, cargadores y veh\u00edculos, as\u00ed como un inmueble, mismo que fue puesto a disposici\u00f3n de las autoridades competentes para que se realicen las investigaciones correspondientes, como la de identificar el tipo y cantidad de droga y determinar la situaci\u00f3n jur\u00eddica de los detenidos.<\/p>\n\n\n\n<p>Infobae M\u00e9xico consult\u00f3 al \u00e1rea de Comunicaci\u00f3n Social de la Sedena para conocer si el detenido ten\u00eda un alias o era jefe de plaza de otras zonas del estado; sin embargo, la dependencia de seguridad mencion\u00f3 que, \u201cpor el momento s\u00f3lo contabamos con esa informaci\u00f3n\u201d del comunicado.<\/p>\n\n\n\n<p>Pese a que la Secretar\u00eda de la Defensa Nacional confirm\u00f3 este 10 de agosto la detenci\u00f3n de este supuesto jefe de plaza del C\u00e1rtel de Sinaloa, la noticia de su captura trascendi\u00f3 en medios de comunicaci\u00f3n desde el 3 de agosto.<\/p>\n\n\n\n<p>La informaci\u00f3n fue dada a conocer en Foro TV, en donde se mencion\u00f3 que Humberto N, de 23 a\u00f1os, y la otra persona detenida era Jes\u00fas Baldino N. Estas dos personas, seg\u00fan se detall\u00f3, llevaban consigo aproximadamente un kilogramo de pastillas de posible fentanilo.<\/p>\n\n\n\n<p>El medio comparti\u00f3 una imagen de Humberto N donde es custodiado por elementos federales que se encuentran fuertemente armados.<\/p>\n\n\n\n<p>De acuerdo con reportes de autoridades federales y de los Estados Unidos, el municipio de Culiac\u00e1n es dominado por la facci\u00f3n de los hijos de Joaqu\u00edn El Chapo Guzm\u00e1n, mejor conocida como Los Chapitos, por lo que es muy posible que Humberto N se un operador de esta parte del C\u00e1rtel de Sinaloa, aunque ser\u00e1n las autoridades quienes determinen su papel en la estructura criminal que ha sido se\u00f1alada por las el Departamento de Justicia como una de las responsables de la epidemia de fentanilo en ese pa\u00eds.<\/p>\n","protected":false},"excerpt":{"rendered":"<p>Este presunto l\u00edder criminal se dedicaba al secuestro, tr\u00e1fico de diversas drogas y armamento de los EEUU hacia M\u00e9xico Ciudad de M\u00e9xico.- La Secretar\u00eda de la Defensa Nacional (Sedena) confirm\u00f3 la detenci\u00f3n de Humberto N, presunto jefe de plaza del C\u00e1rtel de Sinaloa en Culiac\u00e1n. Derivado de trabajos de inteligencia de las autoridades federales, este [&hellip;]<\/p>\n","protected":false},"author":41,"featured_media":55061,"comment_status":"open","ping_status":"open","sticky":false,"template":"","format":"standard","meta":{"tdm_status":"","tdm_grid_status":"","footnotes":""},"categories":[37],"tags":[],"class_list":{"0":"post-55059","1":"post","2":"type-post","3":"status-publish","4":"format-standard","5":"has-post-thumbnail","7":"category-nota-principal"},"yoast_head":"<!-- This site is optimized with the Yoast SEO plugin v27.4 - https:\/\/yoast.com\/product\/yoast-seo-wordpress\/ -->\n<title>Detienen a Humberto \u201cN\u201d, jefe de plaza del C\u00e1rtel de Sinaloa; estaba en su casa en El Ator\u00f3n, Eldorado - Fuentes Fidedignas<\/title>\n<meta name=\"robots\" content=\"index, follow, max-snippet:-1, max-image-preview:large, max-video-preview:-1\" \/>\n<link rel=\"canonical\" href=\"https:\/\/fuentesfidedignas.com.mx\/index.php\/2023\/08\/10\/detienen-a-humberto-n-jefe-de-plaza-del-cartel-de-sinaloa-en-culiacan-estaba-en-su-casa-en-el-atoron-eldorado\/\" \/>\n<meta property=\"og:locale\" content=\"es_MX\" \/>\n<meta property=\"og:type\" content=\"article\" \/>\n<meta property=\"og:title\" content=\"Detienen a Humberto \u201cN\u201d, jefe de plaza del C\u00e1rtel de Sinaloa; estaba en su casa en El Ator\u00f3n, Eldorado - Fuentes Fidedignas\" \/>\n<meta property=\"og:description\" content=\"Este presunto l\u00edder criminal se dedicaba al secuestro, tr\u00e1fico de diversas drogas y armamento de los EEUU hacia M\u00e9xico Ciudad de M\u00e9xico.- La Secretar\u00eda de la Defensa Nacional (Sedena) confirm\u00f3 la detenci\u00f3n de Humberto N, presunto jefe de plaza del C\u00e1rtel de Sinaloa en Culiac\u00e1n. Derivado de trabajos de inteligencia de las autoridades federales, este [&hellip;]\" \/>\n<meta property=\"og:url\" content=\"https:\/\/fuentesfidedignas.com.mx\/index.php\/2023\/08\/10\/detienen-a-humberto-n-jefe-de-plaza-del-cartel-de-sinaloa-en-culiacan-estaba-en-su-casa-en-el-atoron-eldorado\/\" \/>\n<meta property=\"og:site_name\" content=\"Fuentes Fidedignas\" \/>\n<meta property=\"article:publisher\" content=\"https:\/\/www.facebook.com\/Fuentes-Fidedignas-368234489921644\" \/>\n<meta property=\"article:published_time\" content=\"2023-08-11T00:54:08+00:00\" \/>\n<meta property=\"article:modified_time\" content=\"2023-08-11T01:52:33+00:00\" \/>\n<meta property=\"og:image\" content=\"https:\/\/fuentesfidedignas.com.mx\/wp-content\/uploads\/2023\/08\/DETERNIDO_ATORON.jpg\" \/>\n\t<meta property=\"og:image:width\" content=\"850\" \/>\n\t<meta property=\"og:image:height\" content=\"478\" \/>\n\t<meta property=\"og:image:type\" content=\"image\/jpeg\" \/>\n<meta name=\"author\" content=\"Infobae\" \/>\n<meta name=\"twitter:card\" content=\"summary_large_image\" \/>\n<meta name=\"twitter:creator\" content=\"@fidedignas\" \/>\n<meta name=\"twitter:site\" content=\"@fidedignas\" \/>\n<meta name=\"twitter:label1\" content=\"Escrito por\" \/>\n\t<meta name=\"twitter:data1\" content=\"Infobae\" \/>\n\t<meta name=\"twitter:label2\" content=\"Tiempo de lectura\" \/>\n\t<meta name=\"twitter:data2\" content=\"3 minutos\" \/>\n<script type=\"application\/ld+json\" class=\"yoast-schema-graph\">{\"@context\":\"https:\\\/\\\/schema.org\",\"@graph\":[{\"@type\":\"Article\",\"@id\":\"https:\\\/\\\/fuentesfidedignas.com.mx\\\/index.php\\\/2023\\\/08\\\/10\\\/detienen-a-humberto-n-jefe-de-plaza-del-cartel-de-sinaloa-en-culiacan-estaba-en-su-casa-en-el-atoron-eldorado\\\/#article\",\"isPartOf\":{\"@id\":\"https:\\\/\\\/fuentesfidedignas.com.mx\\\/index.php\\\/2023\\\/08\\\/10\\\/detienen-a-humberto-n-jefe-de-plaza-del-cartel-de-sinaloa-en-culiacan-estaba-en-su-casa-en-el-atoron-eldorado\\\/\"},\"author\":{\"name\":\"Infobae\",\"@id\":\"https:\\\/\\\/fuentesfidedignas.com.mx\\\/#\\\/schema\\\/person\\\/8575896a7c1067d352f6c1cd6582c389\"},\"headline\":\"Detienen a Humberto \u201cN\u201d, jefe de plaza del C\u00e1rtel de Sinaloa; estaba en su casa en El Ator\u00f3n, Eldorado\",\"datePublished\":\"2023-08-11T00:54:08+00:00\",\"dateModified\":\"2023-08-11T01:52:33+00:00\",\"mainEntityOfPage\":{\"@id\":\"https:\\\/\\\/fuentesfidedignas.com.mx\\\/index.php\\\/2023\\\/08\\\/10\\\/detienen-a-humberto-n-jefe-de-plaza-del-cartel-de-sinaloa-en-culiacan-estaba-en-su-casa-en-el-atoron-eldorado\\\/\"},\"wordCount\":632,\"commentCount\":0,\"publisher\":{\"@id\":\"https:\\\/\\\/fuentesfidedignas.com.mx\\\/#organization\"},\"image\":{\"@id\":\"https:\\\/\\\/fuentesfidedignas.com.mx\\\/index.php\\\/2023\\\/08\\\/10\\\/detienen-a-humberto-n-jefe-de-plaza-del-cartel-de-sinaloa-en-culiacan-estaba-en-su-casa-en-el-atoron-eldorado\\\/#primaryimage\"},\"thumbnailUrl\":\"https:\\\/\\\/fuentesfidedignas.com.mx\\\/wp-content\\\/uploads\\\/2023\\\/08\\\/DETERNIDO_ATORON.jpg\",\"articleSection\":[\"NOTA PRINCIPAL\"],\"inLanguage\":\"es\",\"potentialAction\":[{\"@type\":\"CommentAction\",\"name\":\"Comment\",\"target\":[\"https:\\\/\\\/fuentesfidedignas.com.mx\\\/index.php\\\/2023\\\/08\\\/10\\\/detienen-a-humberto-n-jefe-de-plaza-del-cartel-de-sinaloa-en-culiacan-estaba-en-su-casa-en-el-atoron-eldorado\\\/#respond\"]}]},{\"@type\":\"WebPage\",\"@id\":\"https:\\\/\\\/fuentesfidedignas.com.mx\\\/index.php\\\/2023\\\/08\\\/10\\\/detienen-a-humberto-n-jefe-de-plaza-del-cartel-de-sinaloa-en-culiacan-estaba-en-su-casa-en-el-atoron-eldorado\\\/\",\"url\":\"https:\\\/\\\/fuentesfidedignas.com.mx\\\/index.php\\\/2023\\\/08\\\/10\\\/detienen-a-humberto-n-jefe-de-plaza-del-cartel-de-sinaloa-en-culiacan-estaba-en-su-casa-en-el-atoron-eldorado\\\/\",\"name\":\"Detienen a Humberto \u201cN\u201d, jefe de plaza del C\u00e1rtel de Sinaloa; estaba en su casa en El Ator\u00f3n, Eldorado - Fuentes Fidedignas\",\"isPartOf\":{\"@id\":\"https:\\\/\\\/fuentesfidedignas.com.mx\\\/#website\"},\"primaryImageOfPage\":{\"@id\":\"https:\\\/\\\/fuentesfidedignas.com.mx\\\/index.php\\\/2023\\\/08\\\/10\\\/detienen-a-humberto-n-jefe-de-plaza-del-cartel-de-sinaloa-en-culiacan-estaba-en-su-casa-en-el-atoron-eldorado\\\/#primaryimage\"},\"image\":{\"@id\":\"https:\\\/\\\/fuentesfidedignas.com.mx\\\/index.php\\\/2023\\\/08\\\/10\\\/detienen-a-humberto-n-jefe-de-plaza-del-cartel-de-sinaloa-en-culiacan-estaba-en-su-casa-en-el-atoron-eldorado\\\/#primaryimage\"},\"thumbnailUrl\":\"https:\\\/\\\/fuentesfidedignas.com.mx\\\/wp-content\\\/uploads\\\/2023\\\/08\\\/DETERNIDO_ATORON.jpg\",\"datePublished\":\"2023-08-11T00:54:08+00:00\",\"dateModified\":\"2023-08-11T01:52:33+00:00\",\"breadcrumb\":{\"@id\":\"https:\\\/\\\/fuentesfidedignas.com.mx\\\/index.php\\\/2023\\\/08\\\/10\\\/detienen-a-humberto-n-jefe-de-plaza-del-cartel-de-sinaloa-en-culiacan-estaba-en-su-casa-en-el-atoron-eldorado\\\/#breadcrumb\"},\"inLanguage\":\"es\",\"potentialAction\":[{\"@type\":\"ReadAction\",\"target\":[\"https:\\\/\\\/fuentesfidedignas.com.mx\\\/index.php\\\/2023\\\/08\\\/10\\\/detienen-a-humberto-n-jefe-de-plaza-del-cartel-de-sinaloa-en-culiacan-estaba-en-su-casa-en-el-atoron-eldorado\\\/\"]}]},{\"@type\":\"ImageObject\",\"inLanguage\":\"es\",\"@id\":\"https:\\\/\\\/fuentesfidedignas.com.mx\\\/index.php\\\/2023\\\/08\\\/10\\\/detienen-a-humberto-n-jefe-de-plaza-del-cartel-de-sinaloa-en-culiacan-estaba-en-su-casa-en-el-atoron-eldorado\\\/#primaryimage\",\"url\":\"https:\\\/\\\/fuentesfidedignas.com.mx\\\/wp-content\\\/uploads\\\/2023\\\/08\\\/DETERNIDO_ATORON.jpg\",\"contentUrl\":\"https:\\\/\\\/fuentesfidedignas.com.mx\\\/wp-content\\\/uploads\\\/2023\\\/08\\\/DETERNIDO_ATORON.jpg\",\"width\":850,\"height\":478},{\"@type\":\"BreadcrumbList\",\"@id\":\"https:\\\/\\\/fuentesfidedignas.com.mx\\\/index.php\\\/2023\\\/08\\\/10\\\/detienen-a-humberto-n-jefe-de-plaza-del-cartel-de-sinaloa-en-culiacan-estaba-en-su-casa-en-el-atoron-eldorado\\\/#breadcrumb\",\"itemListElement\":[{\"@type\":\"ListItem\",\"position\":1,\"name\":\"Inicio\",\"item\":\"https:\\\/\\\/fuentesfidedignas.com.mx\\\/\"},{\"@type\":\"ListItem\",\"position\":2,\"name\":\"Detienen a Humberto \u201cN\u201d, jefe de plaza del C\u00e1rtel de Sinaloa; estaba en su casa en El Ator\u00f3n, Eldorado\"}]},{\"@type\":\"WebSite\",\"@id\":\"https:\\\/\\\/fuentesfidedignas.com.mx\\\/#website\",\"url\":\"https:\\\/\\\/fuentesfidedignas.com.mx\\\/\",\"name\":\"Fuentes Fidedignas\",\"description\":\"Otro sitio realizado con WordPress\",\"publisher\":{\"@id\":\"https:\\\/\\\/fuentesfidedignas.com.mx\\\/#organization\"},\"potentialAction\":[{\"@type\":\"SearchAction\",\"target\":{\"@type\":\"EntryPoint\",\"urlTemplate\":\"https:\\\/\\\/fuentesfidedignas.com.mx\\\/?s={search_term_string}\"},\"query-input\":{\"@type\":\"PropertyValueSpecification\",\"valueRequired\":true,\"valueName\":\"search_term_string\"}}],\"inLanguage\":\"es\"},{\"@type\":\"Organization\",\"@id\":\"https:\\\/\\\/fuentesfidedignas.com.mx\\\/#organization\",\"name\":\"Fuentes Fidedignas\",\"url\":\"https:\\\/\\\/fuentesfidedignas.com.mx\\\/\",\"logo\":{\"@type\":\"ImageObject\",\"inLanguage\":\"es\",\"@id\":\"https:\\\/\\\/fuentesfidedignas.com.mx\\\/#\\\/schema\\\/logo\\\/image\\\/\",\"url\":\"https:\\\/\\\/fuentesfidedignas.com.mx\\\/wp-content\\\/uploads\\\/2021\\\/04\\\/logo-retina.png\",\"contentUrl\":\"https:\\\/\\\/fuentesfidedignas.com.mx\\\/wp-content\\\/uploads\\\/2021\\\/04\\\/logo-retina.png\",\"width\":280,\"height\":51,\"caption\":\"Fuentes Fidedignas\"},\"image\":{\"@id\":\"https:\\\/\\\/fuentesfidedignas.com.mx\\\/#\\\/schema\\\/logo\\\/image\\\/\"},\"sameAs\":[\"https:\\\/\\\/www.facebook.com\\\/Fuentes-Fidedignas-368234489921644\",\"https:\\\/\\\/x.com\\\/fidedignas\"]},{\"@type\":\"Person\",\"@id\":\"https:\\\/\\\/fuentesfidedignas.com.mx\\\/#\\\/schema\\\/person\\\/8575896a7c1067d352f6c1cd6582c389\",\"name\":\"Infobae\",\"image\":{\"@type\":\"ImageObject\",\"inLanguage\":\"es\",\"@id\":\"https:\\\/\\\/secure.gravatar.com\\\/avatar\\\/e4ec95706f8d1670343f6526fdcec45474bab17475a851434a64ca12b5acba1c?s=96&d=mm&r=g\",\"url\":\"https:\\\/\\\/secure.gravatar.com\\\/avatar\\\/e4ec95706f8d1670343f6526fdcec45474bab17475a851434a64ca12b5acba1c?s=96&d=mm&r=g\",\"contentUrl\":\"https:\\\/\\\/secure.gravatar.com\\\/avatar\\\/e4ec95706f8d1670343f6526fdcec45474bab17475a851434a64ca12b5acba1c?s=96&d=mm&r=g\",\"caption\":\"Infobae\"},\"url\":\"https:\\\/\\\/fuentesfidedignas.com.mx\\\/index.php\\\/author\\\/infobae\\\/\"}]}<\/script>\n<!-- \/ Yoast SEO plugin. -->","yoast_head_json":{"title":"Detienen a Humberto \u201cN\u201d, jefe de plaza del C\u00e1rtel de Sinaloa; estaba en su casa en El Ator\u00f3n, Eldorado - Fuentes Fidedignas","robots":{"index":"index","follow":"follow","max-snippet":"max-snippet:-1","max-image-preview":"max-image-preview:large","max-video-preview":"max-video-preview:-1"},"canonical":"https:\/\/fuentesfidedignas.com.mx\/index.php\/2023\/08\/10\/detienen-a-humberto-n-jefe-de-plaza-del-cartel-de-sinaloa-en-culiacan-estaba-en-su-casa-en-el-atoron-eldorado\/","og_locale":"es_MX","og_type":"article","og_title":"Detienen a Humberto \u201cN\u201d, jefe de plaza del C\u00e1rtel de Sinaloa; estaba en su casa en El Ator\u00f3n, Eldorado - Fuentes Fidedignas","og_description":"Este presunto l\u00edder criminal se dedicaba al secuestro, tr\u00e1fico de diversas drogas y armamento de los EEUU hacia M\u00e9xico Ciudad de M\u00e9xico.- La Secretar\u00eda de la Defensa Nacional (Sedena) confirm\u00f3 la detenci\u00f3n de Humberto N, presunto jefe de plaza del C\u00e1rtel de Sinaloa en Culiac\u00e1n. Derivado de trabajos de inteligencia de las autoridades federales, este [&hellip;]","og_url":"https:\/\/fuentesfidedignas.com.mx\/index.php\/2023\/08\/10\/detienen-a-humberto-n-jefe-de-plaza-del-cartel-de-sinaloa-en-culiacan-estaba-en-su-casa-en-el-atoron-eldorado\/","og_site_name":"Fuentes Fidedignas","article_publisher":"https:\/\/www.facebook.com\/Fuentes-Fidedignas-368234489921644","article_published_time":"2023-08-11T00:54:08+00:00","article_modified_time":"2023-08-11T01:52:33+00:00","og_image":[{"width":850,"height":478,"url":"https:\/\/fuentesfidedignas.com.mx\/wp-content\/uploads\/2023\/08\/DETERNIDO_ATORON.jpg","type":"image\/jpeg"}],"author":"Infobae","twitter_card":"summary_large_image","twitter_creator":"@fidedignas","twitter_site":"@fidedignas","twitter_misc":{"Escrito por":"Infobae","Tiempo de lectura":"3 minutos"},"schema":{"@context":"https:\/\/schema.org","@graph":[{"@type":"Article","@id":"https:\/\/fuentesfidedignas.com.mx\/index.php\/2023\/08\/10\/detienen-a-humberto-n-jefe-de-plaza-del-cartel-de-sinaloa-en-culiacan-estaba-en-su-casa-en-el-atoron-eldorado\/#article","isPartOf":{"@id":"https:\/\/fuentesfidedignas.com.mx\/index.php\/2023\/08\/10\/detienen-a-humberto-n-jefe-de-plaza-del-cartel-de-sinaloa-en-culiacan-estaba-en-su-casa-en-el-atoron-eldorado\/"},"author":{"name":"Infobae","@id":"https:\/\/fuentesfidedignas.com.mx\/#\/schema\/person\/8575896a7c1067d352f6c1cd6582c389"},"headline":"Detienen a Humberto \u201cN\u201d, jefe de plaza del C\u00e1rtel de Sinaloa; estaba en su casa en El Ator\u00f3n, Eldorado","datePublished":"2023-08-11T00:54:08+00:00","dateModified":"2023-08-11T01:52:33+00:00","mainEntityOfPage":{"@id":"https:\/\/fuentesfidedignas.com.mx\/index.php\/2023\/08\/10\/detienen-a-humberto-n-jefe-de-plaza-del-cartel-de-sinaloa-en-culiacan-estaba-en-su-casa-en-el-atoron-eldorado\/"},"wordCount":632,"commentCount":0,"publisher":{"@id":"https:\/\/fuentesfidedignas.com.mx\/#organization"},"image":{"@id":"https:\/\/fuentesfidedignas.com.mx\/index.php\/2023\/08\/10\/detienen-a-humberto-n-jefe-de-plaza-del-cartel-de-sinaloa-en-culiacan-estaba-en-su-casa-en-el-atoron-eldorado\/#primaryimage"},"thumbnailUrl":"https:\/\/fuentesfidedignas.com.mx\/wp-content\/uploads\/2023\/08\/DETERNIDO_ATORON.jpg","articleSection":["NOTA PRINCIPAL"],"inLanguage":"es","potentialAction":[{"@type":"CommentAction","name":"Comment","target":["https:\/\/fuentesfidedignas.com.mx\/index.php\/2023\/08\/10\/detienen-a-humberto-n-jefe-de-plaza-del-cartel-de-sinaloa-en-culiacan-estaba-en-su-casa-en-el-atoron-eldorado\/#respond"]}]},{"@type":"WebPage","@id":"https:\/\/fuentesfidedignas.com.mx\/index.php\/2023\/08\/10\/detienen-a-humberto-n-jefe-de-plaza-del-cartel-de-sinaloa-en-culiacan-estaba-en-su-casa-en-el-atoron-eldorado\/","url":"https:\/\/fuentesfidedignas.com.mx\/index.php\/2023\/08\/10\/detienen-a-humberto-n-jefe-de-plaza-del-cartel-de-sinaloa-en-culiacan-estaba-en-su-casa-en-el-atoron-eldorado\/","name":"Detienen a Humberto \u201cN\u201d, jefe de plaza del C\u00e1rtel de Sinaloa; estaba en su casa en El Ator\u00f3n, Eldorado - Fuentes Fidedignas","isPartOf":{"@id":"https:\/\/fuentesfidedignas.com.mx\/#website"},"primaryImageOfPage":{"@id":"https:\/\/fuentesfidedignas.com.mx\/index.php\/2023\/08\/10\/detienen-a-humberto-n-jefe-de-plaza-del-cartel-de-sinaloa-en-culiacan-estaba-en-su-casa-en-el-atoron-eldorado\/#primaryimage"},"image":{"@id":"https:\/\/fuentesfidedignas.com.mx\/index.php\/2023\/08\/10\/detienen-a-humberto-n-jefe-de-plaza-del-cartel-de-sinaloa-en-culiacan-estaba-en-su-casa-en-el-atoron-eldorado\/#primaryimage"},"thumbnailUrl":"https:\/\/fuentesfidedignas.com.mx\/wp-content\/uploads\/2023\/08\/DETERNIDO_ATORON.jpg","datePublished":"2023-08-11T00:54:08+00:00","dateModified":"2023-08-11T01:52:33+00:00","breadcrumb":{"@id":"https:\/\/fuentesfidedignas.com.mx\/index.php\/2023\/08\/10\/detienen-a-humberto-n-jefe-de-plaza-del-cartel-de-sinaloa-en-culiacan-estaba-en-su-casa-en-el-atoron-eldorado\/#breadcrumb"},"inLanguage":"es","potentialAction":[{"@type":"ReadAction","target":["https:\/\/fuentesfidedignas.com.mx\/index.php\/2023\/08\/10\/detienen-a-humberto-n-jefe-de-plaza-del-cartel-de-sinaloa-en-culiacan-estaba-en-su-casa-en-el-atoron-eldorado\/"]}]},{"@type":"ImageObject","inLanguage":"es","@id":"https:\/\/fuentesfidedignas.com.mx\/index.php\/2023\/08\/10\/detienen-a-humberto-n-jefe-de-plaza-del-cartel-de-sinaloa-en-culiacan-estaba-en-su-casa-en-el-atoron-eldorado\/#primaryimage","url":"https:\/\/fuentesfidedignas.com.mx\/wp-content\/uploads\/2023\/08\/DETERNIDO_ATORON.jpg","contentUrl":"https:\/\/fuentesfidedignas.com.mx\/wp-content\/uploads\/2023\/08\/DETERNIDO_ATORON.jpg","width":850,"height":478},{"@type":"BreadcrumbList","@id":"https:\/\/fuentesfidedignas.com.mx\/index.php\/2023\/08\/10\/detienen-a-humberto-n-jefe-de-plaza-del-cartel-de-sinaloa-en-culiacan-estaba-en-su-casa-en-el-atoron-eldorado\/#breadcrumb","itemListElement":[{"@type":"ListItem","position":1,"name":"Inicio","item":"https:\/\/fuentesfidedignas.com.mx\/"},{"@type":"ListItem","position":2,"name":"Detienen a Humberto \u201cN\u201d, jefe de plaza del C\u00e1rtel de Sinaloa; estaba en su casa en El Ator\u00f3n, Eldorado"}]},{"@type":"WebSite","@id":"https:\/\/fuentesfidedignas.com.mx\/#website","url":"https:\/\/fuentesfidedignas.com.mx\/","name":"Fuentes Fidedignas","description":"Otro sitio realizado con WordPress","publisher":{"@id":"https:\/\/fuentesfidedignas.com.mx\/#organization"},"potentialAction":[{"@type":"SearchAction","target":{"@type":"EntryPoint","urlTemplate":"https:\/\/fuentesfidedignas.com.mx\/?s={search_term_string}"},"query-input":{"@type":"PropertyValueSpecification","valueRequired":true,"valueName":"search_term_string"}}],"inLanguage":"es"},{"@type":"Organization","@id":"https:\/\/fuentesfidedignas.com.mx\/#organization","name":"Fuentes Fidedignas","url":"https:\/\/fuentesfidedignas.com.mx\/","logo":{"@type":"ImageObject","inLanguage":"es","@id":"https:\/\/fuentesfidedignas.com.mx\/#\/schema\/logo\/image\/","url":"https:\/\/fuentesfidedignas.com.mx\/wp-content\/uploads\/2021\/04\/logo-retina.png","contentUrl":"https:\/\/fuentesfidedignas.com.mx\/wp-content\/uploads\/2021\/04\/logo-retina.png","width":280,"height":51,"caption":"Fuentes Fidedignas"},"image":{"@id":"https:\/\/fuentesfidedignas.com.mx\/#\/schema\/logo\/image\/"},"sameAs":["https:\/\/www.facebook.com\/Fuentes-Fidedignas-368234489921644","https:\/\/x.com\/fidedignas"]},{"@type":"Person","@id":"https:\/\/fuentesfidedignas.com.mx\/#\/schema\/person\/8575896a7c1067d352f6c1cd6582c389","name":"Infobae","image":{"@type":"ImageObject","inLanguage":"es","@id":"https:\/\/secure.gravatar.com\/avatar\/e4ec95706f8d1670343f6526fdcec45474bab17475a851434a64ca12b5acba1c?s=96&d=mm&r=g","url":"https:\/\/secure.gravatar.com\/avatar\/e4ec95706f8d1670343f6526fdcec45474bab17475a851434a64ca12b5acba1c?s=96&d=mm&r=g","contentUrl":"https:\/\/secure.gravatar.com\/avatar\/e4ec95706f8d1670343f6526fdcec45474bab17475a851434a64ca12b5acba1c?s=96&d=mm&r=g","caption":"Infobae"},"url":"https:\/\/fuentesfidedignas.com.mx\/index.php\/author\/infobae\/"}]}},"_links":{"self":[{"href":"https:\/\/fuentesfidedignas.com.mx\/index.php\/wp-json\/wp\/v2\/posts\/55059","targetHints":{"allow":["GET"]}}],"collection":[{"href":"https:\/\/fuentesfidedignas.com.mx\/index.php\/wp-json\/wp\/v2\/posts"}],"about":[{"href":"https:\/\/fuentesfidedignas.com.mx\/index.php\/wp-json\/wp\/v2\/types\/post"}],"author":[{"embeddable":true,"href":"https:\/\/fuentesfidedignas.com.mx\/index.php\/wp-json\/wp\/v2\/users\/41"}],"replies":[{"embeddable":true,"href":"https:\/\/fuentesfidedignas.com.mx\/index.php\/wp-json\/wp\/v2\/comments?post=55059"}],"version-history":[{"count":2,"href":"https:\/\/fuentesfidedignas.com.mx\/index.php\/wp-json\/wp\/v2\/posts\/55059\/revisions"}],"predecessor-version":[{"id":55081,"href":"https:\/\/fuentesfidedignas.com.mx\/index.php\/wp-json\/wp\/v2\/posts\/55059\/revisions\/55081"}],"wp:featuredmedia":[{"embeddable":true,"href":"https:\/\/fuentesfidedignas.com.mx\/index.php\/wp-json\/wp\/v2\/media\/55061"}],"wp:attachment":[{"href":"https:\/\/fuentesfidedignas.com.mx\/index.php\/wp-json\/wp\/v2\/media?parent=55059"}],"wp:term":[{"taxonomy":"category","embeddable":true,"href":"https:\/\/fuentesfidedignas.com.mx\/index.php\/wp-json\/wp\/v2\/categories?post=55059"},{"taxonomy":"post_tag","embeddable":true,"href":"https:\/\/fuentesfidedignas.com.mx\/index.php\/wp-json\/wp\/v2\/tags?post=55059"}],"curies":[{"name":"wp","href":"https:\/\/api.w.org\/{rel}","templated":true}]}}