{"id":55049,"date":"2023-08-10T15:37:33","date_gmt":"2023-08-10T22:37:33","guid":{"rendered":"https:\/\/fuentesfidedignas.com.mx\/?p=55049"},"modified":"2023-08-10T15:38:08","modified_gmt":"2023-08-10T22:38:08","slug":"colocan-la-primera-piedra-del-centro-regional-de-justicia-para-las-mujeres-en-ahome","status":"publish","type":"post","link":"https:\/\/fuentesfidedignas.com.mx\/index.php\/2023\/08\/10\/colocan-la-primera-piedra-del-centro-regional-de-justicia-para-las-mujeres-en-ahome\/","title":{"rendered":"Colocan la primera piedra del Centro Regional de Justicia para las Mujeres en Ahome"},"content":{"rendered":"\n<p><em><strong>Gobierno Federal, estatal y municipal multiplican la estructura de atenci\u00f3n para mujeres y ni\u00f1as v\u00edctimas de violencia<\/strong><\/em><\/p>\n\n\n\n<p>Los Mochis, Ahome, Sin. Como una de las acciones afirmativas para brindar a las sinaloenses espacios seguros y de atenci\u00f3n a las v\u00edctimas de violencia, el municipio de Ahome contar\u00e1 este a\u00f1o con la construcci\u00f3n de un Centro de Justicia Regional para las Mujeres en el cual se brindar\u00e1n servicios multidisciplinarios para su empoderamiento y cerrar ciclos de violencia, por lo que este jueves se llev\u00f3 a cabo la colocaci\u00f3n de la primera piedra de la mano de autoridades del orden federal, estatal y municipal.<\/p>\n\n\n\n<figure class=\"wp-block-gallery has-nested-images columns-default is-cropped wp-block-gallery-1 is-layout-flex wp-block-gallery-is-layout-flex\">\n<figure class=\"wp-block-image size-large\"><img decoding=\"async\" width=\"1024\" height=\"682\" data-id=\"55051\" src=\"https:\/\/fuentesfidedignas.com.mx\/wp-content\/uploads\/2023\/08\/1000106923-1024x682.jpg\" alt=\"\" class=\"wp-image-55051\" srcset=\"https:\/\/fuentesfidedignas.com.mx\/wp-content\/uploads\/2023\/08\/1000106923-1024x682.jpg 1024w, https:\/\/fuentesfidedignas.com.mx\/wp-content\/uploads\/2023\/08\/1000106923-300x200.jpg 300w, https:\/\/fuentesfidedignas.com.mx\/wp-content\/uploads\/2023\/08\/1000106923-768x511.jpg 768w, https:\/\/fuentesfidedignas.com.mx\/wp-content\/uploads\/2023\/08\/1000106923.jpg 1280w\" sizes=\"(max-width: 1024px) 100vw, 1024px\" \/><\/figure>\n\n\n\n<figure class=\"wp-block-image size-large\"><img decoding=\"async\" width=\"1024\" height=\"682\" data-id=\"55050\" src=\"https:\/\/fuentesfidedignas.com.mx\/wp-content\/uploads\/2023\/08\/1000106926-1024x682.jpg\" alt=\"\" class=\"wp-image-55050\" srcset=\"https:\/\/fuentesfidedignas.com.mx\/wp-content\/uploads\/2023\/08\/1000106926-1024x682.jpg 1024w, https:\/\/fuentesfidedignas.com.mx\/wp-content\/uploads\/2023\/08\/1000106926-300x200.jpg 300w, https:\/\/fuentesfidedignas.com.mx\/wp-content\/uploads\/2023\/08\/1000106926-768x511.jpg 768w, https:\/\/fuentesfidedignas.com.mx\/wp-content\/uploads\/2023\/08\/1000106926.jpg 1280w\" sizes=\"(max-width: 1024px) 100vw, 1024px\" \/><\/figure>\n\n\n\n<figure class=\"wp-block-image size-large\"><img decoding=\"async\" width=\"1024\" height=\"682\" data-id=\"55053\" src=\"https:\/\/fuentesfidedignas.com.mx\/wp-content\/uploads\/2023\/08\/1000106928-1024x682.jpg\" alt=\"\" class=\"wp-image-55053\" srcset=\"https:\/\/fuentesfidedignas.com.mx\/wp-content\/uploads\/2023\/08\/1000106928-1024x682.jpg 1024w, https:\/\/fuentesfidedignas.com.mx\/wp-content\/uploads\/2023\/08\/1000106928-300x200.jpg 300w, https:\/\/fuentesfidedignas.com.mx\/wp-content\/uploads\/2023\/08\/1000106928-768x511.jpg 768w, https:\/\/fuentesfidedignas.com.mx\/wp-content\/uploads\/2023\/08\/1000106928.jpg 1280w\" sizes=\"(max-width: 1024px) 100vw, 1024px\" \/><\/figure>\n\n\n\n<figure class=\"wp-block-image size-large\"><img decoding=\"async\" width=\"1024\" height=\"682\" data-id=\"55052\" src=\"https:\/\/fuentesfidedignas.com.mx\/wp-content\/uploads\/2023\/08\/1000106929-1024x682.jpg\" alt=\"\" class=\"wp-image-55052\" srcset=\"https:\/\/fuentesfidedignas.com.mx\/wp-content\/uploads\/2023\/08\/1000106929-1024x682.jpg 1024w, https:\/\/fuentesfidedignas.com.mx\/wp-content\/uploads\/2023\/08\/1000106929-300x200.jpg 300w, https:\/\/fuentesfidedignas.com.mx\/wp-content\/uploads\/2023\/08\/1000106929-768x511.jpg 768w, https:\/\/fuentesfidedignas.com.mx\/wp-content\/uploads\/2023\/08\/1000106929.jpg 1280w\" sizes=\"(max-width: 1024px) 100vw, 1024px\" \/><\/figure>\n<\/figure>\n\n\n\n<p>En representaci\u00f3n del Gobernador Constitucional del Estado de Sinaloa, Dr. Rub\u00e9n Rocha Moya, el Secretario de Obras P\u00fablicas, Ing. Jos\u00e9 Luis Zavala Cabanillas, indic\u00f3 que es una obra que viene bien equipada y con todo el respaldo de Gobierno del Estado, la cual estar\u00e1 ubicada Fracc. Paseo Alameda, Los Mochis, Sinaloa.<\/p>\n\n\n\n<p>\u201c<strong>Tendr\u00e1 un costo aproximado de 13 mdp, lo que es el edificio central, va a tener una recepci\u00f3n, ludoteca, siete cub\u00edculos para entrevistas, una psic\u00f3loga, psiquiatr\u00eda, trabajo social, consultorios m\u00e9dicos, una sala para coordinaci\u00f3n general, c\u00e1maras tipo gesell, bodega, cisterna de 5 mil litros, etc., pero ese no es el valor real de la obra, el valor real de la obra es la atenci\u00f3n que va a brindar a las mujeres de la zona norte del estado\u201d<\/strong>, explic\u00f3 el Secretario de Obras P\u00fablicas.<\/p>\n\n\n\n<p>Por su parte en el mensaje de bienvenida el Srio. del Ayuntamiento de Ahome, Lic. Genaro Garc\u00eda Castro, en representaci\u00f3n del Alcalde de Ahome, Lcdo. Gerardo Vargas Landeros, refrend\u00f3 todo su apoyo e inter\u00e9s en fortalecer la seguridad de las mujeres de la zona norte del estado, por lo que nunca dudaron de llevar a cabo los tr\u00e1mites para la donaci\u00f3n de terreno y aportar lo que fuera necesario para este centro.<\/p>\n\n\n\n<p>\u201c<strong>Hoy afortunadamente al decidido apoyo del ciudadano gobernador Dr. Rub\u00e9n Rocha Moya se va a hacer realidad, nos queda claro la importancia de este Centro de Justicia Regional para Mujeres, cubrir\u00e1, albergar\u00e1 a los municipios de El Fuerte, Choix, probablemente Guasave y Sinaloa de Leyva. En este edificio estaremos todas las autoridades involucradas en el tema de la violencia contra la mujer<\/strong>\u201d, expres\u00f3 el Secretario del Ayuntamiento de Ahome.<\/p>\n\n\n\n<p>La Secretaria de las Mujeres, Dra. Mar\u00eda Teresa Guerra Ochoa manifest\u00f3 que hoy por hoy la multiplicaci\u00f3n de esfuerzos para el bien de las sinaloenses se ve reflejado con una amplia coordinaci\u00f3n.<\/p>\n\n\n\n<p>\u201cPara que las mujeres vivan libres de violencia tenemos que ocuparnos de la tem\u00e1tica, nosotras hemos dicho nunca m\u00e1s ignorarla, nunca m\u00e1s meter la cabeza como las avestruces y creer que la problem\u00e1tica se va a calmar solo porque dejemos de hablar de ella, hay que hablar de los problemas porque hablar de ellos es el primer paso para empezarlos a solucionar, las autoridades no tenemos el derecho de preocuparnos, tenemos la obligaci\u00f3n de ocuparnos. Es una gran inversi\u00f3n, pero esto solo tiene un objetivo garantizar la seguridad de las mujeres, hacer que las mujeres vivan libres de violencia, garantizar la seguridad de las ni\u00f1as, estamos trabajando fuerte, aqu\u00ed en Ahome tenemos abierto desde hace algunos d\u00edas un espacio para refugiar mujeres como tenemos en Guasave ya un refugio para mujeres y tenemos una Unidad Local de Atenci\u00f3n, estamos multiplicando la estructura\u201d, puntualiz\u00f3 la Dra. Mar\u00eda Teresa Guerra Ochoa.<\/p>\n\n\n\n<p>La Comisionada Nacional para la Prevenci\u00f3n y Erradicaci\u00f3n de la Violencia contra las Mujeres (CONAVIM), Dra. Mar\u00eda Fabiola Alan\u00eds S\u00e1mano indic\u00f3 en el acto protocolario que la violencia contra las mujeres es un problema de orden p\u00fablico, en donde Gobierno Federal como nunca ha invertido para garantizar que todas las mujeres del pa\u00eds cuenten con los servicios necesarios para prevenir y atender los diferentes tipos de violencias para que no se normalice nunca m\u00e1s.<\/p>\n\n\n\n<p>\u201c<strong>Contamos ya con los gobiernos estatales, tenemos 65 Centros de Justicia, 500 Unidades Locales de Atenci\u00f3n, donde las mujeres pueden recibir atenci\u00f3n especializada y aqu\u00ed en Ahome es el tercer Centro de Justicia y vamos por el cuarto, porque queremos que todas las mujeres de Sinaloa reciban la atenci\u00f3n que merecen en prevenci\u00f3n para ellas, sus hijas y sus hijos<\/strong>\u201d, manifest\u00f3 Alan\u00eds S\u00e1mano.<\/p>\n\n\n\n<p>Para la colocaci\u00f3n de la primera piedra se cont\u00f3 con la presencia de la Dip. Federal Ana Isabel Ayala Leyva; Dip. Local Nela Rosiely S\u00e1nchez S\u00e1nchez; Dip. Deisy Judith Ayala; la Secretaria de las Mujeres de Ahome, Ma. Magdalena Rocha Pe\u00f1a; Directora del Sistema DIF Ahome, Fernanda Garc\u00eda; Subsecretarias de SEMujeres, Mtra. Conzuelo Guti\u00e9rrez Guti\u00e9rrez, Rosa Elena Mill\u00e1n Bueno; la Coord. de CRJM de Mazatl\u00e1n, Dra. Elsa Boj\u00f3rquez Mascare\u00f1o; las dirctoras de CEPAVIF, CJM, regidoras, regidores del Municipio de Ahome y sociedad civil.<\/p>\n","protected":false},"excerpt":{"rendered":"<p>Gobierno Federal, estatal y municipal multiplican la estructura de atenci\u00f3n para mujeres y ni\u00f1as v\u00edctimas de violencia Los Mochis, Ahome, Sin. Como una de las acciones afirmativas para brindar a las sinaloenses espacios seguros y de atenci\u00f3n a las v\u00edctimas de violencia, el municipio de Ahome contar\u00e1 este a\u00f1o con la construcci\u00f3n de un Centro [&hellip;]<\/p>\n","protected":false},"author":4,"featured_media":55055,"comment_status":"open","ping_status":"open","sticky":false,"template":"","format":"standard","meta":{"tdm_status":"","tdm_grid_status":"","footnotes":""},"categories":[37,1],"tags":[],"class_list":{"0":"post-55049","1":"post","2":"type-post","3":"status-publish","4":"format-standard","5":"has-post-thumbnail","7":"category-nota-principal","8":"category-sin-categoria"},"yoast_head":"<!-- This site is optimized with the Yoast SEO plugin v27.5 - https:\/\/yoast.com\/product\/yoast-seo-wordpress\/ -->\n<title>Colocan la primera piedra del Centro Regional de Justicia para las Mujeres en Ahome - Fuentes Fidedignas<\/title>\n<meta name=\"robots\" content=\"index, follow, max-snippet:-1, max-image-preview:large, max-video-preview:-1\" \/>\n<link rel=\"canonical\" href=\"https:\/\/fuentesfidedignas.com.mx\/index.php\/2023\/08\/10\/colocan-la-primera-piedra-del-centro-regional-de-justicia-para-las-mujeres-en-ahome\/\" \/>\n<meta property=\"og:locale\" content=\"es_MX\" \/>\n<meta property=\"og:type\" content=\"article\" \/>\n<meta property=\"og:title\" content=\"Colocan la primera piedra del Centro Regional de Justicia para las Mujeres en Ahome - Fuentes Fidedignas\" \/>\n<meta property=\"og:description\" content=\"Gobierno Federal, estatal y municipal multiplican la estructura de atenci\u00f3n para mujeres y ni\u00f1as v\u00edctimas de violencia Los Mochis, Ahome, Sin. Como una de las acciones afirmativas para brindar a las sinaloenses espacios seguros y de atenci\u00f3n a las v\u00edctimas de violencia, el municipio de Ahome contar\u00e1 este a\u00f1o con la construcci\u00f3n de un Centro [&hellip;]\" \/>\n<meta property=\"og:url\" content=\"https:\/\/fuentesfidedignas.com.mx\/index.php\/2023\/08\/10\/colocan-la-primera-piedra-del-centro-regional-de-justicia-para-las-mujeres-en-ahome\/\" \/>\n<meta property=\"og:site_name\" content=\"Fuentes Fidedignas\" \/>\n<meta property=\"article:publisher\" content=\"https:\/\/www.facebook.com\/Fuentes-Fidedignas-368234489921644\" \/>\n<meta property=\"article:published_time\" content=\"2023-08-10T22:37:33+00:00\" \/>\n<meta property=\"article:modified_time\" content=\"2023-08-10T22:38:08+00:00\" \/>\n<meta property=\"og:image\" content=\"https:\/\/fuentesfidedignas.com.mx\/wp-content\/uploads\/2023\/08\/IMG-20230810-WA0021.jpg\" \/>\n\t<meta property=\"og:image:width\" content=\"1280\" \/>\n\t<meta property=\"og:image:height\" content=\"852\" \/>\n\t<meta property=\"og:image:type\" content=\"image\/jpeg\" \/>\n<meta name=\"author\" content=\"Redacci\u00f3n\" \/>\n<meta name=\"twitter:card\" content=\"summary_large_image\" \/>\n<meta name=\"twitter:creator\" content=\"@fidedignas\" \/>\n<meta name=\"twitter:site\" content=\"@fidedignas\" \/>\n<meta name=\"twitter:label1\" content=\"Escrito por\" \/>\n\t<meta name=\"twitter:data1\" content=\"Redacci\u00f3n\" \/>\n\t<meta name=\"twitter:label2\" content=\"Tiempo de lectura\" \/>\n\t<meta name=\"twitter:data2\" content=\"5 minutos\" \/>\n<script type=\"application\/ld+json\" class=\"yoast-schema-graph\">{\"@context\":\"https:\\\/\\\/schema.org\",\"@graph\":[{\"@type\":\"Article\",\"@id\":\"https:\\\/\\\/fuentesfidedignas.com.mx\\\/index.php\\\/2023\\\/08\\\/10\\\/colocan-la-primera-piedra-del-centro-regional-de-justicia-para-las-mujeres-en-ahome\\\/#article\",\"isPartOf\":{\"@id\":\"https:\\\/\\\/fuentesfidedignas.com.mx\\\/index.php\\\/2023\\\/08\\\/10\\\/colocan-la-primera-piedra-del-centro-regional-de-justicia-para-las-mujeres-en-ahome\\\/\"},\"author\":{\"name\":\"Redacci\u00f3n\",\"@id\":\"https:\\\/\\\/fuentesfidedignas.com.mx\\\/#\\\/schema\\\/person\\\/331be9283d37198e2acd5750279085b0\"},\"headline\":\"Colocan la primera piedra del Centro Regional de Justicia para las Mujeres en Ahome\",\"datePublished\":\"2023-08-10T22:37:33+00:00\",\"dateModified\":\"2023-08-10T22:38:08+00:00\",\"mainEntityOfPage\":{\"@id\":\"https:\\\/\\\/fuentesfidedignas.com.mx\\\/index.php\\\/2023\\\/08\\\/10\\\/colocan-la-primera-piedra-del-centro-regional-de-justicia-para-las-mujeres-en-ahome\\\/\"},\"wordCount\":853,\"commentCount\":0,\"publisher\":{\"@id\":\"https:\\\/\\\/fuentesfidedignas.com.mx\\\/#organization\"},\"image\":{\"@id\":\"https:\\\/\\\/fuentesfidedignas.com.mx\\\/index.php\\\/2023\\\/08\\\/10\\\/colocan-la-primera-piedra-del-centro-regional-de-justicia-para-las-mujeres-en-ahome\\\/#primaryimage\"},\"thumbnailUrl\":\"https:\\\/\\\/fuentesfidedignas.com.mx\\\/wp-content\\\/uploads\\\/2023\\\/08\\\/IMG-20230810-WA0021.jpg\",\"articleSection\":[\"NOTA PRINCIPAL\"],\"inLanguage\":\"es\",\"potentialAction\":[{\"@type\":\"CommentAction\",\"name\":\"Comment\",\"target\":[\"https:\\\/\\\/fuentesfidedignas.com.mx\\\/index.php\\\/2023\\\/08\\\/10\\\/colocan-la-primera-piedra-del-centro-regional-de-justicia-para-las-mujeres-en-ahome\\\/#respond\"]}]},{\"@type\":\"WebPage\",\"@id\":\"https:\\\/\\\/fuentesfidedignas.com.mx\\\/index.php\\\/2023\\\/08\\\/10\\\/colocan-la-primera-piedra-del-centro-regional-de-justicia-para-las-mujeres-en-ahome\\\/\",\"url\":\"https:\\\/\\\/fuentesfidedignas.com.mx\\\/index.php\\\/2023\\\/08\\\/10\\\/colocan-la-primera-piedra-del-centro-regional-de-justicia-para-las-mujeres-en-ahome\\\/\",\"name\":\"Colocan la primera piedra del Centro Regional de Justicia para las Mujeres en Ahome - Fuentes Fidedignas\",\"isPartOf\":{\"@id\":\"https:\\\/\\\/fuentesfidedignas.com.mx\\\/#website\"},\"primaryImageOfPage\":{\"@id\":\"https:\\\/\\\/fuentesfidedignas.com.mx\\\/index.php\\\/2023\\\/08\\\/10\\\/colocan-la-primera-piedra-del-centro-regional-de-justicia-para-las-mujeres-en-ahome\\\/#primaryimage\"},\"image\":{\"@id\":\"https:\\\/\\\/fuentesfidedignas.com.mx\\\/index.php\\\/2023\\\/08\\\/10\\\/colocan-la-primera-piedra-del-centro-regional-de-justicia-para-las-mujeres-en-ahome\\\/#primaryimage\"},\"thumbnailUrl\":\"https:\\\/\\\/fuentesfidedignas.com.mx\\\/wp-content\\\/uploads\\\/2023\\\/08\\\/IMG-20230810-WA0021.jpg\",\"datePublished\":\"2023-08-10T22:37:33+00:00\",\"dateModified\":\"2023-08-10T22:38:08+00:00\",\"breadcrumb\":{\"@id\":\"https:\\\/\\\/fuentesfidedignas.com.mx\\\/index.php\\\/2023\\\/08\\\/10\\\/colocan-la-primera-piedra-del-centro-regional-de-justicia-para-las-mujeres-en-ahome\\\/#breadcrumb\"},\"inLanguage\":\"es\",\"potentialAction\":[{\"@type\":\"ReadAction\",\"target\":[\"https:\\\/\\\/fuentesfidedignas.com.mx\\\/index.php\\\/2023\\\/08\\\/10\\\/colocan-la-primera-piedra-del-centro-regional-de-justicia-para-las-mujeres-en-ahome\\\/\"]}]},{\"@type\":\"ImageObject\",\"inLanguage\":\"es\",\"@id\":\"https:\\\/\\\/fuentesfidedignas.com.mx\\\/index.php\\\/2023\\\/08\\\/10\\\/colocan-la-primera-piedra-del-centro-regional-de-justicia-para-las-mujeres-en-ahome\\\/#primaryimage\",\"url\":\"https:\\\/\\\/fuentesfidedignas.com.mx\\\/wp-content\\\/uploads\\\/2023\\\/08\\\/IMG-20230810-WA0021.jpg\",\"contentUrl\":\"https:\\\/\\\/fuentesfidedignas.com.mx\\\/wp-content\\\/uploads\\\/2023\\\/08\\\/IMG-20230810-WA0021.jpg\",\"width\":1280,\"height\":852},{\"@type\":\"BreadcrumbList\",\"@id\":\"https:\\\/\\\/fuentesfidedignas.com.mx\\\/index.php\\\/2023\\\/08\\\/10\\\/colocan-la-primera-piedra-del-centro-regional-de-justicia-para-las-mujeres-en-ahome\\\/#breadcrumb\",\"itemListElement\":[{\"@type\":\"ListItem\",\"position\":1,\"name\":\"Inicio\",\"item\":\"https:\\\/\\\/fuentesfidedignas.com.mx\\\/\"},{\"@type\":\"ListItem\",\"position\":2,\"name\":\"Colocan la primera piedra del Centro Regional de Justicia para las Mujeres en Ahome\"}]},{\"@type\":\"WebSite\",\"@id\":\"https:\\\/\\\/fuentesfidedignas.com.mx\\\/#website\",\"url\":\"https:\\\/\\\/fuentesfidedignas.com.mx\\\/\",\"name\":\"Fuentes Fidedignas\",\"description\":\"Otro sitio realizado con WordPress\",\"publisher\":{\"@id\":\"https:\\\/\\\/fuentesfidedignas.com.mx\\\/#organization\"},\"potentialAction\":[{\"@type\":\"SearchAction\",\"target\":{\"@type\":\"EntryPoint\",\"urlTemplate\":\"https:\\\/\\\/fuentesfidedignas.com.mx\\\/?s={search_term_string}\"},\"query-input\":{\"@type\":\"PropertyValueSpecification\",\"valueRequired\":true,\"valueName\":\"search_term_string\"}}],\"inLanguage\":\"es\"},{\"@type\":\"Organization\",\"@id\":\"https:\\\/\\\/fuentesfidedignas.com.mx\\\/#organization\",\"name\":\"Fuentes Fidedignas\",\"url\":\"https:\\\/\\\/fuentesfidedignas.com.mx\\\/\",\"logo\":{\"@type\":\"ImageObject\",\"inLanguage\":\"es\",\"@id\":\"https:\\\/\\\/fuentesfidedignas.com.mx\\\/#\\\/schema\\\/logo\\\/image\\\/\",\"url\":\"https:\\\/\\\/fuentesfidedignas.com.mx\\\/wp-content\\\/uploads\\\/2021\\\/04\\\/logo-retina.png\",\"contentUrl\":\"https:\\\/\\\/fuentesfidedignas.com.mx\\\/wp-content\\\/uploads\\\/2021\\\/04\\\/logo-retina.png\",\"width\":280,\"height\":51,\"caption\":\"Fuentes Fidedignas\"},\"image\":{\"@id\":\"https:\\\/\\\/fuentesfidedignas.com.mx\\\/#\\\/schema\\\/logo\\\/image\\\/\"},\"sameAs\":[\"https:\\\/\\\/www.facebook.com\\\/Fuentes-Fidedignas-368234489921644\",\"https:\\\/\\\/x.com\\\/fidedignas\"]},{\"@type\":\"Person\",\"@id\":\"https:\\\/\\\/fuentesfidedignas.com.mx\\\/#\\\/schema\\\/person\\\/331be9283d37198e2acd5750279085b0\",\"name\":\"Redacci\u00f3n\",\"image\":{\"@type\":\"ImageObject\",\"inLanguage\":\"es\",\"@id\":\"https:\\\/\\\/secure.gravatar.com\\\/avatar\\\/f6d8782c11d12b2d4ad3fbb6931aeab5309937a4d6cd2fc9cfaa28a6396a5aec?s=96&d=mm&r=g\",\"url\":\"https:\\\/\\\/secure.gravatar.com\\\/avatar\\\/f6d8782c11d12b2d4ad3fbb6931aeab5309937a4d6cd2fc9cfaa28a6396a5aec?s=96&d=mm&r=g\",\"contentUrl\":\"https:\\\/\\\/secure.gravatar.com\\\/avatar\\\/f6d8782c11d12b2d4ad3fbb6931aeab5309937a4d6cd2fc9cfaa28a6396a5aec?s=96&d=mm&r=g\",\"caption\":\"Redacci\u00f3n\"},\"url\":\"https:\\\/\\\/fuentesfidedignas.com.mx\\\/index.php\\\/author\\\/redaccion\\\/\"}]}<\/script>\n<!-- \/ Yoast SEO plugin. -->","yoast_head_json":{"title":"Colocan la primera piedra del Centro Regional de Justicia para las Mujeres en Ahome - Fuentes Fidedignas","robots":{"index":"index","follow":"follow","max-snippet":"max-snippet:-1","max-image-preview":"max-image-preview:large","max-video-preview":"max-video-preview:-1"},"canonical":"https:\/\/fuentesfidedignas.com.mx\/index.php\/2023\/08\/10\/colocan-la-primera-piedra-del-centro-regional-de-justicia-para-las-mujeres-en-ahome\/","og_locale":"es_MX","og_type":"article","og_title":"Colocan la primera piedra del Centro Regional de Justicia para las Mujeres en Ahome - Fuentes Fidedignas","og_description":"Gobierno Federal, estatal y municipal multiplican la estructura de atenci\u00f3n para mujeres y ni\u00f1as v\u00edctimas de violencia Los Mochis, Ahome, Sin. Como una de las acciones afirmativas para brindar a las sinaloenses espacios seguros y de atenci\u00f3n a las v\u00edctimas de violencia, el municipio de Ahome contar\u00e1 este a\u00f1o con la construcci\u00f3n de un Centro [&hellip;]","og_url":"https:\/\/fuentesfidedignas.com.mx\/index.php\/2023\/08\/10\/colocan-la-primera-piedra-del-centro-regional-de-justicia-para-las-mujeres-en-ahome\/","og_site_name":"Fuentes Fidedignas","article_publisher":"https:\/\/www.facebook.com\/Fuentes-Fidedignas-368234489921644","article_published_time":"2023-08-10T22:37:33+00:00","article_modified_time":"2023-08-10T22:38:08+00:00","og_image":[{"width":1280,"height":852,"url":"https:\/\/fuentesfidedignas.com.mx\/wp-content\/uploads\/2023\/08\/IMG-20230810-WA0021.jpg","type":"image\/jpeg"}],"author":"Redacci\u00f3n","twitter_card":"summary_large_image","twitter_creator":"@fidedignas","twitter_site":"@fidedignas","twitter_misc":{"Escrito por":"Redacci\u00f3n","Tiempo de lectura":"5 minutos"},"schema":{"@context":"https:\/\/schema.org","@graph":[{"@type":"Article","@id":"https:\/\/fuentesfidedignas.com.mx\/index.php\/2023\/08\/10\/colocan-la-primera-piedra-del-centro-regional-de-justicia-para-las-mujeres-en-ahome\/#article","isPartOf":{"@id":"https:\/\/fuentesfidedignas.com.mx\/index.php\/2023\/08\/10\/colocan-la-primera-piedra-del-centro-regional-de-justicia-para-las-mujeres-en-ahome\/"},"author":{"name":"Redacci\u00f3n","@id":"https:\/\/fuentesfidedignas.com.mx\/#\/schema\/person\/331be9283d37198e2acd5750279085b0"},"headline":"Colocan la primera piedra del Centro Regional de Justicia para las Mujeres en Ahome","datePublished":"2023-08-10T22:37:33+00:00","dateModified":"2023-08-10T22:38:08+00:00","mainEntityOfPage":{"@id":"https:\/\/fuentesfidedignas.com.mx\/index.php\/2023\/08\/10\/colocan-la-primera-piedra-del-centro-regional-de-justicia-para-las-mujeres-en-ahome\/"},"wordCount":853,"commentCount":0,"publisher":{"@id":"https:\/\/fuentesfidedignas.com.mx\/#organization"},"image":{"@id":"https:\/\/fuentesfidedignas.com.mx\/index.php\/2023\/08\/10\/colocan-la-primera-piedra-del-centro-regional-de-justicia-para-las-mujeres-en-ahome\/#primaryimage"},"thumbnailUrl":"https:\/\/fuentesfidedignas.com.mx\/wp-content\/uploads\/2023\/08\/IMG-20230810-WA0021.jpg","articleSection":["NOTA PRINCIPAL"],"inLanguage":"es","potentialAction":[{"@type":"CommentAction","name":"Comment","target":["https:\/\/fuentesfidedignas.com.mx\/index.php\/2023\/08\/10\/colocan-la-primera-piedra-del-centro-regional-de-justicia-para-las-mujeres-en-ahome\/#respond"]}]},{"@type":"WebPage","@id":"https:\/\/fuentesfidedignas.com.mx\/index.php\/2023\/08\/10\/colocan-la-primera-piedra-del-centro-regional-de-justicia-para-las-mujeres-en-ahome\/","url":"https:\/\/fuentesfidedignas.com.mx\/index.php\/2023\/08\/10\/colocan-la-primera-piedra-del-centro-regional-de-justicia-para-las-mujeres-en-ahome\/","name":"Colocan la primera piedra del Centro Regional de Justicia para las Mujeres en Ahome - Fuentes Fidedignas","isPartOf":{"@id":"https:\/\/fuentesfidedignas.com.mx\/#website"},"primaryImageOfPage":{"@id":"https:\/\/fuentesfidedignas.com.mx\/index.php\/2023\/08\/10\/colocan-la-primera-piedra-del-centro-regional-de-justicia-para-las-mujeres-en-ahome\/#primaryimage"},"image":{"@id":"https:\/\/fuentesfidedignas.com.mx\/index.php\/2023\/08\/10\/colocan-la-primera-piedra-del-centro-regional-de-justicia-para-las-mujeres-en-ahome\/#primaryimage"},"thumbnailUrl":"https:\/\/fuentesfidedignas.com.mx\/wp-content\/uploads\/2023\/08\/IMG-20230810-WA0021.jpg","datePublished":"2023-08-10T22:37:33+00:00","dateModified":"2023-08-10T22:38:08+00:00","breadcrumb":{"@id":"https:\/\/fuentesfidedignas.com.mx\/index.php\/2023\/08\/10\/colocan-la-primera-piedra-del-centro-regional-de-justicia-para-las-mujeres-en-ahome\/#breadcrumb"},"inLanguage":"es","potentialAction":[{"@type":"ReadAction","target":["https:\/\/fuentesfidedignas.com.mx\/index.php\/2023\/08\/10\/colocan-la-primera-piedra-del-centro-regional-de-justicia-para-las-mujeres-en-ahome\/"]}]},{"@type":"ImageObject","inLanguage":"es","@id":"https:\/\/fuentesfidedignas.com.mx\/index.php\/2023\/08\/10\/colocan-la-primera-piedra-del-centro-regional-de-justicia-para-las-mujeres-en-ahome\/#primaryimage","url":"https:\/\/fuentesfidedignas.com.mx\/wp-content\/uploads\/2023\/08\/IMG-20230810-WA0021.jpg","contentUrl":"https:\/\/fuentesfidedignas.com.mx\/wp-content\/uploads\/2023\/08\/IMG-20230810-WA0021.jpg","width":1280,"height":852},{"@type":"BreadcrumbList","@id":"https:\/\/fuentesfidedignas.com.mx\/index.php\/2023\/08\/10\/colocan-la-primera-piedra-del-centro-regional-de-justicia-para-las-mujeres-en-ahome\/#breadcrumb","itemListElement":[{"@type":"ListItem","position":1,"name":"Inicio","item":"https:\/\/fuentesfidedignas.com.mx\/"},{"@type":"ListItem","position":2,"name":"Colocan la primera piedra del Centro Regional de Justicia para las Mujeres en Ahome"}]},{"@type":"WebSite","@id":"https:\/\/fuentesfidedignas.com.mx\/#website","url":"https:\/\/fuentesfidedignas.com.mx\/","name":"Fuentes Fidedignas","description":"Otro sitio realizado con WordPress","publisher":{"@id":"https:\/\/fuentesfidedignas.com.mx\/#organization"},"potentialAction":[{"@type":"SearchAction","target":{"@type":"EntryPoint","urlTemplate":"https:\/\/fuentesfidedignas.com.mx\/?s={search_term_string}"},"query-input":{"@type":"PropertyValueSpecification","valueRequired":true,"valueName":"search_term_string"}}],"inLanguage":"es"},{"@type":"Organization","@id":"https:\/\/fuentesfidedignas.com.mx\/#organization","name":"Fuentes Fidedignas","url":"https:\/\/fuentesfidedignas.com.mx\/","logo":{"@type":"ImageObject","inLanguage":"es","@id":"https:\/\/fuentesfidedignas.com.mx\/#\/schema\/logo\/image\/","url":"https:\/\/fuentesfidedignas.com.mx\/wp-content\/uploads\/2021\/04\/logo-retina.png","contentUrl":"https:\/\/fuentesfidedignas.com.mx\/wp-content\/uploads\/2021\/04\/logo-retina.png","width":280,"height":51,"caption":"Fuentes Fidedignas"},"image":{"@id":"https:\/\/fuentesfidedignas.com.mx\/#\/schema\/logo\/image\/"},"sameAs":["https:\/\/www.facebook.com\/Fuentes-Fidedignas-368234489921644","https:\/\/x.com\/fidedignas"]},{"@type":"Person","@id":"https:\/\/fuentesfidedignas.com.mx\/#\/schema\/person\/331be9283d37198e2acd5750279085b0","name":"Redacci\u00f3n","image":{"@type":"ImageObject","inLanguage":"es","@id":"https:\/\/secure.gravatar.com\/avatar\/f6d8782c11d12b2d4ad3fbb6931aeab5309937a4d6cd2fc9cfaa28a6396a5aec?s=96&d=mm&r=g","url":"https:\/\/secure.gravatar.com\/avatar\/f6d8782c11d12b2d4ad3fbb6931aeab5309937a4d6cd2fc9cfaa28a6396a5aec?s=96&d=mm&r=g","contentUrl":"https:\/\/secure.gravatar.com\/avatar\/f6d8782c11d12b2d4ad3fbb6931aeab5309937a4d6cd2fc9cfaa28a6396a5aec?s=96&d=mm&r=g","caption":"Redacci\u00f3n"},"url":"https:\/\/fuentesfidedignas.com.mx\/index.php\/author\/redaccion\/"}]}},"_links":{"self":[{"href":"https:\/\/fuentesfidedignas.com.mx\/index.php\/wp-json\/wp\/v2\/posts\/55049","targetHints":{"allow":["GET"]}}],"collection":[{"href":"https:\/\/fuentesfidedignas.com.mx\/index.php\/wp-json\/wp\/v2\/posts"}],"about":[{"href":"https:\/\/fuentesfidedignas.com.mx\/index.php\/wp-json\/wp\/v2\/types\/post"}],"author":[{"embeddable":true,"href":"https:\/\/fuentesfidedignas.com.mx\/index.php\/wp-json\/wp\/v2\/users\/4"}],"replies":[{"embeddable":true,"href":"https:\/\/fuentesfidedignas.com.mx\/index.php\/wp-json\/wp\/v2\/comments?post=55049"}],"version-history":[{"count":1,"href":"https:\/\/fuentesfidedignas.com.mx\/index.php\/wp-json\/wp\/v2\/posts\/55049\/revisions"}],"predecessor-version":[{"id":55054,"href":"https:\/\/fuentesfidedignas.com.mx\/index.php\/wp-json\/wp\/v2\/posts\/55049\/revisions\/55054"}],"wp:featuredmedia":[{"embeddable":true,"href":"https:\/\/fuentesfidedignas.com.mx\/index.php\/wp-json\/wp\/v2\/media\/55055"}],"wp:attachment":[{"href":"https:\/\/fuentesfidedignas.com.mx\/index.php\/wp-json\/wp\/v2\/media?parent=55049"}],"wp:term":[{"taxonomy":"category","embeddable":true,"href":"https:\/\/fuentesfidedignas.com.mx\/index.php\/wp-json\/wp\/v2\/categories?post=55049"},{"taxonomy":"post_tag","embeddable":true,"href":"https:\/\/fuentesfidedignas.com.mx\/index.php\/wp-json\/wp\/v2\/tags?post=55049"}],"curies":[{"name":"wp","href":"https:\/\/api.w.org\/{rel}","templated":true}]}}