{"id":55041,"date":"2023-08-10T14:33:51","date_gmt":"2023-08-10T21:33:51","guid":{"rendered":"https:\/\/fuentesfidedignas.com.mx\/?p=55041"},"modified":"2023-08-10T14:34:28","modified_gmt":"2023-08-10T21:34:28","slug":"autopsia-de-maria-fernanda-revela-que-no-hay-huellas-de-violencia","status":"publish","type":"post","link":"https:\/\/fuentesfidedignas.com.mx\/index.php\/2023\/08\/10\/autopsia-de-maria-fernanda-revela-que-no-hay-huellas-de-violencia\/","title":{"rendered":"Autopsia de Mar\u00eda Fernanda revela que no hay huellas de violencia"},"content":{"rendered":"\n<p><strong><em>La Embajada de M\u00e9xico inform\u00f3 que en un lapso de entre 8 y 12 semanas, se tendr\u00e1 un segundo informe que detalle la causa y momento precisos del fallecimiento<\/em><\/strong><\/p>\n\n\n\n<p>Alemania. Autoridades del Gobierno de Alemania concluyeron la autopsia a los restos de\u00a0<strong>Mar\u00eda Fernanda\u00a0<\/strong>S\u00e1nchez Casta\u00f1eda, confirmando su identidad y que \u201cno presenta huellas de violencia\u201d, inform\u00f3 la\u00a0<strong>Secretar\u00eda de Relaciones Exteriores\u00a0<\/strong>(SRE).<\/p>\n\n\n\n<p>Con autorizaci\u00f3n de la familia de la joven mexicana que resid\u00eda en el pa\u00eds europeo, la&nbsp;<a href=\"https:\/\/www.eleconomista.com.mx\/politica\/Autopsia-clave-para-resolver-causa-de-muerte-de-la-estudiante-mexicana-en-Alemania-20230806-0018.html\" target=\"_blank\" rel=\"noreferrer noopener\"><strong>Embajada de M\u00e9xico en Alemania<\/strong><\/a>&nbsp;hizo de conocimiento p\u00fablico que fue ayer cuando se concluy\u00f3 la necropsia, por lo que ya se podr\u00e1 continuar con los procedimientos funerarios.<\/p>\n\n\n\n<p>A trav\u00e9s de un comunicado publicado en su cuenta oficial de X (antes&nbsp;<strong>Twitter<\/strong>), la sede diplom\u00e1tica detall\u00f3 que la \u201cinvestigaci\u00f3n contin\u00faa, incluyendo estudios para determinar la causa y momento precisos del fallecimiento\u201d.<\/p>\n\n\n\n<p>Reiter\u00f3 que los resultados de estas \u00faltimas pruebas, pueden durar entre 8 y 12 semanas. No obstante, habr\u00e1 un seguimiento puntual de este caso.<\/p>\n\n\n\n<figure class=\"wp-block-embed is-type-rich is-provider-twitter wp-block-embed-twitter\"><div class=\"wp-block-embed__wrapper\">\n<blockquote class=\"twitter-tweet\" data-width=\"550\" data-dnt=\"true\"><p lang=\"es\" dir=\"ltr\">La <a href=\"https:\/\/twitter.com\/EmbaMexAle?ref_src=twsrc%5Etfw\">@EmbaMexAle<\/a>, en acuerdo con los padres de Mar\u00eda Fernanda, comparte el siguiente <a href=\"https:\/\/twitter.com\/hashtag\/ComunicadoDePrensa?src=hash&amp;ref_src=twsrc%5Etfw\">#ComunicadoDePrensa<\/a>. <a href=\"https:\/\/t.co\/uZPYCAmKku\">pic.twitter.com\/uZPYCAmKku<\/a><\/p>&mdash; EmbaMex Alemania (@EmbaMexAle) <a href=\"https:\/\/twitter.com\/EmbaMexAle\/status\/1689680205894361094?ref_src=twsrc%5Etfw\">August 10, 2023<\/a><\/blockquote><script async src=\"https:\/\/platform.twitter.com\/widgets.js\" charset=\"utf-8\"><\/script>\n<\/div><\/figure>\n\n\n\n<p>La&nbsp;<strong>Embajada de M\u00e9xico en Alemania<\/strong>&nbsp;exhort\u00f3 a la poblaci\u00f3n a respetar el duelo y privacidad de la familia S\u00e1nchez Casta\u00f1eda.<\/p>\n\n\n\n<p>El&nbsp;<a href=\"https:\/\/www.eleconomista.com.mx\/politica\/Hallan-sin-vida-a-Maria-Fernanda-joven-mexicana-desaparecida-en-Alemania-20230805-0025.html\" target=\"_blank\" rel=\"noreferrer noopener\">cuerpo de&nbsp;<strong>Mar\u00eda Fernanda&nbsp;<\/strong>S\u00e1nchez Casta\u00f1eda<\/a>, quien estaba desaparecida desde finales de julio, se descubri\u00f3 flotando en un canal ubicado en el&nbsp;<strong>barrio Adlershof<\/strong>, en Berl\u00edn, el s\u00e1bado 5 de agosto.<\/p>\n\n\n\n<p>La&nbsp;<strong>polic\u00eda de Berl\u00edn<\/strong>&nbsp;adelant\u00f3 en ese momento que se abr\u00eda una investigaci\u00f3n sobre la muerte y causa de muerte de la joven de s\u00f3lo 24 a\u00f1os de edad.<\/p>\n","protected":false},"excerpt":{"rendered":"<p>La Embajada de M\u00e9xico inform\u00f3 que en un lapso de entre 8 y 12 semanas, se tendr\u00e1 un segundo informe que detalle la causa y momento precisos del fallecimiento Alemania. Autoridades del Gobierno de Alemania concluyeron la autopsia a los restos de\u00a0Mar\u00eda Fernanda\u00a0S\u00e1nchez Casta\u00f1eda, confirmando su identidad y que \u201cno presenta huellas de violencia\u201d, inform\u00f3 [&hellip;]<\/p>\n","protected":false},"author":44,"featured_media":55043,"comment_status":"open","ping_status":"open","sticky":false,"template":"","format":"standard","meta":{"tdm_status":"","tdm_grid_status":"","footnotes":""},"categories":[39,1],"tags":[],"class_list":{"0":"post-55041","1":"post","2":"type-post","3":"status-publish","4":"format-standard","5":"has-post-thumbnail","7":"category-noticias-nacionales","8":"category-sin-categoria"},"yoast_head":"<!-- This site is optimized with the Yoast SEO plugin v27.5 - https:\/\/yoast.com\/product\/yoast-seo-wordpress\/ -->\n<title>Autopsia de Mar\u00eda Fernanda revela que no hay huellas de violencia - Fuentes Fidedignas<\/title>\n<meta name=\"robots\" content=\"index, follow, max-snippet:-1, max-image-preview:large, max-video-preview:-1\" \/>\n<link rel=\"canonical\" href=\"https:\/\/fuentesfidedignas.com.mx\/index.php\/2023\/08\/10\/autopsia-de-maria-fernanda-revela-que-no-hay-huellas-de-violencia\/\" \/>\n<meta property=\"og:locale\" content=\"es_MX\" \/>\n<meta property=\"og:type\" content=\"article\" \/>\n<meta property=\"og:title\" content=\"Autopsia de Mar\u00eda Fernanda revela que no hay huellas de violencia - Fuentes Fidedignas\" \/>\n<meta property=\"og:description\" content=\"La Embajada de M\u00e9xico inform\u00f3 que en un lapso de entre 8 y 12 semanas, se tendr\u00e1 un segundo informe que detalle la causa y momento precisos del fallecimiento Alemania. Autoridades del Gobierno de Alemania concluyeron la autopsia a los restos de\u00a0Mar\u00eda Fernanda\u00a0S\u00e1nchez Casta\u00f1eda, confirmando su identidad y que \u201cno presenta huellas de violencia\u201d, inform\u00f3 [&hellip;]\" \/>\n<meta property=\"og:url\" content=\"https:\/\/fuentesfidedignas.com.mx\/index.php\/2023\/08\/10\/autopsia-de-maria-fernanda-revela-que-no-hay-huellas-de-violencia\/\" \/>\n<meta property=\"og:site_name\" content=\"Fuentes Fidedignas\" \/>\n<meta property=\"article:publisher\" content=\"https:\/\/www.facebook.com\/Fuentes-Fidedignas-368234489921644\" \/>\n<meta property=\"article:published_time\" content=\"2023-08-10T21:33:51+00:00\" \/>\n<meta property=\"article:modified_time\" content=\"2023-08-10T21:34:28+00:00\" \/>\n<meta property=\"og:image\" content=\"https:\/\/fuentesfidedignas.com.mx\/wp-content\/uploads\/2023\/08\/maria_fernanda_sanchez_especial.jpg_554688468.jpg\" \/>\n\t<meta property=\"og:image:width\" content=\"1200\" \/>\n\t<meta property=\"og:image:height\" content=\"675\" \/>\n\t<meta property=\"og:image:type\" content=\"image\/jpeg\" \/>\n<meta name=\"author\" content=\"El Economista\" \/>\n<meta name=\"twitter:card\" content=\"summary_large_image\" \/>\n<meta name=\"twitter:creator\" content=\"@fidedignas\" \/>\n<meta name=\"twitter:site\" content=\"@fidedignas\" \/>\n<meta name=\"twitter:label1\" content=\"Escrito por\" \/>\n\t<meta name=\"twitter:data1\" content=\"El Economista\" \/>\n\t<meta name=\"twitter:label2\" content=\"Tiempo de lectura\" \/>\n\t<meta name=\"twitter:data2\" content=\"2 minutos\" \/>\n<script type=\"application\/ld+json\" class=\"yoast-schema-graph\">{\"@context\":\"https:\\\/\\\/schema.org\",\"@graph\":[{\"@type\":\"Article\",\"@id\":\"https:\\\/\\\/fuentesfidedignas.com.mx\\\/index.php\\\/2023\\\/08\\\/10\\\/autopsia-de-maria-fernanda-revela-que-no-hay-huellas-de-violencia\\\/#article\",\"isPartOf\":{\"@id\":\"https:\\\/\\\/fuentesfidedignas.com.mx\\\/index.php\\\/2023\\\/08\\\/10\\\/autopsia-de-maria-fernanda-revela-que-no-hay-huellas-de-violencia\\\/\"},\"author\":{\"name\":\"El Economista\",\"@id\":\"https:\\\/\\\/fuentesfidedignas.com.mx\\\/#\\\/schema\\\/person\\\/6af43e831c61354ecb5ffe61c99a9bf1\"},\"headline\":\"Autopsia de Mar\u00eda Fernanda revela que no hay huellas de violencia\",\"datePublished\":\"2023-08-10T21:33:51+00:00\",\"dateModified\":\"2023-08-10T21:34:28+00:00\",\"mainEntityOfPage\":{\"@id\":\"https:\\\/\\\/fuentesfidedignas.com.mx\\\/index.php\\\/2023\\\/08\\\/10\\\/autopsia-de-maria-fernanda-revela-que-no-hay-huellas-de-violencia\\\/\"},\"wordCount\":303,\"commentCount\":0,\"publisher\":{\"@id\":\"https:\\\/\\\/fuentesfidedignas.com.mx\\\/#organization\"},\"image\":{\"@id\":\"https:\\\/\\\/fuentesfidedignas.com.mx\\\/index.php\\\/2023\\\/08\\\/10\\\/autopsia-de-maria-fernanda-revela-que-no-hay-huellas-de-violencia\\\/#primaryimage\"},\"thumbnailUrl\":\"https:\\\/\\\/fuentesfidedignas.com.mx\\\/wp-content\\\/uploads\\\/2023\\\/08\\\/maria_fernanda_sanchez_especial.jpg_554688468.jpg\",\"articleSection\":[\"NOTICIAS NACIONALES\"],\"inLanguage\":\"es\",\"potentialAction\":[{\"@type\":\"CommentAction\",\"name\":\"Comment\",\"target\":[\"https:\\\/\\\/fuentesfidedignas.com.mx\\\/index.php\\\/2023\\\/08\\\/10\\\/autopsia-de-maria-fernanda-revela-que-no-hay-huellas-de-violencia\\\/#respond\"]}]},{\"@type\":\"WebPage\",\"@id\":\"https:\\\/\\\/fuentesfidedignas.com.mx\\\/index.php\\\/2023\\\/08\\\/10\\\/autopsia-de-maria-fernanda-revela-que-no-hay-huellas-de-violencia\\\/\",\"url\":\"https:\\\/\\\/fuentesfidedignas.com.mx\\\/index.php\\\/2023\\\/08\\\/10\\\/autopsia-de-maria-fernanda-revela-que-no-hay-huellas-de-violencia\\\/\",\"name\":\"Autopsia de Mar\u00eda Fernanda revela que no hay huellas de violencia - Fuentes Fidedignas\",\"isPartOf\":{\"@id\":\"https:\\\/\\\/fuentesfidedignas.com.mx\\\/#website\"},\"primaryImageOfPage\":{\"@id\":\"https:\\\/\\\/fuentesfidedignas.com.mx\\\/index.php\\\/2023\\\/08\\\/10\\\/autopsia-de-maria-fernanda-revela-que-no-hay-huellas-de-violencia\\\/#primaryimage\"},\"image\":{\"@id\":\"https:\\\/\\\/fuentesfidedignas.com.mx\\\/index.php\\\/2023\\\/08\\\/10\\\/autopsia-de-maria-fernanda-revela-que-no-hay-huellas-de-violencia\\\/#primaryimage\"},\"thumbnailUrl\":\"https:\\\/\\\/fuentesfidedignas.com.mx\\\/wp-content\\\/uploads\\\/2023\\\/08\\\/maria_fernanda_sanchez_especial.jpg_554688468.jpg\",\"datePublished\":\"2023-08-10T21:33:51+00:00\",\"dateModified\":\"2023-08-10T21:34:28+00:00\",\"breadcrumb\":{\"@id\":\"https:\\\/\\\/fuentesfidedignas.com.mx\\\/index.php\\\/2023\\\/08\\\/10\\\/autopsia-de-maria-fernanda-revela-que-no-hay-huellas-de-violencia\\\/#breadcrumb\"},\"inLanguage\":\"es\",\"potentialAction\":[{\"@type\":\"ReadAction\",\"target\":[\"https:\\\/\\\/fuentesfidedignas.com.mx\\\/index.php\\\/2023\\\/08\\\/10\\\/autopsia-de-maria-fernanda-revela-que-no-hay-huellas-de-violencia\\\/\"]}]},{\"@type\":\"ImageObject\",\"inLanguage\":\"es\",\"@id\":\"https:\\\/\\\/fuentesfidedignas.com.mx\\\/index.php\\\/2023\\\/08\\\/10\\\/autopsia-de-maria-fernanda-revela-que-no-hay-huellas-de-violencia\\\/#primaryimage\",\"url\":\"https:\\\/\\\/fuentesfidedignas.com.mx\\\/wp-content\\\/uploads\\\/2023\\\/08\\\/maria_fernanda_sanchez_especial.jpg_554688468.jpg\",\"contentUrl\":\"https:\\\/\\\/fuentesfidedignas.com.mx\\\/wp-content\\\/uploads\\\/2023\\\/08\\\/maria_fernanda_sanchez_especial.jpg_554688468.jpg\",\"width\":1200,\"height\":675},{\"@type\":\"BreadcrumbList\",\"@id\":\"https:\\\/\\\/fuentesfidedignas.com.mx\\\/index.php\\\/2023\\\/08\\\/10\\\/autopsia-de-maria-fernanda-revela-que-no-hay-huellas-de-violencia\\\/#breadcrumb\",\"itemListElement\":[{\"@type\":\"ListItem\",\"position\":1,\"name\":\"Inicio\",\"item\":\"https:\\\/\\\/fuentesfidedignas.com.mx\\\/\"},{\"@type\":\"ListItem\",\"position\":2,\"name\":\"Autopsia de Mar\u00eda Fernanda revela que no hay huellas de violencia\"}]},{\"@type\":\"WebSite\",\"@id\":\"https:\\\/\\\/fuentesfidedignas.com.mx\\\/#website\",\"url\":\"https:\\\/\\\/fuentesfidedignas.com.mx\\\/\",\"name\":\"Fuentes Fidedignas\",\"description\":\"Otro sitio realizado con WordPress\",\"publisher\":{\"@id\":\"https:\\\/\\\/fuentesfidedignas.com.mx\\\/#organization\"},\"potentialAction\":[{\"@type\":\"SearchAction\",\"target\":{\"@type\":\"EntryPoint\",\"urlTemplate\":\"https:\\\/\\\/fuentesfidedignas.com.mx\\\/?s={search_term_string}\"},\"query-input\":{\"@type\":\"PropertyValueSpecification\",\"valueRequired\":true,\"valueName\":\"search_term_string\"}}],\"inLanguage\":\"es\"},{\"@type\":\"Organization\",\"@id\":\"https:\\\/\\\/fuentesfidedignas.com.mx\\\/#organization\",\"name\":\"Fuentes Fidedignas\",\"url\":\"https:\\\/\\\/fuentesfidedignas.com.mx\\\/\",\"logo\":{\"@type\":\"ImageObject\",\"inLanguage\":\"es\",\"@id\":\"https:\\\/\\\/fuentesfidedignas.com.mx\\\/#\\\/schema\\\/logo\\\/image\\\/\",\"url\":\"https:\\\/\\\/fuentesfidedignas.com.mx\\\/wp-content\\\/uploads\\\/2021\\\/04\\\/logo-retina.png\",\"contentUrl\":\"https:\\\/\\\/fuentesfidedignas.com.mx\\\/wp-content\\\/uploads\\\/2021\\\/04\\\/logo-retina.png\",\"width\":280,\"height\":51,\"caption\":\"Fuentes Fidedignas\"},\"image\":{\"@id\":\"https:\\\/\\\/fuentesfidedignas.com.mx\\\/#\\\/schema\\\/logo\\\/image\\\/\"},\"sameAs\":[\"https:\\\/\\\/www.facebook.com\\\/Fuentes-Fidedignas-368234489921644\",\"https:\\\/\\\/x.com\\\/fidedignas\"]},{\"@type\":\"Person\",\"@id\":\"https:\\\/\\\/fuentesfidedignas.com.mx\\\/#\\\/schema\\\/person\\\/6af43e831c61354ecb5ffe61c99a9bf1\",\"name\":\"El Economista\",\"image\":{\"@type\":\"ImageObject\",\"inLanguage\":\"es\",\"@id\":\"https:\\\/\\\/secure.gravatar.com\\\/avatar\\\/cdb633edc72997b061038aff7c4738bf3a38a4e4089c4c7ba9509ccee48b1447?s=96&d=mm&r=g\",\"url\":\"https:\\\/\\\/secure.gravatar.com\\\/avatar\\\/cdb633edc72997b061038aff7c4738bf3a38a4e4089c4c7ba9509ccee48b1447?s=96&d=mm&r=g\",\"contentUrl\":\"https:\\\/\\\/secure.gravatar.com\\\/avatar\\\/cdb633edc72997b061038aff7c4738bf3a38a4e4089c4c7ba9509ccee48b1447?s=96&d=mm&r=g\",\"caption\":\"El Economista\"},\"url\":\"https:\\\/\\\/fuentesfidedignas.com.mx\\\/index.php\\\/author\\\/economista\\\/\"}]}<\/script>\n<!-- \/ Yoast SEO plugin. -->","yoast_head_json":{"title":"Autopsia de Mar\u00eda Fernanda revela que no hay huellas de violencia - Fuentes Fidedignas","robots":{"index":"index","follow":"follow","max-snippet":"max-snippet:-1","max-image-preview":"max-image-preview:large","max-video-preview":"max-video-preview:-1"},"canonical":"https:\/\/fuentesfidedignas.com.mx\/index.php\/2023\/08\/10\/autopsia-de-maria-fernanda-revela-que-no-hay-huellas-de-violencia\/","og_locale":"es_MX","og_type":"article","og_title":"Autopsia de Mar\u00eda Fernanda revela que no hay huellas de violencia - Fuentes Fidedignas","og_description":"La Embajada de M\u00e9xico inform\u00f3 que en un lapso de entre 8 y 12 semanas, se tendr\u00e1 un segundo informe que detalle la causa y momento precisos del fallecimiento Alemania. Autoridades del Gobierno de Alemania concluyeron la autopsia a los restos de\u00a0Mar\u00eda Fernanda\u00a0S\u00e1nchez Casta\u00f1eda, confirmando su identidad y que \u201cno presenta huellas de violencia\u201d, inform\u00f3 [&hellip;]","og_url":"https:\/\/fuentesfidedignas.com.mx\/index.php\/2023\/08\/10\/autopsia-de-maria-fernanda-revela-que-no-hay-huellas-de-violencia\/","og_site_name":"Fuentes Fidedignas","article_publisher":"https:\/\/www.facebook.com\/Fuentes-Fidedignas-368234489921644","article_published_time":"2023-08-10T21:33:51+00:00","article_modified_time":"2023-08-10T21:34:28+00:00","og_image":[{"width":1200,"height":675,"url":"https:\/\/fuentesfidedignas.com.mx\/wp-content\/uploads\/2023\/08\/maria_fernanda_sanchez_especial.jpg_554688468.jpg","type":"image\/jpeg"}],"author":"El Economista","twitter_card":"summary_large_image","twitter_creator":"@fidedignas","twitter_site":"@fidedignas","twitter_misc":{"Escrito por":"El Economista","Tiempo de lectura":"2 minutos"},"schema":{"@context":"https:\/\/schema.org","@graph":[{"@type":"Article","@id":"https:\/\/fuentesfidedignas.com.mx\/index.php\/2023\/08\/10\/autopsia-de-maria-fernanda-revela-que-no-hay-huellas-de-violencia\/#article","isPartOf":{"@id":"https:\/\/fuentesfidedignas.com.mx\/index.php\/2023\/08\/10\/autopsia-de-maria-fernanda-revela-que-no-hay-huellas-de-violencia\/"},"author":{"name":"El Economista","@id":"https:\/\/fuentesfidedignas.com.mx\/#\/schema\/person\/6af43e831c61354ecb5ffe61c99a9bf1"},"headline":"Autopsia de Mar\u00eda Fernanda revela que no hay huellas de violencia","datePublished":"2023-08-10T21:33:51+00:00","dateModified":"2023-08-10T21:34:28+00:00","mainEntityOfPage":{"@id":"https:\/\/fuentesfidedignas.com.mx\/index.php\/2023\/08\/10\/autopsia-de-maria-fernanda-revela-que-no-hay-huellas-de-violencia\/"},"wordCount":303,"commentCount":0,"publisher":{"@id":"https:\/\/fuentesfidedignas.com.mx\/#organization"},"image":{"@id":"https:\/\/fuentesfidedignas.com.mx\/index.php\/2023\/08\/10\/autopsia-de-maria-fernanda-revela-que-no-hay-huellas-de-violencia\/#primaryimage"},"thumbnailUrl":"https:\/\/fuentesfidedignas.com.mx\/wp-content\/uploads\/2023\/08\/maria_fernanda_sanchez_especial.jpg_554688468.jpg","articleSection":["NOTICIAS NACIONALES"],"inLanguage":"es","potentialAction":[{"@type":"CommentAction","name":"Comment","target":["https:\/\/fuentesfidedignas.com.mx\/index.php\/2023\/08\/10\/autopsia-de-maria-fernanda-revela-que-no-hay-huellas-de-violencia\/#respond"]}]},{"@type":"WebPage","@id":"https:\/\/fuentesfidedignas.com.mx\/index.php\/2023\/08\/10\/autopsia-de-maria-fernanda-revela-que-no-hay-huellas-de-violencia\/","url":"https:\/\/fuentesfidedignas.com.mx\/index.php\/2023\/08\/10\/autopsia-de-maria-fernanda-revela-que-no-hay-huellas-de-violencia\/","name":"Autopsia de Mar\u00eda Fernanda revela que no hay huellas de violencia - Fuentes Fidedignas","isPartOf":{"@id":"https:\/\/fuentesfidedignas.com.mx\/#website"},"primaryImageOfPage":{"@id":"https:\/\/fuentesfidedignas.com.mx\/index.php\/2023\/08\/10\/autopsia-de-maria-fernanda-revela-que-no-hay-huellas-de-violencia\/#primaryimage"},"image":{"@id":"https:\/\/fuentesfidedignas.com.mx\/index.php\/2023\/08\/10\/autopsia-de-maria-fernanda-revela-que-no-hay-huellas-de-violencia\/#primaryimage"},"thumbnailUrl":"https:\/\/fuentesfidedignas.com.mx\/wp-content\/uploads\/2023\/08\/maria_fernanda_sanchez_especial.jpg_554688468.jpg","datePublished":"2023-08-10T21:33:51+00:00","dateModified":"2023-08-10T21:34:28+00:00","breadcrumb":{"@id":"https:\/\/fuentesfidedignas.com.mx\/index.php\/2023\/08\/10\/autopsia-de-maria-fernanda-revela-que-no-hay-huellas-de-violencia\/#breadcrumb"},"inLanguage":"es","potentialAction":[{"@type":"ReadAction","target":["https:\/\/fuentesfidedignas.com.mx\/index.php\/2023\/08\/10\/autopsia-de-maria-fernanda-revela-que-no-hay-huellas-de-violencia\/"]}]},{"@type":"ImageObject","inLanguage":"es","@id":"https:\/\/fuentesfidedignas.com.mx\/index.php\/2023\/08\/10\/autopsia-de-maria-fernanda-revela-que-no-hay-huellas-de-violencia\/#primaryimage","url":"https:\/\/fuentesfidedignas.com.mx\/wp-content\/uploads\/2023\/08\/maria_fernanda_sanchez_especial.jpg_554688468.jpg","contentUrl":"https:\/\/fuentesfidedignas.com.mx\/wp-content\/uploads\/2023\/08\/maria_fernanda_sanchez_especial.jpg_554688468.jpg","width":1200,"height":675},{"@type":"BreadcrumbList","@id":"https:\/\/fuentesfidedignas.com.mx\/index.php\/2023\/08\/10\/autopsia-de-maria-fernanda-revela-que-no-hay-huellas-de-violencia\/#breadcrumb","itemListElement":[{"@type":"ListItem","position":1,"name":"Inicio","item":"https:\/\/fuentesfidedignas.com.mx\/"},{"@type":"ListItem","position":2,"name":"Autopsia de Mar\u00eda Fernanda revela que no hay huellas de violencia"}]},{"@type":"WebSite","@id":"https:\/\/fuentesfidedignas.com.mx\/#website","url":"https:\/\/fuentesfidedignas.com.mx\/","name":"Fuentes Fidedignas","description":"Otro sitio realizado con WordPress","publisher":{"@id":"https:\/\/fuentesfidedignas.com.mx\/#organization"},"potentialAction":[{"@type":"SearchAction","target":{"@type":"EntryPoint","urlTemplate":"https:\/\/fuentesfidedignas.com.mx\/?s={search_term_string}"},"query-input":{"@type":"PropertyValueSpecification","valueRequired":true,"valueName":"search_term_string"}}],"inLanguage":"es"},{"@type":"Organization","@id":"https:\/\/fuentesfidedignas.com.mx\/#organization","name":"Fuentes Fidedignas","url":"https:\/\/fuentesfidedignas.com.mx\/","logo":{"@type":"ImageObject","inLanguage":"es","@id":"https:\/\/fuentesfidedignas.com.mx\/#\/schema\/logo\/image\/","url":"https:\/\/fuentesfidedignas.com.mx\/wp-content\/uploads\/2021\/04\/logo-retina.png","contentUrl":"https:\/\/fuentesfidedignas.com.mx\/wp-content\/uploads\/2021\/04\/logo-retina.png","width":280,"height":51,"caption":"Fuentes Fidedignas"},"image":{"@id":"https:\/\/fuentesfidedignas.com.mx\/#\/schema\/logo\/image\/"},"sameAs":["https:\/\/www.facebook.com\/Fuentes-Fidedignas-368234489921644","https:\/\/x.com\/fidedignas"]},{"@type":"Person","@id":"https:\/\/fuentesfidedignas.com.mx\/#\/schema\/person\/6af43e831c61354ecb5ffe61c99a9bf1","name":"El Economista","image":{"@type":"ImageObject","inLanguage":"es","@id":"https:\/\/secure.gravatar.com\/avatar\/cdb633edc72997b061038aff7c4738bf3a38a4e4089c4c7ba9509ccee48b1447?s=96&d=mm&r=g","url":"https:\/\/secure.gravatar.com\/avatar\/cdb633edc72997b061038aff7c4738bf3a38a4e4089c4c7ba9509ccee48b1447?s=96&d=mm&r=g","contentUrl":"https:\/\/secure.gravatar.com\/avatar\/cdb633edc72997b061038aff7c4738bf3a38a4e4089c4c7ba9509ccee48b1447?s=96&d=mm&r=g","caption":"El Economista"},"url":"https:\/\/fuentesfidedignas.com.mx\/index.php\/author\/economista\/"}]}},"_links":{"self":[{"href":"https:\/\/fuentesfidedignas.com.mx\/index.php\/wp-json\/wp\/v2\/posts\/55041","targetHints":{"allow":["GET"]}}],"collection":[{"href":"https:\/\/fuentesfidedignas.com.mx\/index.php\/wp-json\/wp\/v2\/posts"}],"about":[{"href":"https:\/\/fuentesfidedignas.com.mx\/index.php\/wp-json\/wp\/v2\/types\/post"}],"author":[{"embeddable":true,"href":"https:\/\/fuentesfidedignas.com.mx\/index.php\/wp-json\/wp\/v2\/users\/44"}],"replies":[{"embeddable":true,"href":"https:\/\/fuentesfidedignas.com.mx\/index.php\/wp-json\/wp\/v2\/comments?post=55041"}],"version-history":[{"count":1,"href":"https:\/\/fuentesfidedignas.com.mx\/index.php\/wp-json\/wp\/v2\/posts\/55041\/revisions"}],"predecessor-version":[{"id":55042,"href":"https:\/\/fuentesfidedignas.com.mx\/index.php\/wp-json\/wp\/v2\/posts\/55041\/revisions\/55042"}],"wp:featuredmedia":[{"embeddable":true,"href":"https:\/\/fuentesfidedignas.com.mx\/index.php\/wp-json\/wp\/v2\/media\/55043"}],"wp:attachment":[{"href":"https:\/\/fuentesfidedignas.com.mx\/index.php\/wp-json\/wp\/v2\/media?parent=55041"}],"wp:term":[{"taxonomy":"category","embeddable":true,"href":"https:\/\/fuentesfidedignas.com.mx\/index.php\/wp-json\/wp\/v2\/categories?post=55041"},{"taxonomy":"post_tag","embeddable":true,"href":"https:\/\/fuentesfidedignas.com.mx\/index.php\/wp-json\/wp\/v2\/tags?post=55041"}],"curies":[{"name":"wp","href":"https:\/\/api.w.org\/{rel}","templated":true}]}}