{"id":55035,"date":"2023-08-10T12:37:08","date_gmt":"2023-08-10T19:37:08","guid":{"rendered":"https:\/\/fuentesfidedignas.com.mx\/?p=55035"},"modified":"2023-08-10T12:37:42","modified_gmt":"2023-08-10T19:37:42","slug":"la-uas-estrena-la-carrera-de-ingenieria-en-aeronautica-aun-hay-espacios","status":"publish","type":"post","link":"https:\/\/fuentesfidedignas.com.mx\/index.php\/2023\/08\/10\/la-uas-estrena-la-carrera-de-ingenieria-en-aeronautica-aun-hay-espacios\/","title":{"rendered":"La UAS estrena la carrera de Ingenier\u00eda en Aeron\u00e1utica; a\u00fan hay espacios"},"content":{"rendered":"\n<p><strong><em>La FACITE se declara lista para recibir a los alumnos que se integrar\u00e1n este nuevo ciclo escolar<\/em><\/strong><\/p>\n\n\n\n<p>Culiac\u00e1n, Sin. Con gran entusiasmo, la Facultad de Ciencias de la Tierra y el Espacio (FACITE) de la Universidad Aut\u00f3noma de Sinaloa (UAS), se encuentra preparada para recibir el nuevo ciclo escolar con la Licenciatura en Ingenier\u00eda Aeron\u00e1utica que se integra a la gran oferta educativa que ofrece la M\u00e1xima Casa de Estudios, expres\u00f3 el maestro An\u00edbal Israel Arana Medina.<\/p>\n\n\n\n<p>El director de la FACITE destac\u00f3 que este programa educativo represent\u00f3 un reto para la Universidad, desde su planeaci\u00f3n, elaboraci\u00f3n, desarrollo, y la participaci\u00f3n en el Foro Universitario, en donde se someti\u00f3 a valoraci\u00f3n de expertos, logrando afinar detalles significativos para ofrecerlo con la mejor calidad a los estudiantes que eligieron y optaron por ella.<\/p>\n\n\n\n<p>Reconoci\u00f3 el esfuerzo que hace el personal docente y administrativo para recibir a los nuevos estudiantes conforme al Nuevo Modelo Educativo UAS 2022, que impulsa el Rector, doctor Jes\u00fas Madue\u00f1a Molina, modelo que posee una esencia humanista, enfoc\u00e1ndose en las personas como eje central de la instituci\u00f3n.<\/p>\n\n\n\n<p>De igual manera, indic\u00f3 que todos los programas educativos que oferta la FACITE todav\u00eda cuentan con capacidad y espacios para recibir a nuevos aspirantes que deseen cursar alguna de estas licenciaturas: en Astronom\u00eda, en Ingenier\u00eda Geod\u00e9sica, en Geoinform\u00e1tica y en Ingenier\u00eda Aeron\u00e1utica.<\/p>\n\n\n\n<p>\u201cSin duda de todos los programas educativos que ofrecemos todav\u00eda tienen opci\u00f3n de inscripci\u00f3n, en primera instancia el que tiene mayor demanda es el nuevo, Ingenier\u00eda Aeron\u00e1utica, pero a\u00fan tiene algunos espacios disponibles\u201d, coment\u00f3.<\/p>\n\n\n\n<p>Arana Medina resalt\u00f3 el inter\u00e9s de la Casa Rosalina por generar programas educativos de alto impacto en la sociedad sinaloense, formando profesionistas capacitados para el mundo actual con un sentido humanista.<\/p>\n\n\n\n<p>\u201cEstamos preparados para recibir el nuevo ciclo escolar con mucha energ\u00eda, entusiasmo y sobre todo, optimismo, en estos nuevos programas educativos, porque est\u00e1n dise\u00f1ados bajo una nueva visi\u00f3n, una nueva forma de hacer las cosas en la Universidad, que es pr\u00e1cticamente la visi\u00f3n que viene implement\u00e1ndose ahora en este Nuevo Modelo Educativo\u201d, concluy\u00f3.<\/p>\n","protected":false},"excerpt":{"rendered":"<p>La FACITE se declara lista para recibir a los alumnos que se integrar\u00e1n este nuevo ciclo escolar Culiac\u00e1n, Sin. Con gran entusiasmo, la Facultad de Ciencias de la Tierra y el Espacio (FACITE) de la Universidad Aut\u00f3noma de Sinaloa (UAS), se encuentra preparada para recibir el nuevo ciclo escolar con la Licenciatura en Ingenier\u00eda Aeron\u00e1utica [&hellip;]<\/p>\n","protected":false},"author":4,"featured_media":55037,"comment_status":"open","ping_status":"open","sticky":false,"template":"","format":"standard","meta":{"tdm_status":"","tdm_grid_status":"","footnotes":""},"categories":[38,1],"tags":[],"class_list":{"0":"post-55035","1":"post","2":"type-post","3":"status-publish","4":"format-standard","5":"has-post-thumbnail","7":"category-noticias-locales","8":"category-sin-categoria"},"yoast_head":"<!-- This site is optimized with the Yoast SEO plugin v27.5 - https:\/\/yoast.com\/product\/yoast-seo-wordpress\/ -->\n<title>La UAS estrena la carrera de Ingenier\u00eda en Aeron\u00e1utica; a\u00fan hay espacios - Fuentes Fidedignas<\/title>\n<meta name=\"robots\" content=\"index, follow, max-snippet:-1, max-image-preview:large, max-video-preview:-1\" \/>\n<link rel=\"canonical\" href=\"https:\/\/fuentesfidedignas.com.mx\/index.php\/2023\/08\/10\/la-uas-estrena-la-carrera-de-ingenieria-en-aeronautica-aun-hay-espacios\/\" \/>\n<meta property=\"og:locale\" content=\"es_MX\" \/>\n<meta property=\"og:type\" content=\"article\" \/>\n<meta property=\"og:title\" content=\"La UAS estrena la carrera de Ingenier\u00eda en Aeron\u00e1utica; a\u00fan hay espacios - Fuentes Fidedignas\" \/>\n<meta property=\"og:description\" content=\"La FACITE se declara lista para recibir a los alumnos que se integrar\u00e1n este nuevo ciclo escolar Culiac\u00e1n, Sin. Con gran entusiasmo, la Facultad de Ciencias de la Tierra y el Espacio (FACITE) de la Universidad Aut\u00f3noma de Sinaloa (UAS), se encuentra preparada para recibir el nuevo ciclo escolar con la Licenciatura en Ingenier\u00eda Aeron\u00e1utica [&hellip;]\" \/>\n<meta property=\"og:url\" content=\"https:\/\/fuentesfidedignas.com.mx\/index.php\/2023\/08\/10\/la-uas-estrena-la-carrera-de-ingenieria-en-aeronautica-aun-hay-espacios\/\" \/>\n<meta property=\"og:site_name\" content=\"Fuentes Fidedignas\" \/>\n<meta property=\"article:publisher\" content=\"https:\/\/www.facebook.com\/Fuentes-Fidedignas-368234489921644\" \/>\n<meta property=\"article:published_time\" content=\"2023-08-10T19:37:08+00:00\" \/>\n<meta property=\"article:modified_time\" content=\"2023-08-10T19:37:42+00:00\" \/>\n<meta property=\"og:image\" content=\"https:\/\/fuentesfidedignas.com.mx\/wp-content\/uploads\/2023\/08\/FACITE-1.jpeg\" \/>\n\t<meta property=\"og:image:width\" content=\"1500\" \/>\n\t<meta property=\"og:image:height\" content=\"1000\" \/>\n\t<meta property=\"og:image:type\" content=\"image\/jpeg\" \/>\n<meta name=\"author\" content=\"Redacci\u00f3n\" \/>\n<meta name=\"twitter:card\" content=\"summary_large_image\" \/>\n<meta name=\"twitter:creator\" content=\"@fidedignas\" \/>\n<meta name=\"twitter:site\" content=\"@fidedignas\" \/>\n<meta name=\"twitter:label1\" content=\"Escrito por\" \/>\n\t<meta name=\"twitter:data1\" content=\"Redacci\u00f3n\" \/>\n\t<meta name=\"twitter:label2\" content=\"Tiempo de lectura\" \/>\n\t<meta name=\"twitter:data2\" content=\"2 minutos\" \/>\n<script type=\"application\/ld+json\" class=\"yoast-schema-graph\">{\"@context\":\"https:\\\/\\\/schema.org\",\"@graph\":[{\"@type\":\"Article\",\"@id\":\"https:\\\/\\\/fuentesfidedignas.com.mx\\\/index.php\\\/2023\\\/08\\\/10\\\/la-uas-estrena-la-carrera-de-ingenieria-en-aeronautica-aun-hay-espacios\\\/#article\",\"isPartOf\":{\"@id\":\"https:\\\/\\\/fuentesfidedignas.com.mx\\\/index.php\\\/2023\\\/08\\\/10\\\/la-uas-estrena-la-carrera-de-ingenieria-en-aeronautica-aun-hay-espacios\\\/\"},\"author\":{\"name\":\"Redacci\u00f3n\",\"@id\":\"https:\\\/\\\/fuentesfidedignas.com.mx\\\/#\\\/schema\\\/person\\\/331be9283d37198e2acd5750279085b0\"},\"headline\":\"La UAS estrena la carrera de Ingenier\u00eda en Aeron\u00e1utica; a\u00fan hay espacios\",\"datePublished\":\"2023-08-10T19:37:08+00:00\",\"dateModified\":\"2023-08-10T19:37:42+00:00\",\"mainEntityOfPage\":{\"@id\":\"https:\\\/\\\/fuentesfidedignas.com.mx\\\/index.php\\\/2023\\\/08\\\/10\\\/la-uas-estrena-la-carrera-de-ingenieria-en-aeronautica-aun-hay-espacios\\\/\"},\"wordCount\":389,\"commentCount\":0,\"publisher\":{\"@id\":\"https:\\\/\\\/fuentesfidedignas.com.mx\\\/#organization\"},\"image\":{\"@id\":\"https:\\\/\\\/fuentesfidedignas.com.mx\\\/index.php\\\/2023\\\/08\\\/10\\\/la-uas-estrena-la-carrera-de-ingenieria-en-aeronautica-aun-hay-espacios\\\/#primaryimage\"},\"thumbnailUrl\":\"https:\\\/\\\/fuentesfidedignas.com.mx\\\/wp-content\\\/uploads\\\/2023\\\/08\\\/FACITE-1.jpeg\",\"articleSection\":[\"NOTICIAS LOCALES\"],\"inLanguage\":\"es\",\"potentialAction\":[{\"@type\":\"CommentAction\",\"name\":\"Comment\",\"target\":[\"https:\\\/\\\/fuentesfidedignas.com.mx\\\/index.php\\\/2023\\\/08\\\/10\\\/la-uas-estrena-la-carrera-de-ingenieria-en-aeronautica-aun-hay-espacios\\\/#respond\"]}]},{\"@type\":\"WebPage\",\"@id\":\"https:\\\/\\\/fuentesfidedignas.com.mx\\\/index.php\\\/2023\\\/08\\\/10\\\/la-uas-estrena-la-carrera-de-ingenieria-en-aeronautica-aun-hay-espacios\\\/\",\"url\":\"https:\\\/\\\/fuentesfidedignas.com.mx\\\/index.php\\\/2023\\\/08\\\/10\\\/la-uas-estrena-la-carrera-de-ingenieria-en-aeronautica-aun-hay-espacios\\\/\",\"name\":\"La UAS estrena la carrera de Ingenier\u00eda en Aeron\u00e1utica; a\u00fan hay espacios - Fuentes Fidedignas\",\"isPartOf\":{\"@id\":\"https:\\\/\\\/fuentesfidedignas.com.mx\\\/#website\"},\"primaryImageOfPage\":{\"@id\":\"https:\\\/\\\/fuentesfidedignas.com.mx\\\/index.php\\\/2023\\\/08\\\/10\\\/la-uas-estrena-la-carrera-de-ingenieria-en-aeronautica-aun-hay-espacios\\\/#primaryimage\"},\"image\":{\"@id\":\"https:\\\/\\\/fuentesfidedignas.com.mx\\\/index.php\\\/2023\\\/08\\\/10\\\/la-uas-estrena-la-carrera-de-ingenieria-en-aeronautica-aun-hay-espacios\\\/#primaryimage\"},\"thumbnailUrl\":\"https:\\\/\\\/fuentesfidedignas.com.mx\\\/wp-content\\\/uploads\\\/2023\\\/08\\\/FACITE-1.jpeg\",\"datePublished\":\"2023-08-10T19:37:08+00:00\",\"dateModified\":\"2023-08-10T19:37:42+00:00\",\"breadcrumb\":{\"@id\":\"https:\\\/\\\/fuentesfidedignas.com.mx\\\/index.php\\\/2023\\\/08\\\/10\\\/la-uas-estrena-la-carrera-de-ingenieria-en-aeronautica-aun-hay-espacios\\\/#breadcrumb\"},\"inLanguage\":\"es\",\"potentialAction\":[{\"@type\":\"ReadAction\",\"target\":[\"https:\\\/\\\/fuentesfidedignas.com.mx\\\/index.php\\\/2023\\\/08\\\/10\\\/la-uas-estrena-la-carrera-de-ingenieria-en-aeronautica-aun-hay-espacios\\\/\"]}]},{\"@type\":\"ImageObject\",\"inLanguage\":\"es\",\"@id\":\"https:\\\/\\\/fuentesfidedignas.com.mx\\\/index.php\\\/2023\\\/08\\\/10\\\/la-uas-estrena-la-carrera-de-ingenieria-en-aeronautica-aun-hay-espacios\\\/#primaryimage\",\"url\":\"https:\\\/\\\/fuentesfidedignas.com.mx\\\/wp-content\\\/uploads\\\/2023\\\/08\\\/FACITE-1.jpeg\",\"contentUrl\":\"https:\\\/\\\/fuentesfidedignas.com.mx\\\/wp-content\\\/uploads\\\/2023\\\/08\\\/FACITE-1.jpeg\",\"width\":1500,\"height\":1000},{\"@type\":\"BreadcrumbList\",\"@id\":\"https:\\\/\\\/fuentesfidedignas.com.mx\\\/index.php\\\/2023\\\/08\\\/10\\\/la-uas-estrena-la-carrera-de-ingenieria-en-aeronautica-aun-hay-espacios\\\/#breadcrumb\",\"itemListElement\":[{\"@type\":\"ListItem\",\"position\":1,\"name\":\"Inicio\",\"item\":\"https:\\\/\\\/fuentesfidedignas.com.mx\\\/\"},{\"@type\":\"ListItem\",\"position\":2,\"name\":\"La UAS estrena la carrera de Ingenier\u00eda en Aeron\u00e1utica; a\u00fan hay espacios\"}]},{\"@type\":\"WebSite\",\"@id\":\"https:\\\/\\\/fuentesfidedignas.com.mx\\\/#website\",\"url\":\"https:\\\/\\\/fuentesfidedignas.com.mx\\\/\",\"name\":\"Fuentes Fidedignas\",\"description\":\"Otro sitio realizado con WordPress\",\"publisher\":{\"@id\":\"https:\\\/\\\/fuentesfidedignas.com.mx\\\/#organization\"},\"potentialAction\":[{\"@type\":\"SearchAction\",\"target\":{\"@type\":\"EntryPoint\",\"urlTemplate\":\"https:\\\/\\\/fuentesfidedignas.com.mx\\\/?s={search_term_string}\"},\"query-input\":{\"@type\":\"PropertyValueSpecification\",\"valueRequired\":true,\"valueName\":\"search_term_string\"}}],\"inLanguage\":\"es\"},{\"@type\":\"Organization\",\"@id\":\"https:\\\/\\\/fuentesfidedignas.com.mx\\\/#organization\",\"name\":\"Fuentes Fidedignas\",\"url\":\"https:\\\/\\\/fuentesfidedignas.com.mx\\\/\",\"logo\":{\"@type\":\"ImageObject\",\"inLanguage\":\"es\",\"@id\":\"https:\\\/\\\/fuentesfidedignas.com.mx\\\/#\\\/schema\\\/logo\\\/image\\\/\",\"url\":\"https:\\\/\\\/fuentesfidedignas.com.mx\\\/wp-content\\\/uploads\\\/2021\\\/04\\\/logo-retina.png\",\"contentUrl\":\"https:\\\/\\\/fuentesfidedignas.com.mx\\\/wp-content\\\/uploads\\\/2021\\\/04\\\/logo-retina.png\",\"width\":280,\"height\":51,\"caption\":\"Fuentes Fidedignas\"},\"image\":{\"@id\":\"https:\\\/\\\/fuentesfidedignas.com.mx\\\/#\\\/schema\\\/logo\\\/image\\\/\"},\"sameAs\":[\"https:\\\/\\\/www.facebook.com\\\/Fuentes-Fidedignas-368234489921644\",\"https:\\\/\\\/x.com\\\/fidedignas\"]},{\"@type\":\"Person\",\"@id\":\"https:\\\/\\\/fuentesfidedignas.com.mx\\\/#\\\/schema\\\/person\\\/331be9283d37198e2acd5750279085b0\",\"name\":\"Redacci\u00f3n\",\"image\":{\"@type\":\"ImageObject\",\"inLanguage\":\"es\",\"@id\":\"https:\\\/\\\/secure.gravatar.com\\\/avatar\\\/f6d8782c11d12b2d4ad3fbb6931aeab5309937a4d6cd2fc9cfaa28a6396a5aec?s=96&d=mm&r=g\",\"url\":\"https:\\\/\\\/secure.gravatar.com\\\/avatar\\\/f6d8782c11d12b2d4ad3fbb6931aeab5309937a4d6cd2fc9cfaa28a6396a5aec?s=96&d=mm&r=g\",\"contentUrl\":\"https:\\\/\\\/secure.gravatar.com\\\/avatar\\\/f6d8782c11d12b2d4ad3fbb6931aeab5309937a4d6cd2fc9cfaa28a6396a5aec?s=96&d=mm&r=g\",\"caption\":\"Redacci\u00f3n\"},\"url\":\"https:\\\/\\\/fuentesfidedignas.com.mx\\\/index.php\\\/author\\\/redaccion\\\/\"}]}<\/script>\n<!-- \/ Yoast SEO plugin. -->","yoast_head_json":{"title":"La UAS estrena la carrera de Ingenier\u00eda en Aeron\u00e1utica; a\u00fan hay espacios - Fuentes Fidedignas","robots":{"index":"index","follow":"follow","max-snippet":"max-snippet:-1","max-image-preview":"max-image-preview:large","max-video-preview":"max-video-preview:-1"},"canonical":"https:\/\/fuentesfidedignas.com.mx\/index.php\/2023\/08\/10\/la-uas-estrena-la-carrera-de-ingenieria-en-aeronautica-aun-hay-espacios\/","og_locale":"es_MX","og_type":"article","og_title":"La UAS estrena la carrera de Ingenier\u00eda en Aeron\u00e1utica; a\u00fan hay espacios - Fuentes Fidedignas","og_description":"La FACITE se declara lista para recibir a los alumnos que se integrar\u00e1n este nuevo ciclo escolar Culiac\u00e1n, Sin. Con gran entusiasmo, la Facultad de Ciencias de la Tierra y el Espacio (FACITE) de la Universidad Aut\u00f3noma de Sinaloa (UAS), se encuentra preparada para recibir el nuevo ciclo escolar con la Licenciatura en Ingenier\u00eda Aeron\u00e1utica [&hellip;]","og_url":"https:\/\/fuentesfidedignas.com.mx\/index.php\/2023\/08\/10\/la-uas-estrena-la-carrera-de-ingenieria-en-aeronautica-aun-hay-espacios\/","og_site_name":"Fuentes Fidedignas","article_publisher":"https:\/\/www.facebook.com\/Fuentes-Fidedignas-368234489921644","article_published_time":"2023-08-10T19:37:08+00:00","article_modified_time":"2023-08-10T19:37:42+00:00","og_image":[{"width":1500,"height":1000,"url":"https:\/\/fuentesfidedignas.com.mx\/wp-content\/uploads\/2023\/08\/FACITE-1.jpeg","type":"image\/jpeg"}],"author":"Redacci\u00f3n","twitter_card":"summary_large_image","twitter_creator":"@fidedignas","twitter_site":"@fidedignas","twitter_misc":{"Escrito por":"Redacci\u00f3n","Tiempo de lectura":"2 minutos"},"schema":{"@context":"https:\/\/schema.org","@graph":[{"@type":"Article","@id":"https:\/\/fuentesfidedignas.com.mx\/index.php\/2023\/08\/10\/la-uas-estrena-la-carrera-de-ingenieria-en-aeronautica-aun-hay-espacios\/#article","isPartOf":{"@id":"https:\/\/fuentesfidedignas.com.mx\/index.php\/2023\/08\/10\/la-uas-estrena-la-carrera-de-ingenieria-en-aeronautica-aun-hay-espacios\/"},"author":{"name":"Redacci\u00f3n","@id":"https:\/\/fuentesfidedignas.com.mx\/#\/schema\/person\/331be9283d37198e2acd5750279085b0"},"headline":"La UAS estrena la carrera de Ingenier\u00eda en Aeron\u00e1utica; a\u00fan hay espacios","datePublished":"2023-08-10T19:37:08+00:00","dateModified":"2023-08-10T19:37:42+00:00","mainEntityOfPage":{"@id":"https:\/\/fuentesfidedignas.com.mx\/index.php\/2023\/08\/10\/la-uas-estrena-la-carrera-de-ingenieria-en-aeronautica-aun-hay-espacios\/"},"wordCount":389,"commentCount":0,"publisher":{"@id":"https:\/\/fuentesfidedignas.com.mx\/#organization"},"image":{"@id":"https:\/\/fuentesfidedignas.com.mx\/index.php\/2023\/08\/10\/la-uas-estrena-la-carrera-de-ingenieria-en-aeronautica-aun-hay-espacios\/#primaryimage"},"thumbnailUrl":"https:\/\/fuentesfidedignas.com.mx\/wp-content\/uploads\/2023\/08\/FACITE-1.jpeg","articleSection":["NOTICIAS LOCALES"],"inLanguage":"es","potentialAction":[{"@type":"CommentAction","name":"Comment","target":["https:\/\/fuentesfidedignas.com.mx\/index.php\/2023\/08\/10\/la-uas-estrena-la-carrera-de-ingenieria-en-aeronautica-aun-hay-espacios\/#respond"]}]},{"@type":"WebPage","@id":"https:\/\/fuentesfidedignas.com.mx\/index.php\/2023\/08\/10\/la-uas-estrena-la-carrera-de-ingenieria-en-aeronautica-aun-hay-espacios\/","url":"https:\/\/fuentesfidedignas.com.mx\/index.php\/2023\/08\/10\/la-uas-estrena-la-carrera-de-ingenieria-en-aeronautica-aun-hay-espacios\/","name":"La UAS estrena la carrera de Ingenier\u00eda en Aeron\u00e1utica; a\u00fan hay espacios - Fuentes Fidedignas","isPartOf":{"@id":"https:\/\/fuentesfidedignas.com.mx\/#website"},"primaryImageOfPage":{"@id":"https:\/\/fuentesfidedignas.com.mx\/index.php\/2023\/08\/10\/la-uas-estrena-la-carrera-de-ingenieria-en-aeronautica-aun-hay-espacios\/#primaryimage"},"image":{"@id":"https:\/\/fuentesfidedignas.com.mx\/index.php\/2023\/08\/10\/la-uas-estrena-la-carrera-de-ingenieria-en-aeronautica-aun-hay-espacios\/#primaryimage"},"thumbnailUrl":"https:\/\/fuentesfidedignas.com.mx\/wp-content\/uploads\/2023\/08\/FACITE-1.jpeg","datePublished":"2023-08-10T19:37:08+00:00","dateModified":"2023-08-10T19:37:42+00:00","breadcrumb":{"@id":"https:\/\/fuentesfidedignas.com.mx\/index.php\/2023\/08\/10\/la-uas-estrena-la-carrera-de-ingenieria-en-aeronautica-aun-hay-espacios\/#breadcrumb"},"inLanguage":"es","potentialAction":[{"@type":"ReadAction","target":["https:\/\/fuentesfidedignas.com.mx\/index.php\/2023\/08\/10\/la-uas-estrena-la-carrera-de-ingenieria-en-aeronautica-aun-hay-espacios\/"]}]},{"@type":"ImageObject","inLanguage":"es","@id":"https:\/\/fuentesfidedignas.com.mx\/index.php\/2023\/08\/10\/la-uas-estrena-la-carrera-de-ingenieria-en-aeronautica-aun-hay-espacios\/#primaryimage","url":"https:\/\/fuentesfidedignas.com.mx\/wp-content\/uploads\/2023\/08\/FACITE-1.jpeg","contentUrl":"https:\/\/fuentesfidedignas.com.mx\/wp-content\/uploads\/2023\/08\/FACITE-1.jpeg","width":1500,"height":1000},{"@type":"BreadcrumbList","@id":"https:\/\/fuentesfidedignas.com.mx\/index.php\/2023\/08\/10\/la-uas-estrena-la-carrera-de-ingenieria-en-aeronautica-aun-hay-espacios\/#breadcrumb","itemListElement":[{"@type":"ListItem","position":1,"name":"Inicio","item":"https:\/\/fuentesfidedignas.com.mx\/"},{"@type":"ListItem","position":2,"name":"La UAS estrena la carrera de Ingenier\u00eda en Aeron\u00e1utica; a\u00fan hay espacios"}]},{"@type":"WebSite","@id":"https:\/\/fuentesfidedignas.com.mx\/#website","url":"https:\/\/fuentesfidedignas.com.mx\/","name":"Fuentes Fidedignas","description":"Otro sitio realizado con WordPress","publisher":{"@id":"https:\/\/fuentesfidedignas.com.mx\/#organization"},"potentialAction":[{"@type":"SearchAction","target":{"@type":"EntryPoint","urlTemplate":"https:\/\/fuentesfidedignas.com.mx\/?s={search_term_string}"},"query-input":{"@type":"PropertyValueSpecification","valueRequired":true,"valueName":"search_term_string"}}],"inLanguage":"es"},{"@type":"Organization","@id":"https:\/\/fuentesfidedignas.com.mx\/#organization","name":"Fuentes Fidedignas","url":"https:\/\/fuentesfidedignas.com.mx\/","logo":{"@type":"ImageObject","inLanguage":"es","@id":"https:\/\/fuentesfidedignas.com.mx\/#\/schema\/logo\/image\/","url":"https:\/\/fuentesfidedignas.com.mx\/wp-content\/uploads\/2021\/04\/logo-retina.png","contentUrl":"https:\/\/fuentesfidedignas.com.mx\/wp-content\/uploads\/2021\/04\/logo-retina.png","width":280,"height":51,"caption":"Fuentes Fidedignas"},"image":{"@id":"https:\/\/fuentesfidedignas.com.mx\/#\/schema\/logo\/image\/"},"sameAs":["https:\/\/www.facebook.com\/Fuentes-Fidedignas-368234489921644","https:\/\/x.com\/fidedignas"]},{"@type":"Person","@id":"https:\/\/fuentesfidedignas.com.mx\/#\/schema\/person\/331be9283d37198e2acd5750279085b0","name":"Redacci\u00f3n","image":{"@type":"ImageObject","inLanguage":"es","@id":"https:\/\/secure.gravatar.com\/avatar\/f6d8782c11d12b2d4ad3fbb6931aeab5309937a4d6cd2fc9cfaa28a6396a5aec?s=96&d=mm&r=g","url":"https:\/\/secure.gravatar.com\/avatar\/f6d8782c11d12b2d4ad3fbb6931aeab5309937a4d6cd2fc9cfaa28a6396a5aec?s=96&d=mm&r=g","contentUrl":"https:\/\/secure.gravatar.com\/avatar\/f6d8782c11d12b2d4ad3fbb6931aeab5309937a4d6cd2fc9cfaa28a6396a5aec?s=96&d=mm&r=g","caption":"Redacci\u00f3n"},"url":"https:\/\/fuentesfidedignas.com.mx\/index.php\/author\/redaccion\/"}]}},"_links":{"self":[{"href":"https:\/\/fuentesfidedignas.com.mx\/index.php\/wp-json\/wp\/v2\/posts\/55035","targetHints":{"allow":["GET"]}}],"collection":[{"href":"https:\/\/fuentesfidedignas.com.mx\/index.php\/wp-json\/wp\/v2\/posts"}],"about":[{"href":"https:\/\/fuentesfidedignas.com.mx\/index.php\/wp-json\/wp\/v2\/types\/post"}],"author":[{"embeddable":true,"href":"https:\/\/fuentesfidedignas.com.mx\/index.php\/wp-json\/wp\/v2\/users\/4"}],"replies":[{"embeddable":true,"href":"https:\/\/fuentesfidedignas.com.mx\/index.php\/wp-json\/wp\/v2\/comments?post=55035"}],"version-history":[{"count":2,"href":"https:\/\/fuentesfidedignas.com.mx\/index.php\/wp-json\/wp\/v2\/posts\/55035\/revisions"}],"predecessor-version":[{"id":56554,"href":"https:\/\/fuentesfidedignas.com.mx\/index.php\/wp-json\/wp\/v2\/posts\/55035\/revisions\/56554"}],"wp:featuredmedia":[{"embeddable":true,"href":"https:\/\/fuentesfidedignas.com.mx\/index.php\/wp-json\/wp\/v2\/media\/55037"}],"wp:attachment":[{"href":"https:\/\/fuentesfidedignas.com.mx\/index.php\/wp-json\/wp\/v2\/media?parent=55035"}],"wp:term":[{"taxonomy":"category","embeddable":true,"href":"https:\/\/fuentesfidedignas.com.mx\/index.php\/wp-json\/wp\/v2\/categories?post=55035"},{"taxonomy":"post_tag","embeddable":true,"href":"https:\/\/fuentesfidedignas.com.mx\/index.php\/wp-json\/wp\/v2\/tags?post=55035"}],"curies":[{"name":"wp","href":"https:\/\/api.w.org\/{rel}","templated":true}]}}