{"id":55003,"date":"2023-08-10T09:32:11","date_gmt":"2023-08-10T16:32:11","guid":{"rendered":"https:\/\/fuentesfidedignas.com.mx\/?p=55003"},"modified":"2023-08-10T09:34:33","modified_gmt":"2023-08-10T16:34:33","slug":"protestan-en-el-zocalo-contra-nuevo-plan-de-estudios-y-libros-de-texto","status":"publish","type":"post","link":"https:\/\/fuentesfidedignas.com.mx\/index.php\/2023\/08\/10\/protestan-en-el-zocalo-contra-nuevo-plan-de-estudios-y-libros-de-texto\/","title":{"rendered":"Protestan en el Z\u00f3calo contra nuevo plan de estudios y libros de texto"},"content":{"rendered":"\n<p><strong><em>La Federaci\u00f3n Nacional de Estudiantes Revolucionarios realiz\u00f3 una marcha contra el nuevo Plan de Estudios y libros de texto de la SEP<\/em><\/strong><\/p>\n\n\n\n<p>Ciudad de M\u00e9xico. Decenas de\u00a0<strong>estudiantes<\/strong>\u00a0se movilizaron en la Ciudad de M\u00e9xico para\u00a0<strong>manifestarse<\/strong>\u00a0contra el nuevo\u00a0<strong>Plan de Estudios<\/strong>\u00a0y\u00a0<strong>libros de texto gratuitos<\/strong>\u00a0de la SEP.<\/p>\n\n\n\n<figure class=\"wp-block-embed is-type-rich is-provider-twitter wp-block-embed-twitter\"><div class=\"wp-block-embed__wrapper\">\n<blockquote class=\"twitter-tweet\" data-width=\"550\" data-dnt=\"true\"><p lang=\"es\" dir=\"ltr\"><a href=\"https:\/\/twitter.com\/hashtag\/ReporteVial?src=hash&amp;ref_src=twsrc%5Etfw\">#ReporteVial<\/a>  Bloquedado Eje Central, a la altura de Ju\u00e1rez, por una movilizaci\u00f3n de estudiantes en contra del contenido de los libros de texto gratuito. <br><br>Video: <a href=\"https:\/\/twitter.com\/omarogd?ref_src=twsrc%5Etfw\">@omarogd<\/a> \/ EL UNIVERSAL <a href=\"https:\/\/t.co\/Y4jWP24E3P\">pic.twitter.com\/Y4jWP24E3P<\/a><\/p>&mdash; El Universal (@El_Universal_Mx) <a href=\"https:\/\/twitter.com\/El_Universal_Mx\/status\/1689656201707954177?ref_src=twsrc%5Etfw\">August 10, 2023<\/a><\/blockquote><script async src=\"https:\/\/platform.twitter.com\/widgets.js\" charset=\"utf-8\"><\/script>\n<\/div><\/figure>\n\n\n\n<p>La&nbsp;<strong>Federaci\u00f3n Nacional de Estudiantes Revolucionarios \u2018Rafael Ram\u00edrez\u2019<\/strong>&nbsp;(FNERRR) llev\u00f3 a cabo una&nbsp;<strong>marcha<\/strong>&nbsp;desde el Palacio de Bellas Artes hacia la explanada del Z\u00f3calo.<\/p>\n\n\n\n<p>La FNERRR denuncia que el plan educativo para el ciclo escolar 2023-2024 pone en riesgo la formaci\u00f3n de ni\u00f1os, ni\u00f1as y j\u00f3venes, alej\u00e1ndoles de un esfuerzo por crear un pensamiento cr\u00edtico y cient\u00edfico.<\/p>\n\n\n\n<p>Condenaron el reemplazo de los grados acad\u00e9micos por<strong>\u00a0fases de aprendizaje<\/strong>\u00a0y de las asignaturas por\u00a0<strong>campos<\/strong>\u00a0<strong>formativos<\/strong>.<\/p>\n\n\n\n<figure class=\"wp-block-embed is-type-rich is-provider-twitter wp-block-embed-twitter\"><div class=\"wp-block-embed__wrapper\">\n<blockquote class=\"twitter-tweet\" data-width=\"550\" data-dnt=\"true\"><p lang=\"es\" dir=\"ltr\">\ud83d\udce3 <a href=\"https:\/\/twitter.com\/hashtag\/AlMomento?src=hash&amp;ref_src=twsrc%5Etfw\">#AlMomento<\/a> | Fenerianos nos estamos manifestando en las calles cercanas al z\u00f3calo de la CDMX en contra de la imposici\u00f3n del <a href=\"https:\/\/twitter.com\/hashtag\/NuevoModeloEducativo?src=hash&amp;ref_src=twsrc%5Etfw\">#NuevoModeloEducativo<\/a>, pues opiniones de expertos indican aumentar\u00e1 el rezago educativo en el pa\u00eds.<a href=\"https:\/\/twitter.com\/SEP_mx?ref_src=twsrc%5Etfw\">@SEP_mx<\/a> <br><br>\u00a1Merecemos una educaci\u00f3n de calidad! \ud83d\udd25\u270a\ud83c\udffd\ud83d\udcda <a href=\"https:\/\/t.co\/4wWgDre16c\">pic.twitter.com\/4wWgDre16c<\/a><\/p>&mdash; FNERRR NACIONAL (@FNERRR_NACIONAL) <a href=\"https:\/\/twitter.com\/FNERRR_NACIONAL\/status\/1689644302778200064?ref_src=twsrc%5Etfw\">August 10, 2023<\/a><\/blockquote><script async src=\"https:\/\/platform.twitter.com\/widgets.js\" charset=\"utf-8\"><\/script>\n<\/div><\/figure>\n\n\n\n<p>Coincidieron con el an\u00e1lisis del Instituto Mexicano para la Competitividad (IMCO) sobre que el nuevo&nbsp;<strong>Plan de Estudios<\/strong>&nbsp;genera incertidumbre y provocar\u00e1 un&nbsp;<strong>grave retroceso educativo<\/strong>.<\/p>\n\n\n\n<p>La FNERRR enfatiz\u00f3 que los libros de texto gratuitos son una herramienta esencial para transmitir el conocimiento y formar la base educativa de los estudiantes, por lo que el cambio en su contenido \u201catropella gravemente el aprendizaje de la ni\u00f1ez\u201d y agudizar\u00e1 la crisis y brecha de desigualdad en la educaci\u00f3n.<\/p>\n","protected":false},"excerpt":{"rendered":"<p>La Federaci\u00f3n Nacional de Estudiantes Revolucionarios realiz\u00f3 una marcha contra el nuevo Plan de Estudios y libros de texto de la SEP Ciudad de M\u00e9xico. Decenas de\u00a0estudiantes\u00a0se movilizaron en la Ciudad de M\u00e9xico para\u00a0manifestarse\u00a0contra el nuevo\u00a0Plan de Estudios\u00a0y\u00a0libros de texto gratuitos\u00a0de la SEP. La&nbsp;Federaci\u00f3n Nacional de Estudiantes Revolucionarios \u2018Rafael Ram\u00edrez\u2019&nbsp;(FNERRR) llev\u00f3 a cabo una&nbsp;marcha&nbsp;desde el [&hellip;]<\/p>\n","protected":false},"author":47,"featured_media":55006,"comment_status":"open","ping_status":"open","sticky":false,"template":"","format":"standard","meta":{"tdm_status":"","tdm_grid_status":"","footnotes":""},"categories":[39,1],"tags":[],"class_list":{"0":"post-55003","1":"post","2":"type-post","3":"status-publish","4":"format-standard","5":"has-post-thumbnail","7":"category-noticias-nacionales","8":"category-sin-categoria"},"yoast_head":"<!-- This site is optimized with the Yoast SEO plugin v27.5 - https:\/\/yoast.com\/product\/yoast-seo-wordpress\/ -->\n<title>Protestan en el Z\u00f3calo contra nuevo plan de estudios y libros de texto - Fuentes Fidedignas<\/title>\n<meta name=\"robots\" content=\"index, follow, max-snippet:-1, max-image-preview:large, max-video-preview:-1\" \/>\n<link rel=\"canonical\" href=\"https:\/\/fuentesfidedignas.com.mx\/index.php\/2023\/08\/10\/protestan-en-el-zocalo-contra-nuevo-plan-de-estudios-y-libros-de-texto\/\" \/>\n<meta property=\"og:locale\" content=\"es_MX\" \/>\n<meta property=\"og:type\" content=\"article\" \/>\n<meta property=\"og:title\" content=\"Protestan en el Z\u00f3calo contra nuevo plan de estudios y libros de texto - Fuentes Fidedignas\" \/>\n<meta property=\"og:description\" content=\"La Federaci\u00f3n Nacional de Estudiantes Revolucionarios realiz\u00f3 una marcha contra el nuevo Plan de Estudios y libros de texto de la SEP Ciudad de M\u00e9xico. Decenas de\u00a0estudiantes\u00a0se movilizaron en la Ciudad de M\u00e9xico para\u00a0manifestarse\u00a0contra el nuevo\u00a0Plan de Estudios\u00a0y\u00a0libros de texto gratuitos\u00a0de la SEP. La&nbsp;Federaci\u00f3n Nacional de Estudiantes Revolucionarios \u2018Rafael Ram\u00edrez\u2019&nbsp;(FNERRR) llev\u00f3 a cabo una&nbsp;marcha&nbsp;desde el [&hellip;]\" \/>\n<meta property=\"og:url\" content=\"https:\/\/fuentesfidedignas.com.mx\/index.php\/2023\/08\/10\/protestan-en-el-zocalo-contra-nuevo-plan-de-estudios-y-libros-de-texto\/\" \/>\n<meta property=\"og:site_name\" content=\"Fuentes Fidedignas\" \/>\n<meta property=\"article:publisher\" content=\"https:\/\/www.facebook.com\/Fuentes-Fidedignas-368234489921644\" \/>\n<meta property=\"article:published_time\" content=\"2023-08-10T16:32:11+00:00\" \/>\n<meta property=\"article:modified_time\" content=\"2023-08-10T16:34:33+00:00\" \/>\n<meta property=\"og:image\" content=\"https:\/\/fuentesfidedignas.com.mx\/wp-content\/uploads\/2023\/08\/manifestacion-contra-nuevo-plan-de-estudios-y-libros-de-texto-gratuitos.jpg\" \/>\n\t<meta property=\"og:image:width\" content=\"1920\" \/>\n\t<meta property=\"og:image:height\" content=\"1080\" \/>\n\t<meta property=\"og:image:type\" content=\"image\/jpeg\" \/>\n<meta name=\"author\" content=\"L\u00f3pez D\u00f3riga\" \/>\n<meta name=\"twitter:card\" content=\"summary_large_image\" \/>\n<meta name=\"twitter:creator\" content=\"@fidedignas\" \/>\n<meta name=\"twitter:site\" content=\"@fidedignas\" \/>\n<meta name=\"twitter:label1\" content=\"Escrito por\" \/>\n\t<meta name=\"twitter:data1\" content=\"L\u00f3pez D\u00f3riga\" \/>\n\t<meta name=\"twitter:label2\" content=\"Tiempo de lectura\" \/>\n\t<meta name=\"twitter:data2\" content=\"1 minuto\" \/>\n<script type=\"application\/ld+json\" class=\"yoast-schema-graph\">{\"@context\":\"https:\\\/\\\/schema.org\",\"@graph\":[{\"@type\":\"Article\",\"@id\":\"https:\\\/\\\/fuentesfidedignas.com.mx\\\/index.php\\\/2023\\\/08\\\/10\\\/protestan-en-el-zocalo-contra-nuevo-plan-de-estudios-y-libros-de-texto\\\/#article\",\"isPartOf\":{\"@id\":\"https:\\\/\\\/fuentesfidedignas.com.mx\\\/index.php\\\/2023\\\/08\\\/10\\\/protestan-en-el-zocalo-contra-nuevo-plan-de-estudios-y-libros-de-texto\\\/\"},\"author\":{\"name\":\"L\u00f3pez D\u00f3riga\",\"@id\":\"https:\\\/\\\/fuentesfidedignas.com.mx\\\/#\\\/schema\\\/person\\\/67d852f0557c8509146a4b9ddebd543a\"},\"headline\":\"Protestan en el Z\u00f3calo contra nuevo plan de estudios y libros de texto\",\"datePublished\":\"2023-08-10T16:32:11+00:00\",\"dateModified\":\"2023-08-10T16:34:33+00:00\",\"mainEntityOfPage\":{\"@id\":\"https:\\\/\\\/fuentesfidedignas.com.mx\\\/index.php\\\/2023\\\/08\\\/10\\\/protestan-en-el-zocalo-contra-nuevo-plan-de-estudios-y-libros-de-texto\\\/\"},\"wordCount\":269,\"commentCount\":0,\"publisher\":{\"@id\":\"https:\\\/\\\/fuentesfidedignas.com.mx\\\/#organization\"},\"image\":{\"@id\":\"https:\\\/\\\/fuentesfidedignas.com.mx\\\/index.php\\\/2023\\\/08\\\/10\\\/protestan-en-el-zocalo-contra-nuevo-plan-de-estudios-y-libros-de-texto\\\/#primaryimage\"},\"thumbnailUrl\":\"https:\\\/\\\/fuentesfidedignas.com.mx\\\/wp-content\\\/uploads\\\/2023\\\/08\\\/manifestacion-contra-nuevo-plan-de-estudios-y-libros-de-texto-gratuitos.jpg\",\"articleSection\":[\"NOTICIAS NACIONALES\"],\"inLanguage\":\"es\",\"potentialAction\":[{\"@type\":\"CommentAction\",\"name\":\"Comment\",\"target\":[\"https:\\\/\\\/fuentesfidedignas.com.mx\\\/index.php\\\/2023\\\/08\\\/10\\\/protestan-en-el-zocalo-contra-nuevo-plan-de-estudios-y-libros-de-texto\\\/#respond\"]}]},{\"@type\":\"WebPage\",\"@id\":\"https:\\\/\\\/fuentesfidedignas.com.mx\\\/index.php\\\/2023\\\/08\\\/10\\\/protestan-en-el-zocalo-contra-nuevo-plan-de-estudios-y-libros-de-texto\\\/\",\"url\":\"https:\\\/\\\/fuentesfidedignas.com.mx\\\/index.php\\\/2023\\\/08\\\/10\\\/protestan-en-el-zocalo-contra-nuevo-plan-de-estudios-y-libros-de-texto\\\/\",\"name\":\"Protestan en el Z\u00f3calo contra nuevo plan de estudios y libros de texto - Fuentes Fidedignas\",\"isPartOf\":{\"@id\":\"https:\\\/\\\/fuentesfidedignas.com.mx\\\/#website\"},\"primaryImageOfPage\":{\"@id\":\"https:\\\/\\\/fuentesfidedignas.com.mx\\\/index.php\\\/2023\\\/08\\\/10\\\/protestan-en-el-zocalo-contra-nuevo-plan-de-estudios-y-libros-de-texto\\\/#primaryimage\"},\"image\":{\"@id\":\"https:\\\/\\\/fuentesfidedignas.com.mx\\\/index.php\\\/2023\\\/08\\\/10\\\/protestan-en-el-zocalo-contra-nuevo-plan-de-estudios-y-libros-de-texto\\\/#primaryimage\"},\"thumbnailUrl\":\"https:\\\/\\\/fuentesfidedignas.com.mx\\\/wp-content\\\/uploads\\\/2023\\\/08\\\/manifestacion-contra-nuevo-plan-de-estudios-y-libros-de-texto-gratuitos.jpg\",\"datePublished\":\"2023-08-10T16:32:11+00:00\",\"dateModified\":\"2023-08-10T16:34:33+00:00\",\"breadcrumb\":{\"@id\":\"https:\\\/\\\/fuentesfidedignas.com.mx\\\/index.php\\\/2023\\\/08\\\/10\\\/protestan-en-el-zocalo-contra-nuevo-plan-de-estudios-y-libros-de-texto\\\/#breadcrumb\"},\"inLanguage\":\"es\",\"potentialAction\":[{\"@type\":\"ReadAction\",\"target\":[\"https:\\\/\\\/fuentesfidedignas.com.mx\\\/index.php\\\/2023\\\/08\\\/10\\\/protestan-en-el-zocalo-contra-nuevo-plan-de-estudios-y-libros-de-texto\\\/\"]}]},{\"@type\":\"ImageObject\",\"inLanguage\":\"es\",\"@id\":\"https:\\\/\\\/fuentesfidedignas.com.mx\\\/index.php\\\/2023\\\/08\\\/10\\\/protestan-en-el-zocalo-contra-nuevo-plan-de-estudios-y-libros-de-texto\\\/#primaryimage\",\"url\":\"https:\\\/\\\/fuentesfidedignas.com.mx\\\/wp-content\\\/uploads\\\/2023\\\/08\\\/manifestacion-contra-nuevo-plan-de-estudios-y-libros-de-texto-gratuitos.jpg\",\"contentUrl\":\"https:\\\/\\\/fuentesfidedignas.com.mx\\\/wp-content\\\/uploads\\\/2023\\\/08\\\/manifestacion-contra-nuevo-plan-de-estudios-y-libros-de-texto-gratuitos.jpg\",\"width\":1920,\"height\":1080},{\"@type\":\"BreadcrumbList\",\"@id\":\"https:\\\/\\\/fuentesfidedignas.com.mx\\\/index.php\\\/2023\\\/08\\\/10\\\/protestan-en-el-zocalo-contra-nuevo-plan-de-estudios-y-libros-de-texto\\\/#breadcrumb\",\"itemListElement\":[{\"@type\":\"ListItem\",\"position\":1,\"name\":\"Inicio\",\"item\":\"https:\\\/\\\/fuentesfidedignas.com.mx\\\/\"},{\"@type\":\"ListItem\",\"position\":2,\"name\":\"Protestan en el Z\u00f3calo contra nuevo plan de estudios y libros de texto\"}]},{\"@type\":\"WebSite\",\"@id\":\"https:\\\/\\\/fuentesfidedignas.com.mx\\\/#website\",\"url\":\"https:\\\/\\\/fuentesfidedignas.com.mx\\\/\",\"name\":\"Fuentes Fidedignas\",\"description\":\"Otro sitio realizado con WordPress\",\"publisher\":{\"@id\":\"https:\\\/\\\/fuentesfidedignas.com.mx\\\/#organization\"},\"potentialAction\":[{\"@type\":\"SearchAction\",\"target\":{\"@type\":\"EntryPoint\",\"urlTemplate\":\"https:\\\/\\\/fuentesfidedignas.com.mx\\\/?s={search_term_string}\"},\"query-input\":{\"@type\":\"PropertyValueSpecification\",\"valueRequired\":true,\"valueName\":\"search_term_string\"}}],\"inLanguage\":\"es\"},{\"@type\":\"Organization\",\"@id\":\"https:\\\/\\\/fuentesfidedignas.com.mx\\\/#organization\",\"name\":\"Fuentes Fidedignas\",\"url\":\"https:\\\/\\\/fuentesfidedignas.com.mx\\\/\",\"logo\":{\"@type\":\"ImageObject\",\"inLanguage\":\"es\",\"@id\":\"https:\\\/\\\/fuentesfidedignas.com.mx\\\/#\\\/schema\\\/logo\\\/image\\\/\",\"url\":\"https:\\\/\\\/fuentesfidedignas.com.mx\\\/wp-content\\\/uploads\\\/2021\\\/04\\\/logo-retina.png\",\"contentUrl\":\"https:\\\/\\\/fuentesfidedignas.com.mx\\\/wp-content\\\/uploads\\\/2021\\\/04\\\/logo-retina.png\",\"width\":280,\"height\":51,\"caption\":\"Fuentes Fidedignas\"},\"image\":{\"@id\":\"https:\\\/\\\/fuentesfidedignas.com.mx\\\/#\\\/schema\\\/logo\\\/image\\\/\"},\"sameAs\":[\"https:\\\/\\\/www.facebook.com\\\/Fuentes-Fidedignas-368234489921644\",\"https:\\\/\\\/x.com\\\/fidedignas\"]},{\"@type\":\"Person\",\"@id\":\"https:\\\/\\\/fuentesfidedignas.com.mx\\\/#\\\/schema\\\/person\\\/67d852f0557c8509146a4b9ddebd543a\",\"name\":\"L\u00f3pez D\u00f3riga\",\"image\":{\"@type\":\"ImageObject\",\"inLanguage\":\"es\",\"@id\":\"https:\\\/\\\/secure.gravatar.com\\\/avatar\\\/e525b06574ca18b33cded59dfe5778d6c823b9513154eff47da551b0551bdd1e?s=96&d=mm&r=g\",\"url\":\"https:\\\/\\\/secure.gravatar.com\\\/avatar\\\/e525b06574ca18b33cded59dfe5778d6c823b9513154eff47da551b0551bdd1e?s=96&d=mm&r=g\",\"contentUrl\":\"https:\\\/\\\/secure.gravatar.com\\\/avatar\\\/e525b06574ca18b33cded59dfe5778d6c823b9513154eff47da551b0551bdd1e?s=96&d=mm&r=g\",\"caption\":\"L\u00f3pez D\u00f3riga\"},\"url\":\"https:\\\/\\\/fuentesfidedignas.com.mx\\\/index.php\\\/author\\\/doriga\\\/\"}]}<\/script>\n<!-- \/ Yoast SEO plugin. -->","yoast_head_json":{"title":"Protestan en el Z\u00f3calo contra nuevo plan de estudios y libros de texto - Fuentes Fidedignas","robots":{"index":"index","follow":"follow","max-snippet":"max-snippet:-1","max-image-preview":"max-image-preview:large","max-video-preview":"max-video-preview:-1"},"canonical":"https:\/\/fuentesfidedignas.com.mx\/index.php\/2023\/08\/10\/protestan-en-el-zocalo-contra-nuevo-plan-de-estudios-y-libros-de-texto\/","og_locale":"es_MX","og_type":"article","og_title":"Protestan en el Z\u00f3calo contra nuevo plan de estudios y libros de texto - Fuentes Fidedignas","og_description":"La Federaci\u00f3n Nacional de Estudiantes Revolucionarios realiz\u00f3 una marcha contra el nuevo Plan de Estudios y libros de texto de la SEP Ciudad de M\u00e9xico. Decenas de\u00a0estudiantes\u00a0se movilizaron en la Ciudad de M\u00e9xico para\u00a0manifestarse\u00a0contra el nuevo\u00a0Plan de Estudios\u00a0y\u00a0libros de texto gratuitos\u00a0de la SEP. La&nbsp;Federaci\u00f3n Nacional de Estudiantes Revolucionarios \u2018Rafael Ram\u00edrez\u2019&nbsp;(FNERRR) llev\u00f3 a cabo una&nbsp;marcha&nbsp;desde el [&hellip;]","og_url":"https:\/\/fuentesfidedignas.com.mx\/index.php\/2023\/08\/10\/protestan-en-el-zocalo-contra-nuevo-plan-de-estudios-y-libros-de-texto\/","og_site_name":"Fuentes Fidedignas","article_publisher":"https:\/\/www.facebook.com\/Fuentes-Fidedignas-368234489921644","article_published_time":"2023-08-10T16:32:11+00:00","article_modified_time":"2023-08-10T16:34:33+00:00","og_image":[{"width":1920,"height":1080,"url":"https:\/\/fuentesfidedignas.com.mx\/wp-content\/uploads\/2023\/08\/manifestacion-contra-nuevo-plan-de-estudios-y-libros-de-texto-gratuitos.jpg","type":"image\/jpeg"}],"author":"L\u00f3pez D\u00f3riga","twitter_card":"summary_large_image","twitter_creator":"@fidedignas","twitter_site":"@fidedignas","twitter_misc":{"Escrito por":"L\u00f3pez D\u00f3riga","Tiempo de lectura":"1 minuto"},"schema":{"@context":"https:\/\/schema.org","@graph":[{"@type":"Article","@id":"https:\/\/fuentesfidedignas.com.mx\/index.php\/2023\/08\/10\/protestan-en-el-zocalo-contra-nuevo-plan-de-estudios-y-libros-de-texto\/#article","isPartOf":{"@id":"https:\/\/fuentesfidedignas.com.mx\/index.php\/2023\/08\/10\/protestan-en-el-zocalo-contra-nuevo-plan-de-estudios-y-libros-de-texto\/"},"author":{"name":"L\u00f3pez D\u00f3riga","@id":"https:\/\/fuentesfidedignas.com.mx\/#\/schema\/person\/67d852f0557c8509146a4b9ddebd543a"},"headline":"Protestan en el Z\u00f3calo contra nuevo plan de estudios y libros de texto","datePublished":"2023-08-10T16:32:11+00:00","dateModified":"2023-08-10T16:34:33+00:00","mainEntityOfPage":{"@id":"https:\/\/fuentesfidedignas.com.mx\/index.php\/2023\/08\/10\/protestan-en-el-zocalo-contra-nuevo-plan-de-estudios-y-libros-de-texto\/"},"wordCount":269,"commentCount":0,"publisher":{"@id":"https:\/\/fuentesfidedignas.com.mx\/#organization"},"image":{"@id":"https:\/\/fuentesfidedignas.com.mx\/index.php\/2023\/08\/10\/protestan-en-el-zocalo-contra-nuevo-plan-de-estudios-y-libros-de-texto\/#primaryimage"},"thumbnailUrl":"https:\/\/fuentesfidedignas.com.mx\/wp-content\/uploads\/2023\/08\/manifestacion-contra-nuevo-plan-de-estudios-y-libros-de-texto-gratuitos.jpg","articleSection":["NOTICIAS NACIONALES"],"inLanguage":"es","potentialAction":[{"@type":"CommentAction","name":"Comment","target":["https:\/\/fuentesfidedignas.com.mx\/index.php\/2023\/08\/10\/protestan-en-el-zocalo-contra-nuevo-plan-de-estudios-y-libros-de-texto\/#respond"]}]},{"@type":"WebPage","@id":"https:\/\/fuentesfidedignas.com.mx\/index.php\/2023\/08\/10\/protestan-en-el-zocalo-contra-nuevo-plan-de-estudios-y-libros-de-texto\/","url":"https:\/\/fuentesfidedignas.com.mx\/index.php\/2023\/08\/10\/protestan-en-el-zocalo-contra-nuevo-plan-de-estudios-y-libros-de-texto\/","name":"Protestan en el Z\u00f3calo contra nuevo plan de estudios y libros de texto - Fuentes Fidedignas","isPartOf":{"@id":"https:\/\/fuentesfidedignas.com.mx\/#website"},"primaryImageOfPage":{"@id":"https:\/\/fuentesfidedignas.com.mx\/index.php\/2023\/08\/10\/protestan-en-el-zocalo-contra-nuevo-plan-de-estudios-y-libros-de-texto\/#primaryimage"},"image":{"@id":"https:\/\/fuentesfidedignas.com.mx\/index.php\/2023\/08\/10\/protestan-en-el-zocalo-contra-nuevo-plan-de-estudios-y-libros-de-texto\/#primaryimage"},"thumbnailUrl":"https:\/\/fuentesfidedignas.com.mx\/wp-content\/uploads\/2023\/08\/manifestacion-contra-nuevo-plan-de-estudios-y-libros-de-texto-gratuitos.jpg","datePublished":"2023-08-10T16:32:11+00:00","dateModified":"2023-08-10T16:34:33+00:00","breadcrumb":{"@id":"https:\/\/fuentesfidedignas.com.mx\/index.php\/2023\/08\/10\/protestan-en-el-zocalo-contra-nuevo-plan-de-estudios-y-libros-de-texto\/#breadcrumb"},"inLanguage":"es","potentialAction":[{"@type":"ReadAction","target":["https:\/\/fuentesfidedignas.com.mx\/index.php\/2023\/08\/10\/protestan-en-el-zocalo-contra-nuevo-plan-de-estudios-y-libros-de-texto\/"]}]},{"@type":"ImageObject","inLanguage":"es","@id":"https:\/\/fuentesfidedignas.com.mx\/index.php\/2023\/08\/10\/protestan-en-el-zocalo-contra-nuevo-plan-de-estudios-y-libros-de-texto\/#primaryimage","url":"https:\/\/fuentesfidedignas.com.mx\/wp-content\/uploads\/2023\/08\/manifestacion-contra-nuevo-plan-de-estudios-y-libros-de-texto-gratuitos.jpg","contentUrl":"https:\/\/fuentesfidedignas.com.mx\/wp-content\/uploads\/2023\/08\/manifestacion-contra-nuevo-plan-de-estudios-y-libros-de-texto-gratuitos.jpg","width":1920,"height":1080},{"@type":"BreadcrumbList","@id":"https:\/\/fuentesfidedignas.com.mx\/index.php\/2023\/08\/10\/protestan-en-el-zocalo-contra-nuevo-plan-de-estudios-y-libros-de-texto\/#breadcrumb","itemListElement":[{"@type":"ListItem","position":1,"name":"Inicio","item":"https:\/\/fuentesfidedignas.com.mx\/"},{"@type":"ListItem","position":2,"name":"Protestan en el Z\u00f3calo contra nuevo plan de estudios y libros de texto"}]},{"@type":"WebSite","@id":"https:\/\/fuentesfidedignas.com.mx\/#website","url":"https:\/\/fuentesfidedignas.com.mx\/","name":"Fuentes Fidedignas","description":"Otro sitio realizado con WordPress","publisher":{"@id":"https:\/\/fuentesfidedignas.com.mx\/#organization"},"potentialAction":[{"@type":"SearchAction","target":{"@type":"EntryPoint","urlTemplate":"https:\/\/fuentesfidedignas.com.mx\/?s={search_term_string}"},"query-input":{"@type":"PropertyValueSpecification","valueRequired":true,"valueName":"search_term_string"}}],"inLanguage":"es"},{"@type":"Organization","@id":"https:\/\/fuentesfidedignas.com.mx\/#organization","name":"Fuentes Fidedignas","url":"https:\/\/fuentesfidedignas.com.mx\/","logo":{"@type":"ImageObject","inLanguage":"es","@id":"https:\/\/fuentesfidedignas.com.mx\/#\/schema\/logo\/image\/","url":"https:\/\/fuentesfidedignas.com.mx\/wp-content\/uploads\/2021\/04\/logo-retina.png","contentUrl":"https:\/\/fuentesfidedignas.com.mx\/wp-content\/uploads\/2021\/04\/logo-retina.png","width":280,"height":51,"caption":"Fuentes Fidedignas"},"image":{"@id":"https:\/\/fuentesfidedignas.com.mx\/#\/schema\/logo\/image\/"},"sameAs":["https:\/\/www.facebook.com\/Fuentes-Fidedignas-368234489921644","https:\/\/x.com\/fidedignas"]},{"@type":"Person","@id":"https:\/\/fuentesfidedignas.com.mx\/#\/schema\/person\/67d852f0557c8509146a4b9ddebd543a","name":"L\u00f3pez D\u00f3riga","image":{"@type":"ImageObject","inLanguage":"es","@id":"https:\/\/secure.gravatar.com\/avatar\/e525b06574ca18b33cded59dfe5778d6c823b9513154eff47da551b0551bdd1e?s=96&d=mm&r=g","url":"https:\/\/secure.gravatar.com\/avatar\/e525b06574ca18b33cded59dfe5778d6c823b9513154eff47da551b0551bdd1e?s=96&d=mm&r=g","contentUrl":"https:\/\/secure.gravatar.com\/avatar\/e525b06574ca18b33cded59dfe5778d6c823b9513154eff47da551b0551bdd1e?s=96&d=mm&r=g","caption":"L\u00f3pez D\u00f3riga"},"url":"https:\/\/fuentesfidedignas.com.mx\/index.php\/author\/doriga\/"}]}},"_links":{"self":[{"href":"https:\/\/fuentesfidedignas.com.mx\/index.php\/wp-json\/wp\/v2\/posts\/55003","targetHints":{"allow":["GET"]}}],"collection":[{"href":"https:\/\/fuentesfidedignas.com.mx\/index.php\/wp-json\/wp\/v2\/posts"}],"about":[{"href":"https:\/\/fuentesfidedignas.com.mx\/index.php\/wp-json\/wp\/v2\/types\/post"}],"author":[{"embeddable":true,"href":"https:\/\/fuentesfidedignas.com.mx\/index.php\/wp-json\/wp\/v2\/users\/47"}],"replies":[{"embeddable":true,"href":"https:\/\/fuentesfidedignas.com.mx\/index.php\/wp-json\/wp\/v2\/comments?post=55003"}],"version-history":[{"count":2,"href":"https:\/\/fuentesfidedignas.com.mx\/index.php\/wp-json\/wp\/v2\/posts\/55003\/revisions"}],"predecessor-version":[{"id":55005,"href":"https:\/\/fuentesfidedignas.com.mx\/index.php\/wp-json\/wp\/v2\/posts\/55003\/revisions\/55005"}],"wp:featuredmedia":[{"embeddable":true,"href":"https:\/\/fuentesfidedignas.com.mx\/index.php\/wp-json\/wp\/v2\/media\/55006"}],"wp:attachment":[{"href":"https:\/\/fuentesfidedignas.com.mx\/index.php\/wp-json\/wp\/v2\/media?parent=55003"}],"wp:term":[{"taxonomy":"category","embeddable":true,"href":"https:\/\/fuentesfidedignas.com.mx\/index.php\/wp-json\/wp\/v2\/categories?post=55003"},{"taxonomy":"post_tag","embeddable":true,"href":"https:\/\/fuentesfidedignas.com.mx\/index.php\/wp-json\/wp\/v2\/tags?post=55003"}],"curies":[{"name":"wp","href":"https:\/\/api.w.org\/{rel}","templated":true}]}}