{"id":54942,"date":"2023-08-09T13:54:55","date_gmt":"2023-08-09T20:54:55","guid":{"rendered":"https:\/\/fuentesfidedignas.com.mx\/?p=54942"},"modified":"2023-08-09T13:55:47","modified_gmt":"2023-08-09T20:55:47","slug":"inauguran-somos-tu-red-de-apoyo-como-estrategia-contra-violencia-de-genero","status":"publish","type":"post","link":"https:\/\/fuentesfidedignas.com.mx\/index.php\/2023\/08\/09\/inauguran-somos-tu-red-de-apoyo-como-estrategia-contra-violencia-de-genero\/","title":{"rendered":"Inauguran \u201cSomos tu Red de Apoyo\u201d como estrategia contra violencia de g\u00e9nero"},"content":{"rendered":"\n<p><em><strong>El objetivo es coordinar las estrategias para fortalecer la red de atenci\u00f3n a ni\u00f1as, adolescentes y mujeres que vivan violencia de g\u00e9nero<\/strong><\/em><\/p>\n\n\n\n<p><em>Este jueves se colocar\u00e1 la primera piedra del Centro de Justicia para las Mujeres de Los Mochis, y en unos meses m\u00e1s tambi\u00e9n el Centro de Justicia de Guasave<\/em><\/p>\n\n\n\n<p>Culiac\u00e1n, Sin.- El gobernador Rub\u00e9n Rocha Moya inaugur\u00f3 el Encuentro Estatal \u201cSomos tu Red de Apoyo\u201d, organizado por la Secretar\u00eda de las Mujeres y que congreg\u00f3 a todas las dependencias encargadas de atender la violencia de g\u00e9nero hacia las ni\u00f1as, adolescentes y mujeres, y cuyo objetivo fue coordinar todos los esfuerzos en una estrategia com\u00fan que permita una atenci\u00f3n expedita e integral, as\u00ed como garantizar el acceso a la justicia, la no repetici\u00f3n y la reparaci\u00f3n del da\u00f1o.<\/p>\n\n\n\n<p>Acompa\u00f1ado por la organizadora del evento, la secretaria de las Mujeres, Tere Guerra Ochoa; y por la presidenta del Sistema DIF Sinaloa, Eneyda Rocha Ruiz, el gobernador Rocha le dio la bienvenida a la comisionada nacional para Prevenir y Erradicar la Violencia contra las Mujeres, Fabiola Alan\u00eds S\u00e1mano; y a la comisionada nacional Ejecutiva de Atenci\u00f3n a V\u00edctimas, Martha Yuridia Rodr\u00edguez, quienes asistieron invitadas a esta reuni\u00f3n de trabajo.<\/p>\n\n\n\n<figure class=\"wp-block-gallery has-nested-images columns-default is-cropped wp-block-gallery-1 is-layout-flex wp-block-gallery-is-layout-flex\">\n<figure class=\"wp-block-image size-large\"><img decoding=\"async\" width=\"1024\" height=\"682\" data-id=\"54943\" src=\"https:\/\/fuentesfidedignas.com.mx\/wp-content\/uploads\/2023\/08\/1000106005-1024x682.jpg\" alt=\"\" class=\"wp-image-54943\" srcset=\"https:\/\/fuentesfidedignas.com.mx\/wp-content\/uploads\/2023\/08\/1000106005-1024x682.jpg 1024w, https:\/\/fuentesfidedignas.com.mx\/wp-content\/uploads\/2023\/08\/1000106005-300x200.jpg 300w, https:\/\/fuentesfidedignas.com.mx\/wp-content\/uploads\/2023\/08\/1000106005-768x512.jpg 768w, https:\/\/fuentesfidedignas.com.mx\/wp-content\/uploads\/2023\/08\/1000106005-1536x1023.jpg 1536w, https:\/\/fuentesfidedignas.com.mx\/wp-content\/uploads\/2023\/08\/1000106005.jpg 1600w\" sizes=\"(max-width: 1024px) 100vw, 1024px\" \/><\/figure>\n\n\n\n<figure class=\"wp-block-image size-large\"><img decoding=\"async\" width=\"1024\" height=\"682\" data-id=\"54944\" src=\"https:\/\/fuentesfidedignas.com.mx\/wp-content\/uploads\/2023\/08\/1000106006-1024x682.jpg\" alt=\"\" class=\"wp-image-54944\" srcset=\"https:\/\/fuentesfidedignas.com.mx\/wp-content\/uploads\/2023\/08\/1000106006-1024x682.jpg 1024w, https:\/\/fuentesfidedignas.com.mx\/wp-content\/uploads\/2023\/08\/1000106006-300x200.jpg 300w, https:\/\/fuentesfidedignas.com.mx\/wp-content\/uploads\/2023\/08\/1000106006-768x512.jpg 768w, https:\/\/fuentesfidedignas.com.mx\/wp-content\/uploads\/2023\/08\/1000106006-1536x1023.jpg 1536w, https:\/\/fuentesfidedignas.com.mx\/wp-content\/uploads\/2023\/08\/1000106006.jpg 1600w\" sizes=\"(max-width: 1024px) 100vw, 1024px\" \/><\/figure>\n\n\n\n<figure class=\"wp-block-image size-large\"><img decoding=\"async\" width=\"1024\" height=\"682\" data-id=\"54945\" src=\"https:\/\/fuentesfidedignas.com.mx\/wp-content\/uploads\/2023\/08\/1000106007-1024x682.jpg\" alt=\"\" class=\"wp-image-54945\" srcset=\"https:\/\/fuentesfidedignas.com.mx\/wp-content\/uploads\/2023\/08\/1000106007-1024x682.jpg 1024w, https:\/\/fuentesfidedignas.com.mx\/wp-content\/uploads\/2023\/08\/1000106007-300x200.jpg 300w, https:\/\/fuentesfidedignas.com.mx\/wp-content\/uploads\/2023\/08\/1000106007-768x512.jpg 768w, https:\/\/fuentesfidedignas.com.mx\/wp-content\/uploads\/2023\/08\/1000106007-1536x1023.jpg 1536w, https:\/\/fuentesfidedignas.com.mx\/wp-content\/uploads\/2023\/08\/1000106007.jpg 1600w\" sizes=\"(max-width: 1024px) 100vw, 1024px\" \/><\/figure>\n\n\n\n<figure class=\"wp-block-image size-large\"><img decoding=\"async\" width=\"1024\" height=\"682\" data-id=\"54946\" src=\"https:\/\/fuentesfidedignas.com.mx\/wp-content\/uploads\/2023\/08\/1000106008-1024x682.jpg\" alt=\"\" class=\"wp-image-54946\" srcset=\"https:\/\/fuentesfidedignas.com.mx\/wp-content\/uploads\/2023\/08\/1000106008-1024x682.jpg 1024w, https:\/\/fuentesfidedignas.com.mx\/wp-content\/uploads\/2023\/08\/1000106008-300x200.jpg 300w, https:\/\/fuentesfidedignas.com.mx\/wp-content\/uploads\/2023\/08\/1000106008-768x512.jpg 768w, https:\/\/fuentesfidedignas.com.mx\/wp-content\/uploads\/2023\/08\/1000106008-1536x1023.jpg 1536w, https:\/\/fuentesfidedignas.com.mx\/wp-content\/uploads\/2023\/08\/1000106008.jpg 1600w\" sizes=\"(max-width: 1024px) 100vw, 1024px\" \/><\/figure>\n<\/figure>\n\n\n\n<p>En su mensaje, el mandatario estatal inform\u00f3 que de acuerdo a los datos de la Fiscal\u00eda General del Estado, cuya titular, Sara Bruna Qui\u00f1ones Estrada tambi\u00e9n estuvo presente, en el 75 por ciento de los casos de feminicidios perpetrados en Sinaloa se detuvo a los presuntos responsables quienes se encuentran en prisi\u00f3n sujetos a proceso o purgando ya una condena dictada por el juez.<\/p>\n\n\n\n<p>\u201cEl 75 por ciento de los feminicidas est\u00e1n en la c\u00e1rcel; es m\u00e1s, uno lo agarramos en California, con la colaboraci\u00f3n de las Polic\u00edas nuestras y de las Polic\u00edas de Estados Unidos, atent\u00f3 contra una mujer aqu\u00ed en Valle Alto, y un hijo de ella\u201d, record\u00f3 el mandatario estatal.<\/p>\n\n\n\n<figure class=\"wp-block-gallery has-nested-images columns-default is-cropped wp-block-gallery-2 is-layout-flex wp-block-gallery-is-layout-flex\">\n<figure class=\"wp-block-image size-large\"><img decoding=\"async\" width=\"1024\" height=\"682\" data-id=\"54947\" src=\"https:\/\/fuentesfidedignas.com.mx\/wp-content\/uploads\/2023\/08\/1000106014-1024x682.jpg\" alt=\"\" class=\"wp-image-54947\" srcset=\"https:\/\/fuentesfidedignas.com.mx\/wp-content\/uploads\/2023\/08\/1000106014-1024x682.jpg 1024w, https:\/\/fuentesfidedignas.com.mx\/wp-content\/uploads\/2023\/08\/1000106014-300x200.jpg 300w, https:\/\/fuentesfidedignas.com.mx\/wp-content\/uploads\/2023\/08\/1000106014-768x512.jpg 768w, https:\/\/fuentesfidedignas.com.mx\/wp-content\/uploads\/2023\/08\/1000106014-1536x1023.jpg 1536w, https:\/\/fuentesfidedignas.com.mx\/wp-content\/uploads\/2023\/08\/1000106014.jpg 1600w\" sizes=\"(max-width: 1024px) 100vw, 1024px\" \/><\/figure>\n\n\n\n<figure class=\"wp-block-image size-large\"><img decoding=\"async\" width=\"1024\" height=\"682\" data-id=\"54950\" src=\"https:\/\/fuentesfidedignas.com.mx\/wp-content\/uploads\/2023\/08\/1000106017-1024x682.jpg\" alt=\"\" class=\"wp-image-54950\" srcset=\"https:\/\/fuentesfidedignas.com.mx\/wp-content\/uploads\/2023\/08\/1000106017-1024x682.jpg 1024w, https:\/\/fuentesfidedignas.com.mx\/wp-content\/uploads\/2023\/08\/1000106017-300x200.jpg 300w, https:\/\/fuentesfidedignas.com.mx\/wp-content\/uploads\/2023\/08\/1000106017-768x512.jpg 768w, https:\/\/fuentesfidedignas.com.mx\/wp-content\/uploads\/2023\/08\/1000106017-1536x1023.jpg 1536w, https:\/\/fuentesfidedignas.com.mx\/wp-content\/uploads\/2023\/08\/1000106017.jpg 1600w\" sizes=\"(max-width: 1024px) 100vw, 1024px\" \/><\/figure>\n\n\n\n<figure class=\"wp-block-image size-large\"><img decoding=\"async\" width=\"1024\" height=\"682\" data-id=\"54948\" src=\"https:\/\/fuentesfidedignas.com.mx\/wp-content\/uploads\/2023\/08\/1000106011-1024x682.jpg\" alt=\"\" class=\"wp-image-54948\" srcset=\"https:\/\/fuentesfidedignas.com.mx\/wp-content\/uploads\/2023\/08\/1000106011-1024x682.jpg 1024w, https:\/\/fuentesfidedignas.com.mx\/wp-content\/uploads\/2023\/08\/1000106011-300x200.jpg 300w, https:\/\/fuentesfidedignas.com.mx\/wp-content\/uploads\/2023\/08\/1000106011-768x512.jpg 768w, https:\/\/fuentesfidedignas.com.mx\/wp-content\/uploads\/2023\/08\/1000106011-1536x1023.jpg 1536w, https:\/\/fuentesfidedignas.com.mx\/wp-content\/uploads\/2023\/08\/1000106011.jpg 1600w\" sizes=\"(max-width: 1024px) 100vw, 1024px\" \/><\/figure>\n\n\n\n<figure class=\"wp-block-image size-large\"><img decoding=\"async\" width=\"1024\" height=\"682\" data-id=\"54949\" src=\"https:\/\/fuentesfidedignas.com.mx\/wp-content\/uploads\/2023\/08\/1000106012-1024x682.jpg\" alt=\"\" class=\"wp-image-54949\" srcset=\"https:\/\/fuentesfidedignas.com.mx\/wp-content\/uploads\/2023\/08\/1000106012-1024x682.jpg 1024w, https:\/\/fuentesfidedignas.com.mx\/wp-content\/uploads\/2023\/08\/1000106012-300x200.jpg 300w, https:\/\/fuentesfidedignas.com.mx\/wp-content\/uploads\/2023\/08\/1000106012-768x512.jpg 768w, https:\/\/fuentesfidedignas.com.mx\/wp-content\/uploads\/2023\/08\/1000106012-1536x1023.jpg 1536w, https:\/\/fuentesfidedignas.com.mx\/wp-content\/uploads\/2023\/08\/1000106012.jpg 1600w\" sizes=\"(max-width: 1024px) 100vw, 1024px\" \/><\/figure>\n<\/figure>\n\n\n\n<p>Al respecto, el gobernador Rocha precis\u00f3 que en su administraci\u00f3n se instituy\u00f3 una pensi\u00f3n para los hijos de las v\u00edctimas de feminicidio, a las que tienen derecho durante toda su ni\u00f1ez y adolescencia, hasta cumplir los 18 a\u00f1os, y que ya se convirti\u00f3 en ley para garantizar que este programa de apoyo social contin\u00fae una vez que concluya su gobierno.<\/p>\n\n\n\n<p>\u201cYa est\u00e1 hecha ley, no es s\u00f3lo un programa, lo que quiere decir que una vez que nos vayamos nosotros esa pensi\u00f3n se va a seguir aplicando, pues ya es una obligaci\u00f3n legal, y eso ayuda mucho, pues lamentablemente nos encontramos ni\u00f1os a quienes estaban amamantando hasta jovencitos que est\u00e1n en la preparatoria y los estamos apoyando a todos\u201d, dijo.<\/p>\n\n\n\n<p>Por otra parte, inform\u00f3 a ambas comisionadas, a Fabiola Alan\u00eds y a Yuridia Rodr\u00edguez, que su gobierno ya construy\u00f3 el Centro de Justicia para las Mujeres de Mazatl\u00e1n, y precisamente este jueves se colocar\u00e1 la primera piedra del Centro de Justicia de Los Mochis, acto que atestiguar\u00e1n ambas funcionarias federales, y adelant\u00f3 que se concluir\u00e1 en este mismo a\u00f1o, para poner en marcha de manera inmediata tambi\u00e9n otro Centro similar en Guasave, antes de diciembre.<\/p>\n\n\n\n<p>A su vez, la doctora Fabiola Alan\u00eds felicit\u00f3 la decisi\u00f3n del gobierno de Sinaloa de tener como premisa la atenci\u00f3n a las mujeres y salvaguardar todos sus derechos, a la educaci\u00f3n, a la vivienda, a un salario digno, y el derecho a vivir una vida libre de violencia.<\/p>\n\n\n\n<p>\u201cY ese sentido yo quiero destacar en el caso de Sinaloa que me da mucho gusto ver c\u00f3mo est\u00e1n encaminando la estrategia, pues se trata de colocar en una misma estrategia todas las \u00e1reas, las acciones y el presupuesto dirigido al objetivo de mejorar las condiciones de seguridad y de vida de las mujeres\u201d, coment\u00f3.<\/p>\n\n\n\n<p>Al respecto, consider\u00f3 como un acierto la decisi\u00f3n del gobernador Rocha de integrar los Centros de Justicia para las Mujeres a la Secretar\u00eda de las Mujeres, pues afirm\u00f3 que es un paso fundamental, y aprovech\u00f3 para confirmar que este jueves atestiguar\u00e1 el inicio de construcci\u00f3n del tercero de estos Centros, que se ubicar\u00e1 en Los Mochis.<\/p>\n\n\n\n<p>De igual manera, reconoci\u00f3 el programa de becas para ni\u00f1as, ni\u00f1os y adolescentes hijos de v\u00edctimas de feminicidios, lo cual habla mucho de la nobleza y responsabilidad social del gobernador Rub\u00e9n Rocha Moya.<\/p>\n\n\n\n<p>Por su parte, la secretaria de las Mujeres, Tere Guerra, dijo que esta Red de Apoyo institucional est\u00e1 disponible para todas las mujeres y ni\u00f1as que sufran de violencia de g\u00e9nero, muy especialmente para quienes carecen del entorno que les permita ponerse a salvo de la violencia intrafamiliar que padecen.<\/p>\n\n\n\n<p>\u201cSi nosotros revisamos las estad\u00edsticas, nos vamos a dar cuenta que el grueso de los feminicidios est\u00e1n en mujeres de clase media baja, porque las clases altas, si bien tambi\u00e9n pueden sufrir violencia tienen red de apoyo familiar que les responden, las sacan del pa\u00eds, las sacan del estado, tienen medios para esconderlas, mientras que las mujeres de clase baja requieren de nuestro apoyo, todas lo requieren, pero en ellas es indispensable, por eso aqu\u00ed hay personal de los refugios\u201d, precis\u00f3.<\/p>\n\n\n\n<p>Sobre este particular, resalt\u00f3 que al inicio del gobierno de Rub\u00e9n Rocha Moya no exist\u00eda ning\u00fan refugio en el estado, y actualmente ya operan uno en Culiac\u00e1n y otro en Guasave, donde las mujeres junto con sus hijos pueden resguardarse y estar a salvo, cuya ubicaci\u00f3n se mantiene en confidencia precisamente para protegerlas de sus agresores.<\/p>\n\n\n\n<p>Adem\u00e1s existen m\u00f3dulos de atenci\u00f3n en las colonias Alturas del Sur y Guadalupe Victoria en esta ciudad, y otro en la sindicatura de Villa Ju\u00e1rez, Navolato, por ser estos sectores los que registran mayor incidencia de violencia intrafamiliar.<\/p>\n\n\n\n<p>Adem\u00e1s de la fiscal Sara Bruna Qui\u00f1ones, tambi\u00e9n acompa\u00f1aron al gobernador Rocha y a la secretaria Tere Guerra a este evento, el presidente municipal de Culiac\u00e1n, Juan de Dios G\u00e1mez Mend\u00edvil; y el delegado de los Programas del Bienestar, Omar L\u00f3pez Campos.<\/p>\n","protected":false},"excerpt":{"rendered":"<p>El objetivo es coordinar las estrategias para fortalecer la red de atenci\u00f3n a ni\u00f1as, adolescentes y mujeres que vivan violencia de g\u00e9nero Este jueves se colocar\u00e1 la primera piedra del Centro de Justicia para las Mujeres de Los Mochis, y en unos meses m\u00e1s tambi\u00e9n el Centro de Justicia de Guasave Culiac\u00e1n, Sin.- El gobernador [&hellip;]<\/p>\n","protected":false},"author":4,"featured_media":54952,"comment_status":"open","ping_status":"open","sticky":false,"template":"","format":"standard","meta":{"tdm_status":"","tdm_grid_status":"","footnotes":""},"categories":[38,1],"tags":[],"class_list":{"0":"post-54942","1":"post","2":"type-post","3":"status-publish","4":"format-standard","5":"has-post-thumbnail","7":"category-noticias-locales","8":"category-sin-categoria"},"yoast_head":"<!-- This site is optimized with the Yoast SEO plugin v27.5 - https:\/\/yoast.com\/product\/yoast-seo-wordpress\/ -->\n<title>Inauguran \u201cSomos tu Red de Apoyo\u201d como estrategia contra violencia de g\u00e9nero - Fuentes Fidedignas<\/title>\n<meta name=\"robots\" content=\"index, follow, max-snippet:-1, max-image-preview:large, max-video-preview:-1\" \/>\n<link rel=\"canonical\" href=\"https:\/\/fuentesfidedignas.com.mx\/index.php\/2023\/08\/09\/inauguran-somos-tu-red-de-apoyo-como-estrategia-contra-violencia-de-genero\/\" \/>\n<meta property=\"og:locale\" content=\"es_MX\" \/>\n<meta property=\"og:type\" content=\"article\" \/>\n<meta property=\"og:title\" content=\"Inauguran \u201cSomos tu Red de Apoyo\u201d como estrategia contra violencia de g\u00e9nero - Fuentes Fidedignas\" \/>\n<meta property=\"og:description\" content=\"El objetivo es coordinar las estrategias para fortalecer la red de atenci\u00f3n a ni\u00f1as, adolescentes y mujeres que vivan violencia de g\u00e9nero Este jueves se colocar\u00e1 la primera piedra del Centro de Justicia para las Mujeres de Los Mochis, y en unos meses m\u00e1s tambi\u00e9n el Centro de Justicia de Guasave Culiac\u00e1n, Sin.- El gobernador [&hellip;]\" \/>\n<meta property=\"og:url\" content=\"https:\/\/fuentesfidedignas.com.mx\/index.php\/2023\/08\/09\/inauguran-somos-tu-red-de-apoyo-como-estrategia-contra-violencia-de-genero\/\" \/>\n<meta property=\"og:site_name\" content=\"Fuentes Fidedignas\" \/>\n<meta property=\"article:publisher\" content=\"https:\/\/www.facebook.com\/Fuentes-Fidedignas-368234489921644\" \/>\n<meta property=\"article:published_time\" content=\"2023-08-09T20:54:55+00:00\" \/>\n<meta property=\"article:modified_time\" content=\"2023-08-09T20:55:47+00:00\" \/>\n<meta property=\"og:image\" content=\"https:\/\/fuentesfidedignas.com.mx\/wp-content\/uploads\/2023\/08\/IMG-20230809-WA0023.jpg\" \/>\n\t<meta property=\"og:image:width\" content=\"1600\" \/>\n\t<meta property=\"og:image:height\" content=\"1066\" \/>\n\t<meta property=\"og:image:type\" content=\"image\/jpeg\" \/>\n<meta name=\"author\" content=\"Redacci\u00f3n\" \/>\n<meta name=\"twitter:card\" content=\"summary_large_image\" \/>\n<meta name=\"twitter:creator\" content=\"@fidedignas\" \/>\n<meta name=\"twitter:site\" content=\"@fidedignas\" \/>\n<meta name=\"twitter:label1\" content=\"Escrito por\" \/>\n\t<meta name=\"twitter:data1\" content=\"Redacci\u00f3n\" \/>\n\t<meta name=\"twitter:label2\" content=\"Tiempo de lectura\" \/>\n\t<meta name=\"twitter:data2\" content=\"7 minutos\" \/>\n<script type=\"application\/ld+json\" class=\"yoast-schema-graph\">{\"@context\":\"https:\\\/\\\/schema.org\",\"@graph\":[{\"@type\":\"Article\",\"@id\":\"https:\\\/\\\/fuentesfidedignas.com.mx\\\/index.php\\\/2023\\\/08\\\/09\\\/inauguran-somos-tu-red-de-apoyo-como-estrategia-contra-violencia-de-genero\\\/#article\",\"isPartOf\":{\"@id\":\"https:\\\/\\\/fuentesfidedignas.com.mx\\\/index.php\\\/2023\\\/08\\\/09\\\/inauguran-somos-tu-red-de-apoyo-como-estrategia-contra-violencia-de-genero\\\/\"},\"author\":{\"name\":\"Redacci\u00f3n\",\"@id\":\"https:\\\/\\\/fuentesfidedignas.com.mx\\\/#\\\/schema\\\/person\\\/331be9283d37198e2acd5750279085b0\"},\"headline\":\"Inauguran \u201cSomos tu Red de Apoyo\u201d como estrategia contra violencia de g\u00e9nero\",\"datePublished\":\"2023-08-09T20:54:55+00:00\",\"dateModified\":\"2023-08-09T20:55:47+00:00\",\"mainEntityOfPage\":{\"@id\":\"https:\\\/\\\/fuentesfidedignas.com.mx\\\/index.php\\\/2023\\\/08\\\/09\\\/inauguran-somos-tu-red-de-apoyo-como-estrategia-contra-violencia-de-genero\\\/\"},\"wordCount\":1061,\"commentCount\":0,\"publisher\":{\"@id\":\"https:\\\/\\\/fuentesfidedignas.com.mx\\\/#organization\"},\"image\":{\"@id\":\"https:\\\/\\\/fuentesfidedignas.com.mx\\\/index.php\\\/2023\\\/08\\\/09\\\/inauguran-somos-tu-red-de-apoyo-como-estrategia-contra-violencia-de-genero\\\/#primaryimage\"},\"thumbnailUrl\":\"https:\\\/\\\/fuentesfidedignas.com.mx\\\/wp-content\\\/uploads\\\/2023\\\/08\\\/IMG-20230809-WA0023.jpg\",\"articleSection\":[\"NOTICIAS LOCALES\"],\"inLanguage\":\"es\",\"potentialAction\":[{\"@type\":\"CommentAction\",\"name\":\"Comment\",\"target\":[\"https:\\\/\\\/fuentesfidedignas.com.mx\\\/index.php\\\/2023\\\/08\\\/09\\\/inauguran-somos-tu-red-de-apoyo-como-estrategia-contra-violencia-de-genero\\\/#respond\"]}]},{\"@type\":\"WebPage\",\"@id\":\"https:\\\/\\\/fuentesfidedignas.com.mx\\\/index.php\\\/2023\\\/08\\\/09\\\/inauguran-somos-tu-red-de-apoyo-como-estrategia-contra-violencia-de-genero\\\/\",\"url\":\"https:\\\/\\\/fuentesfidedignas.com.mx\\\/index.php\\\/2023\\\/08\\\/09\\\/inauguran-somos-tu-red-de-apoyo-como-estrategia-contra-violencia-de-genero\\\/\",\"name\":\"Inauguran \u201cSomos tu Red de Apoyo\u201d como estrategia contra violencia de g\u00e9nero - Fuentes Fidedignas\",\"isPartOf\":{\"@id\":\"https:\\\/\\\/fuentesfidedignas.com.mx\\\/#website\"},\"primaryImageOfPage\":{\"@id\":\"https:\\\/\\\/fuentesfidedignas.com.mx\\\/index.php\\\/2023\\\/08\\\/09\\\/inauguran-somos-tu-red-de-apoyo-como-estrategia-contra-violencia-de-genero\\\/#primaryimage\"},\"image\":{\"@id\":\"https:\\\/\\\/fuentesfidedignas.com.mx\\\/index.php\\\/2023\\\/08\\\/09\\\/inauguran-somos-tu-red-de-apoyo-como-estrategia-contra-violencia-de-genero\\\/#primaryimage\"},\"thumbnailUrl\":\"https:\\\/\\\/fuentesfidedignas.com.mx\\\/wp-content\\\/uploads\\\/2023\\\/08\\\/IMG-20230809-WA0023.jpg\",\"datePublished\":\"2023-08-09T20:54:55+00:00\",\"dateModified\":\"2023-08-09T20:55:47+00:00\",\"breadcrumb\":{\"@id\":\"https:\\\/\\\/fuentesfidedignas.com.mx\\\/index.php\\\/2023\\\/08\\\/09\\\/inauguran-somos-tu-red-de-apoyo-como-estrategia-contra-violencia-de-genero\\\/#breadcrumb\"},\"inLanguage\":\"es\",\"potentialAction\":[{\"@type\":\"ReadAction\",\"target\":[\"https:\\\/\\\/fuentesfidedignas.com.mx\\\/index.php\\\/2023\\\/08\\\/09\\\/inauguran-somos-tu-red-de-apoyo-como-estrategia-contra-violencia-de-genero\\\/\"]}]},{\"@type\":\"ImageObject\",\"inLanguage\":\"es\",\"@id\":\"https:\\\/\\\/fuentesfidedignas.com.mx\\\/index.php\\\/2023\\\/08\\\/09\\\/inauguran-somos-tu-red-de-apoyo-como-estrategia-contra-violencia-de-genero\\\/#primaryimage\",\"url\":\"https:\\\/\\\/fuentesfidedignas.com.mx\\\/wp-content\\\/uploads\\\/2023\\\/08\\\/IMG-20230809-WA0023.jpg\",\"contentUrl\":\"https:\\\/\\\/fuentesfidedignas.com.mx\\\/wp-content\\\/uploads\\\/2023\\\/08\\\/IMG-20230809-WA0023.jpg\",\"width\":1600,\"height\":1066},{\"@type\":\"BreadcrumbList\",\"@id\":\"https:\\\/\\\/fuentesfidedignas.com.mx\\\/index.php\\\/2023\\\/08\\\/09\\\/inauguran-somos-tu-red-de-apoyo-como-estrategia-contra-violencia-de-genero\\\/#breadcrumb\",\"itemListElement\":[{\"@type\":\"ListItem\",\"position\":1,\"name\":\"Inicio\",\"item\":\"https:\\\/\\\/fuentesfidedignas.com.mx\\\/\"},{\"@type\":\"ListItem\",\"position\":2,\"name\":\"Inauguran \u201cSomos tu Red de Apoyo\u201d como estrategia contra violencia de g\u00e9nero\"}]},{\"@type\":\"WebSite\",\"@id\":\"https:\\\/\\\/fuentesfidedignas.com.mx\\\/#website\",\"url\":\"https:\\\/\\\/fuentesfidedignas.com.mx\\\/\",\"name\":\"Fuentes Fidedignas\",\"description\":\"Otro sitio realizado con WordPress\",\"publisher\":{\"@id\":\"https:\\\/\\\/fuentesfidedignas.com.mx\\\/#organization\"},\"potentialAction\":[{\"@type\":\"SearchAction\",\"target\":{\"@type\":\"EntryPoint\",\"urlTemplate\":\"https:\\\/\\\/fuentesfidedignas.com.mx\\\/?s={search_term_string}\"},\"query-input\":{\"@type\":\"PropertyValueSpecification\",\"valueRequired\":true,\"valueName\":\"search_term_string\"}}],\"inLanguage\":\"es\"},{\"@type\":\"Organization\",\"@id\":\"https:\\\/\\\/fuentesfidedignas.com.mx\\\/#organization\",\"name\":\"Fuentes Fidedignas\",\"url\":\"https:\\\/\\\/fuentesfidedignas.com.mx\\\/\",\"logo\":{\"@type\":\"ImageObject\",\"inLanguage\":\"es\",\"@id\":\"https:\\\/\\\/fuentesfidedignas.com.mx\\\/#\\\/schema\\\/logo\\\/image\\\/\",\"url\":\"https:\\\/\\\/fuentesfidedignas.com.mx\\\/wp-content\\\/uploads\\\/2021\\\/04\\\/logo-retina.png\",\"contentUrl\":\"https:\\\/\\\/fuentesfidedignas.com.mx\\\/wp-content\\\/uploads\\\/2021\\\/04\\\/logo-retina.png\",\"width\":280,\"height\":51,\"caption\":\"Fuentes Fidedignas\"},\"image\":{\"@id\":\"https:\\\/\\\/fuentesfidedignas.com.mx\\\/#\\\/schema\\\/logo\\\/image\\\/\"},\"sameAs\":[\"https:\\\/\\\/www.facebook.com\\\/Fuentes-Fidedignas-368234489921644\",\"https:\\\/\\\/x.com\\\/fidedignas\"]},{\"@type\":\"Person\",\"@id\":\"https:\\\/\\\/fuentesfidedignas.com.mx\\\/#\\\/schema\\\/person\\\/331be9283d37198e2acd5750279085b0\",\"name\":\"Redacci\u00f3n\",\"image\":{\"@type\":\"ImageObject\",\"inLanguage\":\"es\",\"@id\":\"https:\\\/\\\/secure.gravatar.com\\\/avatar\\\/f6d8782c11d12b2d4ad3fbb6931aeab5309937a4d6cd2fc9cfaa28a6396a5aec?s=96&d=mm&r=g\",\"url\":\"https:\\\/\\\/secure.gravatar.com\\\/avatar\\\/f6d8782c11d12b2d4ad3fbb6931aeab5309937a4d6cd2fc9cfaa28a6396a5aec?s=96&d=mm&r=g\",\"contentUrl\":\"https:\\\/\\\/secure.gravatar.com\\\/avatar\\\/f6d8782c11d12b2d4ad3fbb6931aeab5309937a4d6cd2fc9cfaa28a6396a5aec?s=96&d=mm&r=g\",\"caption\":\"Redacci\u00f3n\"},\"url\":\"https:\\\/\\\/fuentesfidedignas.com.mx\\\/index.php\\\/author\\\/redaccion\\\/\"}]}<\/script>\n<!-- \/ Yoast SEO plugin. -->","yoast_head_json":{"title":"Inauguran \u201cSomos tu Red de Apoyo\u201d como estrategia contra violencia de g\u00e9nero - Fuentes Fidedignas","robots":{"index":"index","follow":"follow","max-snippet":"max-snippet:-1","max-image-preview":"max-image-preview:large","max-video-preview":"max-video-preview:-1"},"canonical":"https:\/\/fuentesfidedignas.com.mx\/index.php\/2023\/08\/09\/inauguran-somos-tu-red-de-apoyo-como-estrategia-contra-violencia-de-genero\/","og_locale":"es_MX","og_type":"article","og_title":"Inauguran \u201cSomos tu Red de Apoyo\u201d como estrategia contra violencia de g\u00e9nero - Fuentes Fidedignas","og_description":"El objetivo es coordinar las estrategias para fortalecer la red de atenci\u00f3n a ni\u00f1as, adolescentes y mujeres que vivan violencia de g\u00e9nero Este jueves se colocar\u00e1 la primera piedra del Centro de Justicia para las Mujeres de Los Mochis, y en unos meses m\u00e1s tambi\u00e9n el Centro de Justicia de Guasave Culiac\u00e1n, Sin.- El gobernador [&hellip;]","og_url":"https:\/\/fuentesfidedignas.com.mx\/index.php\/2023\/08\/09\/inauguran-somos-tu-red-de-apoyo-como-estrategia-contra-violencia-de-genero\/","og_site_name":"Fuentes Fidedignas","article_publisher":"https:\/\/www.facebook.com\/Fuentes-Fidedignas-368234489921644","article_published_time":"2023-08-09T20:54:55+00:00","article_modified_time":"2023-08-09T20:55:47+00:00","og_image":[{"width":1600,"height":1066,"url":"https:\/\/fuentesfidedignas.com.mx\/wp-content\/uploads\/2023\/08\/IMG-20230809-WA0023.jpg","type":"image\/jpeg"}],"author":"Redacci\u00f3n","twitter_card":"summary_large_image","twitter_creator":"@fidedignas","twitter_site":"@fidedignas","twitter_misc":{"Escrito por":"Redacci\u00f3n","Tiempo de lectura":"7 minutos"},"schema":{"@context":"https:\/\/schema.org","@graph":[{"@type":"Article","@id":"https:\/\/fuentesfidedignas.com.mx\/index.php\/2023\/08\/09\/inauguran-somos-tu-red-de-apoyo-como-estrategia-contra-violencia-de-genero\/#article","isPartOf":{"@id":"https:\/\/fuentesfidedignas.com.mx\/index.php\/2023\/08\/09\/inauguran-somos-tu-red-de-apoyo-como-estrategia-contra-violencia-de-genero\/"},"author":{"name":"Redacci\u00f3n","@id":"https:\/\/fuentesfidedignas.com.mx\/#\/schema\/person\/331be9283d37198e2acd5750279085b0"},"headline":"Inauguran \u201cSomos tu Red de Apoyo\u201d como estrategia contra violencia de g\u00e9nero","datePublished":"2023-08-09T20:54:55+00:00","dateModified":"2023-08-09T20:55:47+00:00","mainEntityOfPage":{"@id":"https:\/\/fuentesfidedignas.com.mx\/index.php\/2023\/08\/09\/inauguran-somos-tu-red-de-apoyo-como-estrategia-contra-violencia-de-genero\/"},"wordCount":1061,"commentCount":0,"publisher":{"@id":"https:\/\/fuentesfidedignas.com.mx\/#organization"},"image":{"@id":"https:\/\/fuentesfidedignas.com.mx\/index.php\/2023\/08\/09\/inauguran-somos-tu-red-de-apoyo-como-estrategia-contra-violencia-de-genero\/#primaryimage"},"thumbnailUrl":"https:\/\/fuentesfidedignas.com.mx\/wp-content\/uploads\/2023\/08\/IMG-20230809-WA0023.jpg","articleSection":["NOTICIAS LOCALES"],"inLanguage":"es","potentialAction":[{"@type":"CommentAction","name":"Comment","target":["https:\/\/fuentesfidedignas.com.mx\/index.php\/2023\/08\/09\/inauguran-somos-tu-red-de-apoyo-como-estrategia-contra-violencia-de-genero\/#respond"]}]},{"@type":"WebPage","@id":"https:\/\/fuentesfidedignas.com.mx\/index.php\/2023\/08\/09\/inauguran-somos-tu-red-de-apoyo-como-estrategia-contra-violencia-de-genero\/","url":"https:\/\/fuentesfidedignas.com.mx\/index.php\/2023\/08\/09\/inauguran-somos-tu-red-de-apoyo-como-estrategia-contra-violencia-de-genero\/","name":"Inauguran \u201cSomos tu Red de Apoyo\u201d como estrategia contra violencia de g\u00e9nero - Fuentes Fidedignas","isPartOf":{"@id":"https:\/\/fuentesfidedignas.com.mx\/#website"},"primaryImageOfPage":{"@id":"https:\/\/fuentesfidedignas.com.mx\/index.php\/2023\/08\/09\/inauguran-somos-tu-red-de-apoyo-como-estrategia-contra-violencia-de-genero\/#primaryimage"},"image":{"@id":"https:\/\/fuentesfidedignas.com.mx\/index.php\/2023\/08\/09\/inauguran-somos-tu-red-de-apoyo-como-estrategia-contra-violencia-de-genero\/#primaryimage"},"thumbnailUrl":"https:\/\/fuentesfidedignas.com.mx\/wp-content\/uploads\/2023\/08\/IMG-20230809-WA0023.jpg","datePublished":"2023-08-09T20:54:55+00:00","dateModified":"2023-08-09T20:55:47+00:00","breadcrumb":{"@id":"https:\/\/fuentesfidedignas.com.mx\/index.php\/2023\/08\/09\/inauguran-somos-tu-red-de-apoyo-como-estrategia-contra-violencia-de-genero\/#breadcrumb"},"inLanguage":"es","potentialAction":[{"@type":"ReadAction","target":["https:\/\/fuentesfidedignas.com.mx\/index.php\/2023\/08\/09\/inauguran-somos-tu-red-de-apoyo-como-estrategia-contra-violencia-de-genero\/"]}]},{"@type":"ImageObject","inLanguage":"es","@id":"https:\/\/fuentesfidedignas.com.mx\/index.php\/2023\/08\/09\/inauguran-somos-tu-red-de-apoyo-como-estrategia-contra-violencia-de-genero\/#primaryimage","url":"https:\/\/fuentesfidedignas.com.mx\/wp-content\/uploads\/2023\/08\/IMG-20230809-WA0023.jpg","contentUrl":"https:\/\/fuentesfidedignas.com.mx\/wp-content\/uploads\/2023\/08\/IMG-20230809-WA0023.jpg","width":1600,"height":1066},{"@type":"BreadcrumbList","@id":"https:\/\/fuentesfidedignas.com.mx\/index.php\/2023\/08\/09\/inauguran-somos-tu-red-de-apoyo-como-estrategia-contra-violencia-de-genero\/#breadcrumb","itemListElement":[{"@type":"ListItem","position":1,"name":"Inicio","item":"https:\/\/fuentesfidedignas.com.mx\/"},{"@type":"ListItem","position":2,"name":"Inauguran \u201cSomos tu Red de Apoyo\u201d como estrategia contra violencia de g\u00e9nero"}]},{"@type":"WebSite","@id":"https:\/\/fuentesfidedignas.com.mx\/#website","url":"https:\/\/fuentesfidedignas.com.mx\/","name":"Fuentes Fidedignas","description":"Otro sitio realizado con WordPress","publisher":{"@id":"https:\/\/fuentesfidedignas.com.mx\/#organization"},"potentialAction":[{"@type":"SearchAction","target":{"@type":"EntryPoint","urlTemplate":"https:\/\/fuentesfidedignas.com.mx\/?s={search_term_string}"},"query-input":{"@type":"PropertyValueSpecification","valueRequired":true,"valueName":"search_term_string"}}],"inLanguage":"es"},{"@type":"Organization","@id":"https:\/\/fuentesfidedignas.com.mx\/#organization","name":"Fuentes Fidedignas","url":"https:\/\/fuentesfidedignas.com.mx\/","logo":{"@type":"ImageObject","inLanguage":"es","@id":"https:\/\/fuentesfidedignas.com.mx\/#\/schema\/logo\/image\/","url":"https:\/\/fuentesfidedignas.com.mx\/wp-content\/uploads\/2021\/04\/logo-retina.png","contentUrl":"https:\/\/fuentesfidedignas.com.mx\/wp-content\/uploads\/2021\/04\/logo-retina.png","width":280,"height":51,"caption":"Fuentes Fidedignas"},"image":{"@id":"https:\/\/fuentesfidedignas.com.mx\/#\/schema\/logo\/image\/"},"sameAs":["https:\/\/www.facebook.com\/Fuentes-Fidedignas-368234489921644","https:\/\/x.com\/fidedignas"]},{"@type":"Person","@id":"https:\/\/fuentesfidedignas.com.mx\/#\/schema\/person\/331be9283d37198e2acd5750279085b0","name":"Redacci\u00f3n","image":{"@type":"ImageObject","inLanguage":"es","@id":"https:\/\/secure.gravatar.com\/avatar\/f6d8782c11d12b2d4ad3fbb6931aeab5309937a4d6cd2fc9cfaa28a6396a5aec?s=96&d=mm&r=g","url":"https:\/\/secure.gravatar.com\/avatar\/f6d8782c11d12b2d4ad3fbb6931aeab5309937a4d6cd2fc9cfaa28a6396a5aec?s=96&d=mm&r=g","contentUrl":"https:\/\/secure.gravatar.com\/avatar\/f6d8782c11d12b2d4ad3fbb6931aeab5309937a4d6cd2fc9cfaa28a6396a5aec?s=96&d=mm&r=g","caption":"Redacci\u00f3n"},"url":"https:\/\/fuentesfidedignas.com.mx\/index.php\/author\/redaccion\/"}]}},"_links":{"self":[{"href":"https:\/\/fuentesfidedignas.com.mx\/index.php\/wp-json\/wp\/v2\/posts\/54942","targetHints":{"allow":["GET"]}}],"collection":[{"href":"https:\/\/fuentesfidedignas.com.mx\/index.php\/wp-json\/wp\/v2\/posts"}],"about":[{"href":"https:\/\/fuentesfidedignas.com.mx\/index.php\/wp-json\/wp\/v2\/types\/post"}],"author":[{"embeddable":true,"href":"https:\/\/fuentesfidedignas.com.mx\/index.php\/wp-json\/wp\/v2\/users\/4"}],"replies":[{"embeddable":true,"href":"https:\/\/fuentesfidedignas.com.mx\/index.php\/wp-json\/wp\/v2\/comments?post=54942"}],"version-history":[{"count":1,"href":"https:\/\/fuentesfidedignas.com.mx\/index.php\/wp-json\/wp\/v2\/posts\/54942\/revisions"}],"predecessor-version":[{"id":54951,"href":"https:\/\/fuentesfidedignas.com.mx\/index.php\/wp-json\/wp\/v2\/posts\/54942\/revisions\/54951"}],"wp:featuredmedia":[{"embeddable":true,"href":"https:\/\/fuentesfidedignas.com.mx\/index.php\/wp-json\/wp\/v2\/media\/54952"}],"wp:attachment":[{"href":"https:\/\/fuentesfidedignas.com.mx\/index.php\/wp-json\/wp\/v2\/media?parent=54942"}],"wp:term":[{"taxonomy":"category","embeddable":true,"href":"https:\/\/fuentesfidedignas.com.mx\/index.php\/wp-json\/wp\/v2\/categories?post=54942"},{"taxonomy":"post_tag","embeddable":true,"href":"https:\/\/fuentesfidedignas.com.mx\/index.php\/wp-json\/wp\/v2\/tags?post=54942"}],"curies":[{"name":"wp","href":"https:\/\/api.w.org\/{rel}","templated":true}]}}