{"id":54912,"date":"2023-08-09T10:46:27","date_gmt":"2023-08-09T17:46:27","guid":{"rendered":"https:\/\/fuentesfidedignas.com.mx\/?p=54912"},"modified":"2023-08-09T15:59:49","modified_gmt":"2023-08-09T22:59:49","slug":"estan-haciendo-las-cosas-con-los-pies-opina-cuen-sobre-libros-de-texto","status":"publish","type":"post","link":"https:\/\/fuentesfidedignas.com.mx\/index.php\/2023\/08\/09\/estan-haciendo-las-cosas-con-los-pies-opina-cuen-sobre-libros-de-texto\/","title":{"rendered":"&#8220;Est\u00e1n haciendo las cosas con los pies&#8221;, opina Cu\u00e9n sobre libros de texto"},"content":{"rendered":"\n<p><strong><em>Se tiene que ubicar el Gobierno Federal, somos un pa\u00eds subdesarrollado; que en el tema educativo no nos compare con pa\u00edses europeos o Estados Unidos, asever\u00f3 el l\u00edder del PAS<\/em><\/strong><\/p>\n\n\n\n<p>Culiac\u00e1n, Sin.- El Gobierno Federal est\u00e1 &#8220;haciendo las cosas con los pies&#8221; en el tema educativo, y se\u00f1al de ello son la publicaci\u00f3n de los recientes libros de texto gratuito sin una consulta real a los acad\u00e9micos y que pretende distribuir la Secretar\u00eda de Educaci\u00f3n P\u00fablica, asegur\u00f3 <strong>H\u00e9ctor Melesio Cu\u00e9n Ojeda<\/strong>.<\/p>\n\n\n\n<p>El presidente del <strong>Partido Sinaloense<\/strong> (PAS), opin\u00f3 que se intenta comparar al pa\u00eds con algunos muchos m\u00e1s desarrollados, como los europeos o Estados Unidos; sin embargo, afirm\u00f3, la infancia de M\u00e9xico no est\u00e1 preparada para abordar algunos temas, como lo proponen las autoridades educativas.<\/p>\n\n\n\n<p>&#8220;<strong>Se tiene que ubicar el Gobierno Federal, somos un pa\u00eds subdesarrollado, no somos un pa\u00eds desarrollado; no nos comparen con pa\u00edses europeos, no nos comparen con Estados Unidos como para decir <\/strong><em>ya vamos a desnudar a la mujer y al hombre, y lo vamos a poner en la portada de un libro<\/em><strong>. Esto es gradual y con mucho conocimiento cient\u00edfico<\/strong>&#8220;, asever\u00f3 el l\u00edder del PAS.<\/p>\n\n\n\n<p>Cu\u00e9n Ojeda lament\u00f3 que en el pa\u00eds, de cada 100 alumnos que entran a <strong>Educaci\u00f3n Primaria,<\/strong> s\u00f3lo 27 terminan una licenciatura, lo que se traduce en pocos investigadores y poca generaci\u00f3n de empleo, as\u00ed como una baja innovaci\u00f3n y desarrollo tecnol\u00f3gico.<\/p>\n\n\n\n<p>&#8220;<strong>Est\u00e1 mal el sistema educativo mexicano, no podemos jugar a las comiditas. Hay una Ley General de Educaci\u00f3n, y esta les dice de manera muy clara que se tiene que consultar a los que tenemos que ver con la educaci\u00f3n de las ni\u00f1as y los ni\u00f1os, pero esto no se hizo, dicen que se hizo que no fue as\u00ed, tanto que reservaron cinco a\u00f1os la informaci\u00f3n<\/strong>&#8220;, finaliz\u00f3.<\/p>\n","protected":false},"excerpt":{"rendered":"<p>Se tiene que ubicar el Gobierno Federal, somos un pa\u00eds subdesarrollado; que en el tema educativo no nos compare con pa\u00edses europeos o Estados Unidos, asever\u00f3 el l\u00edder del PAS Culiac\u00e1n, Sin.- El Gobierno Federal est\u00e1 &#8220;haciendo las cosas con los pies&#8221; en el tema educativo, y se\u00f1al de ello son la publicaci\u00f3n de los [&hellip;]<\/p>\n","protected":false},"author":11,"featured_media":54742,"comment_status":"open","ping_status":"open","sticky":false,"template":"","format":"standard","meta":{"tdm_status":"","tdm_grid_status":"","footnotes":""},"categories":[38],"tags":[],"class_list":{"0":"post-54912","1":"post","2":"type-post","3":"status-publish","4":"format-standard","5":"has-post-thumbnail","7":"category-noticias-locales"},"yoast_head":"<!-- This site is optimized with the Yoast SEO plugin v27.4 - https:\/\/yoast.com\/product\/yoast-seo-wordpress\/ -->\n<title>&quot;Est\u00e1n haciendo las cosas con los pies&quot;, opina Cu\u00e9n sobre libros de texto - Fuentes Fidedignas<\/title>\n<meta name=\"robots\" content=\"index, follow, max-snippet:-1, max-image-preview:large, max-video-preview:-1\" \/>\n<link rel=\"canonical\" href=\"https:\/\/fuentesfidedignas.com.mx\/index.php\/2023\/08\/09\/estan-haciendo-las-cosas-con-los-pies-opina-cuen-sobre-libros-de-texto\/\" \/>\n<meta property=\"og:locale\" content=\"es_MX\" \/>\n<meta property=\"og:type\" content=\"article\" \/>\n<meta property=\"og:title\" content=\"&quot;Est\u00e1n haciendo las cosas con los pies&quot;, opina Cu\u00e9n sobre libros de texto - Fuentes Fidedignas\" \/>\n<meta property=\"og:description\" content=\"Se tiene que ubicar el Gobierno Federal, somos un pa\u00eds subdesarrollado; que en el tema educativo no nos compare con pa\u00edses europeos o Estados Unidos, asever\u00f3 el l\u00edder del PAS Culiac\u00e1n, Sin.- El Gobierno Federal est\u00e1 &#8220;haciendo las cosas con los pies&#8221; en el tema educativo, y se\u00f1al de ello son la publicaci\u00f3n de los [&hellip;]\" \/>\n<meta property=\"og:url\" content=\"https:\/\/fuentesfidedignas.com.mx\/index.php\/2023\/08\/09\/estan-haciendo-las-cosas-con-los-pies-opina-cuen-sobre-libros-de-texto\/\" \/>\n<meta property=\"og:site_name\" content=\"Fuentes Fidedignas\" \/>\n<meta property=\"article:publisher\" content=\"https:\/\/www.facebook.com\/Fuentes-Fidedignas-368234489921644\" \/>\n<meta property=\"article:published_time\" content=\"2023-08-09T17:46:27+00:00\" \/>\n<meta property=\"article:modified_time\" content=\"2023-08-09T22:59:49+00:00\" \/>\n<meta property=\"og:image\" content=\"https:\/\/fuentesfidedignas.com.mx\/wp-content\/uploads\/2023\/08\/LIBROS_TEXTOS.jpg\" \/>\n\t<meta property=\"og:image:width\" content=\"850\" \/>\n\t<meta property=\"og:image:height\" content=\"499\" \/>\n\t<meta property=\"og:image:type\" content=\"image\/jpeg\" \/>\n<meta name=\"author\" content=\"Marissa Palafox\" \/>\n<meta name=\"twitter:card\" content=\"summary_large_image\" \/>\n<meta name=\"twitter:creator\" content=\"@fidedignas\" \/>\n<meta name=\"twitter:site\" content=\"@fidedignas\" \/>\n<meta name=\"twitter:label1\" content=\"Escrito por\" \/>\n\t<meta name=\"twitter:data1\" content=\"Marissa Palafox\" \/>\n\t<meta name=\"twitter:label2\" content=\"Tiempo de lectura\" \/>\n\t<meta name=\"twitter:data2\" content=\"2 minutos\" \/>\n<script type=\"application\/ld+json\" class=\"yoast-schema-graph\">{\"@context\":\"https:\\\/\\\/schema.org\",\"@graph\":[{\"@type\":\"Article\",\"@id\":\"https:\\\/\\\/fuentesfidedignas.com.mx\\\/index.php\\\/2023\\\/08\\\/09\\\/estan-haciendo-las-cosas-con-los-pies-opina-cuen-sobre-libros-de-texto\\\/#article\",\"isPartOf\":{\"@id\":\"https:\\\/\\\/fuentesfidedignas.com.mx\\\/index.php\\\/2023\\\/08\\\/09\\\/estan-haciendo-las-cosas-con-los-pies-opina-cuen-sobre-libros-de-texto\\\/\"},\"author\":{\"name\":\"Marissa Palafox\",\"@id\":\"https:\\\/\\\/fuentesfidedignas.com.mx\\\/#\\\/schema\\\/person\\\/2c10028b4a30078c05a056a215342ab9\"},\"headline\":\"&#8220;Est\u00e1n haciendo las cosas con los pies&#8221;, opina Cu\u00e9n sobre libros de texto\",\"datePublished\":\"2023-08-09T17:46:27+00:00\",\"dateModified\":\"2023-08-09T22:59:49+00:00\",\"mainEntityOfPage\":{\"@id\":\"https:\\\/\\\/fuentesfidedignas.com.mx\\\/index.php\\\/2023\\\/08\\\/09\\\/estan-haciendo-las-cosas-con-los-pies-opina-cuen-sobre-libros-de-texto\\\/\"},\"wordCount\":345,\"commentCount\":0,\"publisher\":{\"@id\":\"https:\\\/\\\/fuentesfidedignas.com.mx\\\/#organization\"},\"image\":{\"@id\":\"https:\\\/\\\/fuentesfidedignas.com.mx\\\/index.php\\\/2023\\\/08\\\/09\\\/estan-haciendo-las-cosas-con-los-pies-opina-cuen-sobre-libros-de-texto\\\/#primaryimage\"},\"thumbnailUrl\":\"https:\\\/\\\/fuentesfidedignas.com.mx\\\/wp-content\\\/uploads\\\/2023\\\/08\\\/LIBROS_TEXTOS.jpg\",\"articleSection\":[\"NOTICIAS LOCALES\"],\"inLanguage\":\"es\",\"potentialAction\":[{\"@type\":\"CommentAction\",\"name\":\"Comment\",\"target\":[\"https:\\\/\\\/fuentesfidedignas.com.mx\\\/index.php\\\/2023\\\/08\\\/09\\\/estan-haciendo-las-cosas-con-los-pies-opina-cuen-sobre-libros-de-texto\\\/#respond\"]}]},{\"@type\":\"WebPage\",\"@id\":\"https:\\\/\\\/fuentesfidedignas.com.mx\\\/index.php\\\/2023\\\/08\\\/09\\\/estan-haciendo-las-cosas-con-los-pies-opina-cuen-sobre-libros-de-texto\\\/\",\"url\":\"https:\\\/\\\/fuentesfidedignas.com.mx\\\/index.php\\\/2023\\\/08\\\/09\\\/estan-haciendo-las-cosas-con-los-pies-opina-cuen-sobre-libros-de-texto\\\/\",\"name\":\"\\\"Est\u00e1n haciendo las cosas con los pies\\\", opina Cu\u00e9n sobre libros de texto - Fuentes Fidedignas\",\"isPartOf\":{\"@id\":\"https:\\\/\\\/fuentesfidedignas.com.mx\\\/#website\"},\"primaryImageOfPage\":{\"@id\":\"https:\\\/\\\/fuentesfidedignas.com.mx\\\/index.php\\\/2023\\\/08\\\/09\\\/estan-haciendo-las-cosas-con-los-pies-opina-cuen-sobre-libros-de-texto\\\/#primaryimage\"},\"image\":{\"@id\":\"https:\\\/\\\/fuentesfidedignas.com.mx\\\/index.php\\\/2023\\\/08\\\/09\\\/estan-haciendo-las-cosas-con-los-pies-opina-cuen-sobre-libros-de-texto\\\/#primaryimage\"},\"thumbnailUrl\":\"https:\\\/\\\/fuentesfidedignas.com.mx\\\/wp-content\\\/uploads\\\/2023\\\/08\\\/LIBROS_TEXTOS.jpg\",\"datePublished\":\"2023-08-09T17:46:27+00:00\",\"dateModified\":\"2023-08-09T22:59:49+00:00\",\"breadcrumb\":{\"@id\":\"https:\\\/\\\/fuentesfidedignas.com.mx\\\/index.php\\\/2023\\\/08\\\/09\\\/estan-haciendo-las-cosas-con-los-pies-opina-cuen-sobre-libros-de-texto\\\/#breadcrumb\"},\"inLanguage\":\"es\",\"potentialAction\":[{\"@type\":\"ReadAction\",\"target\":[\"https:\\\/\\\/fuentesfidedignas.com.mx\\\/index.php\\\/2023\\\/08\\\/09\\\/estan-haciendo-las-cosas-con-los-pies-opina-cuen-sobre-libros-de-texto\\\/\"]}]},{\"@type\":\"ImageObject\",\"inLanguage\":\"es\",\"@id\":\"https:\\\/\\\/fuentesfidedignas.com.mx\\\/index.php\\\/2023\\\/08\\\/09\\\/estan-haciendo-las-cosas-con-los-pies-opina-cuen-sobre-libros-de-texto\\\/#primaryimage\",\"url\":\"https:\\\/\\\/fuentesfidedignas.com.mx\\\/wp-content\\\/uploads\\\/2023\\\/08\\\/LIBROS_TEXTOS.jpg\",\"contentUrl\":\"https:\\\/\\\/fuentesfidedignas.com.mx\\\/wp-content\\\/uploads\\\/2023\\\/08\\\/LIBROS_TEXTOS.jpg\",\"width\":850,\"height\":499},{\"@type\":\"BreadcrumbList\",\"@id\":\"https:\\\/\\\/fuentesfidedignas.com.mx\\\/index.php\\\/2023\\\/08\\\/09\\\/estan-haciendo-las-cosas-con-los-pies-opina-cuen-sobre-libros-de-texto\\\/#breadcrumb\",\"itemListElement\":[{\"@type\":\"ListItem\",\"position\":1,\"name\":\"Inicio\",\"item\":\"https:\\\/\\\/fuentesfidedignas.com.mx\\\/\"},{\"@type\":\"ListItem\",\"position\":2,\"name\":\"&#8220;Est\u00e1n haciendo las cosas con los pies&#8221;, opina Cu\u00e9n sobre libros de texto\"}]},{\"@type\":\"WebSite\",\"@id\":\"https:\\\/\\\/fuentesfidedignas.com.mx\\\/#website\",\"url\":\"https:\\\/\\\/fuentesfidedignas.com.mx\\\/\",\"name\":\"Fuentes Fidedignas\",\"description\":\"Otro sitio realizado con WordPress\",\"publisher\":{\"@id\":\"https:\\\/\\\/fuentesfidedignas.com.mx\\\/#organization\"},\"potentialAction\":[{\"@type\":\"SearchAction\",\"target\":{\"@type\":\"EntryPoint\",\"urlTemplate\":\"https:\\\/\\\/fuentesfidedignas.com.mx\\\/?s={search_term_string}\"},\"query-input\":{\"@type\":\"PropertyValueSpecification\",\"valueRequired\":true,\"valueName\":\"search_term_string\"}}],\"inLanguage\":\"es\"},{\"@type\":\"Organization\",\"@id\":\"https:\\\/\\\/fuentesfidedignas.com.mx\\\/#organization\",\"name\":\"Fuentes Fidedignas\",\"url\":\"https:\\\/\\\/fuentesfidedignas.com.mx\\\/\",\"logo\":{\"@type\":\"ImageObject\",\"inLanguage\":\"es\",\"@id\":\"https:\\\/\\\/fuentesfidedignas.com.mx\\\/#\\\/schema\\\/logo\\\/image\\\/\",\"url\":\"https:\\\/\\\/fuentesfidedignas.com.mx\\\/wp-content\\\/uploads\\\/2021\\\/04\\\/logo-retina.png\",\"contentUrl\":\"https:\\\/\\\/fuentesfidedignas.com.mx\\\/wp-content\\\/uploads\\\/2021\\\/04\\\/logo-retina.png\",\"width\":280,\"height\":51,\"caption\":\"Fuentes Fidedignas\"},\"image\":{\"@id\":\"https:\\\/\\\/fuentesfidedignas.com.mx\\\/#\\\/schema\\\/logo\\\/image\\\/\"},\"sameAs\":[\"https:\\\/\\\/www.facebook.com\\\/Fuentes-Fidedignas-368234489921644\",\"https:\\\/\\\/x.com\\\/fidedignas\"]},{\"@type\":\"Person\",\"@id\":\"https:\\\/\\\/fuentesfidedignas.com.mx\\\/#\\\/schema\\\/person\\\/2c10028b4a30078c05a056a215342ab9\",\"name\":\"Marissa Palafox\",\"image\":{\"@type\":\"ImageObject\",\"inLanguage\":\"es\",\"@id\":\"https:\\\/\\\/secure.gravatar.com\\\/avatar\\\/20a43bdb2f2db10f20b22d4e98b96eb027faf98f7f76d29854dc5fab46d1cf71?s=96&d=mm&r=g\",\"url\":\"https:\\\/\\\/secure.gravatar.com\\\/avatar\\\/20a43bdb2f2db10f20b22d4e98b96eb027faf98f7f76d29854dc5fab46d1cf71?s=96&d=mm&r=g\",\"contentUrl\":\"https:\\\/\\\/secure.gravatar.com\\\/avatar\\\/20a43bdb2f2db10f20b22d4e98b96eb027faf98f7f76d29854dc5fab46d1cf71?s=96&d=mm&r=g\",\"caption\":\"Marissa Palafox\"},\"url\":\"https:\\\/\\\/fuentesfidedignas.com.mx\\\/index.php\\\/author\\\/marissa\\\/\"}]}<\/script>\n<!-- \/ Yoast SEO plugin. -->","yoast_head_json":{"title":"\"Est\u00e1n haciendo las cosas con los pies\", opina Cu\u00e9n sobre libros de texto - Fuentes Fidedignas","robots":{"index":"index","follow":"follow","max-snippet":"max-snippet:-1","max-image-preview":"max-image-preview:large","max-video-preview":"max-video-preview:-1"},"canonical":"https:\/\/fuentesfidedignas.com.mx\/index.php\/2023\/08\/09\/estan-haciendo-las-cosas-con-los-pies-opina-cuen-sobre-libros-de-texto\/","og_locale":"es_MX","og_type":"article","og_title":"\"Est\u00e1n haciendo las cosas con los pies\", opina Cu\u00e9n sobre libros de texto - Fuentes Fidedignas","og_description":"Se tiene que ubicar el Gobierno Federal, somos un pa\u00eds subdesarrollado; que en el tema educativo no nos compare con pa\u00edses europeos o Estados Unidos, asever\u00f3 el l\u00edder del PAS Culiac\u00e1n, Sin.- El Gobierno Federal est\u00e1 &#8220;haciendo las cosas con los pies&#8221; en el tema educativo, y se\u00f1al de ello son la publicaci\u00f3n de los [&hellip;]","og_url":"https:\/\/fuentesfidedignas.com.mx\/index.php\/2023\/08\/09\/estan-haciendo-las-cosas-con-los-pies-opina-cuen-sobre-libros-de-texto\/","og_site_name":"Fuentes Fidedignas","article_publisher":"https:\/\/www.facebook.com\/Fuentes-Fidedignas-368234489921644","article_published_time":"2023-08-09T17:46:27+00:00","article_modified_time":"2023-08-09T22:59:49+00:00","og_image":[{"width":850,"height":499,"url":"https:\/\/fuentesfidedignas.com.mx\/wp-content\/uploads\/2023\/08\/LIBROS_TEXTOS.jpg","type":"image\/jpeg"}],"author":"Marissa Palafox","twitter_card":"summary_large_image","twitter_creator":"@fidedignas","twitter_site":"@fidedignas","twitter_misc":{"Escrito por":"Marissa Palafox","Tiempo de lectura":"2 minutos"},"schema":{"@context":"https:\/\/schema.org","@graph":[{"@type":"Article","@id":"https:\/\/fuentesfidedignas.com.mx\/index.php\/2023\/08\/09\/estan-haciendo-las-cosas-con-los-pies-opina-cuen-sobre-libros-de-texto\/#article","isPartOf":{"@id":"https:\/\/fuentesfidedignas.com.mx\/index.php\/2023\/08\/09\/estan-haciendo-las-cosas-con-los-pies-opina-cuen-sobre-libros-de-texto\/"},"author":{"name":"Marissa Palafox","@id":"https:\/\/fuentesfidedignas.com.mx\/#\/schema\/person\/2c10028b4a30078c05a056a215342ab9"},"headline":"&#8220;Est\u00e1n haciendo las cosas con los pies&#8221;, opina Cu\u00e9n sobre libros de texto","datePublished":"2023-08-09T17:46:27+00:00","dateModified":"2023-08-09T22:59:49+00:00","mainEntityOfPage":{"@id":"https:\/\/fuentesfidedignas.com.mx\/index.php\/2023\/08\/09\/estan-haciendo-las-cosas-con-los-pies-opina-cuen-sobre-libros-de-texto\/"},"wordCount":345,"commentCount":0,"publisher":{"@id":"https:\/\/fuentesfidedignas.com.mx\/#organization"},"image":{"@id":"https:\/\/fuentesfidedignas.com.mx\/index.php\/2023\/08\/09\/estan-haciendo-las-cosas-con-los-pies-opina-cuen-sobre-libros-de-texto\/#primaryimage"},"thumbnailUrl":"https:\/\/fuentesfidedignas.com.mx\/wp-content\/uploads\/2023\/08\/LIBROS_TEXTOS.jpg","articleSection":["NOTICIAS LOCALES"],"inLanguage":"es","potentialAction":[{"@type":"CommentAction","name":"Comment","target":["https:\/\/fuentesfidedignas.com.mx\/index.php\/2023\/08\/09\/estan-haciendo-las-cosas-con-los-pies-opina-cuen-sobre-libros-de-texto\/#respond"]}]},{"@type":"WebPage","@id":"https:\/\/fuentesfidedignas.com.mx\/index.php\/2023\/08\/09\/estan-haciendo-las-cosas-con-los-pies-opina-cuen-sobre-libros-de-texto\/","url":"https:\/\/fuentesfidedignas.com.mx\/index.php\/2023\/08\/09\/estan-haciendo-las-cosas-con-los-pies-opina-cuen-sobre-libros-de-texto\/","name":"\"Est\u00e1n haciendo las cosas con los pies\", opina Cu\u00e9n sobre libros de texto - Fuentes Fidedignas","isPartOf":{"@id":"https:\/\/fuentesfidedignas.com.mx\/#website"},"primaryImageOfPage":{"@id":"https:\/\/fuentesfidedignas.com.mx\/index.php\/2023\/08\/09\/estan-haciendo-las-cosas-con-los-pies-opina-cuen-sobre-libros-de-texto\/#primaryimage"},"image":{"@id":"https:\/\/fuentesfidedignas.com.mx\/index.php\/2023\/08\/09\/estan-haciendo-las-cosas-con-los-pies-opina-cuen-sobre-libros-de-texto\/#primaryimage"},"thumbnailUrl":"https:\/\/fuentesfidedignas.com.mx\/wp-content\/uploads\/2023\/08\/LIBROS_TEXTOS.jpg","datePublished":"2023-08-09T17:46:27+00:00","dateModified":"2023-08-09T22:59:49+00:00","breadcrumb":{"@id":"https:\/\/fuentesfidedignas.com.mx\/index.php\/2023\/08\/09\/estan-haciendo-las-cosas-con-los-pies-opina-cuen-sobre-libros-de-texto\/#breadcrumb"},"inLanguage":"es","potentialAction":[{"@type":"ReadAction","target":["https:\/\/fuentesfidedignas.com.mx\/index.php\/2023\/08\/09\/estan-haciendo-las-cosas-con-los-pies-opina-cuen-sobre-libros-de-texto\/"]}]},{"@type":"ImageObject","inLanguage":"es","@id":"https:\/\/fuentesfidedignas.com.mx\/index.php\/2023\/08\/09\/estan-haciendo-las-cosas-con-los-pies-opina-cuen-sobre-libros-de-texto\/#primaryimage","url":"https:\/\/fuentesfidedignas.com.mx\/wp-content\/uploads\/2023\/08\/LIBROS_TEXTOS.jpg","contentUrl":"https:\/\/fuentesfidedignas.com.mx\/wp-content\/uploads\/2023\/08\/LIBROS_TEXTOS.jpg","width":850,"height":499},{"@type":"BreadcrumbList","@id":"https:\/\/fuentesfidedignas.com.mx\/index.php\/2023\/08\/09\/estan-haciendo-las-cosas-con-los-pies-opina-cuen-sobre-libros-de-texto\/#breadcrumb","itemListElement":[{"@type":"ListItem","position":1,"name":"Inicio","item":"https:\/\/fuentesfidedignas.com.mx\/"},{"@type":"ListItem","position":2,"name":"&#8220;Est\u00e1n haciendo las cosas con los pies&#8221;, opina Cu\u00e9n sobre libros de texto"}]},{"@type":"WebSite","@id":"https:\/\/fuentesfidedignas.com.mx\/#website","url":"https:\/\/fuentesfidedignas.com.mx\/","name":"Fuentes Fidedignas","description":"Otro sitio realizado con WordPress","publisher":{"@id":"https:\/\/fuentesfidedignas.com.mx\/#organization"},"potentialAction":[{"@type":"SearchAction","target":{"@type":"EntryPoint","urlTemplate":"https:\/\/fuentesfidedignas.com.mx\/?s={search_term_string}"},"query-input":{"@type":"PropertyValueSpecification","valueRequired":true,"valueName":"search_term_string"}}],"inLanguage":"es"},{"@type":"Organization","@id":"https:\/\/fuentesfidedignas.com.mx\/#organization","name":"Fuentes Fidedignas","url":"https:\/\/fuentesfidedignas.com.mx\/","logo":{"@type":"ImageObject","inLanguage":"es","@id":"https:\/\/fuentesfidedignas.com.mx\/#\/schema\/logo\/image\/","url":"https:\/\/fuentesfidedignas.com.mx\/wp-content\/uploads\/2021\/04\/logo-retina.png","contentUrl":"https:\/\/fuentesfidedignas.com.mx\/wp-content\/uploads\/2021\/04\/logo-retina.png","width":280,"height":51,"caption":"Fuentes Fidedignas"},"image":{"@id":"https:\/\/fuentesfidedignas.com.mx\/#\/schema\/logo\/image\/"},"sameAs":["https:\/\/www.facebook.com\/Fuentes-Fidedignas-368234489921644","https:\/\/x.com\/fidedignas"]},{"@type":"Person","@id":"https:\/\/fuentesfidedignas.com.mx\/#\/schema\/person\/2c10028b4a30078c05a056a215342ab9","name":"Marissa Palafox","image":{"@type":"ImageObject","inLanguage":"es","@id":"https:\/\/secure.gravatar.com\/avatar\/20a43bdb2f2db10f20b22d4e98b96eb027faf98f7f76d29854dc5fab46d1cf71?s=96&d=mm&r=g","url":"https:\/\/secure.gravatar.com\/avatar\/20a43bdb2f2db10f20b22d4e98b96eb027faf98f7f76d29854dc5fab46d1cf71?s=96&d=mm&r=g","contentUrl":"https:\/\/secure.gravatar.com\/avatar\/20a43bdb2f2db10f20b22d4e98b96eb027faf98f7f76d29854dc5fab46d1cf71?s=96&d=mm&r=g","caption":"Marissa Palafox"},"url":"https:\/\/fuentesfidedignas.com.mx\/index.php\/author\/marissa\/"}]}},"_links":{"self":[{"href":"https:\/\/fuentesfidedignas.com.mx\/index.php\/wp-json\/wp\/v2\/posts\/54912","targetHints":{"allow":["GET"]}}],"collection":[{"href":"https:\/\/fuentesfidedignas.com.mx\/index.php\/wp-json\/wp\/v2\/posts"}],"about":[{"href":"https:\/\/fuentesfidedignas.com.mx\/index.php\/wp-json\/wp\/v2\/types\/post"}],"author":[{"embeddable":true,"href":"https:\/\/fuentesfidedignas.com.mx\/index.php\/wp-json\/wp\/v2\/users\/11"}],"replies":[{"embeddable":true,"href":"https:\/\/fuentesfidedignas.com.mx\/index.php\/wp-json\/wp\/v2\/comments?post=54912"}],"version-history":[{"count":5,"href":"https:\/\/fuentesfidedignas.com.mx\/index.php\/wp-json\/wp\/v2\/posts\/54912\/revisions"}],"predecessor-version":[{"id":54918,"href":"https:\/\/fuentesfidedignas.com.mx\/index.php\/wp-json\/wp\/v2\/posts\/54912\/revisions\/54918"}],"wp:featuredmedia":[{"embeddable":true,"href":"https:\/\/fuentesfidedignas.com.mx\/index.php\/wp-json\/wp\/v2\/media\/54742"}],"wp:attachment":[{"href":"https:\/\/fuentesfidedignas.com.mx\/index.php\/wp-json\/wp\/v2\/media?parent=54912"}],"wp:term":[{"taxonomy":"category","embeddable":true,"href":"https:\/\/fuentesfidedignas.com.mx\/index.php\/wp-json\/wp\/v2\/categories?post=54912"},{"taxonomy":"post_tag","embeddable":true,"href":"https:\/\/fuentesfidedignas.com.mx\/index.php\/wp-json\/wp\/v2\/tags?post=54912"}],"curies":[{"name":"wp","href":"https:\/\/api.w.org\/{rel}","templated":true}]}}