{"id":54581,"date":"2023-08-05T14:51:00","date_gmt":"2023-08-05T21:51:00","guid":{"rendered":"https:\/\/fuentesfidedignas.com.mx\/?p=54581"},"modified":"2023-08-05T17:57:02","modified_gmt":"2023-08-06T00:57:02","slug":"tormenta-tropical-eugene-se-forma-en-el-pacifico-sigue-la-trayectoria-aqui","status":"publish","type":"post","link":"https:\/\/fuentesfidedignas.com.mx\/index.php\/2023\/08\/05\/tormenta-tropical-eugene-se-forma-en-el-pacifico-sigue-la-trayectoria-aqui\/","title":{"rendered":"Tormenta tropical \u2018Eugene\u2019 se forma en el Pac\u00edfico: Sigue la trayectoria aqu\u00ed"},"content":{"rendered":"\n<p><br><strong><em>La tormenta tropical se encuentra al oeste de Cabo Corrientes y al sur de Cabo San Lucas, seg\u00fan la Conagua<\/em><\/strong><\/p>\n\n\n\n<p>Jalisco. La tormenta tropical \u2018Eugene\u2019, tercer cicl\u00f3n de la temporada 2023, se form\u00f3 este s\u00e1bado en el Pac\u00edfico mexicano, y sus bandas nubosas provocar\u00e1n lluvias en estados del occidente del pa\u00eds, inform\u00f3 el Servicio Meteorol\u00f3gico Nacional (SMN).<\/p>\n\n\n\n<p>Pron\u00f3stico a 96 horas:<\/p>\n\n\n\n<p><a href=\"https:\/\/smn.conagua.gob.mx\/es\/pronosticos\/pronosticossubmenu\/pronostico-extendido-a-96-horas\">https:\/\/smn.conagua.gob.mx\/es\/pronosticos\/pronosticossubmenu\/pronostico-extendido-a-96-horas<\/a><\/p>\n\n\n\n<p>El organismo indic\u00f3 que la depresi\u00f3n tropical \u201cSeis-E\u201d se intensific\u00f3 a la tormenta tropical Eugene y ocasionar\u00e1 lluvias de muy fuertes a intensas en Colima, Jalisco, Michoac\u00e1n y Nayarit.<\/p>\n\n\n\n<p>\u201cDurante las pr\u00f3ximas horas Eugene generar\u00e1 lluvias de muy fuertes (de 50 a 75 mil\u00edmetros [mm]) a intensas (de 75 a 50 mm) en zonas de Colima, Jalisco, Michoac\u00e1n y Nayarit, as\u00ed como rachas de viento de 50 a 70 km\/h con oleaje de 2 a 4 metros de altura en las costas de Colima, Jalisco y Michoac\u00e1n\u201d, expuso en un comunicado.<\/p>\n\n\n\n<figure class=\"wp-block-embed is-type-rich is-provider-twitter wp-block-embed-twitter\"><div class=\"wp-block-embed__wrapper\">\n<blockquote class=\"twitter-tweet\" data-width=\"550\" data-dnt=\"true\"><p lang=\"es\" dir=\"ltr\">\u26c8\ufe0f  Este s\u00e1bado, la <a href=\"https:\/\/twitter.com\/hashtag\/TormentaTropical?src=hash&amp;ref_src=twsrc%5Etfw\">#TormentaTropical<\/a> <a href=\"https:\/\/twitter.com\/hashtag\/Eugene?src=hash&amp;ref_src=twsrc%5Etfw\">#Eugene<\/a>, el <a href=\"https:\/\/twitter.com\/hashtag\/Monz%C3%B3nMexicano?src=hash&amp;ref_src=twsrc%5Etfw\">#Monz\u00f3nMexicano<\/a> y otros sistemas <a href=\"https:\/\/twitter.com\/hashtag\/Meteorol%C3%B3gicos?src=hash&amp;ref_src=twsrc%5Etfw\">#Meteorol\u00f3gicos<\/a> ocasionar\u00e1n <a href=\"https:\/\/twitter.com\/hashtag\/Lluvias?src=hash&amp;ref_src=twsrc%5Etfw\">#Lluvias<\/a> de diferente intensidad en gran parte de <a href=\"https:\/\/twitter.com\/hashtag\/Mexico?src=hash&amp;ref_src=twsrc%5Etfw\">#Mexico<\/a>.<br><br>Ve el <a href=\"https:\/\/twitter.com\/hashtag\/Pron%C3%B3stico?src=hash&amp;ref_src=twsrc%5Etfw\">#Pron\u00f3stico<\/a> a 96 horas en  \u2b07\ufe0f<a href=\"https:\/\/t.co\/9TaD34gu5a\">https:\/\/t.co\/9TaD34gu5a<\/a> <a href=\"https:\/\/t.co\/H7K9pjtng7\">pic.twitter.com\/H7K9pjtng7<\/a><\/p>&mdash; CONAGUA Clima (@conagua_clima) <a href=\"https:\/\/twitter.com\/conagua_clima\/status\/1687956757082247168?ref_src=twsrc%5Etfw\">August 5, 2023<\/a><\/blockquote><script async src=\"https:\/\/platform.twitter.com\/widgets.js\" charset=\"utf-8\"><\/script>\n<\/div><\/figure>\n\n\n\n<h2 class=\"wp-block-heading\" id=\"h-tormenta-eugene-esta-250-km-al-oeste-suroeste-de-cabo-corrientes\">Tormenta \u2018Eugene\u2019 est\u00e1 250 km al oeste-suroeste de Cabo Corrientes<\/h2>\n\n\n\n<p>El \u00f3rgano, dependiente de la Comisi\u00f3n Nacional del Agua (Conagua), se\u00f1al\u00f3 que el fen\u00f3meno se localiza aproximadamente 250 kil\u00f3metros (km) al oeste-suroeste de Cabo Corrientes, Jalisco, y 470 km al sur-sureste de Cabo San Lucas, Baja California Sur.<\/p>\n\n\n\n<p>Adem\u00e1s de que se acompa\u00f1a de vientos m\u00e1ximos sostenidos de 65 km\/h, rachas de 85 km\/h y desplazamiento hacia el noroeste a 24 km\/h.<\/p>\n\n\n\n<p>En sus pron\u00f3sticos, el Meteorol\u00f3gico de M\u00e9xico no estim\u00f3 hasta ahora que el fen\u00f3meno pueda elevarse a hurac\u00e1n, aunque pidi\u00f3 a la poblaci\u00f3n extremar precauciones por lluvias, viento y oleaje (incluyendo la navegaci\u00f3n mar\u00edtima).<\/p>\n\n\n\n<p>Adem\u00e1s, pidi\u00f3 atender las recomendaciones emitidas por las autoridades del Sistema Nacional de Protecci\u00f3n Civil, en cada entidad.<\/p>\n\n\n\n<p>A principios de mayo, el Gobierno de M\u00e9xico pronostic\u00f3 la posible formaci\u00f3n de hasta 38 ciclones con nombre en la temporada 2023, de los cuales cinco podr\u00edan impactar al pa\u00eds.<\/p>\n\n\n\n<p>De esa cifra, entre 16 y 22 sistemas podr\u00edan presentarse por el oc\u00e9ano Pac\u00edfico y entre 10 y 16 por el Atl\u00e1ntico.&nbsp;<\/p>\n","protected":false},"excerpt":{"rendered":"<p>La tormenta tropical se encuentra al oeste de Cabo Corrientes y al sur de Cabo San Lucas, seg\u00fan la Conagua Jalisco. La tormenta tropical \u2018Eugene\u2019, tercer cicl\u00f3n de la temporada 2023, se form\u00f3 este s\u00e1bado en el Pac\u00edfico mexicano, y sus bandas nubosas provocar\u00e1n lluvias en estados del occidente del pa\u00eds, inform\u00f3 el Servicio Meteorol\u00f3gico [&hellip;]<\/p>\n","protected":false},"author":5,"featured_media":54583,"comment_status":"open","ping_status":"open","sticky":false,"template":"","format":"standard","meta":{"tdm_status":"","tdm_grid_status":"","footnotes":""},"categories":[39,1],"tags":[],"class_list":{"0":"post-54581","1":"post","2":"type-post","3":"status-publish","4":"format-standard","5":"has-post-thumbnail","7":"category-noticias-nacionales","8":"category-sin-categoria"},"yoast_head":"<!-- This site is optimized with the Yoast SEO plugin v27.4 - https:\/\/yoast.com\/product\/yoast-seo-wordpress\/ -->\n<title>Tormenta tropical \u2018Eugene\u2019 se forma en el Pac\u00edfico: Sigue la trayectoria aqu\u00ed - Fuentes Fidedignas<\/title>\n<meta name=\"robots\" content=\"index, follow, max-snippet:-1, max-image-preview:large, max-video-preview:-1\" \/>\n<link rel=\"canonical\" href=\"https:\/\/fuentesfidedignas.com.mx\/index.php\/2023\/08\/05\/tormenta-tropical-eugene-se-forma-en-el-pacifico-sigue-la-trayectoria-aqui\/\" \/>\n<meta property=\"og:locale\" content=\"es_MX\" \/>\n<meta property=\"og:type\" content=\"article\" \/>\n<meta property=\"og:title\" content=\"Tormenta tropical \u2018Eugene\u2019 se forma en el Pac\u00edfico: Sigue la trayectoria aqu\u00ed - Fuentes Fidedignas\" \/>\n<meta property=\"og:description\" content=\"La tormenta tropical se encuentra al oeste de Cabo Corrientes y al sur de Cabo San Lucas, seg\u00fan la Conagua Jalisco. La tormenta tropical \u2018Eugene\u2019, tercer cicl\u00f3n de la temporada 2023, se form\u00f3 este s\u00e1bado en el Pac\u00edfico mexicano, y sus bandas nubosas provocar\u00e1n lluvias en estados del occidente del pa\u00eds, inform\u00f3 el Servicio Meteorol\u00f3gico [&hellip;]\" \/>\n<meta property=\"og:url\" content=\"https:\/\/fuentesfidedignas.com.mx\/index.php\/2023\/08\/05\/tormenta-tropical-eugene-se-forma-en-el-pacifico-sigue-la-trayectoria-aqui\/\" \/>\n<meta property=\"og:site_name\" content=\"Fuentes Fidedignas\" \/>\n<meta property=\"article:publisher\" content=\"https:\/\/www.facebook.com\/Fuentes-Fidedignas-368234489921644\" \/>\n<meta property=\"article:published_time\" content=\"2023-08-05T21:51:00+00:00\" \/>\n<meta property=\"article:modified_time\" content=\"2023-08-06T00:57:02+00:00\" \/>\n<meta property=\"og:image\" content=\"https:\/\/fuentesfidedignas.com.mx\/wp-content\/uploads\/2023\/08\/eugene-tormenta-1280x720-1.webp\" \/>\n\t<meta property=\"og:image:width\" content=\"1280\" \/>\n\t<meta property=\"og:image:height\" content=\"720\" \/>\n\t<meta property=\"og:image:type\" content=\"image\/webp\" \/>\n<meta name=\"author\" content=\"Forbes\" \/>\n<meta name=\"twitter:card\" content=\"summary_large_image\" \/>\n<meta name=\"twitter:creator\" content=\"@fidedignas\" \/>\n<meta name=\"twitter:site\" content=\"@fidedignas\" \/>\n<meta name=\"twitter:label1\" content=\"Escrito por\" \/>\n\t<meta name=\"twitter:data1\" content=\"Forbes\" \/>\n\t<meta name=\"twitter:label2\" content=\"Tiempo de lectura\" \/>\n\t<meta name=\"twitter:data2\" content=\"2 minutos\" \/>\n<script type=\"application\/ld+json\" class=\"yoast-schema-graph\">{\"@context\":\"https:\\\/\\\/schema.org\",\"@graph\":[{\"@type\":\"Article\",\"@id\":\"https:\\\/\\\/fuentesfidedignas.com.mx\\\/index.php\\\/2023\\\/08\\\/05\\\/tormenta-tropical-eugene-se-forma-en-el-pacifico-sigue-la-trayectoria-aqui\\\/#article\",\"isPartOf\":{\"@id\":\"https:\\\/\\\/fuentesfidedignas.com.mx\\\/index.php\\\/2023\\\/08\\\/05\\\/tormenta-tropical-eugene-se-forma-en-el-pacifico-sigue-la-trayectoria-aqui\\\/\"},\"author\":{\"name\":\"Forbes\",\"@id\":\"https:\\\/\\\/fuentesfidedignas.com.mx\\\/#\\\/schema\\\/person\\\/5623d53fe2e579d825b1679734abcc44\"},\"headline\":\"Tormenta tropical \u2018Eugene\u2019 se forma en el Pac\u00edfico: Sigue la trayectoria aqu\u00ed\",\"datePublished\":\"2023-08-05T21:51:00+00:00\",\"dateModified\":\"2023-08-06T00:57:02+00:00\",\"mainEntityOfPage\":{\"@id\":\"https:\\\/\\\/fuentesfidedignas.com.mx\\\/index.php\\\/2023\\\/08\\\/05\\\/tormenta-tropical-eugene-se-forma-en-el-pacifico-sigue-la-trayectoria-aqui\\\/\"},\"wordCount\":383,\"commentCount\":0,\"publisher\":{\"@id\":\"https:\\\/\\\/fuentesfidedignas.com.mx\\\/#organization\"},\"image\":{\"@id\":\"https:\\\/\\\/fuentesfidedignas.com.mx\\\/index.php\\\/2023\\\/08\\\/05\\\/tormenta-tropical-eugene-se-forma-en-el-pacifico-sigue-la-trayectoria-aqui\\\/#primaryimage\"},\"thumbnailUrl\":\"https:\\\/\\\/fuentesfidedignas.com.mx\\\/wp-content\\\/uploads\\\/2023\\\/08\\\/eugene-tormenta-1280x720-1.webp\",\"articleSection\":[\"NOTICIAS NACIONALES\"],\"inLanguage\":\"es\",\"potentialAction\":[{\"@type\":\"CommentAction\",\"name\":\"Comment\",\"target\":[\"https:\\\/\\\/fuentesfidedignas.com.mx\\\/index.php\\\/2023\\\/08\\\/05\\\/tormenta-tropical-eugene-se-forma-en-el-pacifico-sigue-la-trayectoria-aqui\\\/#respond\"]}]},{\"@type\":\"WebPage\",\"@id\":\"https:\\\/\\\/fuentesfidedignas.com.mx\\\/index.php\\\/2023\\\/08\\\/05\\\/tormenta-tropical-eugene-se-forma-en-el-pacifico-sigue-la-trayectoria-aqui\\\/\",\"url\":\"https:\\\/\\\/fuentesfidedignas.com.mx\\\/index.php\\\/2023\\\/08\\\/05\\\/tormenta-tropical-eugene-se-forma-en-el-pacifico-sigue-la-trayectoria-aqui\\\/\",\"name\":\"Tormenta tropical \u2018Eugene\u2019 se forma en el Pac\u00edfico: Sigue la trayectoria aqu\u00ed - Fuentes Fidedignas\",\"isPartOf\":{\"@id\":\"https:\\\/\\\/fuentesfidedignas.com.mx\\\/#website\"},\"primaryImageOfPage\":{\"@id\":\"https:\\\/\\\/fuentesfidedignas.com.mx\\\/index.php\\\/2023\\\/08\\\/05\\\/tormenta-tropical-eugene-se-forma-en-el-pacifico-sigue-la-trayectoria-aqui\\\/#primaryimage\"},\"image\":{\"@id\":\"https:\\\/\\\/fuentesfidedignas.com.mx\\\/index.php\\\/2023\\\/08\\\/05\\\/tormenta-tropical-eugene-se-forma-en-el-pacifico-sigue-la-trayectoria-aqui\\\/#primaryimage\"},\"thumbnailUrl\":\"https:\\\/\\\/fuentesfidedignas.com.mx\\\/wp-content\\\/uploads\\\/2023\\\/08\\\/eugene-tormenta-1280x720-1.webp\",\"datePublished\":\"2023-08-05T21:51:00+00:00\",\"dateModified\":\"2023-08-06T00:57:02+00:00\",\"breadcrumb\":{\"@id\":\"https:\\\/\\\/fuentesfidedignas.com.mx\\\/index.php\\\/2023\\\/08\\\/05\\\/tormenta-tropical-eugene-se-forma-en-el-pacifico-sigue-la-trayectoria-aqui\\\/#breadcrumb\"},\"inLanguage\":\"es\",\"potentialAction\":[{\"@type\":\"ReadAction\",\"target\":[\"https:\\\/\\\/fuentesfidedignas.com.mx\\\/index.php\\\/2023\\\/08\\\/05\\\/tormenta-tropical-eugene-se-forma-en-el-pacifico-sigue-la-trayectoria-aqui\\\/\"]}]},{\"@type\":\"ImageObject\",\"inLanguage\":\"es\",\"@id\":\"https:\\\/\\\/fuentesfidedignas.com.mx\\\/index.php\\\/2023\\\/08\\\/05\\\/tormenta-tropical-eugene-se-forma-en-el-pacifico-sigue-la-trayectoria-aqui\\\/#primaryimage\",\"url\":\"https:\\\/\\\/fuentesfidedignas.com.mx\\\/wp-content\\\/uploads\\\/2023\\\/08\\\/eugene-tormenta-1280x720-1.webp\",\"contentUrl\":\"https:\\\/\\\/fuentesfidedignas.com.mx\\\/wp-content\\\/uploads\\\/2023\\\/08\\\/eugene-tormenta-1280x720-1.webp\",\"width\":1280,\"height\":720},{\"@type\":\"BreadcrumbList\",\"@id\":\"https:\\\/\\\/fuentesfidedignas.com.mx\\\/index.php\\\/2023\\\/08\\\/05\\\/tormenta-tropical-eugene-se-forma-en-el-pacifico-sigue-la-trayectoria-aqui\\\/#breadcrumb\",\"itemListElement\":[{\"@type\":\"ListItem\",\"position\":1,\"name\":\"Inicio\",\"item\":\"https:\\\/\\\/fuentesfidedignas.com.mx\\\/\"},{\"@type\":\"ListItem\",\"position\":2,\"name\":\"Tormenta tropical \u2018Eugene\u2019 se forma en el Pac\u00edfico: Sigue la trayectoria aqu\u00ed\"}]},{\"@type\":\"WebSite\",\"@id\":\"https:\\\/\\\/fuentesfidedignas.com.mx\\\/#website\",\"url\":\"https:\\\/\\\/fuentesfidedignas.com.mx\\\/\",\"name\":\"Fuentes Fidedignas\",\"description\":\"Otro sitio realizado con WordPress\",\"publisher\":{\"@id\":\"https:\\\/\\\/fuentesfidedignas.com.mx\\\/#organization\"},\"potentialAction\":[{\"@type\":\"SearchAction\",\"target\":{\"@type\":\"EntryPoint\",\"urlTemplate\":\"https:\\\/\\\/fuentesfidedignas.com.mx\\\/?s={search_term_string}\"},\"query-input\":{\"@type\":\"PropertyValueSpecification\",\"valueRequired\":true,\"valueName\":\"search_term_string\"}}],\"inLanguage\":\"es\"},{\"@type\":\"Organization\",\"@id\":\"https:\\\/\\\/fuentesfidedignas.com.mx\\\/#organization\",\"name\":\"Fuentes Fidedignas\",\"url\":\"https:\\\/\\\/fuentesfidedignas.com.mx\\\/\",\"logo\":{\"@type\":\"ImageObject\",\"inLanguage\":\"es\",\"@id\":\"https:\\\/\\\/fuentesfidedignas.com.mx\\\/#\\\/schema\\\/logo\\\/image\\\/\",\"url\":\"https:\\\/\\\/fuentesfidedignas.com.mx\\\/wp-content\\\/uploads\\\/2021\\\/04\\\/logo-retina.png\",\"contentUrl\":\"https:\\\/\\\/fuentesfidedignas.com.mx\\\/wp-content\\\/uploads\\\/2021\\\/04\\\/logo-retina.png\",\"width\":280,\"height\":51,\"caption\":\"Fuentes Fidedignas\"},\"image\":{\"@id\":\"https:\\\/\\\/fuentesfidedignas.com.mx\\\/#\\\/schema\\\/logo\\\/image\\\/\"},\"sameAs\":[\"https:\\\/\\\/www.facebook.com\\\/Fuentes-Fidedignas-368234489921644\",\"https:\\\/\\\/x.com\\\/fidedignas\"]},{\"@type\":\"Person\",\"@id\":\"https:\\\/\\\/fuentesfidedignas.com.mx\\\/#\\\/schema\\\/person\\\/5623d53fe2e579d825b1679734abcc44\",\"name\":\"Forbes\",\"image\":{\"@type\":\"ImageObject\",\"inLanguage\":\"es\",\"@id\":\"https:\\\/\\\/secure.gravatar.com\\\/avatar\\\/87ce3dd4e41e60c22a79c758614f01a6bc2469255fc936ec7b15efb9bb5cb66f?s=96&d=mm&r=g\",\"url\":\"https:\\\/\\\/secure.gravatar.com\\\/avatar\\\/87ce3dd4e41e60c22a79c758614f01a6bc2469255fc936ec7b15efb9bb5cb66f?s=96&d=mm&r=g\",\"contentUrl\":\"https:\\\/\\\/secure.gravatar.com\\\/avatar\\\/87ce3dd4e41e60c22a79c758614f01a6bc2469255fc936ec7b15efb9bb5cb66f?s=96&d=mm&r=g\",\"caption\":\"Forbes\"},\"url\":\"https:\\\/\\\/fuentesfidedignas.com.mx\\\/index.php\\\/author\\\/forbes\\\/\"}]}<\/script>\n<!-- \/ Yoast SEO plugin. -->","yoast_head_json":{"title":"Tormenta tropical \u2018Eugene\u2019 se forma en el Pac\u00edfico: Sigue la trayectoria aqu\u00ed - Fuentes Fidedignas","robots":{"index":"index","follow":"follow","max-snippet":"max-snippet:-1","max-image-preview":"max-image-preview:large","max-video-preview":"max-video-preview:-1"},"canonical":"https:\/\/fuentesfidedignas.com.mx\/index.php\/2023\/08\/05\/tormenta-tropical-eugene-se-forma-en-el-pacifico-sigue-la-trayectoria-aqui\/","og_locale":"es_MX","og_type":"article","og_title":"Tormenta tropical \u2018Eugene\u2019 se forma en el Pac\u00edfico: Sigue la trayectoria aqu\u00ed - Fuentes Fidedignas","og_description":"La tormenta tropical se encuentra al oeste de Cabo Corrientes y al sur de Cabo San Lucas, seg\u00fan la Conagua Jalisco. La tormenta tropical \u2018Eugene\u2019, tercer cicl\u00f3n de la temporada 2023, se form\u00f3 este s\u00e1bado en el Pac\u00edfico mexicano, y sus bandas nubosas provocar\u00e1n lluvias en estados del occidente del pa\u00eds, inform\u00f3 el Servicio Meteorol\u00f3gico [&hellip;]","og_url":"https:\/\/fuentesfidedignas.com.mx\/index.php\/2023\/08\/05\/tormenta-tropical-eugene-se-forma-en-el-pacifico-sigue-la-trayectoria-aqui\/","og_site_name":"Fuentes Fidedignas","article_publisher":"https:\/\/www.facebook.com\/Fuentes-Fidedignas-368234489921644","article_published_time":"2023-08-05T21:51:00+00:00","article_modified_time":"2023-08-06T00:57:02+00:00","og_image":[{"width":1280,"height":720,"url":"https:\/\/fuentesfidedignas.com.mx\/wp-content\/uploads\/2023\/08\/eugene-tormenta-1280x720-1.webp","type":"image\/webp"}],"author":"Forbes","twitter_card":"summary_large_image","twitter_creator":"@fidedignas","twitter_site":"@fidedignas","twitter_misc":{"Escrito por":"Forbes","Tiempo de lectura":"2 minutos"},"schema":{"@context":"https:\/\/schema.org","@graph":[{"@type":"Article","@id":"https:\/\/fuentesfidedignas.com.mx\/index.php\/2023\/08\/05\/tormenta-tropical-eugene-se-forma-en-el-pacifico-sigue-la-trayectoria-aqui\/#article","isPartOf":{"@id":"https:\/\/fuentesfidedignas.com.mx\/index.php\/2023\/08\/05\/tormenta-tropical-eugene-se-forma-en-el-pacifico-sigue-la-trayectoria-aqui\/"},"author":{"name":"Forbes","@id":"https:\/\/fuentesfidedignas.com.mx\/#\/schema\/person\/5623d53fe2e579d825b1679734abcc44"},"headline":"Tormenta tropical \u2018Eugene\u2019 se forma en el Pac\u00edfico: Sigue la trayectoria aqu\u00ed","datePublished":"2023-08-05T21:51:00+00:00","dateModified":"2023-08-06T00:57:02+00:00","mainEntityOfPage":{"@id":"https:\/\/fuentesfidedignas.com.mx\/index.php\/2023\/08\/05\/tormenta-tropical-eugene-se-forma-en-el-pacifico-sigue-la-trayectoria-aqui\/"},"wordCount":383,"commentCount":0,"publisher":{"@id":"https:\/\/fuentesfidedignas.com.mx\/#organization"},"image":{"@id":"https:\/\/fuentesfidedignas.com.mx\/index.php\/2023\/08\/05\/tormenta-tropical-eugene-se-forma-en-el-pacifico-sigue-la-trayectoria-aqui\/#primaryimage"},"thumbnailUrl":"https:\/\/fuentesfidedignas.com.mx\/wp-content\/uploads\/2023\/08\/eugene-tormenta-1280x720-1.webp","articleSection":["NOTICIAS NACIONALES"],"inLanguage":"es","potentialAction":[{"@type":"CommentAction","name":"Comment","target":["https:\/\/fuentesfidedignas.com.mx\/index.php\/2023\/08\/05\/tormenta-tropical-eugene-se-forma-en-el-pacifico-sigue-la-trayectoria-aqui\/#respond"]}]},{"@type":"WebPage","@id":"https:\/\/fuentesfidedignas.com.mx\/index.php\/2023\/08\/05\/tormenta-tropical-eugene-se-forma-en-el-pacifico-sigue-la-trayectoria-aqui\/","url":"https:\/\/fuentesfidedignas.com.mx\/index.php\/2023\/08\/05\/tormenta-tropical-eugene-se-forma-en-el-pacifico-sigue-la-trayectoria-aqui\/","name":"Tormenta tropical \u2018Eugene\u2019 se forma en el Pac\u00edfico: Sigue la trayectoria aqu\u00ed - Fuentes Fidedignas","isPartOf":{"@id":"https:\/\/fuentesfidedignas.com.mx\/#website"},"primaryImageOfPage":{"@id":"https:\/\/fuentesfidedignas.com.mx\/index.php\/2023\/08\/05\/tormenta-tropical-eugene-se-forma-en-el-pacifico-sigue-la-trayectoria-aqui\/#primaryimage"},"image":{"@id":"https:\/\/fuentesfidedignas.com.mx\/index.php\/2023\/08\/05\/tormenta-tropical-eugene-se-forma-en-el-pacifico-sigue-la-trayectoria-aqui\/#primaryimage"},"thumbnailUrl":"https:\/\/fuentesfidedignas.com.mx\/wp-content\/uploads\/2023\/08\/eugene-tormenta-1280x720-1.webp","datePublished":"2023-08-05T21:51:00+00:00","dateModified":"2023-08-06T00:57:02+00:00","breadcrumb":{"@id":"https:\/\/fuentesfidedignas.com.mx\/index.php\/2023\/08\/05\/tormenta-tropical-eugene-se-forma-en-el-pacifico-sigue-la-trayectoria-aqui\/#breadcrumb"},"inLanguage":"es","potentialAction":[{"@type":"ReadAction","target":["https:\/\/fuentesfidedignas.com.mx\/index.php\/2023\/08\/05\/tormenta-tropical-eugene-se-forma-en-el-pacifico-sigue-la-trayectoria-aqui\/"]}]},{"@type":"ImageObject","inLanguage":"es","@id":"https:\/\/fuentesfidedignas.com.mx\/index.php\/2023\/08\/05\/tormenta-tropical-eugene-se-forma-en-el-pacifico-sigue-la-trayectoria-aqui\/#primaryimage","url":"https:\/\/fuentesfidedignas.com.mx\/wp-content\/uploads\/2023\/08\/eugene-tormenta-1280x720-1.webp","contentUrl":"https:\/\/fuentesfidedignas.com.mx\/wp-content\/uploads\/2023\/08\/eugene-tormenta-1280x720-1.webp","width":1280,"height":720},{"@type":"BreadcrumbList","@id":"https:\/\/fuentesfidedignas.com.mx\/index.php\/2023\/08\/05\/tormenta-tropical-eugene-se-forma-en-el-pacifico-sigue-la-trayectoria-aqui\/#breadcrumb","itemListElement":[{"@type":"ListItem","position":1,"name":"Inicio","item":"https:\/\/fuentesfidedignas.com.mx\/"},{"@type":"ListItem","position":2,"name":"Tormenta tropical \u2018Eugene\u2019 se forma en el Pac\u00edfico: Sigue la trayectoria aqu\u00ed"}]},{"@type":"WebSite","@id":"https:\/\/fuentesfidedignas.com.mx\/#website","url":"https:\/\/fuentesfidedignas.com.mx\/","name":"Fuentes Fidedignas","description":"Otro sitio realizado con WordPress","publisher":{"@id":"https:\/\/fuentesfidedignas.com.mx\/#organization"},"potentialAction":[{"@type":"SearchAction","target":{"@type":"EntryPoint","urlTemplate":"https:\/\/fuentesfidedignas.com.mx\/?s={search_term_string}"},"query-input":{"@type":"PropertyValueSpecification","valueRequired":true,"valueName":"search_term_string"}}],"inLanguage":"es"},{"@type":"Organization","@id":"https:\/\/fuentesfidedignas.com.mx\/#organization","name":"Fuentes Fidedignas","url":"https:\/\/fuentesfidedignas.com.mx\/","logo":{"@type":"ImageObject","inLanguage":"es","@id":"https:\/\/fuentesfidedignas.com.mx\/#\/schema\/logo\/image\/","url":"https:\/\/fuentesfidedignas.com.mx\/wp-content\/uploads\/2021\/04\/logo-retina.png","contentUrl":"https:\/\/fuentesfidedignas.com.mx\/wp-content\/uploads\/2021\/04\/logo-retina.png","width":280,"height":51,"caption":"Fuentes Fidedignas"},"image":{"@id":"https:\/\/fuentesfidedignas.com.mx\/#\/schema\/logo\/image\/"},"sameAs":["https:\/\/www.facebook.com\/Fuentes-Fidedignas-368234489921644","https:\/\/x.com\/fidedignas"]},{"@type":"Person","@id":"https:\/\/fuentesfidedignas.com.mx\/#\/schema\/person\/5623d53fe2e579d825b1679734abcc44","name":"Forbes","image":{"@type":"ImageObject","inLanguage":"es","@id":"https:\/\/secure.gravatar.com\/avatar\/87ce3dd4e41e60c22a79c758614f01a6bc2469255fc936ec7b15efb9bb5cb66f?s=96&d=mm&r=g","url":"https:\/\/secure.gravatar.com\/avatar\/87ce3dd4e41e60c22a79c758614f01a6bc2469255fc936ec7b15efb9bb5cb66f?s=96&d=mm&r=g","contentUrl":"https:\/\/secure.gravatar.com\/avatar\/87ce3dd4e41e60c22a79c758614f01a6bc2469255fc936ec7b15efb9bb5cb66f?s=96&d=mm&r=g","caption":"Forbes"},"url":"https:\/\/fuentesfidedignas.com.mx\/index.php\/author\/forbes\/"}]}},"_links":{"self":[{"href":"https:\/\/fuentesfidedignas.com.mx\/index.php\/wp-json\/wp\/v2\/posts\/54581","targetHints":{"allow":["GET"]}}],"collection":[{"href":"https:\/\/fuentesfidedignas.com.mx\/index.php\/wp-json\/wp\/v2\/posts"}],"about":[{"href":"https:\/\/fuentesfidedignas.com.mx\/index.php\/wp-json\/wp\/v2\/types\/post"}],"author":[{"embeddable":true,"href":"https:\/\/fuentesfidedignas.com.mx\/index.php\/wp-json\/wp\/v2\/users\/5"}],"replies":[{"embeddable":true,"href":"https:\/\/fuentesfidedignas.com.mx\/index.php\/wp-json\/wp\/v2\/comments?post=54581"}],"version-history":[{"count":2,"href":"https:\/\/fuentesfidedignas.com.mx\/index.php\/wp-json\/wp\/v2\/posts\/54581\/revisions"}],"predecessor-version":[{"id":54584,"href":"https:\/\/fuentesfidedignas.com.mx\/index.php\/wp-json\/wp\/v2\/posts\/54581\/revisions\/54584"}],"wp:featuredmedia":[{"embeddable":true,"href":"https:\/\/fuentesfidedignas.com.mx\/index.php\/wp-json\/wp\/v2\/media\/54583"}],"wp:attachment":[{"href":"https:\/\/fuentesfidedignas.com.mx\/index.php\/wp-json\/wp\/v2\/media?parent=54581"}],"wp:term":[{"taxonomy":"category","embeddable":true,"href":"https:\/\/fuentesfidedignas.com.mx\/index.php\/wp-json\/wp\/v2\/categories?post=54581"},{"taxonomy":"post_tag","embeddable":true,"href":"https:\/\/fuentesfidedignas.com.mx\/index.php\/wp-json\/wp\/v2\/tags?post=54581"}],"curies":[{"name":"wp","href":"https:\/\/api.w.org\/{rel}","templated":true}]}}