{"id":54550,"date":"2023-08-05T13:06:50","date_gmt":"2023-08-05T20:06:50","guid":{"rendered":"https:\/\/fuentesfidedignas.com.mx\/?p=54550"},"modified":"2023-08-05T13:08:14","modified_gmt":"2023-08-05T20:08:14","slug":"hallan-sin-vida-a-maria-fernanda-mexicana-desaparecida-en-berlin","status":"publish","type":"post","link":"https:\/\/fuentesfidedignas.com.mx\/index.php\/2023\/08\/05\/hallan-sin-vida-a-maria-fernanda-mexicana-desaparecida-en-berlin\/","title":{"rendered":"Hallan sin vida a Mar\u00eda Fernanda, mexicana desaparecida en Berl\u00edn"},"content":{"rendered":"\n<p><strong><em>La Polic\u00eda de Berl\u00edn confirm\u00f3 que el cuerpo de Mar\u00eda Fernanda fue hallado en el Canal Teltow<\/em><\/strong><\/p>\n\n\n\n<p>Alemania. La&nbsp;<strong>Polic\u00eda de Berl\u00edn&nbsp;<\/strong>dio a conocer en un comunicado que fue hallado el&nbsp;<a href=\"https:\/\/www.elfinanciero.com.mx\/nacional\/2023\/08\/01\/desaparicion-de-maria-fernanda-por-que-la-proteccion-de-datos-de-alemania-dificulta-su-busqueda\/\">cuerpo de Mar\u00eda Fernanda S\u00e1nchez,<\/a>&nbsp;desaparecida en Alemania.<\/p>\n\n\n\n<p>La polic\u00eda inform\u00f3 que \u201cla persona desaparecida fue encontrada sin vida por un transe\u00fante en el Canal Teltow en Adlershof\u201d.<\/p>\n\n\n\n<p>Tambi\u00e9n explic\u00f3 que \u201cde acuerdo con el conocimiento actual\u201d,&nbsp;<strong>no se puede asumir ninguna culpa<\/strong>&nbsp;de terceros o alguna persona que haya estado involucrado en la desaparici\u00f3n y muerte de la joven.<\/p>\n\n\n\n<p>Sin embargo, en el comunicado se detall\u00f3 que las investigaciones contin\u00faan por parte de la polic\u00eda criminal.<\/p>\n\n\n\n<p>La<strong>\u00a0Secretar\u00eda de Relaciones Exteriores (SRE)\u00a0<\/strong>public\u00f3 en Twitter que la embajada de Alemania acompa\u00f1a a la familia de Mar\u00eda Fernanda.<\/p>\n\n\n\n<figure class=\"wp-block-embed is-type-rich is-provider-twitter wp-block-embed-twitter\"><div class=\"wp-block-embed__wrapper\">\n<blockquote class=\"twitter-tweet\" data-width=\"550\" data-dnt=\"true\"><p lang=\"es\" dir=\"ltr\">Autoridades de Alemania informaron del hallazgo de una joven fallecida que corresponde con las caracter\u00edsticas de la mexicana Mar\u00eda Fernanda S\u00e1nchez; verifican identidad. La <a href=\"https:\/\/twitter.com\/EmbaMexAle?ref_src=twsrc%5Etfw\">@EmbamexAle<\/a> acompa\u00f1a a la familia de la joven. M\u00e1s informaci\u00f3n, en breve.<\/p>&mdash; Relaciones Exteriores (@SRE_mx) <a href=\"https:\/\/twitter.com\/SRE_mx\/status\/1687908698033655808?ref_src=twsrc%5Etfw\">August 5, 2023<\/a><\/blockquote><script async src=\"https:\/\/platform.twitter.com\/widgets.js\" charset=\"utf-8\"><\/script>\n<\/div><\/figure>\n\n\n\n<p>Mar\u00eda Fernanda S\u00e1nchez fue reportada como desaparecida desde el 22 de julio.<\/p>\n","protected":false},"excerpt":{"rendered":"<p>La Polic\u00eda de Berl\u00edn confirm\u00f3 que el cuerpo de Mar\u00eda Fernanda fue hallado en el Canal Teltow Alemania. La&nbsp;Polic\u00eda de Berl\u00edn&nbsp;dio a conocer en un comunicado que fue hallado el&nbsp;cuerpo de Mar\u00eda Fernanda S\u00e1nchez,&nbsp;desaparecida en Alemania. La polic\u00eda inform\u00f3 que \u201cla persona desaparecida fue encontrada sin vida por un transe\u00fante en el Canal Teltow en [&hellip;]<\/p>\n","protected":false},"author":21,"featured_media":54552,"comment_status":"open","ping_status":"open","sticky":false,"template":"","format":"standard","meta":{"tdm_status":"","tdm_grid_status":"","footnotes":""},"categories":[39,1],"tags":[],"class_list":{"0":"post-54550","1":"post","2":"type-post","3":"status-publish","4":"format-standard","5":"has-post-thumbnail","7":"category-noticias-nacionales","8":"category-sin-categoria"},"yoast_head":"<!-- This site is optimized with the Yoast SEO plugin v27.5 - https:\/\/yoast.com\/product\/yoast-seo-wordpress\/ -->\n<title>Hallan sin vida a Mar\u00eda Fernanda, mexicana desaparecida en Berl\u00edn - Fuentes Fidedignas<\/title>\n<meta name=\"robots\" content=\"index, follow, max-snippet:-1, max-image-preview:large, max-video-preview:-1\" \/>\n<link rel=\"canonical\" href=\"https:\/\/fuentesfidedignas.com.mx\/index.php\/2023\/08\/05\/hallan-sin-vida-a-maria-fernanda-mexicana-desaparecida-en-berlin\/\" \/>\n<meta property=\"og:locale\" content=\"es_MX\" \/>\n<meta property=\"og:type\" content=\"article\" \/>\n<meta property=\"og:title\" content=\"Hallan sin vida a Mar\u00eda Fernanda, mexicana desaparecida en Berl\u00edn - Fuentes Fidedignas\" \/>\n<meta property=\"og:description\" content=\"La Polic\u00eda de Berl\u00edn confirm\u00f3 que el cuerpo de Mar\u00eda Fernanda fue hallado en el Canal Teltow Alemania. La&nbsp;Polic\u00eda de Berl\u00edn&nbsp;dio a conocer en un comunicado que fue hallado el&nbsp;cuerpo de Mar\u00eda Fernanda S\u00e1nchez,&nbsp;desaparecida en Alemania. La polic\u00eda inform\u00f3 que \u201cla persona desaparecida fue encontrada sin vida por un transe\u00fante en el Canal Teltow en [&hellip;]\" \/>\n<meta property=\"og:url\" content=\"https:\/\/fuentesfidedignas.com.mx\/index.php\/2023\/08\/05\/hallan-sin-vida-a-maria-fernanda-mexicana-desaparecida-en-berlin\/\" \/>\n<meta property=\"og:site_name\" content=\"Fuentes Fidedignas\" \/>\n<meta property=\"article:publisher\" content=\"https:\/\/www.facebook.com\/Fuentes-Fidedignas-368234489921644\" \/>\n<meta property=\"article:published_time\" content=\"2023-08-05T20:06:50+00:00\" \/>\n<meta property=\"article:modified_time\" content=\"2023-08-05T20:08:14+00:00\" \/>\n<meta property=\"og:image\" content=\"https:\/\/fuentesfidedignas.com.mx\/wp-content\/uploads\/2023\/08\/images-5.jpeg\" \/>\n\t<meta property=\"og:image:width\" content=\"414\" \/>\n\t<meta property=\"og:image:height\" content=\"233\" \/>\n\t<meta property=\"og:image:type\" content=\"image\/jpeg\" \/>\n<meta name=\"author\" content=\"El Financiero\" \/>\n<meta name=\"twitter:card\" content=\"summary_large_image\" \/>\n<meta name=\"twitter:creator\" content=\"@fidedignas\" \/>\n<meta name=\"twitter:site\" content=\"@fidedignas\" \/>\n<meta name=\"twitter:label1\" content=\"Escrito por\" \/>\n\t<meta name=\"twitter:data1\" content=\"El Financiero\" \/>\n\t<meta name=\"twitter:label2\" content=\"Tiempo de lectura\" \/>\n\t<meta name=\"twitter:data2\" content=\"1 minuto\" \/>\n<script type=\"application\/ld+json\" class=\"yoast-schema-graph\">{\"@context\":\"https:\\\/\\\/schema.org\",\"@graph\":[{\"@type\":\"Article\",\"@id\":\"https:\\\/\\\/fuentesfidedignas.com.mx\\\/index.php\\\/2023\\\/08\\\/05\\\/hallan-sin-vida-a-maria-fernanda-mexicana-desaparecida-en-berlin\\\/#article\",\"isPartOf\":{\"@id\":\"https:\\\/\\\/fuentesfidedignas.com.mx\\\/index.php\\\/2023\\\/08\\\/05\\\/hallan-sin-vida-a-maria-fernanda-mexicana-desaparecida-en-berlin\\\/\"},\"author\":{\"name\":\"El Financiero\",\"@id\":\"https:\\\/\\\/fuentesfidedignas.com.mx\\\/#\\\/schema\\\/person\\\/494f7e0dce8dfaaec5b64f16615b78e9\"},\"headline\":\"Hallan sin vida a Mar\u00eda Fernanda, mexicana desaparecida en Berl\u00edn\",\"datePublished\":\"2023-08-05T20:06:50+00:00\",\"dateModified\":\"2023-08-05T20:08:14+00:00\",\"mainEntityOfPage\":{\"@id\":\"https:\\\/\\\/fuentesfidedignas.com.mx\\\/index.php\\\/2023\\\/08\\\/05\\\/hallan-sin-vida-a-maria-fernanda-mexicana-desaparecida-en-berlin\\\/\"},\"wordCount\":190,\"commentCount\":0,\"publisher\":{\"@id\":\"https:\\\/\\\/fuentesfidedignas.com.mx\\\/#organization\"},\"image\":{\"@id\":\"https:\\\/\\\/fuentesfidedignas.com.mx\\\/index.php\\\/2023\\\/08\\\/05\\\/hallan-sin-vida-a-maria-fernanda-mexicana-desaparecida-en-berlin\\\/#primaryimage\"},\"thumbnailUrl\":\"https:\\\/\\\/fuentesfidedignas.com.mx\\\/wp-content\\\/uploads\\\/2023\\\/08\\\/images-5.jpeg\",\"articleSection\":[\"NOTICIAS NACIONALES\"],\"inLanguage\":\"es\",\"potentialAction\":[{\"@type\":\"CommentAction\",\"name\":\"Comment\",\"target\":[\"https:\\\/\\\/fuentesfidedignas.com.mx\\\/index.php\\\/2023\\\/08\\\/05\\\/hallan-sin-vida-a-maria-fernanda-mexicana-desaparecida-en-berlin\\\/#respond\"]}]},{\"@type\":\"WebPage\",\"@id\":\"https:\\\/\\\/fuentesfidedignas.com.mx\\\/index.php\\\/2023\\\/08\\\/05\\\/hallan-sin-vida-a-maria-fernanda-mexicana-desaparecida-en-berlin\\\/\",\"url\":\"https:\\\/\\\/fuentesfidedignas.com.mx\\\/index.php\\\/2023\\\/08\\\/05\\\/hallan-sin-vida-a-maria-fernanda-mexicana-desaparecida-en-berlin\\\/\",\"name\":\"Hallan sin vida a Mar\u00eda Fernanda, mexicana desaparecida en Berl\u00edn - Fuentes Fidedignas\",\"isPartOf\":{\"@id\":\"https:\\\/\\\/fuentesfidedignas.com.mx\\\/#website\"},\"primaryImageOfPage\":{\"@id\":\"https:\\\/\\\/fuentesfidedignas.com.mx\\\/index.php\\\/2023\\\/08\\\/05\\\/hallan-sin-vida-a-maria-fernanda-mexicana-desaparecida-en-berlin\\\/#primaryimage\"},\"image\":{\"@id\":\"https:\\\/\\\/fuentesfidedignas.com.mx\\\/index.php\\\/2023\\\/08\\\/05\\\/hallan-sin-vida-a-maria-fernanda-mexicana-desaparecida-en-berlin\\\/#primaryimage\"},\"thumbnailUrl\":\"https:\\\/\\\/fuentesfidedignas.com.mx\\\/wp-content\\\/uploads\\\/2023\\\/08\\\/images-5.jpeg\",\"datePublished\":\"2023-08-05T20:06:50+00:00\",\"dateModified\":\"2023-08-05T20:08:14+00:00\",\"breadcrumb\":{\"@id\":\"https:\\\/\\\/fuentesfidedignas.com.mx\\\/index.php\\\/2023\\\/08\\\/05\\\/hallan-sin-vida-a-maria-fernanda-mexicana-desaparecida-en-berlin\\\/#breadcrumb\"},\"inLanguage\":\"es\",\"potentialAction\":[{\"@type\":\"ReadAction\",\"target\":[\"https:\\\/\\\/fuentesfidedignas.com.mx\\\/index.php\\\/2023\\\/08\\\/05\\\/hallan-sin-vida-a-maria-fernanda-mexicana-desaparecida-en-berlin\\\/\"]}]},{\"@type\":\"ImageObject\",\"inLanguage\":\"es\",\"@id\":\"https:\\\/\\\/fuentesfidedignas.com.mx\\\/index.php\\\/2023\\\/08\\\/05\\\/hallan-sin-vida-a-maria-fernanda-mexicana-desaparecida-en-berlin\\\/#primaryimage\",\"url\":\"https:\\\/\\\/fuentesfidedignas.com.mx\\\/wp-content\\\/uploads\\\/2023\\\/08\\\/images-5.jpeg\",\"contentUrl\":\"https:\\\/\\\/fuentesfidedignas.com.mx\\\/wp-content\\\/uploads\\\/2023\\\/08\\\/images-5.jpeg\",\"width\":414,\"height\":233},{\"@type\":\"BreadcrumbList\",\"@id\":\"https:\\\/\\\/fuentesfidedignas.com.mx\\\/index.php\\\/2023\\\/08\\\/05\\\/hallan-sin-vida-a-maria-fernanda-mexicana-desaparecida-en-berlin\\\/#breadcrumb\",\"itemListElement\":[{\"@type\":\"ListItem\",\"position\":1,\"name\":\"Inicio\",\"item\":\"https:\\\/\\\/fuentesfidedignas.com.mx\\\/\"},{\"@type\":\"ListItem\",\"position\":2,\"name\":\"Hallan sin vida a Mar\u00eda Fernanda, mexicana desaparecida en Berl\u00edn\"}]},{\"@type\":\"WebSite\",\"@id\":\"https:\\\/\\\/fuentesfidedignas.com.mx\\\/#website\",\"url\":\"https:\\\/\\\/fuentesfidedignas.com.mx\\\/\",\"name\":\"Fuentes Fidedignas\",\"description\":\"Otro sitio realizado con WordPress\",\"publisher\":{\"@id\":\"https:\\\/\\\/fuentesfidedignas.com.mx\\\/#organization\"},\"potentialAction\":[{\"@type\":\"SearchAction\",\"target\":{\"@type\":\"EntryPoint\",\"urlTemplate\":\"https:\\\/\\\/fuentesfidedignas.com.mx\\\/?s={search_term_string}\"},\"query-input\":{\"@type\":\"PropertyValueSpecification\",\"valueRequired\":true,\"valueName\":\"search_term_string\"}}],\"inLanguage\":\"es\"},{\"@type\":\"Organization\",\"@id\":\"https:\\\/\\\/fuentesfidedignas.com.mx\\\/#organization\",\"name\":\"Fuentes Fidedignas\",\"url\":\"https:\\\/\\\/fuentesfidedignas.com.mx\\\/\",\"logo\":{\"@type\":\"ImageObject\",\"inLanguage\":\"es\",\"@id\":\"https:\\\/\\\/fuentesfidedignas.com.mx\\\/#\\\/schema\\\/logo\\\/image\\\/\",\"url\":\"https:\\\/\\\/fuentesfidedignas.com.mx\\\/wp-content\\\/uploads\\\/2021\\\/04\\\/logo-retina.png\",\"contentUrl\":\"https:\\\/\\\/fuentesfidedignas.com.mx\\\/wp-content\\\/uploads\\\/2021\\\/04\\\/logo-retina.png\",\"width\":280,\"height\":51,\"caption\":\"Fuentes Fidedignas\"},\"image\":{\"@id\":\"https:\\\/\\\/fuentesfidedignas.com.mx\\\/#\\\/schema\\\/logo\\\/image\\\/\"},\"sameAs\":[\"https:\\\/\\\/www.facebook.com\\\/Fuentes-Fidedignas-368234489921644\",\"https:\\\/\\\/x.com\\\/fidedignas\"]},{\"@type\":\"Person\",\"@id\":\"https:\\\/\\\/fuentesfidedignas.com.mx\\\/#\\\/schema\\\/person\\\/494f7e0dce8dfaaec5b64f16615b78e9\",\"name\":\"El Financiero\",\"image\":{\"@type\":\"ImageObject\",\"inLanguage\":\"es\",\"@id\":\"https:\\\/\\\/secure.gravatar.com\\\/avatar\\\/88c0f3f2079389318ef8dd35c22cb997212aa89646e357ba59b318db26ed91a9?s=96&d=mm&r=g\",\"url\":\"https:\\\/\\\/secure.gravatar.com\\\/avatar\\\/88c0f3f2079389318ef8dd35c22cb997212aa89646e357ba59b318db26ed91a9?s=96&d=mm&r=g\",\"contentUrl\":\"https:\\\/\\\/secure.gravatar.com\\\/avatar\\\/88c0f3f2079389318ef8dd35c22cb997212aa89646e357ba59b318db26ed91a9?s=96&d=mm&r=g\",\"caption\":\"El Financiero\"},\"url\":\"https:\\\/\\\/fuentesfidedignas.com.mx\\\/index.php\\\/author\\\/financiero\\\/\"}]}<\/script>\n<!-- \/ Yoast SEO plugin. -->","yoast_head_json":{"title":"Hallan sin vida a Mar\u00eda Fernanda, mexicana desaparecida en Berl\u00edn - Fuentes Fidedignas","robots":{"index":"index","follow":"follow","max-snippet":"max-snippet:-1","max-image-preview":"max-image-preview:large","max-video-preview":"max-video-preview:-1"},"canonical":"https:\/\/fuentesfidedignas.com.mx\/index.php\/2023\/08\/05\/hallan-sin-vida-a-maria-fernanda-mexicana-desaparecida-en-berlin\/","og_locale":"es_MX","og_type":"article","og_title":"Hallan sin vida a Mar\u00eda Fernanda, mexicana desaparecida en Berl\u00edn - Fuentes Fidedignas","og_description":"La Polic\u00eda de Berl\u00edn confirm\u00f3 que el cuerpo de Mar\u00eda Fernanda fue hallado en el Canal Teltow Alemania. La&nbsp;Polic\u00eda de Berl\u00edn&nbsp;dio a conocer en un comunicado que fue hallado el&nbsp;cuerpo de Mar\u00eda Fernanda S\u00e1nchez,&nbsp;desaparecida en Alemania. La polic\u00eda inform\u00f3 que \u201cla persona desaparecida fue encontrada sin vida por un transe\u00fante en el Canal Teltow en [&hellip;]","og_url":"https:\/\/fuentesfidedignas.com.mx\/index.php\/2023\/08\/05\/hallan-sin-vida-a-maria-fernanda-mexicana-desaparecida-en-berlin\/","og_site_name":"Fuentes Fidedignas","article_publisher":"https:\/\/www.facebook.com\/Fuentes-Fidedignas-368234489921644","article_published_time":"2023-08-05T20:06:50+00:00","article_modified_time":"2023-08-05T20:08:14+00:00","og_image":[{"width":414,"height":233,"url":"https:\/\/fuentesfidedignas.com.mx\/wp-content\/uploads\/2023\/08\/images-5.jpeg","type":"image\/jpeg"}],"author":"El Financiero","twitter_card":"summary_large_image","twitter_creator":"@fidedignas","twitter_site":"@fidedignas","twitter_misc":{"Escrito por":"El Financiero","Tiempo de lectura":"1 minuto"},"schema":{"@context":"https:\/\/schema.org","@graph":[{"@type":"Article","@id":"https:\/\/fuentesfidedignas.com.mx\/index.php\/2023\/08\/05\/hallan-sin-vida-a-maria-fernanda-mexicana-desaparecida-en-berlin\/#article","isPartOf":{"@id":"https:\/\/fuentesfidedignas.com.mx\/index.php\/2023\/08\/05\/hallan-sin-vida-a-maria-fernanda-mexicana-desaparecida-en-berlin\/"},"author":{"name":"El Financiero","@id":"https:\/\/fuentesfidedignas.com.mx\/#\/schema\/person\/494f7e0dce8dfaaec5b64f16615b78e9"},"headline":"Hallan sin vida a Mar\u00eda Fernanda, mexicana desaparecida en Berl\u00edn","datePublished":"2023-08-05T20:06:50+00:00","dateModified":"2023-08-05T20:08:14+00:00","mainEntityOfPage":{"@id":"https:\/\/fuentesfidedignas.com.mx\/index.php\/2023\/08\/05\/hallan-sin-vida-a-maria-fernanda-mexicana-desaparecida-en-berlin\/"},"wordCount":190,"commentCount":0,"publisher":{"@id":"https:\/\/fuentesfidedignas.com.mx\/#organization"},"image":{"@id":"https:\/\/fuentesfidedignas.com.mx\/index.php\/2023\/08\/05\/hallan-sin-vida-a-maria-fernanda-mexicana-desaparecida-en-berlin\/#primaryimage"},"thumbnailUrl":"https:\/\/fuentesfidedignas.com.mx\/wp-content\/uploads\/2023\/08\/images-5.jpeg","articleSection":["NOTICIAS NACIONALES"],"inLanguage":"es","potentialAction":[{"@type":"CommentAction","name":"Comment","target":["https:\/\/fuentesfidedignas.com.mx\/index.php\/2023\/08\/05\/hallan-sin-vida-a-maria-fernanda-mexicana-desaparecida-en-berlin\/#respond"]}]},{"@type":"WebPage","@id":"https:\/\/fuentesfidedignas.com.mx\/index.php\/2023\/08\/05\/hallan-sin-vida-a-maria-fernanda-mexicana-desaparecida-en-berlin\/","url":"https:\/\/fuentesfidedignas.com.mx\/index.php\/2023\/08\/05\/hallan-sin-vida-a-maria-fernanda-mexicana-desaparecida-en-berlin\/","name":"Hallan sin vida a Mar\u00eda Fernanda, mexicana desaparecida en Berl\u00edn - Fuentes Fidedignas","isPartOf":{"@id":"https:\/\/fuentesfidedignas.com.mx\/#website"},"primaryImageOfPage":{"@id":"https:\/\/fuentesfidedignas.com.mx\/index.php\/2023\/08\/05\/hallan-sin-vida-a-maria-fernanda-mexicana-desaparecida-en-berlin\/#primaryimage"},"image":{"@id":"https:\/\/fuentesfidedignas.com.mx\/index.php\/2023\/08\/05\/hallan-sin-vida-a-maria-fernanda-mexicana-desaparecida-en-berlin\/#primaryimage"},"thumbnailUrl":"https:\/\/fuentesfidedignas.com.mx\/wp-content\/uploads\/2023\/08\/images-5.jpeg","datePublished":"2023-08-05T20:06:50+00:00","dateModified":"2023-08-05T20:08:14+00:00","breadcrumb":{"@id":"https:\/\/fuentesfidedignas.com.mx\/index.php\/2023\/08\/05\/hallan-sin-vida-a-maria-fernanda-mexicana-desaparecida-en-berlin\/#breadcrumb"},"inLanguage":"es","potentialAction":[{"@type":"ReadAction","target":["https:\/\/fuentesfidedignas.com.mx\/index.php\/2023\/08\/05\/hallan-sin-vida-a-maria-fernanda-mexicana-desaparecida-en-berlin\/"]}]},{"@type":"ImageObject","inLanguage":"es","@id":"https:\/\/fuentesfidedignas.com.mx\/index.php\/2023\/08\/05\/hallan-sin-vida-a-maria-fernanda-mexicana-desaparecida-en-berlin\/#primaryimage","url":"https:\/\/fuentesfidedignas.com.mx\/wp-content\/uploads\/2023\/08\/images-5.jpeg","contentUrl":"https:\/\/fuentesfidedignas.com.mx\/wp-content\/uploads\/2023\/08\/images-5.jpeg","width":414,"height":233},{"@type":"BreadcrumbList","@id":"https:\/\/fuentesfidedignas.com.mx\/index.php\/2023\/08\/05\/hallan-sin-vida-a-maria-fernanda-mexicana-desaparecida-en-berlin\/#breadcrumb","itemListElement":[{"@type":"ListItem","position":1,"name":"Inicio","item":"https:\/\/fuentesfidedignas.com.mx\/"},{"@type":"ListItem","position":2,"name":"Hallan sin vida a Mar\u00eda Fernanda, mexicana desaparecida en Berl\u00edn"}]},{"@type":"WebSite","@id":"https:\/\/fuentesfidedignas.com.mx\/#website","url":"https:\/\/fuentesfidedignas.com.mx\/","name":"Fuentes Fidedignas","description":"Otro sitio realizado con WordPress","publisher":{"@id":"https:\/\/fuentesfidedignas.com.mx\/#organization"},"potentialAction":[{"@type":"SearchAction","target":{"@type":"EntryPoint","urlTemplate":"https:\/\/fuentesfidedignas.com.mx\/?s={search_term_string}"},"query-input":{"@type":"PropertyValueSpecification","valueRequired":true,"valueName":"search_term_string"}}],"inLanguage":"es"},{"@type":"Organization","@id":"https:\/\/fuentesfidedignas.com.mx\/#organization","name":"Fuentes Fidedignas","url":"https:\/\/fuentesfidedignas.com.mx\/","logo":{"@type":"ImageObject","inLanguage":"es","@id":"https:\/\/fuentesfidedignas.com.mx\/#\/schema\/logo\/image\/","url":"https:\/\/fuentesfidedignas.com.mx\/wp-content\/uploads\/2021\/04\/logo-retina.png","contentUrl":"https:\/\/fuentesfidedignas.com.mx\/wp-content\/uploads\/2021\/04\/logo-retina.png","width":280,"height":51,"caption":"Fuentes Fidedignas"},"image":{"@id":"https:\/\/fuentesfidedignas.com.mx\/#\/schema\/logo\/image\/"},"sameAs":["https:\/\/www.facebook.com\/Fuentes-Fidedignas-368234489921644","https:\/\/x.com\/fidedignas"]},{"@type":"Person","@id":"https:\/\/fuentesfidedignas.com.mx\/#\/schema\/person\/494f7e0dce8dfaaec5b64f16615b78e9","name":"El Financiero","image":{"@type":"ImageObject","inLanguage":"es","@id":"https:\/\/secure.gravatar.com\/avatar\/88c0f3f2079389318ef8dd35c22cb997212aa89646e357ba59b318db26ed91a9?s=96&d=mm&r=g","url":"https:\/\/secure.gravatar.com\/avatar\/88c0f3f2079389318ef8dd35c22cb997212aa89646e357ba59b318db26ed91a9?s=96&d=mm&r=g","contentUrl":"https:\/\/secure.gravatar.com\/avatar\/88c0f3f2079389318ef8dd35c22cb997212aa89646e357ba59b318db26ed91a9?s=96&d=mm&r=g","caption":"El Financiero"},"url":"https:\/\/fuentesfidedignas.com.mx\/index.php\/author\/financiero\/"}]}},"_links":{"self":[{"href":"https:\/\/fuentesfidedignas.com.mx\/index.php\/wp-json\/wp\/v2\/posts\/54550","targetHints":{"allow":["GET"]}}],"collection":[{"href":"https:\/\/fuentesfidedignas.com.mx\/index.php\/wp-json\/wp\/v2\/posts"}],"about":[{"href":"https:\/\/fuentesfidedignas.com.mx\/index.php\/wp-json\/wp\/v2\/types\/post"}],"author":[{"embeddable":true,"href":"https:\/\/fuentesfidedignas.com.mx\/index.php\/wp-json\/wp\/v2\/users\/21"}],"replies":[{"embeddable":true,"href":"https:\/\/fuentesfidedignas.com.mx\/index.php\/wp-json\/wp\/v2\/comments?post=54550"}],"version-history":[{"count":1,"href":"https:\/\/fuentesfidedignas.com.mx\/index.php\/wp-json\/wp\/v2\/posts\/54550\/revisions"}],"predecessor-version":[{"id":54551,"href":"https:\/\/fuentesfidedignas.com.mx\/index.php\/wp-json\/wp\/v2\/posts\/54550\/revisions\/54551"}],"wp:featuredmedia":[{"embeddable":true,"href":"https:\/\/fuentesfidedignas.com.mx\/index.php\/wp-json\/wp\/v2\/media\/54552"}],"wp:attachment":[{"href":"https:\/\/fuentesfidedignas.com.mx\/index.php\/wp-json\/wp\/v2\/media?parent=54550"}],"wp:term":[{"taxonomy":"category","embeddable":true,"href":"https:\/\/fuentesfidedignas.com.mx\/index.php\/wp-json\/wp\/v2\/categories?post=54550"},{"taxonomy":"post_tag","embeddable":true,"href":"https:\/\/fuentesfidedignas.com.mx\/index.php\/wp-json\/wp\/v2\/tags?post=54550"}],"curies":[{"name":"wp","href":"https:\/\/api.w.org\/{rel}","templated":true}]}}