{"id":54534,"date":"2023-08-05T07:48:48","date_gmt":"2023-08-05T14:48:48","guid":{"rendered":"https:\/\/fuentesfidedignas.com.mx\/?p=54534"},"modified":"2023-08-05T09:52:09","modified_gmt":"2023-08-05T16:52:09","slug":"facultad-de-medicina-de-la-uas-logra-acreditacion-internacional-en-medicina-general","status":"publish","type":"post","link":"https:\/\/fuentesfidedignas.com.mx\/index.php\/2023\/08\/05\/facultad-de-medicina-de-la-uas-logra-acreditacion-internacional-en-medicina-general\/","title":{"rendered":"Facultad de Medicina de la UAS logra acreditaci\u00f3n internacional"},"content":{"rendered":"\n<p><strong><em>El programa de Licenciatura en M\u00e9dico General cumpli\u00f3 con m\u00e1s del 96% de los est\u00e1ndares de evaluaci\u00f3n<\/em><\/strong><\/p>\n\n\n\n<p>Culiac\u00e1n, Sin.- Por primera vez el programa de Licenciatura en M\u00e9dico General de la Facultad de Medicina de la Universidad Aut\u00f3noma de Sinaloa (UAS) recibi\u00f3 acreditaci\u00f3n internacional, y por cuarta ocasi\u00f3n consecutiva la acreditaci\u00f3n nacional, por cumplir con los requisitos de calidad que establece el Consejo Mexicano para la Acreditaci\u00f3n de la Educaci\u00f3n M\u00e9dica A.C. (COMAEM).<\/p>\n\n\n\n<p>La COMAEN es un organismo reconocido por los Comit\u00e9s Interinstitucionales para la Acreditaci\u00f3n de la Educaci\u00f3n Superior (COPAES) y la Federaci\u00f3n Mundial para la Educaci\u00f3n M\u00e9dica (WFME por sus sigl\u00e1s en ingl\u00e9s), quienes avalan esta acreditaci\u00f3n que se otorga con vigencia por cinco a\u00f1os.<\/p>\n\n\n\n<p>El director de la Facultad de Medicina, doctor Luis Alberto Gonz\u00e1lez Garc\u00eda, se\u00f1al\u00f3 que para lograr la acreditaci\u00f3n la Facultad realiz\u00f3 primero todo un ejercicio de autoevaluaci\u00f3n, una revisi\u00f3n puntual de lo que se hace a fin de cumplir correctamente con el trabajo que permita egresar a los j\u00f3venes lo mejor preparados posibles para ejercer como profesionales y luego se someti\u00f3 a la evaluaci\u00f3n externa.<\/p>\n\n\n\n<p><strong>\u201c\u00bfQu\u00e9 quiere decir? que acabamos de &nbsp;alcanzar la reacreditaci\u00f3n, es el cuarto proceso de reacreditaci\u00f3n nacional cumplido de manera satisfactoria y alcanzamos la acreditaci\u00f3n internacional por primera vez<\/strong>\u201d, dijo al recordar que la primera acreditaci\u00f3n que alcanz\u00f3 la Licenciatura en M\u00e9dico General fue en 2006, siendo director el doctor Jes\u00fas Madue\u00f1a Molina, hoy Rector de esta Casa de Estudios.<\/p>\n\n\n\n<figure class=\"wp-block-image size-large\"><img decoding=\"async\" width=\"1024\" height=\"683\" src=\"https:\/\/fuentesfidedignas.com.mx\/wp-content\/uploads\/2023\/08\/MEDICINA-1.jpeg\" alt=\"\" class=\"wp-image-54537\" srcset=\"https:\/\/fuentesfidedignas.com.mx\/wp-content\/uploads\/2023\/08\/MEDICINA-1.jpeg 1024w, https:\/\/fuentesfidedignas.com.mx\/wp-content\/uploads\/2023\/08\/MEDICINA-1-300x200.jpeg 300w, https:\/\/fuentesfidedignas.com.mx\/wp-content\/uploads\/2023\/08\/MEDICINA-1-768x512.jpeg 768w\" sizes=\"(max-width: 1024px) 100vw, 1024px\" \/><\/figure>\n\n\n\n<p>Enfatiz\u00f3 que desde ese a\u00f1o se mantienen los procesos de acreditaci\u00f3n de forma exitosa y en esta ocasi\u00f3n el ejercicio de evaluaci\u00f3n se llev\u00f3 m\u00e1s all\u00e1, porque se mostr\u00f3 evidencia de que el trabajo de la Facultad ten\u00eda la calidad para lograr una acreditaci\u00f3n internacional, por lo que la semana pasada se comunic\u00f3 el encargado de los procesos de acreditaci\u00f3n de los programas de licenciatura del COMAEM, doctor Juan Hern\u00e1ndez, para informar que fue otorgada la acreditaci\u00f3n la cual ser\u00e1 entregada pr\u00f3ximamente.<\/p>\n\n\n\n<p><strong>\u201cLo primero que implica es que est\u00e1 la Facultad de Medicina de la Universidad Aut\u00f3noma de Sinaloa haciendo las cosas bien hechas, con lo mejor, para que los muchachos salgan bien preparados a afrontar su vida profesional, y como ciudadanos tambi\u00e9n, esto trae consigo que esta Facultad es reconocida en sus procesos por organismos locales y por otras instituciones del pa\u00eds e instituciones internacionales<\/strong>\u201d, dijo.<\/p>\n\n\n\n<p>Se\u00f1al\u00f3 que este logro permite que los egresados de Medicina de la&nbsp;UAS&nbsp;puedan acudir a otros pa\u00edses a continuar con su proceso de crecimiento profesional en un posgrado o a laborar, ya que fueron formados en una licenciatura que cumple con est\u00e1ndares e indicadores nacionales e internacionales.<\/p>\n\n\n\n<p>Gonz\u00e1lez Garc\u00eda agreg\u00f3 que el programa de Licenciatura en M\u00e9dico General cumpli\u00f3 con m\u00e1s del 96% de los est\u00e1ndares de evaluaci\u00f3n, entre los cuales se incluye la revisi\u00f3n del programa de estudios, los laboratorios, espacios cl\u00ednicos, aulas y oficinas, entre otros indicadores.<\/p>\n\n\n\n<p><a href=\"https:\/\/mobile-webview.gmail.com\/182202790\/8181952773292373225#m_-1993103271760079634_DAB4FAD8-2DD7-40BB-A1B8-4E2AA1F9FDF2\"><\/a><\/p>\n","protected":false},"excerpt":{"rendered":"<p>El programa de Licenciatura en M\u00e9dico General cumpli\u00f3 con m\u00e1s del 96% de los est\u00e1ndares de evaluaci\u00f3n Culiac\u00e1n, Sin.- Por primera vez el programa de Licenciatura en M\u00e9dico General de la Facultad de Medicina de la Universidad Aut\u00f3noma de Sinaloa (UAS) recibi\u00f3 acreditaci\u00f3n internacional, y por cuarta ocasi\u00f3n consecutiva la acreditaci\u00f3n nacional, por cumplir con [&hellip;]<\/p>\n","protected":false},"author":4,"featured_media":54536,"comment_status":"open","ping_status":"open","sticky":false,"template":"","format":"standard","meta":{"tdm_status":"","tdm_grid_status":"","footnotes":""},"categories":[38,1],"tags":[],"class_list":{"0":"post-54534","1":"post","2":"type-post","3":"status-publish","4":"format-standard","5":"has-post-thumbnail","7":"category-noticias-locales","8":"category-sin-categoria"},"yoast_head":"<!-- This site is optimized with the Yoast SEO plugin v27.5 - https:\/\/yoast.com\/product\/yoast-seo-wordpress\/ -->\n<title>Facultad de Medicina de la UAS logra acreditaci\u00f3n internacional - Fuentes Fidedignas<\/title>\n<meta name=\"robots\" content=\"index, follow, max-snippet:-1, max-image-preview:large, max-video-preview:-1\" \/>\n<link rel=\"canonical\" href=\"https:\/\/fuentesfidedignas.com.mx\/index.php\/2023\/08\/05\/facultad-de-medicina-de-la-uas-logra-acreditacion-internacional-en-medicina-general\/\" \/>\n<meta property=\"og:locale\" content=\"es_MX\" \/>\n<meta property=\"og:type\" content=\"article\" \/>\n<meta property=\"og:title\" content=\"Facultad de Medicina de la UAS logra acreditaci\u00f3n internacional - Fuentes Fidedignas\" \/>\n<meta property=\"og:description\" content=\"El programa de Licenciatura en M\u00e9dico General cumpli\u00f3 con m\u00e1s del 96% de los est\u00e1ndares de evaluaci\u00f3n Culiac\u00e1n, Sin.- Por primera vez el programa de Licenciatura en M\u00e9dico General de la Facultad de Medicina de la Universidad Aut\u00f3noma de Sinaloa (UAS) recibi\u00f3 acreditaci\u00f3n internacional, y por cuarta ocasi\u00f3n consecutiva la acreditaci\u00f3n nacional, por cumplir con [&hellip;]\" \/>\n<meta property=\"og:url\" content=\"https:\/\/fuentesfidedignas.com.mx\/index.php\/2023\/08\/05\/facultad-de-medicina-de-la-uas-logra-acreditacion-internacional-en-medicina-general\/\" \/>\n<meta property=\"og:site_name\" content=\"Fuentes Fidedignas\" \/>\n<meta property=\"article:publisher\" content=\"https:\/\/www.facebook.com\/Fuentes-Fidedignas-368234489921644\" \/>\n<meta property=\"article:published_time\" content=\"2023-08-05T14:48:48+00:00\" \/>\n<meta property=\"article:modified_time\" content=\"2023-08-05T16:52:09+00:00\" \/>\n<meta property=\"og:image\" content=\"https:\/\/fuentesfidedignas.com.mx\/wp-content\/uploads\/2023\/08\/MEDICINA-1.jpg\" \/>\n\t<meta property=\"og:image:width\" content=\"1024\" \/>\n\t<meta property=\"og:image:height\" content=\"675\" \/>\n\t<meta property=\"og:image:type\" content=\"image\/jpeg\" \/>\n<meta name=\"author\" content=\"Redacci\u00f3n\" \/>\n<meta name=\"twitter:card\" content=\"summary_large_image\" \/>\n<meta name=\"twitter:creator\" content=\"@fidedignas\" \/>\n<meta name=\"twitter:site\" content=\"@fidedignas\" \/>\n<meta name=\"twitter:label1\" content=\"Escrito por\" \/>\n\t<meta name=\"twitter:data1\" content=\"Redacci\u00f3n\" \/>\n\t<meta name=\"twitter:label2\" content=\"Tiempo de lectura\" \/>\n\t<meta name=\"twitter:data2\" content=\"3 minutos\" \/>\n<script type=\"application\/ld+json\" class=\"yoast-schema-graph\">{\"@context\":\"https:\\\/\\\/schema.org\",\"@graph\":[{\"@type\":\"Article\",\"@id\":\"https:\\\/\\\/fuentesfidedignas.com.mx\\\/index.php\\\/2023\\\/08\\\/05\\\/facultad-de-medicina-de-la-uas-logra-acreditacion-internacional-en-medicina-general\\\/#article\",\"isPartOf\":{\"@id\":\"https:\\\/\\\/fuentesfidedignas.com.mx\\\/index.php\\\/2023\\\/08\\\/05\\\/facultad-de-medicina-de-la-uas-logra-acreditacion-internacional-en-medicina-general\\\/\"},\"author\":{\"name\":\"Redacci\u00f3n\",\"@id\":\"https:\\\/\\\/fuentesfidedignas.com.mx\\\/#\\\/schema\\\/person\\\/331be9283d37198e2acd5750279085b0\"},\"headline\":\"Facultad de Medicina de la UAS logra acreditaci\u00f3n internacional\",\"datePublished\":\"2023-08-05T14:48:48+00:00\",\"dateModified\":\"2023-08-05T16:52:09+00:00\",\"mainEntityOfPage\":{\"@id\":\"https:\\\/\\\/fuentesfidedignas.com.mx\\\/index.php\\\/2023\\\/08\\\/05\\\/facultad-de-medicina-de-la-uas-logra-acreditacion-internacional-en-medicina-general\\\/\"},\"wordCount\":553,\"commentCount\":0,\"publisher\":{\"@id\":\"https:\\\/\\\/fuentesfidedignas.com.mx\\\/#organization\"},\"image\":{\"@id\":\"https:\\\/\\\/fuentesfidedignas.com.mx\\\/index.php\\\/2023\\\/08\\\/05\\\/facultad-de-medicina-de-la-uas-logra-acreditacion-internacional-en-medicina-general\\\/#primaryimage\"},\"thumbnailUrl\":\"https:\\\/\\\/fuentesfidedignas.com.mx\\\/wp-content\\\/uploads\\\/2023\\\/08\\\/MEDICINA-1.jpg\",\"articleSection\":[\"NOTICIAS LOCALES\"],\"inLanguage\":\"es\",\"potentialAction\":[{\"@type\":\"CommentAction\",\"name\":\"Comment\",\"target\":[\"https:\\\/\\\/fuentesfidedignas.com.mx\\\/index.php\\\/2023\\\/08\\\/05\\\/facultad-de-medicina-de-la-uas-logra-acreditacion-internacional-en-medicina-general\\\/#respond\"]}]},{\"@type\":\"WebPage\",\"@id\":\"https:\\\/\\\/fuentesfidedignas.com.mx\\\/index.php\\\/2023\\\/08\\\/05\\\/facultad-de-medicina-de-la-uas-logra-acreditacion-internacional-en-medicina-general\\\/\",\"url\":\"https:\\\/\\\/fuentesfidedignas.com.mx\\\/index.php\\\/2023\\\/08\\\/05\\\/facultad-de-medicina-de-la-uas-logra-acreditacion-internacional-en-medicina-general\\\/\",\"name\":\"Facultad de Medicina de la UAS logra acreditaci\u00f3n internacional - Fuentes Fidedignas\",\"isPartOf\":{\"@id\":\"https:\\\/\\\/fuentesfidedignas.com.mx\\\/#website\"},\"primaryImageOfPage\":{\"@id\":\"https:\\\/\\\/fuentesfidedignas.com.mx\\\/index.php\\\/2023\\\/08\\\/05\\\/facultad-de-medicina-de-la-uas-logra-acreditacion-internacional-en-medicina-general\\\/#primaryimage\"},\"image\":{\"@id\":\"https:\\\/\\\/fuentesfidedignas.com.mx\\\/index.php\\\/2023\\\/08\\\/05\\\/facultad-de-medicina-de-la-uas-logra-acreditacion-internacional-en-medicina-general\\\/#primaryimage\"},\"thumbnailUrl\":\"https:\\\/\\\/fuentesfidedignas.com.mx\\\/wp-content\\\/uploads\\\/2023\\\/08\\\/MEDICINA-1.jpg\",\"datePublished\":\"2023-08-05T14:48:48+00:00\",\"dateModified\":\"2023-08-05T16:52:09+00:00\",\"breadcrumb\":{\"@id\":\"https:\\\/\\\/fuentesfidedignas.com.mx\\\/index.php\\\/2023\\\/08\\\/05\\\/facultad-de-medicina-de-la-uas-logra-acreditacion-internacional-en-medicina-general\\\/#breadcrumb\"},\"inLanguage\":\"es\",\"potentialAction\":[{\"@type\":\"ReadAction\",\"target\":[\"https:\\\/\\\/fuentesfidedignas.com.mx\\\/index.php\\\/2023\\\/08\\\/05\\\/facultad-de-medicina-de-la-uas-logra-acreditacion-internacional-en-medicina-general\\\/\"]}]},{\"@type\":\"ImageObject\",\"inLanguage\":\"es\",\"@id\":\"https:\\\/\\\/fuentesfidedignas.com.mx\\\/index.php\\\/2023\\\/08\\\/05\\\/facultad-de-medicina-de-la-uas-logra-acreditacion-internacional-en-medicina-general\\\/#primaryimage\",\"url\":\"https:\\\/\\\/fuentesfidedignas.com.mx\\\/wp-content\\\/uploads\\\/2023\\\/08\\\/MEDICINA-1.jpg\",\"contentUrl\":\"https:\\\/\\\/fuentesfidedignas.com.mx\\\/wp-content\\\/uploads\\\/2023\\\/08\\\/MEDICINA-1.jpg\",\"width\":1024,\"height\":675},{\"@type\":\"BreadcrumbList\",\"@id\":\"https:\\\/\\\/fuentesfidedignas.com.mx\\\/index.php\\\/2023\\\/08\\\/05\\\/facultad-de-medicina-de-la-uas-logra-acreditacion-internacional-en-medicina-general\\\/#breadcrumb\",\"itemListElement\":[{\"@type\":\"ListItem\",\"position\":1,\"name\":\"Inicio\",\"item\":\"https:\\\/\\\/fuentesfidedignas.com.mx\\\/\"},{\"@type\":\"ListItem\",\"position\":2,\"name\":\"Facultad de Medicina de la UAS logra acreditaci\u00f3n internacional\"}]},{\"@type\":\"WebSite\",\"@id\":\"https:\\\/\\\/fuentesfidedignas.com.mx\\\/#website\",\"url\":\"https:\\\/\\\/fuentesfidedignas.com.mx\\\/\",\"name\":\"Fuentes Fidedignas\",\"description\":\"Otro sitio realizado con WordPress\",\"publisher\":{\"@id\":\"https:\\\/\\\/fuentesfidedignas.com.mx\\\/#organization\"},\"potentialAction\":[{\"@type\":\"SearchAction\",\"target\":{\"@type\":\"EntryPoint\",\"urlTemplate\":\"https:\\\/\\\/fuentesfidedignas.com.mx\\\/?s={search_term_string}\"},\"query-input\":{\"@type\":\"PropertyValueSpecification\",\"valueRequired\":true,\"valueName\":\"search_term_string\"}}],\"inLanguage\":\"es\"},{\"@type\":\"Organization\",\"@id\":\"https:\\\/\\\/fuentesfidedignas.com.mx\\\/#organization\",\"name\":\"Fuentes Fidedignas\",\"url\":\"https:\\\/\\\/fuentesfidedignas.com.mx\\\/\",\"logo\":{\"@type\":\"ImageObject\",\"inLanguage\":\"es\",\"@id\":\"https:\\\/\\\/fuentesfidedignas.com.mx\\\/#\\\/schema\\\/logo\\\/image\\\/\",\"url\":\"https:\\\/\\\/fuentesfidedignas.com.mx\\\/wp-content\\\/uploads\\\/2021\\\/04\\\/logo-retina.png\",\"contentUrl\":\"https:\\\/\\\/fuentesfidedignas.com.mx\\\/wp-content\\\/uploads\\\/2021\\\/04\\\/logo-retina.png\",\"width\":280,\"height\":51,\"caption\":\"Fuentes Fidedignas\"},\"image\":{\"@id\":\"https:\\\/\\\/fuentesfidedignas.com.mx\\\/#\\\/schema\\\/logo\\\/image\\\/\"},\"sameAs\":[\"https:\\\/\\\/www.facebook.com\\\/Fuentes-Fidedignas-368234489921644\",\"https:\\\/\\\/x.com\\\/fidedignas\"]},{\"@type\":\"Person\",\"@id\":\"https:\\\/\\\/fuentesfidedignas.com.mx\\\/#\\\/schema\\\/person\\\/331be9283d37198e2acd5750279085b0\",\"name\":\"Redacci\u00f3n\",\"image\":{\"@type\":\"ImageObject\",\"inLanguage\":\"es\",\"@id\":\"https:\\\/\\\/secure.gravatar.com\\\/avatar\\\/f6d8782c11d12b2d4ad3fbb6931aeab5309937a4d6cd2fc9cfaa28a6396a5aec?s=96&d=mm&r=g\",\"url\":\"https:\\\/\\\/secure.gravatar.com\\\/avatar\\\/f6d8782c11d12b2d4ad3fbb6931aeab5309937a4d6cd2fc9cfaa28a6396a5aec?s=96&d=mm&r=g\",\"contentUrl\":\"https:\\\/\\\/secure.gravatar.com\\\/avatar\\\/f6d8782c11d12b2d4ad3fbb6931aeab5309937a4d6cd2fc9cfaa28a6396a5aec?s=96&d=mm&r=g\",\"caption\":\"Redacci\u00f3n\"},\"url\":\"https:\\\/\\\/fuentesfidedignas.com.mx\\\/index.php\\\/author\\\/redaccion\\\/\"}]}<\/script>\n<!-- \/ Yoast SEO plugin. -->","yoast_head_json":{"title":"Facultad de Medicina de la UAS logra acreditaci\u00f3n internacional - Fuentes Fidedignas","robots":{"index":"index","follow":"follow","max-snippet":"max-snippet:-1","max-image-preview":"max-image-preview:large","max-video-preview":"max-video-preview:-1"},"canonical":"https:\/\/fuentesfidedignas.com.mx\/index.php\/2023\/08\/05\/facultad-de-medicina-de-la-uas-logra-acreditacion-internacional-en-medicina-general\/","og_locale":"es_MX","og_type":"article","og_title":"Facultad de Medicina de la UAS logra acreditaci\u00f3n internacional - Fuentes Fidedignas","og_description":"El programa de Licenciatura en M\u00e9dico General cumpli\u00f3 con m\u00e1s del 96% de los est\u00e1ndares de evaluaci\u00f3n Culiac\u00e1n, Sin.- Por primera vez el programa de Licenciatura en M\u00e9dico General de la Facultad de Medicina de la Universidad Aut\u00f3noma de Sinaloa (UAS) recibi\u00f3 acreditaci\u00f3n internacional, y por cuarta ocasi\u00f3n consecutiva la acreditaci\u00f3n nacional, por cumplir con [&hellip;]","og_url":"https:\/\/fuentesfidedignas.com.mx\/index.php\/2023\/08\/05\/facultad-de-medicina-de-la-uas-logra-acreditacion-internacional-en-medicina-general\/","og_site_name":"Fuentes Fidedignas","article_publisher":"https:\/\/www.facebook.com\/Fuentes-Fidedignas-368234489921644","article_published_time":"2023-08-05T14:48:48+00:00","article_modified_time":"2023-08-05T16:52:09+00:00","og_image":[{"width":1024,"height":675,"url":"https:\/\/fuentesfidedignas.com.mx\/wp-content\/uploads\/2023\/08\/MEDICINA-1.jpg","type":"image\/jpeg"}],"author":"Redacci\u00f3n","twitter_card":"summary_large_image","twitter_creator":"@fidedignas","twitter_site":"@fidedignas","twitter_misc":{"Escrito por":"Redacci\u00f3n","Tiempo de lectura":"3 minutos"},"schema":{"@context":"https:\/\/schema.org","@graph":[{"@type":"Article","@id":"https:\/\/fuentesfidedignas.com.mx\/index.php\/2023\/08\/05\/facultad-de-medicina-de-la-uas-logra-acreditacion-internacional-en-medicina-general\/#article","isPartOf":{"@id":"https:\/\/fuentesfidedignas.com.mx\/index.php\/2023\/08\/05\/facultad-de-medicina-de-la-uas-logra-acreditacion-internacional-en-medicina-general\/"},"author":{"name":"Redacci\u00f3n","@id":"https:\/\/fuentesfidedignas.com.mx\/#\/schema\/person\/331be9283d37198e2acd5750279085b0"},"headline":"Facultad de Medicina de la UAS logra acreditaci\u00f3n internacional","datePublished":"2023-08-05T14:48:48+00:00","dateModified":"2023-08-05T16:52:09+00:00","mainEntityOfPage":{"@id":"https:\/\/fuentesfidedignas.com.mx\/index.php\/2023\/08\/05\/facultad-de-medicina-de-la-uas-logra-acreditacion-internacional-en-medicina-general\/"},"wordCount":553,"commentCount":0,"publisher":{"@id":"https:\/\/fuentesfidedignas.com.mx\/#organization"},"image":{"@id":"https:\/\/fuentesfidedignas.com.mx\/index.php\/2023\/08\/05\/facultad-de-medicina-de-la-uas-logra-acreditacion-internacional-en-medicina-general\/#primaryimage"},"thumbnailUrl":"https:\/\/fuentesfidedignas.com.mx\/wp-content\/uploads\/2023\/08\/MEDICINA-1.jpg","articleSection":["NOTICIAS LOCALES"],"inLanguage":"es","potentialAction":[{"@type":"CommentAction","name":"Comment","target":["https:\/\/fuentesfidedignas.com.mx\/index.php\/2023\/08\/05\/facultad-de-medicina-de-la-uas-logra-acreditacion-internacional-en-medicina-general\/#respond"]}]},{"@type":"WebPage","@id":"https:\/\/fuentesfidedignas.com.mx\/index.php\/2023\/08\/05\/facultad-de-medicina-de-la-uas-logra-acreditacion-internacional-en-medicina-general\/","url":"https:\/\/fuentesfidedignas.com.mx\/index.php\/2023\/08\/05\/facultad-de-medicina-de-la-uas-logra-acreditacion-internacional-en-medicina-general\/","name":"Facultad de Medicina de la UAS logra acreditaci\u00f3n internacional - Fuentes Fidedignas","isPartOf":{"@id":"https:\/\/fuentesfidedignas.com.mx\/#website"},"primaryImageOfPage":{"@id":"https:\/\/fuentesfidedignas.com.mx\/index.php\/2023\/08\/05\/facultad-de-medicina-de-la-uas-logra-acreditacion-internacional-en-medicina-general\/#primaryimage"},"image":{"@id":"https:\/\/fuentesfidedignas.com.mx\/index.php\/2023\/08\/05\/facultad-de-medicina-de-la-uas-logra-acreditacion-internacional-en-medicina-general\/#primaryimage"},"thumbnailUrl":"https:\/\/fuentesfidedignas.com.mx\/wp-content\/uploads\/2023\/08\/MEDICINA-1.jpg","datePublished":"2023-08-05T14:48:48+00:00","dateModified":"2023-08-05T16:52:09+00:00","breadcrumb":{"@id":"https:\/\/fuentesfidedignas.com.mx\/index.php\/2023\/08\/05\/facultad-de-medicina-de-la-uas-logra-acreditacion-internacional-en-medicina-general\/#breadcrumb"},"inLanguage":"es","potentialAction":[{"@type":"ReadAction","target":["https:\/\/fuentesfidedignas.com.mx\/index.php\/2023\/08\/05\/facultad-de-medicina-de-la-uas-logra-acreditacion-internacional-en-medicina-general\/"]}]},{"@type":"ImageObject","inLanguage":"es","@id":"https:\/\/fuentesfidedignas.com.mx\/index.php\/2023\/08\/05\/facultad-de-medicina-de-la-uas-logra-acreditacion-internacional-en-medicina-general\/#primaryimage","url":"https:\/\/fuentesfidedignas.com.mx\/wp-content\/uploads\/2023\/08\/MEDICINA-1.jpg","contentUrl":"https:\/\/fuentesfidedignas.com.mx\/wp-content\/uploads\/2023\/08\/MEDICINA-1.jpg","width":1024,"height":675},{"@type":"BreadcrumbList","@id":"https:\/\/fuentesfidedignas.com.mx\/index.php\/2023\/08\/05\/facultad-de-medicina-de-la-uas-logra-acreditacion-internacional-en-medicina-general\/#breadcrumb","itemListElement":[{"@type":"ListItem","position":1,"name":"Inicio","item":"https:\/\/fuentesfidedignas.com.mx\/"},{"@type":"ListItem","position":2,"name":"Facultad de Medicina de la UAS logra acreditaci\u00f3n internacional"}]},{"@type":"WebSite","@id":"https:\/\/fuentesfidedignas.com.mx\/#website","url":"https:\/\/fuentesfidedignas.com.mx\/","name":"Fuentes Fidedignas","description":"Otro sitio realizado con WordPress","publisher":{"@id":"https:\/\/fuentesfidedignas.com.mx\/#organization"},"potentialAction":[{"@type":"SearchAction","target":{"@type":"EntryPoint","urlTemplate":"https:\/\/fuentesfidedignas.com.mx\/?s={search_term_string}"},"query-input":{"@type":"PropertyValueSpecification","valueRequired":true,"valueName":"search_term_string"}}],"inLanguage":"es"},{"@type":"Organization","@id":"https:\/\/fuentesfidedignas.com.mx\/#organization","name":"Fuentes Fidedignas","url":"https:\/\/fuentesfidedignas.com.mx\/","logo":{"@type":"ImageObject","inLanguage":"es","@id":"https:\/\/fuentesfidedignas.com.mx\/#\/schema\/logo\/image\/","url":"https:\/\/fuentesfidedignas.com.mx\/wp-content\/uploads\/2021\/04\/logo-retina.png","contentUrl":"https:\/\/fuentesfidedignas.com.mx\/wp-content\/uploads\/2021\/04\/logo-retina.png","width":280,"height":51,"caption":"Fuentes Fidedignas"},"image":{"@id":"https:\/\/fuentesfidedignas.com.mx\/#\/schema\/logo\/image\/"},"sameAs":["https:\/\/www.facebook.com\/Fuentes-Fidedignas-368234489921644","https:\/\/x.com\/fidedignas"]},{"@type":"Person","@id":"https:\/\/fuentesfidedignas.com.mx\/#\/schema\/person\/331be9283d37198e2acd5750279085b0","name":"Redacci\u00f3n","image":{"@type":"ImageObject","inLanguage":"es","@id":"https:\/\/secure.gravatar.com\/avatar\/f6d8782c11d12b2d4ad3fbb6931aeab5309937a4d6cd2fc9cfaa28a6396a5aec?s=96&d=mm&r=g","url":"https:\/\/secure.gravatar.com\/avatar\/f6d8782c11d12b2d4ad3fbb6931aeab5309937a4d6cd2fc9cfaa28a6396a5aec?s=96&d=mm&r=g","contentUrl":"https:\/\/secure.gravatar.com\/avatar\/f6d8782c11d12b2d4ad3fbb6931aeab5309937a4d6cd2fc9cfaa28a6396a5aec?s=96&d=mm&r=g","caption":"Redacci\u00f3n"},"url":"https:\/\/fuentesfidedignas.com.mx\/index.php\/author\/redaccion\/"}]}},"_links":{"self":[{"href":"https:\/\/fuentesfidedignas.com.mx\/index.php\/wp-json\/wp\/v2\/posts\/54534","targetHints":{"allow":["GET"]}}],"collection":[{"href":"https:\/\/fuentesfidedignas.com.mx\/index.php\/wp-json\/wp\/v2\/posts"}],"about":[{"href":"https:\/\/fuentesfidedignas.com.mx\/index.php\/wp-json\/wp\/v2\/types\/post"}],"author":[{"embeddable":true,"href":"https:\/\/fuentesfidedignas.com.mx\/index.php\/wp-json\/wp\/v2\/users\/4"}],"replies":[{"embeddable":true,"href":"https:\/\/fuentesfidedignas.com.mx\/index.php\/wp-json\/wp\/v2\/comments?post=54534"}],"version-history":[{"count":4,"href":"https:\/\/fuentesfidedignas.com.mx\/index.php\/wp-json\/wp\/v2\/posts\/54534\/revisions"}],"predecessor-version":[{"id":56552,"href":"https:\/\/fuentesfidedignas.com.mx\/index.php\/wp-json\/wp\/v2\/posts\/54534\/revisions\/56552"}],"wp:featuredmedia":[{"embeddable":true,"href":"https:\/\/fuentesfidedignas.com.mx\/index.php\/wp-json\/wp\/v2\/media\/54536"}],"wp:attachment":[{"href":"https:\/\/fuentesfidedignas.com.mx\/index.php\/wp-json\/wp\/v2\/media?parent=54534"}],"wp:term":[{"taxonomy":"category","embeddable":true,"href":"https:\/\/fuentesfidedignas.com.mx\/index.php\/wp-json\/wp\/v2\/categories?post=54534"},{"taxonomy":"post_tag","embeddable":true,"href":"https:\/\/fuentesfidedignas.com.mx\/index.php\/wp-json\/wp\/v2\/tags?post=54534"}],"curies":[{"name":"wp","href":"https:\/\/api.w.org\/{rel}","templated":true}]}}