{"id":54501,"date":"2023-08-04T19:06:18","date_gmt":"2023-08-05T02:06:18","guid":{"rendered":"https:\/\/fuentesfidedignas.com.mx\/?p=54501"},"modified":"2023-08-04T19:07:57","modified_gmt":"2023-08-05T02:07:57","slug":"detienen-a-grupo-armado-en-sinaloa-municipio-viajaban-con-un-arsenal","status":"publish","type":"post","link":"https:\/\/fuentesfidedignas.com.mx\/index.php\/2023\/08\/04\/detienen-a-grupo-armado-en-sinaloa-municipio-viajaban-con-un-arsenal\/","title":{"rendered":"Detienen a grupo armado en Sinaloa municipio; viajaban con un arsenal"},"content":{"rendered":"\n<p><strong><em>El operativo se realiz\u00f3 en la zona donde los ataques armados desplazaron a cientos de personas<\/em><\/strong><\/p>\n\n\n\n<p>Sinaloa, Sin. Elementos de la Secretar\u00eda de la Defensa Nacional y de la Polic\u00eda Estatal detuvieron a un grupo armado en las inmediaciones de la comunidad de San Jos\u00e9 de las Delicias, en la zona serrana del municipio de Sinaloa, donde comenzaron los ataques que originaron el desplazamiento de cientos de personas.<\/p>\n\n\n\n<p>El personal del Ej\u00e9rcito realizaba recorridos como parte de la estrategia para regresar la tranquilidad a los habitantes de la zona, cuando se encontraron a tres hombres armados viajando en un veh\u00edculo tipo Jeep, a quienes interceptaron e hicieron que descendieran de la unidad.<\/p>\n\n\n\n<p>Dentro del veh\u00edculo encontraron;<strong> 1 fusil Barret, 8 armas largas, 58 cargadores, 1,620 cartuchos \u00fatiles y 5 chalecos blindados ap\u00f3crifos a la Marina Armada de M\u00e9xico<\/strong>.<\/p>\n\n\n\n<p>En la unidad tambi\u00e9n fueron encontrados volates en contra de \u201cMario Calabazas\u201d, l\u00edder de la c\u00e9lula delictiva que opera en la regi\u00f3n, como los que se distribuyeron en los municipios de; Sinaloa, Guasave y Mocorito, acus\u00e1ndolo de traici\u00f3n.<\/p>\n\n\n\n<p>Luego de la detenci\u00f3n, los tres detenidos y el armamento, fueron trasladados y puestos a disposici\u00f3n de la Fiscal\u00eda General de la Rep\u00fablica, para que sean ellos quienes contin\u00faen las investigaciones.<\/p>\n\n\n\n<p>Los ataques en las comunidades serranas del municipio de Sinaloa, comenzaron el viernes 28 de julio, en la comunidad de San Jos\u00e9 de las Delicias, lugar de residencia de Mario Alberto Lugo, alias \u201cMario Calabazas\u201d, y luego se extendieron hacia otros poblados, dejando camionetas y casas quemadas, entre ellas, la del l\u00edder criminal, causando el desplazamiento forzado de m\u00e1s de 600 personas, de unas 16 comunidades.<\/p>\n\n\n\n<p>De acuerdo a los pobladores, se trata de una lucha entre c\u00e9lulas de \u201cLos Beltr\u00e1n Leyva\u201d, una \u00f3pera en el municipio de Guasave y la otra en Sinaloa, pero hasta el momento se desconocen los motivos.<\/p>\n","protected":false},"excerpt":{"rendered":"<p>El operativo se realiz\u00f3 en la zona donde los ataques armados desplazaron a cientos de personas Sinaloa, Sin. Elementos de la Secretar\u00eda de la Defensa Nacional y de la Polic\u00eda Estatal detuvieron a un grupo armado en las inmediaciones de la comunidad de San Jos\u00e9 de las Delicias, en la zona serrana del municipio de [&hellip;]<\/p>\n","protected":false},"author":4,"featured_media":54503,"comment_status":"open","ping_status":"open","sticky":false,"template":"","format":"standard","meta":{"tdm_status":"","tdm_grid_status":"","footnotes":""},"categories":[37,1],"tags":[],"class_list":{"0":"post-54501","1":"post","2":"type-post","3":"status-publish","4":"format-standard","5":"has-post-thumbnail","7":"category-nota-principal","8":"category-sin-categoria"},"yoast_head":"<!-- This site is optimized with the Yoast SEO plugin v27.5 - https:\/\/yoast.com\/product\/yoast-seo-wordpress\/ -->\n<title>Detienen a grupo armado en Sinaloa municipio; viajaban con un arsenal - Fuentes Fidedignas<\/title>\n<meta name=\"robots\" content=\"index, follow, max-snippet:-1, max-image-preview:large, max-video-preview:-1\" \/>\n<link rel=\"canonical\" href=\"https:\/\/fuentesfidedignas.com.mx\/index.php\/2023\/08\/04\/detienen-a-grupo-armado-en-sinaloa-municipio-viajaban-con-un-arsenal\/\" \/>\n<meta property=\"og:locale\" content=\"es_MX\" \/>\n<meta property=\"og:type\" content=\"article\" \/>\n<meta property=\"og:title\" content=\"Detienen a grupo armado en Sinaloa municipio; viajaban con un arsenal - Fuentes Fidedignas\" \/>\n<meta property=\"og:description\" content=\"El operativo se realiz\u00f3 en la zona donde los ataques armados desplazaron a cientos de personas Sinaloa, Sin. Elementos de la Secretar\u00eda de la Defensa Nacional y de la Polic\u00eda Estatal detuvieron a un grupo armado en las inmediaciones de la comunidad de San Jos\u00e9 de las Delicias, en la zona serrana del municipio de [&hellip;]\" \/>\n<meta property=\"og:url\" content=\"https:\/\/fuentesfidedignas.com.mx\/index.php\/2023\/08\/04\/detienen-a-grupo-armado-en-sinaloa-municipio-viajaban-con-un-arsenal\/\" \/>\n<meta property=\"og:site_name\" content=\"Fuentes Fidedignas\" \/>\n<meta property=\"article:publisher\" content=\"https:\/\/www.facebook.com\/Fuentes-Fidedignas-368234489921644\" \/>\n<meta property=\"article:published_time\" content=\"2023-08-05T02:06:18+00:00\" \/>\n<meta property=\"article:modified_time\" content=\"2023-08-05T02:07:57+00:00\" \/>\n<meta property=\"og:image\" content=\"https:\/\/fuentesfidedignas.com.mx\/wp-content\/uploads\/2023\/08\/2987952.jpg\" \/>\n\t<meta property=\"og:image:width\" content=\"800\" \/>\n\t<meta property=\"og:image:height\" content=\"600\" \/>\n\t<meta property=\"og:image:type\" content=\"image\/jpeg\" \/>\n<meta name=\"author\" content=\"Redacci\u00f3n\" \/>\n<meta name=\"twitter:card\" content=\"summary_large_image\" \/>\n<meta name=\"twitter:creator\" content=\"@fidedignas\" \/>\n<meta name=\"twitter:site\" content=\"@fidedignas\" \/>\n<meta name=\"twitter:label1\" content=\"Escrito por\" \/>\n\t<meta name=\"twitter:data1\" content=\"Redacci\u00f3n\" \/>\n\t<meta name=\"twitter:label2\" content=\"Tiempo de lectura\" \/>\n\t<meta name=\"twitter:data2\" content=\"2 minutos\" \/>\n<script type=\"application\/ld+json\" class=\"yoast-schema-graph\">{\"@context\":\"https:\\\/\\\/schema.org\",\"@graph\":[{\"@type\":\"Article\",\"@id\":\"https:\\\/\\\/fuentesfidedignas.com.mx\\\/index.php\\\/2023\\\/08\\\/04\\\/detienen-a-grupo-armado-en-sinaloa-municipio-viajaban-con-un-arsenal\\\/#article\",\"isPartOf\":{\"@id\":\"https:\\\/\\\/fuentesfidedignas.com.mx\\\/index.php\\\/2023\\\/08\\\/04\\\/detienen-a-grupo-armado-en-sinaloa-municipio-viajaban-con-un-arsenal\\\/\"},\"author\":{\"name\":\"Redacci\u00f3n\",\"@id\":\"https:\\\/\\\/fuentesfidedignas.com.mx\\\/#\\\/schema\\\/person\\\/331be9283d37198e2acd5750279085b0\"},\"headline\":\"Detienen a grupo armado en Sinaloa municipio; viajaban con un arsenal\",\"datePublished\":\"2023-08-05T02:06:18+00:00\",\"dateModified\":\"2023-08-05T02:07:57+00:00\",\"mainEntityOfPage\":{\"@id\":\"https:\\\/\\\/fuentesfidedignas.com.mx\\\/index.php\\\/2023\\\/08\\\/04\\\/detienen-a-grupo-armado-en-sinaloa-municipio-viajaban-con-un-arsenal\\\/\"},\"wordCount\":334,\"commentCount\":0,\"publisher\":{\"@id\":\"https:\\\/\\\/fuentesfidedignas.com.mx\\\/#organization\"},\"image\":{\"@id\":\"https:\\\/\\\/fuentesfidedignas.com.mx\\\/index.php\\\/2023\\\/08\\\/04\\\/detienen-a-grupo-armado-en-sinaloa-municipio-viajaban-con-un-arsenal\\\/#primaryimage\"},\"thumbnailUrl\":\"https:\\\/\\\/fuentesfidedignas.com.mx\\\/wp-content\\\/uploads\\\/2023\\\/08\\\/2987952.jpg\",\"articleSection\":[\"NOTA PRINCIPAL\"],\"inLanguage\":\"es\",\"potentialAction\":[{\"@type\":\"CommentAction\",\"name\":\"Comment\",\"target\":[\"https:\\\/\\\/fuentesfidedignas.com.mx\\\/index.php\\\/2023\\\/08\\\/04\\\/detienen-a-grupo-armado-en-sinaloa-municipio-viajaban-con-un-arsenal\\\/#respond\"]}]},{\"@type\":\"WebPage\",\"@id\":\"https:\\\/\\\/fuentesfidedignas.com.mx\\\/index.php\\\/2023\\\/08\\\/04\\\/detienen-a-grupo-armado-en-sinaloa-municipio-viajaban-con-un-arsenal\\\/\",\"url\":\"https:\\\/\\\/fuentesfidedignas.com.mx\\\/index.php\\\/2023\\\/08\\\/04\\\/detienen-a-grupo-armado-en-sinaloa-municipio-viajaban-con-un-arsenal\\\/\",\"name\":\"Detienen a grupo armado en Sinaloa municipio; viajaban con un arsenal - Fuentes Fidedignas\",\"isPartOf\":{\"@id\":\"https:\\\/\\\/fuentesfidedignas.com.mx\\\/#website\"},\"primaryImageOfPage\":{\"@id\":\"https:\\\/\\\/fuentesfidedignas.com.mx\\\/index.php\\\/2023\\\/08\\\/04\\\/detienen-a-grupo-armado-en-sinaloa-municipio-viajaban-con-un-arsenal\\\/#primaryimage\"},\"image\":{\"@id\":\"https:\\\/\\\/fuentesfidedignas.com.mx\\\/index.php\\\/2023\\\/08\\\/04\\\/detienen-a-grupo-armado-en-sinaloa-municipio-viajaban-con-un-arsenal\\\/#primaryimage\"},\"thumbnailUrl\":\"https:\\\/\\\/fuentesfidedignas.com.mx\\\/wp-content\\\/uploads\\\/2023\\\/08\\\/2987952.jpg\",\"datePublished\":\"2023-08-05T02:06:18+00:00\",\"dateModified\":\"2023-08-05T02:07:57+00:00\",\"breadcrumb\":{\"@id\":\"https:\\\/\\\/fuentesfidedignas.com.mx\\\/index.php\\\/2023\\\/08\\\/04\\\/detienen-a-grupo-armado-en-sinaloa-municipio-viajaban-con-un-arsenal\\\/#breadcrumb\"},\"inLanguage\":\"es\",\"potentialAction\":[{\"@type\":\"ReadAction\",\"target\":[\"https:\\\/\\\/fuentesfidedignas.com.mx\\\/index.php\\\/2023\\\/08\\\/04\\\/detienen-a-grupo-armado-en-sinaloa-municipio-viajaban-con-un-arsenal\\\/\"]}]},{\"@type\":\"ImageObject\",\"inLanguage\":\"es\",\"@id\":\"https:\\\/\\\/fuentesfidedignas.com.mx\\\/index.php\\\/2023\\\/08\\\/04\\\/detienen-a-grupo-armado-en-sinaloa-municipio-viajaban-con-un-arsenal\\\/#primaryimage\",\"url\":\"https:\\\/\\\/fuentesfidedignas.com.mx\\\/wp-content\\\/uploads\\\/2023\\\/08\\\/2987952.jpg\",\"contentUrl\":\"https:\\\/\\\/fuentesfidedignas.com.mx\\\/wp-content\\\/uploads\\\/2023\\\/08\\\/2987952.jpg\",\"width\":800,\"height\":600},{\"@type\":\"BreadcrumbList\",\"@id\":\"https:\\\/\\\/fuentesfidedignas.com.mx\\\/index.php\\\/2023\\\/08\\\/04\\\/detienen-a-grupo-armado-en-sinaloa-municipio-viajaban-con-un-arsenal\\\/#breadcrumb\",\"itemListElement\":[{\"@type\":\"ListItem\",\"position\":1,\"name\":\"Inicio\",\"item\":\"https:\\\/\\\/fuentesfidedignas.com.mx\\\/\"},{\"@type\":\"ListItem\",\"position\":2,\"name\":\"Detienen a grupo armado en Sinaloa municipio; viajaban con un arsenal\"}]},{\"@type\":\"WebSite\",\"@id\":\"https:\\\/\\\/fuentesfidedignas.com.mx\\\/#website\",\"url\":\"https:\\\/\\\/fuentesfidedignas.com.mx\\\/\",\"name\":\"Fuentes Fidedignas\",\"description\":\"Otro sitio realizado con WordPress\",\"publisher\":{\"@id\":\"https:\\\/\\\/fuentesfidedignas.com.mx\\\/#organization\"},\"potentialAction\":[{\"@type\":\"SearchAction\",\"target\":{\"@type\":\"EntryPoint\",\"urlTemplate\":\"https:\\\/\\\/fuentesfidedignas.com.mx\\\/?s={search_term_string}\"},\"query-input\":{\"@type\":\"PropertyValueSpecification\",\"valueRequired\":true,\"valueName\":\"search_term_string\"}}],\"inLanguage\":\"es\"},{\"@type\":\"Organization\",\"@id\":\"https:\\\/\\\/fuentesfidedignas.com.mx\\\/#organization\",\"name\":\"Fuentes Fidedignas\",\"url\":\"https:\\\/\\\/fuentesfidedignas.com.mx\\\/\",\"logo\":{\"@type\":\"ImageObject\",\"inLanguage\":\"es\",\"@id\":\"https:\\\/\\\/fuentesfidedignas.com.mx\\\/#\\\/schema\\\/logo\\\/image\\\/\",\"url\":\"https:\\\/\\\/fuentesfidedignas.com.mx\\\/wp-content\\\/uploads\\\/2021\\\/04\\\/logo-retina.png\",\"contentUrl\":\"https:\\\/\\\/fuentesfidedignas.com.mx\\\/wp-content\\\/uploads\\\/2021\\\/04\\\/logo-retina.png\",\"width\":280,\"height\":51,\"caption\":\"Fuentes Fidedignas\"},\"image\":{\"@id\":\"https:\\\/\\\/fuentesfidedignas.com.mx\\\/#\\\/schema\\\/logo\\\/image\\\/\"},\"sameAs\":[\"https:\\\/\\\/www.facebook.com\\\/Fuentes-Fidedignas-368234489921644\",\"https:\\\/\\\/x.com\\\/fidedignas\"]},{\"@type\":\"Person\",\"@id\":\"https:\\\/\\\/fuentesfidedignas.com.mx\\\/#\\\/schema\\\/person\\\/331be9283d37198e2acd5750279085b0\",\"name\":\"Redacci\u00f3n\",\"image\":{\"@type\":\"ImageObject\",\"inLanguage\":\"es\",\"@id\":\"https:\\\/\\\/secure.gravatar.com\\\/avatar\\\/f6d8782c11d12b2d4ad3fbb6931aeab5309937a4d6cd2fc9cfaa28a6396a5aec?s=96&d=mm&r=g\",\"url\":\"https:\\\/\\\/secure.gravatar.com\\\/avatar\\\/f6d8782c11d12b2d4ad3fbb6931aeab5309937a4d6cd2fc9cfaa28a6396a5aec?s=96&d=mm&r=g\",\"contentUrl\":\"https:\\\/\\\/secure.gravatar.com\\\/avatar\\\/f6d8782c11d12b2d4ad3fbb6931aeab5309937a4d6cd2fc9cfaa28a6396a5aec?s=96&d=mm&r=g\",\"caption\":\"Redacci\u00f3n\"},\"url\":\"https:\\\/\\\/fuentesfidedignas.com.mx\\\/index.php\\\/author\\\/redaccion\\\/\"}]}<\/script>\n<!-- \/ Yoast SEO plugin. -->","yoast_head_json":{"title":"Detienen a grupo armado en Sinaloa municipio; viajaban con un arsenal - Fuentes Fidedignas","robots":{"index":"index","follow":"follow","max-snippet":"max-snippet:-1","max-image-preview":"max-image-preview:large","max-video-preview":"max-video-preview:-1"},"canonical":"https:\/\/fuentesfidedignas.com.mx\/index.php\/2023\/08\/04\/detienen-a-grupo-armado-en-sinaloa-municipio-viajaban-con-un-arsenal\/","og_locale":"es_MX","og_type":"article","og_title":"Detienen a grupo armado en Sinaloa municipio; viajaban con un arsenal - Fuentes Fidedignas","og_description":"El operativo se realiz\u00f3 en la zona donde los ataques armados desplazaron a cientos de personas Sinaloa, Sin. Elementos de la Secretar\u00eda de la Defensa Nacional y de la Polic\u00eda Estatal detuvieron a un grupo armado en las inmediaciones de la comunidad de San Jos\u00e9 de las Delicias, en la zona serrana del municipio de [&hellip;]","og_url":"https:\/\/fuentesfidedignas.com.mx\/index.php\/2023\/08\/04\/detienen-a-grupo-armado-en-sinaloa-municipio-viajaban-con-un-arsenal\/","og_site_name":"Fuentes Fidedignas","article_publisher":"https:\/\/www.facebook.com\/Fuentes-Fidedignas-368234489921644","article_published_time":"2023-08-05T02:06:18+00:00","article_modified_time":"2023-08-05T02:07:57+00:00","og_image":[{"width":800,"height":600,"url":"https:\/\/fuentesfidedignas.com.mx\/wp-content\/uploads\/2023\/08\/2987952.jpg","type":"image\/jpeg"}],"author":"Redacci\u00f3n","twitter_card":"summary_large_image","twitter_creator":"@fidedignas","twitter_site":"@fidedignas","twitter_misc":{"Escrito por":"Redacci\u00f3n","Tiempo de lectura":"2 minutos"},"schema":{"@context":"https:\/\/schema.org","@graph":[{"@type":"Article","@id":"https:\/\/fuentesfidedignas.com.mx\/index.php\/2023\/08\/04\/detienen-a-grupo-armado-en-sinaloa-municipio-viajaban-con-un-arsenal\/#article","isPartOf":{"@id":"https:\/\/fuentesfidedignas.com.mx\/index.php\/2023\/08\/04\/detienen-a-grupo-armado-en-sinaloa-municipio-viajaban-con-un-arsenal\/"},"author":{"name":"Redacci\u00f3n","@id":"https:\/\/fuentesfidedignas.com.mx\/#\/schema\/person\/331be9283d37198e2acd5750279085b0"},"headline":"Detienen a grupo armado en Sinaloa municipio; viajaban con un arsenal","datePublished":"2023-08-05T02:06:18+00:00","dateModified":"2023-08-05T02:07:57+00:00","mainEntityOfPage":{"@id":"https:\/\/fuentesfidedignas.com.mx\/index.php\/2023\/08\/04\/detienen-a-grupo-armado-en-sinaloa-municipio-viajaban-con-un-arsenal\/"},"wordCount":334,"commentCount":0,"publisher":{"@id":"https:\/\/fuentesfidedignas.com.mx\/#organization"},"image":{"@id":"https:\/\/fuentesfidedignas.com.mx\/index.php\/2023\/08\/04\/detienen-a-grupo-armado-en-sinaloa-municipio-viajaban-con-un-arsenal\/#primaryimage"},"thumbnailUrl":"https:\/\/fuentesfidedignas.com.mx\/wp-content\/uploads\/2023\/08\/2987952.jpg","articleSection":["NOTA PRINCIPAL"],"inLanguage":"es","potentialAction":[{"@type":"CommentAction","name":"Comment","target":["https:\/\/fuentesfidedignas.com.mx\/index.php\/2023\/08\/04\/detienen-a-grupo-armado-en-sinaloa-municipio-viajaban-con-un-arsenal\/#respond"]}]},{"@type":"WebPage","@id":"https:\/\/fuentesfidedignas.com.mx\/index.php\/2023\/08\/04\/detienen-a-grupo-armado-en-sinaloa-municipio-viajaban-con-un-arsenal\/","url":"https:\/\/fuentesfidedignas.com.mx\/index.php\/2023\/08\/04\/detienen-a-grupo-armado-en-sinaloa-municipio-viajaban-con-un-arsenal\/","name":"Detienen a grupo armado en Sinaloa municipio; viajaban con un arsenal - Fuentes Fidedignas","isPartOf":{"@id":"https:\/\/fuentesfidedignas.com.mx\/#website"},"primaryImageOfPage":{"@id":"https:\/\/fuentesfidedignas.com.mx\/index.php\/2023\/08\/04\/detienen-a-grupo-armado-en-sinaloa-municipio-viajaban-con-un-arsenal\/#primaryimage"},"image":{"@id":"https:\/\/fuentesfidedignas.com.mx\/index.php\/2023\/08\/04\/detienen-a-grupo-armado-en-sinaloa-municipio-viajaban-con-un-arsenal\/#primaryimage"},"thumbnailUrl":"https:\/\/fuentesfidedignas.com.mx\/wp-content\/uploads\/2023\/08\/2987952.jpg","datePublished":"2023-08-05T02:06:18+00:00","dateModified":"2023-08-05T02:07:57+00:00","breadcrumb":{"@id":"https:\/\/fuentesfidedignas.com.mx\/index.php\/2023\/08\/04\/detienen-a-grupo-armado-en-sinaloa-municipio-viajaban-con-un-arsenal\/#breadcrumb"},"inLanguage":"es","potentialAction":[{"@type":"ReadAction","target":["https:\/\/fuentesfidedignas.com.mx\/index.php\/2023\/08\/04\/detienen-a-grupo-armado-en-sinaloa-municipio-viajaban-con-un-arsenal\/"]}]},{"@type":"ImageObject","inLanguage":"es","@id":"https:\/\/fuentesfidedignas.com.mx\/index.php\/2023\/08\/04\/detienen-a-grupo-armado-en-sinaloa-municipio-viajaban-con-un-arsenal\/#primaryimage","url":"https:\/\/fuentesfidedignas.com.mx\/wp-content\/uploads\/2023\/08\/2987952.jpg","contentUrl":"https:\/\/fuentesfidedignas.com.mx\/wp-content\/uploads\/2023\/08\/2987952.jpg","width":800,"height":600},{"@type":"BreadcrumbList","@id":"https:\/\/fuentesfidedignas.com.mx\/index.php\/2023\/08\/04\/detienen-a-grupo-armado-en-sinaloa-municipio-viajaban-con-un-arsenal\/#breadcrumb","itemListElement":[{"@type":"ListItem","position":1,"name":"Inicio","item":"https:\/\/fuentesfidedignas.com.mx\/"},{"@type":"ListItem","position":2,"name":"Detienen a grupo armado en Sinaloa municipio; viajaban con un arsenal"}]},{"@type":"WebSite","@id":"https:\/\/fuentesfidedignas.com.mx\/#website","url":"https:\/\/fuentesfidedignas.com.mx\/","name":"Fuentes Fidedignas","description":"Otro sitio realizado con WordPress","publisher":{"@id":"https:\/\/fuentesfidedignas.com.mx\/#organization"},"potentialAction":[{"@type":"SearchAction","target":{"@type":"EntryPoint","urlTemplate":"https:\/\/fuentesfidedignas.com.mx\/?s={search_term_string}"},"query-input":{"@type":"PropertyValueSpecification","valueRequired":true,"valueName":"search_term_string"}}],"inLanguage":"es"},{"@type":"Organization","@id":"https:\/\/fuentesfidedignas.com.mx\/#organization","name":"Fuentes Fidedignas","url":"https:\/\/fuentesfidedignas.com.mx\/","logo":{"@type":"ImageObject","inLanguage":"es","@id":"https:\/\/fuentesfidedignas.com.mx\/#\/schema\/logo\/image\/","url":"https:\/\/fuentesfidedignas.com.mx\/wp-content\/uploads\/2021\/04\/logo-retina.png","contentUrl":"https:\/\/fuentesfidedignas.com.mx\/wp-content\/uploads\/2021\/04\/logo-retina.png","width":280,"height":51,"caption":"Fuentes Fidedignas"},"image":{"@id":"https:\/\/fuentesfidedignas.com.mx\/#\/schema\/logo\/image\/"},"sameAs":["https:\/\/www.facebook.com\/Fuentes-Fidedignas-368234489921644","https:\/\/x.com\/fidedignas"]},{"@type":"Person","@id":"https:\/\/fuentesfidedignas.com.mx\/#\/schema\/person\/331be9283d37198e2acd5750279085b0","name":"Redacci\u00f3n","image":{"@type":"ImageObject","inLanguage":"es","@id":"https:\/\/secure.gravatar.com\/avatar\/f6d8782c11d12b2d4ad3fbb6931aeab5309937a4d6cd2fc9cfaa28a6396a5aec?s=96&d=mm&r=g","url":"https:\/\/secure.gravatar.com\/avatar\/f6d8782c11d12b2d4ad3fbb6931aeab5309937a4d6cd2fc9cfaa28a6396a5aec?s=96&d=mm&r=g","contentUrl":"https:\/\/secure.gravatar.com\/avatar\/f6d8782c11d12b2d4ad3fbb6931aeab5309937a4d6cd2fc9cfaa28a6396a5aec?s=96&d=mm&r=g","caption":"Redacci\u00f3n"},"url":"https:\/\/fuentesfidedignas.com.mx\/index.php\/author\/redaccion\/"}]}},"_links":{"self":[{"href":"https:\/\/fuentesfidedignas.com.mx\/index.php\/wp-json\/wp\/v2\/posts\/54501","targetHints":{"allow":["GET"]}}],"collection":[{"href":"https:\/\/fuentesfidedignas.com.mx\/index.php\/wp-json\/wp\/v2\/posts"}],"about":[{"href":"https:\/\/fuentesfidedignas.com.mx\/index.php\/wp-json\/wp\/v2\/types\/post"}],"author":[{"embeddable":true,"href":"https:\/\/fuentesfidedignas.com.mx\/index.php\/wp-json\/wp\/v2\/users\/4"}],"replies":[{"embeddable":true,"href":"https:\/\/fuentesfidedignas.com.mx\/index.php\/wp-json\/wp\/v2\/comments?post=54501"}],"version-history":[{"count":1,"href":"https:\/\/fuentesfidedignas.com.mx\/index.php\/wp-json\/wp\/v2\/posts\/54501\/revisions"}],"predecessor-version":[{"id":54502,"href":"https:\/\/fuentesfidedignas.com.mx\/index.php\/wp-json\/wp\/v2\/posts\/54501\/revisions\/54502"}],"wp:featuredmedia":[{"embeddable":true,"href":"https:\/\/fuentesfidedignas.com.mx\/index.php\/wp-json\/wp\/v2\/media\/54503"}],"wp:attachment":[{"href":"https:\/\/fuentesfidedignas.com.mx\/index.php\/wp-json\/wp\/v2\/media?parent=54501"}],"wp:term":[{"taxonomy":"category","embeddable":true,"href":"https:\/\/fuentesfidedignas.com.mx\/index.php\/wp-json\/wp\/v2\/categories?post=54501"},{"taxonomy":"post_tag","embeddable":true,"href":"https:\/\/fuentesfidedignas.com.mx\/index.php\/wp-json\/wp\/v2\/tags?post=54501"}],"curies":[{"name":"wp","href":"https:\/\/api.w.org\/{rel}","templated":true}]}}