{"id":54492,"date":"2023-08-04T17:02:00","date_gmt":"2023-08-05T00:02:00","guid":{"rendered":"https:\/\/fuentesfidedignas.com.mx\/?p=54492"},"modified":"2023-08-04T17:03:21","modified_gmt":"2023-08-05T00:03:21","slug":"como-quieran-queremos-atenderemos-a-todos-los-desplazados-sebides","status":"publish","type":"post","link":"https:\/\/fuentesfidedignas.com.mx\/index.php\/2023\/08\/04\/como-quieran-queremos-atenderemos-a-todos-los-desplazados-sebides\/","title":{"rendered":"Como quieran queremos, atenderemos a todos los desplazados: SEBIDES"},"content":{"rendered":"\n<p><em><strong>Se subir\u00e1 dos veces por semana para llevar apoyo alimentario y se llevar\u00e1 gente que quiera visitar sus hogares para ver sus animalitos, parcelas o alg\u00fan pendiente que tengan en sus pueblos<\/strong><\/em><\/p>\n\n\n\n<p>Guam\u00fachil, Salvador Alvarado.- En el tema de la atenci\u00f3n a los vecinos que bajaron de poblaciones de Sinaloa Municipio y Mocorito a Salvador Alvarado se atender\u00e1 lo que ellos decidan, es decir, como quieran queremos, asegur\u00f3 la Secretaria Mar\u00eda In\u00e9s P\u00e9rez Corral.<\/p>\n\n\n\n<p>La titular de la Secretar\u00eda de Bienestar y Desarrollo Sustentable explic\u00f3 que en coordinaci\u00f3n con las autoridades de seguridad p\u00fablica (Estatal Preventiva, SEDENA y Guardia Nacional) se acord\u00f3 subir dos veces por semana para llevar apoyo alimentario, agua y acompa\u00f1ar a la poblaci\u00f3n que quiera visitar sus hogares para ver a sus animalitos, sus parcelas o alg\u00fan pendiente que tengan en sus pueblos, as\u00ed como se podr\u00e1 traer al albergue a aquellos que prefieran estar en la ciudad, ellos deciden y el Gobierno los apoya.<\/p>\n\n\n\n<p>\u201cEl d\u00eda de ayer estuvimos visitando las comunidades de Mocorito y Sinaloa y se fue un cami\u00f3n con 57 personas, de ellos solo se regresaron 7, 50 decidieron quedarse, hab\u00edan dicho que iban a ver sus animalitos nada m\u00e1s, pero ya estando all\u00e1 decidieron quedarse. Nosotros vamos a estar saliendo lunes y viernes a territorio, hay muchas personas que quieren ir a ver c\u00f3mo est\u00e1n sus cosas, sus hogares y con mucho gusto los apoyamos, son libres de decidir\u201d, coment\u00f3.<\/p>\n\n\n\n<figure class=\"wp-block-gallery has-nested-images columns-default is-cropped wp-block-gallery-1 is-layout-flex wp-block-gallery-is-layout-flex\">\n<figure class=\"wp-block-image size-large\"><img decoding=\"async\" width=\"1024\" height=\"682\" data-id=\"54496\" src=\"https:\/\/fuentesfidedignas.com.mx\/wp-content\/uploads\/2023\/08\/IMG-20230804-WA0031-1024x682.jpg\" alt=\"\" class=\"wp-image-54496\" srcset=\"https:\/\/fuentesfidedignas.com.mx\/wp-content\/uploads\/2023\/08\/IMG-20230804-WA0031-1024x682.jpg 1024w, https:\/\/fuentesfidedignas.com.mx\/wp-content\/uploads\/2023\/08\/IMG-20230804-WA0031-300x200.jpg 300w, https:\/\/fuentesfidedignas.com.mx\/wp-content\/uploads\/2023\/08\/IMG-20230804-WA0031-768x512.jpg 768w, https:\/\/fuentesfidedignas.com.mx\/wp-content\/uploads\/2023\/08\/IMG-20230804-WA0031.jpg 1280w\" sizes=\"(max-width: 1024px) 100vw, 1024px\" \/><\/figure>\n\n\n\n<figure class=\"wp-block-image size-large\"><img decoding=\"async\" width=\"1024\" height=\"682\" data-id=\"54495\" src=\"https:\/\/fuentesfidedignas.com.mx\/wp-content\/uploads\/2023\/08\/IMG-20230804-WA0028-1024x682.jpg\" alt=\"\" class=\"wp-image-54495\" srcset=\"https:\/\/fuentesfidedignas.com.mx\/wp-content\/uploads\/2023\/08\/IMG-20230804-WA0028-1024x682.jpg 1024w, https:\/\/fuentesfidedignas.com.mx\/wp-content\/uploads\/2023\/08\/IMG-20230804-WA0028-300x200.jpg 300w, https:\/\/fuentesfidedignas.com.mx\/wp-content\/uploads\/2023\/08\/IMG-20230804-WA0028-768x512.jpg 768w, https:\/\/fuentesfidedignas.com.mx\/wp-content\/uploads\/2023\/08\/IMG-20230804-WA0028-1536x1023.jpg 1536w, https:\/\/fuentesfidedignas.com.mx\/wp-content\/uploads\/2023\/08\/IMG-20230804-WA0028.jpg 1600w\" sizes=\"(max-width: 1024px) 100vw, 1024px\" \/><\/figure>\n\n\n\n<figure class=\"wp-block-image size-large\"><img decoding=\"async\" width=\"1024\" height=\"682\" data-id=\"54499\" src=\"https:\/\/fuentesfidedignas.com.mx\/wp-content\/uploads\/2023\/08\/IMG-20230804-WA0027-1024x682.jpg\" alt=\"\" class=\"wp-image-54499\" srcset=\"https:\/\/fuentesfidedignas.com.mx\/wp-content\/uploads\/2023\/08\/IMG-20230804-WA0027-1024x682.jpg 1024w, https:\/\/fuentesfidedignas.com.mx\/wp-content\/uploads\/2023\/08\/IMG-20230804-WA0027-300x200.jpg 300w, https:\/\/fuentesfidedignas.com.mx\/wp-content\/uploads\/2023\/08\/IMG-20230804-WA0027-768x512.jpg 768w, https:\/\/fuentesfidedignas.com.mx\/wp-content\/uploads\/2023\/08\/IMG-20230804-WA0027-1536x1023.jpg 1536w, https:\/\/fuentesfidedignas.com.mx\/wp-content\/uploads\/2023\/08\/IMG-20230804-WA0027.jpg 1600w\" sizes=\"(max-width: 1024px) 100vw, 1024px\" \/><\/figure>\n\n\n\n<figure class=\"wp-block-image size-large\"><img decoding=\"async\" width=\"1024\" height=\"682\" data-id=\"54497\" src=\"https:\/\/fuentesfidedignas.com.mx\/wp-content\/uploads\/2023\/08\/IMG-20230804-WA0032-1024x682.jpg\" alt=\"\" class=\"wp-image-54497\" srcset=\"https:\/\/fuentesfidedignas.com.mx\/wp-content\/uploads\/2023\/08\/IMG-20230804-WA0032-1024x682.jpg 1024w, https:\/\/fuentesfidedignas.com.mx\/wp-content\/uploads\/2023\/08\/IMG-20230804-WA0032-300x200.jpg 300w, https:\/\/fuentesfidedignas.com.mx\/wp-content\/uploads\/2023\/08\/IMG-20230804-WA0032-768x512.jpg 768w, https:\/\/fuentesfidedignas.com.mx\/wp-content\/uploads\/2023\/08\/IMG-20230804-WA0032-1536x1023.jpg 1536w, https:\/\/fuentesfidedignas.com.mx\/wp-content\/uploads\/2023\/08\/IMG-20230804-WA0032.jpg 1600w\" sizes=\"(max-width: 1024px) 100vw, 1024px\" \/><\/figure>\n\n\n\n<figure class=\"wp-block-image size-large\"><img decoding=\"async\" width=\"1024\" height=\"682\" data-id=\"54498\" src=\"https:\/\/fuentesfidedignas.com.mx\/wp-content\/uploads\/2023\/08\/IMG-20230804-WA0029-1024x682.jpg\" alt=\"\" class=\"wp-image-54498\" srcset=\"https:\/\/fuentesfidedignas.com.mx\/wp-content\/uploads\/2023\/08\/IMG-20230804-WA0029-1024x682.jpg 1024w, https:\/\/fuentesfidedignas.com.mx\/wp-content\/uploads\/2023\/08\/IMG-20230804-WA0029-300x200.jpg 300w, https:\/\/fuentesfidedignas.com.mx\/wp-content\/uploads\/2023\/08\/IMG-20230804-WA0029-768x512.jpg 768w, https:\/\/fuentesfidedignas.com.mx\/wp-content\/uploads\/2023\/08\/IMG-20230804-WA0029.jpg 1280w\" sizes=\"(max-width: 1024px) 100vw, 1024px\" \/><\/figure>\n<\/figure>\n\n\n\n<p>Inform\u00f3 que hasta el d\u00eda 04 de agosto por la ma\u00f1ana se tiene como registro a 727 personas en total; sin embargo, en el albergue la noche del 03 de agosto solo durmieron ah\u00ed 142 personas.<\/p>\n\n\n\n<p>Tambi\u00e9n dijo que el personal de SEBIDES ha entregado 2 mil 161 platillos calientes desde que inicio la funci\u00f3n del albergue y, en coordinaci\u00f3n con los ayuntamientos de Salvador Alvarado, Mocorito y Sinaloa Municipio, seguir\u00e1n atendiendo a los que decidan quedarse ah\u00ed o simplemente ir a comer, porque muchos est\u00e1n pernoctando con familiares que tienen en Guam\u00fachil, pero pasan el d\u00eda y comen en el albergue.<\/p>\n\n\n\n<p>Record\u00f3 que la instrucci\u00f3n del Gobernador Rub\u00e9n Rocha Moya fue que se atendiera a todos los que deseen dejar sus hogares, pero tambi\u00e9n a los que decidan regresar, por lo que agradeci\u00f3 el apoyo para lograr esto de las Secretar\u00edas de Salud, Seguridad P\u00fablica, Coordinaci\u00f3n de Programas Federales, Protecci\u00f3n Civil, Ayuntamiento de Salvador Alvarado, Registro Civil, Sistema DIF Sinaloa y DIF de Salvador Alvarado adem\u00e1s del mucho apoyo de la sociedad civil que d\u00eda a d\u00eda lleva donaciones de comida, ropa, medicamentos, agua embotellada y art\u00edculos de aseo personal.<\/p>\n","protected":false},"excerpt":{"rendered":"<p>Se subir\u00e1 dos veces por semana para llevar apoyo alimentario y se llevar\u00e1 gente que quiera visitar sus hogares para ver sus animalitos, parcelas o alg\u00fan pendiente que tengan en sus pueblos Guam\u00fachil, Salvador Alvarado.- En el tema de la atenci\u00f3n a los vecinos que bajaron de poblaciones de Sinaloa Municipio y Mocorito a Salvador [&hellip;]<\/p>\n","protected":false},"author":4,"featured_media":54494,"comment_status":"open","ping_status":"open","sticky":false,"template":"","format":"standard","meta":{"tdm_status":"","tdm_grid_status":"","footnotes":""},"categories":[38,1],"tags":[],"class_list":{"0":"post-54492","1":"post","2":"type-post","3":"status-publish","4":"format-standard","5":"has-post-thumbnail","7":"category-noticias-locales","8":"category-sin-categoria"},"yoast_head":"<!-- This site is optimized with the Yoast SEO plugin v27.5 - https:\/\/yoast.com\/product\/yoast-seo-wordpress\/ -->\n<title>Como quieran queremos, atenderemos a todos los desplazados: SEBIDES - Fuentes Fidedignas<\/title>\n<meta name=\"robots\" content=\"index, follow, max-snippet:-1, max-image-preview:large, max-video-preview:-1\" \/>\n<link rel=\"canonical\" href=\"https:\/\/fuentesfidedignas.com.mx\/index.php\/2023\/08\/04\/como-quieran-queremos-atenderemos-a-todos-los-desplazados-sebides\/\" \/>\n<meta property=\"og:locale\" content=\"es_MX\" \/>\n<meta property=\"og:type\" content=\"article\" \/>\n<meta property=\"og:title\" content=\"Como quieran queremos, atenderemos a todos los desplazados: SEBIDES - Fuentes Fidedignas\" \/>\n<meta property=\"og:description\" content=\"Se subir\u00e1 dos veces por semana para llevar apoyo alimentario y se llevar\u00e1 gente que quiera visitar sus hogares para ver sus animalitos, parcelas o alg\u00fan pendiente que tengan en sus pueblos Guam\u00fachil, Salvador Alvarado.- En el tema de la atenci\u00f3n a los vecinos que bajaron de poblaciones de Sinaloa Municipio y Mocorito a Salvador [&hellip;]\" \/>\n<meta property=\"og:url\" content=\"https:\/\/fuentesfidedignas.com.mx\/index.php\/2023\/08\/04\/como-quieran-queremos-atenderemos-a-todos-los-desplazados-sebides\/\" \/>\n<meta property=\"og:site_name\" content=\"Fuentes Fidedignas\" \/>\n<meta property=\"article:publisher\" content=\"https:\/\/www.facebook.com\/Fuentes-Fidedignas-368234489921644\" \/>\n<meta property=\"article:published_time\" content=\"2023-08-05T00:02:00+00:00\" \/>\n<meta property=\"article:modified_time\" content=\"2023-08-05T00:03:21+00:00\" \/>\n<meta property=\"og:image\" content=\"https:\/\/fuentesfidedignas.com.mx\/wp-content\/uploads\/2023\/08\/IMG-20230804-WA0026.jpg\" \/>\n\t<meta property=\"og:image:width\" content=\"1280\" \/>\n\t<meta property=\"og:image:height\" content=\"853\" \/>\n\t<meta property=\"og:image:type\" content=\"image\/jpeg\" \/>\n<meta name=\"author\" content=\"Redacci\u00f3n\" \/>\n<meta name=\"twitter:card\" content=\"summary_large_image\" \/>\n<meta name=\"twitter:creator\" content=\"@fidedignas\" \/>\n<meta name=\"twitter:site\" content=\"@fidedignas\" \/>\n<meta name=\"twitter:label1\" content=\"Escrito por\" \/>\n\t<meta name=\"twitter:data1\" content=\"Redacci\u00f3n\" \/>\n\t<meta name=\"twitter:label2\" content=\"Tiempo de lectura\" \/>\n\t<meta name=\"twitter:data2\" content=\"2 minutos\" \/>\n<script type=\"application\/ld+json\" class=\"yoast-schema-graph\">{\"@context\":\"https:\\\/\\\/schema.org\",\"@graph\":[{\"@type\":\"Article\",\"@id\":\"https:\\\/\\\/fuentesfidedignas.com.mx\\\/index.php\\\/2023\\\/08\\\/04\\\/como-quieran-queremos-atenderemos-a-todos-los-desplazados-sebides\\\/#article\",\"isPartOf\":{\"@id\":\"https:\\\/\\\/fuentesfidedignas.com.mx\\\/index.php\\\/2023\\\/08\\\/04\\\/como-quieran-queremos-atenderemos-a-todos-los-desplazados-sebides\\\/\"},\"author\":{\"name\":\"Redacci\u00f3n\",\"@id\":\"https:\\\/\\\/fuentesfidedignas.com.mx\\\/#\\\/schema\\\/person\\\/331be9283d37198e2acd5750279085b0\"},\"headline\":\"Como quieran queremos, atenderemos a todos los desplazados: SEBIDES\",\"datePublished\":\"2023-08-05T00:02:00+00:00\",\"dateModified\":\"2023-08-05T00:03:21+00:00\",\"mainEntityOfPage\":{\"@id\":\"https:\\\/\\\/fuentesfidedignas.com.mx\\\/index.php\\\/2023\\\/08\\\/04\\\/como-quieran-queremos-atenderemos-a-todos-los-desplazados-sebides\\\/\"},\"wordCount\":469,\"commentCount\":0,\"publisher\":{\"@id\":\"https:\\\/\\\/fuentesfidedignas.com.mx\\\/#organization\"},\"image\":{\"@id\":\"https:\\\/\\\/fuentesfidedignas.com.mx\\\/index.php\\\/2023\\\/08\\\/04\\\/como-quieran-queremos-atenderemos-a-todos-los-desplazados-sebides\\\/#primaryimage\"},\"thumbnailUrl\":\"https:\\\/\\\/fuentesfidedignas.com.mx\\\/wp-content\\\/uploads\\\/2023\\\/08\\\/IMG-20230804-WA0026.jpg\",\"articleSection\":[\"NOTICIAS LOCALES\"],\"inLanguage\":\"es\",\"potentialAction\":[{\"@type\":\"CommentAction\",\"name\":\"Comment\",\"target\":[\"https:\\\/\\\/fuentesfidedignas.com.mx\\\/index.php\\\/2023\\\/08\\\/04\\\/como-quieran-queremos-atenderemos-a-todos-los-desplazados-sebides\\\/#respond\"]}]},{\"@type\":\"WebPage\",\"@id\":\"https:\\\/\\\/fuentesfidedignas.com.mx\\\/index.php\\\/2023\\\/08\\\/04\\\/como-quieran-queremos-atenderemos-a-todos-los-desplazados-sebides\\\/\",\"url\":\"https:\\\/\\\/fuentesfidedignas.com.mx\\\/index.php\\\/2023\\\/08\\\/04\\\/como-quieran-queremos-atenderemos-a-todos-los-desplazados-sebides\\\/\",\"name\":\"Como quieran queremos, atenderemos a todos los desplazados: SEBIDES - Fuentes Fidedignas\",\"isPartOf\":{\"@id\":\"https:\\\/\\\/fuentesfidedignas.com.mx\\\/#website\"},\"primaryImageOfPage\":{\"@id\":\"https:\\\/\\\/fuentesfidedignas.com.mx\\\/index.php\\\/2023\\\/08\\\/04\\\/como-quieran-queremos-atenderemos-a-todos-los-desplazados-sebides\\\/#primaryimage\"},\"image\":{\"@id\":\"https:\\\/\\\/fuentesfidedignas.com.mx\\\/index.php\\\/2023\\\/08\\\/04\\\/como-quieran-queremos-atenderemos-a-todos-los-desplazados-sebides\\\/#primaryimage\"},\"thumbnailUrl\":\"https:\\\/\\\/fuentesfidedignas.com.mx\\\/wp-content\\\/uploads\\\/2023\\\/08\\\/IMG-20230804-WA0026.jpg\",\"datePublished\":\"2023-08-05T00:02:00+00:00\",\"dateModified\":\"2023-08-05T00:03:21+00:00\",\"breadcrumb\":{\"@id\":\"https:\\\/\\\/fuentesfidedignas.com.mx\\\/index.php\\\/2023\\\/08\\\/04\\\/como-quieran-queremos-atenderemos-a-todos-los-desplazados-sebides\\\/#breadcrumb\"},\"inLanguage\":\"es\",\"potentialAction\":[{\"@type\":\"ReadAction\",\"target\":[\"https:\\\/\\\/fuentesfidedignas.com.mx\\\/index.php\\\/2023\\\/08\\\/04\\\/como-quieran-queremos-atenderemos-a-todos-los-desplazados-sebides\\\/\"]}]},{\"@type\":\"ImageObject\",\"inLanguage\":\"es\",\"@id\":\"https:\\\/\\\/fuentesfidedignas.com.mx\\\/index.php\\\/2023\\\/08\\\/04\\\/como-quieran-queremos-atenderemos-a-todos-los-desplazados-sebides\\\/#primaryimage\",\"url\":\"https:\\\/\\\/fuentesfidedignas.com.mx\\\/wp-content\\\/uploads\\\/2023\\\/08\\\/IMG-20230804-WA0026.jpg\",\"contentUrl\":\"https:\\\/\\\/fuentesfidedignas.com.mx\\\/wp-content\\\/uploads\\\/2023\\\/08\\\/IMG-20230804-WA0026.jpg\",\"width\":1280,\"height\":853},{\"@type\":\"BreadcrumbList\",\"@id\":\"https:\\\/\\\/fuentesfidedignas.com.mx\\\/index.php\\\/2023\\\/08\\\/04\\\/como-quieran-queremos-atenderemos-a-todos-los-desplazados-sebides\\\/#breadcrumb\",\"itemListElement\":[{\"@type\":\"ListItem\",\"position\":1,\"name\":\"Inicio\",\"item\":\"https:\\\/\\\/fuentesfidedignas.com.mx\\\/\"},{\"@type\":\"ListItem\",\"position\":2,\"name\":\"Como quieran queremos, atenderemos a todos los desplazados: SEBIDES\"}]},{\"@type\":\"WebSite\",\"@id\":\"https:\\\/\\\/fuentesfidedignas.com.mx\\\/#website\",\"url\":\"https:\\\/\\\/fuentesfidedignas.com.mx\\\/\",\"name\":\"Fuentes Fidedignas\",\"description\":\"Otro sitio realizado con WordPress\",\"publisher\":{\"@id\":\"https:\\\/\\\/fuentesfidedignas.com.mx\\\/#organization\"},\"potentialAction\":[{\"@type\":\"SearchAction\",\"target\":{\"@type\":\"EntryPoint\",\"urlTemplate\":\"https:\\\/\\\/fuentesfidedignas.com.mx\\\/?s={search_term_string}\"},\"query-input\":{\"@type\":\"PropertyValueSpecification\",\"valueRequired\":true,\"valueName\":\"search_term_string\"}}],\"inLanguage\":\"es\"},{\"@type\":\"Organization\",\"@id\":\"https:\\\/\\\/fuentesfidedignas.com.mx\\\/#organization\",\"name\":\"Fuentes Fidedignas\",\"url\":\"https:\\\/\\\/fuentesfidedignas.com.mx\\\/\",\"logo\":{\"@type\":\"ImageObject\",\"inLanguage\":\"es\",\"@id\":\"https:\\\/\\\/fuentesfidedignas.com.mx\\\/#\\\/schema\\\/logo\\\/image\\\/\",\"url\":\"https:\\\/\\\/fuentesfidedignas.com.mx\\\/wp-content\\\/uploads\\\/2021\\\/04\\\/logo-retina.png\",\"contentUrl\":\"https:\\\/\\\/fuentesfidedignas.com.mx\\\/wp-content\\\/uploads\\\/2021\\\/04\\\/logo-retina.png\",\"width\":280,\"height\":51,\"caption\":\"Fuentes Fidedignas\"},\"image\":{\"@id\":\"https:\\\/\\\/fuentesfidedignas.com.mx\\\/#\\\/schema\\\/logo\\\/image\\\/\"},\"sameAs\":[\"https:\\\/\\\/www.facebook.com\\\/Fuentes-Fidedignas-368234489921644\",\"https:\\\/\\\/x.com\\\/fidedignas\"]},{\"@type\":\"Person\",\"@id\":\"https:\\\/\\\/fuentesfidedignas.com.mx\\\/#\\\/schema\\\/person\\\/331be9283d37198e2acd5750279085b0\",\"name\":\"Redacci\u00f3n\",\"image\":{\"@type\":\"ImageObject\",\"inLanguage\":\"es\",\"@id\":\"https:\\\/\\\/secure.gravatar.com\\\/avatar\\\/f6d8782c11d12b2d4ad3fbb6931aeab5309937a4d6cd2fc9cfaa28a6396a5aec?s=96&d=mm&r=g\",\"url\":\"https:\\\/\\\/secure.gravatar.com\\\/avatar\\\/f6d8782c11d12b2d4ad3fbb6931aeab5309937a4d6cd2fc9cfaa28a6396a5aec?s=96&d=mm&r=g\",\"contentUrl\":\"https:\\\/\\\/secure.gravatar.com\\\/avatar\\\/f6d8782c11d12b2d4ad3fbb6931aeab5309937a4d6cd2fc9cfaa28a6396a5aec?s=96&d=mm&r=g\",\"caption\":\"Redacci\u00f3n\"},\"url\":\"https:\\\/\\\/fuentesfidedignas.com.mx\\\/index.php\\\/author\\\/redaccion\\\/\"}]}<\/script>\n<!-- \/ Yoast SEO plugin. -->","yoast_head_json":{"title":"Como quieran queremos, atenderemos a todos los desplazados: SEBIDES - Fuentes Fidedignas","robots":{"index":"index","follow":"follow","max-snippet":"max-snippet:-1","max-image-preview":"max-image-preview:large","max-video-preview":"max-video-preview:-1"},"canonical":"https:\/\/fuentesfidedignas.com.mx\/index.php\/2023\/08\/04\/como-quieran-queremos-atenderemos-a-todos-los-desplazados-sebides\/","og_locale":"es_MX","og_type":"article","og_title":"Como quieran queremos, atenderemos a todos los desplazados: SEBIDES - Fuentes Fidedignas","og_description":"Se subir\u00e1 dos veces por semana para llevar apoyo alimentario y se llevar\u00e1 gente que quiera visitar sus hogares para ver sus animalitos, parcelas o alg\u00fan pendiente que tengan en sus pueblos Guam\u00fachil, Salvador Alvarado.- En el tema de la atenci\u00f3n a los vecinos que bajaron de poblaciones de Sinaloa Municipio y Mocorito a Salvador [&hellip;]","og_url":"https:\/\/fuentesfidedignas.com.mx\/index.php\/2023\/08\/04\/como-quieran-queremos-atenderemos-a-todos-los-desplazados-sebides\/","og_site_name":"Fuentes Fidedignas","article_publisher":"https:\/\/www.facebook.com\/Fuentes-Fidedignas-368234489921644","article_published_time":"2023-08-05T00:02:00+00:00","article_modified_time":"2023-08-05T00:03:21+00:00","og_image":[{"width":1280,"height":853,"url":"https:\/\/fuentesfidedignas.com.mx\/wp-content\/uploads\/2023\/08\/IMG-20230804-WA0026.jpg","type":"image\/jpeg"}],"author":"Redacci\u00f3n","twitter_card":"summary_large_image","twitter_creator":"@fidedignas","twitter_site":"@fidedignas","twitter_misc":{"Escrito por":"Redacci\u00f3n","Tiempo de lectura":"2 minutos"},"schema":{"@context":"https:\/\/schema.org","@graph":[{"@type":"Article","@id":"https:\/\/fuentesfidedignas.com.mx\/index.php\/2023\/08\/04\/como-quieran-queremos-atenderemos-a-todos-los-desplazados-sebides\/#article","isPartOf":{"@id":"https:\/\/fuentesfidedignas.com.mx\/index.php\/2023\/08\/04\/como-quieran-queremos-atenderemos-a-todos-los-desplazados-sebides\/"},"author":{"name":"Redacci\u00f3n","@id":"https:\/\/fuentesfidedignas.com.mx\/#\/schema\/person\/331be9283d37198e2acd5750279085b0"},"headline":"Como quieran queremos, atenderemos a todos los desplazados: SEBIDES","datePublished":"2023-08-05T00:02:00+00:00","dateModified":"2023-08-05T00:03:21+00:00","mainEntityOfPage":{"@id":"https:\/\/fuentesfidedignas.com.mx\/index.php\/2023\/08\/04\/como-quieran-queremos-atenderemos-a-todos-los-desplazados-sebides\/"},"wordCount":469,"commentCount":0,"publisher":{"@id":"https:\/\/fuentesfidedignas.com.mx\/#organization"},"image":{"@id":"https:\/\/fuentesfidedignas.com.mx\/index.php\/2023\/08\/04\/como-quieran-queremos-atenderemos-a-todos-los-desplazados-sebides\/#primaryimage"},"thumbnailUrl":"https:\/\/fuentesfidedignas.com.mx\/wp-content\/uploads\/2023\/08\/IMG-20230804-WA0026.jpg","articleSection":["NOTICIAS LOCALES"],"inLanguage":"es","potentialAction":[{"@type":"CommentAction","name":"Comment","target":["https:\/\/fuentesfidedignas.com.mx\/index.php\/2023\/08\/04\/como-quieran-queremos-atenderemos-a-todos-los-desplazados-sebides\/#respond"]}]},{"@type":"WebPage","@id":"https:\/\/fuentesfidedignas.com.mx\/index.php\/2023\/08\/04\/como-quieran-queremos-atenderemos-a-todos-los-desplazados-sebides\/","url":"https:\/\/fuentesfidedignas.com.mx\/index.php\/2023\/08\/04\/como-quieran-queremos-atenderemos-a-todos-los-desplazados-sebides\/","name":"Como quieran queremos, atenderemos a todos los desplazados: SEBIDES - Fuentes Fidedignas","isPartOf":{"@id":"https:\/\/fuentesfidedignas.com.mx\/#website"},"primaryImageOfPage":{"@id":"https:\/\/fuentesfidedignas.com.mx\/index.php\/2023\/08\/04\/como-quieran-queremos-atenderemos-a-todos-los-desplazados-sebides\/#primaryimage"},"image":{"@id":"https:\/\/fuentesfidedignas.com.mx\/index.php\/2023\/08\/04\/como-quieran-queremos-atenderemos-a-todos-los-desplazados-sebides\/#primaryimage"},"thumbnailUrl":"https:\/\/fuentesfidedignas.com.mx\/wp-content\/uploads\/2023\/08\/IMG-20230804-WA0026.jpg","datePublished":"2023-08-05T00:02:00+00:00","dateModified":"2023-08-05T00:03:21+00:00","breadcrumb":{"@id":"https:\/\/fuentesfidedignas.com.mx\/index.php\/2023\/08\/04\/como-quieran-queremos-atenderemos-a-todos-los-desplazados-sebides\/#breadcrumb"},"inLanguage":"es","potentialAction":[{"@type":"ReadAction","target":["https:\/\/fuentesfidedignas.com.mx\/index.php\/2023\/08\/04\/como-quieran-queremos-atenderemos-a-todos-los-desplazados-sebides\/"]}]},{"@type":"ImageObject","inLanguage":"es","@id":"https:\/\/fuentesfidedignas.com.mx\/index.php\/2023\/08\/04\/como-quieran-queremos-atenderemos-a-todos-los-desplazados-sebides\/#primaryimage","url":"https:\/\/fuentesfidedignas.com.mx\/wp-content\/uploads\/2023\/08\/IMG-20230804-WA0026.jpg","contentUrl":"https:\/\/fuentesfidedignas.com.mx\/wp-content\/uploads\/2023\/08\/IMG-20230804-WA0026.jpg","width":1280,"height":853},{"@type":"BreadcrumbList","@id":"https:\/\/fuentesfidedignas.com.mx\/index.php\/2023\/08\/04\/como-quieran-queremos-atenderemos-a-todos-los-desplazados-sebides\/#breadcrumb","itemListElement":[{"@type":"ListItem","position":1,"name":"Inicio","item":"https:\/\/fuentesfidedignas.com.mx\/"},{"@type":"ListItem","position":2,"name":"Como quieran queremos, atenderemos a todos los desplazados: SEBIDES"}]},{"@type":"WebSite","@id":"https:\/\/fuentesfidedignas.com.mx\/#website","url":"https:\/\/fuentesfidedignas.com.mx\/","name":"Fuentes Fidedignas","description":"Otro sitio realizado con WordPress","publisher":{"@id":"https:\/\/fuentesfidedignas.com.mx\/#organization"},"potentialAction":[{"@type":"SearchAction","target":{"@type":"EntryPoint","urlTemplate":"https:\/\/fuentesfidedignas.com.mx\/?s={search_term_string}"},"query-input":{"@type":"PropertyValueSpecification","valueRequired":true,"valueName":"search_term_string"}}],"inLanguage":"es"},{"@type":"Organization","@id":"https:\/\/fuentesfidedignas.com.mx\/#organization","name":"Fuentes Fidedignas","url":"https:\/\/fuentesfidedignas.com.mx\/","logo":{"@type":"ImageObject","inLanguage":"es","@id":"https:\/\/fuentesfidedignas.com.mx\/#\/schema\/logo\/image\/","url":"https:\/\/fuentesfidedignas.com.mx\/wp-content\/uploads\/2021\/04\/logo-retina.png","contentUrl":"https:\/\/fuentesfidedignas.com.mx\/wp-content\/uploads\/2021\/04\/logo-retina.png","width":280,"height":51,"caption":"Fuentes Fidedignas"},"image":{"@id":"https:\/\/fuentesfidedignas.com.mx\/#\/schema\/logo\/image\/"},"sameAs":["https:\/\/www.facebook.com\/Fuentes-Fidedignas-368234489921644","https:\/\/x.com\/fidedignas"]},{"@type":"Person","@id":"https:\/\/fuentesfidedignas.com.mx\/#\/schema\/person\/331be9283d37198e2acd5750279085b0","name":"Redacci\u00f3n","image":{"@type":"ImageObject","inLanguage":"es","@id":"https:\/\/secure.gravatar.com\/avatar\/f6d8782c11d12b2d4ad3fbb6931aeab5309937a4d6cd2fc9cfaa28a6396a5aec?s=96&d=mm&r=g","url":"https:\/\/secure.gravatar.com\/avatar\/f6d8782c11d12b2d4ad3fbb6931aeab5309937a4d6cd2fc9cfaa28a6396a5aec?s=96&d=mm&r=g","contentUrl":"https:\/\/secure.gravatar.com\/avatar\/f6d8782c11d12b2d4ad3fbb6931aeab5309937a4d6cd2fc9cfaa28a6396a5aec?s=96&d=mm&r=g","caption":"Redacci\u00f3n"},"url":"https:\/\/fuentesfidedignas.com.mx\/index.php\/author\/redaccion\/"}]}},"_links":{"self":[{"href":"https:\/\/fuentesfidedignas.com.mx\/index.php\/wp-json\/wp\/v2\/posts\/54492","targetHints":{"allow":["GET"]}}],"collection":[{"href":"https:\/\/fuentesfidedignas.com.mx\/index.php\/wp-json\/wp\/v2\/posts"}],"about":[{"href":"https:\/\/fuentesfidedignas.com.mx\/index.php\/wp-json\/wp\/v2\/types\/post"}],"author":[{"embeddable":true,"href":"https:\/\/fuentesfidedignas.com.mx\/index.php\/wp-json\/wp\/v2\/users\/4"}],"replies":[{"embeddable":true,"href":"https:\/\/fuentesfidedignas.com.mx\/index.php\/wp-json\/wp\/v2\/comments?post=54492"}],"version-history":[{"count":2,"href":"https:\/\/fuentesfidedignas.com.mx\/index.php\/wp-json\/wp\/v2\/posts\/54492\/revisions"}],"predecessor-version":[{"id":54500,"href":"https:\/\/fuentesfidedignas.com.mx\/index.php\/wp-json\/wp\/v2\/posts\/54492\/revisions\/54500"}],"wp:featuredmedia":[{"embeddable":true,"href":"https:\/\/fuentesfidedignas.com.mx\/index.php\/wp-json\/wp\/v2\/media\/54494"}],"wp:attachment":[{"href":"https:\/\/fuentesfidedignas.com.mx\/index.php\/wp-json\/wp\/v2\/media?parent=54492"}],"wp:term":[{"taxonomy":"category","embeddable":true,"href":"https:\/\/fuentesfidedignas.com.mx\/index.php\/wp-json\/wp\/v2\/categories?post=54492"},{"taxonomy":"post_tag","embeddable":true,"href":"https:\/\/fuentesfidedignas.com.mx\/index.php\/wp-json\/wp\/v2\/tags?post=54492"}],"curies":[{"name":"wp","href":"https:\/\/api.w.org\/{rel}","templated":true}]}}