{"id":54486,"date":"2023-08-04T11:56:32","date_gmt":"2023-08-04T18:56:32","guid":{"rendered":"https:\/\/fuentesfidedignas.com.mx\/?p=54486"},"modified":"2023-08-05T09:49:42","modified_gmt":"2023-08-05T16:49:42","slug":"tras-lluvias-en-elota-reportan-afectaciones-en-energia-electrica-y-agua-potable","status":"publish","type":"post","link":"https:\/\/fuentesfidedignas.com.mx\/index.php\/2023\/08\/04\/tras-lluvias-en-elota-reportan-afectaciones-en-energia-electrica-y-agua-potable\/","title":{"rendered":"Tras lluvias en Elota, reportan afectaciones en energ\u00eda el\u00e9ctrica y agua potable"},"content":{"rendered":"\n<p><strong><em>Retiran \u00e1rboles ca\u00eddos en calles y carreteras, reparan postes de energ\u00eda el\u00e9ctrica y se espera resolver el servicio de agua potable en comunidades<\/em><\/strong><\/p>\n\n\n\n<p>La Cruz, Elota, Sin.- Luego de las lluvias con descargas el\u00e9ctricas que se registraron durante la noche de ayer jueves, elementos de las corporaciones de seguridad y cuerpos de auxilio trabajan en la reparaci\u00f3n de los da\u00f1os en comunidades de Elota.<\/p>\n\n\n\n<p>El director de Seguridad P\u00fablica y Tr\u00e1nsito Municipal, comandante Edgar Ulises Quintero Ayala, inform\u00f3 que tras terminarse la precipitaci\u00f3n, se inici\u00f3 con el operativo para retirar los \u00e1rboles ca\u00eddos por la carretera M\u00e9xico 15, a la altura del crucero de Elota.<\/p>\n\n\n\n<p>Asimismo, se llev\u00f3 a cabo la limpieza de caminos y poblados afectados como Potrerillos del Norote, Caimanes, Abocho, Tanques\u00a0 y Colonia Buenos Aires.<\/p>\n\n\n\n<figure class=\"wp-block-gallery has-nested-images columns-default is-cropped wp-block-gallery-1 is-layout-flex wp-block-gallery-is-layout-flex\">\n<figure class=\"wp-block-image size-large\"><img decoding=\"async\" width=\"1025\" height=\"676\" data-id=\"54487\" src=\"https:\/\/fuentesfidedignas.com.mx\/wp-content\/uploads\/2023\/08\/1000103470.jpg\" alt=\"\" class=\"wp-image-54487\" srcset=\"https:\/\/fuentesfidedignas.com.mx\/wp-content\/uploads\/2023\/08\/1000103470.jpg 1025w, https:\/\/fuentesfidedignas.com.mx\/wp-content\/uploads\/2023\/08\/1000103470-300x198.jpg 300w, https:\/\/fuentesfidedignas.com.mx\/wp-content\/uploads\/2023\/08\/1000103470-768x507.jpg 768w\" sizes=\"(max-width: 1025px) 100vw, 1025px\" \/><\/figure>\n\n\n\n<figure class=\"wp-block-image size-large\"><img decoding=\"async\" width=\"1024\" height=\"768\" data-id=\"54488\" src=\"https:\/\/fuentesfidedignas.com.mx\/wp-content\/uploads\/2023\/08\/1000103468-1024x768.jpg\" alt=\"\" class=\"wp-image-54488\" srcset=\"https:\/\/fuentesfidedignas.com.mx\/wp-content\/uploads\/2023\/08\/1000103468-1024x768.jpg 1024w, https:\/\/fuentesfidedignas.com.mx\/wp-content\/uploads\/2023\/08\/1000103468-300x225.jpg 300w, https:\/\/fuentesfidedignas.com.mx\/wp-content\/uploads\/2023\/08\/1000103468-768x576.jpg 768w, https:\/\/fuentesfidedignas.com.mx\/wp-content\/uploads\/2023\/08\/1000103468.jpg 1280w\" sizes=\"(max-width: 1024px) 100vw, 1024px\" \/><\/figure>\n\n\n\n<figure class=\"wp-block-image size-large\"><img decoding=\"async\" width=\"1024\" height=\"766\" data-id=\"54489\" src=\"https:\/\/fuentesfidedignas.com.mx\/wp-content\/uploads\/2023\/08\/1000103469.jpg\" alt=\"\" class=\"wp-image-54489\" srcset=\"https:\/\/fuentesfidedignas.com.mx\/wp-content\/uploads\/2023\/08\/1000103469.jpg 1024w, https:\/\/fuentesfidedignas.com.mx\/wp-content\/uploads\/2023\/08\/1000103469-300x224.jpg 300w, https:\/\/fuentesfidedignas.com.mx\/wp-content\/uploads\/2023\/08\/1000103469-768x575.jpg 768w\" sizes=\"(max-width: 1024px) 100vw, 1024px\" \/><\/figure>\n<\/figure>\n\n\n\n<p>\u201cNo se puso en riesgo la vida de los Elotenses, nada m\u00e1s fueron afectaciones de ca\u00edda de \u00e1rboles y cableado de algunos postes. Est\u00e1n coordinados ahorita SEDENA, Protecci\u00f3n Civil, Polic\u00eda Municipal, Tr\u00e1nsito y Bomberos, est\u00e1n trabajando desde anoche\u201d, destac\u00f3.<\/p>\n\n\n\n<p>El gerente administrativo de la Junta de Agua Potable y Alcantarillado del Municipio de Elota (JAPAME), Wuilber Ch\u00e1vez Ben\u00edtez, indic\u00f3 que cuadrillas de la Comisi\u00f3n Federal de Electricidad (CFE) trabajan en la reparaci\u00f3n de los postes de energ\u00eda que se cayeron en diversas localidades, situaci\u00f3n que ha provocado que tambi\u00e9n no se cuente con el servicio de agua.<\/p>\n\n\n\n<p>\u201cLos lugares con da\u00f1os m\u00e1s grandes se presentan por la zona carretera, desde la comunidad de Colonia Buenos Aires hasta Pueblo Nuevo. JAPAME tiene el compromiso y trabaja en resolver el problema, pero se necesita de electricidad para lograr echar a trabajar los equipos de bombeo\u201d, dijo.<\/p>\n\n\n\n<p>Las comunidades afectadas son Potrerillos del Norote, Pueblo Nuevo, Ejido Culiac\u00e1n, Boscoso, Tanques, Abocho, El Carrizo, Japuino, Casas Grandes, entre otros.<\/p>\n\n\n\n<p>Ch\u00e1vez Ben\u00edtez puntualiz\u00f3 que se espera que el servicio de agua se restablezca lo m\u00e1s pronto posible, y llam\u00f3 a la poblaci\u00f3n a cuidar el vital l\u00edquido con la que cuentan actualmente.<\/p>\n","protected":false},"excerpt":{"rendered":"<p>Retiran \u00e1rboles ca\u00eddos en calles y carreteras, reparan postes de energ\u00eda el\u00e9ctrica y se espera resolver el servicio de agua potable en comunidades La Cruz, Elota, Sin.- Luego de las lluvias con descargas el\u00e9ctricas que se registraron durante la noche de ayer jueves, elementos de las corporaciones de seguridad y cuerpos de auxilio trabajan en [&hellip;]<\/p>\n","protected":false},"author":4,"featured_media":54491,"comment_status":"open","ping_status":"open","sticky":false,"template":"","format":"standard","meta":{"tdm_status":"","tdm_grid_status":"","footnotes":""},"categories":[38,1],"tags":[],"class_list":{"0":"post-54486","1":"post","2":"type-post","3":"status-publish","4":"format-standard","5":"has-post-thumbnail","7":"category-noticias-locales","8":"category-sin-categoria"},"yoast_head":"<!-- This site is optimized with the Yoast SEO plugin v27.5 - https:\/\/yoast.com\/product\/yoast-seo-wordpress\/ -->\n<title>Tras lluvias en Elota, reportan afectaciones en energ\u00eda el\u00e9ctrica y agua potable - Fuentes Fidedignas<\/title>\n<meta name=\"robots\" content=\"index, follow, max-snippet:-1, max-image-preview:large, max-video-preview:-1\" \/>\n<link rel=\"canonical\" href=\"https:\/\/fuentesfidedignas.com.mx\/index.php\/2023\/08\/04\/tras-lluvias-en-elota-reportan-afectaciones-en-energia-electrica-y-agua-potable\/\" \/>\n<meta property=\"og:locale\" content=\"es_MX\" \/>\n<meta property=\"og:type\" content=\"article\" \/>\n<meta property=\"og:title\" content=\"Tras lluvias en Elota, reportan afectaciones en energ\u00eda el\u00e9ctrica y agua potable - Fuentes Fidedignas\" \/>\n<meta property=\"og:description\" content=\"Retiran \u00e1rboles ca\u00eddos en calles y carreteras, reparan postes de energ\u00eda el\u00e9ctrica y se espera resolver el servicio de agua potable en comunidades La Cruz, Elota, Sin.- Luego de las lluvias con descargas el\u00e9ctricas que se registraron durante la noche de ayer jueves, elementos de las corporaciones de seguridad y cuerpos de auxilio trabajan en [&hellip;]\" \/>\n<meta property=\"og:url\" content=\"https:\/\/fuentesfidedignas.com.mx\/index.php\/2023\/08\/04\/tras-lluvias-en-elota-reportan-afectaciones-en-energia-electrica-y-agua-potable\/\" \/>\n<meta property=\"og:site_name\" content=\"Fuentes Fidedignas\" \/>\n<meta property=\"article:publisher\" content=\"https:\/\/www.facebook.com\/Fuentes-Fidedignas-368234489921644\" \/>\n<meta property=\"article:published_time\" content=\"2023-08-04T18:56:32+00:00\" \/>\n<meta property=\"article:modified_time\" content=\"2023-08-05T16:49:42+00:00\" \/>\n<meta property=\"og:image\" content=\"https:\/\/fuentesfidedignas.com.mx\/wp-content\/uploads\/2023\/08\/WhatsApp-Image-2023-08-04-at-3.03.39-PM.jpeg\" \/>\n\t<meta property=\"og:image:width\" content=\"1200\" \/>\n\t<meta property=\"og:image:height\" content=\"900\" \/>\n\t<meta property=\"og:image:type\" content=\"image\/jpeg\" \/>\n<meta name=\"author\" content=\"Redacci\u00f3n\" \/>\n<meta name=\"twitter:card\" content=\"summary_large_image\" \/>\n<meta name=\"twitter:creator\" content=\"@fidedignas\" \/>\n<meta name=\"twitter:site\" content=\"@fidedignas\" \/>\n<meta name=\"twitter:label1\" content=\"Escrito por\" \/>\n\t<meta name=\"twitter:data1\" content=\"Redacci\u00f3n\" \/>\n\t<meta name=\"twitter:label2\" content=\"Tiempo de lectura\" \/>\n\t<meta name=\"twitter:data2\" content=\"3 minutos\" \/>\n<script type=\"application\/ld+json\" class=\"yoast-schema-graph\">{\"@context\":\"https:\\\/\\\/schema.org\",\"@graph\":[{\"@type\":\"Article\",\"@id\":\"https:\\\/\\\/fuentesfidedignas.com.mx\\\/index.php\\\/2023\\\/08\\\/04\\\/tras-lluvias-en-elota-reportan-afectaciones-en-energia-electrica-y-agua-potable\\\/#article\",\"isPartOf\":{\"@id\":\"https:\\\/\\\/fuentesfidedignas.com.mx\\\/index.php\\\/2023\\\/08\\\/04\\\/tras-lluvias-en-elota-reportan-afectaciones-en-energia-electrica-y-agua-potable\\\/\"},\"author\":{\"name\":\"Redacci\u00f3n\",\"@id\":\"https:\\\/\\\/fuentesfidedignas.com.mx\\\/#\\\/schema\\\/person\\\/331be9283d37198e2acd5750279085b0\"},\"headline\":\"Tras lluvias en Elota, reportan afectaciones en energ\u00eda el\u00e9ctrica y agua potable\",\"datePublished\":\"2023-08-04T18:56:32+00:00\",\"dateModified\":\"2023-08-05T16:49:42+00:00\",\"mainEntityOfPage\":{\"@id\":\"https:\\\/\\\/fuentesfidedignas.com.mx\\\/index.php\\\/2023\\\/08\\\/04\\\/tras-lluvias-en-elota-reportan-afectaciones-en-energia-electrica-y-agua-potable\\\/\"},\"wordCount\":372,\"commentCount\":0,\"publisher\":{\"@id\":\"https:\\\/\\\/fuentesfidedignas.com.mx\\\/#organization\"},\"image\":{\"@id\":\"https:\\\/\\\/fuentesfidedignas.com.mx\\\/index.php\\\/2023\\\/08\\\/04\\\/tras-lluvias-en-elota-reportan-afectaciones-en-energia-electrica-y-agua-potable\\\/#primaryimage\"},\"thumbnailUrl\":\"https:\\\/\\\/fuentesfidedignas.com.mx\\\/wp-content\\\/uploads\\\/2023\\\/08\\\/WhatsApp-Image-2023-08-04-at-3.03.39-PM.jpeg\",\"articleSection\":[\"NOTICIAS LOCALES\"],\"inLanguage\":\"es\",\"potentialAction\":[{\"@type\":\"CommentAction\",\"name\":\"Comment\",\"target\":[\"https:\\\/\\\/fuentesfidedignas.com.mx\\\/index.php\\\/2023\\\/08\\\/04\\\/tras-lluvias-en-elota-reportan-afectaciones-en-energia-electrica-y-agua-potable\\\/#respond\"]}]},{\"@type\":\"WebPage\",\"@id\":\"https:\\\/\\\/fuentesfidedignas.com.mx\\\/index.php\\\/2023\\\/08\\\/04\\\/tras-lluvias-en-elota-reportan-afectaciones-en-energia-electrica-y-agua-potable\\\/\",\"url\":\"https:\\\/\\\/fuentesfidedignas.com.mx\\\/index.php\\\/2023\\\/08\\\/04\\\/tras-lluvias-en-elota-reportan-afectaciones-en-energia-electrica-y-agua-potable\\\/\",\"name\":\"Tras lluvias en Elota, reportan afectaciones en energ\u00eda el\u00e9ctrica y agua potable - Fuentes Fidedignas\",\"isPartOf\":{\"@id\":\"https:\\\/\\\/fuentesfidedignas.com.mx\\\/#website\"},\"primaryImageOfPage\":{\"@id\":\"https:\\\/\\\/fuentesfidedignas.com.mx\\\/index.php\\\/2023\\\/08\\\/04\\\/tras-lluvias-en-elota-reportan-afectaciones-en-energia-electrica-y-agua-potable\\\/#primaryimage\"},\"image\":{\"@id\":\"https:\\\/\\\/fuentesfidedignas.com.mx\\\/index.php\\\/2023\\\/08\\\/04\\\/tras-lluvias-en-elota-reportan-afectaciones-en-energia-electrica-y-agua-potable\\\/#primaryimage\"},\"thumbnailUrl\":\"https:\\\/\\\/fuentesfidedignas.com.mx\\\/wp-content\\\/uploads\\\/2023\\\/08\\\/WhatsApp-Image-2023-08-04-at-3.03.39-PM.jpeg\",\"datePublished\":\"2023-08-04T18:56:32+00:00\",\"dateModified\":\"2023-08-05T16:49:42+00:00\",\"breadcrumb\":{\"@id\":\"https:\\\/\\\/fuentesfidedignas.com.mx\\\/index.php\\\/2023\\\/08\\\/04\\\/tras-lluvias-en-elota-reportan-afectaciones-en-energia-electrica-y-agua-potable\\\/#breadcrumb\"},\"inLanguage\":\"es\",\"potentialAction\":[{\"@type\":\"ReadAction\",\"target\":[\"https:\\\/\\\/fuentesfidedignas.com.mx\\\/index.php\\\/2023\\\/08\\\/04\\\/tras-lluvias-en-elota-reportan-afectaciones-en-energia-electrica-y-agua-potable\\\/\"]}]},{\"@type\":\"ImageObject\",\"inLanguage\":\"es\",\"@id\":\"https:\\\/\\\/fuentesfidedignas.com.mx\\\/index.php\\\/2023\\\/08\\\/04\\\/tras-lluvias-en-elota-reportan-afectaciones-en-energia-electrica-y-agua-potable\\\/#primaryimage\",\"url\":\"https:\\\/\\\/fuentesfidedignas.com.mx\\\/wp-content\\\/uploads\\\/2023\\\/08\\\/WhatsApp-Image-2023-08-04-at-3.03.39-PM.jpeg\",\"contentUrl\":\"https:\\\/\\\/fuentesfidedignas.com.mx\\\/wp-content\\\/uploads\\\/2023\\\/08\\\/WhatsApp-Image-2023-08-04-at-3.03.39-PM.jpeg\",\"width\":1200,\"height\":900},{\"@type\":\"BreadcrumbList\",\"@id\":\"https:\\\/\\\/fuentesfidedignas.com.mx\\\/index.php\\\/2023\\\/08\\\/04\\\/tras-lluvias-en-elota-reportan-afectaciones-en-energia-electrica-y-agua-potable\\\/#breadcrumb\",\"itemListElement\":[{\"@type\":\"ListItem\",\"position\":1,\"name\":\"Inicio\",\"item\":\"https:\\\/\\\/fuentesfidedignas.com.mx\\\/\"},{\"@type\":\"ListItem\",\"position\":2,\"name\":\"Tras lluvias en Elota, reportan afectaciones en energ\u00eda el\u00e9ctrica y agua potable\"}]},{\"@type\":\"WebSite\",\"@id\":\"https:\\\/\\\/fuentesfidedignas.com.mx\\\/#website\",\"url\":\"https:\\\/\\\/fuentesfidedignas.com.mx\\\/\",\"name\":\"Fuentes Fidedignas\",\"description\":\"Otro sitio realizado con WordPress\",\"publisher\":{\"@id\":\"https:\\\/\\\/fuentesfidedignas.com.mx\\\/#organization\"},\"potentialAction\":[{\"@type\":\"SearchAction\",\"target\":{\"@type\":\"EntryPoint\",\"urlTemplate\":\"https:\\\/\\\/fuentesfidedignas.com.mx\\\/?s={search_term_string}\"},\"query-input\":{\"@type\":\"PropertyValueSpecification\",\"valueRequired\":true,\"valueName\":\"search_term_string\"}}],\"inLanguage\":\"es\"},{\"@type\":\"Organization\",\"@id\":\"https:\\\/\\\/fuentesfidedignas.com.mx\\\/#organization\",\"name\":\"Fuentes Fidedignas\",\"url\":\"https:\\\/\\\/fuentesfidedignas.com.mx\\\/\",\"logo\":{\"@type\":\"ImageObject\",\"inLanguage\":\"es\",\"@id\":\"https:\\\/\\\/fuentesfidedignas.com.mx\\\/#\\\/schema\\\/logo\\\/image\\\/\",\"url\":\"https:\\\/\\\/fuentesfidedignas.com.mx\\\/wp-content\\\/uploads\\\/2021\\\/04\\\/logo-retina.png\",\"contentUrl\":\"https:\\\/\\\/fuentesfidedignas.com.mx\\\/wp-content\\\/uploads\\\/2021\\\/04\\\/logo-retina.png\",\"width\":280,\"height\":51,\"caption\":\"Fuentes Fidedignas\"},\"image\":{\"@id\":\"https:\\\/\\\/fuentesfidedignas.com.mx\\\/#\\\/schema\\\/logo\\\/image\\\/\"},\"sameAs\":[\"https:\\\/\\\/www.facebook.com\\\/Fuentes-Fidedignas-368234489921644\",\"https:\\\/\\\/x.com\\\/fidedignas\"]},{\"@type\":\"Person\",\"@id\":\"https:\\\/\\\/fuentesfidedignas.com.mx\\\/#\\\/schema\\\/person\\\/331be9283d37198e2acd5750279085b0\",\"name\":\"Redacci\u00f3n\",\"image\":{\"@type\":\"ImageObject\",\"inLanguage\":\"es\",\"@id\":\"https:\\\/\\\/secure.gravatar.com\\\/avatar\\\/f6d8782c11d12b2d4ad3fbb6931aeab5309937a4d6cd2fc9cfaa28a6396a5aec?s=96&d=mm&r=g\",\"url\":\"https:\\\/\\\/secure.gravatar.com\\\/avatar\\\/f6d8782c11d12b2d4ad3fbb6931aeab5309937a4d6cd2fc9cfaa28a6396a5aec?s=96&d=mm&r=g\",\"contentUrl\":\"https:\\\/\\\/secure.gravatar.com\\\/avatar\\\/f6d8782c11d12b2d4ad3fbb6931aeab5309937a4d6cd2fc9cfaa28a6396a5aec?s=96&d=mm&r=g\",\"caption\":\"Redacci\u00f3n\"},\"url\":\"https:\\\/\\\/fuentesfidedignas.com.mx\\\/index.php\\\/author\\\/redaccion\\\/\"}]}<\/script>\n<!-- \/ Yoast SEO plugin. -->","yoast_head_json":{"title":"Tras lluvias en Elota, reportan afectaciones en energ\u00eda el\u00e9ctrica y agua potable - Fuentes Fidedignas","robots":{"index":"index","follow":"follow","max-snippet":"max-snippet:-1","max-image-preview":"max-image-preview:large","max-video-preview":"max-video-preview:-1"},"canonical":"https:\/\/fuentesfidedignas.com.mx\/index.php\/2023\/08\/04\/tras-lluvias-en-elota-reportan-afectaciones-en-energia-electrica-y-agua-potable\/","og_locale":"es_MX","og_type":"article","og_title":"Tras lluvias en Elota, reportan afectaciones en energ\u00eda el\u00e9ctrica y agua potable - Fuentes Fidedignas","og_description":"Retiran \u00e1rboles ca\u00eddos en calles y carreteras, reparan postes de energ\u00eda el\u00e9ctrica y se espera resolver el servicio de agua potable en comunidades La Cruz, Elota, Sin.- Luego de las lluvias con descargas el\u00e9ctricas que se registraron durante la noche de ayer jueves, elementos de las corporaciones de seguridad y cuerpos de auxilio trabajan en [&hellip;]","og_url":"https:\/\/fuentesfidedignas.com.mx\/index.php\/2023\/08\/04\/tras-lluvias-en-elota-reportan-afectaciones-en-energia-electrica-y-agua-potable\/","og_site_name":"Fuentes Fidedignas","article_publisher":"https:\/\/www.facebook.com\/Fuentes-Fidedignas-368234489921644","article_published_time":"2023-08-04T18:56:32+00:00","article_modified_time":"2023-08-05T16:49:42+00:00","og_image":[{"width":1200,"height":900,"url":"https:\/\/fuentesfidedignas.com.mx\/wp-content\/uploads\/2023\/08\/WhatsApp-Image-2023-08-04-at-3.03.39-PM.jpeg","type":"image\/jpeg"}],"author":"Redacci\u00f3n","twitter_card":"summary_large_image","twitter_creator":"@fidedignas","twitter_site":"@fidedignas","twitter_misc":{"Escrito por":"Redacci\u00f3n","Tiempo de lectura":"3 minutos"},"schema":{"@context":"https:\/\/schema.org","@graph":[{"@type":"Article","@id":"https:\/\/fuentesfidedignas.com.mx\/index.php\/2023\/08\/04\/tras-lluvias-en-elota-reportan-afectaciones-en-energia-electrica-y-agua-potable\/#article","isPartOf":{"@id":"https:\/\/fuentesfidedignas.com.mx\/index.php\/2023\/08\/04\/tras-lluvias-en-elota-reportan-afectaciones-en-energia-electrica-y-agua-potable\/"},"author":{"name":"Redacci\u00f3n","@id":"https:\/\/fuentesfidedignas.com.mx\/#\/schema\/person\/331be9283d37198e2acd5750279085b0"},"headline":"Tras lluvias en Elota, reportan afectaciones en energ\u00eda el\u00e9ctrica y agua potable","datePublished":"2023-08-04T18:56:32+00:00","dateModified":"2023-08-05T16:49:42+00:00","mainEntityOfPage":{"@id":"https:\/\/fuentesfidedignas.com.mx\/index.php\/2023\/08\/04\/tras-lluvias-en-elota-reportan-afectaciones-en-energia-electrica-y-agua-potable\/"},"wordCount":372,"commentCount":0,"publisher":{"@id":"https:\/\/fuentesfidedignas.com.mx\/#organization"},"image":{"@id":"https:\/\/fuentesfidedignas.com.mx\/index.php\/2023\/08\/04\/tras-lluvias-en-elota-reportan-afectaciones-en-energia-electrica-y-agua-potable\/#primaryimage"},"thumbnailUrl":"https:\/\/fuentesfidedignas.com.mx\/wp-content\/uploads\/2023\/08\/WhatsApp-Image-2023-08-04-at-3.03.39-PM.jpeg","articleSection":["NOTICIAS LOCALES"],"inLanguage":"es","potentialAction":[{"@type":"CommentAction","name":"Comment","target":["https:\/\/fuentesfidedignas.com.mx\/index.php\/2023\/08\/04\/tras-lluvias-en-elota-reportan-afectaciones-en-energia-electrica-y-agua-potable\/#respond"]}]},{"@type":"WebPage","@id":"https:\/\/fuentesfidedignas.com.mx\/index.php\/2023\/08\/04\/tras-lluvias-en-elota-reportan-afectaciones-en-energia-electrica-y-agua-potable\/","url":"https:\/\/fuentesfidedignas.com.mx\/index.php\/2023\/08\/04\/tras-lluvias-en-elota-reportan-afectaciones-en-energia-electrica-y-agua-potable\/","name":"Tras lluvias en Elota, reportan afectaciones en energ\u00eda el\u00e9ctrica y agua potable - Fuentes Fidedignas","isPartOf":{"@id":"https:\/\/fuentesfidedignas.com.mx\/#website"},"primaryImageOfPage":{"@id":"https:\/\/fuentesfidedignas.com.mx\/index.php\/2023\/08\/04\/tras-lluvias-en-elota-reportan-afectaciones-en-energia-electrica-y-agua-potable\/#primaryimage"},"image":{"@id":"https:\/\/fuentesfidedignas.com.mx\/index.php\/2023\/08\/04\/tras-lluvias-en-elota-reportan-afectaciones-en-energia-electrica-y-agua-potable\/#primaryimage"},"thumbnailUrl":"https:\/\/fuentesfidedignas.com.mx\/wp-content\/uploads\/2023\/08\/WhatsApp-Image-2023-08-04-at-3.03.39-PM.jpeg","datePublished":"2023-08-04T18:56:32+00:00","dateModified":"2023-08-05T16:49:42+00:00","breadcrumb":{"@id":"https:\/\/fuentesfidedignas.com.mx\/index.php\/2023\/08\/04\/tras-lluvias-en-elota-reportan-afectaciones-en-energia-electrica-y-agua-potable\/#breadcrumb"},"inLanguage":"es","potentialAction":[{"@type":"ReadAction","target":["https:\/\/fuentesfidedignas.com.mx\/index.php\/2023\/08\/04\/tras-lluvias-en-elota-reportan-afectaciones-en-energia-electrica-y-agua-potable\/"]}]},{"@type":"ImageObject","inLanguage":"es","@id":"https:\/\/fuentesfidedignas.com.mx\/index.php\/2023\/08\/04\/tras-lluvias-en-elota-reportan-afectaciones-en-energia-electrica-y-agua-potable\/#primaryimage","url":"https:\/\/fuentesfidedignas.com.mx\/wp-content\/uploads\/2023\/08\/WhatsApp-Image-2023-08-04-at-3.03.39-PM.jpeg","contentUrl":"https:\/\/fuentesfidedignas.com.mx\/wp-content\/uploads\/2023\/08\/WhatsApp-Image-2023-08-04-at-3.03.39-PM.jpeg","width":1200,"height":900},{"@type":"BreadcrumbList","@id":"https:\/\/fuentesfidedignas.com.mx\/index.php\/2023\/08\/04\/tras-lluvias-en-elota-reportan-afectaciones-en-energia-electrica-y-agua-potable\/#breadcrumb","itemListElement":[{"@type":"ListItem","position":1,"name":"Inicio","item":"https:\/\/fuentesfidedignas.com.mx\/"},{"@type":"ListItem","position":2,"name":"Tras lluvias en Elota, reportan afectaciones en energ\u00eda el\u00e9ctrica y agua potable"}]},{"@type":"WebSite","@id":"https:\/\/fuentesfidedignas.com.mx\/#website","url":"https:\/\/fuentesfidedignas.com.mx\/","name":"Fuentes Fidedignas","description":"Otro sitio realizado con WordPress","publisher":{"@id":"https:\/\/fuentesfidedignas.com.mx\/#organization"},"potentialAction":[{"@type":"SearchAction","target":{"@type":"EntryPoint","urlTemplate":"https:\/\/fuentesfidedignas.com.mx\/?s={search_term_string}"},"query-input":{"@type":"PropertyValueSpecification","valueRequired":true,"valueName":"search_term_string"}}],"inLanguage":"es"},{"@type":"Organization","@id":"https:\/\/fuentesfidedignas.com.mx\/#organization","name":"Fuentes Fidedignas","url":"https:\/\/fuentesfidedignas.com.mx\/","logo":{"@type":"ImageObject","inLanguage":"es","@id":"https:\/\/fuentesfidedignas.com.mx\/#\/schema\/logo\/image\/","url":"https:\/\/fuentesfidedignas.com.mx\/wp-content\/uploads\/2021\/04\/logo-retina.png","contentUrl":"https:\/\/fuentesfidedignas.com.mx\/wp-content\/uploads\/2021\/04\/logo-retina.png","width":280,"height":51,"caption":"Fuentes Fidedignas"},"image":{"@id":"https:\/\/fuentesfidedignas.com.mx\/#\/schema\/logo\/image\/"},"sameAs":["https:\/\/www.facebook.com\/Fuentes-Fidedignas-368234489921644","https:\/\/x.com\/fidedignas"]},{"@type":"Person","@id":"https:\/\/fuentesfidedignas.com.mx\/#\/schema\/person\/331be9283d37198e2acd5750279085b0","name":"Redacci\u00f3n","image":{"@type":"ImageObject","inLanguage":"es","@id":"https:\/\/secure.gravatar.com\/avatar\/f6d8782c11d12b2d4ad3fbb6931aeab5309937a4d6cd2fc9cfaa28a6396a5aec?s=96&d=mm&r=g","url":"https:\/\/secure.gravatar.com\/avatar\/f6d8782c11d12b2d4ad3fbb6931aeab5309937a4d6cd2fc9cfaa28a6396a5aec?s=96&d=mm&r=g","contentUrl":"https:\/\/secure.gravatar.com\/avatar\/f6d8782c11d12b2d4ad3fbb6931aeab5309937a4d6cd2fc9cfaa28a6396a5aec?s=96&d=mm&r=g","caption":"Redacci\u00f3n"},"url":"https:\/\/fuentesfidedignas.com.mx\/index.php\/author\/redaccion\/"}]}},"_links":{"self":[{"href":"https:\/\/fuentesfidedignas.com.mx\/index.php\/wp-json\/wp\/v2\/posts\/54486","targetHints":{"allow":["GET"]}}],"collection":[{"href":"https:\/\/fuentesfidedignas.com.mx\/index.php\/wp-json\/wp\/v2\/posts"}],"about":[{"href":"https:\/\/fuentesfidedignas.com.mx\/index.php\/wp-json\/wp\/v2\/types\/post"}],"author":[{"embeddable":true,"href":"https:\/\/fuentesfidedignas.com.mx\/index.php\/wp-json\/wp\/v2\/users\/4"}],"replies":[{"embeddable":true,"href":"https:\/\/fuentesfidedignas.com.mx\/index.php\/wp-json\/wp\/v2\/comments?post=54486"}],"version-history":[{"count":1,"href":"https:\/\/fuentesfidedignas.com.mx\/index.php\/wp-json\/wp\/v2\/posts\/54486\/revisions"}],"predecessor-version":[{"id":54490,"href":"https:\/\/fuentesfidedignas.com.mx\/index.php\/wp-json\/wp\/v2\/posts\/54486\/revisions\/54490"}],"wp:featuredmedia":[{"embeddable":true,"href":"https:\/\/fuentesfidedignas.com.mx\/index.php\/wp-json\/wp\/v2\/media\/54491"}],"wp:attachment":[{"href":"https:\/\/fuentesfidedignas.com.mx\/index.php\/wp-json\/wp\/v2\/media?parent=54486"}],"wp:term":[{"taxonomy":"category","embeddable":true,"href":"https:\/\/fuentesfidedignas.com.mx\/index.php\/wp-json\/wp\/v2\/categories?post=54486"},{"taxonomy":"post_tag","embeddable":true,"href":"https:\/\/fuentesfidedignas.com.mx\/index.php\/wp-json\/wp\/v2\/tags?post=54486"}],"curies":[{"name":"wp","href":"https:\/\/api.w.org\/{rel}","templated":true}]}}