{"id":54477,"date":"2023-08-04T15:16:10","date_gmt":"2023-08-04T22:16:10","guid":{"rendered":"https:\/\/fuentesfidedignas.com.mx\/?p=54477"},"modified":"2023-08-04T15:17:47","modified_gmt":"2023-08-04T22:17:47","slug":"tras-operativo-afuera-de-su-casa-detienen-al-fiscal-general-de-morelos","status":"publish","type":"post","link":"https:\/\/fuentesfidedignas.com.mx\/index.php\/2023\/08\/04\/tras-operativo-afuera-de-su-casa-detienen-al-fiscal-general-de-morelos\/","title":{"rendered":"Tras operativo afuera de su casa, detienen al fiscal general de Morelos"},"content":{"rendered":"\n<p><strong><em>La Fiscal\u00eda de la CDMX confirm\u00f3 la detenci\u00f3n del fiscal de Morelos, Uriel Carmona, por Delitos Cometidos Contra la Procuraci\u00f3n y Administraci\u00f3n de Justicia<\/em><\/strong><\/p>\n\n\n\n<p>Morelos. La\u00a0<strong>Fiscal\u00eda General<\/strong>\u00a0de\u00a0<strong>Justicia<\/strong>\u00a0de la\u00a0<strong>Ciudad de M\u00e9xico<\/strong>\u00a0confirm\u00f3 la detenci\u00f3n, tras operativo conjunto con la\u00a0<strong>Secretar\u00eda de Marina<\/strong>, del\u00a0<strong>fiscal general de Morelos<\/strong>,\u00a0<strong>Uriel Carmona<\/strong>, por su probable participaci\u00f3n en\u00a0<strong>Delitos Cometidos Contra la Procuraci\u00f3n y Administraci\u00f3n de Justicia<\/strong>.<\/p>\n\n\n\n<figure class=\"wp-block-embed is-type-video is-provider-youtube wp-block-embed-youtube wp-embed-aspect-16-9 wp-has-aspect-ratio\"><div class=\"wp-block-embed__wrapper\">\n<iframe loading=\"lazy\" title=\"Mensaje a medios Ulises Lara sobre aprehensi\u00f3n de servidor p\u00fablico en Morelos\" width=\"696\" height=\"392\" src=\"https:\/\/www.youtube.com\/embed\/tbOohqDh5sM?feature=oembed\" frameborder=\"0\" allow=\"accelerometer; autoplay; clipboard-write; encrypted-media; gyroscope; picture-in-picture; web-share\" allowfullscreen><\/iframe>\n<\/div><\/figure>\n\n\n\n<p>En conferencia de prensa, el vocero de la Fiscal\u00eda, Ulises Lara, detall\u00f3 que la detenci\u00f3n se dio por presuntas irregularidades en el manejo del feminicidio de la joven&nbsp;<strong>Ariadna Fernanda<\/strong>.<\/p>\n\n\n\n<blockquote class=\"wp-block-quote is-layout-flow wp-block-quote-is-layout-flow\">\n<p>El&nbsp;<strong>Ministerio P\u00fablico de la Ciudad de M\u00e9xico<\/strong>&nbsp;consider\u00f3 que&nbsp;<strong>Uriel<\/strong>&nbsp;\u2018N\u2019 probablemente entorpeci\u00f3 de manera indebida la&nbsp;<strong>procuraci\u00f3n de justicia<\/strong>, desvi\u00f3 la investigaci\u00f3n de los hechos, y sus expresiones se insertan en un panorama de discriminaci\u00f3n y violencia de g\u00e9nero estructural que contribuyeron a que se generaran condiciones id\u00f3neas para que se produjera y reprodujera la impunidad y la falta de acceso a la justicia de una mujer v\u00edctima de feminicidio\u201d, explic\u00f3.<\/p>\n<\/blockquote>\n\n\n\n<figure class=\"wp-block-embed is-type-rich is-provider-twitter wp-block-embed-twitter\"><div class=\"wp-block-embed__wrapper\">\n<blockquote class=\"twitter-tweet\" data-width=\"550\" data-dnt=\"true\"><p lang=\"es\" dir=\"ltr\">Este fue el momento en que se le notific\u00f3 a Uriel Carmona de la orden de aprehensi\u00f3n en su contra.<br><br>El fiscal de Morelos se puso a disposici\u00f3n de las autoridades sin oponer resistencia.<br><br>Toda la informaci\u00f3n: <a href=\"https:\/\/t.co\/ojCmWxQLey\">https:\/\/t.co\/ojCmWxQLey<\/a> <a href=\"https:\/\/t.co\/cDULcAO0Mh\">pic.twitter.com\/cDULcAO0Mh<\/a><\/p>&mdash; Joaqu\u00edn L\u00f3pez-D\u00f3riga (@lopezdoriga) <a href=\"https:\/\/twitter.com\/lopezdoriga\/status\/1687578814216392704?ref_src=twsrc%5Etfw\">August 4, 2023<\/a><\/blockquote><script async src=\"https:\/\/platform.twitter.com\/widgets.js\" charset=\"utf-8\"><\/script>\n<\/div><\/figure>\n","protected":false},"excerpt":{"rendered":"<p>La Fiscal\u00eda de la CDMX confirm\u00f3 la detenci\u00f3n del fiscal de Morelos, Uriel Carmona, por Delitos Cometidos Contra la Procuraci\u00f3n y Administraci\u00f3n de Justicia Morelos. La\u00a0Fiscal\u00eda General\u00a0de\u00a0Justicia\u00a0de la\u00a0Ciudad de M\u00e9xico\u00a0confirm\u00f3 la detenci\u00f3n, tras operativo conjunto con la\u00a0Secretar\u00eda de Marina, del\u00a0fiscal general de Morelos,\u00a0Uriel Carmona, por su probable participaci\u00f3n en\u00a0Delitos Cometidos Contra la Procuraci\u00f3n y Administraci\u00f3n [&hellip;]<\/p>\n","protected":false},"author":47,"featured_media":54479,"comment_status":"open","ping_status":"open","sticky":false,"template":"","format":"standard","meta":{"tdm_status":"","tdm_grid_status":"","footnotes":""},"categories":[39,1],"tags":[],"class_list":{"0":"post-54477","1":"post","2":"type-post","3":"status-publish","4":"format-standard","5":"has-post-thumbnail","7":"category-noticias-nacionales","8":"category-sin-categoria"},"yoast_head":"<!-- This site is optimized with the Yoast SEO plugin v27.5 - https:\/\/yoast.com\/product\/yoast-seo-wordpress\/ -->\n<title>Tras operativo afuera de su casa, detienen al fiscal general de Morelos - Fuentes Fidedignas<\/title>\n<meta name=\"robots\" content=\"index, follow, max-snippet:-1, max-image-preview:large, max-video-preview:-1\" \/>\n<link rel=\"canonical\" href=\"https:\/\/fuentesfidedignas.com.mx\/index.php\/2023\/08\/04\/tras-operativo-afuera-de-su-casa-detienen-al-fiscal-general-de-morelos\/\" \/>\n<meta property=\"og:locale\" content=\"es_MX\" \/>\n<meta property=\"og:type\" content=\"article\" \/>\n<meta property=\"og:title\" content=\"Tras operativo afuera de su casa, detienen al fiscal general de Morelos - Fuentes Fidedignas\" \/>\n<meta property=\"og:description\" content=\"La Fiscal\u00eda de la CDMX confirm\u00f3 la detenci\u00f3n del fiscal de Morelos, Uriel Carmona, por Delitos Cometidos Contra la Procuraci\u00f3n y Administraci\u00f3n de Justicia Morelos. La\u00a0Fiscal\u00eda General\u00a0de\u00a0Justicia\u00a0de la\u00a0Ciudad de M\u00e9xico\u00a0confirm\u00f3 la detenci\u00f3n, tras operativo conjunto con la\u00a0Secretar\u00eda de Marina, del\u00a0fiscal general de Morelos,\u00a0Uriel Carmona, por su probable participaci\u00f3n en\u00a0Delitos Cometidos Contra la Procuraci\u00f3n y Administraci\u00f3n [&hellip;]\" \/>\n<meta property=\"og:url\" content=\"https:\/\/fuentesfidedignas.com.mx\/index.php\/2023\/08\/04\/tras-operativo-afuera-de-su-casa-detienen-al-fiscal-general-de-morelos\/\" \/>\n<meta property=\"og:site_name\" content=\"Fuentes Fidedignas\" \/>\n<meta property=\"article:publisher\" content=\"https:\/\/www.facebook.com\/Fuentes-Fidedignas-368234489921644\" \/>\n<meta property=\"article:published_time\" content=\"2023-08-04T22:16:10+00:00\" \/>\n<meta property=\"article:modified_time\" content=\"2023-08-04T22:17:47+00:00\" \/>\n<meta property=\"og:image\" content=\"https:\/\/fuentesfidedignas.com.mx\/wp-content\/uploads\/2023\/08\/uriel-carmona.jpeg\" \/>\n\t<meta property=\"og:image:width\" content=\"934\" \/>\n\t<meta property=\"og:image:height\" content=\"738\" \/>\n\t<meta property=\"og:image:type\" content=\"image\/jpeg\" \/>\n<meta name=\"author\" content=\"L\u00f3pez D\u00f3riga\" \/>\n<meta name=\"twitter:card\" content=\"summary_large_image\" \/>\n<meta name=\"twitter:creator\" content=\"@fidedignas\" \/>\n<meta name=\"twitter:site\" content=\"@fidedignas\" \/>\n<meta name=\"twitter:label1\" content=\"Escrito por\" \/>\n\t<meta name=\"twitter:data1\" content=\"L\u00f3pez D\u00f3riga\" \/>\n\t<meta name=\"twitter:label2\" content=\"Tiempo de lectura\" \/>\n\t<meta name=\"twitter:data2\" content=\"1 minuto\" \/>\n<script type=\"application\/ld+json\" class=\"yoast-schema-graph\">{\"@context\":\"https:\\\/\\\/schema.org\",\"@graph\":[{\"@type\":\"Article\",\"@id\":\"https:\\\/\\\/fuentesfidedignas.com.mx\\\/index.php\\\/2023\\\/08\\\/04\\\/tras-operativo-afuera-de-su-casa-detienen-al-fiscal-general-de-morelos\\\/#article\",\"isPartOf\":{\"@id\":\"https:\\\/\\\/fuentesfidedignas.com.mx\\\/index.php\\\/2023\\\/08\\\/04\\\/tras-operativo-afuera-de-su-casa-detienen-al-fiscal-general-de-morelos\\\/\"},\"author\":{\"name\":\"L\u00f3pez D\u00f3riga\",\"@id\":\"https:\\\/\\\/fuentesfidedignas.com.mx\\\/#\\\/schema\\\/person\\\/67d852f0557c8509146a4b9ddebd543a\"},\"headline\":\"Tras operativo afuera de su casa, detienen al fiscal general de Morelos\",\"datePublished\":\"2023-08-04T22:16:10+00:00\",\"dateModified\":\"2023-08-04T22:17:47+00:00\",\"mainEntityOfPage\":{\"@id\":\"https:\\\/\\\/fuentesfidedignas.com.mx\\\/index.php\\\/2023\\\/08\\\/04\\\/tras-operativo-afuera-de-su-casa-detienen-al-fiscal-general-de-morelos\\\/\"},\"wordCount\":226,\"commentCount\":0,\"publisher\":{\"@id\":\"https:\\\/\\\/fuentesfidedignas.com.mx\\\/#organization\"},\"image\":{\"@id\":\"https:\\\/\\\/fuentesfidedignas.com.mx\\\/index.php\\\/2023\\\/08\\\/04\\\/tras-operativo-afuera-de-su-casa-detienen-al-fiscal-general-de-morelos\\\/#primaryimage\"},\"thumbnailUrl\":\"https:\\\/\\\/fuentesfidedignas.com.mx\\\/wp-content\\\/uploads\\\/2023\\\/08\\\/uriel-carmona.jpeg\",\"articleSection\":[\"NOTICIAS NACIONALES\"],\"inLanguage\":\"es\",\"potentialAction\":[{\"@type\":\"CommentAction\",\"name\":\"Comment\",\"target\":[\"https:\\\/\\\/fuentesfidedignas.com.mx\\\/index.php\\\/2023\\\/08\\\/04\\\/tras-operativo-afuera-de-su-casa-detienen-al-fiscal-general-de-morelos\\\/#respond\"]}]},{\"@type\":\"WebPage\",\"@id\":\"https:\\\/\\\/fuentesfidedignas.com.mx\\\/index.php\\\/2023\\\/08\\\/04\\\/tras-operativo-afuera-de-su-casa-detienen-al-fiscal-general-de-morelos\\\/\",\"url\":\"https:\\\/\\\/fuentesfidedignas.com.mx\\\/index.php\\\/2023\\\/08\\\/04\\\/tras-operativo-afuera-de-su-casa-detienen-al-fiscal-general-de-morelos\\\/\",\"name\":\"Tras operativo afuera de su casa, detienen al fiscal general de Morelos - Fuentes Fidedignas\",\"isPartOf\":{\"@id\":\"https:\\\/\\\/fuentesfidedignas.com.mx\\\/#website\"},\"primaryImageOfPage\":{\"@id\":\"https:\\\/\\\/fuentesfidedignas.com.mx\\\/index.php\\\/2023\\\/08\\\/04\\\/tras-operativo-afuera-de-su-casa-detienen-al-fiscal-general-de-morelos\\\/#primaryimage\"},\"image\":{\"@id\":\"https:\\\/\\\/fuentesfidedignas.com.mx\\\/index.php\\\/2023\\\/08\\\/04\\\/tras-operativo-afuera-de-su-casa-detienen-al-fiscal-general-de-morelos\\\/#primaryimage\"},\"thumbnailUrl\":\"https:\\\/\\\/fuentesfidedignas.com.mx\\\/wp-content\\\/uploads\\\/2023\\\/08\\\/uriel-carmona.jpeg\",\"datePublished\":\"2023-08-04T22:16:10+00:00\",\"dateModified\":\"2023-08-04T22:17:47+00:00\",\"breadcrumb\":{\"@id\":\"https:\\\/\\\/fuentesfidedignas.com.mx\\\/index.php\\\/2023\\\/08\\\/04\\\/tras-operativo-afuera-de-su-casa-detienen-al-fiscal-general-de-morelos\\\/#breadcrumb\"},\"inLanguage\":\"es\",\"potentialAction\":[{\"@type\":\"ReadAction\",\"target\":[\"https:\\\/\\\/fuentesfidedignas.com.mx\\\/index.php\\\/2023\\\/08\\\/04\\\/tras-operativo-afuera-de-su-casa-detienen-al-fiscal-general-de-morelos\\\/\"]}]},{\"@type\":\"ImageObject\",\"inLanguage\":\"es\",\"@id\":\"https:\\\/\\\/fuentesfidedignas.com.mx\\\/index.php\\\/2023\\\/08\\\/04\\\/tras-operativo-afuera-de-su-casa-detienen-al-fiscal-general-de-morelos\\\/#primaryimage\",\"url\":\"https:\\\/\\\/fuentesfidedignas.com.mx\\\/wp-content\\\/uploads\\\/2023\\\/08\\\/uriel-carmona.jpeg\",\"contentUrl\":\"https:\\\/\\\/fuentesfidedignas.com.mx\\\/wp-content\\\/uploads\\\/2023\\\/08\\\/uriel-carmona.jpeg\",\"width\":934,\"height\":738},{\"@type\":\"BreadcrumbList\",\"@id\":\"https:\\\/\\\/fuentesfidedignas.com.mx\\\/index.php\\\/2023\\\/08\\\/04\\\/tras-operativo-afuera-de-su-casa-detienen-al-fiscal-general-de-morelos\\\/#breadcrumb\",\"itemListElement\":[{\"@type\":\"ListItem\",\"position\":1,\"name\":\"Inicio\",\"item\":\"https:\\\/\\\/fuentesfidedignas.com.mx\\\/\"},{\"@type\":\"ListItem\",\"position\":2,\"name\":\"Tras operativo afuera de su casa, detienen al fiscal general de Morelos\"}]},{\"@type\":\"WebSite\",\"@id\":\"https:\\\/\\\/fuentesfidedignas.com.mx\\\/#website\",\"url\":\"https:\\\/\\\/fuentesfidedignas.com.mx\\\/\",\"name\":\"Fuentes Fidedignas\",\"description\":\"Otro sitio realizado con WordPress\",\"publisher\":{\"@id\":\"https:\\\/\\\/fuentesfidedignas.com.mx\\\/#organization\"},\"potentialAction\":[{\"@type\":\"SearchAction\",\"target\":{\"@type\":\"EntryPoint\",\"urlTemplate\":\"https:\\\/\\\/fuentesfidedignas.com.mx\\\/?s={search_term_string}\"},\"query-input\":{\"@type\":\"PropertyValueSpecification\",\"valueRequired\":true,\"valueName\":\"search_term_string\"}}],\"inLanguage\":\"es\"},{\"@type\":\"Organization\",\"@id\":\"https:\\\/\\\/fuentesfidedignas.com.mx\\\/#organization\",\"name\":\"Fuentes Fidedignas\",\"url\":\"https:\\\/\\\/fuentesfidedignas.com.mx\\\/\",\"logo\":{\"@type\":\"ImageObject\",\"inLanguage\":\"es\",\"@id\":\"https:\\\/\\\/fuentesfidedignas.com.mx\\\/#\\\/schema\\\/logo\\\/image\\\/\",\"url\":\"https:\\\/\\\/fuentesfidedignas.com.mx\\\/wp-content\\\/uploads\\\/2021\\\/04\\\/logo-retina.png\",\"contentUrl\":\"https:\\\/\\\/fuentesfidedignas.com.mx\\\/wp-content\\\/uploads\\\/2021\\\/04\\\/logo-retina.png\",\"width\":280,\"height\":51,\"caption\":\"Fuentes Fidedignas\"},\"image\":{\"@id\":\"https:\\\/\\\/fuentesfidedignas.com.mx\\\/#\\\/schema\\\/logo\\\/image\\\/\"},\"sameAs\":[\"https:\\\/\\\/www.facebook.com\\\/Fuentes-Fidedignas-368234489921644\",\"https:\\\/\\\/x.com\\\/fidedignas\"]},{\"@type\":\"Person\",\"@id\":\"https:\\\/\\\/fuentesfidedignas.com.mx\\\/#\\\/schema\\\/person\\\/67d852f0557c8509146a4b9ddebd543a\",\"name\":\"L\u00f3pez D\u00f3riga\",\"image\":{\"@type\":\"ImageObject\",\"inLanguage\":\"es\",\"@id\":\"https:\\\/\\\/secure.gravatar.com\\\/avatar\\\/e525b06574ca18b33cded59dfe5778d6c823b9513154eff47da551b0551bdd1e?s=96&d=mm&r=g\",\"url\":\"https:\\\/\\\/secure.gravatar.com\\\/avatar\\\/e525b06574ca18b33cded59dfe5778d6c823b9513154eff47da551b0551bdd1e?s=96&d=mm&r=g\",\"contentUrl\":\"https:\\\/\\\/secure.gravatar.com\\\/avatar\\\/e525b06574ca18b33cded59dfe5778d6c823b9513154eff47da551b0551bdd1e?s=96&d=mm&r=g\",\"caption\":\"L\u00f3pez D\u00f3riga\"},\"url\":\"https:\\\/\\\/fuentesfidedignas.com.mx\\\/index.php\\\/author\\\/doriga\\\/\"}]}<\/script>\n<!-- \/ Yoast SEO plugin. -->","yoast_head_json":{"title":"Tras operativo afuera de su casa, detienen al fiscal general de Morelos - Fuentes Fidedignas","robots":{"index":"index","follow":"follow","max-snippet":"max-snippet:-1","max-image-preview":"max-image-preview:large","max-video-preview":"max-video-preview:-1"},"canonical":"https:\/\/fuentesfidedignas.com.mx\/index.php\/2023\/08\/04\/tras-operativo-afuera-de-su-casa-detienen-al-fiscal-general-de-morelos\/","og_locale":"es_MX","og_type":"article","og_title":"Tras operativo afuera de su casa, detienen al fiscal general de Morelos - Fuentes Fidedignas","og_description":"La Fiscal\u00eda de la CDMX confirm\u00f3 la detenci\u00f3n del fiscal de Morelos, Uriel Carmona, por Delitos Cometidos Contra la Procuraci\u00f3n y Administraci\u00f3n de Justicia Morelos. La\u00a0Fiscal\u00eda General\u00a0de\u00a0Justicia\u00a0de la\u00a0Ciudad de M\u00e9xico\u00a0confirm\u00f3 la detenci\u00f3n, tras operativo conjunto con la\u00a0Secretar\u00eda de Marina, del\u00a0fiscal general de Morelos,\u00a0Uriel Carmona, por su probable participaci\u00f3n en\u00a0Delitos Cometidos Contra la Procuraci\u00f3n y Administraci\u00f3n [&hellip;]","og_url":"https:\/\/fuentesfidedignas.com.mx\/index.php\/2023\/08\/04\/tras-operativo-afuera-de-su-casa-detienen-al-fiscal-general-de-morelos\/","og_site_name":"Fuentes Fidedignas","article_publisher":"https:\/\/www.facebook.com\/Fuentes-Fidedignas-368234489921644","article_published_time":"2023-08-04T22:16:10+00:00","article_modified_time":"2023-08-04T22:17:47+00:00","og_image":[{"width":934,"height":738,"url":"https:\/\/fuentesfidedignas.com.mx\/wp-content\/uploads\/2023\/08\/uriel-carmona.jpeg","type":"image\/jpeg"}],"author":"L\u00f3pez D\u00f3riga","twitter_card":"summary_large_image","twitter_creator":"@fidedignas","twitter_site":"@fidedignas","twitter_misc":{"Escrito por":"L\u00f3pez D\u00f3riga","Tiempo de lectura":"1 minuto"},"schema":{"@context":"https:\/\/schema.org","@graph":[{"@type":"Article","@id":"https:\/\/fuentesfidedignas.com.mx\/index.php\/2023\/08\/04\/tras-operativo-afuera-de-su-casa-detienen-al-fiscal-general-de-morelos\/#article","isPartOf":{"@id":"https:\/\/fuentesfidedignas.com.mx\/index.php\/2023\/08\/04\/tras-operativo-afuera-de-su-casa-detienen-al-fiscal-general-de-morelos\/"},"author":{"name":"L\u00f3pez D\u00f3riga","@id":"https:\/\/fuentesfidedignas.com.mx\/#\/schema\/person\/67d852f0557c8509146a4b9ddebd543a"},"headline":"Tras operativo afuera de su casa, detienen al fiscal general de Morelos","datePublished":"2023-08-04T22:16:10+00:00","dateModified":"2023-08-04T22:17:47+00:00","mainEntityOfPage":{"@id":"https:\/\/fuentesfidedignas.com.mx\/index.php\/2023\/08\/04\/tras-operativo-afuera-de-su-casa-detienen-al-fiscal-general-de-morelos\/"},"wordCount":226,"commentCount":0,"publisher":{"@id":"https:\/\/fuentesfidedignas.com.mx\/#organization"},"image":{"@id":"https:\/\/fuentesfidedignas.com.mx\/index.php\/2023\/08\/04\/tras-operativo-afuera-de-su-casa-detienen-al-fiscal-general-de-morelos\/#primaryimage"},"thumbnailUrl":"https:\/\/fuentesfidedignas.com.mx\/wp-content\/uploads\/2023\/08\/uriel-carmona.jpeg","articleSection":["NOTICIAS NACIONALES"],"inLanguage":"es","potentialAction":[{"@type":"CommentAction","name":"Comment","target":["https:\/\/fuentesfidedignas.com.mx\/index.php\/2023\/08\/04\/tras-operativo-afuera-de-su-casa-detienen-al-fiscal-general-de-morelos\/#respond"]}]},{"@type":"WebPage","@id":"https:\/\/fuentesfidedignas.com.mx\/index.php\/2023\/08\/04\/tras-operativo-afuera-de-su-casa-detienen-al-fiscal-general-de-morelos\/","url":"https:\/\/fuentesfidedignas.com.mx\/index.php\/2023\/08\/04\/tras-operativo-afuera-de-su-casa-detienen-al-fiscal-general-de-morelos\/","name":"Tras operativo afuera de su casa, detienen al fiscal general de Morelos - Fuentes Fidedignas","isPartOf":{"@id":"https:\/\/fuentesfidedignas.com.mx\/#website"},"primaryImageOfPage":{"@id":"https:\/\/fuentesfidedignas.com.mx\/index.php\/2023\/08\/04\/tras-operativo-afuera-de-su-casa-detienen-al-fiscal-general-de-morelos\/#primaryimage"},"image":{"@id":"https:\/\/fuentesfidedignas.com.mx\/index.php\/2023\/08\/04\/tras-operativo-afuera-de-su-casa-detienen-al-fiscal-general-de-morelos\/#primaryimage"},"thumbnailUrl":"https:\/\/fuentesfidedignas.com.mx\/wp-content\/uploads\/2023\/08\/uriel-carmona.jpeg","datePublished":"2023-08-04T22:16:10+00:00","dateModified":"2023-08-04T22:17:47+00:00","breadcrumb":{"@id":"https:\/\/fuentesfidedignas.com.mx\/index.php\/2023\/08\/04\/tras-operativo-afuera-de-su-casa-detienen-al-fiscal-general-de-morelos\/#breadcrumb"},"inLanguage":"es","potentialAction":[{"@type":"ReadAction","target":["https:\/\/fuentesfidedignas.com.mx\/index.php\/2023\/08\/04\/tras-operativo-afuera-de-su-casa-detienen-al-fiscal-general-de-morelos\/"]}]},{"@type":"ImageObject","inLanguage":"es","@id":"https:\/\/fuentesfidedignas.com.mx\/index.php\/2023\/08\/04\/tras-operativo-afuera-de-su-casa-detienen-al-fiscal-general-de-morelos\/#primaryimage","url":"https:\/\/fuentesfidedignas.com.mx\/wp-content\/uploads\/2023\/08\/uriel-carmona.jpeg","contentUrl":"https:\/\/fuentesfidedignas.com.mx\/wp-content\/uploads\/2023\/08\/uriel-carmona.jpeg","width":934,"height":738},{"@type":"BreadcrumbList","@id":"https:\/\/fuentesfidedignas.com.mx\/index.php\/2023\/08\/04\/tras-operativo-afuera-de-su-casa-detienen-al-fiscal-general-de-morelos\/#breadcrumb","itemListElement":[{"@type":"ListItem","position":1,"name":"Inicio","item":"https:\/\/fuentesfidedignas.com.mx\/"},{"@type":"ListItem","position":2,"name":"Tras operativo afuera de su casa, detienen al fiscal general de Morelos"}]},{"@type":"WebSite","@id":"https:\/\/fuentesfidedignas.com.mx\/#website","url":"https:\/\/fuentesfidedignas.com.mx\/","name":"Fuentes Fidedignas","description":"Otro sitio realizado con WordPress","publisher":{"@id":"https:\/\/fuentesfidedignas.com.mx\/#organization"},"potentialAction":[{"@type":"SearchAction","target":{"@type":"EntryPoint","urlTemplate":"https:\/\/fuentesfidedignas.com.mx\/?s={search_term_string}"},"query-input":{"@type":"PropertyValueSpecification","valueRequired":true,"valueName":"search_term_string"}}],"inLanguage":"es"},{"@type":"Organization","@id":"https:\/\/fuentesfidedignas.com.mx\/#organization","name":"Fuentes Fidedignas","url":"https:\/\/fuentesfidedignas.com.mx\/","logo":{"@type":"ImageObject","inLanguage":"es","@id":"https:\/\/fuentesfidedignas.com.mx\/#\/schema\/logo\/image\/","url":"https:\/\/fuentesfidedignas.com.mx\/wp-content\/uploads\/2021\/04\/logo-retina.png","contentUrl":"https:\/\/fuentesfidedignas.com.mx\/wp-content\/uploads\/2021\/04\/logo-retina.png","width":280,"height":51,"caption":"Fuentes Fidedignas"},"image":{"@id":"https:\/\/fuentesfidedignas.com.mx\/#\/schema\/logo\/image\/"},"sameAs":["https:\/\/www.facebook.com\/Fuentes-Fidedignas-368234489921644","https:\/\/x.com\/fidedignas"]},{"@type":"Person","@id":"https:\/\/fuentesfidedignas.com.mx\/#\/schema\/person\/67d852f0557c8509146a4b9ddebd543a","name":"L\u00f3pez D\u00f3riga","image":{"@type":"ImageObject","inLanguage":"es","@id":"https:\/\/secure.gravatar.com\/avatar\/e525b06574ca18b33cded59dfe5778d6c823b9513154eff47da551b0551bdd1e?s=96&d=mm&r=g","url":"https:\/\/secure.gravatar.com\/avatar\/e525b06574ca18b33cded59dfe5778d6c823b9513154eff47da551b0551bdd1e?s=96&d=mm&r=g","contentUrl":"https:\/\/secure.gravatar.com\/avatar\/e525b06574ca18b33cded59dfe5778d6c823b9513154eff47da551b0551bdd1e?s=96&d=mm&r=g","caption":"L\u00f3pez D\u00f3riga"},"url":"https:\/\/fuentesfidedignas.com.mx\/index.php\/author\/doriga\/"}]}},"_links":{"self":[{"href":"https:\/\/fuentesfidedignas.com.mx\/index.php\/wp-json\/wp\/v2\/posts\/54477","targetHints":{"allow":["GET"]}}],"collection":[{"href":"https:\/\/fuentesfidedignas.com.mx\/index.php\/wp-json\/wp\/v2\/posts"}],"about":[{"href":"https:\/\/fuentesfidedignas.com.mx\/index.php\/wp-json\/wp\/v2\/types\/post"}],"author":[{"embeddable":true,"href":"https:\/\/fuentesfidedignas.com.mx\/index.php\/wp-json\/wp\/v2\/users\/47"}],"replies":[{"embeddable":true,"href":"https:\/\/fuentesfidedignas.com.mx\/index.php\/wp-json\/wp\/v2\/comments?post=54477"}],"version-history":[{"count":1,"href":"https:\/\/fuentesfidedignas.com.mx\/index.php\/wp-json\/wp\/v2\/posts\/54477\/revisions"}],"predecessor-version":[{"id":54478,"href":"https:\/\/fuentesfidedignas.com.mx\/index.php\/wp-json\/wp\/v2\/posts\/54477\/revisions\/54478"}],"wp:featuredmedia":[{"embeddable":true,"href":"https:\/\/fuentesfidedignas.com.mx\/index.php\/wp-json\/wp\/v2\/media\/54479"}],"wp:attachment":[{"href":"https:\/\/fuentesfidedignas.com.mx\/index.php\/wp-json\/wp\/v2\/media?parent=54477"}],"wp:term":[{"taxonomy":"category","embeddable":true,"href":"https:\/\/fuentesfidedignas.com.mx\/index.php\/wp-json\/wp\/v2\/categories?post=54477"},{"taxonomy":"post_tag","embeddable":true,"href":"https:\/\/fuentesfidedignas.com.mx\/index.php\/wp-json\/wp\/v2\/tags?post=54477"}],"curies":[{"name":"wp","href":"https:\/\/api.w.org\/{rel}","templated":true}]}}