{"id":54468,"date":"2023-08-04T13:39:13","date_gmt":"2023-08-04T20:39:13","guid":{"rendered":"https:\/\/fuentesfidedignas.com.mx\/?p=54468"},"modified":"2023-08-04T13:39:55","modified_gmt":"2023-08-04T20:39:55","slug":"iniciara-iees-cuarta-etapa-de-la-consulta-indigena","status":"publish","type":"post","link":"https:\/\/fuentesfidedignas.com.mx\/index.php\/2023\/08\/04\/iniciara-iees-cuarta-etapa-de-la-consulta-indigena\/","title":{"rendered":"Iniciar\u00e1 IEES cuarta etapa de la consulta indigena"},"content":{"rendered":"\n<p><strong><em>En esta etapa, denominada Consultiva, que comprender\u00e1 del 1 al 31 de agosto, se realizar\u00e1n siete foros regionales en diferentes sedes de las zonas centro, norte y sur de la entidad<\/em><\/strong><\/p>\n\n\n\n<p>Culiac\u00e1n, Sin. El Instituto Electoral del Estado de Sinaloa (IEES), iniciar\u00e1 este domingo 06 de agosto en la sindicatura de Villa Ju\u00e1rez, perteneciente al municipio de Navolato, la cuarta etapa de la Consulta Previa, Libre e Informada a los Pueblos y Comunidades Ind\u00edgenas del Estado de Sinaloa, en Materia de Autoadscripci\u00f3n Calificada y Acciones Afirmativas para la Postulaci\u00f3n de Candidaturas a Cargos en Ayuntamientos y Diputaciones para el Proceso Electoral Local 2023-2024.<\/p>\n\n\n\n<p>En esta etapa, denominada Consultiva, que comprender\u00e1 del 1 al 31 de agosto, se realizar\u00e1n siete foros regionales en diferentes sedes de las zonas centro, norte y sur de la entidad, en donde el IEES recabar\u00e1 por medio de un cuadernillo-gu\u00eda las opiniones y sugerencias de la comunidad ind\u00edgena sobre la autoadscripci\u00f3n calificada y las acciones afirmativas.<\/p>\n\n\n\n<p>Cabe destacar que durante las etapas se ha contado con el apoyo de la Comisi\u00f3n Estatal de los Derechos Humanos (CEDH), como \u00f3rgano garante, a la Comisi\u00f3n para la Atenci\u00f3n de las Comunidades Ind\u00edgenas (COPACI) como \u00f3rgano t\u00e9cnico y al Instituto Nacional de los Pueblos Ind\u00edgenas (INPI) como \u00f3rgano asesor; adem\u00e1s de 32 observadoras y observadores que fueron capacitados y acreditados mediante una convocatoria.<\/p>\n\n\n\n<p>La Consulta Ind\u00edgena consta de cinco etapas: la primera, de Acuerdos Previos, que se llev\u00f3 a cabo del 5 al 30 de junio, en el que se intercambiaron opiniones con las comunidades ind\u00edgenas para elaborar el Protocolo de la Consulta, mismo que fue aprobado en sesi\u00f3n extraordinaria del Consejo General el pasado 13 de junio.<\/p>\n\n\n\n<p>La segunda, llamada Informativa, se realiz\u00f3 del 30 de junio al 16 de julio, para dar a conocer los objetivos y los alcances de la Consulta, a trav\u00e9s de siete reuniones regionales informativas, en diversas sedes en la zona norte, centro y sur del estado.<\/p>\n\n\n\n<p>La tercera, denominada Deliberativa, del 17 al 31 de julio, en la que la comunidad ind\u00edgena, sin la autoridad electoral, se reuni\u00f3 para reflexionar y debatir acerca de la informaci\u00f3n brindada por el Instituto Electoral.<\/p>\n\n\n\n<p>Despu\u00e9s de la etapa Consultiva, que se realizar\u00e1 del 1 al 31 de agosto, iniciar\u00e1 la de Valoraci\u00f3n de Opiniones y Acuerdos, del 01 al 30 de septiembre, en la que el Instituto Electoral analizar\u00e1 las propuestas, sugerencias, y observaciones hechas por nosotros.<\/p>\n\n\n\n<p>Finalizado ese an\u00e1lisis, la autoridad electoral, de ser viable, formular\u00e1 acciones afirmativas que para la representaci\u00f3n pol\u00edtico-electoral ind\u00edgena en Ayuntamientos y Diputaciones.<\/p>\n\n\n\n<p>Sedes y fechas de la Etapa Consultiva:<\/p>\n\n\n\n<p>\u00b7 Villa Ju\u00e1rez, Domingo 06 de agosto<\/p>\n\n\n\n<p>\u00b7 Ahome, s\u00e1bado 12 de agosto y viernes 18 de agosto<\/p>\n\n\n\n<p>\u00b7 El Fuerte, domingo 13 de agosto y s\u00e1bado 19 de agosto<\/p>\n\n\n\n<p>\u00b7 Escuinapa, domingo 20 de agosto<\/p>\n\n\n\n<p>Elota, lunes 21 de agosto<\/p>\n","protected":false},"excerpt":{"rendered":"<p>En esta etapa, denominada Consultiva, que comprender\u00e1 del 1 al 31 de agosto, se realizar\u00e1n siete foros regionales en diferentes sedes de las zonas centro, norte y sur de la entidad Culiac\u00e1n, Sin. El Instituto Electoral del Estado de Sinaloa (IEES), iniciar\u00e1 este domingo 06 de agosto en la sindicatura de Villa Ju\u00e1rez, perteneciente al [&hellip;]<\/p>\n","protected":false},"author":4,"featured_media":54470,"comment_status":"open","ping_status":"open","sticky":false,"template":"","format":"standard","meta":{"tdm_status":"","tdm_grid_status":"","footnotes":""},"categories":[38,1],"tags":[],"class_list":{"0":"post-54468","1":"post","2":"type-post","3":"status-publish","4":"format-standard","5":"has-post-thumbnail","7":"category-noticias-locales","8":"category-sin-categoria"},"yoast_head":"<!-- This site is optimized with the Yoast SEO plugin v27.5 - https:\/\/yoast.com\/product\/yoast-seo-wordpress\/ -->\n<title>Iniciar\u00e1 IEES cuarta etapa de la consulta indigena - Fuentes Fidedignas<\/title>\n<meta name=\"robots\" content=\"index, follow, max-snippet:-1, max-image-preview:large, max-video-preview:-1\" \/>\n<link rel=\"canonical\" href=\"https:\/\/fuentesfidedignas.com.mx\/index.php\/2023\/08\/04\/iniciara-iees-cuarta-etapa-de-la-consulta-indigena\/\" \/>\n<meta property=\"og:locale\" content=\"es_MX\" \/>\n<meta property=\"og:type\" content=\"article\" \/>\n<meta property=\"og:title\" content=\"Iniciar\u00e1 IEES cuarta etapa de la consulta indigena - Fuentes Fidedignas\" \/>\n<meta property=\"og:description\" content=\"En esta etapa, denominada Consultiva, que comprender\u00e1 del 1 al 31 de agosto, se realizar\u00e1n siete foros regionales en diferentes sedes de las zonas centro, norte y sur de la entidad Culiac\u00e1n, Sin. El Instituto Electoral del Estado de Sinaloa (IEES), iniciar\u00e1 este domingo 06 de agosto en la sindicatura de Villa Ju\u00e1rez, perteneciente al [&hellip;]\" \/>\n<meta property=\"og:url\" content=\"https:\/\/fuentesfidedignas.com.mx\/index.php\/2023\/08\/04\/iniciara-iees-cuarta-etapa-de-la-consulta-indigena\/\" \/>\n<meta property=\"og:site_name\" content=\"Fuentes Fidedignas\" \/>\n<meta property=\"article:publisher\" content=\"https:\/\/www.facebook.com\/Fuentes-Fidedignas-368234489921644\" \/>\n<meta property=\"article:published_time\" content=\"2023-08-04T20:39:13+00:00\" \/>\n<meta property=\"article:modified_time\" content=\"2023-08-04T20:39:55+00:00\" \/>\n<meta property=\"og:image\" content=\"https:\/\/fuentesfidedignas.com.mx\/wp-content\/uploads\/2023\/08\/Sedes-y-Fechas-de-Etapa-Consultiva.jpg\" \/>\n\t<meta property=\"og:image:width\" content=\"1080\" \/>\n\t<meta property=\"og:image:height\" content=\"1079\" \/>\n\t<meta property=\"og:image:type\" content=\"image\/jpeg\" \/>\n<meta name=\"author\" content=\"Redacci\u00f3n\" \/>\n<meta name=\"twitter:card\" content=\"summary_large_image\" \/>\n<meta name=\"twitter:creator\" content=\"@fidedignas\" \/>\n<meta name=\"twitter:site\" content=\"@fidedignas\" \/>\n<meta name=\"twitter:label1\" content=\"Escrito por\" \/>\n\t<meta name=\"twitter:data1\" content=\"Redacci\u00f3n\" \/>\n\t<meta name=\"twitter:label2\" content=\"Tiempo de lectura\" \/>\n\t<meta name=\"twitter:data2\" content=\"3 minutos\" \/>\n<script type=\"application\/ld+json\" class=\"yoast-schema-graph\">{\"@context\":\"https:\\\/\\\/schema.org\",\"@graph\":[{\"@type\":\"Article\",\"@id\":\"https:\\\/\\\/fuentesfidedignas.com.mx\\\/index.php\\\/2023\\\/08\\\/04\\\/iniciara-iees-cuarta-etapa-de-la-consulta-indigena\\\/#article\",\"isPartOf\":{\"@id\":\"https:\\\/\\\/fuentesfidedignas.com.mx\\\/index.php\\\/2023\\\/08\\\/04\\\/iniciara-iees-cuarta-etapa-de-la-consulta-indigena\\\/\"},\"author\":{\"name\":\"Redacci\u00f3n\",\"@id\":\"https:\\\/\\\/fuentesfidedignas.com.mx\\\/#\\\/schema\\\/person\\\/331be9283d37198e2acd5750279085b0\"},\"headline\":\"Iniciar\u00e1 IEES cuarta etapa de la consulta indigena\",\"datePublished\":\"2023-08-04T20:39:13+00:00\",\"dateModified\":\"2023-08-04T20:39:55+00:00\",\"mainEntityOfPage\":{\"@id\":\"https:\\\/\\\/fuentesfidedignas.com.mx\\\/index.php\\\/2023\\\/08\\\/04\\\/iniciara-iees-cuarta-etapa-de-la-consulta-indigena\\\/\"},\"wordCount\":484,\"commentCount\":0,\"publisher\":{\"@id\":\"https:\\\/\\\/fuentesfidedignas.com.mx\\\/#organization\"},\"image\":{\"@id\":\"https:\\\/\\\/fuentesfidedignas.com.mx\\\/index.php\\\/2023\\\/08\\\/04\\\/iniciara-iees-cuarta-etapa-de-la-consulta-indigena\\\/#primaryimage\"},\"thumbnailUrl\":\"https:\\\/\\\/fuentesfidedignas.com.mx\\\/wp-content\\\/uploads\\\/2023\\\/08\\\/Sedes-y-Fechas-de-Etapa-Consultiva.jpg\",\"articleSection\":[\"NOTICIAS LOCALES\"],\"inLanguage\":\"es\",\"potentialAction\":[{\"@type\":\"CommentAction\",\"name\":\"Comment\",\"target\":[\"https:\\\/\\\/fuentesfidedignas.com.mx\\\/index.php\\\/2023\\\/08\\\/04\\\/iniciara-iees-cuarta-etapa-de-la-consulta-indigena\\\/#respond\"]}]},{\"@type\":\"WebPage\",\"@id\":\"https:\\\/\\\/fuentesfidedignas.com.mx\\\/index.php\\\/2023\\\/08\\\/04\\\/iniciara-iees-cuarta-etapa-de-la-consulta-indigena\\\/\",\"url\":\"https:\\\/\\\/fuentesfidedignas.com.mx\\\/index.php\\\/2023\\\/08\\\/04\\\/iniciara-iees-cuarta-etapa-de-la-consulta-indigena\\\/\",\"name\":\"Iniciar\u00e1 IEES cuarta etapa de la consulta indigena - Fuentes Fidedignas\",\"isPartOf\":{\"@id\":\"https:\\\/\\\/fuentesfidedignas.com.mx\\\/#website\"},\"primaryImageOfPage\":{\"@id\":\"https:\\\/\\\/fuentesfidedignas.com.mx\\\/index.php\\\/2023\\\/08\\\/04\\\/iniciara-iees-cuarta-etapa-de-la-consulta-indigena\\\/#primaryimage\"},\"image\":{\"@id\":\"https:\\\/\\\/fuentesfidedignas.com.mx\\\/index.php\\\/2023\\\/08\\\/04\\\/iniciara-iees-cuarta-etapa-de-la-consulta-indigena\\\/#primaryimage\"},\"thumbnailUrl\":\"https:\\\/\\\/fuentesfidedignas.com.mx\\\/wp-content\\\/uploads\\\/2023\\\/08\\\/Sedes-y-Fechas-de-Etapa-Consultiva.jpg\",\"datePublished\":\"2023-08-04T20:39:13+00:00\",\"dateModified\":\"2023-08-04T20:39:55+00:00\",\"breadcrumb\":{\"@id\":\"https:\\\/\\\/fuentesfidedignas.com.mx\\\/index.php\\\/2023\\\/08\\\/04\\\/iniciara-iees-cuarta-etapa-de-la-consulta-indigena\\\/#breadcrumb\"},\"inLanguage\":\"es\",\"potentialAction\":[{\"@type\":\"ReadAction\",\"target\":[\"https:\\\/\\\/fuentesfidedignas.com.mx\\\/index.php\\\/2023\\\/08\\\/04\\\/iniciara-iees-cuarta-etapa-de-la-consulta-indigena\\\/\"]}]},{\"@type\":\"ImageObject\",\"inLanguage\":\"es\",\"@id\":\"https:\\\/\\\/fuentesfidedignas.com.mx\\\/index.php\\\/2023\\\/08\\\/04\\\/iniciara-iees-cuarta-etapa-de-la-consulta-indigena\\\/#primaryimage\",\"url\":\"https:\\\/\\\/fuentesfidedignas.com.mx\\\/wp-content\\\/uploads\\\/2023\\\/08\\\/Sedes-y-Fechas-de-Etapa-Consultiva.jpg\",\"contentUrl\":\"https:\\\/\\\/fuentesfidedignas.com.mx\\\/wp-content\\\/uploads\\\/2023\\\/08\\\/Sedes-y-Fechas-de-Etapa-Consultiva.jpg\",\"width\":1080,\"height\":1079},{\"@type\":\"BreadcrumbList\",\"@id\":\"https:\\\/\\\/fuentesfidedignas.com.mx\\\/index.php\\\/2023\\\/08\\\/04\\\/iniciara-iees-cuarta-etapa-de-la-consulta-indigena\\\/#breadcrumb\",\"itemListElement\":[{\"@type\":\"ListItem\",\"position\":1,\"name\":\"Inicio\",\"item\":\"https:\\\/\\\/fuentesfidedignas.com.mx\\\/\"},{\"@type\":\"ListItem\",\"position\":2,\"name\":\"Iniciar\u00e1 IEES cuarta etapa de la consulta indigena\"}]},{\"@type\":\"WebSite\",\"@id\":\"https:\\\/\\\/fuentesfidedignas.com.mx\\\/#website\",\"url\":\"https:\\\/\\\/fuentesfidedignas.com.mx\\\/\",\"name\":\"Fuentes Fidedignas\",\"description\":\"Otro sitio realizado con WordPress\",\"publisher\":{\"@id\":\"https:\\\/\\\/fuentesfidedignas.com.mx\\\/#organization\"},\"potentialAction\":[{\"@type\":\"SearchAction\",\"target\":{\"@type\":\"EntryPoint\",\"urlTemplate\":\"https:\\\/\\\/fuentesfidedignas.com.mx\\\/?s={search_term_string}\"},\"query-input\":{\"@type\":\"PropertyValueSpecification\",\"valueRequired\":true,\"valueName\":\"search_term_string\"}}],\"inLanguage\":\"es\"},{\"@type\":\"Organization\",\"@id\":\"https:\\\/\\\/fuentesfidedignas.com.mx\\\/#organization\",\"name\":\"Fuentes Fidedignas\",\"url\":\"https:\\\/\\\/fuentesfidedignas.com.mx\\\/\",\"logo\":{\"@type\":\"ImageObject\",\"inLanguage\":\"es\",\"@id\":\"https:\\\/\\\/fuentesfidedignas.com.mx\\\/#\\\/schema\\\/logo\\\/image\\\/\",\"url\":\"https:\\\/\\\/fuentesfidedignas.com.mx\\\/wp-content\\\/uploads\\\/2021\\\/04\\\/logo-retina.png\",\"contentUrl\":\"https:\\\/\\\/fuentesfidedignas.com.mx\\\/wp-content\\\/uploads\\\/2021\\\/04\\\/logo-retina.png\",\"width\":280,\"height\":51,\"caption\":\"Fuentes Fidedignas\"},\"image\":{\"@id\":\"https:\\\/\\\/fuentesfidedignas.com.mx\\\/#\\\/schema\\\/logo\\\/image\\\/\"},\"sameAs\":[\"https:\\\/\\\/www.facebook.com\\\/Fuentes-Fidedignas-368234489921644\",\"https:\\\/\\\/x.com\\\/fidedignas\"]},{\"@type\":\"Person\",\"@id\":\"https:\\\/\\\/fuentesfidedignas.com.mx\\\/#\\\/schema\\\/person\\\/331be9283d37198e2acd5750279085b0\",\"name\":\"Redacci\u00f3n\",\"image\":{\"@type\":\"ImageObject\",\"inLanguage\":\"es\",\"@id\":\"https:\\\/\\\/secure.gravatar.com\\\/avatar\\\/f6d8782c11d12b2d4ad3fbb6931aeab5309937a4d6cd2fc9cfaa28a6396a5aec?s=96&d=mm&r=g\",\"url\":\"https:\\\/\\\/secure.gravatar.com\\\/avatar\\\/f6d8782c11d12b2d4ad3fbb6931aeab5309937a4d6cd2fc9cfaa28a6396a5aec?s=96&d=mm&r=g\",\"contentUrl\":\"https:\\\/\\\/secure.gravatar.com\\\/avatar\\\/f6d8782c11d12b2d4ad3fbb6931aeab5309937a4d6cd2fc9cfaa28a6396a5aec?s=96&d=mm&r=g\",\"caption\":\"Redacci\u00f3n\"},\"url\":\"https:\\\/\\\/fuentesfidedignas.com.mx\\\/index.php\\\/author\\\/redaccion\\\/\"}]}<\/script>\n<!-- \/ Yoast SEO plugin. -->","yoast_head_json":{"title":"Iniciar\u00e1 IEES cuarta etapa de la consulta indigena - Fuentes Fidedignas","robots":{"index":"index","follow":"follow","max-snippet":"max-snippet:-1","max-image-preview":"max-image-preview:large","max-video-preview":"max-video-preview:-1"},"canonical":"https:\/\/fuentesfidedignas.com.mx\/index.php\/2023\/08\/04\/iniciara-iees-cuarta-etapa-de-la-consulta-indigena\/","og_locale":"es_MX","og_type":"article","og_title":"Iniciar\u00e1 IEES cuarta etapa de la consulta indigena - Fuentes Fidedignas","og_description":"En esta etapa, denominada Consultiva, que comprender\u00e1 del 1 al 31 de agosto, se realizar\u00e1n siete foros regionales en diferentes sedes de las zonas centro, norte y sur de la entidad Culiac\u00e1n, Sin. El Instituto Electoral del Estado de Sinaloa (IEES), iniciar\u00e1 este domingo 06 de agosto en la sindicatura de Villa Ju\u00e1rez, perteneciente al [&hellip;]","og_url":"https:\/\/fuentesfidedignas.com.mx\/index.php\/2023\/08\/04\/iniciara-iees-cuarta-etapa-de-la-consulta-indigena\/","og_site_name":"Fuentes Fidedignas","article_publisher":"https:\/\/www.facebook.com\/Fuentes-Fidedignas-368234489921644","article_published_time":"2023-08-04T20:39:13+00:00","article_modified_time":"2023-08-04T20:39:55+00:00","og_image":[{"width":1080,"height":1079,"url":"https:\/\/fuentesfidedignas.com.mx\/wp-content\/uploads\/2023\/08\/Sedes-y-Fechas-de-Etapa-Consultiva.jpg","type":"image\/jpeg"}],"author":"Redacci\u00f3n","twitter_card":"summary_large_image","twitter_creator":"@fidedignas","twitter_site":"@fidedignas","twitter_misc":{"Escrito por":"Redacci\u00f3n","Tiempo de lectura":"3 minutos"},"schema":{"@context":"https:\/\/schema.org","@graph":[{"@type":"Article","@id":"https:\/\/fuentesfidedignas.com.mx\/index.php\/2023\/08\/04\/iniciara-iees-cuarta-etapa-de-la-consulta-indigena\/#article","isPartOf":{"@id":"https:\/\/fuentesfidedignas.com.mx\/index.php\/2023\/08\/04\/iniciara-iees-cuarta-etapa-de-la-consulta-indigena\/"},"author":{"name":"Redacci\u00f3n","@id":"https:\/\/fuentesfidedignas.com.mx\/#\/schema\/person\/331be9283d37198e2acd5750279085b0"},"headline":"Iniciar\u00e1 IEES cuarta etapa de la consulta indigena","datePublished":"2023-08-04T20:39:13+00:00","dateModified":"2023-08-04T20:39:55+00:00","mainEntityOfPage":{"@id":"https:\/\/fuentesfidedignas.com.mx\/index.php\/2023\/08\/04\/iniciara-iees-cuarta-etapa-de-la-consulta-indigena\/"},"wordCount":484,"commentCount":0,"publisher":{"@id":"https:\/\/fuentesfidedignas.com.mx\/#organization"},"image":{"@id":"https:\/\/fuentesfidedignas.com.mx\/index.php\/2023\/08\/04\/iniciara-iees-cuarta-etapa-de-la-consulta-indigena\/#primaryimage"},"thumbnailUrl":"https:\/\/fuentesfidedignas.com.mx\/wp-content\/uploads\/2023\/08\/Sedes-y-Fechas-de-Etapa-Consultiva.jpg","articleSection":["NOTICIAS LOCALES"],"inLanguage":"es","potentialAction":[{"@type":"CommentAction","name":"Comment","target":["https:\/\/fuentesfidedignas.com.mx\/index.php\/2023\/08\/04\/iniciara-iees-cuarta-etapa-de-la-consulta-indigena\/#respond"]}]},{"@type":"WebPage","@id":"https:\/\/fuentesfidedignas.com.mx\/index.php\/2023\/08\/04\/iniciara-iees-cuarta-etapa-de-la-consulta-indigena\/","url":"https:\/\/fuentesfidedignas.com.mx\/index.php\/2023\/08\/04\/iniciara-iees-cuarta-etapa-de-la-consulta-indigena\/","name":"Iniciar\u00e1 IEES cuarta etapa de la consulta indigena - Fuentes Fidedignas","isPartOf":{"@id":"https:\/\/fuentesfidedignas.com.mx\/#website"},"primaryImageOfPage":{"@id":"https:\/\/fuentesfidedignas.com.mx\/index.php\/2023\/08\/04\/iniciara-iees-cuarta-etapa-de-la-consulta-indigena\/#primaryimage"},"image":{"@id":"https:\/\/fuentesfidedignas.com.mx\/index.php\/2023\/08\/04\/iniciara-iees-cuarta-etapa-de-la-consulta-indigena\/#primaryimage"},"thumbnailUrl":"https:\/\/fuentesfidedignas.com.mx\/wp-content\/uploads\/2023\/08\/Sedes-y-Fechas-de-Etapa-Consultiva.jpg","datePublished":"2023-08-04T20:39:13+00:00","dateModified":"2023-08-04T20:39:55+00:00","breadcrumb":{"@id":"https:\/\/fuentesfidedignas.com.mx\/index.php\/2023\/08\/04\/iniciara-iees-cuarta-etapa-de-la-consulta-indigena\/#breadcrumb"},"inLanguage":"es","potentialAction":[{"@type":"ReadAction","target":["https:\/\/fuentesfidedignas.com.mx\/index.php\/2023\/08\/04\/iniciara-iees-cuarta-etapa-de-la-consulta-indigena\/"]}]},{"@type":"ImageObject","inLanguage":"es","@id":"https:\/\/fuentesfidedignas.com.mx\/index.php\/2023\/08\/04\/iniciara-iees-cuarta-etapa-de-la-consulta-indigena\/#primaryimage","url":"https:\/\/fuentesfidedignas.com.mx\/wp-content\/uploads\/2023\/08\/Sedes-y-Fechas-de-Etapa-Consultiva.jpg","contentUrl":"https:\/\/fuentesfidedignas.com.mx\/wp-content\/uploads\/2023\/08\/Sedes-y-Fechas-de-Etapa-Consultiva.jpg","width":1080,"height":1079},{"@type":"BreadcrumbList","@id":"https:\/\/fuentesfidedignas.com.mx\/index.php\/2023\/08\/04\/iniciara-iees-cuarta-etapa-de-la-consulta-indigena\/#breadcrumb","itemListElement":[{"@type":"ListItem","position":1,"name":"Inicio","item":"https:\/\/fuentesfidedignas.com.mx\/"},{"@type":"ListItem","position":2,"name":"Iniciar\u00e1 IEES cuarta etapa de la consulta indigena"}]},{"@type":"WebSite","@id":"https:\/\/fuentesfidedignas.com.mx\/#website","url":"https:\/\/fuentesfidedignas.com.mx\/","name":"Fuentes Fidedignas","description":"Otro sitio realizado con WordPress","publisher":{"@id":"https:\/\/fuentesfidedignas.com.mx\/#organization"},"potentialAction":[{"@type":"SearchAction","target":{"@type":"EntryPoint","urlTemplate":"https:\/\/fuentesfidedignas.com.mx\/?s={search_term_string}"},"query-input":{"@type":"PropertyValueSpecification","valueRequired":true,"valueName":"search_term_string"}}],"inLanguage":"es"},{"@type":"Organization","@id":"https:\/\/fuentesfidedignas.com.mx\/#organization","name":"Fuentes Fidedignas","url":"https:\/\/fuentesfidedignas.com.mx\/","logo":{"@type":"ImageObject","inLanguage":"es","@id":"https:\/\/fuentesfidedignas.com.mx\/#\/schema\/logo\/image\/","url":"https:\/\/fuentesfidedignas.com.mx\/wp-content\/uploads\/2021\/04\/logo-retina.png","contentUrl":"https:\/\/fuentesfidedignas.com.mx\/wp-content\/uploads\/2021\/04\/logo-retina.png","width":280,"height":51,"caption":"Fuentes Fidedignas"},"image":{"@id":"https:\/\/fuentesfidedignas.com.mx\/#\/schema\/logo\/image\/"},"sameAs":["https:\/\/www.facebook.com\/Fuentes-Fidedignas-368234489921644","https:\/\/x.com\/fidedignas"]},{"@type":"Person","@id":"https:\/\/fuentesfidedignas.com.mx\/#\/schema\/person\/331be9283d37198e2acd5750279085b0","name":"Redacci\u00f3n","image":{"@type":"ImageObject","inLanguage":"es","@id":"https:\/\/secure.gravatar.com\/avatar\/f6d8782c11d12b2d4ad3fbb6931aeab5309937a4d6cd2fc9cfaa28a6396a5aec?s=96&d=mm&r=g","url":"https:\/\/secure.gravatar.com\/avatar\/f6d8782c11d12b2d4ad3fbb6931aeab5309937a4d6cd2fc9cfaa28a6396a5aec?s=96&d=mm&r=g","contentUrl":"https:\/\/secure.gravatar.com\/avatar\/f6d8782c11d12b2d4ad3fbb6931aeab5309937a4d6cd2fc9cfaa28a6396a5aec?s=96&d=mm&r=g","caption":"Redacci\u00f3n"},"url":"https:\/\/fuentesfidedignas.com.mx\/index.php\/author\/redaccion\/"}]}},"_links":{"self":[{"href":"https:\/\/fuentesfidedignas.com.mx\/index.php\/wp-json\/wp\/v2\/posts\/54468","targetHints":{"allow":["GET"]}}],"collection":[{"href":"https:\/\/fuentesfidedignas.com.mx\/index.php\/wp-json\/wp\/v2\/posts"}],"about":[{"href":"https:\/\/fuentesfidedignas.com.mx\/index.php\/wp-json\/wp\/v2\/types\/post"}],"author":[{"embeddable":true,"href":"https:\/\/fuentesfidedignas.com.mx\/index.php\/wp-json\/wp\/v2\/users\/4"}],"replies":[{"embeddable":true,"href":"https:\/\/fuentesfidedignas.com.mx\/index.php\/wp-json\/wp\/v2\/comments?post=54468"}],"version-history":[{"count":1,"href":"https:\/\/fuentesfidedignas.com.mx\/index.php\/wp-json\/wp\/v2\/posts\/54468\/revisions"}],"predecessor-version":[{"id":54469,"href":"https:\/\/fuentesfidedignas.com.mx\/index.php\/wp-json\/wp\/v2\/posts\/54468\/revisions\/54469"}],"wp:featuredmedia":[{"embeddable":true,"href":"https:\/\/fuentesfidedignas.com.mx\/index.php\/wp-json\/wp\/v2\/media\/54470"}],"wp:attachment":[{"href":"https:\/\/fuentesfidedignas.com.mx\/index.php\/wp-json\/wp\/v2\/media?parent=54468"}],"wp:term":[{"taxonomy":"category","embeddable":true,"href":"https:\/\/fuentesfidedignas.com.mx\/index.php\/wp-json\/wp\/v2\/categories?post=54468"},{"taxonomy":"post_tag","embeddable":true,"href":"https:\/\/fuentesfidedignas.com.mx\/index.php\/wp-json\/wp\/v2\/tags?post=54468"}],"curies":[{"name":"wp","href":"https:\/\/api.w.org\/{rel}","templated":true}]}}