{"id":54435,"date":"2023-08-04T09:37:59","date_gmt":"2023-08-04T16:37:59","guid":{"rendered":"https:\/\/fuentesfidedignas.com.mx\/?p=54435"},"modified":"2023-08-04T09:38:59","modified_gmt":"2023-08-04T16:38:59","slug":"pelea-ebrard-responde-a-sheinbaum-sobre-seguridad-es-el-plan-que-amlo-y-yo-disenamos","status":"publish","type":"post","link":"https:\/\/fuentesfidedignas.com.mx\/index.php\/2023\/08\/04\/pelea-ebrard-responde-a-sheinbaum-sobre-seguridad-es-el-plan-que-amlo-y-yo-disenamos\/","title":{"rendered":"\u00bfPelea? Ebrard responde a Sheinbaum sobre seguridad: \u2018Es el plan que AMLO y yo dise\u00f1amos\u2019"},"content":{"rendered":"\n<p><br><strong><em>Sheinbaum ha presentado esta semana algunos datos sobre seguridad en la CDMX mientras era jefa de Gobierno<\/em><\/strong><\/p>\n\n\n\n<p>Ciudad de M\u00e9xico. <a href=\"https:\/\/www.elfinanciero.com.mx\/opinion\/alejo-sanchez-cano\/2023\/08\/01\/ebrard-y-xochitl-pesadillas-para-amlo\/\">Marcelo Ebrard,<\/a>\u00a0excanciller y aspirante para ser coordinador de la 4T, envi\u00f3 un mensaje a\u00a0<a href=\"https:\/\/www.elfinanciero.com.mx\/nacional\/2023\/07\/28\/claudia-sheinbaum-acusa-a-vicente-fox-por-traicionar-la-democracia-con-fraude-de-2006\/\">Claudia Sheinbaum\u00a0<\/a>luego de que la exjefa de Gobierno hiciera algunas publicaciones relacionadas con la<strong>\u00a0seguridad en la Ciudad de M\u00e9xico.<\/strong><\/p>\n\n\n\n<p>\u201cEstimada Claudia, vi tu tuit y celebro que al fin te hayas resuelto a participar en los temas que m\u00e1s le importan a la gente, como es seguridad.<strong>\u00a0Describes bien la estrategia que Andr\u00e9s Manuel y yo dise\u00f1amos y aplicamos en la ciudad<\/strong>\u00a0con los mejores resultados en lo que va del siglo\u201d, apunt\u00f3 el excanciller.<\/p>\n\n\n\n<p><a href=\"https:\/\/www.elfinanciero.com.mx\/nacional\/2023\/07\/31\/ebrard-presenta-su-plan-de-salud-propone-telemedicina-y-acabar-con-desabasto-de-farmacos\/\">Ebrard\u00a0<\/a>record\u00f3 que ya hace varios d\u00edas que \u00e9l present\u00f3 su\u00a0<strong>plan de seguridad, al que llam\u00f3 \u00c1ngel<\/strong>, en busca de una respuesta a qu\u00e9 m\u00e1s se puede hacer en esta materia \u201cporque hoy la cuesti\u00f3n es, \u00bfqu\u00e9 es lo que sigue? \u00bfQu\u00e9 otros pasos debemos dar? Pensemos en grande y llevemos al pa\u00eds al siguiente nivel\u201d, coment\u00f3 en un video corto.<\/p>\n\n\n\n<figure class=\"wp-block-embed is-type-rich is-provider-twitter wp-block-embed-twitter\"><div class=\"wp-block-embed__wrapper\">\n<blockquote class=\"twitter-tweet\" data-width=\"550\" data-dnt=\"true\"><p lang=\"es\" dir=\"ltr\">Mensaje a \u2066<a href=\"https:\/\/twitter.com\/Claudiashein?ref_src=twsrc%5Etfw\">@Claudiashein<\/a>\u2069 sobre seguridad <a href=\"https:\/\/t.co\/F8tcoBuTHM\">pic.twitter.com\/F8tcoBuTHM<\/a><\/p>&mdash; Marcelo Ebrard C. (@m_ebrard) <a href=\"https:\/\/twitter.com\/m_ebrard\/status\/1686788765161844756?ref_src=twsrc%5Etfw\">August 2, 2023<\/a><\/blockquote><script async src=\"https:\/\/platform.twitter.com\/widgets.js\" charset=\"utf-8\"><\/script>\n<\/div><\/figure>\n\n\n\n<p>Este mensaje fue publicado luego de que el martes, Sheinbaum publicara un video en el que present\u00f3 algunos resultados de su estrategia de seguridad cuando era jefa de Gobierno de la CDMX, donde destac\u00f3 que los homicidios han tenido una reducci\u00f3n del 10 por ciento entre 2018 y 2022.<\/p>\n\n\n\n<p>Tambi\u00e9n asegur\u00f3 que el n\u00famero de homicidios en 2022 fue el m\u00e1s bajo desde 1989.<\/p>\n\n\n\n<p>\u201cEsta semana vamos a ir mostr\u00e1ndoles cu\u00e1l fue la estrategia de seguridad para lograr esta disminuci\u00f3n, incluso la reducci\u00f3n de los delitos de alto impacto en cerca del 58 por ciento. Ya lo hicimos, claro que se puede hacer\u201d, dijo la aspirante presidencial al finalizar su mensaje.<\/p>\n\n\n\n<figure class=\"wp-block-embed is-type-rich is-provider-twitter wp-block-embed-twitter\"><div class=\"wp-block-embed__wrapper\">\n<blockquote class=\"twitter-tweet\" data-width=\"550\" data-dnt=\"true\"><p lang=\"es\" dir=\"ltr\">Estos son los resultados de nuestra estrategia de seguridad en la Ciudad de M\u00e9xico con base en el modelo y los principios de la 4T. <a href=\"https:\/\/t.co\/SZXFp3EIEM\">pic.twitter.com\/SZXFp3EIEM<\/a><\/p>&mdash; Dra. Claudia Sheinbaum (@Claudiashein) <a href=\"https:\/\/twitter.com\/Claudiashein\/status\/1686523518408597505?ref_src=twsrc%5Etfw\">August 1, 2023<\/a><\/blockquote><script async src=\"https:\/\/platform.twitter.com\/widgets.js\" charset=\"utf-8\"><\/script>\n<\/div><\/figure>\n\n\n\n<p>Ebrard present\u00f3 su Plan \u00c1ngel el pasado 10 de julio, basado en inteligencia artificial y tecnolog\u00eda para combatir la inseguridad.<\/p>\n\n\n\n<p>Su estrategia incluye ocho tecnolog\u00edas de vigilancia que incluyen reconocimiento facial, identificadores de disparos, detectores de armas por patrones de movimiento, reconocimiento morfol\u00f3gico de la delincuencia, rastreadores, uso de drones y m\u00e1s.<\/p>\n\n\n\n<p>Pocos d\u00edas despu\u00e9s, Sheinbaum coment\u00f3 en una de sus giras que la tecnolog\u00eda es un instrumento pero no una soluci\u00f3n ante la inseguridad. \u201cNo todo es tecnolog\u00eda, tiene que haber una estrategia integral que vaya desde las causas hasta la inteligencia y la investigaci\u00f3n\u201d, apunt\u00f3 en su momento.<\/p>\n\n\n\n<p>Ante dichos comentarios, Ebrard apunt\u00f3 que Sheinbaum debe presentar sus propias ideas en lugar de criticar las suyas. Y la llam\u00f3 a tener un debate sobre el Plan \u00c1ngel.<\/p>\n\n\n\n<p>Hasta ahora, Sheinbaum ha comentado a Ebrard que deben cumplir con sus palabras, pues firmaron un documento donde se comprometieron a no debatir entre compa\u00f1eros de Morena durante este proceso de selecci\u00f3n de representante de la 4T.<\/p>\n\n\n\n<p>En las primeras semanas de junio, las \u2018corcholatas\u2019 de Morena y de partidos aliados hicieron un registro en el que firmaron una carta de compromiso para participar como aspirantes a la coordinaci\u00f3n de los Comit\u00e9s de Defensa de la Cuarta Transformaci\u00f3n (4T).<\/p>\n","protected":false},"excerpt":{"rendered":"<p>Sheinbaum ha presentado esta semana algunos datos sobre seguridad en la CDMX mientras era jefa de Gobierno Ciudad de M\u00e9xico. Marcelo Ebrard,\u00a0excanciller y aspirante para ser coordinador de la 4T, envi\u00f3 un mensaje a\u00a0Claudia Sheinbaum\u00a0luego de que la exjefa de Gobierno hiciera algunas publicaciones relacionadas con la\u00a0seguridad en la Ciudad de M\u00e9xico. \u201cEstimada Claudia, vi [&hellip;]<\/p>\n","protected":false},"author":21,"featured_media":54437,"comment_status":"open","ping_status":"open","sticky":false,"template":"","format":"standard","meta":{"tdm_status":"","tdm_grid_status":"","footnotes":""},"categories":[39,1],"tags":[],"class_list":{"0":"post-54435","1":"post","2":"type-post","3":"status-publish","4":"format-standard","5":"has-post-thumbnail","7":"category-noticias-nacionales","8":"category-sin-categoria"},"yoast_head":"<!-- This site is optimized with the Yoast SEO plugin v27.5 - https:\/\/yoast.com\/product\/yoast-seo-wordpress\/ -->\n<title>\u00bfPelea? Ebrard responde a Sheinbaum sobre seguridad: \u2018Es el plan que AMLO y yo dise\u00f1amos\u2019 - Fuentes Fidedignas<\/title>\n<meta name=\"robots\" content=\"index, follow, max-snippet:-1, max-image-preview:large, max-video-preview:-1\" \/>\n<link rel=\"canonical\" href=\"https:\/\/fuentesfidedignas.com.mx\/index.php\/2023\/08\/04\/pelea-ebrard-responde-a-sheinbaum-sobre-seguridad-es-el-plan-que-amlo-y-yo-disenamos\/\" \/>\n<meta property=\"og:locale\" content=\"es_MX\" \/>\n<meta property=\"og:type\" content=\"article\" \/>\n<meta property=\"og:title\" content=\"\u00bfPelea? Ebrard responde a Sheinbaum sobre seguridad: \u2018Es el plan que AMLO y yo dise\u00f1amos\u2019 - Fuentes Fidedignas\" \/>\n<meta property=\"og:description\" content=\"Sheinbaum ha presentado esta semana algunos datos sobre seguridad en la CDMX mientras era jefa de Gobierno Ciudad de M\u00e9xico. Marcelo Ebrard,\u00a0excanciller y aspirante para ser coordinador de la 4T, envi\u00f3 un mensaje a\u00a0Claudia Sheinbaum\u00a0luego de que la exjefa de Gobierno hiciera algunas publicaciones relacionadas con la\u00a0seguridad en la Ciudad de M\u00e9xico. \u201cEstimada Claudia, vi [&hellip;]\" \/>\n<meta property=\"og:url\" content=\"https:\/\/fuentesfidedignas.com.mx\/index.php\/2023\/08\/04\/pelea-ebrard-responde-a-sheinbaum-sobre-seguridad-es-el-plan-que-amlo-y-yo-disenamos\/\" \/>\n<meta property=\"og:site_name\" content=\"Fuentes Fidedignas\" \/>\n<meta property=\"article:publisher\" content=\"https:\/\/www.facebook.com\/Fuentes-Fidedignas-368234489921644\" \/>\n<meta property=\"article:published_time\" content=\"2023-08-04T16:37:59+00:00\" \/>\n<meta property=\"article:modified_time\" content=\"2023-08-04T16:38:59+00:00\" \/>\n<meta property=\"og:image\" content=\"https:\/\/fuentesfidedignas.com.mx\/wp-content\/uploads\/2023\/08\/Screenshot_20230804_093850_Chrome.jpg\" \/>\n\t<meta property=\"og:image:width\" content=\"1079\" \/>\n\t<meta property=\"og:image:height\" content=\"604\" \/>\n\t<meta property=\"og:image:type\" content=\"image\/jpeg\" \/>\n<meta name=\"author\" content=\"El Financiero\" \/>\n<meta name=\"twitter:card\" content=\"summary_large_image\" \/>\n<meta name=\"twitter:creator\" content=\"@fidedignas\" \/>\n<meta name=\"twitter:site\" content=\"@fidedignas\" \/>\n<meta name=\"twitter:label1\" content=\"Escrito por\" \/>\n\t<meta name=\"twitter:data1\" content=\"El Financiero\" \/>\n\t<meta name=\"twitter:label2\" content=\"Tiempo de lectura\" \/>\n\t<meta name=\"twitter:data2\" content=\"3 minutos\" \/>\n<script type=\"application\/ld+json\" class=\"yoast-schema-graph\">{\"@context\":\"https:\\\/\\\/schema.org\",\"@graph\":[{\"@type\":\"Article\",\"@id\":\"https:\\\/\\\/fuentesfidedignas.com.mx\\\/index.php\\\/2023\\\/08\\\/04\\\/pelea-ebrard-responde-a-sheinbaum-sobre-seguridad-es-el-plan-que-amlo-y-yo-disenamos\\\/#article\",\"isPartOf\":{\"@id\":\"https:\\\/\\\/fuentesfidedignas.com.mx\\\/index.php\\\/2023\\\/08\\\/04\\\/pelea-ebrard-responde-a-sheinbaum-sobre-seguridad-es-el-plan-que-amlo-y-yo-disenamos\\\/\"},\"author\":{\"name\":\"El Financiero\",\"@id\":\"https:\\\/\\\/fuentesfidedignas.com.mx\\\/#\\\/schema\\\/person\\\/494f7e0dce8dfaaec5b64f16615b78e9\"},\"headline\":\"\u00bfPelea? Ebrard responde a Sheinbaum sobre seguridad: \u2018Es el plan que AMLO y yo dise\u00f1amos\u2019\",\"datePublished\":\"2023-08-04T16:37:59+00:00\",\"dateModified\":\"2023-08-04T16:38:59+00:00\",\"mainEntityOfPage\":{\"@id\":\"https:\\\/\\\/fuentesfidedignas.com.mx\\\/index.php\\\/2023\\\/08\\\/04\\\/pelea-ebrard-responde-a-sheinbaum-sobre-seguridad-es-el-plan-que-amlo-y-yo-disenamos\\\/\"},\"wordCount\":556,\"commentCount\":0,\"publisher\":{\"@id\":\"https:\\\/\\\/fuentesfidedignas.com.mx\\\/#organization\"},\"image\":{\"@id\":\"https:\\\/\\\/fuentesfidedignas.com.mx\\\/index.php\\\/2023\\\/08\\\/04\\\/pelea-ebrard-responde-a-sheinbaum-sobre-seguridad-es-el-plan-que-amlo-y-yo-disenamos\\\/#primaryimage\"},\"thumbnailUrl\":\"https:\\\/\\\/fuentesfidedignas.com.mx\\\/wp-content\\\/uploads\\\/2023\\\/08\\\/Screenshot_20230804_093850_Chrome.jpg\",\"articleSection\":[\"NOTICIAS NACIONALES\"],\"inLanguage\":\"es\",\"potentialAction\":[{\"@type\":\"CommentAction\",\"name\":\"Comment\",\"target\":[\"https:\\\/\\\/fuentesfidedignas.com.mx\\\/index.php\\\/2023\\\/08\\\/04\\\/pelea-ebrard-responde-a-sheinbaum-sobre-seguridad-es-el-plan-que-amlo-y-yo-disenamos\\\/#respond\"]}]},{\"@type\":\"WebPage\",\"@id\":\"https:\\\/\\\/fuentesfidedignas.com.mx\\\/index.php\\\/2023\\\/08\\\/04\\\/pelea-ebrard-responde-a-sheinbaum-sobre-seguridad-es-el-plan-que-amlo-y-yo-disenamos\\\/\",\"url\":\"https:\\\/\\\/fuentesfidedignas.com.mx\\\/index.php\\\/2023\\\/08\\\/04\\\/pelea-ebrard-responde-a-sheinbaum-sobre-seguridad-es-el-plan-que-amlo-y-yo-disenamos\\\/\",\"name\":\"\u00bfPelea? Ebrard responde a Sheinbaum sobre seguridad: \u2018Es el plan que AMLO y yo dise\u00f1amos\u2019 - Fuentes Fidedignas\",\"isPartOf\":{\"@id\":\"https:\\\/\\\/fuentesfidedignas.com.mx\\\/#website\"},\"primaryImageOfPage\":{\"@id\":\"https:\\\/\\\/fuentesfidedignas.com.mx\\\/index.php\\\/2023\\\/08\\\/04\\\/pelea-ebrard-responde-a-sheinbaum-sobre-seguridad-es-el-plan-que-amlo-y-yo-disenamos\\\/#primaryimage\"},\"image\":{\"@id\":\"https:\\\/\\\/fuentesfidedignas.com.mx\\\/index.php\\\/2023\\\/08\\\/04\\\/pelea-ebrard-responde-a-sheinbaum-sobre-seguridad-es-el-plan-que-amlo-y-yo-disenamos\\\/#primaryimage\"},\"thumbnailUrl\":\"https:\\\/\\\/fuentesfidedignas.com.mx\\\/wp-content\\\/uploads\\\/2023\\\/08\\\/Screenshot_20230804_093850_Chrome.jpg\",\"datePublished\":\"2023-08-04T16:37:59+00:00\",\"dateModified\":\"2023-08-04T16:38:59+00:00\",\"breadcrumb\":{\"@id\":\"https:\\\/\\\/fuentesfidedignas.com.mx\\\/index.php\\\/2023\\\/08\\\/04\\\/pelea-ebrard-responde-a-sheinbaum-sobre-seguridad-es-el-plan-que-amlo-y-yo-disenamos\\\/#breadcrumb\"},\"inLanguage\":\"es\",\"potentialAction\":[{\"@type\":\"ReadAction\",\"target\":[\"https:\\\/\\\/fuentesfidedignas.com.mx\\\/index.php\\\/2023\\\/08\\\/04\\\/pelea-ebrard-responde-a-sheinbaum-sobre-seguridad-es-el-plan-que-amlo-y-yo-disenamos\\\/\"]}]},{\"@type\":\"ImageObject\",\"inLanguage\":\"es\",\"@id\":\"https:\\\/\\\/fuentesfidedignas.com.mx\\\/index.php\\\/2023\\\/08\\\/04\\\/pelea-ebrard-responde-a-sheinbaum-sobre-seguridad-es-el-plan-que-amlo-y-yo-disenamos\\\/#primaryimage\",\"url\":\"https:\\\/\\\/fuentesfidedignas.com.mx\\\/wp-content\\\/uploads\\\/2023\\\/08\\\/Screenshot_20230804_093850_Chrome.jpg\",\"contentUrl\":\"https:\\\/\\\/fuentesfidedignas.com.mx\\\/wp-content\\\/uploads\\\/2023\\\/08\\\/Screenshot_20230804_093850_Chrome.jpg\",\"width\":1079,\"height\":604},{\"@type\":\"BreadcrumbList\",\"@id\":\"https:\\\/\\\/fuentesfidedignas.com.mx\\\/index.php\\\/2023\\\/08\\\/04\\\/pelea-ebrard-responde-a-sheinbaum-sobre-seguridad-es-el-plan-que-amlo-y-yo-disenamos\\\/#breadcrumb\",\"itemListElement\":[{\"@type\":\"ListItem\",\"position\":1,\"name\":\"Inicio\",\"item\":\"https:\\\/\\\/fuentesfidedignas.com.mx\\\/\"},{\"@type\":\"ListItem\",\"position\":2,\"name\":\"\u00bfPelea? Ebrard responde a Sheinbaum sobre seguridad: \u2018Es el plan que AMLO y yo dise\u00f1amos\u2019\"}]},{\"@type\":\"WebSite\",\"@id\":\"https:\\\/\\\/fuentesfidedignas.com.mx\\\/#website\",\"url\":\"https:\\\/\\\/fuentesfidedignas.com.mx\\\/\",\"name\":\"Fuentes Fidedignas\",\"description\":\"Otro sitio realizado con WordPress\",\"publisher\":{\"@id\":\"https:\\\/\\\/fuentesfidedignas.com.mx\\\/#organization\"},\"potentialAction\":[{\"@type\":\"SearchAction\",\"target\":{\"@type\":\"EntryPoint\",\"urlTemplate\":\"https:\\\/\\\/fuentesfidedignas.com.mx\\\/?s={search_term_string}\"},\"query-input\":{\"@type\":\"PropertyValueSpecification\",\"valueRequired\":true,\"valueName\":\"search_term_string\"}}],\"inLanguage\":\"es\"},{\"@type\":\"Organization\",\"@id\":\"https:\\\/\\\/fuentesfidedignas.com.mx\\\/#organization\",\"name\":\"Fuentes Fidedignas\",\"url\":\"https:\\\/\\\/fuentesfidedignas.com.mx\\\/\",\"logo\":{\"@type\":\"ImageObject\",\"inLanguage\":\"es\",\"@id\":\"https:\\\/\\\/fuentesfidedignas.com.mx\\\/#\\\/schema\\\/logo\\\/image\\\/\",\"url\":\"https:\\\/\\\/fuentesfidedignas.com.mx\\\/wp-content\\\/uploads\\\/2021\\\/04\\\/logo-retina.png\",\"contentUrl\":\"https:\\\/\\\/fuentesfidedignas.com.mx\\\/wp-content\\\/uploads\\\/2021\\\/04\\\/logo-retina.png\",\"width\":280,\"height\":51,\"caption\":\"Fuentes Fidedignas\"},\"image\":{\"@id\":\"https:\\\/\\\/fuentesfidedignas.com.mx\\\/#\\\/schema\\\/logo\\\/image\\\/\"},\"sameAs\":[\"https:\\\/\\\/www.facebook.com\\\/Fuentes-Fidedignas-368234489921644\",\"https:\\\/\\\/x.com\\\/fidedignas\"]},{\"@type\":\"Person\",\"@id\":\"https:\\\/\\\/fuentesfidedignas.com.mx\\\/#\\\/schema\\\/person\\\/494f7e0dce8dfaaec5b64f16615b78e9\",\"name\":\"El Financiero\",\"image\":{\"@type\":\"ImageObject\",\"inLanguage\":\"es\",\"@id\":\"https:\\\/\\\/secure.gravatar.com\\\/avatar\\\/88c0f3f2079389318ef8dd35c22cb997212aa89646e357ba59b318db26ed91a9?s=96&d=mm&r=g\",\"url\":\"https:\\\/\\\/secure.gravatar.com\\\/avatar\\\/88c0f3f2079389318ef8dd35c22cb997212aa89646e357ba59b318db26ed91a9?s=96&d=mm&r=g\",\"contentUrl\":\"https:\\\/\\\/secure.gravatar.com\\\/avatar\\\/88c0f3f2079389318ef8dd35c22cb997212aa89646e357ba59b318db26ed91a9?s=96&d=mm&r=g\",\"caption\":\"El Financiero\"},\"url\":\"https:\\\/\\\/fuentesfidedignas.com.mx\\\/index.php\\\/author\\\/financiero\\\/\"}]}<\/script>\n<!-- \/ Yoast SEO plugin. -->","yoast_head_json":{"title":"\u00bfPelea? Ebrard responde a Sheinbaum sobre seguridad: \u2018Es el plan que AMLO y yo dise\u00f1amos\u2019 - Fuentes Fidedignas","robots":{"index":"index","follow":"follow","max-snippet":"max-snippet:-1","max-image-preview":"max-image-preview:large","max-video-preview":"max-video-preview:-1"},"canonical":"https:\/\/fuentesfidedignas.com.mx\/index.php\/2023\/08\/04\/pelea-ebrard-responde-a-sheinbaum-sobre-seguridad-es-el-plan-que-amlo-y-yo-disenamos\/","og_locale":"es_MX","og_type":"article","og_title":"\u00bfPelea? Ebrard responde a Sheinbaum sobre seguridad: \u2018Es el plan que AMLO y yo dise\u00f1amos\u2019 - Fuentes Fidedignas","og_description":"Sheinbaum ha presentado esta semana algunos datos sobre seguridad en la CDMX mientras era jefa de Gobierno Ciudad de M\u00e9xico. Marcelo Ebrard,\u00a0excanciller y aspirante para ser coordinador de la 4T, envi\u00f3 un mensaje a\u00a0Claudia Sheinbaum\u00a0luego de que la exjefa de Gobierno hiciera algunas publicaciones relacionadas con la\u00a0seguridad en la Ciudad de M\u00e9xico. \u201cEstimada Claudia, vi [&hellip;]","og_url":"https:\/\/fuentesfidedignas.com.mx\/index.php\/2023\/08\/04\/pelea-ebrard-responde-a-sheinbaum-sobre-seguridad-es-el-plan-que-amlo-y-yo-disenamos\/","og_site_name":"Fuentes Fidedignas","article_publisher":"https:\/\/www.facebook.com\/Fuentes-Fidedignas-368234489921644","article_published_time":"2023-08-04T16:37:59+00:00","article_modified_time":"2023-08-04T16:38:59+00:00","og_image":[{"width":1079,"height":604,"url":"https:\/\/fuentesfidedignas.com.mx\/wp-content\/uploads\/2023\/08\/Screenshot_20230804_093850_Chrome.jpg","type":"image\/jpeg"}],"author":"El Financiero","twitter_card":"summary_large_image","twitter_creator":"@fidedignas","twitter_site":"@fidedignas","twitter_misc":{"Escrito por":"El Financiero","Tiempo de lectura":"3 minutos"},"schema":{"@context":"https:\/\/schema.org","@graph":[{"@type":"Article","@id":"https:\/\/fuentesfidedignas.com.mx\/index.php\/2023\/08\/04\/pelea-ebrard-responde-a-sheinbaum-sobre-seguridad-es-el-plan-que-amlo-y-yo-disenamos\/#article","isPartOf":{"@id":"https:\/\/fuentesfidedignas.com.mx\/index.php\/2023\/08\/04\/pelea-ebrard-responde-a-sheinbaum-sobre-seguridad-es-el-plan-que-amlo-y-yo-disenamos\/"},"author":{"name":"El Financiero","@id":"https:\/\/fuentesfidedignas.com.mx\/#\/schema\/person\/494f7e0dce8dfaaec5b64f16615b78e9"},"headline":"\u00bfPelea? Ebrard responde a Sheinbaum sobre seguridad: \u2018Es el plan que AMLO y yo dise\u00f1amos\u2019","datePublished":"2023-08-04T16:37:59+00:00","dateModified":"2023-08-04T16:38:59+00:00","mainEntityOfPage":{"@id":"https:\/\/fuentesfidedignas.com.mx\/index.php\/2023\/08\/04\/pelea-ebrard-responde-a-sheinbaum-sobre-seguridad-es-el-plan-que-amlo-y-yo-disenamos\/"},"wordCount":556,"commentCount":0,"publisher":{"@id":"https:\/\/fuentesfidedignas.com.mx\/#organization"},"image":{"@id":"https:\/\/fuentesfidedignas.com.mx\/index.php\/2023\/08\/04\/pelea-ebrard-responde-a-sheinbaum-sobre-seguridad-es-el-plan-que-amlo-y-yo-disenamos\/#primaryimage"},"thumbnailUrl":"https:\/\/fuentesfidedignas.com.mx\/wp-content\/uploads\/2023\/08\/Screenshot_20230804_093850_Chrome.jpg","articleSection":["NOTICIAS NACIONALES"],"inLanguage":"es","potentialAction":[{"@type":"CommentAction","name":"Comment","target":["https:\/\/fuentesfidedignas.com.mx\/index.php\/2023\/08\/04\/pelea-ebrard-responde-a-sheinbaum-sobre-seguridad-es-el-plan-que-amlo-y-yo-disenamos\/#respond"]}]},{"@type":"WebPage","@id":"https:\/\/fuentesfidedignas.com.mx\/index.php\/2023\/08\/04\/pelea-ebrard-responde-a-sheinbaum-sobre-seguridad-es-el-plan-que-amlo-y-yo-disenamos\/","url":"https:\/\/fuentesfidedignas.com.mx\/index.php\/2023\/08\/04\/pelea-ebrard-responde-a-sheinbaum-sobre-seguridad-es-el-plan-que-amlo-y-yo-disenamos\/","name":"\u00bfPelea? Ebrard responde a Sheinbaum sobre seguridad: \u2018Es el plan que AMLO y yo dise\u00f1amos\u2019 - Fuentes Fidedignas","isPartOf":{"@id":"https:\/\/fuentesfidedignas.com.mx\/#website"},"primaryImageOfPage":{"@id":"https:\/\/fuentesfidedignas.com.mx\/index.php\/2023\/08\/04\/pelea-ebrard-responde-a-sheinbaum-sobre-seguridad-es-el-plan-que-amlo-y-yo-disenamos\/#primaryimage"},"image":{"@id":"https:\/\/fuentesfidedignas.com.mx\/index.php\/2023\/08\/04\/pelea-ebrard-responde-a-sheinbaum-sobre-seguridad-es-el-plan-que-amlo-y-yo-disenamos\/#primaryimage"},"thumbnailUrl":"https:\/\/fuentesfidedignas.com.mx\/wp-content\/uploads\/2023\/08\/Screenshot_20230804_093850_Chrome.jpg","datePublished":"2023-08-04T16:37:59+00:00","dateModified":"2023-08-04T16:38:59+00:00","breadcrumb":{"@id":"https:\/\/fuentesfidedignas.com.mx\/index.php\/2023\/08\/04\/pelea-ebrard-responde-a-sheinbaum-sobre-seguridad-es-el-plan-que-amlo-y-yo-disenamos\/#breadcrumb"},"inLanguage":"es","potentialAction":[{"@type":"ReadAction","target":["https:\/\/fuentesfidedignas.com.mx\/index.php\/2023\/08\/04\/pelea-ebrard-responde-a-sheinbaum-sobre-seguridad-es-el-plan-que-amlo-y-yo-disenamos\/"]}]},{"@type":"ImageObject","inLanguage":"es","@id":"https:\/\/fuentesfidedignas.com.mx\/index.php\/2023\/08\/04\/pelea-ebrard-responde-a-sheinbaum-sobre-seguridad-es-el-plan-que-amlo-y-yo-disenamos\/#primaryimage","url":"https:\/\/fuentesfidedignas.com.mx\/wp-content\/uploads\/2023\/08\/Screenshot_20230804_093850_Chrome.jpg","contentUrl":"https:\/\/fuentesfidedignas.com.mx\/wp-content\/uploads\/2023\/08\/Screenshot_20230804_093850_Chrome.jpg","width":1079,"height":604},{"@type":"BreadcrumbList","@id":"https:\/\/fuentesfidedignas.com.mx\/index.php\/2023\/08\/04\/pelea-ebrard-responde-a-sheinbaum-sobre-seguridad-es-el-plan-que-amlo-y-yo-disenamos\/#breadcrumb","itemListElement":[{"@type":"ListItem","position":1,"name":"Inicio","item":"https:\/\/fuentesfidedignas.com.mx\/"},{"@type":"ListItem","position":2,"name":"\u00bfPelea? Ebrard responde a Sheinbaum sobre seguridad: \u2018Es el plan que AMLO y yo dise\u00f1amos\u2019"}]},{"@type":"WebSite","@id":"https:\/\/fuentesfidedignas.com.mx\/#website","url":"https:\/\/fuentesfidedignas.com.mx\/","name":"Fuentes Fidedignas","description":"Otro sitio realizado con WordPress","publisher":{"@id":"https:\/\/fuentesfidedignas.com.mx\/#organization"},"potentialAction":[{"@type":"SearchAction","target":{"@type":"EntryPoint","urlTemplate":"https:\/\/fuentesfidedignas.com.mx\/?s={search_term_string}"},"query-input":{"@type":"PropertyValueSpecification","valueRequired":true,"valueName":"search_term_string"}}],"inLanguage":"es"},{"@type":"Organization","@id":"https:\/\/fuentesfidedignas.com.mx\/#organization","name":"Fuentes Fidedignas","url":"https:\/\/fuentesfidedignas.com.mx\/","logo":{"@type":"ImageObject","inLanguage":"es","@id":"https:\/\/fuentesfidedignas.com.mx\/#\/schema\/logo\/image\/","url":"https:\/\/fuentesfidedignas.com.mx\/wp-content\/uploads\/2021\/04\/logo-retina.png","contentUrl":"https:\/\/fuentesfidedignas.com.mx\/wp-content\/uploads\/2021\/04\/logo-retina.png","width":280,"height":51,"caption":"Fuentes Fidedignas"},"image":{"@id":"https:\/\/fuentesfidedignas.com.mx\/#\/schema\/logo\/image\/"},"sameAs":["https:\/\/www.facebook.com\/Fuentes-Fidedignas-368234489921644","https:\/\/x.com\/fidedignas"]},{"@type":"Person","@id":"https:\/\/fuentesfidedignas.com.mx\/#\/schema\/person\/494f7e0dce8dfaaec5b64f16615b78e9","name":"El Financiero","image":{"@type":"ImageObject","inLanguage":"es","@id":"https:\/\/secure.gravatar.com\/avatar\/88c0f3f2079389318ef8dd35c22cb997212aa89646e357ba59b318db26ed91a9?s=96&d=mm&r=g","url":"https:\/\/secure.gravatar.com\/avatar\/88c0f3f2079389318ef8dd35c22cb997212aa89646e357ba59b318db26ed91a9?s=96&d=mm&r=g","contentUrl":"https:\/\/secure.gravatar.com\/avatar\/88c0f3f2079389318ef8dd35c22cb997212aa89646e357ba59b318db26ed91a9?s=96&d=mm&r=g","caption":"El Financiero"},"url":"https:\/\/fuentesfidedignas.com.mx\/index.php\/author\/financiero\/"}]}},"_links":{"self":[{"href":"https:\/\/fuentesfidedignas.com.mx\/index.php\/wp-json\/wp\/v2\/posts\/54435","targetHints":{"allow":["GET"]}}],"collection":[{"href":"https:\/\/fuentesfidedignas.com.mx\/index.php\/wp-json\/wp\/v2\/posts"}],"about":[{"href":"https:\/\/fuentesfidedignas.com.mx\/index.php\/wp-json\/wp\/v2\/types\/post"}],"author":[{"embeddable":true,"href":"https:\/\/fuentesfidedignas.com.mx\/index.php\/wp-json\/wp\/v2\/users\/21"}],"replies":[{"embeddable":true,"href":"https:\/\/fuentesfidedignas.com.mx\/index.php\/wp-json\/wp\/v2\/comments?post=54435"}],"version-history":[{"count":1,"href":"https:\/\/fuentesfidedignas.com.mx\/index.php\/wp-json\/wp\/v2\/posts\/54435\/revisions"}],"predecessor-version":[{"id":54436,"href":"https:\/\/fuentesfidedignas.com.mx\/index.php\/wp-json\/wp\/v2\/posts\/54435\/revisions\/54436"}],"wp:featuredmedia":[{"embeddable":true,"href":"https:\/\/fuentesfidedignas.com.mx\/index.php\/wp-json\/wp\/v2\/media\/54437"}],"wp:attachment":[{"href":"https:\/\/fuentesfidedignas.com.mx\/index.php\/wp-json\/wp\/v2\/media?parent=54435"}],"wp:term":[{"taxonomy":"category","embeddable":true,"href":"https:\/\/fuentesfidedignas.com.mx\/index.php\/wp-json\/wp\/v2\/categories?post=54435"},{"taxonomy":"post_tag","embeddable":true,"href":"https:\/\/fuentesfidedignas.com.mx\/index.php\/wp-json\/wp\/v2\/tags?post=54435"}],"curies":[{"name":"wp","href":"https:\/\/api.w.org\/{rel}","templated":true}]}}