{"id":54432,"date":"2023-08-04T09:28:43","date_gmt":"2023-08-04T16:28:43","guid":{"rendered":"https:\/\/fuentesfidedignas.com.mx\/?p=54432"},"modified":"2023-08-04T09:29:34","modified_gmt":"2023-08-04T16:29:34","slug":"ya-son-papas-carlos-rivera-y-cynthia-rodriguez-le-dan-la-bienvenida-a-leon","status":"publish","type":"post","link":"https:\/\/fuentesfidedignas.com.mx\/index.php\/2023\/08\/04\/ya-son-papas-carlos-rivera-y-cynthia-rodriguez-le-dan-la-bienvenida-a-leon\/","title":{"rendered":"\u00a1Ya son pap\u00e1s! Carlos Rivera y Cynthia Rodr\u00edguez le dan la bienvenida a Le\u00f3n"},"content":{"rendered":"\n<p><strong><em>Carlos Rivera y Cynthia Rodr\u00edguez viven su mejor momento en familia con el nacimiento de su beb\u00e9<\/em><\/strong><\/p>\n\n\n\n<p>Ciudad de M\u00e9xico. <strong><a href=\"https:\/\/www.excelsior.com.mx\/carlos-rivera\" target=\"_blank\" rel=\"noreferrer noopener\">Carlos Rivera<\/a>\u00a0<\/strong>y\u00a0<a href=\"https:\/\/www.excelsior.com.mx\/cynthia-rodriguez\" target=\"_blank\" rel=\"noreferrer noopener\"><strong>Cynthia Rodr\u00edguez<\/strong><\/a>\u00a0viven el momento m\u00e1s feliz como familia ya que\u00a0<strong>le dieron la bienvenida a Le\u00f3n<\/strong>, quien esper\u00f3 el regreso de su pap\u00e1 a M\u00e9xico para nacer, as\u00ed lo dio a conocer el cantante en sus redes sociales.<\/p>\n\n\n\n<p>A trav\u00e9s de una imagen en la que la pareja toca el pie de su primog\u00e9nito, Carlos Rivera dio a conocer que&nbsp;<strong>ya se hab\u00edan convertido en padres.<\/strong>&nbsp;La publicaci\u00f3n la acompa\u00f1\u00f3 con el tema&nbsp;<em>Te esperaba<\/em>, el cual le dedic\u00f3&nbsp;a su hijo.<\/p>\n\n\n\n<p>Cynthia Rodr\u00edguez estaba a d\u00edas de\u00a0dar a luz y fue<strong>\u00a0la noche del 3 de agosto que Le\u00f3n lleg\u00f3 al mundo<\/strong>,\u00a0cuando Carlos Rivera ya se encontraba en el pa\u00eds luego de una intensa gira por Espa\u00f1a.<\/p>\n\n\n\n<blockquote class=\"wp-block-quote is-layout-flow wp-block-quote-is-layout-flow\">\n<p>\u201cTe pedimos con nuestra fuerza al universo\u2026 Y ahora que est\u00e1s aqu\u00ed, vemos el amor convertido en ti\u2026 Nuestro amado Le\u00f3n s\u00f3lo espero a pap\u00e1 y decidi\u00f3 nacer\u201d, escribi\u00f3 emocionado Carlos Rivera en la publicaci\u00f3n que ya rebasa los 125 mil&nbsp;<em>likes<\/em>.<\/p>\n<\/blockquote>\n\n\n\n<p>El cantante asegur\u00f3 que su beb\u00e9&nbsp;<strong>est\u00e1 hermoso, sano, grande y fuerte<\/strong>&nbsp;y dijo que Cynthia Rodr\u00edguez se encuentra perfectamente y \u201chermosa\u201d.<\/p>\n\n\n\n<blockquote class=\"wp-block-quote is-layout-flow wp-block-quote-is-layout-flow\">\n<p>\u201cDamos gracias a Dios por bendecirnos y por la salud de los dos. Y gracias a ustedes por todas las muestras de amor. La felicidad hoy tiene un nuevo significado en nuestra vida\u201d, afirm\u00f3 el exintegrante de La Academia.<\/p>\n<\/blockquote>\n\n\n\n<p><strong>Cynthia Rodr\u00edguez quiere tener otro beb\u00e9 con Carlos Rivera<\/strong><\/p>\n\n\n\n<p>La cantante y conductora Cynthia Rodr\u00edguez vive una historia de amor como de cuento de hadas con Carlos Rivera, quien no desaprovecha ni un minuto para demostrarle cu\u00e1nto la ama, ya sea cant\u00e1ndole en un concierto, haciendo una videollamada desde un show para demostrarle cu\u00e1nto le importa, hasta la forma en la que pidi\u00f3 matrimonio.<\/p>\n\n\n\n<p>Con un presentaci\u00f3n privada y la canci\u00f3n La carta, que escribi\u00f3 para ella, Carlos Rivera le pidi\u00f3 en Espa\u00f1a a la tambi\u00e9n exintergrante de La Academia, pasar toda la vida juntos. Sin embargo, antes de ello los cantantes ya pensaban en tener un hijo.<\/p>\n\n\n\n<p>En una entrevista Cynthia Rodr\u00edguez no s\u00f3lo devel\u00f3 detalles de la relaci\u00f3n con el cantante y lo rom\u00e1ntico que era con ella, tambi\u00e9n dijo que desde antes de casarse ten\u00edan planes de quedar embarazados, pero esto se fue retrasando debido a los compromisos profesionales de ambos.<\/p>\n\n\n\n<p>Ante ello, la conductora decidi\u00f3 congelar sus \u00f3vulos y la pareja los us\u00f3 una vez que ya se hab\u00edan casado, por lo que Le\u00f3n fue concebido de forma in vitro, aunque aclar\u00f3 que no fue por un tema de infertilidad, sino de aprovechar lo mejor de sus \u00f3vulos.<\/p>\n\n\n\n<p>Otra de las revelaciones de la cantante y conductora fue que Le\u00f3n tendr\u00eda un hermanito, ya que ella quer\u00eda tener otro beb\u00e9, por lo que es posible que m\u00e1s adelante la pareja d\u00e9 la sorpresa de que nuevamente est\u00e1n embarazados.<\/p>\n","protected":false},"excerpt":{"rendered":"<p>Carlos Rivera y Cynthia Rodr\u00edguez viven su mejor momento en familia con el nacimiento de su beb\u00e9 Ciudad de M\u00e9xico. Carlos Rivera\u00a0y\u00a0Cynthia Rodr\u00edguez\u00a0viven el momento m\u00e1s feliz como familia ya que\u00a0le dieron la bienvenida a Le\u00f3n, quien esper\u00f3 el regreso de su pap\u00e1 a M\u00e9xico para nacer, as\u00ed lo dio a conocer el cantante en [&hellip;]<\/p>\n","protected":false},"author":7,"featured_media":54434,"comment_status":"open","ping_status":"open","sticky":false,"template":"","format":"standard","meta":{"tdm_status":"","tdm_grid_status":"","footnotes":""},"categories":[39,1],"tags":[],"class_list":{"0":"post-54432","1":"post","2":"type-post","3":"status-publish","4":"format-standard","5":"has-post-thumbnail","7":"category-noticias-nacionales","8":"category-sin-categoria"},"yoast_head":"<!-- This site is optimized with the Yoast SEO plugin v27.5 - https:\/\/yoast.com\/product\/yoast-seo-wordpress\/ -->\n<title>\u00a1Ya son pap\u00e1s! Carlos Rivera y Cynthia Rodr\u00edguez le dan la bienvenida a Le\u00f3n - Fuentes Fidedignas<\/title>\n<meta name=\"robots\" content=\"index, follow, max-snippet:-1, max-image-preview:large, max-video-preview:-1\" \/>\n<link rel=\"canonical\" href=\"https:\/\/fuentesfidedignas.com.mx\/index.php\/2023\/08\/04\/ya-son-papas-carlos-rivera-y-cynthia-rodriguez-le-dan-la-bienvenida-a-leon\/\" \/>\n<meta property=\"og:locale\" content=\"es_MX\" \/>\n<meta property=\"og:type\" content=\"article\" \/>\n<meta property=\"og:title\" content=\"\u00a1Ya son pap\u00e1s! Carlos Rivera y Cynthia Rodr\u00edguez le dan la bienvenida a Le\u00f3n - Fuentes Fidedignas\" \/>\n<meta property=\"og:description\" content=\"Carlos Rivera y Cynthia Rodr\u00edguez viven su mejor momento en familia con el nacimiento de su beb\u00e9 Ciudad de M\u00e9xico. Carlos Rivera\u00a0y\u00a0Cynthia Rodr\u00edguez\u00a0viven el momento m\u00e1s feliz como familia ya que\u00a0le dieron la bienvenida a Le\u00f3n, quien esper\u00f3 el regreso de su pap\u00e1 a M\u00e9xico para nacer, as\u00ed lo dio a conocer el cantante en [&hellip;]\" \/>\n<meta property=\"og:url\" content=\"https:\/\/fuentesfidedignas.com.mx\/index.php\/2023\/08\/04\/ya-son-papas-carlos-rivera-y-cynthia-rodriguez-le-dan-la-bienvenida-a-leon\/\" \/>\n<meta property=\"og:site_name\" content=\"Fuentes Fidedignas\" \/>\n<meta property=\"article:publisher\" content=\"https:\/\/www.facebook.com\/Fuentes-Fidedignas-368234489921644\" \/>\n<meta property=\"article:published_time\" content=\"2023-08-04T16:28:43+00:00\" \/>\n<meta property=\"article:modified_time\" content=\"2023-08-04T16:29:34+00:00\" \/>\n<meta property=\"og:image\" content=\"https:\/\/fuentesfidedignas.com.mx\/wp-content\/uploads\/2023\/08\/2987640.jpg\" \/>\n\t<meta property=\"og:image:width\" content=\"800\" \/>\n\t<meta property=\"og:image:height\" content=\"600\" \/>\n\t<meta property=\"og:image:type\" content=\"image\/jpeg\" \/>\n<meta name=\"author\" content=\"Exc\u00e9lsior\" \/>\n<meta name=\"twitter:card\" content=\"summary_large_image\" \/>\n<meta name=\"twitter:creator\" content=\"@fidedignas\" \/>\n<meta name=\"twitter:site\" content=\"@fidedignas\" \/>\n<meta name=\"twitter:label1\" content=\"Escrito por\" \/>\n\t<meta name=\"twitter:data1\" content=\"Exc\u00e9lsior\" \/>\n\t<meta name=\"twitter:label2\" content=\"Tiempo de lectura\" \/>\n\t<meta name=\"twitter:data2\" content=\"2 minutos\" \/>\n<script type=\"application\/ld+json\" class=\"yoast-schema-graph\">{\"@context\":\"https:\\\/\\\/schema.org\",\"@graph\":[{\"@type\":\"Article\",\"@id\":\"https:\\\/\\\/fuentesfidedignas.com.mx\\\/index.php\\\/2023\\\/08\\\/04\\\/ya-son-papas-carlos-rivera-y-cynthia-rodriguez-le-dan-la-bienvenida-a-leon\\\/#article\",\"isPartOf\":{\"@id\":\"https:\\\/\\\/fuentesfidedignas.com.mx\\\/index.php\\\/2023\\\/08\\\/04\\\/ya-son-papas-carlos-rivera-y-cynthia-rodriguez-le-dan-la-bienvenida-a-leon\\\/\"},\"author\":{\"name\":\"Exc\u00e9lsior\",\"@id\":\"https:\\\/\\\/fuentesfidedignas.com.mx\\\/#\\\/schema\\\/person\\\/ec4edd1fbf5efa3e44fce34fe2787780\"},\"headline\":\"\u00a1Ya son pap\u00e1s! Carlos Rivera y Cynthia Rodr\u00edguez le dan la bienvenida a Le\u00f3n\",\"datePublished\":\"2023-08-04T16:28:43+00:00\",\"dateModified\":\"2023-08-04T16:29:34+00:00\",\"mainEntityOfPage\":{\"@id\":\"https:\\\/\\\/fuentesfidedignas.com.mx\\\/index.php\\\/2023\\\/08\\\/04\\\/ya-son-papas-carlos-rivera-y-cynthia-rodriguez-le-dan-la-bienvenida-a-leon\\\/\"},\"wordCount\":553,\"commentCount\":0,\"publisher\":{\"@id\":\"https:\\\/\\\/fuentesfidedignas.com.mx\\\/#organization\"},\"image\":{\"@id\":\"https:\\\/\\\/fuentesfidedignas.com.mx\\\/index.php\\\/2023\\\/08\\\/04\\\/ya-son-papas-carlos-rivera-y-cynthia-rodriguez-le-dan-la-bienvenida-a-leon\\\/#primaryimage\"},\"thumbnailUrl\":\"https:\\\/\\\/fuentesfidedignas.com.mx\\\/wp-content\\\/uploads\\\/2023\\\/08\\\/2987640.jpg\",\"articleSection\":[\"NOTICIAS NACIONALES\"],\"inLanguage\":\"es\",\"potentialAction\":[{\"@type\":\"CommentAction\",\"name\":\"Comment\",\"target\":[\"https:\\\/\\\/fuentesfidedignas.com.mx\\\/index.php\\\/2023\\\/08\\\/04\\\/ya-son-papas-carlos-rivera-y-cynthia-rodriguez-le-dan-la-bienvenida-a-leon\\\/#respond\"]}]},{\"@type\":\"WebPage\",\"@id\":\"https:\\\/\\\/fuentesfidedignas.com.mx\\\/index.php\\\/2023\\\/08\\\/04\\\/ya-son-papas-carlos-rivera-y-cynthia-rodriguez-le-dan-la-bienvenida-a-leon\\\/\",\"url\":\"https:\\\/\\\/fuentesfidedignas.com.mx\\\/index.php\\\/2023\\\/08\\\/04\\\/ya-son-papas-carlos-rivera-y-cynthia-rodriguez-le-dan-la-bienvenida-a-leon\\\/\",\"name\":\"\u00a1Ya son pap\u00e1s! Carlos Rivera y Cynthia Rodr\u00edguez le dan la bienvenida a Le\u00f3n - Fuentes Fidedignas\",\"isPartOf\":{\"@id\":\"https:\\\/\\\/fuentesfidedignas.com.mx\\\/#website\"},\"primaryImageOfPage\":{\"@id\":\"https:\\\/\\\/fuentesfidedignas.com.mx\\\/index.php\\\/2023\\\/08\\\/04\\\/ya-son-papas-carlos-rivera-y-cynthia-rodriguez-le-dan-la-bienvenida-a-leon\\\/#primaryimage\"},\"image\":{\"@id\":\"https:\\\/\\\/fuentesfidedignas.com.mx\\\/index.php\\\/2023\\\/08\\\/04\\\/ya-son-papas-carlos-rivera-y-cynthia-rodriguez-le-dan-la-bienvenida-a-leon\\\/#primaryimage\"},\"thumbnailUrl\":\"https:\\\/\\\/fuentesfidedignas.com.mx\\\/wp-content\\\/uploads\\\/2023\\\/08\\\/2987640.jpg\",\"datePublished\":\"2023-08-04T16:28:43+00:00\",\"dateModified\":\"2023-08-04T16:29:34+00:00\",\"breadcrumb\":{\"@id\":\"https:\\\/\\\/fuentesfidedignas.com.mx\\\/index.php\\\/2023\\\/08\\\/04\\\/ya-son-papas-carlos-rivera-y-cynthia-rodriguez-le-dan-la-bienvenida-a-leon\\\/#breadcrumb\"},\"inLanguage\":\"es\",\"potentialAction\":[{\"@type\":\"ReadAction\",\"target\":[\"https:\\\/\\\/fuentesfidedignas.com.mx\\\/index.php\\\/2023\\\/08\\\/04\\\/ya-son-papas-carlos-rivera-y-cynthia-rodriguez-le-dan-la-bienvenida-a-leon\\\/\"]}]},{\"@type\":\"ImageObject\",\"inLanguage\":\"es\",\"@id\":\"https:\\\/\\\/fuentesfidedignas.com.mx\\\/index.php\\\/2023\\\/08\\\/04\\\/ya-son-papas-carlos-rivera-y-cynthia-rodriguez-le-dan-la-bienvenida-a-leon\\\/#primaryimage\",\"url\":\"https:\\\/\\\/fuentesfidedignas.com.mx\\\/wp-content\\\/uploads\\\/2023\\\/08\\\/2987640.jpg\",\"contentUrl\":\"https:\\\/\\\/fuentesfidedignas.com.mx\\\/wp-content\\\/uploads\\\/2023\\\/08\\\/2987640.jpg\",\"width\":800,\"height\":600},{\"@type\":\"BreadcrumbList\",\"@id\":\"https:\\\/\\\/fuentesfidedignas.com.mx\\\/index.php\\\/2023\\\/08\\\/04\\\/ya-son-papas-carlos-rivera-y-cynthia-rodriguez-le-dan-la-bienvenida-a-leon\\\/#breadcrumb\",\"itemListElement\":[{\"@type\":\"ListItem\",\"position\":1,\"name\":\"Inicio\",\"item\":\"https:\\\/\\\/fuentesfidedignas.com.mx\\\/\"},{\"@type\":\"ListItem\",\"position\":2,\"name\":\"\u00a1Ya son pap\u00e1s! Carlos Rivera y Cynthia Rodr\u00edguez le dan la bienvenida a Le\u00f3n\"}]},{\"@type\":\"WebSite\",\"@id\":\"https:\\\/\\\/fuentesfidedignas.com.mx\\\/#website\",\"url\":\"https:\\\/\\\/fuentesfidedignas.com.mx\\\/\",\"name\":\"Fuentes Fidedignas\",\"description\":\"Otro sitio realizado con WordPress\",\"publisher\":{\"@id\":\"https:\\\/\\\/fuentesfidedignas.com.mx\\\/#organization\"},\"potentialAction\":[{\"@type\":\"SearchAction\",\"target\":{\"@type\":\"EntryPoint\",\"urlTemplate\":\"https:\\\/\\\/fuentesfidedignas.com.mx\\\/?s={search_term_string}\"},\"query-input\":{\"@type\":\"PropertyValueSpecification\",\"valueRequired\":true,\"valueName\":\"search_term_string\"}}],\"inLanguage\":\"es\"},{\"@type\":\"Organization\",\"@id\":\"https:\\\/\\\/fuentesfidedignas.com.mx\\\/#organization\",\"name\":\"Fuentes Fidedignas\",\"url\":\"https:\\\/\\\/fuentesfidedignas.com.mx\\\/\",\"logo\":{\"@type\":\"ImageObject\",\"inLanguage\":\"es\",\"@id\":\"https:\\\/\\\/fuentesfidedignas.com.mx\\\/#\\\/schema\\\/logo\\\/image\\\/\",\"url\":\"https:\\\/\\\/fuentesfidedignas.com.mx\\\/wp-content\\\/uploads\\\/2021\\\/04\\\/logo-retina.png\",\"contentUrl\":\"https:\\\/\\\/fuentesfidedignas.com.mx\\\/wp-content\\\/uploads\\\/2021\\\/04\\\/logo-retina.png\",\"width\":280,\"height\":51,\"caption\":\"Fuentes Fidedignas\"},\"image\":{\"@id\":\"https:\\\/\\\/fuentesfidedignas.com.mx\\\/#\\\/schema\\\/logo\\\/image\\\/\"},\"sameAs\":[\"https:\\\/\\\/www.facebook.com\\\/Fuentes-Fidedignas-368234489921644\",\"https:\\\/\\\/x.com\\\/fidedignas\"]},{\"@type\":\"Person\",\"@id\":\"https:\\\/\\\/fuentesfidedignas.com.mx\\\/#\\\/schema\\\/person\\\/ec4edd1fbf5efa3e44fce34fe2787780\",\"name\":\"Exc\u00e9lsior\",\"image\":{\"@type\":\"ImageObject\",\"inLanguage\":\"es\",\"@id\":\"https:\\\/\\\/secure.gravatar.com\\\/avatar\\\/4b7ee9206b48be08447852b3f0814dbc7c0f3b51541b164f1464a2725614020b?s=96&d=mm&r=g\",\"url\":\"https:\\\/\\\/secure.gravatar.com\\\/avatar\\\/4b7ee9206b48be08447852b3f0814dbc7c0f3b51541b164f1464a2725614020b?s=96&d=mm&r=g\",\"contentUrl\":\"https:\\\/\\\/secure.gravatar.com\\\/avatar\\\/4b7ee9206b48be08447852b3f0814dbc7c0f3b51541b164f1464a2725614020b?s=96&d=mm&r=g\",\"caption\":\"Exc\u00e9lsior\"},\"url\":\"https:\\\/\\\/fuentesfidedignas.com.mx\\\/index.php\\\/author\\\/excelsior\\\/\"}]}<\/script>\n<!-- \/ Yoast SEO plugin. -->","yoast_head_json":{"title":"\u00a1Ya son pap\u00e1s! Carlos Rivera y Cynthia Rodr\u00edguez le dan la bienvenida a Le\u00f3n - Fuentes Fidedignas","robots":{"index":"index","follow":"follow","max-snippet":"max-snippet:-1","max-image-preview":"max-image-preview:large","max-video-preview":"max-video-preview:-1"},"canonical":"https:\/\/fuentesfidedignas.com.mx\/index.php\/2023\/08\/04\/ya-son-papas-carlos-rivera-y-cynthia-rodriguez-le-dan-la-bienvenida-a-leon\/","og_locale":"es_MX","og_type":"article","og_title":"\u00a1Ya son pap\u00e1s! Carlos Rivera y Cynthia Rodr\u00edguez le dan la bienvenida a Le\u00f3n - Fuentes Fidedignas","og_description":"Carlos Rivera y Cynthia Rodr\u00edguez viven su mejor momento en familia con el nacimiento de su beb\u00e9 Ciudad de M\u00e9xico. Carlos Rivera\u00a0y\u00a0Cynthia Rodr\u00edguez\u00a0viven el momento m\u00e1s feliz como familia ya que\u00a0le dieron la bienvenida a Le\u00f3n, quien esper\u00f3 el regreso de su pap\u00e1 a M\u00e9xico para nacer, as\u00ed lo dio a conocer el cantante en [&hellip;]","og_url":"https:\/\/fuentesfidedignas.com.mx\/index.php\/2023\/08\/04\/ya-son-papas-carlos-rivera-y-cynthia-rodriguez-le-dan-la-bienvenida-a-leon\/","og_site_name":"Fuentes Fidedignas","article_publisher":"https:\/\/www.facebook.com\/Fuentes-Fidedignas-368234489921644","article_published_time":"2023-08-04T16:28:43+00:00","article_modified_time":"2023-08-04T16:29:34+00:00","og_image":[{"width":800,"height":600,"url":"https:\/\/fuentesfidedignas.com.mx\/wp-content\/uploads\/2023\/08\/2987640.jpg","type":"image\/jpeg"}],"author":"Exc\u00e9lsior","twitter_card":"summary_large_image","twitter_creator":"@fidedignas","twitter_site":"@fidedignas","twitter_misc":{"Escrito por":"Exc\u00e9lsior","Tiempo de lectura":"2 minutos"},"schema":{"@context":"https:\/\/schema.org","@graph":[{"@type":"Article","@id":"https:\/\/fuentesfidedignas.com.mx\/index.php\/2023\/08\/04\/ya-son-papas-carlos-rivera-y-cynthia-rodriguez-le-dan-la-bienvenida-a-leon\/#article","isPartOf":{"@id":"https:\/\/fuentesfidedignas.com.mx\/index.php\/2023\/08\/04\/ya-son-papas-carlos-rivera-y-cynthia-rodriguez-le-dan-la-bienvenida-a-leon\/"},"author":{"name":"Exc\u00e9lsior","@id":"https:\/\/fuentesfidedignas.com.mx\/#\/schema\/person\/ec4edd1fbf5efa3e44fce34fe2787780"},"headline":"\u00a1Ya son pap\u00e1s! Carlos Rivera y Cynthia Rodr\u00edguez le dan la bienvenida a Le\u00f3n","datePublished":"2023-08-04T16:28:43+00:00","dateModified":"2023-08-04T16:29:34+00:00","mainEntityOfPage":{"@id":"https:\/\/fuentesfidedignas.com.mx\/index.php\/2023\/08\/04\/ya-son-papas-carlos-rivera-y-cynthia-rodriguez-le-dan-la-bienvenida-a-leon\/"},"wordCount":553,"commentCount":0,"publisher":{"@id":"https:\/\/fuentesfidedignas.com.mx\/#organization"},"image":{"@id":"https:\/\/fuentesfidedignas.com.mx\/index.php\/2023\/08\/04\/ya-son-papas-carlos-rivera-y-cynthia-rodriguez-le-dan-la-bienvenida-a-leon\/#primaryimage"},"thumbnailUrl":"https:\/\/fuentesfidedignas.com.mx\/wp-content\/uploads\/2023\/08\/2987640.jpg","articleSection":["NOTICIAS NACIONALES"],"inLanguage":"es","potentialAction":[{"@type":"CommentAction","name":"Comment","target":["https:\/\/fuentesfidedignas.com.mx\/index.php\/2023\/08\/04\/ya-son-papas-carlos-rivera-y-cynthia-rodriguez-le-dan-la-bienvenida-a-leon\/#respond"]}]},{"@type":"WebPage","@id":"https:\/\/fuentesfidedignas.com.mx\/index.php\/2023\/08\/04\/ya-son-papas-carlos-rivera-y-cynthia-rodriguez-le-dan-la-bienvenida-a-leon\/","url":"https:\/\/fuentesfidedignas.com.mx\/index.php\/2023\/08\/04\/ya-son-papas-carlos-rivera-y-cynthia-rodriguez-le-dan-la-bienvenida-a-leon\/","name":"\u00a1Ya son pap\u00e1s! Carlos Rivera y Cynthia Rodr\u00edguez le dan la bienvenida a Le\u00f3n - Fuentes Fidedignas","isPartOf":{"@id":"https:\/\/fuentesfidedignas.com.mx\/#website"},"primaryImageOfPage":{"@id":"https:\/\/fuentesfidedignas.com.mx\/index.php\/2023\/08\/04\/ya-son-papas-carlos-rivera-y-cynthia-rodriguez-le-dan-la-bienvenida-a-leon\/#primaryimage"},"image":{"@id":"https:\/\/fuentesfidedignas.com.mx\/index.php\/2023\/08\/04\/ya-son-papas-carlos-rivera-y-cynthia-rodriguez-le-dan-la-bienvenida-a-leon\/#primaryimage"},"thumbnailUrl":"https:\/\/fuentesfidedignas.com.mx\/wp-content\/uploads\/2023\/08\/2987640.jpg","datePublished":"2023-08-04T16:28:43+00:00","dateModified":"2023-08-04T16:29:34+00:00","breadcrumb":{"@id":"https:\/\/fuentesfidedignas.com.mx\/index.php\/2023\/08\/04\/ya-son-papas-carlos-rivera-y-cynthia-rodriguez-le-dan-la-bienvenida-a-leon\/#breadcrumb"},"inLanguage":"es","potentialAction":[{"@type":"ReadAction","target":["https:\/\/fuentesfidedignas.com.mx\/index.php\/2023\/08\/04\/ya-son-papas-carlos-rivera-y-cynthia-rodriguez-le-dan-la-bienvenida-a-leon\/"]}]},{"@type":"ImageObject","inLanguage":"es","@id":"https:\/\/fuentesfidedignas.com.mx\/index.php\/2023\/08\/04\/ya-son-papas-carlos-rivera-y-cynthia-rodriguez-le-dan-la-bienvenida-a-leon\/#primaryimage","url":"https:\/\/fuentesfidedignas.com.mx\/wp-content\/uploads\/2023\/08\/2987640.jpg","contentUrl":"https:\/\/fuentesfidedignas.com.mx\/wp-content\/uploads\/2023\/08\/2987640.jpg","width":800,"height":600},{"@type":"BreadcrumbList","@id":"https:\/\/fuentesfidedignas.com.mx\/index.php\/2023\/08\/04\/ya-son-papas-carlos-rivera-y-cynthia-rodriguez-le-dan-la-bienvenida-a-leon\/#breadcrumb","itemListElement":[{"@type":"ListItem","position":1,"name":"Inicio","item":"https:\/\/fuentesfidedignas.com.mx\/"},{"@type":"ListItem","position":2,"name":"\u00a1Ya son pap\u00e1s! Carlos Rivera y Cynthia Rodr\u00edguez le dan la bienvenida a Le\u00f3n"}]},{"@type":"WebSite","@id":"https:\/\/fuentesfidedignas.com.mx\/#website","url":"https:\/\/fuentesfidedignas.com.mx\/","name":"Fuentes Fidedignas","description":"Otro sitio realizado con WordPress","publisher":{"@id":"https:\/\/fuentesfidedignas.com.mx\/#organization"},"potentialAction":[{"@type":"SearchAction","target":{"@type":"EntryPoint","urlTemplate":"https:\/\/fuentesfidedignas.com.mx\/?s={search_term_string}"},"query-input":{"@type":"PropertyValueSpecification","valueRequired":true,"valueName":"search_term_string"}}],"inLanguage":"es"},{"@type":"Organization","@id":"https:\/\/fuentesfidedignas.com.mx\/#organization","name":"Fuentes Fidedignas","url":"https:\/\/fuentesfidedignas.com.mx\/","logo":{"@type":"ImageObject","inLanguage":"es","@id":"https:\/\/fuentesfidedignas.com.mx\/#\/schema\/logo\/image\/","url":"https:\/\/fuentesfidedignas.com.mx\/wp-content\/uploads\/2021\/04\/logo-retina.png","contentUrl":"https:\/\/fuentesfidedignas.com.mx\/wp-content\/uploads\/2021\/04\/logo-retina.png","width":280,"height":51,"caption":"Fuentes Fidedignas"},"image":{"@id":"https:\/\/fuentesfidedignas.com.mx\/#\/schema\/logo\/image\/"},"sameAs":["https:\/\/www.facebook.com\/Fuentes-Fidedignas-368234489921644","https:\/\/x.com\/fidedignas"]},{"@type":"Person","@id":"https:\/\/fuentesfidedignas.com.mx\/#\/schema\/person\/ec4edd1fbf5efa3e44fce34fe2787780","name":"Exc\u00e9lsior","image":{"@type":"ImageObject","inLanguage":"es","@id":"https:\/\/secure.gravatar.com\/avatar\/4b7ee9206b48be08447852b3f0814dbc7c0f3b51541b164f1464a2725614020b?s=96&d=mm&r=g","url":"https:\/\/secure.gravatar.com\/avatar\/4b7ee9206b48be08447852b3f0814dbc7c0f3b51541b164f1464a2725614020b?s=96&d=mm&r=g","contentUrl":"https:\/\/secure.gravatar.com\/avatar\/4b7ee9206b48be08447852b3f0814dbc7c0f3b51541b164f1464a2725614020b?s=96&d=mm&r=g","caption":"Exc\u00e9lsior"},"url":"https:\/\/fuentesfidedignas.com.mx\/index.php\/author\/excelsior\/"}]}},"_links":{"self":[{"href":"https:\/\/fuentesfidedignas.com.mx\/index.php\/wp-json\/wp\/v2\/posts\/54432","targetHints":{"allow":["GET"]}}],"collection":[{"href":"https:\/\/fuentesfidedignas.com.mx\/index.php\/wp-json\/wp\/v2\/posts"}],"about":[{"href":"https:\/\/fuentesfidedignas.com.mx\/index.php\/wp-json\/wp\/v2\/types\/post"}],"author":[{"embeddable":true,"href":"https:\/\/fuentesfidedignas.com.mx\/index.php\/wp-json\/wp\/v2\/users\/7"}],"replies":[{"embeddable":true,"href":"https:\/\/fuentesfidedignas.com.mx\/index.php\/wp-json\/wp\/v2\/comments?post=54432"}],"version-history":[{"count":1,"href":"https:\/\/fuentesfidedignas.com.mx\/index.php\/wp-json\/wp\/v2\/posts\/54432\/revisions"}],"predecessor-version":[{"id":54433,"href":"https:\/\/fuentesfidedignas.com.mx\/index.php\/wp-json\/wp\/v2\/posts\/54432\/revisions\/54433"}],"wp:featuredmedia":[{"embeddable":true,"href":"https:\/\/fuentesfidedignas.com.mx\/index.php\/wp-json\/wp\/v2\/media\/54434"}],"wp:attachment":[{"href":"https:\/\/fuentesfidedignas.com.mx\/index.php\/wp-json\/wp\/v2\/media?parent=54432"}],"wp:term":[{"taxonomy":"category","embeddable":true,"href":"https:\/\/fuentesfidedignas.com.mx\/index.php\/wp-json\/wp\/v2\/categories?post=54432"},{"taxonomy":"post_tag","embeddable":true,"href":"https:\/\/fuentesfidedignas.com.mx\/index.php\/wp-json\/wp\/v2\/tags?post=54432"}],"curies":[{"name":"wp","href":"https:\/\/api.w.org\/{rel}","templated":true}]}}