{"id":54403,"date":"2023-08-03T18:15:16","date_gmt":"2023-08-04T01:15:16","guid":{"rendered":"https:\/\/fuentesfidedignas.com.mx\/?p=54403"},"modified":"2023-08-03T18:15:54","modified_gmt":"2023-08-04T01:15:54","slug":"sergio-corona-fue-hospitalizado-de-emergencia-tras-sufrir-un-infarto","status":"publish","type":"post","link":"https:\/\/fuentesfidedignas.com.mx\/index.php\/2023\/08\/03\/sergio-corona-fue-hospitalizado-de-emergencia-tras-sufrir-un-infarto\/","title":{"rendered":"Sergio Corona fue hospitalizado de emergencia tras sufrir un infarto"},"content":{"rendered":"\n<p><strong><em>El primer actor Sergio Corona fue hospitalizado de emergencia tras haber sufrido un infarto mientras se encontraba en su casa<\/em><\/strong><\/p>\n\n\n\n<p>Ciudad de M\u00e9xico. El primer actor\u00a0<strong>Sergio Corona<\/strong>\u00a0fue hospitalizado de emergencia tras haber sufrido un infarto.<\/p>\n\n\n\n<p>Fue el periodista Joel O\u2019Farril quien en su programa de radio relat\u00f3 que una persona cercana al actor de 94 a\u00f1os le cont\u00f3 que hace unos d\u00edas\u00a0<strong>sufri\u00f3 un infarto<\/strong>, pero que actualmente se encuentra en recuperaci\u00f3n.<\/p>\n\n\n\n<blockquote class=\"wp-block-quote is-layout-flow wp-block-quote-is-layout-flow\">\n<p>&#8220;Don Sergio, me dicen, sufri\u00f3 un infarto. No tengo la fecha exacta, pero fue en la segunda quincena de julio, probablemente, en los primeros d\u00edas de esta segunda quincena\u201d, mencion\u00f3.<\/p>\n<\/blockquote>\n\n\n\n<p>De acuerdo a O\u2019Farrill, Corona logr\u00f3 asistir el 12 julio a los\u00a0<strong>premios Grandeza Hispana<\/strong>\u00a0acompa\u00f1ado por Genoveva Mart\u00ednez, productora de Como dice el dicho.<\/p>\n\n\n\n<blockquote class=\"wp-block-quote is-layout-flow wp-block-quote-is-layout-flow\">\n<p>Me dicen que don Sergio se encontraba en su casa, le vino el infarto, fue hospitalizado en una instituci\u00f3n privada. Me dicen que no fue en estos hospitales donde tradicionalmente van los actores de la ANDA porque ya no hay servicio\u201d<\/p>\n<\/blockquote>\n\n\n\n<p>La familia del actor se encarg\u00f3 de buscar un hospital privado donde\u00a0<strong>pas\u00f3 algunos d\u00edas para recuperarse<\/strong>.<\/p>\n\n\n\n<blockquote class=\"wp-block-quote is-layout-flow wp-block-quote-is-layout-flow\">\n<p>Lo que me cuentan es que, afortunadamente, se recuper\u00f3, sali\u00f3 adelante y regres\u00f3 a su casa. En este momento \u00e9l se encuentra tratando de estar lo m\u00e1s tranquilo posible, su tel\u00e9fono m\u00f3vil lo tiene apagado y en el tel\u00e9fono fijo \u00fanicamente recibe llamadas de personas contadas con el fin de que se encuentre lo m\u00e1s tranquilo posible\u201d<\/p>\n<\/blockquote>\n\n\n\n<p>Gracias a su familia,&nbsp;<strong>Corona logr\u00f3 pagar la cuenta<\/strong>&nbsp;de hospital.<\/p>\n","protected":false},"excerpt":{"rendered":"<p>El primer actor Sergio Corona fue hospitalizado de emergencia tras haber sufrido un infarto mientras se encontraba en su casa Ciudad de M\u00e9xico. El primer actor\u00a0Sergio Corona\u00a0fue hospitalizado de emergencia tras haber sufrido un infarto. Fue el periodista Joel O\u2019Farril quien en su programa de radio relat\u00f3 que una persona cercana al actor de 94 [&hellip;]<\/p>\n","protected":false},"author":7,"featured_media":54405,"comment_status":"open","ping_status":"open","sticky":false,"template":"","format":"standard","meta":{"tdm_status":"","tdm_grid_status":"","footnotes":""},"categories":[39,1],"tags":[],"class_list":{"0":"post-54403","1":"post","2":"type-post","3":"status-publish","4":"format-standard","5":"has-post-thumbnail","7":"category-noticias-nacionales","8":"category-sin-categoria"},"yoast_head":"<!-- This site is optimized with the Yoast SEO plugin v27.5 - https:\/\/yoast.com\/product\/yoast-seo-wordpress\/ -->\n<title>Sergio Corona fue hospitalizado de emergencia tras sufrir un infarto - Fuentes Fidedignas<\/title>\n<meta name=\"robots\" content=\"index, follow, max-snippet:-1, max-image-preview:large, max-video-preview:-1\" \/>\n<link rel=\"canonical\" href=\"https:\/\/fuentesfidedignas.com.mx\/index.php\/2023\/08\/03\/sergio-corona-fue-hospitalizado-de-emergencia-tras-sufrir-un-infarto\/\" \/>\n<meta property=\"og:locale\" content=\"es_MX\" \/>\n<meta property=\"og:type\" content=\"article\" \/>\n<meta property=\"og:title\" content=\"Sergio Corona fue hospitalizado de emergencia tras sufrir un infarto - Fuentes Fidedignas\" \/>\n<meta property=\"og:description\" content=\"El primer actor Sergio Corona fue hospitalizado de emergencia tras haber sufrido un infarto mientras se encontraba en su casa Ciudad de M\u00e9xico. El primer actor\u00a0Sergio Corona\u00a0fue hospitalizado de emergencia tras haber sufrido un infarto. Fue el periodista Joel O\u2019Farril quien en su programa de radio relat\u00f3 que una persona cercana al actor de 94 [&hellip;]\" \/>\n<meta property=\"og:url\" content=\"https:\/\/fuentesfidedignas.com.mx\/index.php\/2023\/08\/03\/sergio-corona-fue-hospitalizado-de-emergencia-tras-sufrir-un-infarto\/\" \/>\n<meta property=\"og:site_name\" content=\"Fuentes Fidedignas\" \/>\n<meta property=\"article:publisher\" content=\"https:\/\/www.facebook.com\/Fuentes-Fidedignas-368234489921644\" \/>\n<meta property=\"article:published_time\" content=\"2023-08-04T01:15:16+00:00\" \/>\n<meta property=\"article:modified_time\" content=\"2023-08-04T01:15:54+00:00\" \/>\n<meta property=\"og:image\" content=\"https:\/\/fuentesfidedignas.com.mx\/wp-content\/uploads\/2023\/08\/2987399.jpg\" \/>\n\t<meta property=\"og:image:width\" content=\"800\" \/>\n\t<meta property=\"og:image:height\" content=\"600\" \/>\n\t<meta property=\"og:image:type\" content=\"image\/jpeg\" \/>\n<meta name=\"author\" content=\"Exc\u00e9lsior\" \/>\n<meta name=\"twitter:card\" content=\"summary_large_image\" \/>\n<meta name=\"twitter:creator\" content=\"@fidedignas\" \/>\n<meta name=\"twitter:site\" content=\"@fidedignas\" \/>\n<meta name=\"twitter:label1\" content=\"Escrito por\" \/>\n\t<meta name=\"twitter:data1\" content=\"Exc\u00e9lsior\" \/>\n\t<meta name=\"twitter:label2\" content=\"Tiempo de lectura\" \/>\n\t<meta name=\"twitter:data2\" content=\"1 minuto\" \/>\n<script type=\"application\/ld+json\" class=\"yoast-schema-graph\">{\"@context\":\"https:\\\/\\\/schema.org\",\"@graph\":[{\"@type\":\"Article\",\"@id\":\"https:\\\/\\\/fuentesfidedignas.com.mx\\\/index.php\\\/2023\\\/08\\\/03\\\/sergio-corona-fue-hospitalizado-de-emergencia-tras-sufrir-un-infarto\\\/#article\",\"isPartOf\":{\"@id\":\"https:\\\/\\\/fuentesfidedignas.com.mx\\\/index.php\\\/2023\\\/08\\\/03\\\/sergio-corona-fue-hospitalizado-de-emergencia-tras-sufrir-un-infarto\\\/\"},\"author\":{\"name\":\"Exc\u00e9lsior\",\"@id\":\"https:\\\/\\\/fuentesfidedignas.com.mx\\\/#\\\/schema\\\/person\\\/ec4edd1fbf5efa3e44fce34fe2787780\"},\"headline\":\"Sergio Corona fue hospitalizado de emergencia tras sufrir un infarto\",\"datePublished\":\"2023-08-04T01:15:16+00:00\",\"dateModified\":\"2023-08-04T01:15:54+00:00\",\"mainEntityOfPage\":{\"@id\":\"https:\\\/\\\/fuentesfidedignas.com.mx\\\/index.php\\\/2023\\\/08\\\/03\\\/sergio-corona-fue-hospitalizado-de-emergencia-tras-sufrir-un-infarto\\\/\"},\"wordCount\":281,\"commentCount\":0,\"publisher\":{\"@id\":\"https:\\\/\\\/fuentesfidedignas.com.mx\\\/#organization\"},\"image\":{\"@id\":\"https:\\\/\\\/fuentesfidedignas.com.mx\\\/index.php\\\/2023\\\/08\\\/03\\\/sergio-corona-fue-hospitalizado-de-emergencia-tras-sufrir-un-infarto\\\/#primaryimage\"},\"thumbnailUrl\":\"https:\\\/\\\/fuentesfidedignas.com.mx\\\/wp-content\\\/uploads\\\/2023\\\/08\\\/2987399.jpg\",\"articleSection\":[\"NOTICIAS NACIONALES\"],\"inLanguage\":\"es\",\"potentialAction\":[{\"@type\":\"CommentAction\",\"name\":\"Comment\",\"target\":[\"https:\\\/\\\/fuentesfidedignas.com.mx\\\/index.php\\\/2023\\\/08\\\/03\\\/sergio-corona-fue-hospitalizado-de-emergencia-tras-sufrir-un-infarto\\\/#respond\"]}]},{\"@type\":\"WebPage\",\"@id\":\"https:\\\/\\\/fuentesfidedignas.com.mx\\\/index.php\\\/2023\\\/08\\\/03\\\/sergio-corona-fue-hospitalizado-de-emergencia-tras-sufrir-un-infarto\\\/\",\"url\":\"https:\\\/\\\/fuentesfidedignas.com.mx\\\/index.php\\\/2023\\\/08\\\/03\\\/sergio-corona-fue-hospitalizado-de-emergencia-tras-sufrir-un-infarto\\\/\",\"name\":\"Sergio Corona fue hospitalizado de emergencia tras sufrir un infarto - Fuentes Fidedignas\",\"isPartOf\":{\"@id\":\"https:\\\/\\\/fuentesfidedignas.com.mx\\\/#website\"},\"primaryImageOfPage\":{\"@id\":\"https:\\\/\\\/fuentesfidedignas.com.mx\\\/index.php\\\/2023\\\/08\\\/03\\\/sergio-corona-fue-hospitalizado-de-emergencia-tras-sufrir-un-infarto\\\/#primaryimage\"},\"image\":{\"@id\":\"https:\\\/\\\/fuentesfidedignas.com.mx\\\/index.php\\\/2023\\\/08\\\/03\\\/sergio-corona-fue-hospitalizado-de-emergencia-tras-sufrir-un-infarto\\\/#primaryimage\"},\"thumbnailUrl\":\"https:\\\/\\\/fuentesfidedignas.com.mx\\\/wp-content\\\/uploads\\\/2023\\\/08\\\/2987399.jpg\",\"datePublished\":\"2023-08-04T01:15:16+00:00\",\"dateModified\":\"2023-08-04T01:15:54+00:00\",\"breadcrumb\":{\"@id\":\"https:\\\/\\\/fuentesfidedignas.com.mx\\\/index.php\\\/2023\\\/08\\\/03\\\/sergio-corona-fue-hospitalizado-de-emergencia-tras-sufrir-un-infarto\\\/#breadcrumb\"},\"inLanguage\":\"es\",\"potentialAction\":[{\"@type\":\"ReadAction\",\"target\":[\"https:\\\/\\\/fuentesfidedignas.com.mx\\\/index.php\\\/2023\\\/08\\\/03\\\/sergio-corona-fue-hospitalizado-de-emergencia-tras-sufrir-un-infarto\\\/\"]}]},{\"@type\":\"ImageObject\",\"inLanguage\":\"es\",\"@id\":\"https:\\\/\\\/fuentesfidedignas.com.mx\\\/index.php\\\/2023\\\/08\\\/03\\\/sergio-corona-fue-hospitalizado-de-emergencia-tras-sufrir-un-infarto\\\/#primaryimage\",\"url\":\"https:\\\/\\\/fuentesfidedignas.com.mx\\\/wp-content\\\/uploads\\\/2023\\\/08\\\/2987399.jpg\",\"contentUrl\":\"https:\\\/\\\/fuentesfidedignas.com.mx\\\/wp-content\\\/uploads\\\/2023\\\/08\\\/2987399.jpg\",\"width\":800,\"height\":600},{\"@type\":\"BreadcrumbList\",\"@id\":\"https:\\\/\\\/fuentesfidedignas.com.mx\\\/index.php\\\/2023\\\/08\\\/03\\\/sergio-corona-fue-hospitalizado-de-emergencia-tras-sufrir-un-infarto\\\/#breadcrumb\",\"itemListElement\":[{\"@type\":\"ListItem\",\"position\":1,\"name\":\"Inicio\",\"item\":\"https:\\\/\\\/fuentesfidedignas.com.mx\\\/\"},{\"@type\":\"ListItem\",\"position\":2,\"name\":\"Sergio Corona fue hospitalizado de emergencia tras sufrir un infarto\"}]},{\"@type\":\"WebSite\",\"@id\":\"https:\\\/\\\/fuentesfidedignas.com.mx\\\/#website\",\"url\":\"https:\\\/\\\/fuentesfidedignas.com.mx\\\/\",\"name\":\"Fuentes Fidedignas\",\"description\":\"Otro sitio realizado con WordPress\",\"publisher\":{\"@id\":\"https:\\\/\\\/fuentesfidedignas.com.mx\\\/#organization\"},\"potentialAction\":[{\"@type\":\"SearchAction\",\"target\":{\"@type\":\"EntryPoint\",\"urlTemplate\":\"https:\\\/\\\/fuentesfidedignas.com.mx\\\/?s={search_term_string}\"},\"query-input\":{\"@type\":\"PropertyValueSpecification\",\"valueRequired\":true,\"valueName\":\"search_term_string\"}}],\"inLanguage\":\"es\"},{\"@type\":\"Organization\",\"@id\":\"https:\\\/\\\/fuentesfidedignas.com.mx\\\/#organization\",\"name\":\"Fuentes Fidedignas\",\"url\":\"https:\\\/\\\/fuentesfidedignas.com.mx\\\/\",\"logo\":{\"@type\":\"ImageObject\",\"inLanguage\":\"es\",\"@id\":\"https:\\\/\\\/fuentesfidedignas.com.mx\\\/#\\\/schema\\\/logo\\\/image\\\/\",\"url\":\"https:\\\/\\\/fuentesfidedignas.com.mx\\\/wp-content\\\/uploads\\\/2021\\\/04\\\/logo-retina.png\",\"contentUrl\":\"https:\\\/\\\/fuentesfidedignas.com.mx\\\/wp-content\\\/uploads\\\/2021\\\/04\\\/logo-retina.png\",\"width\":280,\"height\":51,\"caption\":\"Fuentes Fidedignas\"},\"image\":{\"@id\":\"https:\\\/\\\/fuentesfidedignas.com.mx\\\/#\\\/schema\\\/logo\\\/image\\\/\"},\"sameAs\":[\"https:\\\/\\\/www.facebook.com\\\/Fuentes-Fidedignas-368234489921644\",\"https:\\\/\\\/x.com\\\/fidedignas\"]},{\"@type\":\"Person\",\"@id\":\"https:\\\/\\\/fuentesfidedignas.com.mx\\\/#\\\/schema\\\/person\\\/ec4edd1fbf5efa3e44fce34fe2787780\",\"name\":\"Exc\u00e9lsior\",\"image\":{\"@type\":\"ImageObject\",\"inLanguage\":\"es\",\"@id\":\"https:\\\/\\\/secure.gravatar.com\\\/avatar\\\/4b7ee9206b48be08447852b3f0814dbc7c0f3b51541b164f1464a2725614020b?s=96&d=mm&r=g\",\"url\":\"https:\\\/\\\/secure.gravatar.com\\\/avatar\\\/4b7ee9206b48be08447852b3f0814dbc7c0f3b51541b164f1464a2725614020b?s=96&d=mm&r=g\",\"contentUrl\":\"https:\\\/\\\/secure.gravatar.com\\\/avatar\\\/4b7ee9206b48be08447852b3f0814dbc7c0f3b51541b164f1464a2725614020b?s=96&d=mm&r=g\",\"caption\":\"Exc\u00e9lsior\"},\"url\":\"https:\\\/\\\/fuentesfidedignas.com.mx\\\/index.php\\\/author\\\/excelsior\\\/\"}]}<\/script>\n<!-- \/ Yoast SEO plugin. -->","yoast_head_json":{"title":"Sergio Corona fue hospitalizado de emergencia tras sufrir un infarto - Fuentes Fidedignas","robots":{"index":"index","follow":"follow","max-snippet":"max-snippet:-1","max-image-preview":"max-image-preview:large","max-video-preview":"max-video-preview:-1"},"canonical":"https:\/\/fuentesfidedignas.com.mx\/index.php\/2023\/08\/03\/sergio-corona-fue-hospitalizado-de-emergencia-tras-sufrir-un-infarto\/","og_locale":"es_MX","og_type":"article","og_title":"Sergio Corona fue hospitalizado de emergencia tras sufrir un infarto - Fuentes Fidedignas","og_description":"El primer actor Sergio Corona fue hospitalizado de emergencia tras haber sufrido un infarto mientras se encontraba en su casa Ciudad de M\u00e9xico. El primer actor\u00a0Sergio Corona\u00a0fue hospitalizado de emergencia tras haber sufrido un infarto. Fue el periodista Joel O\u2019Farril quien en su programa de radio relat\u00f3 que una persona cercana al actor de 94 [&hellip;]","og_url":"https:\/\/fuentesfidedignas.com.mx\/index.php\/2023\/08\/03\/sergio-corona-fue-hospitalizado-de-emergencia-tras-sufrir-un-infarto\/","og_site_name":"Fuentes Fidedignas","article_publisher":"https:\/\/www.facebook.com\/Fuentes-Fidedignas-368234489921644","article_published_time":"2023-08-04T01:15:16+00:00","article_modified_time":"2023-08-04T01:15:54+00:00","og_image":[{"width":800,"height":600,"url":"https:\/\/fuentesfidedignas.com.mx\/wp-content\/uploads\/2023\/08\/2987399.jpg","type":"image\/jpeg"}],"author":"Exc\u00e9lsior","twitter_card":"summary_large_image","twitter_creator":"@fidedignas","twitter_site":"@fidedignas","twitter_misc":{"Escrito por":"Exc\u00e9lsior","Tiempo de lectura":"1 minuto"},"schema":{"@context":"https:\/\/schema.org","@graph":[{"@type":"Article","@id":"https:\/\/fuentesfidedignas.com.mx\/index.php\/2023\/08\/03\/sergio-corona-fue-hospitalizado-de-emergencia-tras-sufrir-un-infarto\/#article","isPartOf":{"@id":"https:\/\/fuentesfidedignas.com.mx\/index.php\/2023\/08\/03\/sergio-corona-fue-hospitalizado-de-emergencia-tras-sufrir-un-infarto\/"},"author":{"name":"Exc\u00e9lsior","@id":"https:\/\/fuentesfidedignas.com.mx\/#\/schema\/person\/ec4edd1fbf5efa3e44fce34fe2787780"},"headline":"Sergio Corona fue hospitalizado de emergencia tras sufrir un infarto","datePublished":"2023-08-04T01:15:16+00:00","dateModified":"2023-08-04T01:15:54+00:00","mainEntityOfPage":{"@id":"https:\/\/fuentesfidedignas.com.mx\/index.php\/2023\/08\/03\/sergio-corona-fue-hospitalizado-de-emergencia-tras-sufrir-un-infarto\/"},"wordCount":281,"commentCount":0,"publisher":{"@id":"https:\/\/fuentesfidedignas.com.mx\/#organization"},"image":{"@id":"https:\/\/fuentesfidedignas.com.mx\/index.php\/2023\/08\/03\/sergio-corona-fue-hospitalizado-de-emergencia-tras-sufrir-un-infarto\/#primaryimage"},"thumbnailUrl":"https:\/\/fuentesfidedignas.com.mx\/wp-content\/uploads\/2023\/08\/2987399.jpg","articleSection":["NOTICIAS NACIONALES"],"inLanguage":"es","potentialAction":[{"@type":"CommentAction","name":"Comment","target":["https:\/\/fuentesfidedignas.com.mx\/index.php\/2023\/08\/03\/sergio-corona-fue-hospitalizado-de-emergencia-tras-sufrir-un-infarto\/#respond"]}]},{"@type":"WebPage","@id":"https:\/\/fuentesfidedignas.com.mx\/index.php\/2023\/08\/03\/sergio-corona-fue-hospitalizado-de-emergencia-tras-sufrir-un-infarto\/","url":"https:\/\/fuentesfidedignas.com.mx\/index.php\/2023\/08\/03\/sergio-corona-fue-hospitalizado-de-emergencia-tras-sufrir-un-infarto\/","name":"Sergio Corona fue hospitalizado de emergencia tras sufrir un infarto - Fuentes Fidedignas","isPartOf":{"@id":"https:\/\/fuentesfidedignas.com.mx\/#website"},"primaryImageOfPage":{"@id":"https:\/\/fuentesfidedignas.com.mx\/index.php\/2023\/08\/03\/sergio-corona-fue-hospitalizado-de-emergencia-tras-sufrir-un-infarto\/#primaryimage"},"image":{"@id":"https:\/\/fuentesfidedignas.com.mx\/index.php\/2023\/08\/03\/sergio-corona-fue-hospitalizado-de-emergencia-tras-sufrir-un-infarto\/#primaryimage"},"thumbnailUrl":"https:\/\/fuentesfidedignas.com.mx\/wp-content\/uploads\/2023\/08\/2987399.jpg","datePublished":"2023-08-04T01:15:16+00:00","dateModified":"2023-08-04T01:15:54+00:00","breadcrumb":{"@id":"https:\/\/fuentesfidedignas.com.mx\/index.php\/2023\/08\/03\/sergio-corona-fue-hospitalizado-de-emergencia-tras-sufrir-un-infarto\/#breadcrumb"},"inLanguage":"es","potentialAction":[{"@type":"ReadAction","target":["https:\/\/fuentesfidedignas.com.mx\/index.php\/2023\/08\/03\/sergio-corona-fue-hospitalizado-de-emergencia-tras-sufrir-un-infarto\/"]}]},{"@type":"ImageObject","inLanguage":"es","@id":"https:\/\/fuentesfidedignas.com.mx\/index.php\/2023\/08\/03\/sergio-corona-fue-hospitalizado-de-emergencia-tras-sufrir-un-infarto\/#primaryimage","url":"https:\/\/fuentesfidedignas.com.mx\/wp-content\/uploads\/2023\/08\/2987399.jpg","contentUrl":"https:\/\/fuentesfidedignas.com.mx\/wp-content\/uploads\/2023\/08\/2987399.jpg","width":800,"height":600},{"@type":"BreadcrumbList","@id":"https:\/\/fuentesfidedignas.com.mx\/index.php\/2023\/08\/03\/sergio-corona-fue-hospitalizado-de-emergencia-tras-sufrir-un-infarto\/#breadcrumb","itemListElement":[{"@type":"ListItem","position":1,"name":"Inicio","item":"https:\/\/fuentesfidedignas.com.mx\/"},{"@type":"ListItem","position":2,"name":"Sergio Corona fue hospitalizado de emergencia tras sufrir un infarto"}]},{"@type":"WebSite","@id":"https:\/\/fuentesfidedignas.com.mx\/#website","url":"https:\/\/fuentesfidedignas.com.mx\/","name":"Fuentes Fidedignas","description":"Otro sitio realizado con WordPress","publisher":{"@id":"https:\/\/fuentesfidedignas.com.mx\/#organization"},"potentialAction":[{"@type":"SearchAction","target":{"@type":"EntryPoint","urlTemplate":"https:\/\/fuentesfidedignas.com.mx\/?s={search_term_string}"},"query-input":{"@type":"PropertyValueSpecification","valueRequired":true,"valueName":"search_term_string"}}],"inLanguage":"es"},{"@type":"Organization","@id":"https:\/\/fuentesfidedignas.com.mx\/#organization","name":"Fuentes Fidedignas","url":"https:\/\/fuentesfidedignas.com.mx\/","logo":{"@type":"ImageObject","inLanguage":"es","@id":"https:\/\/fuentesfidedignas.com.mx\/#\/schema\/logo\/image\/","url":"https:\/\/fuentesfidedignas.com.mx\/wp-content\/uploads\/2021\/04\/logo-retina.png","contentUrl":"https:\/\/fuentesfidedignas.com.mx\/wp-content\/uploads\/2021\/04\/logo-retina.png","width":280,"height":51,"caption":"Fuentes Fidedignas"},"image":{"@id":"https:\/\/fuentesfidedignas.com.mx\/#\/schema\/logo\/image\/"},"sameAs":["https:\/\/www.facebook.com\/Fuentes-Fidedignas-368234489921644","https:\/\/x.com\/fidedignas"]},{"@type":"Person","@id":"https:\/\/fuentesfidedignas.com.mx\/#\/schema\/person\/ec4edd1fbf5efa3e44fce34fe2787780","name":"Exc\u00e9lsior","image":{"@type":"ImageObject","inLanguage":"es","@id":"https:\/\/secure.gravatar.com\/avatar\/4b7ee9206b48be08447852b3f0814dbc7c0f3b51541b164f1464a2725614020b?s=96&d=mm&r=g","url":"https:\/\/secure.gravatar.com\/avatar\/4b7ee9206b48be08447852b3f0814dbc7c0f3b51541b164f1464a2725614020b?s=96&d=mm&r=g","contentUrl":"https:\/\/secure.gravatar.com\/avatar\/4b7ee9206b48be08447852b3f0814dbc7c0f3b51541b164f1464a2725614020b?s=96&d=mm&r=g","caption":"Exc\u00e9lsior"},"url":"https:\/\/fuentesfidedignas.com.mx\/index.php\/author\/excelsior\/"}]}},"_links":{"self":[{"href":"https:\/\/fuentesfidedignas.com.mx\/index.php\/wp-json\/wp\/v2\/posts\/54403","targetHints":{"allow":["GET"]}}],"collection":[{"href":"https:\/\/fuentesfidedignas.com.mx\/index.php\/wp-json\/wp\/v2\/posts"}],"about":[{"href":"https:\/\/fuentesfidedignas.com.mx\/index.php\/wp-json\/wp\/v2\/types\/post"}],"author":[{"embeddable":true,"href":"https:\/\/fuentesfidedignas.com.mx\/index.php\/wp-json\/wp\/v2\/users\/7"}],"replies":[{"embeddable":true,"href":"https:\/\/fuentesfidedignas.com.mx\/index.php\/wp-json\/wp\/v2\/comments?post=54403"}],"version-history":[{"count":1,"href":"https:\/\/fuentesfidedignas.com.mx\/index.php\/wp-json\/wp\/v2\/posts\/54403\/revisions"}],"predecessor-version":[{"id":54404,"href":"https:\/\/fuentesfidedignas.com.mx\/index.php\/wp-json\/wp\/v2\/posts\/54403\/revisions\/54404"}],"wp:featuredmedia":[{"embeddable":true,"href":"https:\/\/fuentesfidedignas.com.mx\/index.php\/wp-json\/wp\/v2\/media\/54405"}],"wp:attachment":[{"href":"https:\/\/fuentesfidedignas.com.mx\/index.php\/wp-json\/wp\/v2\/media?parent=54403"}],"wp:term":[{"taxonomy":"category","embeddable":true,"href":"https:\/\/fuentesfidedignas.com.mx\/index.php\/wp-json\/wp\/v2\/categories?post=54403"},{"taxonomy":"post_tag","embeddable":true,"href":"https:\/\/fuentesfidedignas.com.mx\/index.php\/wp-json\/wp\/v2\/tags?post=54403"}],"curies":[{"name":"wp","href":"https:\/\/api.w.org\/{rel}","templated":true}]}}