{"id":54400,"date":"2023-08-03T18:09:56","date_gmt":"2023-08-04T01:09:56","guid":{"rendered":"https:\/\/fuentesfidedignas.com.mx\/?p=54400"},"modified":"2023-08-03T18:10:33","modified_gmt":"2023-08-04T01:10:33","slug":"altas-temperaturas-un-riesgo-en-hospitales-de-sinaloa-mario-zamora","status":"publish","type":"post","link":"https:\/\/fuentesfidedignas.com.mx\/index.php\/2023\/08\/03\/altas-temperaturas-un-riesgo-en-hospitales-de-sinaloa-mario-zamora\/","title":{"rendered":"Altas temperaturas un riesgo en Hospitales de Sinaloa: Mario Zamora"},"content":{"rendered":"\n<p><strong><em>Se report\u00f3 el incremento de pacientes en un 200% en el Hospital Pedi\u00e1trico de Sinaloa<\/em><\/strong><\/p>\n\n\n\n<p>Ciudad de M\u00e9xico. El senador Zamora expres\u00f3 que lamentablemente las olas de calor en el pa\u00eds ocasionaron el deceso de 10 sinaloenses, el incremento de pacientes en un 200% en el Hospital Pedi\u00e1trico de Sinaloa, en suma, a la alta demanda de energ\u00eda el\u00e9ctrica y los apagones ocasionados por esta.<\/p>\n\n\n\n<p>Durante la sesi\u00f3n de este martes de la Comisi\u00f3n Permanente del H. Congreso de la Uni\u00f3n, el senador Mario Zamora llev\u00f3 a la m\u00e1xima tribuna la situaci\u00f3n que se vive en los hospitales de Sinaloa debido a las altas temperaturas, en donde algunos no cuentan con aires acondicionados y otros no sirven.<\/p>\n\n\n\n<p>Se\u00f1al\u00f3 que en los \u00faltimos d\u00edas, pacientes, familiares y personal que labora en el Hospital General 49 del IMSS en Los Mochis, han denunciado que el aire acondicionado no funciona desde hace tiempo, por lo que se han visto en la necesidad de ingresar ventiladores y abanicos, e incluso, han manifestado que las condiciones son inhumanas para el paciente.<\/p>\n\n\n\n<p>Adem\u00e1s, dijo que tambi\u00e9n el Hospital del ISSSTE de Guasave, tiene m\u00e1s de tres meses que no cuenta con aire acondicionado, a pesar de que ya se hizo el reporte en Culiac\u00e1n; y solo el Hospital del IMSS-Bienestar de Escuinapa, se pudo resolver el problema hace unos d\u00edas, tras m\u00e1s de un a\u00f1o sin aire acondicionado. Indic\u00f3 que esta situaci\u00f3n de altas temperaturas conjugada con las diversas patolog\u00edas de los pacientes puede agravar a\u00fan m\u00e1s su estado de salud, de ah\u00ed la importancia de resolver este importante tema.<\/p>\n\n\n\n<p>Ante ello, propuso un punto de acuerdo para solicitar al titular de la Secretar\u00eda de Salud y a sus hom\u00f3logas en las entidades federativas, al IMSS y al ISSSTE, remitan un informe sobre el estado que guarda la instalaci\u00f3n, mantenimiento y funcionamiento de los sistemas de aire acondicionado y de enfriamiento en las cl\u00ednicas, unidades m\u00e9dicas y hospitales del pa\u00eds; as\u00ed como, para que dise\u00f1en y ejecuten un programa de instalaci\u00f3n y mantenimiento de los sistemas de aire acondicionado y de enfriamiento, que permita mejorar la calidad en la atenci\u00f3n m\u00e9dica y evitar un afectaci\u00f3n mayor en la salud de los pacientes.<\/p>\n\n\n\n<p>Finalmente, resalt\u00f3 la importancia de mantener en \u00f3ptimas condiciones la infraestructura hospitalaria, a fin de mejorar la calidad del servicio hacia los paciente; hizo un llamado a las autoridades para que tengan voluntad pol\u00edtica y atiendan este rubro tan importante.<\/p>\n\n\n\n<ul class=\"wp-block-list\">\n<li><\/li>\n<\/ul>\n","protected":false},"excerpt":{"rendered":"<p>Se report\u00f3 el incremento de pacientes en un 200% en el Hospital Pedi\u00e1trico de Sinaloa Ciudad de M\u00e9xico. El senador Zamora expres\u00f3 que lamentablemente las olas de calor en el pa\u00eds ocasionaron el deceso de 10 sinaloenses, el incremento de pacientes en un 200% en el Hospital Pedi\u00e1trico de Sinaloa, en suma, a la alta [&hellip;]<\/p>\n","protected":false},"author":4,"featured_media":54402,"comment_status":"open","ping_status":"open","sticky":false,"template":"","format":"standard","meta":{"tdm_status":"","tdm_grid_status":"","footnotes":""},"categories":[38,1],"tags":[],"class_list":{"0":"post-54400","1":"post","2":"type-post","3":"status-publish","4":"format-standard","5":"has-post-thumbnail","7":"category-noticias-locales","8":"category-sin-categoria"},"yoast_head":"<!-- This site is optimized with the Yoast SEO plugin v27.5 - https:\/\/yoast.com\/product\/yoast-seo-wordpress\/ -->\n<title>Altas temperaturas un riesgo en Hospitales de Sinaloa: Mario Zamora - Fuentes Fidedignas<\/title>\n<meta name=\"robots\" content=\"index, follow, max-snippet:-1, max-image-preview:large, max-video-preview:-1\" \/>\n<link rel=\"canonical\" href=\"https:\/\/fuentesfidedignas.com.mx\/index.php\/2023\/08\/03\/altas-temperaturas-un-riesgo-en-hospitales-de-sinaloa-mario-zamora\/\" \/>\n<meta property=\"og:locale\" content=\"es_MX\" \/>\n<meta property=\"og:type\" content=\"article\" \/>\n<meta property=\"og:title\" content=\"Altas temperaturas un riesgo en Hospitales de Sinaloa: Mario Zamora - Fuentes Fidedignas\" \/>\n<meta property=\"og:description\" content=\"Se report\u00f3 el incremento de pacientes en un 200% en el Hospital Pedi\u00e1trico de Sinaloa Ciudad de M\u00e9xico. El senador Zamora expres\u00f3 que lamentablemente las olas de calor en el pa\u00eds ocasionaron el deceso de 10 sinaloenses, el incremento de pacientes en un 200% en el Hospital Pedi\u00e1trico de Sinaloa, en suma, a la alta [&hellip;]\" \/>\n<meta property=\"og:url\" content=\"https:\/\/fuentesfidedignas.com.mx\/index.php\/2023\/08\/03\/altas-temperaturas-un-riesgo-en-hospitales-de-sinaloa-mario-zamora\/\" \/>\n<meta property=\"og:site_name\" content=\"Fuentes Fidedignas\" \/>\n<meta property=\"article:publisher\" content=\"https:\/\/www.facebook.com\/Fuentes-Fidedignas-368234489921644\" \/>\n<meta property=\"article:published_time\" content=\"2023-08-04T01:09:56+00:00\" \/>\n<meta property=\"article:modified_time\" content=\"2023-08-04T01:10:33+00:00\" \/>\n<meta property=\"og:image\" content=\"https:\/\/fuentesfidedignas.com.mx\/wp-content\/uploads\/2023\/08\/images-1-2.jpeg\" \/>\n\t<meta property=\"og:image:width\" content=\"534\" \/>\n\t<meta property=\"og:image:height\" content=\"346\" \/>\n\t<meta property=\"og:image:type\" content=\"image\/jpeg\" \/>\n<meta name=\"author\" content=\"Redacci\u00f3n\" \/>\n<meta name=\"twitter:card\" content=\"summary_large_image\" \/>\n<meta name=\"twitter:creator\" content=\"@fidedignas\" \/>\n<meta name=\"twitter:site\" content=\"@fidedignas\" \/>\n<meta name=\"twitter:label1\" content=\"Escrito por\" \/>\n\t<meta name=\"twitter:data1\" content=\"Redacci\u00f3n\" \/>\n<script type=\"application\/ld+json\" class=\"yoast-schema-graph\">{\"@context\":\"https:\\\/\\\/schema.org\",\"@graph\":[{\"@type\":\"Article\",\"@id\":\"https:\\\/\\\/fuentesfidedignas.com.mx\\\/index.php\\\/2023\\\/08\\\/03\\\/altas-temperaturas-un-riesgo-en-hospitales-de-sinaloa-mario-zamora\\\/#article\",\"isPartOf\":{\"@id\":\"https:\\\/\\\/fuentesfidedignas.com.mx\\\/index.php\\\/2023\\\/08\\\/03\\\/altas-temperaturas-un-riesgo-en-hospitales-de-sinaloa-mario-zamora\\\/\"},\"author\":{\"name\":\"Redacci\u00f3n\",\"@id\":\"https:\\\/\\\/fuentesfidedignas.com.mx\\\/#\\\/schema\\\/person\\\/331be9283d37198e2acd5750279085b0\"},\"headline\":\"Altas temperaturas un riesgo en Hospitales de Sinaloa: Mario Zamora\",\"datePublished\":\"2023-08-04T01:09:56+00:00\",\"dateModified\":\"2023-08-04T01:10:33+00:00\",\"mainEntityOfPage\":{\"@id\":\"https:\\\/\\\/fuentesfidedignas.com.mx\\\/index.php\\\/2023\\\/08\\\/03\\\/altas-temperaturas-un-riesgo-en-hospitales-de-sinaloa-mario-zamora\\\/\"},\"wordCount\":448,\"commentCount\":0,\"publisher\":{\"@id\":\"https:\\\/\\\/fuentesfidedignas.com.mx\\\/#organization\"},\"image\":{\"@id\":\"https:\\\/\\\/fuentesfidedignas.com.mx\\\/index.php\\\/2023\\\/08\\\/03\\\/altas-temperaturas-un-riesgo-en-hospitales-de-sinaloa-mario-zamora\\\/#primaryimage\"},\"thumbnailUrl\":\"https:\\\/\\\/fuentesfidedignas.com.mx\\\/wp-content\\\/uploads\\\/2023\\\/08\\\/images-1-2.jpeg\",\"articleSection\":[\"NOTICIAS LOCALES\"],\"inLanguage\":\"es\",\"potentialAction\":[{\"@type\":\"CommentAction\",\"name\":\"Comment\",\"target\":[\"https:\\\/\\\/fuentesfidedignas.com.mx\\\/index.php\\\/2023\\\/08\\\/03\\\/altas-temperaturas-un-riesgo-en-hospitales-de-sinaloa-mario-zamora\\\/#respond\"]}]},{\"@type\":\"WebPage\",\"@id\":\"https:\\\/\\\/fuentesfidedignas.com.mx\\\/index.php\\\/2023\\\/08\\\/03\\\/altas-temperaturas-un-riesgo-en-hospitales-de-sinaloa-mario-zamora\\\/\",\"url\":\"https:\\\/\\\/fuentesfidedignas.com.mx\\\/index.php\\\/2023\\\/08\\\/03\\\/altas-temperaturas-un-riesgo-en-hospitales-de-sinaloa-mario-zamora\\\/\",\"name\":\"Altas temperaturas un riesgo en Hospitales de Sinaloa: Mario Zamora - Fuentes Fidedignas\",\"isPartOf\":{\"@id\":\"https:\\\/\\\/fuentesfidedignas.com.mx\\\/#website\"},\"primaryImageOfPage\":{\"@id\":\"https:\\\/\\\/fuentesfidedignas.com.mx\\\/index.php\\\/2023\\\/08\\\/03\\\/altas-temperaturas-un-riesgo-en-hospitales-de-sinaloa-mario-zamora\\\/#primaryimage\"},\"image\":{\"@id\":\"https:\\\/\\\/fuentesfidedignas.com.mx\\\/index.php\\\/2023\\\/08\\\/03\\\/altas-temperaturas-un-riesgo-en-hospitales-de-sinaloa-mario-zamora\\\/#primaryimage\"},\"thumbnailUrl\":\"https:\\\/\\\/fuentesfidedignas.com.mx\\\/wp-content\\\/uploads\\\/2023\\\/08\\\/images-1-2.jpeg\",\"datePublished\":\"2023-08-04T01:09:56+00:00\",\"dateModified\":\"2023-08-04T01:10:33+00:00\",\"breadcrumb\":{\"@id\":\"https:\\\/\\\/fuentesfidedignas.com.mx\\\/index.php\\\/2023\\\/08\\\/03\\\/altas-temperaturas-un-riesgo-en-hospitales-de-sinaloa-mario-zamora\\\/#breadcrumb\"},\"inLanguage\":\"es\",\"potentialAction\":[{\"@type\":\"ReadAction\",\"target\":[\"https:\\\/\\\/fuentesfidedignas.com.mx\\\/index.php\\\/2023\\\/08\\\/03\\\/altas-temperaturas-un-riesgo-en-hospitales-de-sinaloa-mario-zamora\\\/\"]}]},{\"@type\":\"ImageObject\",\"inLanguage\":\"es\",\"@id\":\"https:\\\/\\\/fuentesfidedignas.com.mx\\\/index.php\\\/2023\\\/08\\\/03\\\/altas-temperaturas-un-riesgo-en-hospitales-de-sinaloa-mario-zamora\\\/#primaryimage\",\"url\":\"https:\\\/\\\/fuentesfidedignas.com.mx\\\/wp-content\\\/uploads\\\/2023\\\/08\\\/images-1-2.jpeg\",\"contentUrl\":\"https:\\\/\\\/fuentesfidedignas.com.mx\\\/wp-content\\\/uploads\\\/2023\\\/08\\\/images-1-2.jpeg\",\"width\":534,\"height\":346},{\"@type\":\"BreadcrumbList\",\"@id\":\"https:\\\/\\\/fuentesfidedignas.com.mx\\\/index.php\\\/2023\\\/08\\\/03\\\/altas-temperaturas-un-riesgo-en-hospitales-de-sinaloa-mario-zamora\\\/#breadcrumb\",\"itemListElement\":[{\"@type\":\"ListItem\",\"position\":1,\"name\":\"Inicio\",\"item\":\"https:\\\/\\\/fuentesfidedignas.com.mx\\\/\"},{\"@type\":\"ListItem\",\"position\":2,\"name\":\"Altas temperaturas un riesgo en Hospitales de Sinaloa: Mario Zamora\"}]},{\"@type\":\"WebSite\",\"@id\":\"https:\\\/\\\/fuentesfidedignas.com.mx\\\/#website\",\"url\":\"https:\\\/\\\/fuentesfidedignas.com.mx\\\/\",\"name\":\"Fuentes Fidedignas\",\"description\":\"Otro sitio realizado con WordPress\",\"publisher\":{\"@id\":\"https:\\\/\\\/fuentesfidedignas.com.mx\\\/#organization\"},\"potentialAction\":[{\"@type\":\"SearchAction\",\"target\":{\"@type\":\"EntryPoint\",\"urlTemplate\":\"https:\\\/\\\/fuentesfidedignas.com.mx\\\/?s={search_term_string}\"},\"query-input\":{\"@type\":\"PropertyValueSpecification\",\"valueRequired\":true,\"valueName\":\"search_term_string\"}}],\"inLanguage\":\"es\"},{\"@type\":\"Organization\",\"@id\":\"https:\\\/\\\/fuentesfidedignas.com.mx\\\/#organization\",\"name\":\"Fuentes Fidedignas\",\"url\":\"https:\\\/\\\/fuentesfidedignas.com.mx\\\/\",\"logo\":{\"@type\":\"ImageObject\",\"inLanguage\":\"es\",\"@id\":\"https:\\\/\\\/fuentesfidedignas.com.mx\\\/#\\\/schema\\\/logo\\\/image\\\/\",\"url\":\"https:\\\/\\\/fuentesfidedignas.com.mx\\\/wp-content\\\/uploads\\\/2021\\\/04\\\/logo-retina.png\",\"contentUrl\":\"https:\\\/\\\/fuentesfidedignas.com.mx\\\/wp-content\\\/uploads\\\/2021\\\/04\\\/logo-retina.png\",\"width\":280,\"height\":51,\"caption\":\"Fuentes Fidedignas\"},\"image\":{\"@id\":\"https:\\\/\\\/fuentesfidedignas.com.mx\\\/#\\\/schema\\\/logo\\\/image\\\/\"},\"sameAs\":[\"https:\\\/\\\/www.facebook.com\\\/Fuentes-Fidedignas-368234489921644\",\"https:\\\/\\\/x.com\\\/fidedignas\"]},{\"@type\":\"Person\",\"@id\":\"https:\\\/\\\/fuentesfidedignas.com.mx\\\/#\\\/schema\\\/person\\\/331be9283d37198e2acd5750279085b0\",\"name\":\"Redacci\u00f3n\",\"image\":{\"@type\":\"ImageObject\",\"inLanguage\":\"es\",\"@id\":\"https:\\\/\\\/secure.gravatar.com\\\/avatar\\\/f6d8782c11d12b2d4ad3fbb6931aeab5309937a4d6cd2fc9cfaa28a6396a5aec?s=96&d=mm&r=g\",\"url\":\"https:\\\/\\\/secure.gravatar.com\\\/avatar\\\/f6d8782c11d12b2d4ad3fbb6931aeab5309937a4d6cd2fc9cfaa28a6396a5aec?s=96&d=mm&r=g\",\"contentUrl\":\"https:\\\/\\\/secure.gravatar.com\\\/avatar\\\/f6d8782c11d12b2d4ad3fbb6931aeab5309937a4d6cd2fc9cfaa28a6396a5aec?s=96&d=mm&r=g\",\"caption\":\"Redacci\u00f3n\"},\"url\":\"https:\\\/\\\/fuentesfidedignas.com.mx\\\/index.php\\\/author\\\/redaccion\\\/\"}]}<\/script>\n<!-- \/ Yoast SEO plugin. -->","yoast_head_json":{"title":"Altas temperaturas un riesgo en Hospitales de Sinaloa: Mario Zamora - Fuentes Fidedignas","robots":{"index":"index","follow":"follow","max-snippet":"max-snippet:-1","max-image-preview":"max-image-preview:large","max-video-preview":"max-video-preview:-1"},"canonical":"https:\/\/fuentesfidedignas.com.mx\/index.php\/2023\/08\/03\/altas-temperaturas-un-riesgo-en-hospitales-de-sinaloa-mario-zamora\/","og_locale":"es_MX","og_type":"article","og_title":"Altas temperaturas un riesgo en Hospitales de Sinaloa: Mario Zamora - Fuentes Fidedignas","og_description":"Se report\u00f3 el incremento de pacientes en un 200% en el Hospital Pedi\u00e1trico de Sinaloa Ciudad de M\u00e9xico. El senador Zamora expres\u00f3 que lamentablemente las olas de calor en el pa\u00eds ocasionaron el deceso de 10 sinaloenses, el incremento de pacientes en un 200% en el Hospital Pedi\u00e1trico de Sinaloa, en suma, a la alta [&hellip;]","og_url":"https:\/\/fuentesfidedignas.com.mx\/index.php\/2023\/08\/03\/altas-temperaturas-un-riesgo-en-hospitales-de-sinaloa-mario-zamora\/","og_site_name":"Fuentes Fidedignas","article_publisher":"https:\/\/www.facebook.com\/Fuentes-Fidedignas-368234489921644","article_published_time":"2023-08-04T01:09:56+00:00","article_modified_time":"2023-08-04T01:10:33+00:00","og_image":[{"width":534,"height":346,"url":"https:\/\/fuentesfidedignas.com.mx\/wp-content\/uploads\/2023\/08\/images-1-2.jpeg","type":"image\/jpeg"}],"author":"Redacci\u00f3n","twitter_card":"summary_large_image","twitter_creator":"@fidedignas","twitter_site":"@fidedignas","twitter_misc":{"Escrito por":"Redacci\u00f3n"},"schema":{"@context":"https:\/\/schema.org","@graph":[{"@type":"Article","@id":"https:\/\/fuentesfidedignas.com.mx\/index.php\/2023\/08\/03\/altas-temperaturas-un-riesgo-en-hospitales-de-sinaloa-mario-zamora\/#article","isPartOf":{"@id":"https:\/\/fuentesfidedignas.com.mx\/index.php\/2023\/08\/03\/altas-temperaturas-un-riesgo-en-hospitales-de-sinaloa-mario-zamora\/"},"author":{"name":"Redacci\u00f3n","@id":"https:\/\/fuentesfidedignas.com.mx\/#\/schema\/person\/331be9283d37198e2acd5750279085b0"},"headline":"Altas temperaturas un riesgo en Hospitales de Sinaloa: Mario Zamora","datePublished":"2023-08-04T01:09:56+00:00","dateModified":"2023-08-04T01:10:33+00:00","mainEntityOfPage":{"@id":"https:\/\/fuentesfidedignas.com.mx\/index.php\/2023\/08\/03\/altas-temperaturas-un-riesgo-en-hospitales-de-sinaloa-mario-zamora\/"},"wordCount":448,"commentCount":0,"publisher":{"@id":"https:\/\/fuentesfidedignas.com.mx\/#organization"},"image":{"@id":"https:\/\/fuentesfidedignas.com.mx\/index.php\/2023\/08\/03\/altas-temperaturas-un-riesgo-en-hospitales-de-sinaloa-mario-zamora\/#primaryimage"},"thumbnailUrl":"https:\/\/fuentesfidedignas.com.mx\/wp-content\/uploads\/2023\/08\/images-1-2.jpeg","articleSection":["NOTICIAS LOCALES"],"inLanguage":"es","potentialAction":[{"@type":"CommentAction","name":"Comment","target":["https:\/\/fuentesfidedignas.com.mx\/index.php\/2023\/08\/03\/altas-temperaturas-un-riesgo-en-hospitales-de-sinaloa-mario-zamora\/#respond"]}]},{"@type":"WebPage","@id":"https:\/\/fuentesfidedignas.com.mx\/index.php\/2023\/08\/03\/altas-temperaturas-un-riesgo-en-hospitales-de-sinaloa-mario-zamora\/","url":"https:\/\/fuentesfidedignas.com.mx\/index.php\/2023\/08\/03\/altas-temperaturas-un-riesgo-en-hospitales-de-sinaloa-mario-zamora\/","name":"Altas temperaturas un riesgo en Hospitales de Sinaloa: Mario Zamora - Fuentes Fidedignas","isPartOf":{"@id":"https:\/\/fuentesfidedignas.com.mx\/#website"},"primaryImageOfPage":{"@id":"https:\/\/fuentesfidedignas.com.mx\/index.php\/2023\/08\/03\/altas-temperaturas-un-riesgo-en-hospitales-de-sinaloa-mario-zamora\/#primaryimage"},"image":{"@id":"https:\/\/fuentesfidedignas.com.mx\/index.php\/2023\/08\/03\/altas-temperaturas-un-riesgo-en-hospitales-de-sinaloa-mario-zamora\/#primaryimage"},"thumbnailUrl":"https:\/\/fuentesfidedignas.com.mx\/wp-content\/uploads\/2023\/08\/images-1-2.jpeg","datePublished":"2023-08-04T01:09:56+00:00","dateModified":"2023-08-04T01:10:33+00:00","breadcrumb":{"@id":"https:\/\/fuentesfidedignas.com.mx\/index.php\/2023\/08\/03\/altas-temperaturas-un-riesgo-en-hospitales-de-sinaloa-mario-zamora\/#breadcrumb"},"inLanguage":"es","potentialAction":[{"@type":"ReadAction","target":["https:\/\/fuentesfidedignas.com.mx\/index.php\/2023\/08\/03\/altas-temperaturas-un-riesgo-en-hospitales-de-sinaloa-mario-zamora\/"]}]},{"@type":"ImageObject","inLanguage":"es","@id":"https:\/\/fuentesfidedignas.com.mx\/index.php\/2023\/08\/03\/altas-temperaturas-un-riesgo-en-hospitales-de-sinaloa-mario-zamora\/#primaryimage","url":"https:\/\/fuentesfidedignas.com.mx\/wp-content\/uploads\/2023\/08\/images-1-2.jpeg","contentUrl":"https:\/\/fuentesfidedignas.com.mx\/wp-content\/uploads\/2023\/08\/images-1-2.jpeg","width":534,"height":346},{"@type":"BreadcrumbList","@id":"https:\/\/fuentesfidedignas.com.mx\/index.php\/2023\/08\/03\/altas-temperaturas-un-riesgo-en-hospitales-de-sinaloa-mario-zamora\/#breadcrumb","itemListElement":[{"@type":"ListItem","position":1,"name":"Inicio","item":"https:\/\/fuentesfidedignas.com.mx\/"},{"@type":"ListItem","position":2,"name":"Altas temperaturas un riesgo en Hospitales de Sinaloa: Mario Zamora"}]},{"@type":"WebSite","@id":"https:\/\/fuentesfidedignas.com.mx\/#website","url":"https:\/\/fuentesfidedignas.com.mx\/","name":"Fuentes Fidedignas","description":"Otro sitio realizado con WordPress","publisher":{"@id":"https:\/\/fuentesfidedignas.com.mx\/#organization"},"potentialAction":[{"@type":"SearchAction","target":{"@type":"EntryPoint","urlTemplate":"https:\/\/fuentesfidedignas.com.mx\/?s={search_term_string}"},"query-input":{"@type":"PropertyValueSpecification","valueRequired":true,"valueName":"search_term_string"}}],"inLanguage":"es"},{"@type":"Organization","@id":"https:\/\/fuentesfidedignas.com.mx\/#organization","name":"Fuentes Fidedignas","url":"https:\/\/fuentesfidedignas.com.mx\/","logo":{"@type":"ImageObject","inLanguage":"es","@id":"https:\/\/fuentesfidedignas.com.mx\/#\/schema\/logo\/image\/","url":"https:\/\/fuentesfidedignas.com.mx\/wp-content\/uploads\/2021\/04\/logo-retina.png","contentUrl":"https:\/\/fuentesfidedignas.com.mx\/wp-content\/uploads\/2021\/04\/logo-retina.png","width":280,"height":51,"caption":"Fuentes Fidedignas"},"image":{"@id":"https:\/\/fuentesfidedignas.com.mx\/#\/schema\/logo\/image\/"},"sameAs":["https:\/\/www.facebook.com\/Fuentes-Fidedignas-368234489921644","https:\/\/x.com\/fidedignas"]},{"@type":"Person","@id":"https:\/\/fuentesfidedignas.com.mx\/#\/schema\/person\/331be9283d37198e2acd5750279085b0","name":"Redacci\u00f3n","image":{"@type":"ImageObject","inLanguage":"es","@id":"https:\/\/secure.gravatar.com\/avatar\/f6d8782c11d12b2d4ad3fbb6931aeab5309937a4d6cd2fc9cfaa28a6396a5aec?s=96&d=mm&r=g","url":"https:\/\/secure.gravatar.com\/avatar\/f6d8782c11d12b2d4ad3fbb6931aeab5309937a4d6cd2fc9cfaa28a6396a5aec?s=96&d=mm&r=g","contentUrl":"https:\/\/secure.gravatar.com\/avatar\/f6d8782c11d12b2d4ad3fbb6931aeab5309937a4d6cd2fc9cfaa28a6396a5aec?s=96&d=mm&r=g","caption":"Redacci\u00f3n"},"url":"https:\/\/fuentesfidedignas.com.mx\/index.php\/author\/redaccion\/"}]}},"_links":{"self":[{"href":"https:\/\/fuentesfidedignas.com.mx\/index.php\/wp-json\/wp\/v2\/posts\/54400","targetHints":{"allow":["GET"]}}],"collection":[{"href":"https:\/\/fuentesfidedignas.com.mx\/index.php\/wp-json\/wp\/v2\/posts"}],"about":[{"href":"https:\/\/fuentesfidedignas.com.mx\/index.php\/wp-json\/wp\/v2\/types\/post"}],"author":[{"embeddable":true,"href":"https:\/\/fuentesfidedignas.com.mx\/index.php\/wp-json\/wp\/v2\/users\/4"}],"replies":[{"embeddable":true,"href":"https:\/\/fuentesfidedignas.com.mx\/index.php\/wp-json\/wp\/v2\/comments?post=54400"}],"version-history":[{"count":1,"href":"https:\/\/fuentesfidedignas.com.mx\/index.php\/wp-json\/wp\/v2\/posts\/54400\/revisions"}],"predecessor-version":[{"id":54401,"href":"https:\/\/fuentesfidedignas.com.mx\/index.php\/wp-json\/wp\/v2\/posts\/54400\/revisions\/54401"}],"wp:featuredmedia":[{"embeddable":true,"href":"https:\/\/fuentesfidedignas.com.mx\/index.php\/wp-json\/wp\/v2\/media\/54402"}],"wp:attachment":[{"href":"https:\/\/fuentesfidedignas.com.mx\/index.php\/wp-json\/wp\/v2\/media?parent=54400"}],"wp:term":[{"taxonomy":"category","embeddable":true,"href":"https:\/\/fuentesfidedignas.com.mx\/index.php\/wp-json\/wp\/v2\/categories?post=54400"},{"taxonomy":"post_tag","embeddable":true,"href":"https:\/\/fuentesfidedignas.com.mx\/index.php\/wp-json\/wp\/v2\/tags?post=54400"}],"curies":[{"name":"wp","href":"https:\/\/api.w.org\/{rel}","templated":true}]}}