{"id":54380,"date":"2023-08-03T15:15:08","date_gmt":"2023-08-03T22:15:08","guid":{"rendered":"https:\/\/fuentesfidedignas.com.mx\/?p=54380"},"modified":"2023-08-03T15:16:16","modified_gmt":"2023-08-03T22:16:16","slug":"lopez-obrador-defiende-libros-de-texto-fueron-hechos-por-especialistas-dice","status":"publish","type":"post","link":"https:\/\/fuentesfidedignas.com.mx\/index.php\/2023\/08\/03\/lopez-obrador-defiende-libros-de-texto-fueron-hechos-por-especialistas-dice\/","title":{"rendered":"L\u00f3pez Obrador defiende libros de texto; &#8216;fueron hechos por especialistas&#8217;, dice"},"content":{"rendered":"\n<p><strong><em>El jefe del Ejecutivo apunt\u00f3 que quienes critican los libros en su mayor\u00eda ni siquiera los han le\u00eddo y de paso afirm\u00f3 que el rechazo al material viene por consigna<\/em><\/strong><\/p>\n\n\n\n<p>Ciudad de M\u00e9xico. Ante las cr\u00edticas por el contenido de los nuevos libros de texto que repartir\u00e1 la\u00a0<a href=\"http:\/\/excelsior.com.mx\/sep\" target=\"_blank\" rel=\"noreferrer noopener\">Secretar\u00eda de Educaci\u00f3n P\u00fablica (SEP)<\/a>, el presidente de M\u00e9xico,\u00a0<a href=\"https:\/\/www.excelsior.com.mx\/amlo\" target=\"_blank\" rel=\"noreferrer noopener\">Andr\u00e9s Manuel L\u00f3pez Obrador<\/a>\u00a0asegur\u00f3 que &#8220;est\u00e1n muy bien hechos\u201d, pues fueron realizados por \u201cespecialistas, pedagogos y maestros\u201d.<\/p>\n\n\n\n<p>El presidente asegur\u00f3 lo anterior tras la pol\u00e9mica en que se han visto envueltos dichas publicaciones que<strong>\u00a0dentro de unas semanas ser\u00e1n repartidas en las escuelas del pa\u00eds.<\/strong><\/p>\n\n\n\n<p>De acuerdo con legisladores del PAN y del PRI, junto con especialistas y profesores alertaron desde la Comisi\u00f3n Permanente del Congreso de la Uni\u00f3n del riesgo de no retirar los libros de texto gratuitos, porque&nbsp;<strong>sus contenidos son deficientes, ideol\u00f3gicos y carentes del conocimiento que requieren las y los ni\u00f1os de M\u00e9xico.<\/strong><\/p>\n\n\n\n<p>En este contexto, el jefe del Ejecutivo apunt\u00f3 que<strong>\u00a0quienes critican los libros en su mayor\u00eda ni siquiera los han le\u00eddo y de paso afirm\u00f3 que el rechazo al material viene por consigna<\/strong>, \u201ces mucho el conservadurismo de algunas personas\u201d.<\/p>\n\n\n\n<p>&#8220;<strong>Podemos enfrentar la campa\u00f1a de desprestigio en los medios de informaci\u00f3n. En la mayor\u00eda de los casos ni siquiera los han le\u00eddo, es un rechazo por consigna y sobre todo por la carga ideol\u00f3gica, es mucho el conservadurismo de algunas personas, los obnubila, entonces ven comunistas por todos lados&#8221;, <\/strong>expres\u00f3 el tabasque\u00f1o<strong>.<\/strong><\/p>\n\n\n\n<p>Por \u00faltimo,\u00a0<strong>L\u00f3pez Obrador llam\u00f3 a los padres de familia a no tener miedo\u00a0<\/strong>sobre el contenido de los libros de texto.<\/p>\n\n\n\n<p><\/p>\n","protected":false},"excerpt":{"rendered":"<p>El jefe del Ejecutivo apunt\u00f3 que quienes critican los libros en su mayor\u00eda ni siquiera los han le\u00eddo y de paso afirm\u00f3 que el rechazo al material viene por consigna Ciudad de M\u00e9xico. Ante las cr\u00edticas por el contenido de los nuevos libros de texto que repartir\u00e1 la\u00a0Secretar\u00eda de Educaci\u00f3n P\u00fablica (SEP), el presidente de [&hellip;]<\/p>\n","protected":false},"author":7,"featured_media":54382,"comment_status":"open","ping_status":"open","sticky":false,"template":"","format":"standard","meta":{"tdm_status":"","tdm_grid_status":"","footnotes":""},"categories":[39,1],"tags":[],"class_list":{"0":"post-54380","1":"post","2":"type-post","3":"status-publish","4":"format-standard","5":"has-post-thumbnail","7":"category-noticias-nacionales","8":"category-sin-categoria"},"yoast_head":"<!-- This site is optimized with the Yoast SEO plugin v27.5 - https:\/\/yoast.com\/product\/yoast-seo-wordpress\/ -->\n<title>L\u00f3pez Obrador defiende libros de texto; &#039;fueron hechos por especialistas&#039;, dice - Fuentes Fidedignas<\/title>\n<meta name=\"robots\" content=\"index, follow, max-snippet:-1, max-image-preview:large, max-video-preview:-1\" \/>\n<link rel=\"canonical\" href=\"https:\/\/fuentesfidedignas.com.mx\/index.php\/2023\/08\/03\/lopez-obrador-defiende-libros-de-texto-fueron-hechos-por-especialistas-dice\/\" \/>\n<meta property=\"og:locale\" content=\"es_MX\" \/>\n<meta property=\"og:type\" content=\"article\" \/>\n<meta property=\"og:title\" content=\"L\u00f3pez Obrador defiende libros de texto; &#039;fueron hechos por especialistas&#039;, dice - Fuentes Fidedignas\" \/>\n<meta property=\"og:description\" content=\"El jefe del Ejecutivo apunt\u00f3 que quienes critican los libros en su mayor\u00eda ni siquiera los han le\u00eddo y de paso afirm\u00f3 que el rechazo al material viene por consigna Ciudad de M\u00e9xico. Ante las cr\u00edticas por el contenido de los nuevos libros de texto que repartir\u00e1 la\u00a0Secretar\u00eda de Educaci\u00f3n P\u00fablica (SEP), el presidente de [&hellip;]\" \/>\n<meta property=\"og:url\" content=\"https:\/\/fuentesfidedignas.com.mx\/index.php\/2023\/08\/03\/lopez-obrador-defiende-libros-de-texto-fueron-hechos-por-especialistas-dice\/\" \/>\n<meta property=\"og:site_name\" content=\"Fuentes Fidedignas\" \/>\n<meta property=\"article:publisher\" content=\"https:\/\/www.facebook.com\/Fuentes-Fidedignas-368234489921644\" \/>\n<meta property=\"article:published_time\" content=\"2023-08-03T22:15:08+00:00\" \/>\n<meta property=\"article:modified_time\" content=\"2023-08-03T22:16:16+00:00\" \/>\n<meta property=\"og:image\" content=\"https:\/\/fuentesfidedignas.com.mx\/wp-content\/uploads\/2023\/08\/2987074.jpg\" \/>\n\t<meta property=\"og:image:width\" content=\"800\" \/>\n\t<meta property=\"og:image:height\" content=\"600\" \/>\n\t<meta property=\"og:image:type\" content=\"image\/jpeg\" \/>\n<meta name=\"author\" content=\"Exc\u00e9lsior\" \/>\n<meta name=\"twitter:card\" content=\"summary_large_image\" \/>\n<meta name=\"twitter:creator\" content=\"@fidedignas\" \/>\n<meta name=\"twitter:site\" content=\"@fidedignas\" \/>\n<meta name=\"twitter:label1\" content=\"Escrito por\" \/>\n\t<meta name=\"twitter:data1\" content=\"Exc\u00e9lsior\" \/>\n\t<meta name=\"twitter:label2\" content=\"Tiempo de lectura\" \/>\n\t<meta name=\"twitter:data2\" content=\"2 minutos\" \/>\n<script type=\"application\/ld+json\" class=\"yoast-schema-graph\">{\"@context\":\"https:\\\/\\\/schema.org\",\"@graph\":[{\"@type\":\"Article\",\"@id\":\"https:\\\/\\\/fuentesfidedignas.com.mx\\\/index.php\\\/2023\\\/08\\\/03\\\/lopez-obrador-defiende-libros-de-texto-fueron-hechos-por-especialistas-dice\\\/#article\",\"isPartOf\":{\"@id\":\"https:\\\/\\\/fuentesfidedignas.com.mx\\\/index.php\\\/2023\\\/08\\\/03\\\/lopez-obrador-defiende-libros-de-texto-fueron-hechos-por-especialistas-dice\\\/\"},\"author\":{\"name\":\"Exc\u00e9lsior\",\"@id\":\"https:\\\/\\\/fuentesfidedignas.com.mx\\\/#\\\/schema\\\/person\\\/ec4edd1fbf5efa3e44fce34fe2787780\"},\"headline\":\"L\u00f3pez Obrador defiende libros de texto; &#8216;fueron hechos por especialistas&#8217;, dice\",\"datePublished\":\"2023-08-03T22:15:08+00:00\",\"dateModified\":\"2023-08-03T22:16:16+00:00\",\"mainEntityOfPage\":{\"@id\":\"https:\\\/\\\/fuentesfidedignas.com.mx\\\/index.php\\\/2023\\\/08\\\/03\\\/lopez-obrador-defiende-libros-de-texto-fueron-hechos-por-especialistas-dice\\\/\"},\"wordCount\":310,\"commentCount\":0,\"publisher\":{\"@id\":\"https:\\\/\\\/fuentesfidedignas.com.mx\\\/#organization\"},\"image\":{\"@id\":\"https:\\\/\\\/fuentesfidedignas.com.mx\\\/index.php\\\/2023\\\/08\\\/03\\\/lopez-obrador-defiende-libros-de-texto-fueron-hechos-por-especialistas-dice\\\/#primaryimage\"},\"thumbnailUrl\":\"https:\\\/\\\/fuentesfidedignas.com.mx\\\/wp-content\\\/uploads\\\/2023\\\/08\\\/2987074.jpg\",\"articleSection\":[\"NOTICIAS NACIONALES\"],\"inLanguage\":\"es\",\"potentialAction\":[{\"@type\":\"CommentAction\",\"name\":\"Comment\",\"target\":[\"https:\\\/\\\/fuentesfidedignas.com.mx\\\/index.php\\\/2023\\\/08\\\/03\\\/lopez-obrador-defiende-libros-de-texto-fueron-hechos-por-especialistas-dice\\\/#respond\"]}]},{\"@type\":\"WebPage\",\"@id\":\"https:\\\/\\\/fuentesfidedignas.com.mx\\\/index.php\\\/2023\\\/08\\\/03\\\/lopez-obrador-defiende-libros-de-texto-fueron-hechos-por-especialistas-dice\\\/\",\"url\":\"https:\\\/\\\/fuentesfidedignas.com.mx\\\/index.php\\\/2023\\\/08\\\/03\\\/lopez-obrador-defiende-libros-de-texto-fueron-hechos-por-especialistas-dice\\\/\",\"name\":\"L\u00f3pez Obrador defiende libros de texto; 'fueron hechos por especialistas', dice - Fuentes Fidedignas\",\"isPartOf\":{\"@id\":\"https:\\\/\\\/fuentesfidedignas.com.mx\\\/#website\"},\"primaryImageOfPage\":{\"@id\":\"https:\\\/\\\/fuentesfidedignas.com.mx\\\/index.php\\\/2023\\\/08\\\/03\\\/lopez-obrador-defiende-libros-de-texto-fueron-hechos-por-especialistas-dice\\\/#primaryimage\"},\"image\":{\"@id\":\"https:\\\/\\\/fuentesfidedignas.com.mx\\\/index.php\\\/2023\\\/08\\\/03\\\/lopez-obrador-defiende-libros-de-texto-fueron-hechos-por-especialistas-dice\\\/#primaryimage\"},\"thumbnailUrl\":\"https:\\\/\\\/fuentesfidedignas.com.mx\\\/wp-content\\\/uploads\\\/2023\\\/08\\\/2987074.jpg\",\"datePublished\":\"2023-08-03T22:15:08+00:00\",\"dateModified\":\"2023-08-03T22:16:16+00:00\",\"breadcrumb\":{\"@id\":\"https:\\\/\\\/fuentesfidedignas.com.mx\\\/index.php\\\/2023\\\/08\\\/03\\\/lopez-obrador-defiende-libros-de-texto-fueron-hechos-por-especialistas-dice\\\/#breadcrumb\"},\"inLanguage\":\"es\",\"potentialAction\":[{\"@type\":\"ReadAction\",\"target\":[\"https:\\\/\\\/fuentesfidedignas.com.mx\\\/index.php\\\/2023\\\/08\\\/03\\\/lopez-obrador-defiende-libros-de-texto-fueron-hechos-por-especialistas-dice\\\/\"]}]},{\"@type\":\"ImageObject\",\"inLanguage\":\"es\",\"@id\":\"https:\\\/\\\/fuentesfidedignas.com.mx\\\/index.php\\\/2023\\\/08\\\/03\\\/lopez-obrador-defiende-libros-de-texto-fueron-hechos-por-especialistas-dice\\\/#primaryimage\",\"url\":\"https:\\\/\\\/fuentesfidedignas.com.mx\\\/wp-content\\\/uploads\\\/2023\\\/08\\\/2987074.jpg\",\"contentUrl\":\"https:\\\/\\\/fuentesfidedignas.com.mx\\\/wp-content\\\/uploads\\\/2023\\\/08\\\/2987074.jpg\",\"width\":800,\"height\":600},{\"@type\":\"BreadcrumbList\",\"@id\":\"https:\\\/\\\/fuentesfidedignas.com.mx\\\/index.php\\\/2023\\\/08\\\/03\\\/lopez-obrador-defiende-libros-de-texto-fueron-hechos-por-especialistas-dice\\\/#breadcrumb\",\"itemListElement\":[{\"@type\":\"ListItem\",\"position\":1,\"name\":\"Inicio\",\"item\":\"https:\\\/\\\/fuentesfidedignas.com.mx\\\/\"},{\"@type\":\"ListItem\",\"position\":2,\"name\":\"L\u00f3pez Obrador defiende libros de texto; &#8216;fueron hechos por especialistas&#8217;, dice\"}]},{\"@type\":\"WebSite\",\"@id\":\"https:\\\/\\\/fuentesfidedignas.com.mx\\\/#website\",\"url\":\"https:\\\/\\\/fuentesfidedignas.com.mx\\\/\",\"name\":\"Fuentes Fidedignas\",\"description\":\"Otro sitio realizado con WordPress\",\"publisher\":{\"@id\":\"https:\\\/\\\/fuentesfidedignas.com.mx\\\/#organization\"},\"potentialAction\":[{\"@type\":\"SearchAction\",\"target\":{\"@type\":\"EntryPoint\",\"urlTemplate\":\"https:\\\/\\\/fuentesfidedignas.com.mx\\\/?s={search_term_string}\"},\"query-input\":{\"@type\":\"PropertyValueSpecification\",\"valueRequired\":true,\"valueName\":\"search_term_string\"}}],\"inLanguage\":\"es\"},{\"@type\":\"Organization\",\"@id\":\"https:\\\/\\\/fuentesfidedignas.com.mx\\\/#organization\",\"name\":\"Fuentes Fidedignas\",\"url\":\"https:\\\/\\\/fuentesfidedignas.com.mx\\\/\",\"logo\":{\"@type\":\"ImageObject\",\"inLanguage\":\"es\",\"@id\":\"https:\\\/\\\/fuentesfidedignas.com.mx\\\/#\\\/schema\\\/logo\\\/image\\\/\",\"url\":\"https:\\\/\\\/fuentesfidedignas.com.mx\\\/wp-content\\\/uploads\\\/2021\\\/04\\\/logo-retina.png\",\"contentUrl\":\"https:\\\/\\\/fuentesfidedignas.com.mx\\\/wp-content\\\/uploads\\\/2021\\\/04\\\/logo-retina.png\",\"width\":280,\"height\":51,\"caption\":\"Fuentes Fidedignas\"},\"image\":{\"@id\":\"https:\\\/\\\/fuentesfidedignas.com.mx\\\/#\\\/schema\\\/logo\\\/image\\\/\"},\"sameAs\":[\"https:\\\/\\\/www.facebook.com\\\/Fuentes-Fidedignas-368234489921644\",\"https:\\\/\\\/x.com\\\/fidedignas\"]},{\"@type\":\"Person\",\"@id\":\"https:\\\/\\\/fuentesfidedignas.com.mx\\\/#\\\/schema\\\/person\\\/ec4edd1fbf5efa3e44fce34fe2787780\",\"name\":\"Exc\u00e9lsior\",\"image\":{\"@type\":\"ImageObject\",\"inLanguage\":\"es\",\"@id\":\"https:\\\/\\\/secure.gravatar.com\\\/avatar\\\/4b7ee9206b48be08447852b3f0814dbc7c0f3b51541b164f1464a2725614020b?s=96&d=mm&r=g\",\"url\":\"https:\\\/\\\/secure.gravatar.com\\\/avatar\\\/4b7ee9206b48be08447852b3f0814dbc7c0f3b51541b164f1464a2725614020b?s=96&d=mm&r=g\",\"contentUrl\":\"https:\\\/\\\/secure.gravatar.com\\\/avatar\\\/4b7ee9206b48be08447852b3f0814dbc7c0f3b51541b164f1464a2725614020b?s=96&d=mm&r=g\",\"caption\":\"Exc\u00e9lsior\"},\"url\":\"https:\\\/\\\/fuentesfidedignas.com.mx\\\/index.php\\\/author\\\/excelsior\\\/\"}]}<\/script>\n<!-- \/ Yoast SEO plugin. -->","yoast_head_json":{"title":"L\u00f3pez Obrador defiende libros de texto; 'fueron hechos por especialistas', dice - Fuentes Fidedignas","robots":{"index":"index","follow":"follow","max-snippet":"max-snippet:-1","max-image-preview":"max-image-preview:large","max-video-preview":"max-video-preview:-1"},"canonical":"https:\/\/fuentesfidedignas.com.mx\/index.php\/2023\/08\/03\/lopez-obrador-defiende-libros-de-texto-fueron-hechos-por-especialistas-dice\/","og_locale":"es_MX","og_type":"article","og_title":"L\u00f3pez Obrador defiende libros de texto; 'fueron hechos por especialistas', dice - Fuentes Fidedignas","og_description":"El jefe del Ejecutivo apunt\u00f3 que quienes critican los libros en su mayor\u00eda ni siquiera los han le\u00eddo y de paso afirm\u00f3 que el rechazo al material viene por consigna Ciudad de M\u00e9xico. Ante las cr\u00edticas por el contenido de los nuevos libros de texto que repartir\u00e1 la\u00a0Secretar\u00eda de Educaci\u00f3n P\u00fablica (SEP), el presidente de [&hellip;]","og_url":"https:\/\/fuentesfidedignas.com.mx\/index.php\/2023\/08\/03\/lopez-obrador-defiende-libros-de-texto-fueron-hechos-por-especialistas-dice\/","og_site_name":"Fuentes Fidedignas","article_publisher":"https:\/\/www.facebook.com\/Fuentes-Fidedignas-368234489921644","article_published_time":"2023-08-03T22:15:08+00:00","article_modified_time":"2023-08-03T22:16:16+00:00","og_image":[{"width":800,"height":600,"url":"https:\/\/fuentesfidedignas.com.mx\/wp-content\/uploads\/2023\/08\/2987074.jpg","type":"image\/jpeg"}],"author":"Exc\u00e9lsior","twitter_card":"summary_large_image","twitter_creator":"@fidedignas","twitter_site":"@fidedignas","twitter_misc":{"Escrito por":"Exc\u00e9lsior","Tiempo de lectura":"2 minutos"},"schema":{"@context":"https:\/\/schema.org","@graph":[{"@type":"Article","@id":"https:\/\/fuentesfidedignas.com.mx\/index.php\/2023\/08\/03\/lopez-obrador-defiende-libros-de-texto-fueron-hechos-por-especialistas-dice\/#article","isPartOf":{"@id":"https:\/\/fuentesfidedignas.com.mx\/index.php\/2023\/08\/03\/lopez-obrador-defiende-libros-de-texto-fueron-hechos-por-especialistas-dice\/"},"author":{"name":"Exc\u00e9lsior","@id":"https:\/\/fuentesfidedignas.com.mx\/#\/schema\/person\/ec4edd1fbf5efa3e44fce34fe2787780"},"headline":"L\u00f3pez Obrador defiende libros de texto; &#8216;fueron hechos por especialistas&#8217;, dice","datePublished":"2023-08-03T22:15:08+00:00","dateModified":"2023-08-03T22:16:16+00:00","mainEntityOfPage":{"@id":"https:\/\/fuentesfidedignas.com.mx\/index.php\/2023\/08\/03\/lopez-obrador-defiende-libros-de-texto-fueron-hechos-por-especialistas-dice\/"},"wordCount":310,"commentCount":0,"publisher":{"@id":"https:\/\/fuentesfidedignas.com.mx\/#organization"},"image":{"@id":"https:\/\/fuentesfidedignas.com.mx\/index.php\/2023\/08\/03\/lopez-obrador-defiende-libros-de-texto-fueron-hechos-por-especialistas-dice\/#primaryimage"},"thumbnailUrl":"https:\/\/fuentesfidedignas.com.mx\/wp-content\/uploads\/2023\/08\/2987074.jpg","articleSection":["NOTICIAS NACIONALES"],"inLanguage":"es","potentialAction":[{"@type":"CommentAction","name":"Comment","target":["https:\/\/fuentesfidedignas.com.mx\/index.php\/2023\/08\/03\/lopez-obrador-defiende-libros-de-texto-fueron-hechos-por-especialistas-dice\/#respond"]}]},{"@type":"WebPage","@id":"https:\/\/fuentesfidedignas.com.mx\/index.php\/2023\/08\/03\/lopez-obrador-defiende-libros-de-texto-fueron-hechos-por-especialistas-dice\/","url":"https:\/\/fuentesfidedignas.com.mx\/index.php\/2023\/08\/03\/lopez-obrador-defiende-libros-de-texto-fueron-hechos-por-especialistas-dice\/","name":"L\u00f3pez Obrador defiende libros de texto; 'fueron hechos por especialistas', dice - Fuentes Fidedignas","isPartOf":{"@id":"https:\/\/fuentesfidedignas.com.mx\/#website"},"primaryImageOfPage":{"@id":"https:\/\/fuentesfidedignas.com.mx\/index.php\/2023\/08\/03\/lopez-obrador-defiende-libros-de-texto-fueron-hechos-por-especialistas-dice\/#primaryimage"},"image":{"@id":"https:\/\/fuentesfidedignas.com.mx\/index.php\/2023\/08\/03\/lopez-obrador-defiende-libros-de-texto-fueron-hechos-por-especialistas-dice\/#primaryimage"},"thumbnailUrl":"https:\/\/fuentesfidedignas.com.mx\/wp-content\/uploads\/2023\/08\/2987074.jpg","datePublished":"2023-08-03T22:15:08+00:00","dateModified":"2023-08-03T22:16:16+00:00","breadcrumb":{"@id":"https:\/\/fuentesfidedignas.com.mx\/index.php\/2023\/08\/03\/lopez-obrador-defiende-libros-de-texto-fueron-hechos-por-especialistas-dice\/#breadcrumb"},"inLanguage":"es","potentialAction":[{"@type":"ReadAction","target":["https:\/\/fuentesfidedignas.com.mx\/index.php\/2023\/08\/03\/lopez-obrador-defiende-libros-de-texto-fueron-hechos-por-especialistas-dice\/"]}]},{"@type":"ImageObject","inLanguage":"es","@id":"https:\/\/fuentesfidedignas.com.mx\/index.php\/2023\/08\/03\/lopez-obrador-defiende-libros-de-texto-fueron-hechos-por-especialistas-dice\/#primaryimage","url":"https:\/\/fuentesfidedignas.com.mx\/wp-content\/uploads\/2023\/08\/2987074.jpg","contentUrl":"https:\/\/fuentesfidedignas.com.mx\/wp-content\/uploads\/2023\/08\/2987074.jpg","width":800,"height":600},{"@type":"BreadcrumbList","@id":"https:\/\/fuentesfidedignas.com.mx\/index.php\/2023\/08\/03\/lopez-obrador-defiende-libros-de-texto-fueron-hechos-por-especialistas-dice\/#breadcrumb","itemListElement":[{"@type":"ListItem","position":1,"name":"Inicio","item":"https:\/\/fuentesfidedignas.com.mx\/"},{"@type":"ListItem","position":2,"name":"L\u00f3pez Obrador defiende libros de texto; &#8216;fueron hechos por especialistas&#8217;, dice"}]},{"@type":"WebSite","@id":"https:\/\/fuentesfidedignas.com.mx\/#website","url":"https:\/\/fuentesfidedignas.com.mx\/","name":"Fuentes Fidedignas","description":"Otro sitio realizado con WordPress","publisher":{"@id":"https:\/\/fuentesfidedignas.com.mx\/#organization"},"potentialAction":[{"@type":"SearchAction","target":{"@type":"EntryPoint","urlTemplate":"https:\/\/fuentesfidedignas.com.mx\/?s={search_term_string}"},"query-input":{"@type":"PropertyValueSpecification","valueRequired":true,"valueName":"search_term_string"}}],"inLanguage":"es"},{"@type":"Organization","@id":"https:\/\/fuentesfidedignas.com.mx\/#organization","name":"Fuentes Fidedignas","url":"https:\/\/fuentesfidedignas.com.mx\/","logo":{"@type":"ImageObject","inLanguage":"es","@id":"https:\/\/fuentesfidedignas.com.mx\/#\/schema\/logo\/image\/","url":"https:\/\/fuentesfidedignas.com.mx\/wp-content\/uploads\/2021\/04\/logo-retina.png","contentUrl":"https:\/\/fuentesfidedignas.com.mx\/wp-content\/uploads\/2021\/04\/logo-retina.png","width":280,"height":51,"caption":"Fuentes Fidedignas"},"image":{"@id":"https:\/\/fuentesfidedignas.com.mx\/#\/schema\/logo\/image\/"},"sameAs":["https:\/\/www.facebook.com\/Fuentes-Fidedignas-368234489921644","https:\/\/x.com\/fidedignas"]},{"@type":"Person","@id":"https:\/\/fuentesfidedignas.com.mx\/#\/schema\/person\/ec4edd1fbf5efa3e44fce34fe2787780","name":"Exc\u00e9lsior","image":{"@type":"ImageObject","inLanguage":"es","@id":"https:\/\/secure.gravatar.com\/avatar\/4b7ee9206b48be08447852b3f0814dbc7c0f3b51541b164f1464a2725614020b?s=96&d=mm&r=g","url":"https:\/\/secure.gravatar.com\/avatar\/4b7ee9206b48be08447852b3f0814dbc7c0f3b51541b164f1464a2725614020b?s=96&d=mm&r=g","contentUrl":"https:\/\/secure.gravatar.com\/avatar\/4b7ee9206b48be08447852b3f0814dbc7c0f3b51541b164f1464a2725614020b?s=96&d=mm&r=g","caption":"Exc\u00e9lsior"},"url":"https:\/\/fuentesfidedignas.com.mx\/index.php\/author\/excelsior\/"}]}},"_links":{"self":[{"href":"https:\/\/fuentesfidedignas.com.mx\/index.php\/wp-json\/wp\/v2\/posts\/54380","targetHints":{"allow":["GET"]}}],"collection":[{"href":"https:\/\/fuentesfidedignas.com.mx\/index.php\/wp-json\/wp\/v2\/posts"}],"about":[{"href":"https:\/\/fuentesfidedignas.com.mx\/index.php\/wp-json\/wp\/v2\/types\/post"}],"author":[{"embeddable":true,"href":"https:\/\/fuentesfidedignas.com.mx\/index.php\/wp-json\/wp\/v2\/users\/7"}],"replies":[{"embeddable":true,"href":"https:\/\/fuentesfidedignas.com.mx\/index.php\/wp-json\/wp\/v2\/comments?post=54380"}],"version-history":[{"count":1,"href":"https:\/\/fuentesfidedignas.com.mx\/index.php\/wp-json\/wp\/v2\/posts\/54380\/revisions"}],"predecessor-version":[{"id":54381,"href":"https:\/\/fuentesfidedignas.com.mx\/index.php\/wp-json\/wp\/v2\/posts\/54380\/revisions\/54381"}],"wp:featuredmedia":[{"embeddable":true,"href":"https:\/\/fuentesfidedignas.com.mx\/index.php\/wp-json\/wp\/v2\/media\/54382"}],"wp:attachment":[{"href":"https:\/\/fuentesfidedignas.com.mx\/index.php\/wp-json\/wp\/v2\/media?parent=54380"}],"wp:term":[{"taxonomy":"category","embeddable":true,"href":"https:\/\/fuentesfidedignas.com.mx\/index.php\/wp-json\/wp\/v2\/categories?post=54380"},{"taxonomy":"post_tag","embeddable":true,"href":"https:\/\/fuentesfidedignas.com.mx\/index.php\/wp-json\/wp\/v2\/tags?post=54380"}],"curies":[{"name":"wp","href":"https:\/\/api.w.org\/{rel}","templated":true}]}}