{"id":54369,"date":"2023-08-03T14:36:52","date_gmt":"2023-08-03T21:36:52","guid":{"rendered":"https:\/\/fuentesfidedignas.com.mx\/?p=54369"},"modified":"2023-08-03T14:38:07","modified_gmt":"2023-08-03T21:38:07","slug":"trump-se-declara-no-culpable-por-cargos-de-conspiracion-sobre-elecciones-2020","status":"publish","type":"post","link":"https:\/\/fuentesfidedignas.com.mx\/index.php\/2023\/08\/03\/trump-se-declara-no-culpable-por-cargos-de-conspiracion-sobre-elecciones-2020\/","title":{"rendered":"Trump se declara \u2018no culpable\u2019 por cargos de conspiraci\u00f3n sobre elecciones 2020"},"content":{"rendered":"\n<p><strong><em>Ha dicho que es inocente, luego de que fuera se\u00f1alado por obstruir las elecciones donde perdi\u00f3 ante Joe Biden<\/em><\/strong><\/p>\n\n\n\n<p>Estados Unidos. Donald Trump se declar\u00f3 no culpable de los cargos de conspiraci\u00f3n para obstruir las elecciones presidenciales de 2020 e interferir con los derechos de voto de millones de personas estadounidenses.<\/p>\n\n\n\n<p>El expresidente fue procesado este jueves en el tribunal federal de Washington y se declar\u00f3 inocente. Se espera que permanezca libre a medida que avanza la acusaci\u00f3n.<\/p>\n\n\n\n<p>Este es el tercer caso penal contra Trump, y el fiscal de distrito del condado de Fulton, Georgia, anunciar\u00e1 pronto si presentar\u00e1 una cuarta acusaci\u00f3n relacionada con su investigaci\u00f3n de interferencia electoral en el estado.<\/p>\n\n\n\n<p>El viaje de Trump a su comparecencia fue narrado en televisi\u00f3n en vivo cuando una fila de veh\u00edculos oscuros sal\u00eda de su campo de golf en Bedminster, Nueva Jersey, hacia su avi\u00f3n privado en el Aeropuerto Internacional de Newark.<\/p>\n\n\n\n<p>Esa cobertura incluy\u00f3 el aterrizaje de su avi\u00f3n en el Aeropuerto Nacional Reagan en Washington y su caravana que ingresa a la capital de la naci\u00f3n. El edificio de la corte se encuentra a la vista del Capitolio de Estados Unidos, que fue atacado por turbas de sus seguidores el 6 de enero de 2021 cuando el Congreso certificaba la victoria de Joe Biden.<\/p>\n\n\n\n<p>El mi\u00e9rcoles por la noche, Trump afirm\u00f3 que ser\u00eda imposible tener un juicio justo en Washington DC.<\/p>\n\n\n\n<p>\u201cIMPOSIBLE tener un juicio justo en Washington DC, que es 95%&nbsp;<strong>antiTrump<\/strong>, por lo que he pedido una TOMA DE CONTROL Federal para devolver la Grandeza a nuestra Capital\u201d, dijo en su red social Truth.<\/p>\n\n\n\n<p>El expresidente republicano&nbsp;<strong>ha sido acusado por cuatro cargos<\/strong>: conspiraci\u00f3n para defraudar a Estados Unidos, conspiraci\u00f3n para obstruir un procedimiento oficial, obstrucci\u00f3n e intento de obstruir un procedimiento oficial y conspiraci\u00f3n contra derechos.<\/p>\n\n\n\n<p>El cargo por conspiraci\u00f3n por defraudar, podr\u00eda costarle una pena m\u00e1xima de cinco a\u00f1os de c\u00e1rcel. El segundo y el tercero tendr\u00eda una pena de veinte a\u00f1os; en tanto, el cuarto cargo ser\u00eda de 10 a\u00f1os de prisi\u00f3n.<\/p>\n","protected":false},"excerpt":{"rendered":"<p>Ha dicho que es inocente, luego de que fuera se\u00f1alado por obstruir las elecciones donde perdi\u00f3 ante Joe Biden Estados Unidos. Donald Trump se declar\u00f3 no culpable de los cargos de conspiraci\u00f3n para obstruir las elecciones presidenciales de 2020 e interferir con los derechos de voto de millones de personas estadounidenses. El expresidente fue procesado [&hellip;]<\/p>\n","protected":false},"author":21,"featured_media":54371,"comment_status":"open","ping_status":"open","sticky":false,"template":"","format":"standard","meta":{"tdm_status":"","tdm_grid_status":"","footnotes":""},"categories":[39,1],"tags":[],"class_list":{"0":"post-54369","1":"post","2":"type-post","3":"status-publish","4":"format-standard","5":"has-post-thumbnail","7":"category-noticias-nacionales","8":"category-sin-categoria"},"yoast_head":"<!-- This site is optimized with the Yoast SEO plugin v27.5 - https:\/\/yoast.com\/product\/yoast-seo-wordpress\/ -->\n<title>Trump se declara \u2018no culpable\u2019 por cargos de conspiraci\u00f3n sobre elecciones 2020 - Fuentes Fidedignas<\/title>\n<meta name=\"robots\" content=\"index, follow, max-snippet:-1, max-image-preview:large, max-video-preview:-1\" \/>\n<link rel=\"canonical\" href=\"https:\/\/fuentesfidedignas.com.mx\/index.php\/2023\/08\/03\/trump-se-declara-no-culpable-por-cargos-de-conspiracion-sobre-elecciones-2020\/\" \/>\n<meta property=\"og:locale\" content=\"es_MX\" \/>\n<meta property=\"og:type\" content=\"article\" \/>\n<meta property=\"og:title\" content=\"Trump se declara \u2018no culpable\u2019 por cargos de conspiraci\u00f3n sobre elecciones 2020 - Fuentes Fidedignas\" \/>\n<meta property=\"og:description\" content=\"Ha dicho que es inocente, luego de que fuera se\u00f1alado por obstruir las elecciones donde perdi\u00f3 ante Joe Biden Estados Unidos. Donald Trump se declar\u00f3 no culpable de los cargos de conspiraci\u00f3n para obstruir las elecciones presidenciales de 2020 e interferir con los derechos de voto de millones de personas estadounidenses. El expresidente fue procesado [&hellip;]\" \/>\n<meta property=\"og:url\" content=\"https:\/\/fuentesfidedignas.com.mx\/index.php\/2023\/08\/03\/trump-se-declara-no-culpable-por-cargos-de-conspiracion-sobre-elecciones-2020\/\" \/>\n<meta property=\"og:site_name\" content=\"Fuentes Fidedignas\" \/>\n<meta property=\"article:publisher\" content=\"https:\/\/www.facebook.com\/Fuentes-Fidedignas-368234489921644\" \/>\n<meta property=\"article:published_time\" content=\"2023-08-03T21:36:52+00:00\" \/>\n<meta property=\"article:modified_time\" content=\"2023-08-03T21:38:07+00:00\" \/>\n<meta property=\"og:image\" content=\"https:\/\/fuentesfidedignas.com.mx\/wp-content\/uploads\/2023\/08\/Screenshot_20230803_143758_Chrome.jpg\" \/>\n\t<meta property=\"og:image:width\" content=\"1064\" \/>\n\t<meta property=\"og:image:height\" content=\"600\" \/>\n\t<meta property=\"og:image:type\" content=\"image\/jpeg\" \/>\n<meta name=\"author\" content=\"El Financiero\" \/>\n<meta name=\"twitter:card\" content=\"summary_large_image\" \/>\n<meta name=\"twitter:creator\" content=\"@fidedignas\" \/>\n<meta name=\"twitter:site\" content=\"@fidedignas\" \/>\n<meta name=\"twitter:label1\" content=\"Escrito por\" \/>\n\t<meta name=\"twitter:data1\" content=\"El Financiero\" \/>\n\t<meta name=\"twitter:label2\" content=\"Tiempo de lectura\" \/>\n\t<meta name=\"twitter:data2\" content=\"2 minutos\" \/>\n<script type=\"application\/ld+json\" class=\"yoast-schema-graph\">{\"@context\":\"https:\\\/\\\/schema.org\",\"@graph\":[{\"@type\":\"Article\",\"@id\":\"https:\\\/\\\/fuentesfidedignas.com.mx\\\/index.php\\\/2023\\\/08\\\/03\\\/trump-se-declara-no-culpable-por-cargos-de-conspiracion-sobre-elecciones-2020\\\/#article\",\"isPartOf\":{\"@id\":\"https:\\\/\\\/fuentesfidedignas.com.mx\\\/index.php\\\/2023\\\/08\\\/03\\\/trump-se-declara-no-culpable-por-cargos-de-conspiracion-sobre-elecciones-2020\\\/\"},\"author\":{\"name\":\"El Financiero\",\"@id\":\"https:\\\/\\\/fuentesfidedignas.com.mx\\\/#\\\/schema\\\/person\\\/494f7e0dce8dfaaec5b64f16615b78e9\"},\"headline\":\"Trump se declara \u2018no culpable\u2019 por cargos de conspiraci\u00f3n sobre elecciones 2020\",\"datePublished\":\"2023-08-03T21:36:52+00:00\",\"dateModified\":\"2023-08-03T21:38:07+00:00\",\"mainEntityOfPage\":{\"@id\":\"https:\\\/\\\/fuentesfidedignas.com.mx\\\/index.php\\\/2023\\\/08\\\/03\\\/trump-se-declara-no-culpable-por-cargos-de-conspiracion-sobre-elecciones-2020\\\/\"},\"wordCount\":375,\"commentCount\":0,\"publisher\":{\"@id\":\"https:\\\/\\\/fuentesfidedignas.com.mx\\\/#organization\"},\"image\":{\"@id\":\"https:\\\/\\\/fuentesfidedignas.com.mx\\\/index.php\\\/2023\\\/08\\\/03\\\/trump-se-declara-no-culpable-por-cargos-de-conspiracion-sobre-elecciones-2020\\\/#primaryimage\"},\"thumbnailUrl\":\"https:\\\/\\\/fuentesfidedignas.com.mx\\\/wp-content\\\/uploads\\\/2023\\\/08\\\/Screenshot_20230803_143758_Chrome.jpg\",\"articleSection\":[\"NOTICIAS NACIONALES\"],\"inLanguage\":\"es\",\"potentialAction\":[{\"@type\":\"CommentAction\",\"name\":\"Comment\",\"target\":[\"https:\\\/\\\/fuentesfidedignas.com.mx\\\/index.php\\\/2023\\\/08\\\/03\\\/trump-se-declara-no-culpable-por-cargos-de-conspiracion-sobre-elecciones-2020\\\/#respond\"]}]},{\"@type\":\"WebPage\",\"@id\":\"https:\\\/\\\/fuentesfidedignas.com.mx\\\/index.php\\\/2023\\\/08\\\/03\\\/trump-se-declara-no-culpable-por-cargos-de-conspiracion-sobre-elecciones-2020\\\/\",\"url\":\"https:\\\/\\\/fuentesfidedignas.com.mx\\\/index.php\\\/2023\\\/08\\\/03\\\/trump-se-declara-no-culpable-por-cargos-de-conspiracion-sobre-elecciones-2020\\\/\",\"name\":\"Trump se declara \u2018no culpable\u2019 por cargos de conspiraci\u00f3n sobre elecciones 2020 - Fuentes Fidedignas\",\"isPartOf\":{\"@id\":\"https:\\\/\\\/fuentesfidedignas.com.mx\\\/#website\"},\"primaryImageOfPage\":{\"@id\":\"https:\\\/\\\/fuentesfidedignas.com.mx\\\/index.php\\\/2023\\\/08\\\/03\\\/trump-se-declara-no-culpable-por-cargos-de-conspiracion-sobre-elecciones-2020\\\/#primaryimage\"},\"image\":{\"@id\":\"https:\\\/\\\/fuentesfidedignas.com.mx\\\/index.php\\\/2023\\\/08\\\/03\\\/trump-se-declara-no-culpable-por-cargos-de-conspiracion-sobre-elecciones-2020\\\/#primaryimage\"},\"thumbnailUrl\":\"https:\\\/\\\/fuentesfidedignas.com.mx\\\/wp-content\\\/uploads\\\/2023\\\/08\\\/Screenshot_20230803_143758_Chrome.jpg\",\"datePublished\":\"2023-08-03T21:36:52+00:00\",\"dateModified\":\"2023-08-03T21:38:07+00:00\",\"breadcrumb\":{\"@id\":\"https:\\\/\\\/fuentesfidedignas.com.mx\\\/index.php\\\/2023\\\/08\\\/03\\\/trump-se-declara-no-culpable-por-cargos-de-conspiracion-sobre-elecciones-2020\\\/#breadcrumb\"},\"inLanguage\":\"es\",\"potentialAction\":[{\"@type\":\"ReadAction\",\"target\":[\"https:\\\/\\\/fuentesfidedignas.com.mx\\\/index.php\\\/2023\\\/08\\\/03\\\/trump-se-declara-no-culpable-por-cargos-de-conspiracion-sobre-elecciones-2020\\\/\"]}]},{\"@type\":\"ImageObject\",\"inLanguage\":\"es\",\"@id\":\"https:\\\/\\\/fuentesfidedignas.com.mx\\\/index.php\\\/2023\\\/08\\\/03\\\/trump-se-declara-no-culpable-por-cargos-de-conspiracion-sobre-elecciones-2020\\\/#primaryimage\",\"url\":\"https:\\\/\\\/fuentesfidedignas.com.mx\\\/wp-content\\\/uploads\\\/2023\\\/08\\\/Screenshot_20230803_143758_Chrome.jpg\",\"contentUrl\":\"https:\\\/\\\/fuentesfidedignas.com.mx\\\/wp-content\\\/uploads\\\/2023\\\/08\\\/Screenshot_20230803_143758_Chrome.jpg\",\"width\":1064,\"height\":600},{\"@type\":\"BreadcrumbList\",\"@id\":\"https:\\\/\\\/fuentesfidedignas.com.mx\\\/index.php\\\/2023\\\/08\\\/03\\\/trump-se-declara-no-culpable-por-cargos-de-conspiracion-sobre-elecciones-2020\\\/#breadcrumb\",\"itemListElement\":[{\"@type\":\"ListItem\",\"position\":1,\"name\":\"Inicio\",\"item\":\"https:\\\/\\\/fuentesfidedignas.com.mx\\\/\"},{\"@type\":\"ListItem\",\"position\":2,\"name\":\"Trump se declara \u2018no culpable\u2019 por cargos de conspiraci\u00f3n sobre elecciones 2020\"}]},{\"@type\":\"WebSite\",\"@id\":\"https:\\\/\\\/fuentesfidedignas.com.mx\\\/#website\",\"url\":\"https:\\\/\\\/fuentesfidedignas.com.mx\\\/\",\"name\":\"Fuentes Fidedignas\",\"description\":\"Otro sitio realizado con WordPress\",\"publisher\":{\"@id\":\"https:\\\/\\\/fuentesfidedignas.com.mx\\\/#organization\"},\"potentialAction\":[{\"@type\":\"SearchAction\",\"target\":{\"@type\":\"EntryPoint\",\"urlTemplate\":\"https:\\\/\\\/fuentesfidedignas.com.mx\\\/?s={search_term_string}\"},\"query-input\":{\"@type\":\"PropertyValueSpecification\",\"valueRequired\":true,\"valueName\":\"search_term_string\"}}],\"inLanguage\":\"es\"},{\"@type\":\"Organization\",\"@id\":\"https:\\\/\\\/fuentesfidedignas.com.mx\\\/#organization\",\"name\":\"Fuentes Fidedignas\",\"url\":\"https:\\\/\\\/fuentesfidedignas.com.mx\\\/\",\"logo\":{\"@type\":\"ImageObject\",\"inLanguage\":\"es\",\"@id\":\"https:\\\/\\\/fuentesfidedignas.com.mx\\\/#\\\/schema\\\/logo\\\/image\\\/\",\"url\":\"https:\\\/\\\/fuentesfidedignas.com.mx\\\/wp-content\\\/uploads\\\/2021\\\/04\\\/logo-retina.png\",\"contentUrl\":\"https:\\\/\\\/fuentesfidedignas.com.mx\\\/wp-content\\\/uploads\\\/2021\\\/04\\\/logo-retina.png\",\"width\":280,\"height\":51,\"caption\":\"Fuentes Fidedignas\"},\"image\":{\"@id\":\"https:\\\/\\\/fuentesfidedignas.com.mx\\\/#\\\/schema\\\/logo\\\/image\\\/\"},\"sameAs\":[\"https:\\\/\\\/www.facebook.com\\\/Fuentes-Fidedignas-368234489921644\",\"https:\\\/\\\/x.com\\\/fidedignas\"]},{\"@type\":\"Person\",\"@id\":\"https:\\\/\\\/fuentesfidedignas.com.mx\\\/#\\\/schema\\\/person\\\/494f7e0dce8dfaaec5b64f16615b78e9\",\"name\":\"El Financiero\",\"image\":{\"@type\":\"ImageObject\",\"inLanguage\":\"es\",\"@id\":\"https:\\\/\\\/secure.gravatar.com\\\/avatar\\\/88c0f3f2079389318ef8dd35c22cb997212aa89646e357ba59b318db26ed91a9?s=96&d=mm&r=g\",\"url\":\"https:\\\/\\\/secure.gravatar.com\\\/avatar\\\/88c0f3f2079389318ef8dd35c22cb997212aa89646e357ba59b318db26ed91a9?s=96&d=mm&r=g\",\"contentUrl\":\"https:\\\/\\\/secure.gravatar.com\\\/avatar\\\/88c0f3f2079389318ef8dd35c22cb997212aa89646e357ba59b318db26ed91a9?s=96&d=mm&r=g\",\"caption\":\"El Financiero\"},\"url\":\"https:\\\/\\\/fuentesfidedignas.com.mx\\\/index.php\\\/author\\\/financiero\\\/\"}]}<\/script>\n<!-- \/ Yoast SEO plugin. -->","yoast_head_json":{"title":"Trump se declara \u2018no culpable\u2019 por cargos de conspiraci\u00f3n sobre elecciones 2020 - Fuentes Fidedignas","robots":{"index":"index","follow":"follow","max-snippet":"max-snippet:-1","max-image-preview":"max-image-preview:large","max-video-preview":"max-video-preview:-1"},"canonical":"https:\/\/fuentesfidedignas.com.mx\/index.php\/2023\/08\/03\/trump-se-declara-no-culpable-por-cargos-de-conspiracion-sobre-elecciones-2020\/","og_locale":"es_MX","og_type":"article","og_title":"Trump se declara \u2018no culpable\u2019 por cargos de conspiraci\u00f3n sobre elecciones 2020 - Fuentes Fidedignas","og_description":"Ha dicho que es inocente, luego de que fuera se\u00f1alado por obstruir las elecciones donde perdi\u00f3 ante Joe Biden Estados Unidos. Donald Trump se declar\u00f3 no culpable de los cargos de conspiraci\u00f3n para obstruir las elecciones presidenciales de 2020 e interferir con los derechos de voto de millones de personas estadounidenses. El expresidente fue procesado [&hellip;]","og_url":"https:\/\/fuentesfidedignas.com.mx\/index.php\/2023\/08\/03\/trump-se-declara-no-culpable-por-cargos-de-conspiracion-sobre-elecciones-2020\/","og_site_name":"Fuentes Fidedignas","article_publisher":"https:\/\/www.facebook.com\/Fuentes-Fidedignas-368234489921644","article_published_time":"2023-08-03T21:36:52+00:00","article_modified_time":"2023-08-03T21:38:07+00:00","og_image":[{"width":1064,"height":600,"url":"https:\/\/fuentesfidedignas.com.mx\/wp-content\/uploads\/2023\/08\/Screenshot_20230803_143758_Chrome.jpg","type":"image\/jpeg"}],"author":"El Financiero","twitter_card":"summary_large_image","twitter_creator":"@fidedignas","twitter_site":"@fidedignas","twitter_misc":{"Escrito por":"El Financiero","Tiempo de lectura":"2 minutos"},"schema":{"@context":"https:\/\/schema.org","@graph":[{"@type":"Article","@id":"https:\/\/fuentesfidedignas.com.mx\/index.php\/2023\/08\/03\/trump-se-declara-no-culpable-por-cargos-de-conspiracion-sobre-elecciones-2020\/#article","isPartOf":{"@id":"https:\/\/fuentesfidedignas.com.mx\/index.php\/2023\/08\/03\/trump-se-declara-no-culpable-por-cargos-de-conspiracion-sobre-elecciones-2020\/"},"author":{"name":"El Financiero","@id":"https:\/\/fuentesfidedignas.com.mx\/#\/schema\/person\/494f7e0dce8dfaaec5b64f16615b78e9"},"headline":"Trump se declara \u2018no culpable\u2019 por cargos de conspiraci\u00f3n sobre elecciones 2020","datePublished":"2023-08-03T21:36:52+00:00","dateModified":"2023-08-03T21:38:07+00:00","mainEntityOfPage":{"@id":"https:\/\/fuentesfidedignas.com.mx\/index.php\/2023\/08\/03\/trump-se-declara-no-culpable-por-cargos-de-conspiracion-sobre-elecciones-2020\/"},"wordCount":375,"commentCount":0,"publisher":{"@id":"https:\/\/fuentesfidedignas.com.mx\/#organization"},"image":{"@id":"https:\/\/fuentesfidedignas.com.mx\/index.php\/2023\/08\/03\/trump-se-declara-no-culpable-por-cargos-de-conspiracion-sobre-elecciones-2020\/#primaryimage"},"thumbnailUrl":"https:\/\/fuentesfidedignas.com.mx\/wp-content\/uploads\/2023\/08\/Screenshot_20230803_143758_Chrome.jpg","articleSection":["NOTICIAS NACIONALES"],"inLanguage":"es","potentialAction":[{"@type":"CommentAction","name":"Comment","target":["https:\/\/fuentesfidedignas.com.mx\/index.php\/2023\/08\/03\/trump-se-declara-no-culpable-por-cargos-de-conspiracion-sobre-elecciones-2020\/#respond"]}]},{"@type":"WebPage","@id":"https:\/\/fuentesfidedignas.com.mx\/index.php\/2023\/08\/03\/trump-se-declara-no-culpable-por-cargos-de-conspiracion-sobre-elecciones-2020\/","url":"https:\/\/fuentesfidedignas.com.mx\/index.php\/2023\/08\/03\/trump-se-declara-no-culpable-por-cargos-de-conspiracion-sobre-elecciones-2020\/","name":"Trump se declara \u2018no culpable\u2019 por cargos de conspiraci\u00f3n sobre elecciones 2020 - Fuentes Fidedignas","isPartOf":{"@id":"https:\/\/fuentesfidedignas.com.mx\/#website"},"primaryImageOfPage":{"@id":"https:\/\/fuentesfidedignas.com.mx\/index.php\/2023\/08\/03\/trump-se-declara-no-culpable-por-cargos-de-conspiracion-sobre-elecciones-2020\/#primaryimage"},"image":{"@id":"https:\/\/fuentesfidedignas.com.mx\/index.php\/2023\/08\/03\/trump-se-declara-no-culpable-por-cargos-de-conspiracion-sobre-elecciones-2020\/#primaryimage"},"thumbnailUrl":"https:\/\/fuentesfidedignas.com.mx\/wp-content\/uploads\/2023\/08\/Screenshot_20230803_143758_Chrome.jpg","datePublished":"2023-08-03T21:36:52+00:00","dateModified":"2023-08-03T21:38:07+00:00","breadcrumb":{"@id":"https:\/\/fuentesfidedignas.com.mx\/index.php\/2023\/08\/03\/trump-se-declara-no-culpable-por-cargos-de-conspiracion-sobre-elecciones-2020\/#breadcrumb"},"inLanguage":"es","potentialAction":[{"@type":"ReadAction","target":["https:\/\/fuentesfidedignas.com.mx\/index.php\/2023\/08\/03\/trump-se-declara-no-culpable-por-cargos-de-conspiracion-sobre-elecciones-2020\/"]}]},{"@type":"ImageObject","inLanguage":"es","@id":"https:\/\/fuentesfidedignas.com.mx\/index.php\/2023\/08\/03\/trump-se-declara-no-culpable-por-cargos-de-conspiracion-sobre-elecciones-2020\/#primaryimage","url":"https:\/\/fuentesfidedignas.com.mx\/wp-content\/uploads\/2023\/08\/Screenshot_20230803_143758_Chrome.jpg","contentUrl":"https:\/\/fuentesfidedignas.com.mx\/wp-content\/uploads\/2023\/08\/Screenshot_20230803_143758_Chrome.jpg","width":1064,"height":600},{"@type":"BreadcrumbList","@id":"https:\/\/fuentesfidedignas.com.mx\/index.php\/2023\/08\/03\/trump-se-declara-no-culpable-por-cargos-de-conspiracion-sobre-elecciones-2020\/#breadcrumb","itemListElement":[{"@type":"ListItem","position":1,"name":"Inicio","item":"https:\/\/fuentesfidedignas.com.mx\/"},{"@type":"ListItem","position":2,"name":"Trump se declara \u2018no culpable\u2019 por cargos de conspiraci\u00f3n sobre elecciones 2020"}]},{"@type":"WebSite","@id":"https:\/\/fuentesfidedignas.com.mx\/#website","url":"https:\/\/fuentesfidedignas.com.mx\/","name":"Fuentes Fidedignas","description":"Otro sitio realizado con WordPress","publisher":{"@id":"https:\/\/fuentesfidedignas.com.mx\/#organization"},"potentialAction":[{"@type":"SearchAction","target":{"@type":"EntryPoint","urlTemplate":"https:\/\/fuentesfidedignas.com.mx\/?s={search_term_string}"},"query-input":{"@type":"PropertyValueSpecification","valueRequired":true,"valueName":"search_term_string"}}],"inLanguage":"es"},{"@type":"Organization","@id":"https:\/\/fuentesfidedignas.com.mx\/#organization","name":"Fuentes Fidedignas","url":"https:\/\/fuentesfidedignas.com.mx\/","logo":{"@type":"ImageObject","inLanguage":"es","@id":"https:\/\/fuentesfidedignas.com.mx\/#\/schema\/logo\/image\/","url":"https:\/\/fuentesfidedignas.com.mx\/wp-content\/uploads\/2021\/04\/logo-retina.png","contentUrl":"https:\/\/fuentesfidedignas.com.mx\/wp-content\/uploads\/2021\/04\/logo-retina.png","width":280,"height":51,"caption":"Fuentes Fidedignas"},"image":{"@id":"https:\/\/fuentesfidedignas.com.mx\/#\/schema\/logo\/image\/"},"sameAs":["https:\/\/www.facebook.com\/Fuentes-Fidedignas-368234489921644","https:\/\/x.com\/fidedignas"]},{"@type":"Person","@id":"https:\/\/fuentesfidedignas.com.mx\/#\/schema\/person\/494f7e0dce8dfaaec5b64f16615b78e9","name":"El Financiero","image":{"@type":"ImageObject","inLanguage":"es","@id":"https:\/\/secure.gravatar.com\/avatar\/88c0f3f2079389318ef8dd35c22cb997212aa89646e357ba59b318db26ed91a9?s=96&d=mm&r=g","url":"https:\/\/secure.gravatar.com\/avatar\/88c0f3f2079389318ef8dd35c22cb997212aa89646e357ba59b318db26ed91a9?s=96&d=mm&r=g","contentUrl":"https:\/\/secure.gravatar.com\/avatar\/88c0f3f2079389318ef8dd35c22cb997212aa89646e357ba59b318db26ed91a9?s=96&d=mm&r=g","caption":"El Financiero"},"url":"https:\/\/fuentesfidedignas.com.mx\/index.php\/author\/financiero\/"}]}},"_links":{"self":[{"href":"https:\/\/fuentesfidedignas.com.mx\/index.php\/wp-json\/wp\/v2\/posts\/54369","targetHints":{"allow":["GET"]}}],"collection":[{"href":"https:\/\/fuentesfidedignas.com.mx\/index.php\/wp-json\/wp\/v2\/posts"}],"about":[{"href":"https:\/\/fuentesfidedignas.com.mx\/index.php\/wp-json\/wp\/v2\/types\/post"}],"author":[{"embeddable":true,"href":"https:\/\/fuentesfidedignas.com.mx\/index.php\/wp-json\/wp\/v2\/users\/21"}],"replies":[{"embeddable":true,"href":"https:\/\/fuentesfidedignas.com.mx\/index.php\/wp-json\/wp\/v2\/comments?post=54369"}],"version-history":[{"count":1,"href":"https:\/\/fuentesfidedignas.com.mx\/index.php\/wp-json\/wp\/v2\/posts\/54369\/revisions"}],"predecessor-version":[{"id":54370,"href":"https:\/\/fuentesfidedignas.com.mx\/index.php\/wp-json\/wp\/v2\/posts\/54369\/revisions\/54370"}],"wp:featuredmedia":[{"embeddable":true,"href":"https:\/\/fuentesfidedignas.com.mx\/index.php\/wp-json\/wp\/v2\/media\/54371"}],"wp:attachment":[{"href":"https:\/\/fuentesfidedignas.com.mx\/index.php\/wp-json\/wp\/v2\/media?parent=54369"}],"wp:term":[{"taxonomy":"category","embeddable":true,"href":"https:\/\/fuentesfidedignas.com.mx\/index.php\/wp-json\/wp\/v2\/categories?post=54369"},{"taxonomy":"post_tag","embeddable":true,"href":"https:\/\/fuentesfidedignas.com.mx\/index.php\/wp-json\/wp\/v2\/tags?post=54369"}],"curies":[{"name":"wp","href":"https:\/\/api.w.org\/{rel}","templated":true}]}}