{"id":54244,"date":"2023-08-02T13:52:32","date_gmt":"2023-08-02T20:52:32","guid":{"rendered":"https:\/\/fuentesfidedignas.com.mx\/?p=54244"},"modified":"2023-08-02T13:54:02","modified_gmt":"2023-08-02T20:54:02","slug":"investigador-de-la-uas-y-agricultores-desarrollan-alianza-para-la-conservacion-de-los-murcielagos","status":"publish","type":"post","link":"https:\/\/fuentesfidedignas.com.mx\/index.php\/2023\/08\/02\/investigador-de-la-uas-y-agricultores-desarrollan-alianza-para-la-conservacion-de-los-murcielagos\/","title":{"rendered":"Investigador de la UAS y agricultores desarrollan alianza para la conservaci\u00f3n de los murci\u00e9lagos"},"content":{"rendered":"\n<p><\/p>\n\n\n\n<p>Ahome, Sin. Desarrollar de manera conjunta con agricultores de los valles agr\u00edcolas del norte de Sinaloa, espec\u00edficamente del valle del r\u00edo fuerte una alianza por la conservaci\u00f3n de murci\u00e9lagos de esa regi\u00f3n por considerarse una especie que abona al control de plagas, es lo que busca Jos\u00e9 Alfredo Leal Sandoval.<\/p>\n\n\n\n<p>El investigador de la Facultad de Biolog\u00eda de la Universidad Aut\u00f3noma de Sinaloa (UAS), quien realiza exploraciones con estos animales, los cuales forman grandes colonias, consider\u00f3 de importancia conservar su h\u00e1bitat que son sus cuevas y con ello disminuir el uso de insecticidas, record\u00e1ndonos que la calidad de vida est\u00e1 ligada a los servicios ecosist\u00e9micos que la fauna y la flora realizan.<\/p>\n\n\n\n<p>\u201cSi quitamos a los murci\u00e9lagos de la ecuaci\u00f3n, la cantidad de insecticida que necesitar\u00e1n para producir lo que producen no ser\u00eda viable y en cuanto a los fertilizantes, el guano se utiliza como un fertilizante\u201d, indic\u00f3.<\/p>\n\n\n\n<p>Sin embargo, este \u00faltimo en su uso incide en la p\u00e9rdida de colonias al ser perturbados al concentrarlos. Por ello sugiri\u00f3 que hay formas para su aprovechamiento de manera m\u00e1s ordenada.<\/p>\n\n\n\n<p>Entre lo que es su l\u00ednea de investigaci\u00f3n, otras aristas de importancia que contempla Leal Sandoval es abrir una brecha entre las nuevas generaciones de bi\u00f3logos y productores, adem\u00e1s de seguir aportando a la investigaci\u00f3n cient\u00edfica como facultad y como instituci\u00f3n educativa.<\/p>\n\n\n\n<p>En Sinaloa existen alrededor de 60 especies y entre sus beneficios est\u00e1 que algunas son controladoras de plagas, adem\u00e1s de ser polinizadores y dispersores de semilla, as\u00ed como de utilidad m\u00e9dica.<\/p>\n","protected":false},"excerpt":{"rendered":"<p>Ahome, Sin. Desarrollar de manera conjunta con agricultores de los valles agr\u00edcolas del norte de Sinaloa, espec\u00edficamente del valle del r\u00edo fuerte una alianza por la conservaci\u00f3n de murci\u00e9lagos de esa regi\u00f3n por considerarse una especie que abona al control de plagas, es lo que busca Jos\u00e9 Alfredo Leal Sandoval. El investigador de la Facultad [&hellip;]<\/p>\n","protected":false},"author":4,"featured_media":54246,"comment_status":"open","ping_status":"open","sticky":false,"template":"","format":"standard","meta":{"tdm_status":"","tdm_grid_status":"","footnotes":""},"categories":[38,1],"tags":[],"class_list":{"0":"post-54244","1":"post","2":"type-post","3":"status-publish","4":"format-standard","5":"has-post-thumbnail","7":"category-noticias-locales","8":"category-sin-categoria"},"yoast_head":"<!-- This site is optimized with the Yoast SEO plugin v27.5 - https:\/\/yoast.com\/product\/yoast-seo-wordpress\/ -->\n<title>Investigador de la UAS y agricultores desarrollan alianza para la conservaci\u00f3n de los murci\u00e9lagos - Fuentes Fidedignas<\/title>\n<meta name=\"robots\" content=\"index, follow, max-snippet:-1, max-image-preview:large, max-video-preview:-1\" \/>\n<link rel=\"canonical\" href=\"https:\/\/fuentesfidedignas.com.mx\/index.php\/2023\/08\/02\/investigador-de-la-uas-y-agricultores-desarrollan-alianza-para-la-conservacion-de-los-murcielagos\/\" \/>\n<meta property=\"og:locale\" content=\"es_MX\" \/>\n<meta property=\"og:type\" content=\"article\" \/>\n<meta property=\"og:title\" content=\"Investigador de la UAS y agricultores desarrollan alianza para la conservaci\u00f3n de los murci\u00e9lagos - Fuentes Fidedignas\" \/>\n<meta property=\"og:description\" content=\"Ahome, Sin. Desarrollar de manera conjunta con agricultores de los valles agr\u00edcolas del norte de Sinaloa, espec\u00edficamente del valle del r\u00edo fuerte una alianza por la conservaci\u00f3n de murci\u00e9lagos de esa regi\u00f3n por considerarse una especie que abona al control de plagas, es lo que busca Jos\u00e9 Alfredo Leal Sandoval. El investigador de la Facultad [&hellip;]\" \/>\n<meta property=\"og:url\" content=\"https:\/\/fuentesfidedignas.com.mx\/index.php\/2023\/08\/02\/investigador-de-la-uas-y-agricultores-desarrollan-alianza-para-la-conservacion-de-los-murcielagos\/\" \/>\n<meta property=\"og:site_name\" content=\"Fuentes Fidedignas\" \/>\n<meta property=\"article:publisher\" content=\"https:\/\/www.facebook.com\/Fuentes-Fidedignas-368234489921644\" \/>\n<meta property=\"article:published_time\" content=\"2023-08-02T20:52:32+00:00\" \/>\n<meta property=\"article:modified_time\" content=\"2023-08-02T20:54:02+00:00\" \/>\n<meta property=\"og:image\" content=\"https:\/\/fuentesfidedignas.com.mx\/wp-content\/uploads\/2023\/08\/BIOLOGIA-ALFREDO-LEAL-INVESTIGACION-CON-MURCIELAGOS-11.jpg\" \/>\n\t<meta property=\"og:image:width\" content=\"1500\" \/>\n\t<meta property=\"og:image:height\" content=\"1000\" \/>\n\t<meta property=\"og:image:type\" content=\"image\/jpeg\" \/>\n<meta name=\"author\" content=\"Redacci\u00f3n\" \/>\n<meta name=\"twitter:card\" content=\"summary_large_image\" \/>\n<meta name=\"twitter:creator\" content=\"@fidedignas\" \/>\n<meta name=\"twitter:site\" content=\"@fidedignas\" \/>\n<meta name=\"twitter:label1\" content=\"Escrito por\" \/>\n\t<meta name=\"twitter:data1\" content=\"Redacci\u00f3n\" \/>\n\t<meta name=\"twitter:label2\" content=\"Tiempo de lectura\" \/>\n\t<meta name=\"twitter:data2\" content=\"2 minutos\" \/>\n<script type=\"application\/ld+json\" class=\"yoast-schema-graph\">{\"@context\":\"https:\\\/\\\/schema.org\",\"@graph\":[{\"@type\":\"Article\",\"@id\":\"https:\\\/\\\/fuentesfidedignas.com.mx\\\/index.php\\\/2023\\\/08\\\/02\\\/investigador-de-la-uas-y-agricultores-desarrollan-alianza-para-la-conservacion-de-los-murcielagos\\\/#article\",\"isPartOf\":{\"@id\":\"https:\\\/\\\/fuentesfidedignas.com.mx\\\/index.php\\\/2023\\\/08\\\/02\\\/investigador-de-la-uas-y-agricultores-desarrollan-alianza-para-la-conservacion-de-los-murcielagos\\\/\"},\"author\":{\"name\":\"Redacci\u00f3n\",\"@id\":\"https:\\\/\\\/fuentesfidedignas.com.mx\\\/#\\\/schema\\\/person\\\/331be9283d37198e2acd5750279085b0\"},\"headline\":\"Investigador de la UAS y agricultores desarrollan alianza para la conservaci\u00f3n de los murci\u00e9lagos\",\"datePublished\":\"2023-08-02T20:52:32+00:00\",\"dateModified\":\"2023-08-02T20:54:02+00:00\",\"mainEntityOfPage\":{\"@id\":\"https:\\\/\\\/fuentesfidedignas.com.mx\\\/index.php\\\/2023\\\/08\\\/02\\\/investigador-de-la-uas-y-agricultores-desarrollan-alianza-para-la-conservacion-de-los-murcielagos\\\/\"},\"wordCount\":293,\"commentCount\":0,\"publisher\":{\"@id\":\"https:\\\/\\\/fuentesfidedignas.com.mx\\\/#organization\"},\"image\":{\"@id\":\"https:\\\/\\\/fuentesfidedignas.com.mx\\\/index.php\\\/2023\\\/08\\\/02\\\/investigador-de-la-uas-y-agricultores-desarrollan-alianza-para-la-conservacion-de-los-murcielagos\\\/#primaryimage\"},\"thumbnailUrl\":\"https:\\\/\\\/fuentesfidedignas.com.mx\\\/wp-content\\\/uploads\\\/2023\\\/08\\\/BIOLOGIA-ALFREDO-LEAL-INVESTIGACION-CON-MURCIELAGOS-11.jpg\",\"articleSection\":[\"NOTICIAS LOCALES\"],\"inLanguage\":\"es\",\"potentialAction\":[{\"@type\":\"CommentAction\",\"name\":\"Comment\",\"target\":[\"https:\\\/\\\/fuentesfidedignas.com.mx\\\/index.php\\\/2023\\\/08\\\/02\\\/investigador-de-la-uas-y-agricultores-desarrollan-alianza-para-la-conservacion-de-los-murcielagos\\\/#respond\"]}]},{\"@type\":\"WebPage\",\"@id\":\"https:\\\/\\\/fuentesfidedignas.com.mx\\\/index.php\\\/2023\\\/08\\\/02\\\/investigador-de-la-uas-y-agricultores-desarrollan-alianza-para-la-conservacion-de-los-murcielagos\\\/\",\"url\":\"https:\\\/\\\/fuentesfidedignas.com.mx\\\/index.php\\\/2023\\\/08\\\/02\\\/investigador-de-la-uas-y-agricultores-desarrollan-alianza-para-la-conservacion-de-los-murcielagos\\\/\",\"name\":\"Investigador de la UAS y agricultores desarrollan alianza para la conservaci\u00f3n de los murci\u00e9lagos - Fuentes Fidedignas\",\"isPartOf\":{\"@id\":\"https:\\\/\\\/fuentesfidedignas.com.mx\\\/#website\"},\"primaryImageOfPage\":{\"@id\":\"https:\\\/\\\/fuentesfidedignas.com.mx\\\/index.php\\\/2023\\\/08\\\/02\\\/investigador-de-la-uas-y-agricultores-desarrollan-alianza-para-la-conservacion-de-los-murcielagos\\\/#primaryimage\"},\"image\":{\"@id\":\"https:\\\/\\\/fuentesfidedignas.com.mx\\\/index.php\\\/2023\\\/08\\\/02\\\/investigador-de-la-uas-y-agricultores-desarrollan-alianza-para-la-conservacion-de-los-murcielagos\\\/#primaryimage\"},\"thumbnailUrl\":\"https:\\\/\\\/fuentesfidedignas.com.mx\\\/wp-content\\\/uploads\\\/2023\\\/08\\\/BIOLOGIA-ALFREDO-LEAL-INVESTIGACION-CON-MURCIELAGOS-11.jpg\",\"datePublished\":\"2023-08-02T20:52:32+00:00\",\"dateModified\":\"2023-08-02T20:54:02+00:00\",\"breadcrumb\":{\"@id\":\"https:\\\/\\\/fuentesfidedignas.com.mx\\\/index.php\\\/2023\\\/08\\\/02\\\/investigador-de-la-uas-y-agricultores-desarrollan-alianza-para-la-conservacion-de-los-murcielagos\\\/#breadcrumb\"},\"inLanguage\":\"es\",\"potentialAction\":[{\"@type\":\"ReadAction\",\"target\":[\"https:\\\/\\\/fuentesfidedignas.com.mx\\\/index.php\\\/2023\\\/08\\\/02\\\/investigador-de-la-uas-y-agricultores-desarrollan-alianza-para-la-conservacion-de-los-murcielagos\\\/\"]}]},{\"@type\":\"ImageObject\",\"inLanguage\":\"es\",\"@id\":\"https:\\\/\\\/fuentesfidedignas.com.mx\\\/index.php\\\/2023\\\/08\\\/02\\\/investigador-de-la-uas-y-agricultores-desarrollan-alianza-para-la-conservacion-de-los-murcielagos\\\/#primaryimage\",\"url\":\"https:\\\/\\\/fuentesfidedignas.com.mx\\\/wp-content\\\/uploads\\\/2023\\\/08\\\/BIOLOGIA-ALFREDO-LEAL-INVESTIGACION-CON-MURCIELAGOS-11.jpg\",\"contentUrl\":\"https:\\\/\\\/fuentesfidedignas.com.mx\\\/wp-content\\\/uploads\\\/2023\\\/08\\\/BIOLOGIA-ALFREDO-LEAL-INVESTIGACION-CON-MURCIELAGOS-11.jpg\",\"width\":1500,\"height\":1000},{\"@type\":\"BreadcrumbList\",\"@id\":\"https:\\\/\\\/fuentesfidedignas.com.mx\\\/index.php\\\/2023\\\/08\\\/02\\\/investigador-de-la-uas-y-agricultores-desarrollan-alianza-para-la-conservacion-de-los-murcielagos\\\/#breadcrumb\",\"itemListElement\":[{\"@type\":\"ListItem\",\"position\":1,\"name\":\"Inicio\",\"item\":\"https:\\\/\\\/fuentesfidedignas.com.mx\\\/\"},{\"@type\":\"ListItem\",\"position\":2,\"name\":\"Investigador de la UAS y agricultores desarrollan alianza para la conservaci\u00f3n de los murci\u00e9lagos\"}]},{\"@type\":\"WebSite\",\"@id\":\"https:\\\/\\\/fuentesfidedignas.com.mx\\\/#website\",\"url\":\"https:\\\/\\\/fuentesfidedignas.com.mx\\\/\",\"name\":\"Fuentes Fidedignas\",\"description\":\"Otro sitio realizado con WordPress\",\"publisher\":{\"@id\":\"https:\\\/\\\/fuentesfidedignas.com.mx\\\/#organization\"},\"potentialAction\":[{\"@type\":\"SearchAction\",\"target\":{\"@type\":\"EntryPoint\",\"urlTemplate\":\"https:\\\/\\\/fuentesfidedignas.com.mx\\\/?s={search_term_string}\"},\"query-input\":{\"@type\":\"PropertyValueSpecification\",\"valueRequired\":true,\"valueName\":\"search_term_string\"}}],\"inLanguage\":\"es\"},{\"@type\":\"Organization\",\"@id\":\"https:\\\/\\\/fuentesfidedignas.com.mx\\\/#organization\",\"name\":\"Fuentes Fidedignas\",\"url\":\"https:\\\/\\\/fuentesfidedignas.com.mx\\\/\",\"logo\":{\"@type\":\"ImageObject\",\"inLanguage\":\"es\",\"@id\":\"https:\\\/\\\/fuentesfidedignas.com.mx\\\/#\\\/schema\\\/logo\\\/image\\\/\",\"url\":\"https:\\\/\\\/fuentesfidedignas.com.mx\\\/wp-content\\\/uploads\\\/2021\\\/04\\\/logo-retina.png\",\"contentUrl\":\"https:\\\/\\\/fuentesfidedignas.com.mx\\\/wp-content\\\/uploads\\\/2021\\\/04\\\/logo-retina.png\",\"width\":280,\"height\":51,\"caption\":\"Fuentes Fidedignas\"},\"image\":{\"@id\":\"https:\\\/\\\/fuentesfidedignas.com.mx\\\/#\\\/schema\\\/logo\\\/image\\\/\"},\"sameAs\":[\"https:\\\/\\\/www.facebook.com\\\/Fuentes-Fidedignas-368234489921644\",\"https:\\\/\\\/x.com\\\/fidedignas\"]},{\"@type\":\"Person\",\"@id\":\"https:\\\/\\\/fuentesfidedignas.com.mx\\\/#\\\/schema\\\/person\\\/331be9283d37198e2acd5750279085b0\",\"name\":\"Redacci\u00f3n\",\"image\":{\"@type\":\"ImageObject\",\"inLanguage\":\"es\",\"@id\":\"https:\\\/\\\/secure.gravatar.com\\\/avatar\\\/f6d8782c11d12b2d4ad3fbb6931aeab5309937a4d6cd2fc9cfaa28a6396a5aec?s=96&d=mm&r=g\",\"url\":\"https:\\\/\\\/secure.gravatar.com\\\/avatar\\\/f6d8782c11d12b2d4ad3fbb6931aeab5309937a4d6cd2fc9cfaa28a6396a5aec?s=96&d=mm&r=g\",\"contentUrl\":\"https:\\\/\\\/secure.gravatar.com\\\/avatar\\\/f6d8782c11d12b2d4ad3fbb6931aeab5309937a4d6cd2fc9cfaa28a6396a5aec?s=96&d=mm&r=g\",\"caption\":\"Redacci\u00f3n\"},\"url\":\"https:\\\/\\\/fuentesfidedignas.com.mx\\\/index.php\\\/author\\\/redaccion\\\/\"}]}<\/script>\n<!-- \/ Yoast SEO plugin. -->","yoast_head_json":{"title":"Investigador de la UAS y agricultores desarrollan alianza para la conservaci\u00f3n de los murci\u00e9lagos - Fuentes Fidedignas","robots":{"index":"index","follow":"follow","max-snippet":"max-snippet:-1","max-image-preview":"max-image-preview:large","max-video-preview":"max-video-preview:-1"},"canonical":"https:\/\/fuentesfidedignas.com.mx\/index.php\/2023\/08\/02\/investigador-de-la-uas-y-agricultores-desarrollan-alianza-para-la-conservacion-de-los-murcielagos\/","og_locale":"es_MX","og_type":"article","og_title":"Investigador de la UAS y agricultores desarrollan alianza para la conservaci\u00f3n de los murci\u00e9lagos - Fuentes Fidedignas","og_description":"Ahome, Sin. Desarrollar de manera conjunta con agricultores de los valles agr\u00edcolas del norte de Sinaloa, espec\u00edficamente del valle del r\u00edo fuerte una alianza por la conservaci\u00f3n de murci\u00e9lagos de esa regi\u00f3n por considerarse una especie que abona al control de plagas, es lo que busca Jos\u00e9 Alfredo Leal Sandoval. El investigador de la Facultad [&hellip;]","og_url":"https:\/\/fuentesfidedignas.com.mx\/index.php\/2023\/08\/02\/investigador-de-la-uas-y-agricultores-desarrollan-alianza-para-la-conservacion-de-los-murcielagos\/","og_site_name":"Fuentes Fidedignas","article_publisher":"https:\/\/www.facebook.com\/Fuentes-Fidedignas-368234489921644","article_published_time":"2023-08-02T20:52:32+00:00","article_modified_time":"2023-08-02T20:54:02+00:00","og_image":[{"width":1500,"height":1000,"url":"https:\/\/fuentesfidedignas.com.mx\/wp-content\/uploads\/2023\/08\/BIOLOGIA-ALFREDO-LEAL-INVESTIGACION-CON-MURCIELAGOS-11.jpg","type":"image\/jpeg"}],"author":"Redacci\u00f3n","twitter_card":"summary_large_image","twitter_creator":"@fidedignas","twitter_site":"@fidedignas","twitter_misc":{"Escrito por":"Redacci\u00f3n","Tiempo de lectura":"2 minutos"},"schema":{"@context":"https:\/\/schema.org","@graph":[{"@type":"Article","@id":"https:\/\/fuentesfidedignas.com.mx\/index.php\/2023\/08\/02\/investigador-de-la-uas-y-agricultores-desarrollan-alianza-para-la-conservacion-de-los-murcielagos\/#article","isPartOf":{"@id":"https:\/\/fuentesfidedignas.com.mx\/index.php\/2023\/08\/02\/investigador-de-la-uas-y-agricultores-desarrollan-alianza-para-la-conservacion-de-los-murcielagos\/"},"author":{"name":"Redacci\u00f3n","@id":"https:\/\/fuentesfidedignas.com.mx\/#\/schema\/person\/331be9283d37198e2acd5750279085b0"},"headline":"Investigador de la UAS y agricultores desarrollan alianza para la conservaci\u00f3n de los murci\u00e9lagos","datePublished":"2023-08-02T20:52:32+00:00","dateModified":"2023-08-02T20:54:02+00:00","mainEntityOfPage":{"@id":"https:\/\/fuentesfidedignas.com.mx\/index.php\/2023\/08\/02\/investigador-de-la-uas-y-agricultores-desarrollan-alianza-para-la-conservacion-de-los-murcielagos\/"},"wordCount":293,"commentCount":0,"publisher":{"@id":"https:\/\/fuentesfidedignas.com.mx\/#organization"},"image":{"@id":"https:\/\/fuentesfidedignas.com.mx\/index.php\/2023\/08\/02\/investigador-de-la-uas-y-agricultores-desarrollan-alianza-para-la-conservacion-de-los-murcielagos\/#primaryimage"},"thumbnailUrl":"https:\/\/fuentesfidedignas.com.mx\/wp-content\/uploads\/2023\/08\/BIOLOGIA-ALFREDO-LEAL-INVESTIGACION-CON-MURCIELAGOS-11.jpg","articleSection":["NOTICIAS LOCALES"],"inLanguage":"es","potentialAction":[{"@type":"CommentAction","name":"Comment","target":["https:\/\/fuentesfidedignas.com.mx\/index.php\/2023\/08\/02\/investigador-de-la-uas-y-agricultores-desarrollan-alianza-para-la-conservacion-de-los-murcielagos\/#respond"]}]},{"@type":"WebPage","@id":"https:\/\/fuentesfidedignas.com.mx\/index.php\/2023\/08\/02\/investigador-de-la-uas-y-agricultores-desarrollan-alianza-para-la-conservacion-de-los-murcielagos\/","url":"https:\/\/fuentesfidedignas.com.mx\/index.php\/2023\/08\/02\/investigador-de-la-uas-y-agricultores-desarrollan-alianza-para-la-conservacion-de-los-murcielagos\/","name":"Investigador de la UAS y agricultores desarrollan alianza para la conservaci\u00f3n de los murci\u00e9lagos - Fuentes Fidedignas","isPartOf":{"@id":"https:\/\/fuentesfidedignas.com.mx\/#website"},"primaryImageOfPage":{"@id":"https:\/\/fuentesfidedignas.com.mx\/index.php\/2023\/08\/02\/investigador-de-la-uas-y-agricultores-desarrollan-alianza-para-la-conservacion-de-los-murcielagos\/#primaryimage"},"image":{"@id":"https:\/\/fuentesfidedignas.com.mx\/index.php\/2023\/08\/02\/investigador-de-la-uas-y-agricultores-desarrollan-alianza-para-la-conservacion-de-los-murcielagos\/#primaryimage"},"thumbnailUrl":"https:\/\/fuentesfidedignas.com.mx\/wp-content\/uploads\/2023\/08\/BIOLOGIA-ALFREDO-LEAL-INVESTIGACION-CON-MURCIELAGOS-11.jpg","datePublished":"2023-08-02T20:52:32+00:00","dateModified":"2023-08-02T20:54:02+00:00","breadcrumb":{"@id":"https:\/\/fuentesfidedignas.com.mx\/index.php\/2023\/08\/02\/investigador-de-la-uas-y-agricultores-desarrollan-alianza-para-la-conservacion-de-los-murcielagos\/#breadcrumb"},"inLanguage":"es","potentialAction":[{"@type":"ReadAction","target":["https:\/\/fuentesfidedignas.com.mx\/index.php\/2023\/08\/02\/investigador-de-la-uas-y-agricultores-desarrollan-alianza-para-la-conservacion-de-los-murcielagos\/"]}]},{"@type":"ImageObject","inLanguage":"es","@id":"https:\/\/fuentesfidedignas.com.mx\/index.php\/2023\/08\/02\/investigador-de-la-uas-y-agricultores-desarrollan-alianza-para-la-conservacion-de-los-murcielagos\/#primaryimage","url":"https:\/\/fuentesfidedignas.com.mx\/wp-content\/uploads\/2023\/08\/BIOLOGIA-ALFREDO-LEAL-INVESTIGACION-CON-MURCIELAGOS-11.jpg","contentUrl":"https:\/\/fuentesfidedignas.com.mx\/wp-content\/uploads\/2023\/08\/BIOLOGIA-ALFREDO-LEAL-INVESTIGACION-CON-MURCIELAGOS-11.jpg","width":1500,"height":1000},{"@type":"BreadcrumbList","@id":"https:\/\/fuentesfidedignas.com.mx\/index.php\/2023\/08\/02\/investigador-de-la-uas-y-agricultores-desarrollan-alianza-para-la-conservacion-de-los-murcielagos\/#breadcrumb","itemListElement":[{"@type":"ListItem","position":1,"name":"Inicio","item":"https:\/\/fuentesfidedignas.com.mx\/"},{"@type":"ListItem","position":2,"name":"Investigador de la UAS y agricultores desarrollan alianza para la conservaci\u00f3n de los murci\u00e9lagos"}]},{"@type":"WebSite","@id":"https:\/\/fuentesfidedignas.com.mx\/#website","url":"https:\/\/fuentesfidedignas.com.mx\/","name":"Fuentes Fidedignas","description":"Otro sitio realizado con WordPress","publisher":{"@id":"https:\/\/fuentesfidedignas.com.mx\/#organization"},"potentialAction":[{"@type":"SearchAction","target":{"@type":"EntryPoint","urlTemplate":"https:\/\/fuentesfidedignas.com.mx\/?s={search_term_string}"},"query-input":{"@type":"PropertyValueSpecification","valueRequired":true,"valueName":"search_term_string"}}],"inLanguage":"es"},{"@type":"Organization","@id":"https:\/\/fuentesfidedignas.com.mx\/#organization","name":"Fuentes Fidedignas","url":"https:\/\/fuentesfidedignas.com.mx\/","logo":{"@type":"ImageObject","inLanguage":"es","@id":"https:\/\/fuentesfidedignas.com.mx\/#\/schema\/logo\/image\/","url":"https:\/\/fuentesfidedignas.com.mx\/wp-content\/uploads\/2021\/04\/logo-retina.png","contentUrl":"https:\/\/fuentesfidedignas.com.mx\/wp-content\/uploads\/2021\/04\/logo-retina.png","width":280,"height":51,"caption":"Fuentes Fidedignas"},"image":{"@id":"https:\/\/fuentesfidedignas.com.mx\/#\/schema\/logo\/image\/"},"sameAs":["https:\/\/www.facebook.com\/Fuentes-Fidedignas-368234489921644","https:\/\/x.com\/fidedignas"]},{"@type":"Person","@id":"https:\/\/fuentesfidedignas.com.mx\/#\/schema\/person\/331be9283d37198e2acd5750279085b0","name":"Redacci\u00f3n","image":{"@type":"ImageObject","inLanguage":"es","@id":"https:\/\/secure.gravatar.com\/avatar\/f6d8782c11d12b2d4ad3fbb6931aeab5309937a4d6cd2fc9cfaa28a6396a5aec?s=96&d=mm&r=g","url":"https:\/\/secure.gravatar.com\/avatar\/f6d8782c11d12b2d4ad3fbb6931aeab5309937a4d6cd2fc9cfaa28a6396a5aec?s=96&d=mm&r=g","contentUrl":"https:\/\/secure.gravatar.com\/avatar\/f6d8782c11d12b2d4ad3fbb6931aeab5309937a4d6cd2fc9cfaa28a6396a5aec?s=96&d=mm&r=g","caption":"Redacci\u00f3n"},"url":"https:\/\/fuentesfidedignas.com.mx\/index.php\/author\/redaccion\/"}]}},"_links":{"self":[{"href":"https:\/\/fuentesfidedignas.com.mx\/index.php\/wp-json\/wp\/v2\/posts\/54244","targetHints":{"allow":["GET"]}}],"collection":[{"href":"https:\/\/fuentesfidedignas.com.mx\/index.php\/wp-json\/wp\/v2\/posts"}],"about":[{"href":"https:\/\/fuentesfidedignas.com.mx\/index.php\/wp-json\/wp\/v2\/types\/post"}],"author":[{"embeddable":true,"href":"https:\/\/fuentesfidedignas.com.mx\/index.php\/wp-json\/wp\/v2\/users\/4"}],"replies":[{"embeddable":true,"href":"https:\/\/fuentesfidedignas.com.mx\/index.php\/wp-json\/wp\/v2\/comments?post=54244"}],"version-history":[{"count":2,"href":"https:\/\/fuentesfidedignas.com.mx\/index.php\/wp-json\/wp\/v2\/posts\/54244\/revisions"}],"predecessor-version":[{"id":56549,"href":"https:\/\/fuentesfidedignas.com.mx\/index.php\/wp-json\/wp\/v2\/posts\/54244\/revisions\/56549"}],"wp:featuredmedia":[{"embeddable":true,"href":"https:\/\/fuentesfidedignas.com.mx\/index.php\/wp-json\/wp\/v2\/media\/54246"}],"wp:attachment":[{"href":"https:\/\/fuentesfidedignas.com.mx\/index.php\/wp-json\/wp\/v2\/media?parent=54244"}],"wp:term":[{"taxonomy":"category","embeddable":true,"href":"https:\/\/fuentesfidedignas.com.mx\/index.php\/wp-json\/wp\/v2\/categories?post=54244"},{"taxonomy":"post_tag","embeddable":true,"href":"https:\/\/fuentesfidedignas.com.mx\/index.php\/wp-json\/wp\/v2\/tags?post=54244"}],"curies":[{"name":"wp","href":"https:\/\/api.w.org\/{rel}","templated":true}]}}