{"id":54240,"date":"2023-08-02T13:37:37","date_gmt":"2023-08-02T20:37:37","guid":{"rendered":"https:\/\/fuentesfidedignas.com.mx\/?p=54240"},"modified":"2023-08-02T13:45:29","modified_gmt":"2023-08-02T20:45:29","slug":"no-mas-felices-por-siempre-trudeau-y-su-esposa-se-separan-tras-18-anos-de-matrimonio","status":"publish","type":"post","link":"https:\/\/fuentesfidedignas.com.mx\/index.php\/2023\/08\/02\/no-mas-felices-por-siempre-trudeau-y-su-esposa-se-separan-tras-18-anos-de-matrimonio\/","title":{"rendered":"No m\u00e1s felices por siempre: Trudeau y su esposa se separan tras 18 a\u00f1os de matrimonio"},"content":{"rendered":"\n<p><strong><em>El primer ministro canadiense y su esposa aseguraron en un comunicado que continuar\u00e1n siendo una \u2018familia unida\u2019 tras las la separaci\u00f3n<\/em><\/strong><\/p>\n\n\n\n<p>Canad\u00e1. El primer ministro canadiense,&nbsp;<a href=\"https:\/\/www.elfinanciero.com.mx\/tags\/justin-trudeau\/\">Justin Trudeau<\/a>, y su esposa, Sophie Gregoire Trudeau, anunciaron este mi\u00e9rcoles su separaci\u00f3n tras&nbsp;<strong>18 a\u00f1os de matrimonio<\/strong>.<\/p>\n\n\n\n<p>La pareja dijo en comunicados publicados en sus cuentas de Instagram que tomaron la decisi\u00f3n despu\u00e9s \u201cde muchas conversaciones importantes y dif\u00edciles\u201d.<\/p>\n\n\n\n<p>\u201cComo siempre, seguimos siendo una familia unida con un profundo amor y respeto mutuo por todo lo que hemos construido y seguimos construyendo\u201d, expresaron.<\/p>\n\n\n\n<p>Un comunicado de la oficina del primer ministro se\u00f1al\u00f3 que ambos han firmado un&nbsp;<strong>acuerdo de legal de separaci\u00f3n<\/strong>.<\/p>\n\n\n\n<p>La pareja contrajo matrimonio en 2005. Tienen tres hijos: Xavier, de 15 a\u00f1os, Ella-Grace de 14 y Hadrien de 9.<\/p>\n\n\n\n<p>\u201cSiguen siendo una familia unida y Sophie y el primer ministro est\u00e1n enfocados en educar a sus hijos en un ambiente seguro, amoroso y colaborativo\u201d, se\u00f1ala el comunicado emitido por su oficina. \u201cLa familia estar\u00e1 junta en las vacaciones, que empiezan la pr\u00f3xima semana\u201d. La oficina de Trudeau pidi\u00f3 respeto por temas de privacidad.<\/p>\n\n\n\n<p>Trudeau es el segundo primer ministro que anuncia su divorcio mientras est\u00e1 en el cargo. Su padre, Pierre Trudeau, se separ\u00f3 de su esposa Margaret en 1979, y firmaron su divorcio en 1984.<\/p>\n\n\n\n<p>Justin Trudeau aprovech\u00f3 la influencia de su padre, un \u00edcono del Partido Liberal, cuando gan\u00f3 su primer mandato en 2015. Pero los esc\u00e1ndalos, la fatiga de los votantes y la inflaci\u00f3n econ\u00f3mica han empezado a causar estragos en su popularidad tras ocho a\u00f1os de gobierno.<\/p>\n","protected":false},"excerpt":{"rendered":"<p>El primer ministro canadiense y su esposa aseguraron en un comunicado que continuar\u00e1n siendo una \u2018familia unida\u2019 tras las la separaci\u00f3n Canad\u00e1. El primer ministro canadiense,&nbsp;Justin Trudeau, y su esposa, Sophie Gregoire Trudeau, anunciaron este mi\u00e9rcoles su separaci\u00f3n tras&nbsp;18 a\u00f1os de matrimonio. La pareja dijo en comunicados publicados en sus cuentas de Instagram que tomaron [&hellip;]<\/p>\n","protected":false},"author":21,"featured_media":54242,"comment_status":"open","ping_status":"open","sticky":false,"template":"","format":"standard","meta":{"tdm_status":"","tdm_grid_status":"","footnotes":""},"categories":[39,1],"tags":[],"class_list":{"0":"post-54240","1":"post","2":"type-post","3":"status-publish","4":"format-standard","5":"has-post-thumbnail","7":"category-noticias-nacionales","8":"category-sin-categoria"},"yoast_head":"<!-- This site is optimized with the Yoast SEO plugin v27.5 - https:\/\/yoast.com\/product\/yoast-seo-wordpress\/ -->\n<title>No m\u00e1s felices por siempre: Trudeau y su esposa se separan tras 18 a\u00f1os de matrimonio - Fuentes Fidedignas<\/title>\n<meta name=\"robots\" content=\"index, follow, max-snippet:-1, max-image-preview:large, max-video-preview:-1\" \/>\n<link rel=\"canonical\" href=\"https:\/\/fuentesfidedignas.com.mx\/index.php\/2023\/08\/02\/no-mas-felices-por-siempre-trudeau-y-su-esposa-se-separan-tras-18-anos-de-matrimonio\/\" \/>\n<meta property=\"og:locale\" content=\"es_MX\" \/>\n<meta property=\"og:type\" content=\"article\" \/>\n<meta property=\"og:title\" content=\"No m\u00e1s felices por siempre: Trudeau y su esposa se separan tras 18 a\u00f1os de matrimonio - Fuentes Fidedignas\" \/>\n<meta property=\"og:description\" content=\"El primer ministro canadiense y su esposa aseguraron en un comunicado que continuar\u00e1n siendo una \u2018familia unida\u2019 tras las la separaci\u00f3n Canad\u00e1. El primer ministro canadiense,&nbsp;Justin Trudeau, y su esposa, Sophie Gregoire Trudeau, anunciaron este mi\u00e9rcoles su separaci\u00f3n tras&nbsp;18 a\u00f1os de matrimonio. La pareja dijo en comunicados publicados en sus cuentas de Instagram que tomaron [&hellip;]\" \/>\n<meta property=\"og:url\" content=\"https:\/\/fuentesfidedignas.com.mx\/index.php\/2023\/08\/02\/no-mas-felices-por-siempre-trudeau-y-su-esposa-se-separan-tras-18-anos-de-matrimonio\/\" \/>\n<meta property=\"og:site_name\" content=\"Fuentes Fidedignas\" \/>\n<meta property=\"article:publisher\" content=\"https:\/\/www.facebook.com\/Fuentes-Fidedignas-368234489921644\" \/>\n<meta property=\"article:published_time\" content=\"2023-08-02T20:37:37+00:00\" \/>\n<meta property=\"article:modified_time\" content=\"2023-08-02T20:45:29+00:00\" \/>\n<meta property=\"og:image\" content=\"https:\/\/fuentesfidedignas.com.mx\/wp-content\/uploads\/2023\/08\/Screenshot_20230802_133354_Chrome.jpg\" \/>\n\t<meta property=\"og:image:width\" content=\"1032\" \/>\n\t<meta property=\"og:image:height\" content=\"604\" \/>\n\t<meta property=\"og:image:type\" content=\"image\/jpeg\" \/>\n<meta name=\"author\" content=\"El Financiero\" \/>\n<meta name=\"twitter:card\" content=\"summary_large_image\" \/>\n<meta name=\"twitter:creator\" content=\"@fidedignas\" \/>\n<meta name=\"twitter:site\" content=\"@fidedignas\" \/>\n<meta name=\"twitter:label1\" content=\"Escrito por\" \/>\n\t<meta name=\"twitter:data1\" content=\"El Financiero\" \/>\n\t<meta name=\"twitter:label2\" content=\"Tiempo de lectura\" \/>\n\t<meta name=\"twitter:data2\" content=\"2 minutos\" \/>\n<script type=\"application\/ld+json\" class=\"yoast-schema-graph\">{\"@context\":\"https:\\\/\\\/schema.org\",\"@graph\":[{\"@type\":\"Article\",\"@id\":\"https:\\\/\\\/fuentesfidedignas.com.mx\\\/index.php\\\/2023\\\/08\\\/02\\\/no-mas-felices-por-siempre-trudeau-y-su-esposa-se-separan-tras-18-anos-de-matrimonio\\\/#article\",\"isPartOf\":{\"@id\":\"https:\\\/\\\/fuentesfidedignas.com.mx\\\/index.php\\\/2023\\\/08\\\/02\\\/no-mas-felices-por-siempre-trudeau-y-su-esposa-se-separan-tras-18-anos-de-matrimonio\\\/\"},\"author\":{\"name\":\"El Financiero\",\"@id\":\"https:\\\/\\\/fuentesfidedignas.com.mx\\\/#\\\/schema\\\/person\\\/494f7e0dce8dfaaec5b64f16615b78e9\"},\"headline\":\"No m\u00e1s felices por siempre: Trudeau y su esposa se separan tras 18 a\u00f1os de matrimonio\",\"datePublished\":\"2023-08-02T20:37:37+00:00\",\"dateModified\":\"2023-08-02T20:45:29+00:00\",\"mainEntityOfPage\":{\"@id\":\"https:\\\/\\\/fuentesfidedignas.com.mx\\\/index.php\\\/2023\\\/08\\\/02\\\/no-mas-felices-por-siempre-trudeau-y-su-esposa-se-separan-tras-18-anos-de-matrimonio\\\/\"},\"wordCount\":291,\"commentCount\":0,\"publisher\":{\"@id\":\"https:\\\/\\\/fuentesfidedignas.com.mx\\\/#organization\"},\"image\":{\"@id\":\"https:\\\/\\\/fuentesfidedignas.com.mx\\\/index.php\\\/2023\\\/08\\\/02\\\/no-mas-felices-por-siempre-trudeau-y-su-esposa-se-separan-tras-18-anos-de-matrimonio\\\/#primaryimage\"},\"thumbnailUrl\":\"https:\\\/\\\/fuentesfidedignas.com.mx\\\/wp-content\\\/uploads\\\/2023\\\/08\\\/Screenshot_20230802_133354_Chrome.jpg\",\"articleSection\":[\"NOTICIAS NACIONALES\"],\"inLanguage\":\"es\",\"potentialAction\":[{\"@type\":\"CommentAction\",\"name\":\"Comment\",\"target\":[\"https:\\\/\\\/fuentesfidedignas.com.mx\\\/index.php\\\/2023\\\/08\\\/02\\\/no-mas-felices-por-siempre-trudeau-y-su-esposa-se-separan-tras-18-anos-de-matrimonio\\\/#respond\"]}]},{\"@type\":\"WebPage\",\"@id\":\"https:\\\/\\\/fuentesfidedignas.com.mx\\\/index.php\\\/2023\\\/08\\\/02\\\/no-mas-felices-por-siempre-trudeau-y-su-esposa-se-separan-tras-18-anos-de-matrimonio\\\/\",\"url\":\"https:\\\/\\\/fuentesfidedignas.com.mx\\\/index.php\\\/2023\\\/08\\\/02\\\/no-mas-felices-por-siempre-trudeau-y-su-esposa-se-separan-tras-18-anos-de-matrimonio\\\/\",\"name\":\"No m\u00e1s felices por siempre: Trudeau y su esposa se separan tras 18 a\u00f1os de matrimonio - Fuentes Fidedignas\",\"isPartOf\":{\"@id\":\"https:\\\/\\\/fuentesfidedignas.com.mx\\\/#website\"},\"primaryImageOfPage\":{\"@id\":\"https:\\\/\\\/fuentesfidedignas.com.mx\\\/index.php\\\/2023\\\/08\\\/02\\\/no-mas-felices-por-siempre-trudeau-y-su-esposa-se-separan-tras-18-anos-de-matrimonio\\\/#primaryimage\"},\"image\":{\"@id\":\"https:\\\/\\\/fuentesfidedignas.com.mx\\\/index.php\\\/2023\\\/08\\\/02\\\/no-mas-felices-por-siempre-trudeau-y-su-esposa-se-separan-tras-18-anos-de-matrimonio\\\/#primaryimage\"},\"thumbnailUrl\":\"https:\\\/\\\/fuentesfidedignas.com.mx\\\/wp-content\\\/uploads\\\/2023\\\/08\\\/Screenshot_20230802_133354_Chrome.jpg\",\"datePublished\":\"2023-08-02T20:37:37+00:00\",\"dateModified\":\"2023-08-02T20:45:29+00:00\",\"breadcrumb\":{\"@id\":\"https:\\\/\\\/fuentesfidedignas.com.mx\\\/index.php\\\/2023\\\/08\\\/02\\\/no-mas-felices-por-siempre-trudeau-y-su-esposa-se-separan-tras-18-anos-de-matrimonio\\\/#breadcrumb\"},\"inLanguage\":\"es\",\"potentialAction\":[{\"@type\":\"ReadAction\",\"target\":[\"https:\\\/\\\/fuentesfidedignas.com.mx\\\/index.php\\\/2023\\\/08\\\/02\\\/no-mas-felices-por-siempre-trudeau-y-su-esposa-se-separan-tras-18-anos-de-matrimonio\\\/\"]}]},{\"@type\":\"ImageObject\",\"inLanguage\":\"es\",\"@id\":\"https:\\\/\\\/fuentesfidedignas.com.mx\\\/index.php\\\/2023\\\/08\\\/02\\\/no-mas-felices-por-siempre-trudeau-y-su-esposa-se-separan-tras-18-anos-de-matrimonio\\\/#primaryimage\",\"url\":\"https:\\\/\\\/fuentesfidedignas.com.mx\\\/wp-content\\\/uploads\\\/2023\\\/08\\\/Screenshot_20230802_133354_Chrome.jpg\",\"contentUrl\":\"https:\\\/\\\/fuentesfidedignas.com.mx\\\/wp-content\\\/uploads\\\/2023\\\/08\\\/Screenshot_20230802_133354_Chrome.jpg\",\"width\":1032,\"height\":604},{\"@type\":\"BreadcrumbList\",\"@id\":\"https:\\\/\\\/fuentesfidedignas.com.mx\\\/index.php\\\/2023\\\/08\\\/02\\\/no-mas-felices-por-siempre-trudeau-y-su-esposa-se-separan-tras-18-anos-de-matrimonio\\\/#breadcrumb\",\"itemListElement\":[{\"@type\":\"ListItem\",\"position\":1,\"name\":\"Inicio\",\"item\":\"https:\\\/\\\/fuentesfidedignas.com.mx\\\/\"},{\"@type\":\"ListItem\",\"position\":2,\"name\":\"No m\u00e1s felices por siempre: Trudeau y su esposa se separan tras 18 a\u00f1os de matrimonio\"}]},{\"@type\":\"WebSite\",\"@id\":\"https:\\\/\\\/fuentesfidedignas.com.mx\\\/#website\",\"url\":\"https:\\\/\\\/fuentesfidedignas.com.mx\\\/\",\"name\":\"Fuentes Fidedignas\",\"description\":\"Otro sitio realizado con WordPress\",\"publisher\":{\"@id\":\"https:\\\/\\\/fuentesfidedignas.com.mx\\\/#organization\"},\"potentialAction\":[{\"@type\":\"SearchAction\",\"target\":{\"@type\":\"EntryPoint\",\"urlTemplate\":\"https:\\\/\\\/fuentesfidedignas.com.mx\\\/?s={search_term_string}\"},\"query-input\":{\"@type\":\"PropertyValueSpecification\",\"valueRequired\":true,\"valueName\":\"search_term_string\"}}],\"inLanguage\":\"es\"},{\"@type\":\"Organization\",\"@id\":\"https:\\\/\\\/fuentesfidedignas.com.mx\\\/#organization\",\"name\":\"Fuentes Fidedignas\",\"url\":\"https:\\\/\\\/fuentesfidedignas.com.mx\\\/\",\"logo\":{\"@type\":\"ImageObject\",\"inLanguage\":\"es\",\"@id\":\"https:\\\/\\\/fuentesfidedignas.com.mx\\\/#\\\/schema\\\/logo\\\/image\\\/\",\"url\":\"https:\\\/\\\/fuentesfidedignas.com.mx\\\/wp-content\\\/uploads\\\/2021\\\/04\\\/logo-retina.png\",\"contentUrl\":\"https:\\\/\\\/fuentesfidedignas.com.mx\\\/wp-content\\\/uploads\\\/2021\\\/04\\\/logo-retina.png\",\"width\":280,\"height\":51,\"caption\":\"Fuentes Fidedignas\"},\"image\":{\"@id\":\"https:\\\/\\\/fuentesfidedignas.com.mx\\\/#\\\/schema\\\/logo\\\/image\\\/\"},\"sameAs\":[\"https:\\\/\\\/www.facebook.com\\\/Fuentes-Fidedignas-368234489921644\",\"https:\\\/\\\/x.com\\\/fidedignas\"]},{\"@type\":\"Person\",\"@id\":\"https:\\\/\\\/fuentesfidedignas.com.mx\\\/#\\\/schema\\\/person\\\/494f7e0dce8dfaaec5b64f16615b78e9\",\"name\":\"El Financiero\",\"image\":{\"@type\":\"ImageObject\",\"inLanguage\":\"es\",\"@id\":\"https:\\\/\\\/secure.gravatar.com\\\/avatar\\\/88c0f3f2079389318ef8dd35c22cb997212aa89646e357ba59b318db26ed91a9?s=96&d=mm&r=g\",\"url\":\"https:\\\/\\\/secure.gravatar.com\\\/avatar\\\/88c0f3f2079389318ef8dd35c22cb997212aa89646e357ba59b318db26ed91a9?s=96&d=mm&r=g\",\"contentUrl\":\"https:\\\/\\\/secure.gravatar.com\\\/avatar\\\/88c0f3f2079389318ef8dd35c22cb997212aa89646e357ba59b318db26ed91a9?s=96&d=mm&r=g\",\"caption\":\"El Financiero\"},\"url\":\"https:\\\/\\\/fuentesfidedignas.com.mx\\\/index.php\\\/author\\\/financiero\\\/\"}]}<\/script>\n<!-- \/ Yoast SEO plugin. -->","yoast_head_json":{"title":"No m\u00e1s felices por siempre: Trudeau y su esposa se separan tras 18 a\u00f1os de matrimonio - Fuentes Fidedignas","robots":{"index":"index","follow":"follow","max-snippet":"max-snippet:-1","max-image-preview":"max-image-preview:large","max-video-preview":"max-video-preview:-1"},"canonical":"https:\/\/fuentesfidedignas.com.mx\/index.php\/2023\/08\/02\/no-mas-felices-por-siempre-trudeau-y-su-esposa-se-separan-tras-18-anos-de-matrimonio\/","og_locale":"es_MX","og_type":"article","og_title":"No m\u00e1s felices por siempre: Trudeau y su esposa se separan tras 18 a\u00f1os de matrimonio - Fuentes Fidedignas","og_description":"El primer ministro canadiense y su esposa aseguraron en un comunicado que continuar\u00e1n siendo una \u2018familia unida\u2019 tras las la separaci\u00f3n Canad\u00e1. El primer ministro canadiense,&nbsp;Justin Trudeau, y su esposa, Sophie Gregoire Trudeau, anunciaron este mi\u00e9rcoles su separaci\u00f3n tras&nbsp;18 a\u00f1os de matrimonio. La pareja dijo en comunicados publicados en sus cuentas de Instagram que tomaron [&hellip;]","og_url":"https:\/\/fuentesfidedignas.com.mx\/index.php\/2023\/08\/02\/no-mas-felices-por-siempre-trudeau-y-su-esposa-se-separan-tras-18-anos-de-matrimonio\/","og_site_name":"Fuentes Fidedignas","article_publisher":"https:\/\/www.facebook.com\/Fuentes-Fidedignas-368234489921644","article_published_time":"2023-08-02T20:37:37+00:00","article_modified_time":"2023-08-02T20:45:29+00:00","og_image":[{"width":1032,"height":604,"url":"https:\/\/fuentesfidedignas.com.mx\/wp-content\/uploads\/2023\/08\/Screenshot_20230802_133354_Chrome.jpg","type":"image\/jpeg"}],"author":"El Financiero","twitter_card":"summary_large_image","twitter_creator":"@fidedignas","twitter_site":"@fidedignas","twitter_misc":{"Escrito por":"El Financiero","Tiempo de lectura":"2 minutos"},"schema":{"@context":"https:\/\/schema.org","@graph":[{"@type":"Article","@id":"https:\/\/fuentesfidedignas.com.mx\/index.php\/2023\/08\/02\/no-mas-felices-por-siempre-trudeau-y-su-esposa-se-separan-tras-18-anos-de-matrimonio\/#article","isPartOf":{"@id":"https:\/\/fuentesfidedignas.com.mx\/index.php\/2023\/08\/02\/no-mas-felices-por-siempre-trudeau-y-su-esposa-se-separan-tras-18-anos-de-matrimonio\/"},"author":{"name":"El Financiero","@id":"https:\/\/fuentesfidedignas.com.mx\/#\/schema\/person\/494f7e0dce8dfaaec5b64f16615b78e9"},"headline":"No m\u00e1s felices por siempre: Trudeau y su esposa se separan tras 18 a\u00f1os de matrimonio","datePublished":"2023-08-02T20:37:37+00:00","dateModified":"2023-08-02T20:45:29+00:00","mainEntityOfPage":{"@id":"https:\/\/fuentesfidedignas.com.mx\/index.php\/2023\/08\/02\/no-mas-felices-por-siempre-trudeau-y-su-esposa-se-separan-tras-18-anos-de-matrimonio\/"},"wordCount":291,"commentCount":0,"publisher":{"@id":"https:\/\/fuentesfidedignas.com.mx\/#organization"},"image":{"@id":"https:\/\/fuentesfidedignas.com.mx\/index.php\/2023\/08\/02\/no-mas-felices-por-siempre-trudeau-y-su-esposa-se-separan-tras-18-anos-de-matrimonio\/#primaryimage"},"thumbnailUrl":"https:\/\/fuentesfidedignas.com.mx\/wp-content\/uploads\/2023\/08\/Screenshot_20230802_133354_Chrome.jpg","articleSection":["NOTICIAS NACIONALES"],"inLanguage":"es","potentialAction":[{"@type":"CommentAction","name":"Comment","target":["https:\/\/fuentesfidedignas.com.mx\/index.php\/2023\/08\/02\/no-mas-felices-por-siempre-trudeau-y-su-esposa-se-separan-tras-18-anos-de-matrimonio\/#respond"]}]},{"@type":"WebPage","@id":"https:\/\/fuentesfidedignas.com.mx\/index.php\/2023\/08\/02\/no-mas-felices-por-siempre-trudeau-y-su-esposa-se-separan-tras-18-anos-de-matrimonio\/","url":"https:\/\/fuentesfidedignas.com.mx\/index.php\/2023\/08\/02\/no-mas-felices-por-siempre-trudeau-y-su-esposa-se-separan-tras-18-anos-de-matrimonio\/","name":"No m\u00e1s felices por siempre: Trudeau y su esposa se separan tras 18 a\u00f1os de matrimonio - Fuentes Fidedignas","isPartOf":{"@id":"https:\/\/fuentesfidedignas.com.mx\/#website"},"primaryImageOfPage":{"@id":"https:\/\/fuentesfidedignas.com.mx\/index.php\/2023\/08\/02\/no-mas-felices-por-siempre-trudeau-y-su-esposa-se-separan-tras-18-anos-de-matrimonio\/#primaryimage"},"image":{"@id":"https:\/\/fuentesfidedignas.com.mx\/index.php\/2023\/08\/02\/no-mas-felices-por-siempre-trudeau-y-su-esposa-se-separan-tras-18-anos-de-matrimonio\/#primaryimage"},"thumbnailUrl":"https:\/\/fuentesfidedignas.com.mx\/wp-content\/uploads\/2023\/08\/Screenshot_20230802_133354_Chrome.jpg","datePublished":"2023-08-02T20:37:37+00:00","dateModified":"2023-08-02T20:45:29+00:00","breadcrumb":{"@id":"https:\/\/fuentesfidedignas.com.mx\/index.php\/2023\/08\/02\/no-mas-felices-por-siempre-trudeau-y-su-esposa-se-separan-tras-18-anos-de-matrimonio\/#breadcrumb"},"inLanguage":"es","potentialAction":[{"@type":"ReadAction","target":["https:\/\/fuentesfidedignas.com.mx\/index.php\/2023\/08\/02\/no-mas-felices-por-siempre-trudeau-y-su-esposa-se-separan-tras-18-anos-de-matrimonio\/"]}]},{"@type":"ImageObject","inLanguage":"es","@id":"https:\/\/fuentesfidedignas.com.mx\/index.php\/2023\/08\/02\/no-mas-felices-por-siempre-trudeau-y-su-esposa-se-separan-tras-18-anos-de-matrimonio\/#primaryimage","url":"https:\/\/fuentesfidedignas.com.mx\/wp-content\/uploads\/2023\/08\/Screenshot_20230802_133354_Chrome.jpg","contentUrl":"https:\/\/fuentesfidedignas.com.mx\/wp-content\/uploads\/2023\/08\/Screenshot_20230802_133354_Chrome.jpg","width":1032,"height":604},{"@type":"BreadcrumbList","@id":"https:\/\/fuentesfidedignas.com.mx\/index.php\/2023\/08\/02\/no-mas-felices-por-siempre-trudeau-y-su-esposa-se-separan-tras-18-anos-de-matrimonio\/#breadcrumb","itemListElement":[{"@type":"ListItem","position":1,"name":"Inicio","item":"https:\/\/fuentesfidedignas.com.mx\/"},{"@type":"ListItem","position":2,"name":"No m\u00e1s felices por siempre: Trudeau y su esposa se separan tras 18 a\u00f1os de matrimonio"}]},{"@type":"WebSite","@id":"https:\/\/fuentesfidedignas.com.mx\/#website","url":"https:\/\/fuentesfidedignas.com.mx\/","name":"Fuentes Fidedignas","description":"Otro sitio realizado con WordPress","publisher":{"@id":"https:\/\/fuentesfidedignas.com.mx\/#organization"},"potentialAction":[{"@type":"SearchAction","target":{"@type":"EntryPoint","urlTemplate":"https:\/\/fuentesfidedignas.com.mx\/?s={search_term_string}"},"query-input":{"@type":"PropertyValueSpecification","valueRequired":true,"valueName":"search_term_string"}}],"inLanguage":"es"},{"@type":"Organization","@id":"https:\/\/fuentesfidedignas.com.mx\/#organization","name":"Fuentes Fidedignas","url":"https:\/\/fuentesfidedignas.com.mx\/","logo":{"@type":"ImageObject","inLanguage":"es","@id":"https:\/\/fuentesfidedignas.com.mx\/#\/schema\/logo\/image\/","url":"https:\/\/fuentesfidedignas.com.mx\/wp-content\/uploads\/2021\/04\/logo-retina.png","contentUrl":"https:\/\/fuentesfidedignas.com.mx\/wp-content\/uploads\/2021\/04\/logo-retina.png","width":280,"height":51,"caption":"Fuentes Fidedignas"},"image":{"@id":"https:\/\/fuentesfidedignas.com.mx\/#\/schema\/logo\/image\/"},"sameAs":["https:\/\/www.facebook.com\/Fuentes-Fidedignas-368234489921644","https:\/\/x.com\/fidedignas"]},{"@type":"Person","@id":"https:\/\/fuentesfidedignas.com.mx\/#\/schema\/person\/494f7e0dce8dfaaec5b64f16615b78e9","name":"El Financiero","image":{"@type":"ImageObject","inLanguage":"es","@id":"https:\/\/secure.gravatar.com\/avatar\/88c0f3f2079389318ef8dd35c22cb997212aa89646e357ba59b318db26ed91a9?s=96&d=mm&r=g","url":"https:\/\/secure.gravatar.com\/avatar\/88c0f3f2079389318ef8dd35c22cb997212aa89646e357ba59b318db26ed91a9?s=96&d=mm&r=g","contentUrl":"https:\/\/secure.gravatar.com\/avatar\/88c0f3f2079389318ef8dd35c22cb997212aa89646e357ba59b318db26ed91a9?s=96&d=mm&r=g","caption":"El Financiero"},"url":"https:\/\/fuentesfidedignas.com.mx\/index.php\/author\/financiero\/"}]}},"_links":{"self":[{"href":"https:\/\/fuentesfidedignas.com.mx\/index.php\/wp-json\/wp\/v2\/posts\/54240","targetHints":{"allow":["GET"]}}],"collection":[{"href":"https:\/\/fuentesfidedignas.com.mx\/index.php\/wp-json\/wp\/v2\/posts"}],"about":[{"href":"https:\/\/fuentesfidedignas.com.mx\/index.php\/wp-json\/wp\/v2\/types\/post"}],"author":[{"embeddable":true,"href":"https:\/\/fuentesfidedignas.com.mx\/index.php\/wp-json\/wp\/v2\/users\/21"}],"replies":[{"embeddable":true,"href":"https:\/\/fuentesfidedignas.com.mx\/index.php\/wp-json\/wp\/v2\/comments?post=54240"}],"version-history":[{"count":2,"href":"https:\/\/fuentesfidedignas.com.mx\/index.php\/wp-json\/wp\/v2\/posts\/54240\/revisions"}],"predecessor-version":[{"id":54243,"href":"https:\/\/fuentesfidedignas.com.mx\/index.php\/wp-json\/wp\/v2\/posts\/54240\/revisions\/54243"}],"wp:featuredmedia":[{"embeddable":true,"href":"https:\/\/fuentesfidedignas.com.mx\/index.php\/wp-json\/wp\/v2\/media\/54242"}],"wp:attachment":[{"href":"https:\/\/fuentesfidedignas.com.mx\/index.php\/wp-json\/wp\/v2\/media?parent=54240"}],"wp:term":[{"taxonomy":"category","embeddable":true,"href":"https:\/\/fuentesfidedignas.com.mx\/index.php\/wp-json\/wp\/v2\/categories?post=54240"},{"taxonomy":"post_tag","embeddable":true,"href":"https:\/\/fuentesfidedignas.com.mx\/index.php\/wp-json\/wp\/v2\/tags?post=54240"}],"curies":[{"name":"wp","href":"https:\/\/api.w.org\/{rel}","templated":true}]}}