{"id":54235,"date":"2023-08-02T12:52:33","date_gmt":"2023-08-02T19:52:33","guid":{"rendered":"https:\/\/fuentesfidedignas.com.mx\/?p=54235"},"modified":"2023-08-02T13:24:00","modified_gmt":"2023-08-02T20:24:00","slug":"el-lunes-7-de-agosto-inicia-el-canje-de-uniformes-y-utiles-escolares","status":"publish","type":"post","link":"https:\/\/fuentesfidedignas.com.mx\/index.php\/2023\/08\/02\/el-lunes-7-de-agosto-inicia-el-canje-de-uniformes-y-utiles-escolares\/","title":{"rendered":"El lunes 7 de agosto inicia el canje de uniformes y \u00fatiles escolares"},"content":{"rendered":"\n<p><em><strong>Se dispondr\u00e1 de 937 centros de canje en todo el estado para el canje de uniformes y \u00fatiles escolares; se estima entregar 880,737 uniformes y 452,730 paquetes de \u00fatiles<\/strong><\/em><\/p>\n\n\n\n<p>Culiac\u00e1n, Sin.- El pr\u00f3ximo lunes 7 de agosto arrancar\u00e1 el \u201cPrograma para la Dotaci\u00f3n Gratuita de Uniformes y \u00datiles Escolares\u201d con el que el gobierno de Rub\u00e9n Rocha Moya promueve la educaci\u00f3n, protege la econom\u00eda familiar y apoya a empresarios del sector textil y papelero.<\/p>\n\n\n\n<p>El programa contempla para este Ciclo Escolar 2023-2024 la entrega de 880,737 uniformes y 452,730 paquetes de \u00fatiles escolares para alumnos de preescolar, primaria y secundaria.<\/p>\n\n\n\n<figure class=\"wp-block-image size-large\"><img decoding=\"async\" width=\"1024\" height=\"715\" src=\"https:\/\/fuentesfidedignas.com.mx\/wp-content\/uploads\/2023\/08\/IMG-20230802-WA0026-1024x715.jpg\" alt=\"\" class=\"wp-image-54238\" srcset=\"https:\/\/fuentesfidedignas.com.mx\/wp-content\/uploads\/2023\/08\/IMG-20230802-WA0026-1024x715.jpg 1024w, https:\/\/fuentesfidedignas.com.mx\/wp-content\/uploads\/2023\/08\/IMG-20230802-WA0026-300x210.jpg 300w, https:\/\/fuentesfidedignas.com.mx\/wp-content\/uploads\/2023\/08\/IMG-20230802-WA0026-768x536.jpg 768w, https:\/\/fuentesfidedignas.com.mx\/wp-content\/uploads\/2023\/08\/IMG-20230802-WA0026.jpg 1280w\" sizes=\"(max-width: 1024px) 100vw, 1024px\" \/><\/figure>\n\n\n\n<p>El secretario de Econom\u00eda, Javier Gaxiola Coppel invit\u00f3 a los padres de familia o tutores acudir a los centros de canje que se instalar\u00e1n en todo el estado para recoger el beneficio gratuito en uniformes y \u00fatiles escolares.<\/p>\n\n\n\n<p>El ahorro que obtendr\u00e1 el padre de familia o tutor por alumno de preescolar ser\u00e1 de $911.88 pesos y por alumno de primaria y secundaria es de $671.88 pesos.<\/p>\n\n\n\n<p>En esta edici\u00f3n del Programa para la Dotaci\u00f3n Gratuita de Uniformes y \u00datiles Escolares participan 354 proveedores en total, 183 en el programa de uniformes escolares y 171 de \u00fatiles.<\/p>\n\n\n\n<p>El canje para hacer v\u00e1lido los beneficios de este programa culmina el 31 de octubre y se recomienda a los padres de familia o tutores no entregar el vale hasta que hayan recibido sus dos uniformes y su paquete de \u00fatiles escolares por alumna o alumno.<\/p>\n\n\n\n<p>El proceso de canje se llevar\u00e1 a cabo por orden alfab\u00e9tico en las siguientes fechas:<br \/>\u2022 Del 7 al 13 agosto: estudiantes cuyo primer apellido empiece con A, B, C, D, E, F<br \/>\u2022 Del 14-20 agosto: G,H,I,J,K,L,M,N<br \/>\u2022 Del 21-27 agosto: P,Q,R,S,T,U,V,W,X,Y,Z<br \/>\u2022 Del 28 agosto-31 octubre: todos los que no hayan canjeado<\/p>\n\n\n\n<p>Los requisitos para que el padre de familia o tutor pueda hacer v\u00e1lido el canje de sus beneficios son:<br \/>\u2022 CURP del alumno o alumna<br \/>\u2022 Clave del alumno o alumna y\/o boleta de fin de curso.<br \/>\u2022 Folio de preinscripci\u00f3n (solo para alumnos de nuevo ingreso y que realizaron su preinscripci\u00f3n en l\u00ednea)<br \/>\u2022 Copia de identificaci\u00f3n oficial del padre de familia o tutor.<\/p>\n\n\n\n<p>Es importante que el padre de familia o tutor verifique los datos correctos del alumno o alumna, centros de canje autorizados e informaci\u00f3n general del programa en la siguiente p\u00e1gina web: <a href=\"http:\/\/www.uniformesyutilesescolares.sinaloa.gob.mx\">www.uniformesyutilesescolares.sinaloa.gob.mx<\/a>.<\/p>\n","protected":false},"excerpt":{"rendered":"<p>Se dispondr\u00e1 de 937 centros de canje en todo el estado para el canje de uniformes y \u00fatiles escolares; se estima entregar 880,737 uniformes y 452,730 paquetes de \u00fatiles Culiac\u00e1n, Sin.- El pr\u00f3ximo lunes 7 de agosto arrancar\u00e1 el \u201cPrograma para la Dotaci\u00f3n Gratuita de Uniformes y \u00datiles Escolares\u201d con el que el gobierno de [&hellip;]<\/p>\n","protected":false},"author":4,"featured_media":54237,"comment_status":"open","ping_status":"open","sticky":false,"template":"","format":"standard","meta":{"tdm_status":"","tdm_grid_status":"","footnotes":""},"categories":[37,1],"tags":[],"class_list":{"0":"post-54235","1":"post","2":"type-post","3":"status-publish","4":"format-standard","5":"has-post-thumbnail","7":"category-nota-principal","8":"category-sin-categoria"},"yoast_head":"<!-- This site is optimized with the Yoast SEO plugin v27.5 - https:\/\/yoast.com\/product\/yoast-seo-wordpress\/ -->\n<title>El lunes 7 de agosto inicia el canje de uniformes y \u00fatiles escolares - Fuentes Fidedignas<\/title>\n<meta name=\"robots\" content=\"index, follow, max-snippet:-1, max-image-preview:large, max-video-preview:-1\" \/>\n<link rel=\"canonical\" href=\"https:\/\/fuentesfidedignas.com.mx\/index.php\/2023\/08\/02\/el-lunes-7-de-agosto-inicia-el-canje-de-uniformes-y-utiles-escolares\/\" \/>\n<meta property=\"og:locale\" content=\"es_MX\" \/>\n<meta property=\"og:type\" content=\"article\" \/>\n<meta property=\"og:title\" content=\"El lunes 7 de agosto inicia el canje de uniformes y \u00fatiles escolares - Fuentes Fidedignas\" \/>\n<meta property=\"og:description\" content=\"Se dispondr\u00e1 de 937 centros de canje en todo el estado para el canje de uniformes y \u00fatiles escolares; se estima entregar 880,737 uniformes y 452,730 paquetes de \u00fatiles Culiac\u00e1n, Sin.- El pr\u00f3ximo lunes 7 de agosto arrancar\u00e1 el \u201cPrograma para la Dotaci\u00f3n Gratuita de Uniformes y \u00datiles Escolares\u201d con el que el gobierno de [&hellip;]\" \/>\n<meta property=\"og:url\" content=\"https:\/\/fuentesfidedignas.com.mx\/index.php\/2023\/08\/02\/el-lunes-7-de-agosto-inicia-el-canje-de-uniformes-y-utiles-escolares\/\" \/>\n<meta property=\"og:site_name\" content=\"Fuentes Fidedignas\" \/>\n<meta property=\"article:publisher\" content=\"https:\/\/www.facebook.com\/Fuentes-Fidedignas-368234489921644\" \/>\n<meta property=\"article:published_time\" content=\"2023-08-02T19:52:33+00:00\" \/>\n<meta property=\"article:modified_time\" content=\"2023-08-02T20:24:00+00:00\" \/>\n<meta property=\"og:image\" content=\"https:\/\/fuentesfidedignas.com.mx\/wp-content\/uploads\/2023\/08\/IMG-20230802-WA0025.jpg\" \/>\n\t<meta property=\"og:image:width\" content=\"1280\" \/>\n\t<meta property=\"og:image:height\" content=\"852\" \/>\n\t<meta property=\"og:image:type\" content=\"image\/jpeg\" \/>\n<meta name=\"author\" content=\"Redacci\u00f3n\" \/>\n<meta name=\"twitter:card\" content=\"summary_large_image\" \/>\n<meta name=\"twitter:creator\" content=\"@fidedignas\" \/>\n<meta name=\"twitter:site\" content=\"@fidedignas\" \/>\n<meta name=\"twitter:label1\" content=\"Escrito por\" \/>\n\t<meta name=\"twitter:data1\" content=\"Redacci\u00f3n\" \/>\n\t<meta name=\"twitter:label2\" content=\"Tiempo de lectura\" \/>\n\t<meta name=\"twitter:data2\" content=\"2 minutos\" \/>\n<script type=\"application\/ld+json\" class=\"yoast-schema-graph\">{\"@context\":\"https:\\\/\\\/schema.org\",\"@graph\":[{\"@type\":\"Article\",\"@id\":\"https:\\\/\\\/fuentesfidedignas.com.mx\\\/index.php\\\/2023\\\/08\\\/02\\\/el-lunes-7-de-agosto-inicia-el-canje-de-uniformes-y-utiles-escolares\\\/#article\",\"isPartOf\":{\"@id\":\"https:\\\/\\\/fuentesfidedignas.com.mx\\\/index.php\\\/2023\\\/08\\\/02\\\/el-lunes-7-de-agosto-inicia-el-canje-de-uniformes-y-utiles-escolares\\\/\"},\"author\":{\"name\":\"Redacci\u00f3n\",\"@id\":\"https:\\\/\\\/fuentesfidedignas.com.mx\\\/#\\\/schema\\\/person\\\/331be9283d37198e2acd5750279085b0\"},\"headline\":\"El lunes 7 de agosto inicia el canje de uniformes y \u00fatiles escolares\",\"datePublished\":\"2023-08-02T19:52:33+00:00\",\"dateModified\":\"2023-08-02T20:24:00+00:00\",\"mainEntityOfPage\":{\"@id\":\"https:\\\/\\\/fuentesfidedignas.com.mx\\\/index.php\\\/2023\\\/08\\\/02\\\/el-lunes-7-de-agosto-inicia-el-canje-de-uniformes-y-utiles-escolares\\\/\"},\"wordCount\":425,\"commentCount\":0,\"publisher\":{\"@id\":\"https:\\\/\\\/fuentesfidedignas.com.mx\\\/#organization\"},\"image\":{\"@id\":\"https:\\\/\\\/fuentesfidedignas.com.mx\\\/index.php\\\/2023\\\/08\\\/02\\\/el-lunes-7-de-agosto-inicia-el-canje-de-uniformes-y-utiles-escolares\\\/#primaryimage\"},\"thumbnailUrl\":\"https:\\\/\\\/fuentesfidedignas.com.mx\\\/wp-content\\\/uploads\\\/2023\\\/08\\\/IMG-20230802-WA0025.jpg\",\"articleSection\":[\"NOTA PRINCIPAL\"],\"inLanguage\":\"es\",\"potentialAction\":[{\"@type\":\"CommentAction\",\"name\":\"Comment\",\"target\":[\"https:\\\/\\\/fuentesfidedignas.com.mx\\\/index.php\\\/2023\\\/08\\\/02\\\/el-lunes-7-de-agosto-inicia-el-canje-de-uniformes-y-utiles-escolares\\\/#respond\"]}]},{\"@type\":\"WebPage\",\"@id\":\"https:\\\/\\\/fuentesfidedignas.com.mx\\\/index.php\\\/2023\\\/08\\\/02\\\/el-lunes-7-de-agosto-inicia-el-canje-de-uniformes-y-utiles-escolares\\\/\",\"url\":\"https:\\\/\\\/fuentesfidedignas.com.mx\\\/index.php\\\/2023\\\/08\\\/02\\\/el-lunes-7-de-agosto-inicia-el-canje-de-uniformes-y-utiles-escolares\\\/\",\"name\":\"El lunes 7 de agosto inicia el canje de uniformes y \u00fatiles escolares - Fuentes Fidedignas\",\"isPartOf\":{\"@id\":\"https:\\\/\\\/fuentesfidedignas.com.mx\\\/#website\"},\"primaryImageOfPage\":{\"@id\":\"https:\\\/\\\/fuentesfidedignas.com.mx\\\/index.php\\\/2023\\\/08\\\/02\\\/el-lunes-7-de-agosto-inicia-el-canje-de-uniformes-y-utiles-escolares\\\/#primaryimage\"},\"image\":{\"@id\":\"https:\\\/\\\/fuentesfidedignas.com.mx\\\/index.php\\\/2023\\\/08\\\/02\\\/el-lunes-7-de-agosto-inicia-el-canje-de-uniformes-y-utiles-escolares\\\/#primaryimage\"},\"thumbnailUrl\":\"https:\\\/\\\/fuentesfidedignas.com.mx\\\/wp-content\\\/uploads\\\/2023\\\/08\\\/IMG-20230802-WA0025.jpg\",\"datePublished\":\"2023-08-02T19:52:33+00:00\",\"dateModified\":\"2023-08-02T20:24:00+00:00\",\"breadcrumb\":{\"@id\":\"https:\\\/\\\/fuentesfidedignas.com.mx\\\/index.php\\\/2023\\\/08\\\/02\\\/el-lunes-7-de-agosto-inicia-el-canje-de-uniformes-y-utiles-escolares\\\/#breadcrumb\"},\"inLanguage\":\"es\",\"potentialAction\":[{\"@type\":\"ReadAction\",\"target\":[\"https:\\\/\\\/fuentesfidedignas.com.mx\\\/index.php\\\/2023\\\/08\\\/02\\\/el-lunes-7-de-agosto-inicia-el-canje-de-uniformes-y-utiles-escolares\\\/\"]}]},{\"@type\":\"ImageObject\",\"inLanguage\":\"es\",\"@id\":\"https:\\\/\\\/fuentesfidedignas.com.mx\\\/index.php\\\/2023\\\/08\\\/02\\\/el-lunes-7-de-agosto-inicia-el-canje-de-uniformes-y-utiles-escolares\\\/#primaryimage\",\"url\":\"https:\\\/\\\/fuentesfidedignas.com.mx\\\/wp-content\\\/uploads\\\/2023\\\/08\\\/IMG-20230802-WA0025.jpg\",\"contentUrl\":\"https:\\\/\\\/fuentesfidedignas.com.mx\\\/wp-content\\\/uploads\\\/2023\\\/08\\\/IMG-20230802-WA0025.jpg\",\"width\":1280,\"height\":852},{\"@type\":\"BreadcrumbList\",\"@id\":\"https:\\\/\\\/fuentesfidedignas.com.mx\\\/index.php\\\/2023\\\/08\\\/02\\\/el-lunes-7-de-agosto-inicia-el-canje-de-uniformes-y-utiles-escolares\\\/#breadcrumb\",\"itemListElement\":[{\"@type\":\"ListItem\",\"position\":1,\"name\":\"Inicio\",\"item\":\"https:\\\/\\\/fuentesfidedignas.com.mx\\\/\"},{\"@type\":\"ListItem\",\"position\":2,\"name\":\"El lunes 7 de agosto inicia el canje de uniformes y \u00fatiles escolares\"}]},{\"@type\":\"WebSite\",\"@id\":\"https:\\\/\\\/fuentesfidedignas.com.mx\\\/#website\",\"url\":\"https:\\\/\\\/fuentesfidedignas.com.mx\\\/\",\"name\":\"Fuentes Fidedignas\",\"description\":\"Otro sitio realizado con WordPress\",\"publisher\":{\"@id\":\"https:\\\/\\\/fuentesfidedignas.com.mx\\\/#organization\"},\"potentialAction\":[{\"@type\":\"SearchAction\",\"target\":{\"@type\":\"EntryPoint\",\"urlTemplate\":\"https:\\\/\\\/fuentesfidedignas.com.mx\\\/?s={search_term_string}\"},\"query-input\":{\"@type\":\"PropertyValueSpecification\",\"valueRequired\":true,\"valueName\":\"search_term_string\"}}],\"inLanguage\":\"es\"},{\"@type\":\"Organization\",\"@id\":\"https:\\\/\\\/fuentesfidedignas.com.mx\\\/#organization\",\"name\":\"Fuentes Fidedignas\",\"url\":\"https:\\\/\\\/fuentesfidedignas.com.mx\\\/\",\"logo\":{\"@type\":\"ImageObject\",\"inLanguage\":\"es\",\"@id\":\"https:\\\/\\\/fuentesfidedignas.com.mx\\\/#\\\/schema\\\/logo\\\/image\\\/\",\"url\":\"https:\\\/\\\/fuentesfidedignas.com.mx\\\/wp-content\\\/uploads\\\/2021\\\/04\\\/logo-retina.png\",\"contentUrl\":\"https:\\\/\\\/fuentesfidedignas.com.mx\\\/wp-content\\\/uploads\\\/2021\\\/04\\\/logo-retina.png\",\"width\":280,\"height\":51,\"caption\":\"Fuentes Fidedignas\"},\"image\":{\"@id\":\"https:\\\/\\\/fuentesfidedignas.com.mx\\\/#\\\/schema\\\/logo\\\/image\\\/\"},\"sameAs\":[\"https:\\\/\\\/www.facebook.com\\\/Fuentes-Fidedignas-368234489921644\",\"https:\\\/\\\/x.com\\\/fidedignas\"]},{\"@type\":\"Person\",\"@id\":\"https:\\\/\\\/fuentesfidedignas.com.mx\\\/#\\\/schema\\\/person\\\/331be9283d37198e2acd5750279085b0\",\"name\":\"Redacci\u00f3n\",\"image\":{\"@type\":\"ImageObject\",\"inLanguage\":\"es\",\"@id\":\"https:\\\/\\\/secure.gravatar.com\\\/avatar\\\/f6d8782c11d12b2d4ad3fbb6931aeab5309937a4d6cd2fc9cfaa28a6396a5aec?s=96&d=mm&r=g\",\"url\":\"https:\\\/\\\/secure.gravatar.com\\\/avatar\\\/f6d8782c11d12b2d4ad3fbb6931aeab5309937a4d6cd2fc9cfaa28a6396a5aec?s=96&d=mm&r=g\",\"contentUrl\":\"https:\\\/\\\/secure.gravatar.com\\\/avatar\\\/f6d8782c11d12b2d4ad3fbb6931aeab5309937a4d6cd2fc9cfaa28a6396a5aec?s=96&d=mm&r=g\",\"caption\":\"Redacci\u00f3n\"},\"url\":\"https:\\\/\\\/fuentesfidedignas.com.mx\\\/index.php\\\/author\\\/redaccion\\\/\"}]}<\/script>\n<!-- \/ Yoast SEO plugin. -->","yoast_head_json":{"title":"El lunes 7 de agosto inicia el canje de uniformes y \u00fatiles escolares - Fuentes Fidedignas","robots":{"index":"index","follow":"follow","max-snippet":"max-snippet:-1","max-image-preview":"max-image-preview:large","max-video-preview":"max-video-preview:-1"},"canonical":"https:\/\/fuentesfidedignas.com.mx\/index.php\/2023\/08\/02\/el-lunes-7-de-agosto-inicia-el-canje-de-uniformes-y-utiles-escolares\/","og_locale":"es_MX","og_type":"article","og_title":"El lunes 7 de agosto inicia el canje de uniformes y \u00fatiles escolares - Fuentes Fidedignas","og_description":"Se dispondr\u00e1 de 937 centros de canje en todo el estado para el canje de uniformes y \u00fatiles escolares; se estima entregar 880,737 uniformes y 452,730 paquetes de \u00fatiles Culiac\u00e1n, Sin.- El pr\u00f3ximo lunes 7 de agosto arrancar\u00e1 el \u201cPrograma para la Dotaci\u00f3n Gratuita de Uniformes y \u00datiles Escolares\u201d con el que el gobierno de [&hellip;]","og_url":"https:\/\/fuentesfidedignas.com.mx\/index.php\/2023\/08\/02\/el-lunes-7-de-agosto-inicia-el-canje-de-uniformes-y-utiles-escolares\/","og_site_name":"Fuentes Fidedignas","article_publisher":"https:\/\/www.facebook.com\/Fuentes-Fidedignas-368234489921644","article_published_time":"2023-08-02T19:52:33+00:00","article_modified_time":"2023-08-02T20:24:00+00:00","og_image":[{"width":1280,"height":852,"url":"https:\/\/fuentesfidedignas.com.mx\/wp-content\/uploads\/2023\/08\/IMG-20230802-WA0025.jpg","type":"image\/jpeg"}],"author":"Redacci\u00f3n","twitter_card":"summary_large_image","twitter_creator":"@fidedignas","twitter_site":"@fidedignas","twitter_misc":{"Escrito por":"Redacci\u00f3n","Tiempo de lectura":"2 minutos"},"schema":{"@context":"https:\/\/schema.org","@graph":[{"@type":"Article","@id":"https:\/\/fuentesfidedignas.com.mx\/index.php\/2023\/08\/02\/el-lunes-7-de-agosto-inicia-el-canje-de-uniformes-y-utiles-escolares\/#article","isPartOf":{"@id":"https:\/\/fuentesfidedignas.com.mx\/index.php\/2023\/08\/02\/el-lunes-7-de-agosto-inicia-el-canje-de-uniformes-y-utiles-escolares\/"},"author":{"name":"Redacci\u00f3n","@id":"https:\/\/fuentesfidedignas.com.mx\/#\/schema\/person\/331be9283d37198e2acd5750279085b0"},"headline":"El lunes 7 de agosto inicia el canje de uniformes y \u00fatiles escolares","datePublished":"2023-08-02T19:52:33+00:00","dateModified":"2023-08-02T20:24:00+00:00","mainEntityOfPage":{"@id":"https:\/\/fuentesfidedignas.com.mx\/index.php\/2023\/08\/02\/el-lunes-7-de-agosto-inicia-el-canje-de-uniformes-y-utiles-escolares\/"},"wordCount":425,"commentCount":0,"publisher":{"@id":"https:\/\/fuentesfidedignas.com.mx\/#organization"},"image":{"@id":"https:\/\/fuentesfidedignas.com.mx\/index.php\/2023\/08\/02\/el-lunes-7-de-agosto-inicia-el-canje-de-uniformes-y-utiles-escolares\/#primaryimage"},"thumbnailUrl":"https:\/\/fuentesfidedignas.com.mx\/wp-content\/uploads\/2023\/08\/IMG-20230802-WA0025.jpg","articleSection":["NOTA PRINCIPAL"],"inLanguage":"es","potentialAction":[{"@type":"CommentAction","name":"Comment","target":["https:\/\/fuentesfidedignas.com.mx\/index.php\/2023\/08\/02\/el-lunes-7-de-agosto-inicia-el-canje-de-uniformes-y-utiles-escolares\/#respond"]}]},{"@type":"WebPage","@id":"https:\/\/fuentesfidedignas.com.mx\/index.php\/2023\/08\/02\/el-lunes-7-de-agosto-inicia-el-canje-de-uniformes-y-utiles-escolares\/","url":"https:\/\/fuentesfidedignas.com.mx\/index.php\/2023\/08\/02\/el-lunes-7-de-agosto-inicia-el-canje-de-uniformes-y-utiles-escolares\/","name":"El lunes 7 de agosto inicia el canje de uniformes y \u00fatiles escolares - Fuentes Fidedignas","isPartOf":{"@id":"https:\/\/fuentesfidedignas.com.mx\/#website"},"primaryImageOfPage":{"@id":"https:\/\/fuentesfidedignas.com.mx\/index.php\/2023\/08\/02\/el-lunes-7-de-agosto-inicia-el-canje-de-uniformes-y-utiles-escolares\/#primaryimage"},"image":{"@id":"https:\/\/fuentesfidedignas.com.mx\/index.php\/2023\/08\/02\/el-lunes-7-de-agosto-inicia-el-canje-de-uniformes-y-utiles-escolares\/#primaryimage"},"thumbnailUrl":"https:\/\/fuentesfidedignas.com.mx\/wp-content\/uploads\/2023\/08\/IMG-20230802-WA0025.jpg","datePublished":"2023-08-02T19:52:33+00:00","dateModified":"2023-08-02T20:24:00+00:00","breadcrumb":{"@id":"https:\/\/fuentesfidedignas.com.mx\/index.php\/2023\/08\/02\/el-lunes-7-de-agosto-inicia-el-canje-de-uniformes-y-utiles-escolares\/#breadcrumb"},"inLanguage":"es","potentialAction":[{"@type":"ReadAction","target":["https:\/\/fuentesfidedignas.com.mx\/index.php\/2023\/08\/02\/el-lunes-7-de-agosto-inicia-el-canje-de-uniformes-y-utiles-escolares\/"]}]},{"@type":"ImageObject","inLanguage":"es","@id":"https:\/\/fuentesfidedignas.com.mx\/index.php\/2023\/08\/02\/el-lunes-7-de-agosto-inicia-el-canje-de-uniformes-y-utiles-escolares\/#primaryimage","url":"https:\/\/fuentesfidedignas.com.mx\/wp-content\/uploads\/2023\/08\/IMG-20230802-WA0025.jpg","contentUrl":"https:\/\/fuentesfidedignas.com.mx\/wp-content\/uploads\/2023\/08\/IMG-20230802-WA0025.jpg","width":1280,"height":852},{"@type":"BreadcrumbList","@id":"https:\/\/fuentesfidedignas.com.mx\/index.php\/2023\/08\/02\/el-lunes-7-de-agosto-inicia-el-canje-de-uniformes-y-utiles-escolares\/#breadcrumb","itemListElement":[{"@type":"ListItem","position":1,"name":"Inicio","item":"https:\/\/fuentesfidedignas.com.mx\/"},{"@type":"ListItem","position":2,"name":"El lunes 7 de agosto inicia el canje de uniformes y \u00fatiles escolares"}]},{"@type":"WebSite","@id":"https:\/\/fuentesfidedignas.com.mx\/#website","url":"https:\/\/fuentesfidedignas.com.mx\/","name":"Fuentes Fidedignas","description":"Otro sitio realizado con WordPress","publisher":{"@id":"https:\/\/fuentesfidedignas.com.mx\/#organization"},"potentialAction":[{"@type":"SearchAction","target":{"@type":"EntryPoint","urlTemplate":"https:\/\/fuentesfidedignas.com.mx\/?s={search_term_string}"},"query-input":{"@type":"PropertyValueSpecification","valueRequired":true,"valueName":"search_term_string"}}],"inLanguage":"es"},{"@type":"Organization","@id":"https:\/\/fuentesfidedignas.com.mx\/#organization","name":"Fuentes Fidedignas","url":"https:\/\/fuentesfidedignas.com.mx\/","logo":{"@type":"ImageObject","inLanguage":"es","@id":"https:\/\/fuentesfidedignas.com.mx\/#\/schema\/logo\/image\/","url":"https:\/\/fuentesfidedignas.com.mx\/wp-content\/uploads\/2021\/04\/logo-retina.png","contentUrl":"https:\/\/fuentesfidedignas.com.mx\/wp-content\/uploads\/2021\/04\/logo-retina.png","width":280,"height":51,"caption":"Fuentes Fidedignas"},"image":{"@id":"https:\/\/fuentesfidedignas.com.mx\/#\/schema\/logo\/image\/"},"sameAs":["https:\/\/www.facebook.com\/Fuentes-Fidedignas-368234489921644","https:\/\/x.com\/fidedignas"]},{"@type":"Person","@id":"https:\/\/fuentesfidedignas.com.mx\/#\/schema\/person\/331be9283d37198e2acd5750279085b0","name":"Redacci\u00f3n","image":{"@type":"ImageObject","inLanguage":"es","@id":"https:\/\/secure.gravatar.com\/avatar\/f6d8782c11d12b2d4ad3fbb6931aeab5309937a4d6cd2fc9cfaa28a6396a5aec?s=96&d=mm&r=g","url":"https:\/\/secure.gravatar.com\/avatar\/f6d8782c11d12b2d4ad3fbb6931aeab5309937a4d6cd2fc9cfaa28a6396a5aec?s=96&d=mm&r=g","contentUrl":"https:\/\/secure.gravatar.com\/avatar\/f6d8782c11d12b2d4ad3fbb6931aeab5309937a4d6cd2fc9cfaa28a6396a5aec?s=96&d=mm&r=g","caption":"Redacci\u00f3n"},"url":"https:\/\/fuentesfidedignas.com.mx\/index.php\/author\/redaccion\/"}]}},"_links":{"self":[{"href":"https:\/\/fuentesfidedignas.com.mx\/index.php\/wp-json\/wp\/v2\/posts\/54235","targetHints":{"allow":["GET"]}}],"collection":[{"href":"https:\/\/fuentesfidedignas.com.mx\/index.php\/wp-json\/wp\/v2\/posts"}],"about":[{"href":"https:\/\/fuentesfidedignas.com.mx\/index.php\/wp-json\/wp\/v2\/types\/post"}],"author":[{"embeddable":true,"href":"https:\/\/fuentesfidedignas.com.mx\/index.php\/wp-json\/wp\/v2\/users\/4"}],"replies":[{"embeddable":true,"href":"https:\/\/fuentesfidedignas.com.mx\/index.php\/wp-json\/wp\/v2\/comments?post=54235"}],"version-history":[{"count":2,"href":"https:\/\/fuentesfidedignas.com.mx\/index.php\/wp-json\/wp\/v2\/posts\/54235\/revisions"}],"predecessor-version":[{"id":54239,"href":"https:\/\/fuentesfidedignas.com.mx\/index.php\/wp-json\/wp\/v2\/posts\/54235\/revisions\/54239"}],"wp:featuredmedia":[{"embeddable":true,"href":"https:\/\/fuentesfidedignas.com.mx\/index.php\/wp-json\/wp\/v2\/media\/54237"}],"wp:attachment":[{"href":"https:\/\/fuentesfidedignas.com.mx\/index.php\/wp-json\/wp\/v2\/media?parent=54235"}],"wp:term":[{"taxonomy":"category","embeddable":true,"href":"https:\/\/fuentesfidedignas.com.mx\/index.php\/wp-json\/wp\/v2\/categories?post=54235"},{"taxonomy":"post_tag","embeddable":true,"href":"https:\/\/fuentesfidedignas.com.mx\/index.php\/wp-json\/wp\/v2\/tags?post=54235"}],"curies":[{"name":"wp","href":"https:\/\/api.w.org\/{rel}","templated":true}]}}