{"id":54225,"date":"2023-08-02T11:23:50","date_gmt":"2023-08-02T18:23:50","guid":{"rendered":"https:\/\/fuentesfidedignas.com.mx\/?p=54225"},"modified":"2023-08-02T11:47:53","modified_gmt":"2023-08-02T18:47:53","slug":"amlo-propone-crear-farmacia-con-todas-las-medicinas-del-mundo-para-acabar-con-desabasto","status":"publish","type":"post","link":"https:\/\/fuentesfidedignas.com.mx\/index.php\/2023\/08\/02\/amlo-propone-crear-farmacia-con-todas-las-medicinas-del-mundo-para-acabar-con-desabasto\/","title":{"rendered":"AMLO propone crear farmacia \u2018con todas las medicinas del mundo\u2019 para acabar con desabasto"},"content":{"rendered":"\n<p><strong><em>Estos fueron los temas m\u00e1s importantes de la conferencia matutina de este mi\u00e9rcoles 2 de agosto de 2023<\/em><\/strong><\/p>\n\n\n\n<p>Ciudad de M\u00e9xico. El presidente&nbsp;<a href=\"https:\/\/www.bing.com\/ck\/a?!&amp;&amp;p=f42e74e156894c74JmltdHM9MTY4MzA3MjAwMCZpZ3VpZD0xNGNmNGFmMi1mMDFhLTZiYWQtMmFkYy01ODc0ZjE1YjZhYzAmaW5zaWQ9NTE3Nw&amp;ptn=3&amp;hsh=3&amp;fclid=14cf4af2-f01a-6bad-2adc-5874f15b6ac0&amp;psq=andres+manuel+lopez+obrador+el+financiero&amp;u=a1aHR0cHM6Ly93d3cuZWxmaW5hbmNpZXJvLmNvbS5teC90YWdzL2FuZHJlcy1tYW51ZWwtbG9wZXotb2JyYWRvci8&amp;ntb=1\">Andr\u00e9s Manuel L\u00f3pez Obrador<\/a>&nbsp;encabez\u00f3 la&nbsp;<strong>conferencia de prensa matutina<\/strong>&nbsp;este mi\u00e9rcoles&nbsp;<strong>2 de agosto de 2023<\/strong>&nbsp;desde Palacio Nacional, lo acompa\u00f1\u00f3&nbsp;<strong>Ana Elizabeth Garc\u00eda Vilchis<\/strong>, titular de la secci\u00f3n \u2018Qui\u00e9n es qui\u00e9n en las mentiras de la semana\u2019.<\/p>\n\n\n\n<h2 class=\"wp-block-heading\">Esta es la nueva propuesta de AMLO para acabar con el desabasto de medicinas<\/h2>\n\n\n\n<p>El presidente Andr\u00e9s Manuel L\u00f3pez Obrador dio a conocer este mi\u00e9rcoles detalles sobre su\u00a0<strong>nuevo plan\u00a0<\/strong>para terminar con el\u00a0<a href=\"https:\/\/www.elfinanciero.com.mx\/empresas\/2022\/12\/14\/abasto-de-medicina-se-agravara-por-caidas-de-hasta-un-997-en-compras\/\">desabasto de medicinas<\/a>.<\/p>\n\n\n\n<figure class=\"wp-block-embed is-type-rich is-provider-twitter wp-block-embed-twitter\"><div class=\"wp-block-embed__wrapper\">\n<blockquote class=\"twitter-tweet\" data-width=\"550\" data-dnt=\"true\"><p lang=\"es\" dir=\"ltr\"><a href=\"https:\/\/twitter.com\/hashtag\/%C3%9ALTIMAHORA?src=hash&amp;ref_src=twsrc%5Etfw\">#\u00daLTIMAHORA<\/a> \ud83d\udea8 <a href=\"https:\/\/twitter.com\/hashtag\/EnLaMa%C3%B1anera?src=hash&amp;ref_src=twsrc%5Etfw\">#EnLaMa\u00f1anera<\/a> el presidente <a href=\"https:\/\/twitter.com\/lopezobrador_?ref_src=twsrc%5Etfw\">@lopezobrador_<\/a> adelant\u00f3 que propondr\u00e1 crear un almac\u00e9n con todas las medicinas del mundo: \u201ces un banco de reserva de medicinas para que nunca falte\u201d. <a href=\"https:\/\/t.co\/abDy6w5NAF\">pic.twitter.com\/abDy6w5NAF<\/a><\/p>&mdash; El Financiero TV (@ElFinancieroTv) <a href=\"https:\/\/twitter.com\/ElFinancieroTv\/status\/1686747801231790080?ref_src=twsrc%5Etfw\">August 2, 2023<\/a><\/blockquote><script async src=\"https:\/\/platform.twitter.com\/widgets.js\" charset=\"utf-8\"><\/script>\n<\/div><\/figure>\n\n\n\n<p>\u201cComo un\u00a0<strong>Banco de Reserva de Medicamentos\u00a0<\/strong>y lo vamos a hacer. La idea es contar con todos los medicamentos, para que nunca falte ninguno\u201d a\u00f1adi\u00f3.<\/p>\n\n\n\n<p>En este contexto, el jefe del Ejecutivo record\u00f3 que las 14 entidades que ya est\u00e1n afiliadas al programa<a href=\"https:\/\/www.elfinanciero.com.mx\/cdmx\/2023\/06\/18\/imss-bienestar-cdmx-como-inscribirte-y-que-beneficios-te-da\/\">\u00a0IMSS-Bienestar\u00a0<\/a>cuentas con un abasto de medicinas de m\u00e1s del 90 por ciento.<\/p>\n\n\n\n<h2 class=\"wp-block-heading\">AMLO desconoc\u00eda que Presidencia hab\u00eda impugnado orden del INE de no opinar sobre elecciones<\/h2>\n\n\n\n<p>El mandatario mexicano dej\u00f3 entrever que\u00a0<strong>desconoc\u00eda\u00a0<\/strong>que la Presidencia de la Rep\u00fablica\u00a0<strong>impugn\u00f3\u00a0<\/strong>la determinaci\u00f3n de la Comisi\u00f3n de Quejas del Instituto Nacional Electoral (<a href=\"https:\/\/www.elfinanciero.com.mx\/nacional\/2023\/07\/31\/ine-permite-que-amlo-se-pase-por-el-arco-del-triunfo-medidas-cautelares-galvez\/\">INE<\/a>) que le orden\u00f3 abstenerse de emitir opiniones sobre las elecciones y los<a href=\"https:\/\/www.elfinanciero.com.mx\/nacional\/2023\/07\/28\/amlo-ataca-a-los-aspirantes-de-oposicion-porque-los-suyos-no-prenden-afirma-cortes\/\">\u00a0aspirantes de oposici\u00f3n<\/a>.<\/p>\n\n\n\n<p>Tras ser cuestionado sobre este tema, el presidente L\u00f3pez Obrador dijo que&nbsp;<strong>no interpondr\u00eda ning\u00fan recurso jur\u00eddico<\/strong>&nbsp;para poder opinar libremente. Esto, a pesar de que la semana pasada la Presidencia interpuso en la sala superior del Tribunal Electoral del Poder Judicial de la Federaci\u00f3n (<strong>TEPJF<\/strong>) un recurso para desechar la resoluci\u00f3n del INE.<\/p>\n\n\n\n<p>\u201cNo es un asunto legal, es un asunto pol\u00edtico.<strong>&nbsp;No lo voy a hacer<\/strong>,&nbsp;<strong>mientras no haya cuestiones m\u00e1s graves no pasa nada<\/strong>\u201d, dijo en primera instancia AMLO.<\/p>\n\n\n\n<p>Tras su respuesta, un reportero le se\u00f1al\u00f3 que la Presidencia&nbsp;<strong>ya hab\u00eda presentado impugnaciones ante el TEPJF<\/strong>, a lo que el mandatario respondi\u00f3:<\/p>\n\n\n\n<p>\u201cLo hacen por rutina lo abogados de aqu\u00ed, ya ven c\u00f3mo son los abogados\u201d.<\/p>\n\n\n\n<figure class=\"wp-block-embed is-type-rich is-provider-twitter wp-block-embed-twitter\"><div class=\"wp-block-embed__wrapper\">\n<blockquote class=\"twitter-tweet\" data-width=\"550\" data-dnt=\"true\"><p lang=\"es\" dir=\"ltr\"><a href=\"https:\/\/twitter.com\/hashtag\/EnLaMa%C3%B1anera?src=hash&amp;ref_src=twsrc%5Etfw\">#EnLaMa\u00f1anera<\/a> | \u201cNo es un asunto legal, solo jur\u00eddico, es un asunto pol\u00edtico, b\u00e1sicamente\u201d: el presidente <a href=\"https:\/\/twitter.com\/lopezobrador_?ref_src=twsrc%5Etfw\">@lopezobrador_<\/a> afirm\u00f3 que las medidas dictadas por el <a href=\"https:\/\/twitter.com\/INEMexico?ref_src=twsrc%5Etfw\">@INEMexico<\/a> para que no pueda referirse a las <a href=\"https:\/\/twitter.com\/hashtag\/Elecciones2024?src=hash&amp;ref_src=twsrc%5Etfw\">#Elecciones2024<\/a> ni a X\u00f3chitl G\u00e1lvez hab\u00edan sido impugnadas por su equipo. <a href=\"https:\/\/t.co\/FX2wzURtLj\">pic.twitter.com\/FX2wzURtLj<\/a><\/p>&mdash; El Financiero TV (@ElFinancieroTv) <a href=\"https:\/\/twitter.com\/ElFinancieroTv\/status\/1686769504859078656?ref_src=twsrc%5Etfw\">August 2, 2023<\/a><\/blockquote><script async src=\"https:\/\/platform.twitter.com\/widgets.js\" charset=\"utf-8\"><\/script>\n<\/div><\/figure>\n","protected":false},"excerpt":{"rendered":"<p>Estos fueron los temas m\u00e1s importantes de la conferencia matutina de este mi\u00e9rcoles 2 de agosto de 2023 Ciudad de M\u00e9xico. El presidente&nbsp;Andr\u00e9s Manuel L\u00f3pez Obrador&nbsp;encabez\u00f3 la&nbsp;conferencia de prensa matutina&nbsp;este mi\u00e9rcoles&nbsp;2 de agosto de 2023&nbsp;desde Palacio Nacional, lo acompa\u00f1\u00f3&nbsp;Ana Elizabeth Garc\u00eda Vilchis, titular de la secci\u00f3n \u2018Qui\u00e9n es qui\u00e9n en las mentiras de la semana\u2019. [&hellip;]<\/p>\n","protected":false},"author":21,"featured_media":54231,"comment_status":"open","ping_status":"open","sticky":false,"template":"","format":"standard","meta":{"tdm_status":"","tdm_grid_status":"","footnotes":""},"categories":[39,1],"tags":[],"class_list":{"0":"post-54225","1":"post","2":"type-post","3":"status-publish","4":"format-standard","5":"has-post-thumbnail","7":"category-noticias-nacionales","8":"category-sin-categoria"},"yoast_head":"<!-- This site is optimized with the Yoast SEO plugin v27.5 - https:\/\/yoast.com\/product\/yoast-seo-wordpress\/ -->\n<title>AMLO propone crear farmacia \u2018con todas las medicinas del mundo\u2019 para acabar con desabasto - Fuentes Fidedignas<\/title>\n<meta name=\"robots\" content=\"index, follow, max-snippet:-1, max-image-preview:large, max-video-preview:-1\" \/>\n<link rel=\"canonical\" href=\"https:\/\/fuentesfidedignas.com.mx\/index.php\/2023\/08\/02\/amlo-propone-crear-farmacia-con-todas-las-medicinas-del-mundo-para-acabar-con-desabasto\/\" \/>\n<meta property=\"og:locale\" content=\"es_MX\" \/>\n<meta property=\"og:type\" content=\"article\" \/>\n<meta property=\"og:title\" content=\"AMLO propone crear farmacia \u2018con todas las medicinas del mundo\u2019 para acabar con desabasto - Fuentes Fidedignas\" \/>\n<meta property=\"og:description\" content=\"Estos fueron los temas m\u00e1s importantes de la conferencia matutina de este mi\u00e9rcoles 2 de agosto de 2023 Ciudad de M\u00e9xico. El presidente&nbsp;Andr\u00e9s Manuel L\u00f3pez Obrador&nbsp;encabez\u00f3 la&nbsp;conferencia de prensa matutina&nbsp;este mi\u00e9rcoles&nbsp;2 de agosto de 2023&nbsp;desde Palacio Nacional, lo acompa\u00f1\u00f3&nbsp;Ana Elizabeth Garc\u00eda Vilchis, titular de la secci\u00f3n \u2018Qui\u00e9n es qui\u00e9n en las mentiras de la semana\u2019. [&hellip;]\" \/>\n<meta property=\"og:url\" content=\"https:\/\/fuentesfidedignas.com.mx\/index.php\/2023\/08\/02\/amlo-propone-crear-farmacia-con-todas-las-medicinas-del-mundo-para-acabar-con-desabasto\/\" \/>\n<meta property=\"og:site_name\" content=\"Fuentes Fidedignas\" \/>\n<meta property=\"article:publisher\" content=\"https:\/\/www.facebook.com\/Fuentes-Fidedignas-368234489921644\" \/>\n<meta property=\"article:published_time\" content=\"2023-08-02T18:23:50+00:00\" \/>\n<meta property=\"article:modified_time\" content=\"2023-08-02T18:47:53+00:00\" \/>\n<meta property=\"og:image\" content=\"https:\/\/fuentesfidedignas.com.mx\/wp-content\/uploads\/2023\/08\/images-2.jpeg\" \/>\n\t<meta property=\"og:image:width\" content=\"701\" \/>\n\t<meta property=\"og:image:height\" content=\"438\" \/>\n\t<meta property=\"og:image:type\" content=\"image\/jpeg\" \/>\n<meta name=\"author\" content=\"El Financiero\" \/>\n<meta name=\"twitter:card\" content=\"summary_large_image\" \/>\n<meta name=\"twitter:creator\" content=\"@fidedignas\" \/>\n<meta name=\"twitter:site\" content=\"@fidedignas\" \/>\n<meta name=\"twitter:label1\" content=\"Escrito por\" \/>\n\t<meta name=\"twitter:data1\" content=\"El Financiero\" \/>\n\t<meta name=\"twitter:label2\" content=\"Tiempo de lectura\" \/>\n\t<meta name=\"twitter:data2\" content=\"2 minutos\" \/>\n<script type=\"application\/ld+json\" class=\"yoast-schema-graph\">{\"@context\":\"https:\\\/\\\/schema.org\",\"@graph\":[{\"@type\":\"Article\",\"@id\":\"https:\\\/\\\/fuentesfidedignas.com.mx\\\/index.php\\\/2023\\\/08\\\/02\\\/amlo-propone-crear-farmacia-con-todas-las-medicinas-del-mundo-para-acabar-con-desabasto\\\/#article\",\"isPartOf\":{\"@id\":\"https:\\\/\\\/fuentesfidedignas.com.mx\\\/index.php\\\/2023\\\/08\\\/02\\\/amlo-propone-crear-farmacia-con-todas-las-medicinas-del-mundo-para-acabar-con-desabasto\\\/\"},\"author\":{\"name\":\"El Financiero\",\"@id\":\"https:\\\/\\\/fuentesfidedignas.com.mx\\\/#\\\/schema\\\/person\\\/494f7e0dce8dfaaec5b64f16615b78e9\"},\"headline\":\"AMLO propone crear farmacia \u2018con todas las medicinas del mundo\u2019 para acabar con desabasto\",\"datePublished\":\"2023-08-02T18:23:50+00:00\",\"dateModified\":\"2023-08-02T18:47:53+00:00\",\"mainEntityOfPage\":{\"@id\":\"https:\\\/\\\/fuentesfidedignas.com.mx\\\/index.php\\\/2023\\\/08\\\/02\\\/amlo-propone-crear-farmacia-con-todas-las-medicinas-del-mundo-para-acabar-con-desabasto\\\/\"},\"wordCount\":404,\"commentCount\":0,\"publisher\":{\"@id\":\"https:\\\/\\\/fuentesfidedignas.com.mx\\\/#organization\"},\"image\":{\"@id\":\"https:\\\/\\\/fuentesfidedignas.com.mx\\\/index.php\\\/2023\\\/08\\\/02\\\/amlo-propone-crear-farmacia-con-todas-las-medicinas-del-mundo-para-acabar-con-desabasto\\\/#primaryimage\"},\"thumbnailUrl\":\"https:\\\/\\\/fuentesfidedignas.com.mx\\\/wp-content\\\/uploads\\\/2023\\\/08\\\/images-2.jpeg\",\"articleSection\":[\"NOTICIAS NACIONALES\"],\"inLanguage\":\"es\",\"potentialAction\":[{\"@type\":\"CommentAction\",\"name\":\"Comment\",\"target\":[\"https:\\\/\\\/fuentesfidedignas.com.mx\\\/index.php\\\/2023\\\/08\\\/02\\\/amlo-propone-crear-farmacia-con-todas-las-medicinas-del-mundo-para-acabar-con-desabasto\\\/#respond\"]}]},{\"@type\":\"WebPage\",\"@id\":\"https:\\\/\\\/fuentesfidedignas.com.mx\\\/index.php\\\/2023\\\/08\\\/02\\\/amlo-propone-crear-farmacia-con-todas-las-medicinas-del-mundo-para-acabar-con-desabasto\\\/\",\"url\":\"https:\\\/\\\/fuentesfidedignas.com.mx\\\/index.php\\\/2023\\\/08\\\/02\\\/amlo-propone-crear-farmacia-con-todas-las-medicinas-del-mundo-para-acabar-con-desabasto\\\/\",\"name\":\"AMLO propone crear farmacia \u2018con todas las medicinas del mundo\u2019 para acabar con desabasto - Fuentes Fidedignas\",\"isPartOf\":{\"@id\":\"https:\\\/\\\/fuentesfidedignas.com.mx\\\/#website\"},\"primaryImageOfPage\":{\"@id\":\"https:\\\/\\\/fuentesfidedignas.com.mx\\\/index.php\\\/2023\\\/08\\\/02\\\/amlo-propone-crear-farmacia-con-todas-las-medicinas-del-mundo-para-acabar-con-desabasto\\\/#primaryimage\"},\"image\":{\"@id\":\"https:\\\/\\\/fuentesfidedignas.com.mx\\\/index.php\\\/2023\\\/08\\\/02\\\/amlo-propone-crear-farmacia-con-todas-las-medicinas-del-mundo-para-acabar-con-desabasto\\\/#primaryimage\"},\"thumbnailUrl\":\"https:\\\/\\\/fuentesfidedignas.com.mx\\\/wp-content\\\/uploads\\\/2023\\\/08\\\/images-2.jpeg\",\"datePublished\":\"2023-08-02T18:23:50+00:00\",\"dateModified\":\"2023-08-02T18:47:53+00:00\",\"breadcrumb\":{\"@id\":\"https:\\\/\\\/fuentesfidedignas.com.mx\\\/index.php\\\/2023\\\/08\\\/02\\\/amlo-propone-crear-farmacia-con-todas-las-medicinas-del-mundo-para-acabar-con-desabasto\\\/#breadcrumb\"},\"inLanguage\":\"es\",\"potentialAction\":[{\"@type\":\"ReadAction\",\"target\":[\"https:\\\/\\\/fuentesfidedignas.com.mx\\\/index.php\\\/2023\\\/08\\\/02\\\/amlo-propone-crear-farmacia-con-todas-las-medicinas-del-mundo-para-acabar-con-desabasto\\\/\"]}]},{\"@type\":\"ImageObject\",\"inLanguage\":\"es\",\"@id\":\"https:\\\/\\\/fuentesfidedignas.com.mx\\\/index.php\\\/2023\\\/08\\\/02\\\/amlo-propone-crear-farmacia-con-todas-las-medicinas-del-mundo-para-acabar-con-desabasto\\\/#primaryimage\",\"url\":\"https:\\\/\\\/fuentesfidedignas.com.mx\\\/wp-content\\\/uploads\\\/2023\\\/08\\\/images-2.jpeg\",\"contentUrl\":\"https:\\\/\\\/fuentesfidedignas.com.mx\\\/wp-content\\\/uploads\\\/2023\\\/08\\\/images-2.jpeg\",\"width\":701,\"height\":438},{\"@type\":\"BreadcrumbList\",\"@id\":\"https:\\\/\\\/fuentesfidedignas.com.mx\\\/index.php\\\/2023\\\/08\\\/02\\\/amlo-propone-crear-farmacia-con-todas-las-medicinas-del-mundo-para-acabar-con-desabasto\\\/#breadcrumb\",\"itemListElement\":[{\"@type\":\"ListItem\",\"position\":1,\"name\":\"Inicio\",\"item\":\"https:\\\/\\\/fuentesfidedignas.com.mx\\\/\"},{\"@type\":\"ListItem\",\"position\":2,\"name\":\"AMLO propone crear farmacia \u2018con todas las medicinas del mundo\u2019 para acabar con desabasto\"}]},{\"@type\":\"WebSite\",\"@id\":\"https:\\\/\\\/fuentesfidedignas.com.mx\\\/#website\",\"url\":\"https:\\\/\\\/fuentesfidedignas.com.mx\\\/\",\"name\":\"Fuentes Fidedignas\",\"description\":\"Otro sitio realizado con WordPress\",\"publisher\":{\"@id\":\"https:\\\/\\\/fuentesfidedignas.com.mx\\\/#organization\"},\"potentialAction\":[{\"@type\":\"SearchAction\",\"target\":{\"@type\":\"EntryPoint\",\"urlTemplate\":\"https:\\\/\\\/fuentesfidedignas.com.mx\\\/?s={search_term_string}\"},\"query-input\":{\"@type\":\"PropertyValueSpecification\",\"valueRequired\":true,\"valueName\":\"search_term_string\"}}],\"inLanguage\":\"es\"},{\"@type\":\"Organization\",\"@id\":\"https:\\\/\\\/fuentesfidedignas.com.mx\\\/#organization\",\"name\":\"Fuentes Fidedignas\",\"url\":\"https:\\\/\\\/fuentesfidedignas.com.mx\\\/\",\"logo\":{\"@type\":\"ImageObject\",\"inLanguage\":\"es\",\"@id\":\"https:\\\/\\\/fuentesfidedignas.com.mx\\\/#\\\/schema\\\/logo\\\/image\\\/\",\"url\":\"https:\\\/\\\/fuentesfidedignas.com.mx\\\/wp-content\\\/uploads\\\/2021\\\/04\\\/logo-retina.png\",\"contentUrl\":\"https:\\\/\\\/fuentesfidedignas.com.mx\\\/wp-content\\\/uploads\\\/2021\\\/04\\\/logo-retina.png\",\"width\":280,\"height\":51,\"caption\":\"Fuentes Fidedignas\"},\"image\":{\"@id\":\"https:\\\/\\\/fuentesfidedignas.com.mx\\\/#\\\/schema\\\/logo\\\/image\\\/\"},\"sameAs\":[\"https:\\\/\\\/www.facebook.com\\\/Fuentes-Fidedignas-368234489921644\",\"https:\\\/\\\/x.com\\\/fidedignas\"]},{\"@type\":\"Person\",\"@id\":\"https:\\\/\\\/fuentesfidedignas.com.mx\\\/#\\\/schema\\\/person\\\/494f7e0dce8dfaaec5b64f16615b78e9\",\"name\":\"El Financiero\",\"image\":{\"@type\":\"ImageObject\",\"inLanguage\":\"es\",\"@id\":\"https:\\\/\\\/secure.gravatar.com\\\/avatar\\\/88c0f3f2079389318ef8dd35c22cb997212aa89646e357ba59b318db26ed91a9?s=96&d=mm&r=g\",\"url\":\"https:\\\/\\\/secure.gravatar.com\\\/avatar\\\/88c0f3f2079389318ef8dd35c22cb997212aa89646e357ba59b318db26ed91a9?s=96&d=mm&r=g\",\"contentUrl\":\"https:\\\/\\\/secure.gravatar.com\\\/avatar\\\/88c0f3f2079389318ef8dd35c22cb997212aa89646e357ba59b318db26ed91a9?s=96&d=mm&r=g\",\"caption\":\"El Financiero\"},\"url\":\"https:\\\/\\\/fuentesfidedignas.com.mx\\\/index.php\\\/author\\\/financiero\\\/\"}]}<\/script>\n<!-- \/ Yoast SEO plugin. -->","yoast_head_json":{"title":"AMLO propone crear farmacia \u2018con todas las medicinas del mundo\u2019 para acabar con desabasto - Fuentes Fidedignas","robots":{"index":"index","follow":"follow","max-snippet":"max-snippet:-1","max-image-preview":"max-image-preview:large","max-video-preview":"max-video-preview:-1"},"canonical":"https:\/\/fuentesfidedignas.com.mx\/index.php\/2023\/08\/02\/amlo-propone-crear-farmacia-con-todas-las-medicinas-del-mundo-para-acabar-con-desabasto\/","og_locale":"es_MX","og_type":"article","og_title":"AMLO propone crear farmacia \u2018con todas las medicinas del mundo\u2019 para acabar con desabasto - Fuentes Fidedignas","og_description":"Estos fueron los temas m\u00e1s importantes de la conferencia matutina de este mi\u00e9rcoles 2 de agosto de 2023 Ciudad de M\u00e9xico. El presidente&nbsp;Andr\u00e9s Manuel L\u00f3pez Obrador&nbsp;encabez\u00f3 la&nbsp;conferencia de prensa matutina&nbsp;este mi\u00e9rcoles&nbsp;2 de agosto de 2023&nbsp;desde Palacio Nacional, lo acompa\u00f1\u00f3&nbsp;Ana Elizabeth Garc\u00eda Vilchis, titular de la secci\u00f3n \u2018Qui\u00e9n es qui\u00e9n en las mentiras de la semana\u2019. [&hellip;]","og_url":"https:\/\/fuentesfidedignas.com.mx\/index.php\/2023\/08\/02\/amlo-propone-crear-farmacia-con-todas-las-medicinas-del-mundo-para-acabar-con-desabasto\/","og_site_name":"Fuentes Fidedignas","article_publisher":"https:\/\/www.facebook.com\/Fuentes-Fidedignas-368234489921644","article_published_time":"2023-08-02T18:23:50+00:00","article_modified_time":"2023-08-02T18:47:53+00:00","og_image":[{"width":701,"height":438,"url":"https:\/\/fuentesfidedignas.com.mx\/wp-content\/uploads\/2023\/08\/images-2.jpeg","type":"image\/jpeg"}],"author":"El Financiero","twitter_card":"summary_large_image","twitter_creator":"@fidedignas","twitter_site":"@fidedignas","twitter_misc":{"Escrito por":"El Financiero","Tiempo de lectura":"2 minutos"},"schema":{"@context":"https:\/\/schema.org","@graph":[{"@type":"Article","@id":"https:\/\/fuentesfidedignas.com.mx\/index.php\/2023\/08\/02\/amlo-propone-crear-farmacia-con-todas-las-medicinas-del-mundo-para-acabar-con-desabasto\/#article","isPartOf":{"@id":"https:\/\/fuentesfidedignas.com.mx\/index.php\/2023\/08\/02\/amlo-propone-crear-farmacia-con-todas-las-medicinas-del-mundo-para-acabar-con-desabasto\/"},"author":{"name":"El Financiero","@id":"https:\/\/fuentesfidedignas.com.mx\/#\/schema\/person\/494f7e0dce8dfaaec5b64f16615b78e9"},"headline":"AMLO propone crear farmacia \u2018con todas las medicinas del mundo\u2019 para acabar con desabasto","datePublished":"2023-08-02T18:23:50+00:00","dateModified":"2023-08-02T18:47:53+00:00","mainEntityOfPage":{"@id":"https:\/\/fuentesfidedignas.com.mx\/index.php\/2023\/08\/02\/amlo-propone-crear-farmacia-con-todas-las-medicinas-del-mundo-para-acabar-con-desabasto\/"},"wordCount":404,"commentCount":0,"publisher":{"@id":"https:\/\/fuentesfidedignas.com.mx\/#organization"},"image":{"@id":"https:\/\/fuentesfidedignas.com.mx\/index.php\/2023\/08\/02\/amlo-propone-crear-farmacia-con-todas-las-medicinas-del-mundo-para-acabar-con-desabasto\/#primaryimage"},"thumbnailUrl":"https:\/\/fuentesfidedignas.com.mx\/wp-content\/uploads\/2023\/08\/images-2.jpeg","articleSection":["NOTICIAS NACIONALES"],"inLanguage":"es","potentialAction":[{"@type":"CommentAction","name":"Comment","target":["https:\/\/fuentesfidedignas.com.mx\/index.php\/2023\/08\/02\/amlo-propone-crear-farmacia-con-todas-las-medicinas-del-mundo-para-acabar-con-desabasto\/#respond"]}]},{"@type":"WebPage","@id":"https:\/\/fuentesfidedignas.com.mx\/index.php\/2023\/08\/02\/amlo-propone-crear-farmacia-con-todas-las-medicinas-del-mundo-para-acabar-con-desabasto\/","url":"https:\/\/fuentesfidedignas.com.mx\/index.php\/2023\/08\/02\/amlo-propone-crear-farmacia-con-todas-las-medicinas-del-mundo-para-acabar-con-desabasto\/","name":"AMLO propone crear farmacia \u2018con todas las medicinas del mundo\u2019 para acabar con desabasto - Fuentes Fidedignas","isPartOf":{"@id":"https:\/\/fuentesfidedignas.com.mx\/#website"},"primaryImageOfPage":{"@id":"https:\/\/fuentesfidedignas.com.mx\/index.php\/2023\/08\/02\/amlo-propone-crear-farmacia-con-todas-las-medicinas-del-mundo-para-acabar-con-desabasto\/#primaryimage"},"image":{"@id":"https:\/\/fuentesfidedignas.com.mx\/index.php\/2023\/08\/02\/amlo-propone-crear-farmacia-con-todas-las-medicinas-del-mundo-para-acabar-con-desabasto\/#primaryimage"},"thumbnailUrl":"https:\/\/fuentesfidedignas.com.mx\/wp-content\/uploads\/2023\/08\/images-2.jpeg","datePublished":"2023-08-02T18:23:50+00:00","dateModified":"2023-08-02T18:47:53+00:00","breadcrumb":{"@id":"https:\/\/fuentesfidedignas.com.mx\/index.php\/2023\/08\/02\/amlo-propone-crear-farmacia-con-todas-las-medicinas-del-mundo-para-acabar-con-desabasto\/#breadcrumb"},"inLanguage":"es","potentialAction":[{"@type":"ReadAction","target":["https:\/\/fuentesfidedignas.com.mx\/index.php\/2023\/08\/02\/amlo-propone-crear-farmacia-con-todas-las-medicinas-del-mundo-para-acabar-con-desabasto\/"]}]},{"@type":"ImageObject","inLanguage":"es","@id":"https:\/\/fuentesfidedignas.com.mx\/index.php\/2023\/08\/02\/amlo-propone-crear-farmacia-con-todas-las-medicinas-del-mundo-para-acabar-con-desabasto\/#primaryimage","url":"https:\/\/fuentesfidedignas.com.mx\/wp-content\/uploads\/2023\/08\/images-2.jpeg","contentUrl":"https:\/\/fuentesfidedignas.com.mx\/wp-content\/uploads\/2023\/08\/images-2.jpeg","width":701,"height":438},{"@type":"BreadcrumbList","@id":"https:\/\/fuentesfidedignas.com.mx\/index.php\/2023\/08\/02\/amlo-propone-crear-farmacia-con-todas-las-medicinas-del-mundo-para-acabar-con-desabasto\/#breadcrumb","itemListElement":[{"@type":"ListItem","position":1,"name":"Inicio","item":"https:\/\/fuentesfidedignas.com.mx\/"},{"@type":"ListItem","position":2,"name":"AMLO propone crear farmacia \u2018con todas las medicinas del mundo\u2019 para acabar con desabasto"}]},{"@type":"WebSite","@id":"https:\/\/fuentesfidedignas.com.mx\/#website","url":"https:\/\/fuentesfidedignas.com.mx\/","name":"Fuentes Fidedignas","description":"Otro sitio realizado con WordPress","publisher":{"@id":"https:\/\/fuentesfidedignas.com.mx\/#organization"},"potentialAction":[{"@type":"SearchAction","target":{"@type":"EntryPoint","urlTemplate":"https:\/\/fuentesfidedignas.com.mx\/?s={search_term_string}"},"query-input":{"@type":"PropertyValueSpecification","valueRequired":true,"valueName":"search_term_string"}}],"inLanguage":"es"},{"@type":"Organization","@id":"https:\/\/fuentesfidedignas.com.mx\/#organization","name":"Fuentes Fidedignas","url":"https:\/\/fuentesfidedignas.com.mx\/","logo":{"@type":"ImageObject","inLanguage":"es","@id":"https:\/\/fuentesfidedignas.com.mx\/#\/schema\/logo\/image\/","url":"https:\/\/fuentesfidedignas.com.mx\/wp-content\/uploads\/2021\/04\/logo-retina.png","contentUrl":"https:\/\/fuentesfidedignas.com.mx\/wp-content\/uploads\/2021\/04\/logo-retina.png","width":280,"height":51,"caption":"Fuentes Fidedignas"},"image":{"@id":"https:\/\/fuentesfidedignas.com.mx\/#\/schema\/logo\/image\/"},"sameAs":["https:\/\/www.facebook.com\/Fuentes-Fidedignas-368234489921644","https:\/\/x.com\/fidedignas"]},{"@type":"Person","@id":"https:\/\/fuentesfidedignas.com.mx\/#\/schema\/person\/494f7e0dce8dfaaec5b64f16615b78e9","name":"El Financiero","image":{"@type":"ImageObject","inLanguage":"es","@id":"https:\/\/secure.gravatar.com\/avatar\/88c0f3f2079389318ef8dd35c22cb997212aa89646e357ba59b318db26ed91a9?s=96&d=mm&r=g","url":"https:\/\/secure.gravatar.com\/avatar\/88c0f3f2079389318ef8dd35c22cb997212aa89646e357ba59b318db26ed91a9?s=96&d=mm&r=g","contentUrl":"https:\/\/secure.gravatar.com\/avatar\/88c0f3f2079389318ef8dd35c22cb997212aa89646e357ba59b318db26ed91a9?s=96&d=mm&r=g","caption":"El Financiero"},"url":"https:\/\/fuentesfidedignas.com.mx\/index.php\/author\/financiero\/"}]}},"_links":{"self":[{"href":"https:\/\/fuentesfidedignas.com.mx\/index.php\/wp-json\/wp\/v2\/posts\/54225","targetHints":{"allow":["GET"]}}],"collection":[{"href":"https:\/\/fuentesfidedignas.com.mx\/index.php\/wp-json\/wp\/v2\/posts"}],"about":[{"href":"https:\/\/fuentesfidedignas.com.mx\/index.php\/wp-json\/wp\/v2\/types\/post"}],"author":[{"embeddable":true,"href":"https:\/\/fuentesfidedignas.com.mx\/index.php\/wp-json\/wp\/v2\/users\/21"}],"replies":[{"embeddable":true,"href":"https:\/\/fuentesfidedignas.com.mx\/index.php\/wp-json\/wp\/v2\/comments?post=54225"}],"version-history":[{"count":1,"href":"https:\/\/fuentesfidedignas.com.mx\/index.php\/wp-json\/wp\/v2\/posts\/54225\/revisions"}],"predecessor-version":[{"id":54226,"href":"https:\/\/fuentesfidedignas.com.mx\/index.php\/wp-json\/wp\/v2\/posts\/54225\/revisions\/54226"}],"wp:featuredmedia":[{"embeddable":true,"href":"https:\/\/fuentesfidedignas.com.mx\/index.php\/wp-json\/wp\/v2\/media\/54231"}],"wp:attachment":[{"href":"https:\/\/fuentesfidedignas.com.mx\/index.php\/wp-json\/wp\/v2\/media?parent=54225"}],"wp:term":[{"taxonomy":"category","embeddable":true,"href":"https:\/\/fuentesfidedignas.com.mx\/index.php\/wp-json\/wp\/v2\/categories?post=54225"},{"taxonomy":"post_tag","embeddable":true,"href":"https:\/\/fuentesfidedignas.com.mx\/index.php\/wp-json\/wp\/v2\/tags?post=54225"}],"curies":[{"name":"wp","href":"https:\/\/api.w.org\/{rel}","templated":true}]}}