{"id":54222,"date":"2023-08-02T10:22:09","date_gmt":"2023-08-02T17:22:09","guid":{"rendered":"https:\/\/fuentesfidedignas.com.mx\/?p=54222"},"modified":"2023-08-02T10:23:59","modified_gmt":"2023-08-02T17:23:59","slug":"su-madre-le-cobro-unos-vales-de-calzado-y-daniel-la-ataco-es-sentenciado-a-prision","status":"publish","type":"post","link":"https:\/\/fuentesfidedignas.com.mx\/index.php\/2023\/08\/02\/su-madre-le-cobro-unos-vales-de-calzado-y-daniel-la-ataco-es-sentenciado-a-prision\/","title":{"rendered":"Su madre le cobr\u00f3 unos vales de calzado y Daniel la atac\u00f3; es sentenciado a prisi\u00f3n"},"content":{"rendered":"\n<p><strong><em>Los hechos se suscitaron en la colonia Los Huizachez del municipio de Culiac\u00e1n, en el a\u00f1o 2021<\/em><\/strong><\/p>\n\n\n\n<p><em>Culiac\u00e1n, Sin.-<\/em> La Agencia del Ministerio P\u00fablico Especializada en Delitos contra la Familia de la Fiscal\u00eda General del Estado acredit\u00f3 la responsabilidad de Daniel Gabriel \u201cS\u201d en el delito de violencia familiar en contra de su madre y esposa, por lo que fue sentenciado a 2 a\u00f1os de prisi\u00f3n y al pago de una multa entre otras medidas.<\/p>\n\n\n\n<p>Bajo la causa penal 1113\/2021 y su acumulada 780\/2022, el Juez de Control y Enjuiciamiento autoriz\u00f3 audiencia de procedimiento abreviado en donde se emiti\u00f3 el fallo condenatorio antes mencionado, as\u00ed como la prohibici\u00f3n de acudir al domicilio particular y laboral de la v\u00edctima, p\u00e9rdida de derecho de pensi\u00f3n alimenticia.<\/p>\n\n\n\n<p>Medida de seguridad tratamiento psicol\u00f3gico especializado para el imputado y pago de la reparaci\u00f3n del da\u00f1o psicol\u00f3gico, por la cantidad de 11 mil 200 pesos por la reparaci\u00f3n del da\u00f1o de la v\u00edctima, Mar\u00eda Elena \u201cS\u201d, m\u00e1s 14 mil 400 pesos para la v\u00edctima, Dulce Roci\u00f3 \u201cS\u201d.<\/p>\n\n\n\n<p>El primero de los hechos por el que se le conden\u00f3 a Daniel Gabriel, ocurri\u00f3 el 20 de junio de 2021, en un domicilio de la colonia Los Huizaches, en Culiac\u00e1n, donde Daniel Gabriel arremete contra su madre, molesto porque esta le cobrara unos vales de calzado; sin embargo, esta acci\u00f3n es impedida por la nieta de la se\u00f1ora quien interviene ante la agresi\u00f3n a quien tambi\u00e9n le avienta con un huarache peg\u00e1ndole en la espalda.<\/p>\n\n\n\n<p>La segunda carpeta de investigaci\u00f3n que se le inici\u00f3 fue por la agresi\u00f3n que hizo contra su pareja sentimental a quien persigui\u00f3 el 20 de julio de 2021, primero cuando esta se dirig\u00eda a su trabajo y posteriormente, en las afueras del mismo donde la esperaba y a gritos le dec\u00eda groser\u00edas y otros se\u00f1alamientos.<\/p>\n","protected":false},"excerpt":{"rendered":"<p>Los hechos se suscitaron en la colonia Los Huizachez del municipio de Culiac\u00e1n, en el a\u00f1o 2021 Culiac\u00e1n, Sin.- La Agencia del Ministerio P\u00fablico Especializada en Delitos contra la Familia de la Fiscal\u00eda General del Estado acredit\u00f3 la responsabilidad de Daniel Gabriel \u201cS\u201d en el delito de violencia familiar en contra de su madre y [&hellip;]<\/p>\n","protected":false},"author":4,"featured_media":54224,"comment_status":"open","ping_status":"open","sticky":false,"template":"","format":"standard","meta":{"tdm_status":"","tdm_grid_status":"","footnotes":""},"categories":[38,1],"tags":[],"class_list":{"0":"post-54222","1":"post","2":"type-post","3":"status-publish","4":"format-standard","5":"has-post-thumbnail","7":"category-noticias-locales","8":"category-sin-categoria"},"yoast_head":"<!-- This site is optimized with the Yoast SEO plugin v27.5 - https:\/\/yoast.com\/product\/yoast-seo-wordpress\/ -->\n<title>Su madre le cobr\u00f3 unos vales de calzado y Daniel la atac\u00f3; es sentenciado a prisi\u00f3n - Fuentes Fidedignas<\/title>\n<meta name=\"robots\" content=\"index, follow, max-snippet:-1, max-image-preview:large, max-video-preview:-1\" \/>\n<link rel=\"canonical\" href=\"https:\/\/fuentesfidedignas.com.mx\/index.php\/2023\/08\/02\/su-madre-le-cobro-unos-vales-de-calzado-y-daniel-la-ataco-es-sentenciado-a-prision\/\" \/>\n<meta property=\"og:locale\" content=\"es_MX\" \/>\n<meta property=\"og:type\" content=\"article\" \/>\n<meta property=\"og:title\" content=\"Su madre le cobr\u00f3 unos vales de calzado y Daniel la atac\u00f3; es sentenciado a prisi\u00f3n - Fuentes Fidedignas\" \/>\n<meta property=\"og:description\" content=\"Los hechos se suscitaron en la colonia Los Huizachez del municipio de Culiac\u00e1n, en el a\u00f1o 2021 Culiac\u00e1n, Sin.- La Agencia del Ministerio P\u00fablico Especializada en Delitos contra la Familia de la Fiscal\u00eda General del Estado acredit\u00f3 la responsabilidad de Daniel Gabriel \u201cS\u201d en el delito de violencia familiar en contra de su madre y [&hellip;]\" \/>\n<meta property=\"og:url\" content=\"https:\/\/fuentesfidedignas.com.mx\/index.php\/2023\/08\/02\/su-madre-le-cobro-unos-vales-de-calzado-y-daniel-la-ataco-es-sentenciado-a-prision\/\" \/>\n<meta property=\"og:site_name\" content=\"Fuentes Fidedignas\" \/>\n<meta property=\"article:publisher\" content=\"https:\/\/www.facebook.com\/Fuentes-Fidedignas-368234489921644\" \/>\n<meta property=\"article:published_time\" content=\"2023-08-02T17:22:09+00:00\" \/>\n<meta property=\"article:modified_time\" content=\"2023-08-02T17:23:59+00:00\" \/>\n<meta property=\"og:image\" content=\"https:\/\/fuentesfidedignas.com.mx\/wp-content\/uploads\/2023\/08\/images.jpeg\" \/>\n\t<meta property=\"og:image:width\" content=\"701\" \/>\n\t<meta property=\"og:image:height\" content=\"438\" \/>\n\t<meta property=\"og:image:type\" content=\"image\/jpeg\" \/>\n<meta name=\"author\" content=\"Redacci\u00f3n\" \/>\n<meta name=\"twitter:card\" content=\"summary_large_image\" \/>\n<meta name=\"twitter:creator\" content=\"@fidedignas\" \/>\n<meta name=\"twitter:site\" content=\"@fidedignas\" \/>\n<meta name=\"twitter:label1\" content=\"Escrito por\" \/>\n\t<meta name=\"twitter:data1\" content=\"Redacci\u00f3n\" \/>\n\t<meta name=\"twitter:label2\" content=\"Tiempo de lectura\" \/>\n\t<meta name=\"twitter:data2\" content=\"2 minutos\" \/>\n<script type=\"application\/ld+json\" class=\"yoast-schema-graph\">{\"@context\":\"https:\\\/\\\/schema.org\",\"@graph\":[{\"@type\":\"Article\",\"@id\":\"https:\\\/\\\/fuentesfidedignas.com.mx\\\/index.php\\\/2023\\\/08\\\/02\\\/su-madre-le-cobro-unos-vales-de-calzado-y-daniel-la-ataco-es-sentenciado-a-prision\\\/#article\",\"isPartOf\":{\"@id\":\"https:\\\/\\\/fuentesfidedignas.com.mx\\\/index.php\\\/2023\\\/08\\\/02\\\/su-madre-le-cobro-unos-vales-de-calzado-y-daniel-la-ataco-es-sentenciado-a-prision\\\/\"},\"author\":{\"name\":\"Redacci\u00f3n\",\"@id\":\"https:\\\/\\\/fuentesfidedignas.com.mx\\\/#\\\/schema\\\/person\\\/331be9283d37198e2acd5750279085b0\"},\"headline\":\"Su madre le cobr\u00f3 unos vales de calzado y Daniel la atac\u00f3; es sentenciado a prisi\u00f3n\",\"datePublished\":\"2023-08-02T17:22:09+00:00\",\"dateModified\":\"2023-08-02T17:23:59+00:00\",\"mainEntityOfPage\":{\"@id\":\"https:\\\/\\\/fuentesfidedignas.com.mx\\\/index.php\\\/2023\\\/08\\\/02\\\/su-madre-le-cobro-unos-vales-de-calzado-y-daniel-la-ataco-es-sentenciado-a-prision\\\/\"},\"wordCount\":341,\"commentCount\":0,\"publisher\":{\"@id\":\"https:\\\/\\\/fuentesfidedignas.com.mx\\\/#organization\"},\"image\":{\"@id\":\"https:\\\/\\\/fuentesfidedignas.com.mx\\\/index.php\\\/2023\\\/08\\\/02\\\/su-madre-le-cobro-unos-vales-de-calzado-y-daniel-la-ataco-es-sentenciado-a-prision\\\/#primaryimage\"},\"thumbnailUrl\":\"https:\\\/\\\/fuentesfidedignas.com.mx\\\/wp-content\\\/uploads\\\/2023\\\/08\\\/images.jpeg\",\"articleSection\":[\"NOTICIAS LOCALES\"],\"inLanguage\":\"es\",\"potentialAction\":[{\"@type\":\"CommentAction\",\"name\":\"Comment\",\"target\":[\"https:\\\/\\\/fuentesfidedignas.com.mx\\\/index.php\\\/2023\\\/08\\\/02\\\/su-madre-le-cobro-unos-vales-de-calzado-y-daniel-la-ataco-es-sentenciado-a-prision\\\/#respond\"]}]},{\"@type\":\"WebPage\",\"@id\":\"https:\\\/\\\/fuentesfidedignas.com.mx\\\/index.php\\\/2023\\\/08\\\/02\\\/su-madre-le-cobro-unos-vales-de-calzado-y-daniel-la-ataco-es-sentenciado-a-prision\\\/\",\"url\":\"https:\\\/\\\/fuentesfidedignas.com.mx\\\/index.php\\\/2023\\\/08\\\/02\\\/su-madre-le-cobro-unos-vales-de-calzado-y-daniel-la-ataco-es-sentenciado-a-prision\\\/\",\"name\":\"Su madre le cobr\u00f3 unos vales de calzado y Daniel la atac\u00f3; es sentenciado a prisi\u00f3n - Fuentes Fidedignas\",\"isPartOf\":{\"@id\":\"https:\\\/\\\/fuentesfidedignas.com.mx\\\/#website\"},\"primaryImageOfPage\":{\"@id\":\"https:\\\/\\\/fuentesfidedignas.com.mx\\\/index.php\\\/2023\\\/08\\\/02\\\/su-madre-le-cobro-unos-vales-de-calzado-y-daniel-la-ataco-es-sentenciado-a-prision\\\/#primaryimage\"},\"image\":{\"@id\":\"https:\\\/\\\/fuentesfidedignas.com.mx\\\/index.php\\\/2023\\\/08\\\/02\\\/su-madre-le-cobro-unos-vales-de-calzado-y-daniel-la-ataco-es-sentenciado-a-prision\\\/#primaryimage\"},\"thumbnailUrl\":\"https:\\\/\\\/fuentesfidedignas.com.mx\\\/wp-content\\\/uploads\\\/2023\\\/08\\\/images.jpeg\",\"datePublished\":\"2023-08-02T17:22:09+00:00\",\"dateModified\":\"2023-08-02T17:23:59+00:00\",\"breadcrumb\":{\"@id\":\"https:\\\/\\\/fuentesfidedignas.com.mx\\\/index.php\\\/2023\\\/08\\\/02\\\/su-madre-le-cobro-unos-vales-de-calzado-y-daniel-la-ataco-es-sentenciado-a-prision\\\/#breadcrumb\"},\"inLanguage\":\"es\",\"potentialAction\":[{\"@type\":\"ReadAction\",\"target\":[\"https:\\\/\\\/fuentesfidedignas.com.mx\\\/index.php\\\/2023\\\/08\\\/02\\\/su-madre-le-cobro-unos-vales-de-calzado-y-daniel-la-ataco-es-sentenciado-a-prision\\\/\"]}]},{\"@type\":\"ImageObject\",\"inLanguage\":\"es\",\"@id\":\"https:\\\/\\\/fuentesfidedignas.com.mx\\\/index.php\\\/2023\\\/08\\\/02\\\/su-madre-le-cobro-unos-vales-de-calzado-y-daniel-la-ataco-es-sentenciado-a-prision\\\/#primaryimage\",\"url\":\"https:\\\/\\\/fuentesfidedignas.com.mx\\\/wp-content\\\/uploads\\\/2023\\\/08\\\/images.jpeg\",\"contentUrl\":\"https:\\\/\\\/fuentesfidedignas.com.mx\\\/wp-content\\\/uploads\\\/2023\\\/08\\\/images.jpeg\",\"width\":701,\"height\":438},{\"@type\":\"BreadcrumbList\",\"@id\":\"https:\\\/\\\/fuentesfidedignas.com.mx\\\/index.php\\\/2023\\\/08\\\/02\\\/su-madre-le-cobro-unos-vales-de-calzado-y-daniel-la-ataco-es-sentenciado-a-prision\\\/#breadcrumb\",\"itemListElement\":[{\"@type\":\"ListItem\",\"position\":1,\"name\":\"Inicio\",\"item\":\"https:\\\/\\\/fuentesfidedignas.com.mx\\\/\"},{\"@type\":\"ListItem\",\"position\":2,\"name\":\"Su madre le cobr\u00f3 unos vales de calzado y Daniel la atac\u00f3; es sentenciado a prisi\u00f3n\"}]},{\"@type\":\"WebSite\",\"@id\":\"https:\\\/\\\/fuentesfidedignas.com.mx\\\/#website\",\"url\":\"https:\\\/\\\/fuentesfidedignas.com.mx\\\/\",\"name\":\"Fuentes Fidedignas\",\"description\":\"Otro sitio realizado con WordPress\",\"publisher\":{\"@id\":\"https:\\\/\\\/fuentesfidedignas.com.mx\\\/#organization\"},\"potentialAction\":[{\"@type\":\"SearchAction\",\"target\":{\"@type\":\"EntryPoint\",\"urlTemplate\":\"https:\\\/\\\/fuentesfidedignas.com.mx\\\/?s={search_term_string}\"},\"query-input\":{\"@type\":\"PropertyValueSpecification\",\"valueRequired\":true,\"valueName\":\"search_term_string\"}}],\"inLanguage\":\"es\"},{\"@type\":\"Organization\",\"@id\":\"https:\\\/\\\/fuentesfidedignas.com.mx\\\/#organization\",\"name\":\"Fuentes Fidedignas\",\"url\":\"https:\\\/\\\/fuentesfidedignas.com.mx\\\/\",\"logo\":{\"@type\":\"ImageObject\",\"inLanguage\":\"es\",\"@id\":\"https:\\\/\\\/fuentesfidedignas.com.mx\\\/#\\\/schema\\\/logo\\\/image\\\/\",\"url\":\"https:\\\/\\\/fuentesfidedignas.com.mx\\\/wp-content\\\/uploads\\\/2021\\\/04\\\/logo-retina.png\",\"contentUrl\":\"https:\\\/\\\/fuentesfidedignas.com.mx\\\/wp-content\\\/uploads\\\/2021\\\/04\\\/logo-retina.png\",\"width\":280,\"height\":51,\"caption\":\"Fuentes Fidedignas\"},\"image\":{\"@id\":\"https:\\\/\\\/fuentesfidedignas.com.mx\\\/#\\\/schema\\\/logo\\\/image\\\/\"},\"sameAs\":[\"https:\\\/\\\/www.facebook.com\\\/Fuentes-Fidedignas-368234489921644\",\"https:\\\/\\\/x.com\\\/fidedignas\"]},{\"@type\":\"Person\",\"@id\":\"https:\\\/\\\/fuentesfidedignas.com.mx\\\/#\\\/schema\\\/person\\\/331be9283d37198e2acd5750279085b0\",\"name\":\"Redacci\u00f3n\",\"image\":{\"@type\":\"ImageObject\",\"inLanguage\":\"es\",\"@id\":\"https:\\\/\\\/secure.gravatar.com\\\/avatar\\\/f6d8782c11d12b2d4ad3fbb6931aeab5309937a4d6cd2fc9cfaa28a6396a5aec?s=96&d=mm&r=g\",\"url\":\"https:\\\/\\\/secure.gravatar.com\\\/avatar\\\/f6d8782c11d12b2d4ad3fbb6931aeab5309937a4d6cd2fc9cfaa28a6396a5aec?s=96&d=mm&r=g\",\"contentUrl\":\"https:\\\/\\\/secure.gravatar.com\\\/avatar\\\/f6d8782c11d12b2d4ad3fbb6931aeab5309937a4d6cd2fc9cfaa28a6396a5aec?s=96&d=mm&r=g\",\"caption\":\"Redacci\u00f3n\"},\"url\":\"https:\\\/\\\/fuentesfidedignas.com.mx\\\/index.php\\\/author\\\/redaccion\\\/\"}]}<\/script>\n<!-- \/ Yoast SEO plugin. -->","yoast_head_json":{"title":"Su madre le cobr\u00f3 unos vales de calzado y Daniel la atac\u00f3; es sentenciado a prisi\u00f3n - Fuentes Fidedignas","robots":{"index":"index","follow":"follow","max-snippet":"max-snippet:-1","max-image-preview":"max-image-preview:large","max-video-preview":"max-video-preview:-1"},"canonical":"https:\/\/fuentesfidedignas.com.mx\/index.php\/2023\/08\/02\/su-madre-le-cobro-unos-vales-de-calzado-y-daniel-la-ataco-es-sentenciado-a-prision\/","og_locale":"es_MX","og_type":"article","og_title":"Su madre le cobr\u00f3 unos vales de calzado y Daniel la atac\u00f3; es sentenciado a prisi\u00f3n - Fuentes Fidedignas","og_description":"Los hechos se suscitaron en la colonia Los Huizachez del municipio de Culiac\u00e1n, en el a\u00f1o 2021 Culiac\u00e1n, Sin.- La Agencia del Ministerio P\u00fablico Especializada en Delitos contra la Familia de la Fiscal\u00eda General del Estado acredit\u00f3 la responsabilidad de Daniel Gabriel \u201cS\u201d en el delito de violencia familiar en contra de su madre y [&hellip;]","og_url":"https:\/\/fuentesfidedignas.com.mx\/index.php\/2023\/08\/02\/su-madre-le-cobro-unos-vales-de-calzado-y-daniel-la-ataco-es-sentenciado-a-prision\/","og_site_name":"Fuentes Fidedignas","article_publisher":"https:\/\/www.facebook.com\/Fuentes-Fidedignas-368234489921644","article_published_time":"2023-08-02T17:22:09+00:00","article_modified_time":"2023-08-02T17:23:59+00:00","og_image":[{"width":701,"height":438,"url":"https:\/\/fuentesfidedignas.com.mx\/wp-content\/uploads\/2023\/08\/images.jpeg","type":"image\/jpeg"}],"author":"Redacci\u00f3n","twitter_card":"summary_large_image","twitter_creator":"@fidedignas","twitter_site":"@fidedignas","twitter_misc":{"Escrito por":"Redacci\u00f3n","Tiempo de lectura":"2 minutos"},"schema":{"@context":"https:\/\/schema.org","@graph":[{"@type":"Article","@id":"https:\/\/fuentesfidedignas.com.mx\/index.php\/2023\/08\/02\/su-madre-le-cobro-unos-vales-de-calzado-y-daniel-la-ataco-es-sentenciado-a-prision\/#article","isPartOf":{"@id":"https:\/\/fuentesfidedignas.com.mx\/index.php\/2023\/08\/02\/su-madre-le-cobro-unos-vales-de-calzado-y-daniel-la-ataco-es-sentenciado-a-prision\/"},"author":{"name":"Redacci\u00f3n","@id":"https:\/\/fuentesfidedignas.com.mx\/#\/schema\/person\/331be9283d37198e2acd5750279085b0"},"headline":"Su madre le cobr\u00f3 unos vales de calzado y Daniel la atac\u00f3; es sentenciado a prisi\u00f3n","datePublished":"2023-08-02T17:22:09+00:00","dateModified":"2023-08-02T17:23:59+00:00","mainEntityOfPage":{"@id":"https:\/\/fuentesfidedignas.com.mx\/index.php\/2023\/08\/02\/su-madre-le-cobro-unos-vales-de-calzado-y-daniel-la-ataco-es-sentenciado-a-prision\/"},"wordCount":341,"commentCount":0,"publisher":{"@id":"https:\/\/fuentesfidedignas.com.mx\/#organization"},"image":{"@id":"https:\/\/fuentesfidedignas.com.mx\/index.php\/2023\/08\/02\/su-madre-le-cobro-unos-vales-de-calzado-y-daniel-la-ataco-es-sentenciado-a-prision\/#primaryimage"},"thumbnailUrl":"https:\/\/fuentesfidedignas.com.mx\/wp-content\/uploads\/2023\/08\/images.jpeg","articleSection":["NOTICIAS LOCALES"],"inLanguage":"es","potentialAction":[{"@type":"CommentAction","name":"Comment","target":["https:\/\/fuentesfidedignas.com.mx\/index.php\/2023\/08\/02\/su-madre-le-cobro-unos-vales-de-calzado-y-daniel-la-ataco-es-sentenciado-a-prision\/#respond"]}]},{"@type":"WebPage","@id":"https:\/\/fuentesfidedignas.com.mx\/index.php\/2023\/08\/02\/su-madre-le-cobro-unos-vales-de-calzado-y-daniel-la-ataco-es-sentenciado-a-prision\/","url":"https:\/\/fuentesfidedignas.com.mx\/index.php\/2023\/08\/02\/su-madre-le-cobro-unos-vales-de-calzado-y-daniel-la-ataco-es-sentenciado-a-prision\/","name":"Su madre le cobr\u00f3 unos vales de calzado y Daniel la atac\u00f3; es sentenciado a prisi\u00f3n - Fuentes Fidedignas","isPartOf":{"@id":"https:\/\/fuentesfidedignas.com.mx\/#website"},"primaryImageOfPage":{"@id":"https:\/\/fuentesfidedignas.com.mx\/index.php\/2023\/08\/02\/su-madre-le-cobro-unos-vales-de-calzado-y-daniel-la-ataco-es-sentenciado-a-prision\/#primaryimage"},"image":{"@id":"https:\/\/fuentesfidedignas.com.mx\/index.php\/2023\/08\/02\/su-madre-le-cobro-unos-vales-de-calzado-y-daniel-la-ataco-es-sentenciado-a-prision\/#primaryimage"},"thumbnailUrl":"https:\/\/fuentesfidedignas.com.mx\/wp-content\/uploads\/2023\/08\/images.jpeg","datePublished":"2023-08-02T17:22:09+00:00","dateModified":"2023-08-02T17:23:59+00:00","breadcrumb":{"@id":"https:\/\/fuentesfidedignas.com.mx\/index.php\/2023\/08\/02\/su-madre-le-cobro-unos-vales-de-calzado-y-daniel-la-ataco-es-sentenciado-a-prision\/#breadcrumb"},"inLanguage":"es","potentialAction":[{"@type":"ReadAction","target":["https:\/\/fuentesfidedignas.com.mx\/index.php\/2023\/08\/02\/su-madre-le-cobro-unos-vales-de-calzado-y-daniel-la-ataco-es-sentenciado-a-prision\/"]}]},{"@type":"ImageObject","inLanguage":"es","@id":"https:\/\/fuentesfidedignas.com.mx\/index.php\/2023\/08\/02\/su-madre-le-cobro-unos-vales-de-calzado-y-daniel-la-ataco-es-sentenciado-a-prision\/#primaryimage","url":"https:\/\/fuentesfidedignas.com.mx\/wp-content\/uploads\/2023\/08\/images.jpeg","contentUrl":"https:\/\/fuentesfidedignas.com.mx\/wp-content\/uploads\/2023\/08\/images.jpeg","width":701,"height":438},{"@type":"BreadcrumbList","@id":"https:\/\/fuentesfidedignas.com.mx\/index.php\/2023\/08\/02\/su-madre-le-cobro-unos-vales-de-calzado-y-daniel-la-ataco-es-sentenciado-a-prision\/#breadcrumb","itemListElement":[{"@type":"ListItem","position":1,"name":"Inicio","item":"https:\/\/fuentesfidedignas.com.mx\/"},{"@type":"ListItem","position":2,"name":"Su madre le cobr\u00f3 unos vales de calzado y Daniel la atac\u00f3; es sentenciado a prisi\u00f3n"}]},{"@type":"WebSite","@id":"https:\/\/fuentesfidedignas.com.mx\/#website","url":"https:\/\/fuentesfidedignas.com.mx\/","name":"Fuentes Fidedignas","description":"Otro sitio realizado con WordPress","publisher":{"@id":"https:\/\/fuentesfidedignas.com.mx\/#organization"},"potentialAction":[{"@type":"SearchAction","target":{"@type":"EntryPoint","urlTemplate":"https:\/\/fuentesfidedignas.com.mx\/?s={search_term_string}"},"query-input":{"@type":"PropertyValueSpecification","valueRequired":true,"valueName":"search_term_string"}}],"inLanguage":"es"},{"@type":"Organization","@id":"https:\/\/fuentesfidedignas.com.mx\/#organization","name":"Fuentes Fidedignas","url":"https:\/\/fuentesfidedignas.com.mx\/","logo":{"@type":"ImageObject","inLanguage":"es","@id":"https:\/\/fuentesfidedignas.com.mx\/#\/schema\/logo\/image\/","url":"https:\/\/fuentesfidedignas.com.mx\/wp-content\/uploads\/2021\/04\/logo-retina.png","contentUrl":"https:\/\/fuentesfidedignas.com.mx\/wp-content\/uploads\/2021\/04\/logo-retina.png","width":280,"height":51,"caption":"Fuentes Fidedignas"},"image":{"@id":"https:\/\/fuentesfidedignas.com.mx\/#\/schema\/logo\/image\/"},"sameAs":["https:\/\/www.facebook.com\/Fuentes-Fidedignas-368234489921644","https:\/\/x.com\/fidedignas"]},{"@type":"Person","@id":"https:\/\/fuentesfidedignas.com.mx\/#\/schema\/person\/331be9283d37198e2acd5750279085b0","name":"Redacci\u00f3n","image":{"@type":"ImageObject","inLanguage":"es","@id":"https:\/\/secure.gravatar.com\/avatar\/f6d8782c11d12b2d4ad3fbb6931aeab5309937a4d6cd2fc9cfaa28a6396a5aec?s=96&d=mm&r=g","url":"https:\/\/secure.gravatar.com\/avatar\/f6d8782c11d12b2d4ad3fbb6931aeab5309937a4d6cd2fc9cfaa28a6396a5aec?s=96&d=mm&r=g","contentUrl":"https:\/\/secure.gravatar.com\/avatar\/f6d8782c11d12b2d4ad3fbb6931aeab5309937a4d6cd2fc9cfaa28a6396a5aec?s=96&d=mm&r=g","caption":"Redacci\u00f3n"},"url":"https:\/\/fuentesfidedignas.com.mx\/index.php\/author\/redaccion\/"}]}},"_links":{"self":[{"href":"https:\/\/fuentesfidedignas.com.mx\/index.php\/wp-json\/wp\/v2\/posts\/54222","targetHints":{"allow":["GET"]}}],"collection":[{"href":"https:\/\/fuentesfidedignas.com.mx\/index.php\/wp-json\/wp\/v2\/posts"}],"about":[{"href":"https:\/\/fuentesfidedignas.com.mx\/index.php\/wp-json\/wp\/v2\/types\/post"}],"author":[{"embeddable":true,"href":"https:\/\/fuentesfidedignas.com.mx\/index.php\/wp-json\/wp\/v2\/users\/4"}],"replies":[{"embeddable":true,"href":"https:\/\/fuentesfidedignas.com.mx\/index.php\/wp-json\/wp\/v2\/comments?post=54222"}],"version-history":[{"count":1,"href":"https:\/\/fuentesfidedignas.com.mx\/index.php\/wp-json\/wp\/v2\/posts\/54222\/revisions"}],"predecessor-version":[{"id":54223,"href":"https:\/\/fuentesfidedignas.com.mx\/index.php\/wp-json\/wp\/v2\/posts\/54222\/revisions\/54223"}],"wp:featuredmedia":[{"embeddable":true,"href":"https:\/\/fuentesfidedignas.com.mx\/index.php\/wp-json\/wp\/v2\/media\/54224"}],"wp:attachment":[{"href":"https:\/\/fuentesfidedignas.com.mx\/index.php\/wp-json\/wp\/v2\/media?parent=54222"}],"wp:term":[{"taxonomy":"category","embeddable":true,"href":"https:\/\/fuentesfidedignas.com.mx\/index.php\/wp-json\/wp\/v2\/categories?post=54222"},{"taxonomy":"post_tag","embeddable":true,"href":"https:\/\/fuentesfidedignas.com.mx\/index.php\/wp-json\/wp\/v2\/tags?post=54222"}],"curies":[{"name":"wp","href":"https:\/\/api.w.org\/{rel}","templated":true}]}}