{"id":54165,"date":"2023-08-01T16:31:03","date_gmt":"2023-08-01T23:31:03","guid":{"rendered":"https:\/\/fuentesfidedignas.com.mx\/?p=54165"},"modified":"2023-08-01T16:32:05","modified_gmt":"2023-08-01T23:32:05","slug":"los-partidos-deberian-ponerse-a-trabajar-de-verdad-y-no-andar-de-adelantados-cuen","status":"publish","type":"post","link":"https:\/\/fuentesfidedignas.com.mx\/index.php\/2023\/08\/01\/los-partidos-deberian-ponerse-a-trabajar-de-verdad-y-no-andar-de-adelantados-cuen\/","title":{"rendered":"Los partidos deber\u00edan ponerse a trabajar de verdad y no andar de adelantados: Cu\u00e9n"},"content":{"rendered":"\n<p><em><strong>Adelantar los procesos electorales puede resultar perjudicial al momento de las elecciones en el 2024<\/strong><\/em><\/p>\n\n\n\n<p>Culiac\u00e1n, Sin.- La efervecencia de los siguientes procesos preelectorales no son saludables para la poblaci\u00f3n, ya que esto es un reflejo de que se puede estar violentando la ley, as\u00ed lo expres\u00f3 el l\u00edder del Partido Sinalonse, MC. H\u00e9ctor Melesio Cu\u00e9n Ojeda, quien mencion\u00f3 que adelantar los procesos electorales, podr\u00eda ser perjudicial al momento de las elecciones.<\/p>\n\n\n\n<p><em>&#8220;Es claro que se est\u00e1 violentando la normatividad electoral, hay campa\u00f1as adelantadas y aqu\u00ed tiros y troyanos, est\u00e1n haciendo campa\u00f1as adelantadas en \u00e9ste momento y podr\u00eda salir el tiro por la culata a MORENA, al haber organizado antes sus corcholatas&#8221;,<\/em> dijo el l\u00edder del PAS.<\/p>\n\n\n\n<p>Cu\u00e9n Ojeda, compar\u00f3 las elecciones del 2000, cuando se di\u00f3 el fen\u00f3meno Fox, el cu\u00e1l le di\u00f3 la presidencia de la Rep\u00fablica a Vicente Fox, muy por encima de su contrincante Francisco Labastida Ochoa, de tal manera que este conjunto de situaciones podr\u00edan derivar en repetir los resultados en las urnas en el 2024.<\/p>\n\n\n\n<p><em>&#8220;Fox de repente emergi\u00f3 para la primera alternancia en el a\u00f1o 2000 para la presidencia de la Rep\u00fablica, aunque ya hab\u00eda habido alternancias en las gubernaturas, esto fue un fen\u00f3meno, y tal vez si no hubiera emergido Fox, hubiera ganado Labastida un sinaloense con \u00e9l que, a lo mejor nos hubiera ido muy bien a nosotros&#8221;,<\/em> record\u00f3.<\/p>\n\n\n\n<p>El dirigente estatal coment\u00f3 que fortalecer los institutos pol\u00edticos, actualmente deber\u00eda de ser una prioridad para todos los partidos, buscar esa cercan\u00eda con la gente y ver de primera mano las necesidades de la poblaci\u00f3n, ya que en estos momentos temas como la salud, educaci\u00f3n y seguridad, por mencionar algunos son prioridad para las y los mexicanos.<\/p>\n\n\n\n<p>Asi mismo aprovech\u00f3 para resaltar que si M\u00e9xico llegar\u00e1 ser dirigido por primera vez por una mujer, esto ser\u00eda una verdadero cambio y un paso hacia la verdadera democracia, d\u00f3nde la mujer juega un papel relevante para las decisiones de este pa\u00eds.<\/p>\n","protected":false},"excerpt":{"rendered":"<p>Adelantar los procesos electorales puede resultar perjudicial al momento de las elecciones en el 2024 Culiac\u00e1n, Sin.- La efervecencia de los siguientes procesos preelectorales no son saludables para la poblaci\u00f3n, ya que esto es un reflejo de que se puede estar violentando la ley, as\u00ed lo expres\u00f3 el l\u00edder del Partido Sinalonse, MC. H\u00e9ctor Melesio [&hellip;]<\/p>\n","protected":false},"author":4,"featured_media":54167,"comment_status":"open","ping_status":"open","sticky":false,"template":"","format":"standard","meta":{"tdm_status":"","tdm_grid_status":"","footnotes":""},"categories":[38,1],"tags":[],"class_list":{"0":"post-54165","1":"post","2":"type-post","3":"status-publish","4":"format-standard","5":"has-post-thumbnail","7":"category-noticias-locales","8":"category-sin-categoria"},"yoast_head":"<!-- This site is optimized with the Yoast SEO plugin v27.5 - https:\/\/yoast.com\/product\/yoast-seo-wordpress\/ -->\n<title>Los partidos deber\u00edan ponerse a trabajar de verdad y no andar de adelantados: Cu\u00e9n - Fuentes Fidedignas<\/title>\n<meta name=\"robots\" content=\"index, follow, max-snippet:-1, max-image-preview:large, max-video-preview:-1\" \/>\n<link rel=\"canonical\" href=\"https:\/\/fuentesfidedignas.com.mx\/index.php\/2023\/08\/01\/los-partidos-deberian-ponerse-a-trabajar-de-verdad-y-no-andar-de-adelantados-cuen\/\" \/>\n<meta property=\"og:locale\" content=\"es_MX\" \/>\n<meta property=\"og:type\" content=\"article\" \/>\n<meta property=\"og:title\" content=\"Los partidos deber\u00edan ponerse a trabajar de verdad y no andar de adelantados: Cu\u00e9n - Fuentes Fidedignas\" \/>\n<meta property=\"og:description\" content=\"Adelantar los procesos electorales puede resultar perjudicial al momento de las elecciones en el 2024 Culiac\u00e1n, Sin.- La efervecencia de los siguientes procesos preelectorales no son saludables para la poblaci\u00f3n, ya que esto es un reflejo de que se puede estar violentando la ley, as\u00ed lo expres\u00f3 el l\u00edder del Partido Sinalonse, MC. H\u00e9ctor Melesio [&hellip;]\" \/>\n<meta property=\"og:url\" content=\"https:\/\/fuentesfidedignas.com.mx\/index.php\/2023\/08\/01\/los-partidos-deberian-ponerse-a-trabajar-de-verdad-y-no-andar-de-adelantados-cuen\/\" \/>\n<meta property=\"og:site_name\" content=\"Fuentes Fidedignas\" \/>\n<meta property=\"article:publisher\" content=\"https:\/\/www.facebook.com\/Fuentes-Fidedignas-368234489921644\" \/>\n<meta property=\"article:published_time\" content=\"2023-08-01T23:31:03+00:00\" \/>\n<meta property=\"article:modified_time\" content=\"2023-08-01T23:32:05+00:00\" \/>\n<meta property=\"og:image\" content=\"https:\/\/fuentesfidedignas.com.mx\/wp-content\/uploads\/2023\/08\/IMG-20230801-WA0053.jpg\" \/>\n\t<meta property=\"og:image:width\" content=\"1024\" \/>\n\t<meta property=\"og:image:height\" content=\"682\" \/>\n\t<meta property=\"og:image:type\" content=\"image\/jpeg\" \/>\n<meta name=\"author\" content=\"Redacci\u00f3n\" \/>\n<meta name=\"twitter:card\" content=\"summary_large_image\" \/>\n<meta name=\"twitter:creator\" content=\"@fidedignas\" \/>\n<meta name=\"twitter:site\" content=\"@fidedignas\" \/>\n<meta name=\"twitter:label1\" content=\"Escrito por\" \/>\n\t<meta name=\"twitter:data1\" content=\"Redacci\u00f3n\" \/>\n\t<meta name=\"twitter:label2\" content=\"Tiempo de lectura\" \/>\n\t<meta name=\"twitter:data2\" content=\"2 minutos\" \/>\n<script type=\"application\/ld+json\" class=\"yoast-schema-graph\">{\"@context\":\"https:\\\/\\\/schema.org\",\"@graph\":[{\"@type\":\"Article\",\"@id\":\"https:\\\/\\\/fuentesfidedignas.com.mx\\\/index.php\\\/2023\\\/08\\\/01\\\/los-partidos-deberian-ponerse-a-trabajar-de-verdad-y-no-andar-de-adelantados-cuen\\\/#article\",\"isPartOf\":{\"@id\":\"https:\\\/\\\/fuentesfidedignas.com.mx\\\/index.php\\\/2023\\\/08\\\/01\\\/los-partidos-deberian-ponerse-a-trabajar-de-verdad-y-no-andar-de-adelantados-cuen\\\/\"},\"author\":{\"name\":\"Redacci\u00f3n\",\"@id\":\"https:\\\/\\\/fuentesfidedignas.com.mx\\\/#\\\/schema\\\/person\\\/331be9283d37198e2acd5750279085b0\"},\"headline\":\"Los partidos deber\u00edan ponerse a trabajar de verdad y no andar de adelantados: Cu\u00e9n\",\"datePublished\":\"2023-08-01T23:31:03+00:00\",\"dateModified\":\"2023-08-01T23:32:05+00:00\",\"mainEntityOfPage\":{\"@id\":\"https:\\\/\\\/fuentesfidedignas.com.mx\\\/index.php\\\/2023\\\/08\\\/01\\\/los-partidos-deberian-ponerse-a-trabajar-de-verdad-y-no-andar-de-adelantados-cuen\\\/\"},\"wordCount\":369,\"commentCount\":0,\"publisher\":{\"@id\":\"https:\\\/\\\/fuentesfidedignas.com.mx\\\/#organization\"},\"image\":{\"@id\":\"https:\\\/\\\/fuentesfidedignas.com.mx\\\/index.php\\\/2023\\\/08\\\/01\\\/los-partidos-deberian-ponerse-a-trabajar-de-verdad-y-no-andar-de-adelantados-cuen\\\/#primaryimage\"},\"thumbnailUrl\":\"https:\\\/\\\/fuentesfidedignas.com.mx\\\/wp-content\\\/uploads\\\/2023\\\/08\\\/IMG-20230801-WA0053.jpg\",\"articleSection\":[\"NOTICIAS LOCALES\"],\"inLanguage\":\"es\",\"potentialAction\":[{\"@type\":\"CommentAction\",\"name\":\"Comment\",\"target\":[\"https:\\\/\\\/fuentesfidedignas.com.mx\\\/index.php\\\/2023\\\/08\\\/01\\\/los-partidos-deberian-ponerse-a-trabajar-de-verdad-y-no-andar-de-adelantados-cuen\\\/#respond\"]}]},{\"@type\":\"WebPage\",\"@id\":\"https:\\\/\\\/fuentesfidedignas.com.mx\\\/index.php\\\/2023\\\/08\\\/01\\\/los-partidos-deberian-ponerse-a-trabajar-de-verdad-y-no-andar-de-adelantados-cuen\\\/\",\"url\":\"https:\\\/\\\/fuentesfidedignas.com.mx\\\/index.php\\\/2023\\\/08\\\/01\\\/los-partidos-deberian-ponerse-a-trabajar-de-verdad-y-no-andar-de-adelantados-cuen\\\/\",\"name\":\"Los partidos deber\u00edan ponerse a trabajar de verdad y no andar de adelantados: Cu\u00e9n - Fuentes Fidedignas\",\"isPartOf\":{\"@id\":\"https:\\\/\\\/fuentesfidedignas.com.mx\\\/#website\"},\"primaryImageOfPage\":{\"@id\":\"https:\\\/\\\/fuentesfidedignas.com.mx\\\/index.php\\\/2023\\\/08\\\/01\\\/los-partidos-deberian-ponerse-a-trabajar-de-verdad-y-no-andar-de-adelantados-cuen\\\/#primaryimage\"},\"image\":{\"@id\":\"https:\\\/\\\/fuentesfidedignas.com.mx\\\/index.php\\\/2023\\\/08\\\/01\\\/los-partidos-deberian-ponerse-a-trabajar-de-verdad-y-no-andar-de-adelantados-cuen\\\/#primaryimage\"},\"thumbnailUrl\":\"https:\\\/\\\/fuentesfidedignas.com.mx\\\/wp-content\\\/uploads\\\/2023\\\/08\\\/IMG-20230801-WA0053.jpg\",\"datePublished\":\"2023-08-01T23:31:03+00:00\",\"dateModified\":\"2023-08-01T23:32:05+00:00\",\"breadcrumb\":{\"@id\":\"https:\\\/\\\/fuentesfidedignas.com.mx\\\/index.php\\\/2023\\\/08\\\/01\\\/los-partidos-deberian-ponerse-a-trabajar-de-verdad-y-no-andar-de-adelantados-cuen\\\/#breadcrumb\"},\"inLanguage\":\"es\",\"potentialAction\":[{\"@type\":\"ReadAction\",\"target\":[\"https:\\\/\\\/fuentesfidedignas.com.mx\\\/index.php\\\/2023\\\/08\\\/01\\\/los-partidos-deberian-ponerse-a-trabajar-de-verdad-y-no-andar-de-adelantados-cuen\\\/\"]}]},{\"@type\":\"ImageObject\",\"inLanguage\":\"es\",\"@id\":\"https:\\\/\\\/fuentesfidedignas.com.mx\\\/index.php\\\/2023\\\/08\\\/01\\\/los-partidos-deberian-ponerse-a-trabajar-de-verdad-y-no-andar-de-adelantados-cuen\\\/#primaryimage\",\"url\":\"https:\\\/\\\/fuentesfidedignas.com.mx\\\/wp-content\\\/uploads\\\/2023\\\/08\\\/IMG-20230801-WA0053.jpg\",\"contentUrl\":\"https:\\\/\\\/fuentesfidedignas.com.mx\\\/wp-content\\\/uploads\\\/2023\\\/08\\\/IMG-20230801-WA0053.jpg\",\"width\":1024,\"height\":682},{\"@type\":\"BreadcrumbList\",\"@id\":\"https:\\\/\\\/fuentesfidedignas.com.mx\\\/index.php\\\/2023\\\/08\\\/01\\\/los-partidos-deberian-ponerse-a-trabajar-de-verdad-y-no-andar-de-adelantados-cuen\\\/#breadcrumb\",\"itemListElement\":[{\"@type\":\"ListItem\",\"position\":1,\"name\":\"Inicio\",\"item\":\"https:\\\/\\\/fuentesfidedignas.com.mx\\\/\"},{\"@type\":\"ListItem\",\"position\":2,\"name\":\"Los partidos deber\u00edan ponerse a trabajar de verdad y no andar de adelantados: Cu\u00e9n\"}]},{\"@type\":\"WebSite\",\"@id\":\"https:\\\/\\\/fuentesfidedignas.com.mx\\\/#website\",\"url\":\"https:\\\/\\\/fuentesfidedignas.com.mx\\\/\",\"name\":\"Fuentes Fidedignas\",\"description\":\"Otro sitio realizado con WordPress\",\"publisher\":{\"@id\":\"https:\\\/\\\/fuentesfidedignas.com.mx\\\/#organization\"},\"potentialAction\":[{\"@type\":\"SearchAction\",\"target\":{\"@type\":\"EntryPoint\",\"urlTemplate\":\"https:\\\/\\\/fuentesfidedignas.com.mx\\\/?s={search_term_string}\"},\"query-input\":{\"@type\":\"PropertyValueSpecification\",\"valueRequired\":true,\"valueName\":\"search_term_string\"}}],\"inLanguage\":\"es\"},{\"@type\":\"Organization\",\"@id\":\"https:\\\/\\\/fuentesfidedignas.com.mx\\\/#organization\",\"name\":\"Fuentes Fidedignas\",\"url\":\"https:\\\/\\\/fuentesfidedignas.com.mx\\\/\",\"logo\":{\"@type\":\"ImageObject\",\"inLanguage\":\"es\",\"@id\":\"https:\\\/\\\/fuentesfidedignas.com.mx\\\/#\\\/schema\\\/logo\\\/image\\\/\",\"url\":\"https:\\\/\\\/fuentesfidedignas.com.mx\\\/wp-content\\\/uploads\\\/2021\\\/04\\\/logo-retina.png\",\"contentUrl\":\"https:\\\/\\\/fuentesfidedignas.com.mx\\\/wp-content\\\/uploads\\\/2021\\\/04\\\/logo-retina.png\",\"width\":280,\"height\":51,\"caption\":\"Fuentes Fidedignas\"},\"image\":{\"@id\":\"https:\\\/\\\/fuentesfidedignas.com.mx\\\/#\\\/schema\\\/logo\\\/image\\\/\"},\"sameAs\":[\"https:\\\/\\\/www.facebook.com\\\/Fuentes-Fidedignas-368234489921644\",\"https:\\\/\\\/x.com\\\/fidedignas\"]},{\"@type\":\"Person\",\"@id\":\"https:\\\/\\\/fuentesfidedignas.com.mx\\\/#\\\/schema\\\/person\\\/331be9283d37198e2acd5750279085b0\",\"name\":\"Redacci\u00f3n\",\"image\":{\"@type\":\"ImageObject\",\"inLanguage\":\"es\",\"@id\":\"https:\\\/\\\/secure.gravatar.com\\\/avatar\\\/f6d8782c11d12b2d4ad3fbb6931aeab5309937a4d6cd2fc9cfaa28a6396a5aec?s=96&d=mm&r=g\",\"url\":\"https:\\\/\\\/secure.gravatar.com\\\/avatar\\\/f6d8782c11d12b2d4ad3fbb6931aeab5309937a4d6cd2fc9cfaa28a6396a5aec?s=96&d=mm&r=g\",\"contentUrl\":\"https:\\\/\\\/secure.gravatar.com\\\/avatar\\\/f6d8782c11d12b2d4ad3fbb6931aeab5309937a4d6cd2fc9cfaa28a6396a5aec?s=96&d=mm&r=g\",\"caption\":\"Redacci\u00f3n\"},\"url\":\"https:\\\/\\\/fuentesfidedignas.com.mx\\\/index.php\\\/author\\\/redaccion\\\/\"}]}<\/script>\n<!-- \/ Yoast SEO plugin. -->","yoast_head_json":{"title":"Los partidos deber\u00edan ponerse a trabajar de verdad y no andar de adelantados: Cu\u00e9n - Fuentes Fidedignas","robots":{"index":"index","follow":"follow","max-snippet":"max-snippet:-1","max-image-preview":"max-image-preview:large","max-video-preview":"max-video-preview:-1"},"canonical":"https:\/\/fuentesfidedignas.com.mx\/index.php\/2023\/08\/01\/los-partidos-deberian-ponerse-a-trabajar-de-verdad-y-no-andar-de-adelantados-cuen\/","og_locale":"es_MX","og_type":"article","og_title":"Los partidos deber\u00edan ponerse a trabajar de verdad y no andar de adelantados: Cu\u00e9n - Fuentes Fidedignas","og_description":"Adelantar los procesos electorales puede resultar perjudicial al momento de las elecciones en el 2024 Culiac\u00e1n, Sin.- La efervecencia de los siguientes procesos preelectorales no son saludables para la poblaci\u00f3n, ya que esto es un reflejo de que se puede estar violentando la ley, as\u00ed lo expres\u00f3 el l\u00edder del Partido Sinalonse, MC. H\u00e9ctor Melesio [&hellip;]","og_url":"https:\/\/fuentesfidedignas.com.mx\/index.php\/2023\/08\/01\/los-partidos-deberian-ponerse-a-trabajar-de-verdad-y-no-andar-de-adelantados-cuen\/","og_site_name":"Fuentes Fidedignas","article_publisher":"https:\/\/www.facebook.com\/Fuentes-Fidedignas-368234489921644","article_published_time":"2023-08-01T23:31:03+00:00","article_modified_time":"2023-08-01T23:32:05+00:00","og_image":[{"width":1024,"height":682,"url":"https:\/\/fuentesfidedignas.com.mx\/wp-content\/uploads\/2023\/08\/IMG-20230801-WA0053.jpg","type":"image\/jpeg"}],"author":"Redacci\u00f3n","twitter_card":"summary_large_image","twitter_creator":"@fidedignas","twitter_site":"@fidedignas","twitter_misc":{"Escrito por":"Redacci\u00f3n","Tiempo de lectura":"2 minutos"},"schema":{"@context":"https:\/\/schema.org","@graph":[{"@type":"Article","@id":"https:\/\/fuentesfidedignas.com.mx\/index.php\/2023\/08\/01\/los-partidos-deberian-ponerse-a-trabajar-de-verdad-y-no-andar-de-adelantados-cuen\/#article","isPartOf":{"@id":"https:\/\/fuentesfidedignas.com.mx\/index.php\/2023\/08\/01\/los-partidos-deberian-ponerse-a-trabajar-de-verdad-y-no-andar-de-adelantados-cuen\/"},"author":{"name":"Redacci\u00f3n","@id":"https:\/\/fuentesfidedignas.com.mx\/#\/schema\/person\/331be9283d37198e2acd5750279085b0"},"headline":"Los partidos deber\u00edan ponerse a trabajar de verdad y no andar de adelantados: Cu\u00e9n","datePublished":"2023-08-01T23:31:03+00:00","dateModified":"2023-08-01T23:32:05+00:00","mainEntityOfPage":{"@id":"https:\/\/fuentesfidedignas.com.mx\/index.php\/2023\/08\/01\/los-partidos-deberian-ponerse-a-trabajar-de-verdad-y-no-andar-de-adelantados-cuen\/"},"wordCount":369,"commentCount":0,"publisher":{"@id":"https:\/\/fuentesfidedignas.com.mx\/#organization"},"image":{"@id":"https:\/\/fuentesfidedignas.com.mx\/index.php\/2023\/08\/01\/los-partidos-deberian-ponerse-a-trabajar-de-verdad-y-no-andar-de-adelantados-cuen\/#primaryimage"},"thumbnailUrl":"https:\/\/fuentesfidedignas.com.mx\/wp-content\/uploads\/2023\/08\/IMG-20230801-WA0053.jpg","articleSection":["NOTICIAS LOCALES"],"inLanguage":"es","potentialAction":[{"@type":"CommentAction","name":"Comment","target":["https:\/\/fuentesfidedignas.com.mx\/index.php\/2023\/08\/01\/los-partidos-deberian-ponerse-a-trabajar-de-verdad-y-no-andar-de-adelantados-cuen\/#respond"]}]},{"@type":"WebPage","@id":"https:\/\/fuentesfidedignas.com.mx\/index.php\/2023\/08\/01\/los-partidos-deberian-ponerse-a-trabajar-de-verdad-y-no-andar-de-adelantados-cuen\/","url":"https:\/\/fuentesfidedignas.com.mx\/index.php\/2023\/08\/01\/los-partidos-deberian-ponerse-a-trabajar-de-verdad-y-no-andar-de-adelantados-cuen\/","name":"Los partidos deber\u00edan ponerse a trabajar de verdad y no andar de adelantados: Cu\u00e9n - Fuentes Fidedignas","isPartOf":{"@id":"https:\/\/fuentesfidedignas.com.mx\/#website"},"primaryImageOfPage":{"@id":"https:\/\/fuentesfidedignas.com.mx\/index.php\/2023\/08\/01\/los-partidos-deberian-ponerse-a-trabajar-de-verdad-y-no-andar-de-adelantados-cuen\/#primaryimage"},"image":{"@id":"https:\/\/fuentesfidedignas.com.mx\/index.php\/2023\/08\/01\/los-partidos-deberian-ponerse-a-trabajar-de-verdad-y-no-andar-de-adelantados-cuen\/#primaryimage"},"thumbnailUrl":"https:\/\/fuentesfidedignas.com.mx\/wp-content\/uploads\/2023\/08\/IMG-20230801-WA0053.jpg","datePublished":"2023-08-01T23:31:03+00:00","dateModified":"2023-08-01T23:32:05+00:00","breadcrumb":{"@id":"https:\/\/fuentesfidedignas.com.mx\/index.php\/2023\/08\/01\/los-partidos-deberian-ponerse-a-trabajar-de-verdad-y-no-andar-de-adelantados-cuen\/#breadcrumb"},"inLanguage":"es","potentialAction":[{"@type":"ReadAction","target":["https:\/\/fuentesfidedignas.com.mx\/index.php\/2023\/08\/01\/los-partidos-deberian-ponerse-a-trabajar-de-verdad-y-no-andar-de-adelantados-cuen\/"]}]},{"@type":"ImageObject","inLanguage":"es","@id":"https:\/\/fuentesfidedignas.com.mx\/index.php\/2023\/08\/01\/los-partidos-deberian-ponerse-a-trabajar-de-verdad-y-no-andar-de-adelantados-cuen\/#primaryimage","url":"https:\/\/fuentesfidedignas.com.mx\/wp-content\/uploads\/2023\/08\/IMG-20230801-WA0053.jpg","contentUrl":"https:\/\/fuentesfidedignas.com.mx\/wp-content\/uploads\/2023\/08\/IMG-20230801-WA0053.jpg","width":1024,"height":682},{"@type":"BreadcrumbList","@id":"https:\/\/fuentesfidedignas.com.mx\/index.php\/2023\/08\/01\/los-partidos-deberian-ponerse-a-trabajar-de-verdad-y-no-andar-de-adelantados-cuen\/#breadcrumb","itemListElement":[{"@type":"ListItem","position":1,"name":"Inicio","item":"https:\/\/fuentesfidedignas.com.mx\/"},{"@type":"ListItem","position":2,"name":"Los partidos deber\u00edan ponerse a trabajar de verdad y no andar de adelantados: Cu\u00e9n"}]},{"@type":"WebSite","@id":"https:\/\/fuentesfidedignas.com.mx\/#website","url":"https:\/\/fuentesfidedignas.com.mx\/","name":"Fuentes Fidedignas","description":"Otro sitio realizado con WordPress","publisher":{"@id":"https:\/\/fuentesfidedignas.com.mx\/#organization"},"potentialAction":[{"@type":"SearchAction","target":{"@type":"EntryPoint","urlTemplate":"https:\/\/fuentesfidedignas.com.mx\/?s={search_term_string}"},"query-input":{"@type":"PropertyValueSpecification","valueRequired":true,"valueName":"search_term_string"}}],"inLanguage":"es"},{"@type":"Organization","@id":"https:\/\/fuentesfidedignas.com.mx\/#organization","name":"Fuentes Fidedignas","url":"https:\/\/fuentesfidedignas.com.mx\/","logo":{"@type":"ImageObject","inLanguage":"es","@id":"https:\/\/fuentesfidedignas.com.mx\/#\/schema\/logo\/image\/","url":"https:\/\/fuentesfidedignas.com.mx\/wp-content\/uploads\/2021\/04\/logo-retina.png","contentUrl":"https:\/\/fuentesfidedignas.com.mx\/wp-content\/uploads\/2021\/04\/logo-retina.png","width":280,"height":51,"caption":"Fuentes Fidedignas"},"image":{"@id":"https:\/\/fuentesfidedignas.com.mx\/#\/schema\/logo\/image\/"},"sameAs":["https:\/\/www.facebook.com\/Fuentes-Fidedignas-368234489921644","https:\/\/x.com\/fidedignas"]},{"@type":"Person","@id":"https:\/\/fuentesfidedignas.com.mx\/#\/schema\/person\/331be9283d37198e2acd5750279085b0","name":"Redacci\u00f3n","image":{"@type":"ImageObject","inLanguage":"es","@id":"https:\/\/secure.gravatar.com\/avatar\/f6d8782c11d12b2d4ad3fbb6931aeab5309937a4d6cd2fc9cfaa28a6396a5aec?s=96&d=mm&r=g","url":"https:\/\/secure.gravatar.com\/avatar\/f6d8782c11d12b2d4ad3fbb6931aeab5309937a4d6cd2fc9cfaa28a6396a5aec?s=96&d=mm&r=g","contentUrl":"https:\/\/secure.gravatar.com\/avatar\/f6d8782c11d12b2d4ad3fbb6931aeab5309937a4d6cd2fc9cfaa28a6396a5aec?s=96&d=mm&r=g","caption":"Redacci\u00f3n"},"url":"https:\/\/fuentesfidedignas.com.mx\/index.php\/author\/redaccion\/"}]}},"_links":{"self":[{"href":"https:\/\/fuentesfidedignas.com.mx\/index.php\/wp-json\/wp\/v2\/posts\/54165","targetHints":{"allow":["GET"]}}],"collection":[{"href":"https:\/\/fuentesfidedignas.com.mx\/index.php\/wp-json\/wp\/v2\/posts"}],"about":[{"href":"https:\/\/fuentesfidedignas.com.mx\/index.php\/wp-json\/wp\/v2\/types\/post"}],"author":[{"embeddable":true,"href":"https:\/\/fuentesfidedignas.com.mx\/index.php\/wp-json\/wp\/v2\/users\/4"}],"replies":[{"embeddable":true,"href":"https:\/\/fuentesfidedignas.com.mx\/index.php\/wp-json\/wp\/v2\/comments?post=54165"}],"version-history":[{"count":1,"href":"https:\/\/fuentesfidedignas.com.mx\/index.php\/wp-json\/wp\/v2\/posts\/54165\/revisions"}],"predecessor-version":[{"id":54166,"href":"https:\/\/fuentesfidedignas.com.mx\/index.php\/wp-json\/wp\/v2\/posts\/54165\/revisions\/54166"}],"wp:featuredmedia":[{"embeddable":true,"href":"https:\/\/fuentesfidedignas.com.mx\/index.php\/wp-json\/wp\/v2\/media\/54167"}],"wp:attachment":[{"href":"https:\/\/fuentesfidedignas.com.mx\/index.php\/wp-json\/wp\/v2\/media?parent=54165"}],"wp:term":[{"taxonomy":"category","embeddable":true,"href":"https:\/\/fuentesfidedignas.com.mx\/index.php\/wp-json\/wp\/v2\/categories?post=54165"},{"taxonomy":"post_tag","embeddable":true,"href":"https:\/\/fuentesfidedignas.com.mx\/index.php\/wp-json\/wp\/v2\/tags?post=54165"}],"curies":[{"name":"wp","href":"https:\/\/api.w.org\/{rel}","templated":true}]}}