{"id":54140,"date":"2023-08-01T15:09:40","date_gmt":"2023-08-01T22:09:40","guid":{"rendered":"https:\/\/fuentesfidedignas.com.mx\/?p=54140"},"modified":"2023-08-01T15:09:41","modified_gmt":"2023-08-01T22:09:41","slug":"destaca-congreso-avance-para-abatir-rezago-en-cuentas-publicas-y-la-congeladora","status":"publish","type":"post","link":"https:\/\/fuentesfidedignas.com.mx\/index.php\/2023\/08\/01\/destaca-congreso-avance-para-abatir-rezago-en-cuentas-publicas-y-la-congeladora\/","title":{"rendered":"Destaca Congreso avance para abatir rezago en cuentas p\u00fablicas y la &#8220;congeladora&#8221;"},"content":{"rendered":"\n<p><em><strong>Destacaron el avance para abatir el rezago en las cuentas p\u00fablicas y la &#8220;congeladora legislativa&#8221;<\/strong><\/em><\/p>\n\n\n\n<p>Culiac\u00e1n, Sin.- Este martes la Junta de Coordinaci\u00f3n Pol\u00edtica del Congreso del Estado de Sinaloa present\u00f3 en conferencia de prensa un balance legislativo con sentido social y humano producto del trabajo parlamentario desarrollado del 1 de octubre de 2022 al 31 de julio de 2023, per\u00edodo en el cual se construyeron consensos y se privilegi\u00f3 el di\u00e1logo.<\/p>\n\n\n\n<p>El diputado Feliciano Castro Mel\u00e9ndrez, presidente de la Junta de Coordinaci\u00f3n Pol\u00edtica indic\u00f3 que se ha privilegiado el di\u00e1logo y se han construido consensos que se reflejan con claridad en el balance legislativo presentado: \u201c<em>El debate y las diferencias es parte de la normalidad democr\u00e1tica. No ejercimos el voto ponderado sino que le apostamos al acuerdo, a la inclusi\u00f3n, al di\u00e1logo, y a la promoci\u00f3n de los sectores productivos<\/em>\u201d, afirm\u00f3.<\/p>\n\n\n\n<iframe loading=\"lazy\" src=\"https:\/\/www.facebook.com\/plugins\/video.php?height=314&#038;href=https%3A%2F%2Fwww.facebook.com%2Fcongresosinaloa%2Fvideos%2F672962284701701%2F&#038;show_text=false&#038;width=560&#038;t=0\" width=\"560\" height=\"314\" style=\"border:none;overflow:hidden\" scrolling=\"no\" frameborder=\"0\" allowfullscreen=\"true\" allow=\"autoplay; clipboard-write; encrypted-media; picture-in-picture; web-share\" allowFullScreen=\"true\"><\/iframe>\n\n\n\n<p><strong>Balance<\/strong><\/p>\n\n\n\n<p>Feliciano Castro puntualiz\u00f3 que la democracia se afirma en esta legislatura para cumplir las funciones de legislar y fiscalizar logrando abatir el rezago en las cuentas p\u00fablicas.<\/p>\n\n\n\n<p>Asimismo, dijo que se reform\u00f3 la <strong>Ley de la Auditor\u00eda Superior del Estado<\/strong> para reestructurar los procesos de revisi\u00f3n y fiscalizaci\u00f3n de cuentas p\u00fablicas, y con ello abatir el rezago que se ten\u00eda de revisiones con dos a\u00f1os de atraso, y en la actualidad cada a\u00f1o de ejercicio fiscal concluido, ser\u00e1 a\u00f1o revisado.<\/p>\n\n\n\n<p>Se implementa, apunt\u00f3, un programa de abatimiento legislativo para hacer m\u00e1s eficiente el proceso legislativo y acelerar la elaboraci\u00f3n de dict\u00e1menes atendiendo todos los temas de todos los partidos pol\u00edticos y ciudadanos.<\/p>\n\n\n\n<p>Un logro m\u00e1s de esta legislatura durante este per\u00edodo fue cuando las diputadas y los diputados aprobaron establecer el delito de fraude espec\u00edfico con sanciones de hasta 12 a\u00f1os de c\u00e1rcel a quienes pacten compras con productores agr\u00edcolas, fruticultores, ganaderos, ap\u00edcolas o pescadores, y no la paguen en los plazos convenidos.<\/p>\n\n\n\n<p>Subray\u00f3 categ\u00f3ricamente que es falso que haya sido en \u201c<em>Fast Track\u201d <\/em>la reforma a la <strong>Ley Org\u00e1nica del Congreso del Estado<\/strong>, puesto que se hizo todo un proceso legislativo hasta llegar a su aprobaci\u00f3n en el Pleno en una sesi\u00f3n en la que se hicieron cuatro reformas, tres de manera consensuada.<\/p>\n\n\n\n<p>Un avance m\u00e1s de este periodo fue la aprobaci\u00f3n para expedir la Ley de Educaci\u00f3n Superior del Estado de Sinaloa con una visi\u00f3n humanista y el hecho de que actualmente existen cuarenta iniciativas para reformas las leyes org\u00e1nicas de la Universidad Aut\u00f3noma de Sinaloa, Universidad Aut\u00f3noma de Occidente y Universidad Aut\u00f3noma Ind\u00edgena de M\u00e9xico.<\/p>\n\n\n\n<p><em>\u201cLa reforma a la Ley Org\u00e1nica de la UAS es ineludible y deber\u00e1 armonizarse a las disposiciones de la Constituci\u00f3n. El art\u00edculo tres pone en el centro la autonom\u00eda universitaria, pero en la UAS la autonom\u00eda ha sido violada por las autoridades universitarias en representaci\u00f3n del PAS<\/em>\u201d, se\u00f1al\u00f3.<\/p>\n\n\n\n<p>Por otro lado expuso que el Congreso del Estado de Sinaloa se adelant\u00f3 al Senado de la Rep\u00fablica y a las resoluciones del Tribunal Federal al lograr la integraci\u00f3n de los grupos plurales y la presencia de voces ajenas a los grupos en la Junta de Coordinaci\u00f3n Pol\u00edtica, lo que garantiza que se escuchen todas las expresiones ideol\u00f3gicas.<\/p>\n\n\n\n<p><strong>Dinamismo<\/strong><\/p>\n\n\n\n<p>El diputado Ricardo Madrid P\u00e9rez, presidente de la Mesa Directiva, enfatiz\u00f3 el dinamismo de una legislatura que ha abordado diversos temas, con 1552 iniciativas presentadas de las cuales 1383 ya est\u00e1n turnadas a comisiones, 656 aprobadas y 731 est\u00e1n en proceso.<\/p>\n\n\n\n<p>\u201c<em>Hemos tenido una agenda voluminosa pero hemos logrado encontrar puntos de encuentro para tener acuerdos y avanzar<\/em>\u201d, dijo al se\u00f1alar la celebraci\u00f3n de 85 sesiones en este per\u00edodo, 57 ordinarias, 15 extraordinarias y 13 solemnes.<\/p>\n\n\n\n<p>Detall\u00f3 el programa de abatimiento legislativo que tiene como esencia dejar de lado la llamada \u201ccongeladora legislativa\u201d en un esfuerzo para avanzar en las iniciativas rezagadas en base a un an\u00e1lisis serio.<\/p>\n\n\n\n<p>La diputada del PRI Cinthia Valenzuela Langarica destac\u00f3 el trabajo legislativo en lo que se refiere a turismo sustentable, p\u00e9rdida de patria potestad del feminicida de la mam\u00e1 de sus hijos, reformas para fortalecer la transparencia y la rendici\u00f3n de cuentas, los temas familiares, la agenda de la juventud, violencia digital y tortura.<\/p>\n\n\n\n<p>La diputada del PT Mar\u00eda Guadalupe C\u00e1zares Gallegos sostuvo que el per\u00edodo descrito ha sido marcado por la uni\u00f3n y el compromiso de todas las fuerzas pol\u00edticas, siempre buscando el bien de la ciudadan\u00eda y dejando de lado los intereses particulares.<\/p>\n\n\n\n<p><em>\u201cLa unidad ha sido nuestra br\u00fajula en los momentos de las diferencias, siempre buscando consensos. Cada decisi\u00f3n ha sido guiada por mejorar la calidad de vida de todas y todos los sinaloenses\u201d,<\/em> coment\u00f3.<\/p>\n\n\n\n<p>En la conferencia de prensa tambi\u00e9n estuvieron presentes Jos\u00e9 Antonio R\u00edos Rojo, Secretario General del Congreso y la diputada del PAN Giovanna Morachis Paperini, as\u00ed como el diputado del PRI Sergio Mario Arredondo Salas y las diputadas de Morena Felicita Pompa Robles y Ver\u00f3nica Guadalupe B\u00e1tiz Acosta.<\/p>\n","protected":false},"excerpt":{"rendered":"<p>Destacaron el avance para abatir el rezago en las cuentas p\u00fablicas y la &#8220;congeladora legislativa&#8221; Culiac\u00e1n, Sin.- Este martes la Junta de Coordinaci\u00f3n Pol\u00edtica del Congreso del Estado de Sinaloa present\u00f3 en conferencia de prensa un balance legislativo con sentido social y humano producto del trabajo parlamentario desarrollado del 1 de octubre de 2022 al [&hellip;]<\/p>\n","protected":false},"author":11,"featured_media":54142,"comment_status":"open","ping_status":"open","sticky":false,"template":"","format":"standard","meta":{"tdm_status":"","tdm_grid_status":"","footnotes":""},"categories":[37],"tags":[],"class_list":{"0":"post-54140","1":"post","2":"type-post","3":"status-publish","4":"format-standard","5":"has-post-thumbnail","7":"category-nota-principal"},"yoast_head":"<!-- This site is optimized with the Yoast SEO plugin v27.4 - https:\/\/yoast.com\/product\/yoast-seo-wordpress\/ -->\n<title>Destaca Congreso avance para abatir rezago en cuentas p\u00fablicas y la &quot;congeladora&quot; - Fuentes Fidedignas<\/title>\n<meta name=\"robots\" content=\"index, follow, max-snippet:-1, max-image-preview:large, max-video-preview:-1\" \/>\n<link rel=\"canonical\" href=\"https:\/\/fuentesfidedignas.com.mx\/index.php\/2023\/08\/01\/destaca-congreso-avance-para-abatir-rezago-en-cuentas-publicas-y-la-congeladora\/\" \/>\n<meta property=\"og:locale\" content=\"es_MX\" \/>\n<meta property=\"og:type\" content=\"article\" \/>\n<meta property=\"og:title\" content=\"Destaca Congreso avance para abatir rezago en cuentas p\u00fablicas y la &quot;congeladora&quot; - Fuentes Fidedignas\" \/>\n<meta property=\"og:description\" content=\"Destacaron el avance para abatir el rezago en las cuentas p\u00fablicas y la &#8220;congeladora legislativa&#8221; Culiac\u00e1n, Sin.- Este martes la Junta de Coordinaci\u00f3n Pol\u00edtica del Congreso del Estado de Sinaloa present\u00f3 en conferencia de prensa un balance legislativo con sentido social y humano producto del trabajo parlamentario desarrollado del 1 de octubre de 2022 al [&hellip;]\" \/>\n<meta property=\"og:url\" content=\"https:\/\/fuentesfidedignas.com.mx\/index.php\/2023\/08\/01\/destaca-congreso-avance-para-abatir-rezago-en-cuentas-publicas-y-la-congeladora\/\" \/>\n<meta property=\"og:site_name\" content=\"Fuentes Fidedignas\" \/>\n<meta property=\"article:publisher\" content=\"https:\/\/www.facebook.com\/Fuentes-Fidedignas-368234489921644\" \/>\n<meta property=\"article:published_time\" content=\"2023-08-01T22:09:40+00:00\" \/>\n<meta property=\"article:modified_time\" content=\"2023-08-01T22:09:41+00:00\" \/>\n<meta property=\"og:image\" content=\"https:\/\/fuentesfidedignas.com.mx\/wp-content\/uploads\/2023\/08\/congreso-e1690927768522.jpg\" \/>\n\t<meta property=\"og:image:width\" content=\"600\" \/>\n\t<meta property=\"og:image:height\" content=\"401\" \/>\n\t<meta property=\"og:image:type\" content=\"image\/jpeg\" \/>\n<meta name=\"author\" content=\"Marissa Palafox\" \/>\n<meta name=\"twitter:card\" content=\"summary_large_image\" \/>\n<meta name=\"twitter:creator\" content=\"@fidedignas\" \/>\n<meta name=\"twitter:site\" content=\"@fidedignas\" \/>\n<meta name=\"twitter:label1\" content=\"Escrito por\" \/>\n\t<meta name=\"twitter:data1\" content=\"Marissa Palafox\" \/>\n\t<meta name=\"twitter:label2\" content=\"Tiempo de lectura\" \/>\n\t<meta name=\"twitter:data2\" content=\"4 minutos\" \/>\n<script type=\"application\/ld+json\" class=\"yoast-schema-graph\">{\"@context\":\"https:\\\/\\\/schema.org\",\"@graph\":[{\"@type\":\"Article\",\"@id\":\"https:\\\/\\\/fuentesfidedignas.com.mx\\\/index.php\\\/2023\\\/08\\\/01\\\/destaca-congreso-avance-para-abatir-rezago-en-cuentas-publicas-y-la-congeladora\\\/#article\",\"isPartOf\":{\"@id\":\"https:\\\/\\\/fuentesfidedignas.com.mx\\\/index.php\\\/2023\\\/08\\\/01\\\/destaca-congreso-avance-para-abatir-rezago-en-cuentas-publicas-y-la-congeladora\\\/\"},\"author\":{\"name\":\"Marissa Palafox\",\"@id\":\"https:\\\/\\\/fuentesfidedignas.com.mx\\\/#\\\/schema\\\/person\\\/2c10028b4a30078c05a056a215342ab9\"},\"headline\":\"Destaca Congreso avance para abatir rezago en cuentas p\u00fablicas y la &#8220;congeladora&#8221;\",\"datePublished\":\"2023-08-01T22:09:40+00:00\",\"dateModified\":\"2023-08-01T22:09:41+00:00\",\"mainEntityOfPage\":{\"@id\":\"https:\\\/\\\/fuentesfidedignas.com.mx\\\/index.php\\\/2023\\\/08\\\/01\\\/destaca-congreso-avance-para-abatir-rezago-en-cuentas-publicas-y-la-congeladora\\\/\"},\"wordCount\":882,\"commentCount\":0,\"publisher\":{\"@id\":\"https:\\\/\\\/fuentesfidedignas.com.mx\\\/#organization\"},\"image\":{\"@id\":\"https:\\\/\\\/fuentesfidedignas.com.mx\\\/index.php\\\/2023\\\/08\\\/01\\\/destaca-congreso-avance-para-abatir-rezago-en-cuentas-publicas-y-la-congeladora\\\/#primaryimage\"},\"thumbnailUrl\":\"https:\\\/\\\/fuentesfidedignas.com.mx\\\/wp-content\\\/uploads\\\/2023\\\/08\\\/congreso-e1690927768522.jpg\",\"articleSection\":[\"NOTA PRINCIPAL\"],\"inLanguage\":\"es\",\"potentialAction\":[{\"@type\":\"CommentAction\",\"name\":\"Comment\",\"target\":[\"https:\\\/\\\/fuentesfidedignas.com.mx\\\/index.php\\\/2023\\\/08\\\/01\\\/destaca-congreso-avance-para-abatir-rezago-en-cuentas-publicas-y-la-congeladora\\\/#respond\"]}]},{\"@type\":\"WebPage\",\"@id\":\"https:\\\/\\\/fuentesfidedignas.com.mx\\\/index.php\\\/2023\\\/08\\\/01\\\/destaca-congreso-avance-para-abatir-rezago-en-cuentas-publicas-y-la-congeladora\\\/\",\"url\":\"https:\\\/\\\/fuentesfidedignas.com.mx\\\/index.php\\\/2023\\\/08\\\/01\\\/destaca-congreso-avance-para-abatir-rezago-en-cuentas-publicas-y-la-congeladora\\\/\",\"name\":\"Destaca Congreso avance para abatir rezago en cuentas p\u00fablicas y la \\\"congeladora\\\" - Fuentes Fidedignas\",\"isPartOf\":{\"@id\":\"https:\\\/\\\/fuentesfidedignas.com.mx\\\/#website\"},\"primaryImageOfPage\":{\"@id\":\"https:\\\/\\\/fuentesfidedignas.com.mx\\\/index.php\\\/2023\\\/08\\\/01\\\/destaca-congreso-avance-para-abatir-rezago-en-cuentas-publicas-y-la-congeladora\\\/#primaryimage\"},\"image\":{\"@id\":\"https:\\\/\\\/fuentesfidedignas.com.mx\\\/index.php\\\/2023\\\/08\\\/01\\\/destaca-congreso-avance-para-abatir-rezago-en-cuentas-publicas-y-la-congeladora\\\/#primaryimage\"},\"thumbnailUrl\":\"https:\\\/\\\/fuentesfidedignas.com.mx\\\/wp-content\\\/uploads\\\/2023\\\/08\\\/congreso-e1690927768522.jpg\",\"datePublished\":\"2023-08-01T22:09:40+00:00\",\"dateModified\":\"2023-08-01T22:09:41+00:00\",\"breadcrumb\":{\"@id\":\"https:\\\/\\\/fuentesfidedignas.com.mx\\\/index.php\\\/2023\\\/08\\\/01\\\/destaca-congreso-avance-para-abatir-rezago-en-cuentas-publicas-y-la-congeladora\\\/#breadcrumb\"},\"inLanguage\":\"es\",\"potentialAction\":[{\"@type\":\"ReadAction\",\"target\":[\"https:\\\/\\\/fuentesfidedignas.com.mx\\\/index.php\\\/2023\\\/08\\\/01\\\/destaca-congreso-avance-para-abatir-rezago-en-cuentas-publicas-y-la-congeladora\\\/\"]}]},{\"@type\":\"ImageObject\",\"inLanguage\":\"es\",\"@id\":\"https:\\\/\\\/fuentesfidedignas.com.mx\\\/index.php\\\/2023\\\/08\\\/01\\\/destaca-congreso-avance-para-abatir-rezago-en-cuentas-publicas-y-la-congeladora\\\/#primaryimage\",\"url\":\"https:\\\/\\\/fuentesfidedignas.com.mx\\\/wp-content\\\/uploads\\\/2023\\\/08\\\/congreso-e1690927768522.jpg\",\"contentUrl\":\"https:\\\/\\\/fuentesfidedignas.com.mx\\\/wp-content\\\/uploads\\\/2023\\\/08\\\/congreso-e1690927768522.jpg\",\"width\":600,\"height\":401},{\"@type\":\"BreadcrumbList\",\"@id\":\"https:\\\/\\\/fuentesfidedignas.com.mx\\\/index.php\\\/2023\\\/08\\\/01\\\/destaca-congreso-avance-para-abatir-rezago-en-cuentas-publicas-y-la-congeladora\\\/#breadcrumb\",\"itemListElement\":[{\"@type\":\"ListItem\",\"position\":1,\"name\":\"Inicio\",\"item\":\"https:\\\/\\\/fuentesfidedignas.com.mx\\\/\"},{\"@type\":\"ListItem\",\"position\":2,\"name\":\"Destaca Congreso avance para abatir rezago en cuentas p\u00fablicas y la &#8220;congeladora&#8221;\"}]},{\"@type\":\"WebSite\",\"@id\":\"https:\\\/\\\/fuentesfidedignas.com.mx\\\/#website\",\"url\":\"https:\\\/\\\/fuentesfidedignas.com.mx\\\/\",\"name\":\"Fuentes Fidedignas\",\"description\":\"Otro sitio realizado con WordPress\",\"publisher\":{\"@id\":\"https:\\\/\\\/fuentesfidedignas.com.mx\\\/#organization\"},\"potentialAction\":[{\"@type\":\"SearchAction\",\"target\":{\"@type\":\"EntryPoint\",\"urlTemplate\":\"https:\\\/\\\/fuentesfidedignas.com.mx\\\/?s={search_term_string}\"},\"query-input\":{\"@type\":\"PropertyValueSpecification\",\"valueRequired\":true,\"valueName\":\"search_term_string\"}}],\"inLanguage\":\"es\"},{\"@type\":\"Organization\",\"@id\":\"https:\\\/\\\/fuentesfidedignas.com.mx\\\/#organization\",\"name\":\"Fuentes Fidedignas\",\"url\":\"https:\\\/\\\/fuentesfidedignas.com.mx\\\/\",\"logo\":{\"@type\":\"ImageObject\",\"inLanguage\":\"es\",\"@id\":\"https:\\\/\\\/fuentesfidedignas.com.mx\\\/#\\\/schema\\\/logo\\\/image\\\/\",\"url\":\"https:\\\/\\\/fuentesfidedignas.com.mx\\\/wp-content\\\/uploads\\\/2021\\\/04\\\/logo-retina.png\",\"contentUrl\":\"https:\\\/\\\/fuentesfidedignas.com.mx\\\/wp-content\\\/uploads\\\/2021\\\/04\\\/logo-retina.png\",\"width\":280,\"height\":51,\"caption\":\"Fuentes Fidedignas\"},\"image\":{\"@id\":\"https:\\\/\\\/fuentesfidedignas.com.mx\\\/#\\\/schema\\\/logo\\\/image\\\/\"},\"sameAs\":[\"https:\\\/\\\/www.facebook.com\\\/Fuentes-Fidedignas-368234489921644\",\"https:\\\/\\\/x.com\\\/fidedignas\"]},{\"@type\":\"Person\",\"@id\":\"https:\\\/\\\/fuentesfidedignas.com.mx\\\/#\\\/schema\\\/person\\\/2c10028b4a30078c05a056a215342ab9\",\"name\":\"Marissa Palafox\",\"image\":{\"@type\":\"ImageObject\",\"inLanguage\":\"es\",\"@id\":\"https:\\\/\\\/secure.gravatar.com\\\/avatar\\\/20a43bdb2f2db10f20b22d4e98b96eb027faf98f7f76d29854dc5fab46d1cf71?s=96&d=mm&r=g\",\"url\":\"https:\\\/\\\/secure.gravatar.com\\\/avatar\\\/20a43bdb2f2db10f20b22d4e98b96eb027faf98f7f76d29854dc5fab46d1cf71?s=96&d=mm&r=g\",\"contentUrl\":\"https:\\\/\\\/secure.gravatar.com\\\/avatar\\\/20a43bdb2f2db10f20b22d4e98b96eb027faf98f7f76d29854dc5fab46d1cf71?s=96&d=mm&r=g\",\"caption\":\"Marissa Palafox\"},\"url\":\"https:\\\/\\\/fuentesfidedignas.com.mx\\\/index.php\\\/author\\\/marissa\\\/\"}]}<\/script>\n<!-- \/ Yoast SEO plugin. -->","yoast_head_json":{"title":"Destaca Congreso avance para abatir rezago en cuentas p\u00fablicas y la \"congeladora\" - Fuentes Fidedignas","robots":{"index":"index","follow":"follow","max-snippet":"max-snippet:-1","max-image-preview":"max-image-preview:large","max-video-preview":"max-video-preview:-1"},"canonical":"https:\/\/fuentesfidedignas.com.mx\/index.php\/2023\/08\/01\/destaca-congreso-avance-para-abatir-rezago-en-cuentas-publicas-y-la-congeladora\/","og_locale":"es_MX","og_type":"article","og_title":"Destaca Congreso avance para abatir rezago en cuentas p\u00fablicas y la \"congeladora\" - Fuentes Fidedignas","og_description":"Destacaron el avance para abatir el rezago en las cuentas p\u00fablicas y la &#8220;congeladora legislativa&#8221; Culiac\u00e1n, Sin.- Este martes la Junta de Coordinaci\u00f3n Pol\u00edtica del Congreso del Estado de Sinaloa present\u00f3 en conferencia de prensa un balance legislativo con sentido social y humano producto del trabajo parlamentario desarrollado del 1 de octubre de 2022 al [&hellip;]","og_url":"https:\/\/fuentesfidedignas.com.mx\/index.php\/2023\/08\/01\/destaca-congreso-avance-para-abatir-rezago-en-cuentas-publicas-y-la-congeladora\/","og_site_name":"Fuentes Fidedignas","article_publisher":"https:\/\/www.facebook.com\/Fuentes-Fidedignas-368234489921644","article_published_time":"2023-08-01T22:09:40+00:00","article_modified_time":"2023-08-01T22:09:41+00:00","og_image":[{"width":600,"height":401,"url":"https:\/\/fuentesfidedignas.com.mx\/wp-content\/uploads\/2023\/08\/congreso-e1690927768522.jpg","type":"image\/jpeg"}],"author":"Marissa Palafox","twitter_card":"summary_large_image","twitter_creator":"@fidedignas","twitter_site":"@fidedignas","twitter_misc":{"Escrito por":"Marissa Palafox","Tiempo de lectura":"4 minutos"},"schema":{"@context":"https:\/\/schema.org","@graph":[{"@type":"Article","@id":"https:\/\/fuentesfidedignas.com.mx\/index.php\/2023\/08\/01\/destaca-congreso-avance-para-abatir-rezago-en-cuentas-publicas-y-la-congeladora\/#article","isPartOf":{"@id":"https:\/\/fuentesfidedignas.com.mx\/index.php\/2023\/08\/01\/destaca-congreso-avance-para-abatir-rezago-en-cuentas-publicas-y-la-congeladora\/"},"author":{"name":"Marissa Palafox","@id":"https:\/\/fuentesfidedignas.com.mx\/#\/schema\/person\/2c10028b4a30078c05a056a215342ab9"},"headline":"Destaca Congreso avance para abatir rezago en cuentas p\u00fablicas y la &#8220;congeladora&#8221;","datePublished":"2023-08-01T22:09:40+00:00","dateModified":"2023-08-01T22:09:41+00:00","mainEntityOfPage":{"@id":"https:\/\/fuentesfidedignas.com.mx\/index.php\/2023\/08\/01\/destaca-congreso-avance-para-abatir-rezago-en-cuentas-publicas-y-la-congeladora\/"},"wordCount":882,"commentCount":0,"publisher":{"@id":"https:\/\/fuentesfidedignas.com.mx\/#organization"},"image":{"@id":"https:\/\/fuentesfidedignas.com.mx\/index.php\/2023\/08\/01\/destaca-congreso-avance-para-abatir-rezago-en-cuentas-publicas-y-la-congeladora\/#primaryimage"},"thumbnailUrl":"https:\/\/fuentesfidedignas.com.mx\/wp-content\/uploads\/2023\/08\/congreso-e1690927768522.jpg","articleSection":["NOTA PRINCIPAL"],"inLanguage":"es","potentialAction":[{"@type":"CommentAction","name":"Comment","target":["https:\/\/fuentesfidedignas.com.mx\/index.php\/2023\/08\/01\/destaca-congreso-avance-para-abatir-rezago-en-cuentas-publicas-y-la-congeladora\/#respond"]}]},{"@type":"WebPage","@id":"https:\/\/fuentesfidedignas.com.mx\/index.php\/2023\/08\/01\/destaca-congreso-avance-para-abatir-rezago-en-cuentas-publicas-y-la-congeladora\/","url":"https:\/\/fuentesfidedignas.com.mx\/index.php\/2023\/08\/01\/destaca-congreso-avance-para-abatir-rezago-en-cuentas-publicas-y-la-congeladora\/","name":"Destaca Congreso avance para abatir rezago en cuentas p\u00fablicas y la \"congeladora\" - Fuentes Fidedignas","isPartOf":{"@id":"https:\/\/fuentesfidedignas.com.mx\/#website"},"primaryImageOfPage":{"@id":"https:\/\/fuentesfidedignas.com.mx\/index.php\/2023\/08\/01\/destaca-congreso-avance-para-abatir-rezago-en-cuentas-publicas-y-la-congeladora\/#primaryimage"},"image":{"@id":"https:\/\/fuentesfidedignas.com.mx\/index.php\/2023\/08\/01\/destaca-congreso-avance-para-abatir-rezago-en-cuentas-publicas-y-la-congeladora\/#primaryimage"},"thumbnailUrl":"https:\/\/fuentesfidedignas.com.mx\/wp-content\/uploads\/2023\/08\/congreso-e1690927768522.jpg","datePublished":"2023-08-01T22:09:40+00:00","dateModified":"2023-08-01T22:09:41+00:00","breadcrumb":{"@id":"https:\/\/fuentesfidedignas.com.mx\/index.php\/2023\/08\/01\/destaca-congreso-avance-para-abatir-rezago-en-cuentas-publicas-y-la-congeladora\/#breadcrumb"},"inLanguage":"es","potentialAction":[{"@type":"ReadAction","target":["https:\/\/fuentesfidedignas.com.mx\/index.php\/2023\/08\/01\/destaca-congreso-avance-para-abatir-rezago-en-cuentas-publicas-y-la-congeladora\/"]}]},{"@type":"ImageObject","inLanguage":"es","@id":"https:\/\/fuentesfidedignas.com.mx\/index.php\/2023\/08\/01\/destaca-congreso-avance-para-abatir-rezago-en-cuentas-publicas-y-la-congeladora\/#primaryimage","url":"https:\/\/fuentesfidedignas.com.mx\/wp-content\/uploads\/2023\/08\/congreso-e1690927768522.jpg","contentUrl":"https:\/\/fuentesfidedignas.com.mx\/wp-content\/uploads\/2023\/08\/congreso-e1690927768522.jpg","width":600,"height":401},{"@type":"BreadcrumbList","@id":"https:\/\/fuentesfidedignas.com.mx\/index.php\/2023\/08\/01\/destaca-congreso-avance-para-abatir-rezago-en-cuentas-publicas-y-la-congeladora\/#breadcrumb","itemListElement":[{"@type":"ListItem","position":1,"name":"Inicio","item":"https:\/\/fuentesfidedignas.com.mx\/"},{"@type":"ListItem","position":2,"name":"Destaca Congreso avance para abatir rezago en cuentas p\u00fablicas y la &#8220;congeladora&#8221;"}]},{"@type":"WebSite","@id":"https:\/\/fuentesfidedignas.com.mx\/#website","url":"https:\/\/fuentesfidedignas.com.mx\/","name":"Fuentes Fidedignas","description":"Otro sitio realizado con WordPress","publisher":{"@id":"https:\/\/fuentesfidedignas.com.mx\/#organization"},"potentialAction":[{"@type":"SearchAction","target":{"@type":"EntryPoint","urlTemplate":"https:\/\/fuentesfidedignas.com.mx\/?s={search_term_string}"},"query-input":{"@type":"PropertyValueSpecification","valueRequired":true,"valueName":"search_term_string"}}],"inLanguage":"es"},{"@type":"Organization","@id":"https:\/\/fuentesfidedignas.com.mx\/#organization","name":"Fuentes Fidedignas","url":"https:\/\/fuentesfidedignas.com.mx\/","logo":{"@type":"ImageObject","inLanguage":"es","@id":"https:\/\/fuentesfidedignas.com.mx\/#\/schema\/logo\/image\/","url":"https:\/\/fuentesfidedignas.com.mx\/wp-content\/uploads\/2021\/04\/logo-retina.png","contentUrl":"https:\/\/fuentesfidedignas.com.mx\/wp-content\/uploads\/2021\/04\/logo-retina.png","width":280,"height":51,"caption":"Fuentes Fidedignas"},"image":{"@id":"https:\/\/fuentesfidedignas.com.mx\/#\/schema\/logo\/image\/"},"sameAs":["https:\/\/www.facebook.com\/Fuentes-Fidedignas-368234489921644","https:\/\/x.com\/fidedignas"]},{"@type":"Person","@id":"https:\/\/fuentesfidedignas.com.mx\/#\/schema\/person\/2c10028b4a30078c05a056a215342ab9","name":"Marissa Palafox","image":{"@type":"ImageObject","inLanguage":"es","@id":"https:\/\/secure.gravatar.com\/avatar\/20a43bdb2f2db10f20b22d4e98b96eb027faf98f7f76d29854dc5fab46d1cf71?s=96&d=mm&r=g","url":"https:\/\/secure.gravatar.com\/avatar\/20a43bdb2f2db10f20b22d4e98b96eb027faf98f7f76d29854dc5fab46d1cf71?s=96&d=mm&r=g","contentUrl":"https:\/\/secure.gravatar.com\/avatar\/20a43bdb2f2db10f20b22d4e98b96eb027faf98f7f76d29854dc5fab46d1cf71?s=96&d=mm&r=g","caption":"Marissa Palafox"},"url":"https:\/\/fuentesfidedignas.com.mx\/index.php\/author\/marissa\/"}]}},"_links":{"self":[{"href":"https:\/\/fuentesfidedignas.com.mx\/index.php\/wp-json\/wp\/v2\/posts\/54140","targetHints":{"allow":["GET"]}}],"collection":[{"href":"https:\/\/fuentesfidedignas.com.mx\/index.php\/wp-json\/wp\/v2\/posts"}],"about":[{"href":"https:\/\/fuentesfidedignas.com.mx\/index.php\/wp-json\/wp\/v2\/types\/post"}],"author":[{"embeddable":true,"href":"https:\/\/fuentesfidedignas.com.mx\/index.php\/wp-json\/wp\/v2\/users\/11"}],"replies":[{"embeddable":true,"href":"https:\/\/fuentesfidedignas.com.mx\/index.php\/wp-json\/wp\/v2\/comments?post=54140"}],"version-history":[{"count":2,"href":"https:\/\/fuentesfidedignas.com.mx\/index.php\/wp-json\/wp\/v2\/posts\/54140\/revisions"}],"predecessor-version":[{"id":56274,"href":"https:\/\/fuentesfidedignas.com.mx\/index.php\/wp-json\/wp\/v2\/posts\/54140\/revisions\/56274"}],"wp:featuredmedia":[{"embeddable":true,"href":"https:\/\/fuentesfidedignas.com.mx\/index.php\/wp-json\/wp\/v2\/media\/54142"}],"wp:attachment":[{"href":"https:\/\/fuentesfidedignas.com.mx\/index.php\/wp-json\/wp\/v2\/media?parent=54140"}],"wp:term":[{"taxonomy":"category","embeddable":true,"href":"https:\/\/fuentesfidedignas.com.mx\/index.php\/wp-json\/wp\/v2\/categories?post=54140"},{"taxonomy":"post_tag","embeddable":true,"href":"https:\/\/fuentesfidedignas.com.mx\/index.php\/wp-json\/wp\/v2\/tags?post=54140"}],"curies":[{"name":"wp","href":"https:\/\/api.w.org\/{rel}","templated":true}]}}