{"id":54081,"date":"2023-07-31T20:41:54","date_gmt":"2023-08-01T03:41:54","guid":{"rendered":"https:\/\/fuentesfidedignas.com.mx\/?p=54081"},"modified":"2023-07-31T20:43:16","modified_gmt":"2023-08-01T03:43:16","slug":"culmina-periodo-de-sesiones-instalan-diputacion-permanente-presidida-por-manuel-luque","status":"publish","type":"post","link":"https:\/\/fuentesfidedignas.com.mx\/index.php\/2023\/07\/31\/culmina-periodo-de-sesiones-instalan-diputacion-permanente-presidida-por-manuel-luque\/","title":{"rendered":"Culmina Per\u00edodo de Sesiones; instalan Diputaci\u00f3n Permanente presidida por Manuel Luque"},"content":{"rendered":"\n<p><\/p>\n\n\n\n<p>Culiac\u00e1n, Sin. El Congreso del Estado de Sinaloa, en Sesi\u00f3n Solemne n\u00famero 173, clausur\u00f3 este lunes el Segundo Per\u00edodo Ordinario de Sesiones, correspondiente al Segundo A\u00f1o de Ejercicio Constitucional, de la Sexag\u00e9sima Cuarta Legislatura e instal\u00f3 oficialmente la Diputaci\u00f3n Permanente correspondiente al Segundo Receso del Segundo A\u00f1o de Ejercicio Constitucional comprendido de agosto a septiembre de 2023.<\/p>\n\n\n\n<p>El diputado de Morena Jos\u00e9 Manuel Luque Rojas fue elegido por sus compa\u00f1eras y compa\u00f1eros de las diferentes fuerzas pol\u00edticas como presidente de la Diputaci\u00f3n Permanente, y declar\u00f3 instalado este \u00f3rgano legislativo.<\/p>\n\n\n\n<figure class=\"wp-block-image size-large\"><img decoding=\"async\" width=\"591\" height=\"1024\" src=\"https:\/\/fuentesfidedignas.com.mx\/wp-content\/uploads\/2023\/07\/1000101056-591x1024.jpg\" alt=\"\" class=\"wp-image-54082\" srcset=\"https:\/\/fuentesfidedignas.com.mx\/wp-content\/uploads\/2023\/07\/1000101056-591x1024.jpg 591w, https:\/\/fuentesfidedignas.com.mx\/wp-content\/uploads\/2023\/07\/1000101056-173x300.jpg 173w, https:\/\/fuentesfidedignas.com.mx\/wp-content\/uploads\/2023\/07\/1000101056-768x1331.jpg 768w, https:\/\/fuentesfidedignas.com.mx\/wp-content\/uploads\/2023\/07\/1000101056-886x1536.jpg 886w, https:\/\/fuentesfidedignas.com.mx\/wp-content\/uploads\/2023\/07\/1000101056.jpg 923w\" sizes=\"(max-width: 591px) 100vw, 591px\" \/><\/figure>\n\n\n\n<p>La Diputaci\u00f3n Permanente de la 64 Legislatura del Congreso del Estado de Sinaloa fue declarada leg\u00edtimamente instalada este lunes 31 de julio de 2023.<\/p>\n\n\n\n<p>Despu\u00e9s de la clausura, el diputado Jos\u00e9 Manuel Luque Rojas cit\u00f3 a las y los integrantes de la Diputaci\u00f3n Permanente a celebrar Sesi\u00f3n Ordinaria el pr\u00f3ximo martes 22 de agosto de 2023, a la hora de Ley.<\/p>\n\n\n\n<p>La Diputaci\u00f3n Permanente qued\u00f3 integrada de la siguiente manera:<\/p>\n\n\n\n<p>Presidente propietario: Dip. Jos\u00e9 Manuel Luque Rojas.<\/p>\n\n\n\n<p>Suplente: Dip. C\u00e9sar Ismael Guerrero Alarc\u00f3n.<\/p>\n\n\n\n<p>Secretaria propietaria: Dip. Cinthia Valenzuela Langarica.<\/p>\n\n\n\n<p>Suplente: Dip. Ricardo Madrid P\u00e9rez.<\/p>\n\n\n\n<p>Vocal: Dip. Rosario Guadalupe Sarabia Soto.<\/p>\n\n\n\n<p>Suplente: Dip. Felicita Pompa Robles.<\/p>\n\n\n\n<p>Vocal: Dip. Luz Ver\u00f3nica Avil\u00e9s Roch\u00edn.<\/p>\n\n\n\n<p>Suplente: Dip. Juana Minerva V\u00e1zquez Gonz\u00e1lez.<\/p>\n\n\n\n<p>Vocal: Dip. Juan Carlos Patr\u00f3n Rosales.<\/p>\n\n\n\n<p>Suplente: Dip. Serapio Vargas Ram\u00edrez<\/p>\n\n\n\n<p>Vocal: Dip. Pedro Alonso Villegas Lobo.<\/p>\n\n\n\n<p>Suplente: Dip. Jes\u00fas Alfonso Ibarra Ramos.<\/p>\n\n\n\n<p>Vocal: Dip. Concepci\u00f3n Zazueta Castro.<\/p>\n\n\n\n<p>Suplente: Dip. Sergio Mario Arredondo Salas.<\/p>\n\n\n\n<p>Vocal: Dip. Viridiana Camacho Mill\u00e1n.<\/p>\n\n\n\n<p>Suplente: Dip. Mar\u00eda del Rosario Osuna Guti\u00e9rrez.<\/p>\n\n\n\n<p>Vocal: Dip. Alba Virgen Montes \u00c1lvarez.<\/p>\n\n\n\n<p>Suplente: Dip. Elizabeth Chia Galaviz.<\/p>\n\n\n\n<figure class=\"wp-block-gallery has-nested-images columns-default is-cropped wp-block-gallery-1 is-layout-flex wp-block-gallery-is-layout-flex\">\n<figure class=\"wp-block-image size-large\"><img decoding=\"async\" width=\"1024\" height=\"687\" data-id=\"54083\" src=\"https:\/\/fuentesfidedignas.com.mx\/wp-content\/uploads\/2023\/07\/1000101063-1024x687.jpg\" alt=\"\" class=\"wp-image-54083\" srcset=\"https:\/\/fuentesfidedignas.com.mx\/wp-content\/uploads\/2023\/07\/1000101063-1024x687.jpg 1024w, https:\/\/fuentesfidedignas.com.mx\/wp-content\/uploads\/2023\/07\/1000101063-300x201.jpg 300w, https:\/\/fuentesfidedignas.com.mx\/wp-content\/uploads\/2023\/07\/1000101063-768x515.jpg 768w, https:\/\/fuentesfidedignas.com.mx\/wp-content\/uploads\/2023\/07\/1000101063-1536x1030.jpg 1536w, https:\/\/fuentesfidedignas.com.mx\/wp-content\/uploads\/2023\/07\/1000101063.jpg 1600w\" sizes=\"(max-width: 1024px) 100vw, 1024px\" \/><\/figure>\n\n\n\n<figure class=\"wp-block-image size-large\"><img decoding=\"async\" width=\"1024\" height=\"682\" data-id=\"54084\" src=\"https:\/\/fuentesfidedignas.com.mx\/wp-content\/uploads\/2023\/07\/1000101068-1024x682.jpg\" alt=\"\" class=\"wp-image-54084\" srcset=\"https:\/\/fuentesfidedignas.com.mx\/wp-content\/uploads\/2023\/07\/1000101068-1024x682.jpg 1024w, https:\/\/fuentesfidedignas.com.mx\/wp-content\/uploads\/2023\/07\/1000101068-300x200.jpg 300w, https:\/\/fuentesfidedignas.com.mx\/wp-content\/uploads\/2023\/07\/1000101068-768x512.jpg 768w, https:\/\/fuentesfidedignas.com.mx\/wp-content\/uploads\/2023\/07\/1000101068-1536x1023.jpg 1536w, https:\/\/fuentesfidedignas.com.mx\/wp-content\/uploads\/2023\/07\/1000101068.jpg 1600w\" sizes=\"(max-width: 1024px) 100vw, 1024px\" \/><\/figure>\n\n\n\n<figure class=\"wp-block-image\"><img decoding=\"async\" src=\"blob:https:\/\/fuentesfidedignas.com.mx\/cb431c2e-8d59-49d2-987b-42d11bc2a1e6\" alt=\"\"\/><\/figure>\n\n\n\n<figure class=\"wp-block-image\"><img decoding=\"async\" src=\"blob:https:\/\/fuentesfidedignas.com.mx\/ccdc9def-20c1-4b2f-925f-2d759476bc90\" alt=\"\"\/><\/figure>\n<\/figure>\n","protected":false},"excerpt":{"rendered":"<p>Culiac\u00e1n, Sin. El Congreso del Estado de Sinaloa, en Sesi\u00f3n Solemne n\u00famero 173, clausur\u00f3 este lunes el Segundo Per\u00edodo Ordinario de Sesiones, correspondiente al Segundo A\u00f1o de Ejercicio Constitucional, de la Sexag\u00e9sima Cuarta Legislatura e instal\u00f3 oficialmente la Diputaci\u00f3n Permanente correspondiente al Segundo Receso del Segundo A\u00f1o de Ejercicio Constitucional comprendido de agosto a septiembre [&hellip;]<\/p>\n","protected":false},"author":4,"featured_media":54088,"comment_status":"open","ping_status":"open","sticky":false,"template":"","format":"standard","meta":{"tdm_status":"","tdm_grid_status":"","footnotes":""},"categories":[38,1],"tags":[],"class_list":{"0":"post-54081","1":"post","2":"type-post","3":"status-publish","4":"format-standard","5":"has-post-thumbnail","7":"category-noticias-locales","8":"category-sin-categoria"},"yoast_head":"<!-- This site is optimized with the Yoast SEO plugin v27.5 - https:\/\/yoast.com\/product\/yoast-seo-wordpress\/ -->\n<title>Culmina Per\u00edodo de Sesiones; instalan Diputaci\u00f3n Permanente presidida por Manuel Luque - Fuentes Fidedignas<\/title>\n<meta name=\"robots\" content=\"index, follow, max-snippet:-1, max-image-preview:large, max-video-preview:-1\" \/>\n<link rel=\"canonical\" href=\"https:\/\/fuentesfidedignas.com.mx\/index.php\/2023\/07\/31\/culmina-periodo-de-sesiones-instalan-diputacion-permanente-presidida-por-manuel-luque\/\" \/>\n<meta property=\"og:locale\" content=\"es_MX\" \/>\n<meta property=\"og:type\" content=\"article\" \/>\n<meta property=\"og:title\" content=\"Culmina Per\u00edodo de Sesiones; instalan Diputaci\u00f3n Permanente presidida por Manuel Luque - Fuentes Fidedignas\" \/>\n<meta property=\"og:description\" content=\"Culiac\u00e1n, Sin. El Congreso del Estado de Sinaloa, en Sesi\u00f3n Solemne n\u00famero 173, clausur\u00f3 este lunes el Segundo Per\u00edodo Ordinario de Sesiones, correspondiente al Segundo A\u00f1o de Ejercicio Constitucional, de la Sexag\u00e9sima Cuarta Legislatura e instal\u00f3 oficialmente la Diputaci\u00f3n Permanente correspondiente al Segundo Receso del Segundo A\u00f1o de Ejercicio Constitucional comprendido de agosto a septiembre [&hellip;]\" \/>\n<meta property=\"og:url\" content=\"https:\/\/fuentesfidedignas.com.mx\/index.php\/2023\/07\/31\/culmina-periodo-de-sesiones-instalan-diputacion-permanente-presidida-por-manuel-luque\/\" \/>\n<meta property=\"og:site_name\" content=\"Fuentes Fidedignas\" \/>\n<meta property=\"article:publisher\" content=\"https:\/\/www.facebook.com\/Fuentes-Fidedignas-368234489921644\" \/>\n<meta property=\"article:published_time\" content=\"2023-08-01T03:41:54+00:00\" \/>\n<meta property=\"article:modified_time\" content=\"2023-08-01T03:43:16+00:00\" \/>\n<meta property=\"og:image\" content=\"https:\/\/fuentesfidedignas.com.mx\/wp-content\/uploads\/2023\/07\/IMG-20230731-WA0047.jpg\" \/>\n\t<meta property=\"og:image:width\" content=\"1600\" \/>\n\t<meta property=\"og:image:height\" content=\"1066\" \/>\n\t<meta property=\"og:image:type\" content=\"image\/jpeg\" \/>\n<meta name=\"author\" content=\"Redacci\u00f3n\" \/>\n<meta name=\"twitter:card\" content=\"summary_large_image\" \/>\n<meta name=\"twitter:creator\" content=\"@fidedignas\" \/>\n<meta name=\"twitter:site\" content=\"@fidedignas\" \/>\n<meta name=\"twitter:label1\" content=\"Escrito por\" \/>\n\t<meta name=\"twitter:data1\" content=\"Redacci\u00f3n\" \/>\n\t<meta name=\"twitter:label2\" content=\"Tiempo de lectura\" \/>\n\t<meta name=\"twitter:data2\" content=\"3 minutos\" \/>\n<script type=\"application\/ld+json\" class=\"yoast-schema-graph\">{\"@context\":\"https:\\\/\\\/schema.org\",\"@graph\":[{\"@type\":\"Article\",\"@id\":\"https:\\\/\\\/fuentesfidedignas.com.mx\\\/index.php\\\/2023\\\/07\\\/31\\\/culmina-periodo-de-sesiones-instalan-diputacion-permanente-presidida-por-manuel-luque\\\/#article\",\"isPartOf\":{\"@id\":\"https:\\\/\\\/fuentesfidedignas.com.mx\\\/index.php\\\/2023\\\/07\\\/31\\\/culmina-periodo-de-sesiones-instalan-diputacion-permanente-presidida-por-manuel-luque\\\/\"},\"author\":{\"name\":\"Redacci\u00f3n\",\"@id\":\"https:\\\/\\\/fuentesfidedignas.com.mx\\\/#\\\/schema\\\/person\\\/331be9283d37198e2acd5750279085b0\"},\"headline\":\"Culmina Per\u00edodo de Sesiones; instalan Diputaci\u00f3n Permanente presidida por Manuel Luque\",\"datePublished\":\"2023-08-01T03:41:54+00:00\",\"dateModified\":\"2023-08-01T03:43:16+00:00\",\"mainEntityOfPage\":{\"@id\":\"https:\\\/\\\/fuentesfidedignas.com.mx\\\/index.php\\\/2023\\\/07\\\/31\\\/culmina-periodo-de-sesiones-instalan-diputacion-permanente-presidida-por-manuel-luque\\\/\"},\"wordCount\":303,\"commentCount\":0,\"publisher\":{\"@id\":\"https:\\\/\\\/fuentesfidedignas.com.mx\\\/#organization\"},\"image\":{\"@id\":\"https:\\\/\\\/fuentesfidedignas.com.mx\\\/index.php\\\/2023\\\/07\\\/31\\\/culmina-periodo-de-sesiones-instalan-diputacion-permanente-presidida-por-manuel-luque\\\/#primaryimage\"},\"thumbnailUrl\":\"https:\\\/\\\/fuentesfidedignas.com.mx\\\/wp-content\\\/uploads\\\/2023\\\/07\\\/IMG-20230731-WA0047.jpg\",\"articleSection\":[\"NOTICIAS LOCALES\"],\"inLanguage\":\"es\",\"potentialAction\":[{\"@type\":\"CommentAction\",\"name\":\"Comment\",\"target\":[\"https:\\\/\\\/fuentesfidedignas.com.mx\\\/index.php\\\/2023\\\/07\\\/31\\\/culmina-periodo-de-sesiones-instalan-diputacion-permanente-presidida-por-manuel-luque\\\/#respond\"]}]},{\"@type\":\"WebPage\",\"@id\":\"https:\\\/\\\/fuentesfidedignas.com.mx\\\/index.php\\\/2023\\\/07\\\/31\\\/culmina-periodo-de-sesiones-instalan-diputacion-permanente-presidida-por-manuel-luque\\\/\",\"url\":\"https:\\\/\\\/fuentesfidedignas.com.mx\\\/index.php\\\/2023\\\/07\\\/31\\\/culmina-periodo-de-sesiones-instalan-diputacion-permanente-presidida-por-manuel-luque\\\/\",\"name\":\"Culmina Per\u00edodo de Sesiones; instalan Diputaci\u00f3n Permanente presidida por Manuel Luque - Fuentes Fidedignas\",\"isPartOf\":{\"@id\":\"https:\\\/\\\/fuentesfidedignas.com.mx\\\/#website\"},\"primaryImageOfPage\":{\"@id\":\"https:\\\/\\\/fuentesfidedignas.com.mx\\\/index.php\\\/2023\\\/07\\\/31\\\/culmina-periodo-de-sesiones-instalan-diputacion-permanente-presidida-por-manuel-luque\\\/#primaryimage\"},\"image\":{\"@id\":\"https:\\\/\\\/fuentesfidedignas.com.mx\\\/index.php\\\/2023\\\/07\\\/31\\\/culmina-periodo-de-sesiones-instalan-diputacion-permanente-presidida-por-manuel-luque\\\/#primaryimage\"},\"thumbnailUrl\":\"https:\\\/\\\/fuentesfidedignas.com.mx\\\/wp-content\\\/uploads\\\/2023\\\/07\\\/IMG-20230731-WA0047.jpg\",\"datePublished\":\"2023-08-01T03:41:54+00:00\",\"dateModified\":\"2023-08-01T03:43:16+00:00\",\"breadcrumb\":{\"@id\":\"https:\\\/\\\/fuentesfidedignas.com.mx\\\/index.php\\\/2023\\\/07\\\/31\\\/culmina-periodo-de-sesiones-instalan-diputacion-permanente-presidida-por-manuel-luque\\\/#breadcrumb\"},\"inLanguage\":\"es\",\"potentialAction\":[{\"@type\":\"ReadAction\",\"target\":[\"https:\\\/\\\/fuentesfidedignas.com.mx\\\/index.php\\\/2023\\\/07\\\/31\\\/culmina-periodo-de-sesiones-instalan-diputacion-permanente-presidida-por-manuel-luque\\\/\"]}]},{\"@type\":\"ImageObject\",\"inLanguage\":\"es\",\"@id\":\"https:\\\/\\\/fuentesfidedignas.com.mx\\\/index.php\\\/2023\\\/07\\\/31\\\/culmina-periodo-de-sesiones-instalan-diputacion-permanente-presidida-por-manuel-luque\\\/#primaryimage\",\"url\":\"https:\\\/\\\/fuentesfidedignas.com.mx\\\/wp-content\\\/uploads\\\/2023\\\/07\\\/IMG-20230731-WA0047.jpg\",\"contentUrl\":\"https:\\\/\\\/fuentesfidedignas.com.mx\\\/wp-content\\\/uploads\\\/2023\\\/07\\\/IMG-20230731-WA0047.jpg\",\"width\":1600,\"height\":1066},{\"@type\":\"BreadcrumbList\",\"@id\":\"https:\\\/\\\/fuentesfidedignas.com.mx\\\/index.php\\\/2023\\\/07\\\/31\\\/culmina-periodo-de-sesiones-instalan-diputacion-permanente-presidida-por-manuel-luque\\\/#breadcrumb\",\"itemListElement\":[{\"@type\":\"ListItem\",\"position\":1,\"name\":\"Inicio\",\"item\":\"https:\\\/\\\/fuentesfidedignas.com.mx\\\/\"},{\"@type\":\"ListItem\",\"position\":2,\"name\":\"Culmina Per\u00edodo de Sesiones; instalan Diputaci\u00f3n Permanente presidida por Manuel Luque\"}]},{\"@type\":\"WebSite\",\"@id\":\"https:\\\/\\\/fuentesfidedignas.com.mx\\\/#website\",\"url\":\"https:\\\/\\\/fuentesfidedignas.com.mx\\\/\",\"name\":\"Fuentes Fidedignas\",\"description\":\"Otro sitio realizado con WordPress\",\"publisher\":{\"@id\":\"https:\\\/\\\/fuentesfidedignas.com.mx\\\/#organization\"},\"potentialAction\":[{\"@type\":\"SearchAction\",\"target\":{\"@type\":\"EntryPoint\",\"urlTemplate\":\"https:\\\/\\\/fuentesfidedignas.com.mx\\\/?s={search_term_string}\"},\"query-input\":{\"@type\":\"PropertyValueSpecification\",\"valueRequired\":true,\"valueName\":\"search_term_string\"}}],\"inLanguage\":\"es\"},{\"@type\":\"Organization\",\"@id\":\"https:\\\/\\\/fuentesfidedignas.com.mx\\\/#organization\",\"name\":\"Fuentes Fidedignas\",\"url\":\"https:\\\/\\\/fuentesfidedignas.com.mx\\\/\",\"logo\":{\"@type\":\"ImageObject\",\"inLanguage\":\"es\",\"@id\":\"https:\\\/\\\/fuentesfidedignas.com.mx\\\/#\\\/schema\\\/logo\\\/image\\\/\",\"url\":\"https:\\\/\\\/fuentesfidedignas.com.mx\\\/wp-content\\\/uploads\\\/2021\\\/04\\\/logo-retina.png\",\"contentUrl\":\"https:\\\/\\\/fuentesfidedignas.com.mx\\\/wp-content\\\/uploads\\\/2021\\\/04\\\/logo-retina.png\",\"width\":280,\"height\":51,\"caption\":\"Fuentes Fidedignas\"},\"image\":{\"@id\":\"https:\\\/\\\/fuentesfidedignas.com.mx\\\/#\\\/schema\\\/logo\\\/image\\\/\"},\"sameAs\":[\"https:\\\/\\\/www.facebook.com\\\/Fuentes-Fidedignas-368234489921644\",\"https:\\\/\\\/x.com\\\/fidedignas\"]},{\"@type\":\"Person\",\"@id\":\"https:\\\/\\\/fuentesfidedignas.com.mx\\\/#\\\/schema\\\/person\\\/331be9283d37198e2acd5750279085b0\",\"name\":\"Redacci\u00f3n\",\"image\":{\"@type\":\"ImageObject\",\"inLanguage\":\"es\",\"@id\":\"https:\\\/\\\/secure.gravatar.com\\\/avatar\\\/f6d8782c11d12b2d4ad3fbb6931aeab5309937a4d6cd2fc9cfaa28a6396a5aec?s=96&d=mm&r=g\",\"url\":\"https:\\\/\\\/secure.gravatar.com\\\/avatar\\\/f6d8782c11d12b2d4ad3fbb6931aeab5309937a4d6cd2fc9cfaa28a6396a5aec?s=96&d=mm&r=g\",\"contentUrl\":\"https:\\\/\\\/secure.gravatar.com\\\/avatar\\\/f6d8782c11d12b2d4ad3fbb6931aeab5309937a4d6cd2fc9cfaa28a6396a5aec?s=96&d=mm&r=g\",\"caption\":\"Redacci\u00f3n\"},\"url\":\"https:\\\/\\\/fuentesfidedignas.com.mx\\\/index.php\\\/author\\\/redaccion\\\/\"}]}<\/script>\n<!-- \/ Yoast SEO plugin. -->","yoast_head_json":{"title":"Culmina Per\u00edodo de Sesiones; instalan Diputaci\u00f3n Permanente presidida por Manuel Luque - Fuentes Fidedignas","robots":{"index":"index","follow":"follow","max-snippet":"max-snippet:-1","max-image-preview":"max-image-preview:large","max-video-preview":"max-video-preview:-1"},"canonical":"https:\/\/fuentesfidedignas.com.mx\/index.php\/2023\/07\/31\/culmina-periodo-de-sesiones-instalan-diputacion-permanente-presidida-por-manuel-luque\/","og_locale":"es_MX","og_type":"article","og_title":"Culmina Per\u00edodo de Sesiones; instalan Diputaci\u00f3n Permanente presidida por Manuel Luque - Fuentes Fidedignas","og_description":"Culiac\u00e1n, Sin. El Congreso del Estado de Sinaloa, en Sesi\u00f3n Solemne n\u00famero 173, clausur\u00f3 este lunes el Segundo Per\u00edodo Ordinario de Sesiones, correspondiente al Segundo A\u00f1o de Ejercicio Constitucional, de la Sexag\u00e9sima Cuarta Legislatura e instal\u00f3 oficialmente la Diputaci\u00f3n Permanente correspondiente al Segundo Receso del Segundo A\u00f1o de Ejercicio Constitucional comprendido de agosto a septiembre [&hellip;]","og_url":"https:\/\/fuentesfidedignas.com.mx\/index.php\/2023\/07\/31\/culmina-periodo-de-sesiones-instalan-diputacion-permanente-presidida-por-manuel-luque\/","og_site_name":"Fuentes Fidedignas","article_publisher":"https:\/\/www.facebook.com\/Fuentes-Fidedignas-368234489921644","article_published_time":"2023-08-01T03:41:54+00:00","article_modified_time":"2023-08-01T03:43:16+00:00","og_image":[{"width":1600,"height":1066,"url":"https:\/\/fuentesfidedignas.com.mx\/wp-content\/uploads\/2023\/07\/IMG-20230731-WA0047.jpg","type":"image\/jpeg"}],"author":"Redacci\u00f3n","twitter_card":"summary_large_image","twitter_creator":"@fidedignas","twitter_site":"@fidedignas","twitter_misc":{"Escrito por":"Redacci\u00f3n","Tiempo de lectura":"3 minutos"},"schema":{"@context":"https:\/\/schema.org","@graph":[{"@type":"Article","@id":"https:\/\/fuentesfidedignas.com.mx\/index.php\/2023\/07\/31\/culmina-periodo-de-sesiones-instalan-diputacion-permanente-presidida-por-manuel-luque\/#article","isPartOf":{"@id":"https:\/\/fuentesfidedignas.com.mx\/index.php\/2023\/07\/31\/culmina-periodo-de-sesiones-instalan-diputacion-permanente-presidida-por-manuel-luque\/"},"author":{"name":"Redacci\u00f3n","@id":"https:\/\/fuentesfidedignas.com.mx\/#\/schema\/person\/331be9283d37198e2acd5750279085b0"},"headline":"Culmina Per\u00edodo de Sesiones; instalan Diputaci\u00f3n Permanente presidida por Manuel Luque","datePublished":"2023-08-01T03:41:54+00:00","dateModified":"2023-08-01T03:43:16+00:00","mainEntityOfPage":{"@id":"https:\/\/fuentesfidedignas.com.mx\/index.php\/2023\/07\/31\/culmina-periodo-de-sesiones-instalan-diputacion-permanente-presidida-por-manuel-luque\/"},"wordCount":303,"commentCount":0,"publisher":{"@id":"https:\/\/fuentesfidedignas.com.mx\/#organization"},"image":{"@id":"https:\/\/fuentesfidedignas.com.mx\/index.php\/2023\/07\/31\/culmina-periodo-de-sesiones-instalan-diputacion-permanente-presidida-por-manuel-luque\/#primaryimage"},"thumbnailUrl":"https:\/\/fuentesfidedignas.com.mx\/wp-content\/uploads\/2023\/07\/IMG-20230731-WA0047.jpg","articleSection":["NOTICIAS LOCALES"],"inLanguage":"es","potentialAction":[{"@type":"CommentAction","name":"Comment","target":["https:\/\/fuentesfidedignas.com.mx\/index.php\/2023\/07\/31\/culmina-periodo-de-sesiones-instalan-diputacion-permanente-presidida-por-manuel-luque\/#respond"]}]},{"@type":"WebPage","@id":"https:\/\/fuentesfidedignas.com.mx\/index.php\/2023\/07\/31\/culmina-periodo-de-sesiones-instalan-diputacion-permanente-presidida-por-manuel-luque\/","url":"https:\/\/fuentesfidedignas.com.mx\/index.php\/2023\/07\/31\/culmina-periodo-de-sesiones-instalan-diputacion-permanente-presidida-por-manuel-luque\/","name":"Culmina Per\u00edodo de Sesiones; instalan Diputaci\u00f3n Permanente presidida por Manuel Luque - Fuentes Fidedignas","isPartOf":{"@id":"https:\/\/fuentesfidedignas.com.mx\/#website"},"primaryImageOfPage":{"@id":"https:\/\/fuentesfidedignas.com.mx\/index.php\/2023\/07\/31\/culmina-periodo-de-sesiones-instalan-diputacion-permanente-presidida-por-manuel-luque\/#primaryimage"},"image":{"@id":"https:\/\/fuentesfidedignas.com.mx\/index.php\/2023\/07\/31\/culmina-periodo-de-sesiones-instalan-diputacion-permanente-presidida-por-manuel-luque\/#primaryimage"},"thumbnailUrl":"https:\/\/fuentesfidedignas.com.mx\/wp-content\/uploads\/2023\/07\/IMG-20230731-WA0047.jpg","datePublished":"2023-08-01T03:41:54+00:00","dateModified":"2023-08-01T03:43:16+00:00","breadcrumb":{"@id":"https:\/\/fuentesfidedignas.com.mx\/index.php\/2023\/07\/31\/culmina-periodo-de-sesiones-instalan-diputacion-permanente-presidida-por-manuel-luque\/#breadcrumb"},"inLanguage":"es","potentialAction":[{"@type":"ReadAction","target":["https:\/\/fuentesfidedignas.com.mx\/index.php\/2023\/07\/31\/culmina-periodo-de-sesiones-instalan-diputacion-permanente-presidida-por-manuel-luque\/"]}]},{"@type":"ImageObject","inLanguage":"es","@id":"https:\/\/fuentesfidedignas.com.mx\/index.php\/2023\/07\/31\/culmina-periodo-de-sesiones-instalan-diputacion-permanente-presidida-por-manuel-luque\/#primaryimage","url":"https:\/\/fuentesfidedignas.com.mx\/wp-content\/uploads\/2023\/07\/IMG-20230731-WA0047.jpg","contentUrl":"https:\/\/fuentesfidedignas.com.mx\/wp-content\/uploads\/2023\/07\/IMG-20230731-WA0047.jpg","width":1600,"height":1066},{"@type":"BreadcrumbList","@id":"https:\/\/fuentesfidedignas.com.mx\/index.php\/2023\/07\/31\/culmina-periodo-de-sesiones-instalan-diputacion-permanente-presidida-por-manuel-luque\/#breadcrumb","itemListElement":[{"@type":"ListItem","position":1,"name":"Inicio","item":"https:\/\/fuentesfidedignas.com.mx\/"},{"@type":"ListItem","position":2,"name":"Culmina Per\u00edodo de Sesiones; instalan Diputaci\u00f3n Permanente presidida por Manuel Luque"}]},{"@type":"WebSite","@id":"https:\/\/fuentesfidedignas.com.mx\/#website","url":"https:\/\/fuentesfidedignas.com.mx\/","name":"Fuentes Fidedignas","description":"Otro sitio realizado con WordPress","publisher":{"@id":"https:\/\/fuentesfidedignas.com.mx\/#organization"},"potentialAction":[{"@type":"SearchAction","target":{"@type":"EntryPoint","urlTemplate":"https:\/\/fuentesfidedignas.com.mx\/?s={search_term_string}"},"query-input":{"@type":"PropertyValueSpecification","valueRequired":true,"valueName":"search_term_string"}}],"inLanguage":"es"},{"@type":"Organization","@id":"https:\/\/fuentesfidedignas.com.mx\/#organization","name":"Fuentes Fidedignas","url":"https:\/\/fuentesfidedignas.com.mx\/","logo":{"@type":"ImageObject","inLanguage":"es","@id":"https:\/\/fuentesfidedignas.com.mx\/#\/schema\/logo\/image\/","url":"https:\/\/fuentesfidedignas.com.mx\/wp-content\/uploads\/2021\/04\/logo-retina.png","contentUrl":"https:\/\/fuentesfidedignas.com.mx\/wp-content\/uploads\/2021\/04\/logo-retina.png","width":280,"height":51,"caption":"Fuentes Fidedignas"},"image":{"@id":"https:\/\/fuentesfidedignas.com.mx\/#\/schema\/logo\/image\/"},"sameAs":["https:\/\/www.facebook.com\/Fuentes-Fidedignas-368234489921644","https:\/\/x.com\/fidedignas"]},{"@type":"Person","@id":"https:\/\/fuentesfidedignas.com.mx\/#\/schema\/person\/331be9283d37198e2acd5750279085b0","name":"Redacci\u00f3n","image":{"@type":"ImageObject","inLanguage":"es","@id":"https:\/\/secure.gravatar.com\/avatar\/f6d8782c11d12b2d4ad3fbb6931aeab5309937a4d6cd2fc9cfaa28a6396a5aec?s=96&d=mm&r=g","url":"https:\/\/secure.gravatar.com\/avatar\/f6d8782c11d12b2d4ad3fbb6931aeab5309937a4d6cd2fc9cfaa28a6396a5aec?s=96&d=mm&r=g","contentUrl":"https:\/\/secure.gravatar.com\/avatar\/f6d8782c11d12b2d4ad3fbb6931aeab5309937a4d6cd2fc9cfaa28a6396a5aec?s=96&d=mm&r=g","caption":"Redacci\u00f3n"},"url":"https:\/\/fuentesfidedignas.com.mx\/index.php\/author\/redaccion\/"}]}},"_links":{"self":[{"href":"https:\/\/fuentesfidedignas.com.mx\/index.php\/wp-json\/wp\/v2\/posts\/54081","targetHints":{"allow":["GET"]}}],"collection":[{"href":"https:\/\/fuentesfidedignas.com.mx\/index.php\/wp-json\/wp\/v2\/posts"}],"about":[{"href":"https:\/\/fuentesfidedignas.com.mx\/index.php\/wp-json\/wp\/v2\/types\/post"}],"author":[{"embeddable":true,"href":"https:\/\/fuentesfidedignas.com.mx\/index.php\/wp-json\/wp\/v2\/users\/4"}],"replies":[{"embeddable":true,"href":"https:\/\/fuentesfidedignas.com.mx\/index.php\/wp-json\/wp\/v2\/comments?post=54081"}],"version-history":[{"count":1,"href":"https:\/\/fuentesfidedignas.com.mx\/index.php\/wp-json\/wp\/v2\/posts\/54081\/revisions"}],"predecessor-version":[{"id":54087,"href":"https:\/\/fuentesfidedignas.com.mx\/index.php\/wp-json\/wp\/v2\/posts\/54081\/revisions\/54087"}],"wp:featuredmedia":[{"embeddable":true,"href":"https:\/\/fuentesfidedignas.com.mx\/index.php\/wp-json\/wp\/v2\/media\/54088"}],"wp:attachment":[{"href":"https:\/\/fuentesfidedignas.com.mx\/index.php\/wp-json\/wp\/v2\/media?parent=54081"}],"wp:term":[{"taxonomy":"category","embeddable":true,"href":"https:\/\/fuentesfidedignas.com.mx\/index.php\/wp-json\/wp\/v2\/categories?post=54081"},{"taxonomy":"post_tag","embeddable":true,"href":"https:\/\/fuentesfidedignas.com.mx\/index.php\/wp-json\/wp\/v2\/tags?post=54081"}],"curies":[{"name":"wp","href":"https:\/\/api.w.org\/{rel}","templated":true}]}}