{"id":54017,"date":"2023-07-31T09:37:54","date_gmt":"2023-07-31T16:37:54","guid":{"rendered":"https:\/\/fuentesfidedignas.com.mx\/?p=54017"},"modified":"2023-07-31T09:37:56","modified_gmt":"2023-07-31T16:37:56","slug":"amlo-pedira-ayuda-al-presidente-de-alemania-para-localizar-a-mexicana-desaparecida-en-berlin","status":"publish","type":"post","link":"https:\/\/fuentesfidedignas.com.mx\/index.php\/2023\/07\/31\/amlo-pedira-ayuda-al-presidente-de-alemania-para-localizar-a-mexicana-desaparecida-en-berlin\/","title":{"rendered":"AMLO pedir\u00e1 ayuda al presidente de Alemania para localizar a mexicana desaparecida en Berl\u00edn"},"content":{"rendered":"\n<p><\/p>\n\n\n\n<p>Ciudad de M\u00e9xico.- El presidente de M\u00e9xico,\u00a0<strong>Andr\u00e9s Manuel L\u00f3pez Obrador,<\/strong>\u00a0inform\u00f3 este lunes que pedir\u00e1 al presidente de Alemania,\u00a0<strong>Frank-Walter Steinmeier<\/strong>, ayuda para agilizar las investigaciones sobre el\u00a0<strong>paradero<\/strong>\u00a0de\u00a0<strong>Mar\u00eda<\/strong>\u00a0<strong>Fernanda<\/strong>\u00a0<strong>S\u00e1nchez<\/strong>, estudiante mexicana desaparecida desde el 22 de julio en Berl\u00edn.<\/p>\n\n\n\n<p>\u201cYa lo est\u00e1\u00a0atendiendo la secretaria a\u00a0<strong>Alicia\u00a0B\u00e1rcena<\/strong>\u00a0y vamos a pedir que informe, (\u2026) y que a trav\u00e9s de ella se vea si le podemos pedir al presidente de\u00a0<strong>Alemania<\/strong>\u00a0que nos ayude\u201d, dijo L\u00f3pez Obrador.<\/p>\n\n\n\n<p>El mandatario asegur\u00f3 que existe una buena relaci\u00f3n entre&nbsp;<strong>autoridades<\/strong>&nbsp;del pa\u00eds y&nbsp;<strong>Alemania<\/strong>, por lo que pedirle directamente al presidente ser\u00eda una \u201cv\u00eda m\u00e1s r\u00e1pida\u201d para conseguir ayuda con las investigaciones para dar con el paradero de la&nbsp;<strong>joven<\/strong>.<\/p>\n\n\n\n<p>El pasado 26 de julio, el embajador de M\u00e9xico en&nbsp;<strong>Alemania<\/strong>, Francisco Quiroga, se reuni\u00f3 con los padres de&nbsp;<strong>Mar\u00eda Fernanda<\/strong>, la&nbsp;<strong>estudiante<\/strong>&nbsp;mexicana que desapareci\u00f3 el pasado 22 de julio en el distrito berlin\u00e9s de T<strong>reptow-K\u00f6penick.<\/strong><\/p>\n\n\n\n<p>Los&nbsp;<strong>familiares<\/strong>&nbsp;de la joven tambi\u00e9n estuvieron en comunicaci\u00f3n con el equipo de la embajada e integrantes de la comunidad mexicana en&nbsp;<strong>Berl\u00edn<\/strong>&nbsp;para \u201crevisar las acciones realizadas hasta el momento para localizar a&nbsp;<strong>Mar\u00eda Fernanda&nbsp;<\/strong>y definir el curso de acci\u00f3n de los pr\u00f3ximos d\u00edas\u201d.<\/p>\n\n\n\n<p>En un comunicado emitido por la&nbsp;<strong>Secretar\u00eda de Relaciones Exteriores<\/strong>&nbsp;(SRE), las autoridades mexicanas en&nbsp;<strong>Alemania<\/strong>&nbsp;detallaron que la secci\u00f3n consular tambi\u00e9n se puso en contacto con la universidad, polic\u00eda, aeropuertos y hospitales de la regi\u00f3n.<\/p>\n\n\n\n<p>La embajada mexicana en\u00a0<strong>Alemania<\/strong>\u00a0dijo que como resultado de estas acciones se emiti\u00f3 la ficha de b\u00fasqueda de\u00a0<strong>Mar\u00eda Fernanda,<\/strong>\u00a0de 24 a\u00f1os, cuyo paradero se desconoce hasta la fecha<a href=\"http:\/\/lopezobrador_\/\">.<\/a><\/p>\n\n\n\n<p>La\u00a0<strong>polic\u00eda alemana<\/strong>\u00a0pidi\u00f3 la colaboraci\u00f3n de la ciudadan\u00eda para la localizaci\u00f3n de la estudiante de 24 a\u00f1os.<\/p>\n\n\n\n<p><\/p>\n","protected":false},"excerpt":{"rendered":"<p>Ciudad de M\u00e9xico.- El presidente de M\u00e9xico,\u00a0Andr\u00e9s Manuel L\u00f3pez Obrador,\u00a0inform\u00f3 este lunes que pedir\u00e1 al presidente de Alemania,\u00a0Frank-Walter Steinmeier, ayuda para agilizar las investigaciones sobre el\u00a0paradero\u00a0de\u00a0Mar\u00eda\u00a0Fernanda\u00a0S\u00e1nchez, estudiante mexicana desaparecida desde el 22 de julio en Berl\u00edn. \u201cYa lo est\u00e1\u00a0atendiendo la secretaria a\u00a0Alicia\u00a0B\u00e1rcena\u00a0y vamos a pedir que informe, (\u2026) y que a trav\u00e9s de ella se [&hellip;]<\/p>\n","protected":false},"author":85,"featured_media":54018,"comment_status":"open","ping_status":"open","sticky":false,"template":"","format":"standard","meta":{"tdm_status":"","tdm_grid_status":"","footnotes":""},"categories":[39],"tags":[],"class_list":{"0":"post-54017","1":"post","2":"type-post","3":"status-publish","4":"format-standard","5":"has-post-thumbnail","7":"category-noticias-nacionales"},"yoast_head":"<!-- This site is optimized with the Yoast SEO plugin v27.5 - https:\/\/yoast.com\/product\/yoast-seo-wordpress\/ -->\n<title>AMLO pedir\u00e1 ayuda al presidente de Alemania para localizar a mexicana desaparecida en Berl\u00edn - Fuentes Fidedignas<\/title>\n<meta name=\"robots\" content=\"index, follow, max-snippet:-1, max-image-preview:large, max-video-preview:-1\" \/>\n<link rel=\"canonical\" href=\"https:\/\/fuentesfidedignas.com.mx\/index.php\/2023\/07\/31\/amlo-pedira-ayuda-al-presidente-de-alemania-para-localizar-a-mexicana-desaparecida-en-berlin\/\" \/>\n<meta property=\"og:locale\" content=\"es_MX\" \/>\n<meta property=\"og:type\" content=\"article\" \/>\n<meta property=\"og:title\" content=\"AMLO pedir\u00e1 ayuda al presidente de Alemania para localizar a mexicana desaparecida en Berl\u00edn - Fuentes Fidedignas\" \/>\n<meta property=\"og:description\" content=\"Ciudad de M\u00e9xico.- El presidente de M\u00e9xico,\u00a0Andr\u00e9s Manuel L\u00f3pez Obrador,\u00a0inform\u00f3 este lunes que pedir\u00e1 al presidente de Alemania,\u00a0Frank-Walter Steinmeier, ayuda para agilizar las investigaciones sobre el\u00a0paradero\u00a0de\u00a0Mar\u00eda\u00a0Fernanda\u00a0S\u00e1nchez, estudiante mexicana desaparecida desde el 22 de julio en Berl\u00edn. \u201cYa lo est\u00e1\u00a0atendiendo la secretaria a\u00a0Alicia\u00a0B\u00e1rcena\u00a0y vamos a pedir que informe, (\u2026) y que a trav\u00e9s de ella se [&hellip;]\" \/>\n<meta property=\"og:url\" content=\"https:\/\/fuentesfidedignas.com.mx\/index.php\/2023\/07\/31\/amlo-pedira-ayuda-al-presidente-de-alemania-para-localizar-a-mexicana-desaparecida-en-berlin\/\" \/>\n<meta property=\"og:site_name\" content=\"Fuentes Fidedignas\" \/>\n<meta property=\"article:publisher\" content=\"https:\/\/www.facebook.com\/Fuentes-Fidedignas-368234489921644\" \/>\n<meta property=\"article:published_time\" content=\"2023-07-31T16:37:54+00:00\" \/>\n<meta property=\"article:modified_time\" content=\"2023-07-31T16:37:56+00:00\" \/>\n<meta property=\"og:image\" content=\"https:\/\/fuentesfidedignas.com.mx\/wp-content\/uploads\/2023\/07\/alemania.jpg\" \/>\n\t<meta property=\"og:image:width\" content=\"730\" \/>\n\t<meta property=\"og:image:height\" content=\"494\" \/>\n\t<meta property=\"og:image:type\" content=\"image\/jpeg\" \/>\n<meta name=\"author\" content=\"Latinus\" \/>\n<meta name=\"twitter:card\" content=\"summary_large_image\" \/>\n<meta name=\"twitter:creator\" content=\"@fidedignas\" \/>\n<meta name=\"twitter:site\" content=\"@fidedignas\" \/>\n<meta name=\"twitter:label1\" content=\"Escrito por\" \/>\n\t<meta name=\"twitter:data1\" content=\"Latinus\" \/>\n\t<meta name=\"twitter:label2\" content=\"Tiempo de lectura\" \/>\n\t<meta name=\"twitter:data2\" content=\"2 minutos\" \/>\n<script type=\"application\/ld+json\" class=\"yoast-schema-graph\">{\"@context\":\"https:\\\/\\\/schema.org\",\"@graph\":[{\"@type\":\"Article\",\"@id\":\"https:\\\/\\\/fuentesfidedignas.com.mx\\\/index.php\\\/2023\\\/07\\\/31\\\/amlo-pedira-ayuda-al-presidente-de-alemania-para-localizar-a-mexicana-desaparecida-en-berlin\\\/#article\",\"isPartOf\":{\"@id\":\"https:\\\/\\\/fuentesfidedignas.com.mx\\\/index.php\\\/2023\\\/07\\\/31\\\/amlo-pedira-ayuda-al-presidente-de-alemania-para-localizar-a-mexicana-desaparecida-en-berlin\\\/\"},\"author\":{\"name\":\"Latinus\",\"@id\":\"https:\\\/\\\/fuentesfidedignas.com.mx\\\/#\\\/schema\\\/person\\\/2bf81f85e8b5d89dbb825a184aa39dde\"},\"headline\":\"AMLO pedir\u00e1 ayuda al presidente de Alemania para localizar a mexicana desaparecida en Berl\u00edn\",\"datePublished\":\"2023-07-31T16:37:54+00:00\",\"dateModified\":\"2023-07-31T16:37:56+00:00\",\"mainEntityOfPage\":{\"@id\":\"https:\\\/\\\/fuentesfidedignas.com.mx\\\/index.php\\\/2023\\\/07\\\/31\\\/amlo-pedira-ayuda-al-presidente-de-alemania-para-localizar-a-mexicana-desaparecida-en-berlin\\\/\"},\"wordCount\":358,\"commentCount\":0,\"publisher\":{\"@id\":\"https:\\\/\\\/fuentesfidedignas.com.mx\\\/#organization\"},\"image\":{\"@id\":\"https:\\\/\\\/fuentesfidedignas.com.mx\\\/index.php\\\/2023\\\/07\\\/31\\\/amlo-pedira-ayuda-al-presidente-de-alemania-para-localizar-a-mexicana-desaparecida-en-berlin\\\/#primaryimage\"},\"thumbnailUrl\":\"https:\\\/\\\/fuentesfidedignas.com.mx\\\/wp-content\\\/uploads\\\/2023\\\/07\\\/alemania.jpg\",\"articleSection\":[\"NOTICIAS NACIONALES\"],\"inLanguage\":\"es\",\"potentialAction\":[{\"@type\":\"CommentAction\",\"name\":\"Comment\",\"target\":[\"https:\\\/\\\/fuentesfidedignas.com.mx\\\/index.php\\\/2023\\\/07\\\/31\\\/amlo-pedira-ayuda-al-presidente-de-alemania-para-localizar-a-mexicana-desaparecida-en-berlin\\\/#respond\"]}]},{\"@type\":\"WebPage\",\"@id\":\"https:\\\/\\\/fuentesfidedignas.com.mx\\\/index.php\\\/2023\\\/07\\\/31\\\/amlo-pedira-ayuda-al-presidente-de-alemania-para-localizar-a-mexicana-desaparecida-en-berlin\\\/\",\"url\":\"https:\\\/\\\/fuentesfidedignas.com.mx\\\/index.php\\\/2023\\\/07\\\/31\\\/amlo-pedira-ayuda-al-presidente-de-alemania-para-localizar-a-mexicana-desaparecida-en-berlin\\\/\",\"name\":\"AMLO pedir\u00e1 ayuda al presidente de Alemania para localizar a mexicana desaparecida en Berl\u00edn - Fuentes Fidedignas\",\"isPartOf\":{\"@id\":\"https:\\\/\\\/fuentesfidedignas.com.mx\\\/#website\"},\"primaryImageOfPage\":{\"@id\":\"https:\\\/\\\/fuentesfidedignas.com.mx\\\/index.php\\\/2023\\\/07\\\/31\\\/amlo-pedira-ayuda-al-presidente-de-alemania-para-localizar-a-mexicana-desaparecida-en-berlin\\\/#primaryimage\"},\"image\":{\"@id\":\"https:\\\/\\\/fuentesfidedignas.com.mx\\\/index.php\\\/2023\\\/07\\\/31\\\/amlo-pedira-ayuda-al-presidente-de-alemania-para-localizar-a-mexicana-desaparecida-en-berlin\\\/#primaryimage\"},\"thumbnailUrl\":\"https:\\\/\\\/fuentesfidedignas.com.mx\\\/wp-content\\\/uploads\\\/2023\\\/07\\\/alemania.jpg\",\"datePublished\":\"2023-07-31T16:37:54+00:00\",\"dateModified\":\"2023-07-31T16:37:56+00:00\",\"breadcrumb\":{\"@id\":\"https:\\\/\\\/fuentesfidedignas.com.mx\\\/index.php\\\/2023\\\/07\\\/31\\\/amlo-pedira-ayuda-al-presidente-de-alemania-para-localizar-a-mexicana-desaparecida-en-berlin\\\/#breadcrumb\"},\"inLanguage\":\"es\",\"potentialAction\":[{\"@type\":\"ReadAction\",\"target\":[\"https:\\\/\\\/fuentesfidedignas.com.mx\\\/index.php\\\/2023\\\/07\\\/31\\\/amlo-pedira-ayuda-al-presidente-de-alemania-para-localizar-a-mexicana-desaparecida-en-berlin\\\/\"]}]},{\"@type\":\"ImageObject\",\"inLanguage\":\"es\",\"@id\":\"https:\\\/\\\/fuentesfidedignas.com.mx\\\/index.php\\\/2023\\\/07\\\/31\\\/amlo-pedira-ayuda-al-presidente-de-alemania-para-localizar-a-mexicana-desaparecida-en-berlin\\\/#primaryimage\",\"url\":\"https:\\\/\\\/fuentesfidedignas.com.mx\\\/wp-content\\\/uploads\\\/2023\\\/07\\\/alemania.jpg\",\"contentUrl\":\"https:\\\/\\\/fuentesfidedignas.com.mx\\\/wp-content\\\/uploads\\\/2023\\\/07\\\/alemania.jpg\",\"width\":730,\"height\":494},{\"@type\":\"BreadcrumbList\",\"@id\":\"https:\\\/\\\/fuentesfidedignas.com.mx\\\/index.php\\\/2023\\\/07\\\/31\\\/amlo-pedira-ayuda-al-presidente-de-alemania-para-localizar-a-mexicana-desaparecida-en-berlin\\\/#breadcrumb\",\"itemListElement\":[{\"@type\":\"ListItem\",\"position\":1,\"name\":\"Inicio\",\"item\":\"https:\\\/\\\/fuentesfidedignas.com.mx\\\/\"},{\"@type\":\"ListItem\",\"position\":2,\"name\":\"AMLO pedir\u00e1 ayuda al presidente de Alemania para localizar a mexicana desaparecida en Berl\u00edn\"}]},{\"@type\":\"WebSite\",\"@id\":\"https:\\\/\\\/fuentesfidedignas.com.mx\\\/#website\",\"url\":\"https:\\\/\\\/fuentesfidedignas.com.mx\\\/\",\"name\":\"Fuentes Fidedignas\",\"description\":\"Otro sitio realizado con WordPress\",\"publisher\":{\"@id\":\"https:\\\/\\\/fuentesfidedignas.com.mx\\\/#organization\"},\"potentialAction\":[{\"@type\":\"SearchAction\",\"target\":{\"@type\":\"EntryPoint\",\"urlTemplate\":\"https:\\\/\\\/fuentesfidedignas.com.mx\\\/?s={search_term_string}\"},\"query-input\":{\"@type\":\"PropertyValueSpecification\",\"valueRequired\":true,\"valueName\":\"search_term_string\"}}],\"inLanguage\":\"es\"},{\"@type\":\"Organization\",\"@id\":\"https:\\\/\\\/fuentesfidedignas.com.mx\\\/#organization\",\"name\":\"Fuentes Fidedignas\",\"url\":\"https:\\\/\\\/fuentesfidedignas.com.mx\\\/\",\"logo\":{\"@type\":\"ImageObject\",\"inLanguage\":\"es\",\"@id\":\"https:\\\/\\\/fuentesfidedignas.com.mx\\\/#\\\/schema\\\/logo\\\/image\\\/\",\"url\":\"https:\\\/\\\/fuentesfidedignas.com.mx\\\/wp-content\\\/uploads\\\/2021\\\/04\\\/logo-retina.png\",\"contentUrl\":\"https:\\\/\\\/fuentesfidedignas.com.mx\\\/wp-content\\\/uploads\\\/2021\\\/04\\\/logo-retina.png\",\"width\":280,\"height\":51,\"caption\":\"Fuentes Fidedignas\"},\"image\":{\"@id\":\"https:\\\/\\\/fuentesfidedignas.com.mx\\\/#\\\/schema\\\/logo\\\/image\\\/\"},\"sameAs\":[\"https:\\\/\\\/www.facebook.com\\\/Fuentes-Fidedignas-368234489921644\",\"https:\\\/\\\/x.com\\\/fidedignas\"]},{\"@type\":\"Person\",\"@id\":\"https:\\\/\\\/fuentesfidedignas.com.mx\\\/#\\\/schema\\\/person\\\/2bf81f85e8b5d89dbb825a184aa39dde\",\"name\":\"Latinus\",\"image\":{\"@type\":\"ImageObject\",\"inLanguage\":\"es\",\"@id\":\"https:\\\/\\\/secure.gravatar.com\\\/avatar\\\/333f6d932ce645348bb256f0b554d58398c56212134ea658df4ac492d6eba412?s=96&d=mm&r=g\",\"url\":\"https:\\\/\\\/secure.gravatar.com\\\/avatar\\\/333f6d932ce645348bb256f0b554d58398c56212134ea658df4ac492d6eba412?s=96&d=mm&r=g\",\"contentUrl\":\"https:\\\/\\\/secure.gravatar.com\\\/avatar\\\/333f6d932ce645348bb256f0b554d58398c56212134ea658df4ac492d6eba412?s=96&d=mm&r=g\",\"caption\":\"Latinus\"},\"url\":\"https:\\\/\\\/fuentesfidedignas.com.mx\\\/index.php\\\/author\\\/latinus\\\/\"}]}<\/script>\n<!-- \/ Yoast SEO plugin. -->","yoast_head_json":{"title":"AMLO pedir\u00e1 ayuda al presidente de Alemania para localizar a mexicana desaparecida en Berl\u00edn - Fuentes Fidedignas","robots":{"index":"index","follow":"follow","max-snippet":"max-snippet:-1","max-image-preview":"max-image-preview:large","max-video-preview":"max-video-preview:-1"},"canonical":"https:\/\/fuentesfidedignas.com.mx\/index.php\/2023\/07\/31\/amlo-pedira-ayuda-al-presidente-de-alemania-para-localizar-a-mexicana-desaparecida-en-berlin\/","og_locale":"es_MX","og_type":"article","og_title":"AMLO pedir\u00e1 ayuda al presidente de Alemania para localizar a mexicana desaparecida en Berl\u00edn - Fuentes Fidedignas","og_description":"Ciudad de M\u00e9xico.- El presidente de M\u00e9xico,\u00a0Andr\u00e9s Manuel L\u00f3pez Obrador,\u00a0inform\u00f3 este lunes que pedir\u00e1 al presidente de Alemania,\u00a0Frank-Walter Steinmeier, ayuda para agilizar las investigaciones sobre el\u00a0paradero\u00a0de\u00a0Mar\u00eda\u00a0Fernanda\u00a0S\u00e1nchez, estudiante mexicana desaparecida desde el 22 de julio en Berl\u00edn. \u201cYa lo est\u00e1\u00a0atendiendo la secretaria a\u00a0Alicia\u00a0B\u00e1rcena\u00a0y vamos a pedir que informe, (\u2026) y que a trav\u00e9s de ella se [&hellip;]","og_url":"https:\/\/fuentesfidedignas.com.mx\/index.php\/2023\/07\/31\/amlo-pedira-ayuda-al-presidente-de-alemania-para-localizar-a-mexicana-desaparecida-en-berlin\/","og_site_name":"Fuentes Fidedignas","article_publisher":"https:\/\/www.facebook.com\/Fuentes-Fidedignas-368234489921644","article_published_time":"2023-07-31T16:37:54+00:00","article_modified_time":"2023-07-31T16:37:56+00:00","og_image":[{"width":730,"height":494,"url":"https:\/\/fuentesfidedignas.com.mx\/wp-content\/uploads\/2023\/07\/alemania.jpg","type":"image\/jpeg"}],"author":"Latinus","twitter_card":"summary_large_image","twitter_creator":"@fidedignas","twitter_site":"@fidedignas","twitter_misc":{"Escrito por":"Latinus","Tiempo de lectura":"2 minutos"},"schema":{"@context":"https:\/\/schema.org","@graph":[{"@type":"Article","@id":"https:\/\/fuentesfidedignas.com.mx\/index.php\/2023\/07\/31\/amlo-pedira-ayuda-al-presidente-de-alemania-para-localizar-a-mexicana-desaparecida-en-berlin\/#article","isPartOf":{"@id":"https:\/\/fuentesfidedignas.com.mx\/index.php\/2023\/07\/31\/amlo-pedira-ayuda-al-presidente-de-alemania-para-localizar-a-mexicana-desaparecida-en-berlin\/"},"author":{"name":"Latinus","@id":"https:\/\/fuentesfidedignas.com.mx\/#\/schema\/person\/2bf81f85e8b5d89dbb825a184aa39dde"},"headline":"AMLO pedir\u00e1 ayuda al presidente de Alemania para localizar a mexicana desaparecida en Berl\u00edn","datePublished":"2023-07-31T16:37:54+00:00","dateModified":"2023-07-31T16:37:56+00:00","mainEntityOfPage":{"@id":"https:\/\/fuentesfidedignas.com.mx\/index.php\/2023\/07\/31\/amlo-pedira-ayuda-al-presidente-de-alemania-para-localizar-a-mexicana-desaparecida-en-berlin\/"},"wordCount":358,"commentCount":0,"publisher":{"@id":"https:\/\/fuentesfidedignas.com.mx\/#organization"},"image":{"@id":"https:\/\/fuentesfidedignas.com.mx\/index.php\/2023\/07\/31\/amlo-pedira-ayuda-al-presidente-de-alemania-para-localizar-a-mexicana-desaparecida-en-berlin\/#primaryimage"},"thumbnailUrl":"https:\/\/fuentesfidedignas.com.mx\/wp-content\/uploads\/2023\/07\/alemania.jpg","articleSection":["NOTICIAS NACIONALES"],"inLanguage":"es","potentialAction":[{"@type":"CommentAction","name":"Comment","target":["https:\/\/fuentesfidedignas.com.mx\/index.php\/2023\/07\/31\/amlo-pedira-ayuda-al-presidente-de-alemania-para-localizar-a-mexicana-desaparecida-en-berlin\/#respond"]}]},{"@type":"WebPage","@id":"https:\/\/fuentesfidedignas.com.mx\/index.php\/2023\/07\/31\/amlo-pedira-ayuda-al-presidente-de-alemania-para-localizar-a-mexicana-desaparecida-en-berlin\/","url":"https:\/\/fuentesfidedignas.com.mx\/index.php\/2023\/07\/31\/amlo-pedira-ayuda-al-presidente-de-alemania-para-localizar-a-mexicana-desaparecida-en-berlin\/","name":"AMLO pedir\u00e1 ayuda al presidente de Alemania para localizar a mexicana desaparecida en Berl\u00edn - Fuentes Fidedignas","isPartOf":{"@id":"https:\/\/fuentesfidedignas.com.mx\/#website"},"primaryImageOfPage":{"@id":"https:\/\/fuentesfidedignas.com.mx\/index.php\/2023\/07\/31\/amlo-pedira-ayuda-al-presidente-de-alemania-para-localizar-a-mexicana-desaparecida-en-berlin\/#primaryimage"},"image":{"@id":"https:\/\/fuentesfidedignas.com.mx\/index.php\/2023\/07\/31\/amlo-pedira-ayuda-al-presidente-de-alemania-para-localizar-a-mexicana-desaparecida-en-berlin\/#primaryimage"},"thumbnailUrl":"https:\/\/fuentesfidedignas.com.mx\/wp-content\/uploads\/2023\/07\/alemania.jpg","datePublished":"2023-07-31T16:37:54+00:00","dateModified":"2023-07-31T16:37:56+00:00","breadcrumb":{"@id":"https:\/\/fuentesfidedignas.com.mx\/index.php\/2023\/07\/31\/amlo-pedira-ayuda-al-presidente-de-alemania-para-localizar-a-mexicana-desaparecida-en-berlin\/#breadcrumb"},"inLanguage":"es","potentialAction":[{"@type":"ReadAction","target":["https:\/\/fuentesfidedignas.com.mx\/index.php\/2023\/07\/31\/amlo-pedira-ayuda-al-presidente-de-alemania-para-localizar-a-mexicana-desaparecida-en-berlin\/"]}]},{"@type":"ImageObject","inLanguage":"es","@id":"https:\/\/fuentesfidedignas.com.mx\/index.php\/2023\/07\/31\/amlo-pedira-ayuda-al-presidente-de-alemania-para-localizar-a-mexicana-desaparecida-en-berlin\/#primaryimage","url":"https:\/\/fuentesfidedignas.com.mx\/wp-content\/uploads\/2023\/07\/alemania.jpg","contentUrl":"https:\/\/fuentesfidedignas.com.mx\/wp-content\/uploads\/2023\/07\/alemania.jpg","width":730,"height":494},{"@type":"BreadcrumbList","@id":"https:\/\/fuentesfidedignas.com.mx\/index.php\/2023\/07\/31\/amlo-pedira-ayuda-al-presidente-de-alemania-para-localizar-a-mexicana-desaparecida-en-berlin\/#breadcrumb","itemListElement":[{"@type":"ListItem","position":1,"name":"Inicio","item":"https:\/\/fuentesfidedignas.com.mx\/"},{"@type":"ListItem","position":2,"name":"AMLO pedir\u00e1 ayuda al presidente de Alemania para localizar a mexicana desaparecida en Berl\u00edn"}]},{"@type":"WebSite","@id":"https:\/\/fuentesfidedignas.com.mx\/#website","url":"https:\/\/fuentesfidedignas.com.mx\/","name":"Fuentes Fidedignas","description":"Otro sitio realizado con WordPress","publisher":{"@id":"https:\/\/fuentesfidedignas.com.mx\/#organization"},"potentialAction":[{"@type":"SearchAction","target":{"@type":"EntryPoint","urlTemplate":"https:\/\/fuentesfidedignas.com.mx\/?s={search_term_string}"},"query-input":{"@type":"PropertyValueSpecification","valueRequired":true,"valueName":"search_term_string"}}],"inLanguage":"es"},{"@type":"Organization","@id":"https:\/\/fuentesfidedignas.com.mx\/#organization","name":"Fuentes Fidedignas","url":"https:\/\/fuentesfidedignas.com.mx\/","logo":{"@type":"ImageObject","inLanguage":"es","@id":"https:\/\/fuentesfidedignas.com.mx\/#\/schema\/logo\/image\/","url":"https:\/\/fuentesfidedignas.com.mx\/wp-content\/uploads\/2021\/04\/logo-retina.png","contentUrl":"https:\/\/fuentesfidedignas.com.mx\/wp-content\/uploads\/2021\/04\/logo-retina.png","width":280,"height":51,"caption":"Fuentes Fidedignas"},"image":{"@id":"https:\/\/fuentesfidedignas.com.mx\/#\/schema\/logo\/image\/"},"sameAs":["https:\/\/www.facebook.com\/Fuentes-Fidedignas-368234489921644","https:\/\/x.com\/fidedignas"]},{"@type":"Person","@id":"https:\/\/fuentesfidedignas.com.mx\/#\/schema\/person\/2bf81f85e8b5d89dbb825a184aa39dde","name":"Latinus","image":{"@type":"ImageObject","inLanguage":"es","@id":"https:\/\/secure.gravatar.com\/avatar\/333f6d932ce645348bb256f0b554d58398c56212134ea658df4ac492d6eba412?s=96&d=mm&r=g","url":"https:\/\/secure.gravatar.com\/avatar\/333f6d932ce645348bb256f0b554d58398c56212134ea658df4ac492d6eba412?s=96&d=mm&r=g","contentUrl":"https:\/\/secure.gravatar.com\/avatar\/333f6d932ce645348bb256f0b554d58398c56212134ea658df4ac492d6eba412?s=96&d=mm&r=g","caption":"Latinus"},"url":"https:\/\/fuentesfidedignas.com.mx\/index.php\/author\/latinus\/"}]}},"_links":{"self":[{"href":"https:\/\/fuentesfidedignas.com.mx\/index.php\/wp-json\/wp\/v2\/posts\/54017","targetHints":{"allow":["GET"]}}],"collection":[{"href":"https:\/\/fuentesfidedignas.com.mx\/index.php\/wp-json\/wp\/v2\/posts"}],"about":[{"href":"https:\/\/fuentesfidedignas.com.mx\/index.php\/wp-json\/wp\/v2\/types\/post"}],"author":[{"embeddable":true,"href":"https:\/\/fuentesfidedignas.com.mx\/index.php\/wp-json\/wp\/v2\/users\/85"}],"replies":[{"embeddable":true,"href":"https:\/\/fuentesfidedignas.com.mx\/index.php\/wp-json\/wp\/v2\/comments?post=54017"}],"version-history":[{"count":1,"href":"https:\/\/fuentesfidedignas.com.mx\/index.php\/wp-json\/wp\/v2\/posts\/54017\/revisions"}],"predecessor-version":[{"id":54019,"href":"https:\/\/fuentesfidedignas.com.mx\/index.php\/wp-json\/wp\/v2\/posts\/54017\/revisions\/54019"}],"wp:featuredmedia":[{"embeddable":true,"href":"https:\/\/fuentesfidedignas.com.mx\/index.php\/wp-json\/wp\/v2\/media\/54018"}],"wp:attachment":[{"href":"https:\/\/fuentesfidedignas.com.mx\/index.php\/wp-json\/wp\/v2\/media?parent=54017"}],"wp:term":[{"taxonomy":"category","embeddable":true,"href":"https:\/\/fuentesfidedignas.com.mx\/index.php\/wp-json\/wp\/v2\/categories?post=54017"},{"taxonomy":"post_tag","embeddable":true,"href":"https:\/\/fuentesfidedignas.com.mx\/index.php\/wp-json\/wp\/v2\/tags?post=54017"}],"curies":[{"name":"wp","href":"https:\/\/api.w.org\/{rel}","templated":true}]}}