{"id":53996,"date":"2023-07-31T07:04:14","date_gmt":"2023-07-31T14:04:14","guid":{"rendered":"https:\/\/fuentesfidedignas.com.mx\/?p=53996"},"modified":"2023-07-31T14:51:31","modified_gmt":"2023-07-31T21:51:31","slug":"sinaloa-municipio-vivio-jornada-violenta-quemaron-carros-en-zona-serrana-en-presunto-enfrentamiento","status":"publish","type":"post","link":"https:\/\/fuentesfidedignas.com.mx\/index.php\/2023\/07\/31\/sinaloa-municipio-vivio-jornada-violenta-quemaron-carros-en-zona-serrana-en-presunto-enfrentamiento\/","title":{"rendered":"Municipio de Sinaloa bajo la violencia: quemaron carros y habitantes huyeron"},"content":{"rendered":"\n<p><strong><em>El C\u00e1rtel de los Beltr\u00e1n Leyva y Los Calabazas se habr\u00edan enfrentado en el camino que conduce a San Jos\u00e9 de las Delicia<\/em><\/strong><\/p>\n\n\n\n<p>Culiac\u00e1n, Sin.- De acuerdo con Milenio Televisi\u00f3n, los reportes del enfrentamiento ocurrieron durante la madrugada y ma\u00f1ana del 28 de julio. Esta informaci\u00f3n se\u00f1alaba que hab\u00eda un enfrentamiento a balazos en la comunidad de San Jos\u00e9 de las Delicias y otras comunidades cercanas.<\/p>\n\n\n\n<p>En estos hechos violentos participaron grupos armados identificados extraoficialmente como el C\u00e1rtel de los Beltr\u00e1n Leyva, comandado por Fausto Isidro Meza Flores, alias El Chapito Isidro contra otra c\u00e9lula delictiva identificado como Los Calabazas.<\/p>\n\n\n\n<p>Sin embargo, esta versi\u00f3n no ha sido confirmada por las autoridades, los cuales desplegaron un fuerte operativo donde participaron polic\u00edas estatales, elementos de la Secretar\u00eda de la Defensa Nacional (Sedena) y polic\u00eda local.<\/p>\n\n\n\n<p>Hasta el momento se desconoce por parte de la autoridad si hubo o no v\u00edctimas en este supuesto enfrentamiento, aunque algunas versiones apuntaban a que hab\u00eda que heridos y cuerpos encontrados.<\/p>\n\n\n\n<p><blockquote class=\"twitter-tweet\"><p lang=\"es\" dir=\"ltr\">Al ampliar los reconocimientos por parte de autoridades de los tres \u00f3rdenes de gobierno en la zona serrana de Sinaloa de Leyva, sobre el camino que conduce a San Jos\u00e9 de las Delicias se localizaron 5 unidades incendiadas. Hasta el momento no hay personas lesionadas o fallecidas.<\/p>\u2014 Crist\u00f3bal Casta\u00f1eda (@Mtro_CCastaneda) <a href=\"https:\/\/twitter.com\/Mtro_CCastaneda\/status\/1685131940012404736?ref_src=twsrc%5Etfw\">July 29, 2023<\/a><\/blockquote> <script async=\"\" src=\"https:\/\/platform.twitter.com\/widgets.js\" charset=\"utf-8\"><\/script><\/p>\n\n\n\n<p><strong>Qui\u00e9n es El Chapo Isidro<\/strong><br>Fausto Isidro Meza Flores, El Chapo Isidro, es l\u00edder de Los Mazatlecos, un remanente del C\u00e1rtel de los Beltr\u00e1n Leyva. De acuerdo con investigaciones reportadas por el Departamento de Justicia de Estados Unidos, este narcotraficante era mano derecha de Alfredo Beltr\u00e1n Leyva, alias El Mochomo, arrestado en 2008.<\/p>\n\n\n\n<p>Los Mazatlecos se desprendieron del C\u00e1rtel de Sinaloa tras el rompimiento de la Federaci\u00f3n por el arresto de Alfredo Beltr\u00e1n Leyva.<\/p>\n\n\n\n<p>El Chapo Isidro fue acusado por la Corte de Columbia por los delitos de conspiraci\u00f3n para distribuir coca\u00edna, metanfetamina, hero\u00edna y marihuana importadas desde M\u00e9xico y otros puntos a Estados Unidos. Desde el 26 de noviembre del 2019 se ofrece una recompensa de 5 millones de d\u00f3lares por datos que lleven a su captura.<\/p>\n\n\n\n<p>Adem\u00e1s, se alega que Meza Flores utiliz\u00f3 y port\u00f3 una ametralladora; un dispositivo destructor durante, y en relaci\u00f3n con sus cr\u00edmenes de narcotr\u00e1fico.<\/p>\n\n\n\n<p>\u201cMeza Flores, ciudadano mexicano, quien se cree reside actualmente en M\u00e9xico, es el l\u00edder de la organizaci\u00f3n criminal transnacional Meza Flores, una importanteorganizaci\u00f3n narcotraficante basada en el estado de Sinaloa\u201d, se\u00f1al\u00f3 el Departamento de Justicia de los EEUU.<\/p>\n\n\n\n<p>En junio del 2022, una serie de videos mostraron a decenas de sujetos armados circular en varias horas del d\u00eda por carreteras del municipio de Guasave, Sinaloa.<\/p>\n\n\n\n<p>Aunque nunca se confirm\u00f3 por parte de las autoridades a qu\u00e9 grupo pertenec\u00edan, reportes de medios locales apuntaron a que se trataba de personas del C\u00e1rtel de los Beltr\u00e1n Leyva, comandados por El Chapo Isidro.<\/p>\n","protected":false},"excerpt":{"rendered":"<p>El C\u00e1rtel de los Beltr\u00e1n Leyva y Los Calabazas se habr\u00edan enfrentado en el camino que conduce a San Jos\u00e9 de las Delicia Culiac\u00e1n, Sin.- De acuerdo con Milenio Televisi\u00f3n, los reportes del enfrentamiento ocurrieron durante la madrugada y ma\u00f1ana del 28 de julio. Esta informaci\u00f3n se\u00f1alaba que hab\u00eda un enfrentamiento a balazos en la [&hellip;]<\/p>\n","protected":false},"author":41,"featured_media":53997,"comment_status":"open","ping_status":"open","sticky":false,"template":"","format":"standard","meta":{"tdm_status":"","tdm_grid_status":"","footnotes":""},"categories":[38],"tags":[],"class_list":{"0":"post-53996","1":"post","2":"type-post","3":"status-publish","4":"format-standard","5":"has-post-thumbnail","7":"category-noticias-locales"},"yoast_head":"<!-- This site is optimized with the Yoast SEO plugin v27.4 - https:\/\/yoast.com\/product\/yoast-seo-wordpress\/ -->\n<title>Municipio de Sinaloa bajo la violencia: quemaron carros y habitantes huyeron - Fuentes Fidedignas<\/title>\n<meta name=\"robots\" content=\"index, follow, max-snippet:-1, max-image-preview:large, max-video-preview:-1\" \/>\n<link rel=\"canonical\" href=\"https:\/\/fuentesfidedignas.com.mx\/index.php\/2023\/07\/31\/sinaloa-municipio-vivio-jornada-violenta-quemaron-carros-en-zona-serrana-en-presunto-enfrentamiento\/\" \/>\n<meta property=\"og:locale\" content=\"es_MX\" \/>\n<meta property=\"og:type\" content=\"article\" \/>\n<meta property=\"og:title\" content=\"Municipio de Sinaloa bajo la violencia: quemaron carros y habitantes huyeron - Fuentes Fidedignas\" \/>\n<meta property=\"og:description\" content=\"El C\u00e1rtel de los Beltr\u00e1n Leyva y Los Calabazas se habr\u00edan enfrentado en el camino que conduce a San Jos\u00e9 de las Delicia Culiac\u00e1n, Sin.- De acuerdo con Milenio Televisi\u00f3n, los reportes del enfrentamiento ocurrieron durante la madrugada y ma\u00f1ana del 28 de julio. Esta informaci\u00f3n se\u00f1alaba que hab\u00eda un enfrentamiento a balazos en la [&hellip;]\" \/>\n<meta property=\"og:url\" content=\"https:\/\/fuentesfidedignas.com.mx\/index.php\/2023\/07\/31\/sinaloa-municipio-vivio-jornada-violenta-quemaron-carros-en-zona-serrana-en-presunto-enfrentamiento\/\" \/>\n<meta property=\"og:site_name\" content=\"Fuentes Fidedignas\" \/>\n<meta property=\"article:publisher\" content=\"https:\/\/www.facebook.com\/Fuentes-Fidedignas-368234489921644\" \/>\n<meta property=\"article:published_time\" content=\"2023-07-31T14:04:14+00:00\" \/>\n<meta property=\"article:modified_time\" content=\"2023-07-31T21:51:31+00:00\" \/>\n<meta property=\"og:image\" content=\"https:\/\/fuentesfidedignas.com.mx\/wp-content\/uploads\/2023\/07\/VIOLENCIA_SINALOA.jpg\" \/>\n\t<meta property=\"og:image:width\" content=\"1067\" \/>\n\t<meta property=\"og:image:height\" content=\"594\" \/>\n\t<meta property=\"og:image:type\" content=\"image\/jpeg\" \/>\n<meta name=\"author\" content=\"Infobae\" \/>\n<meta name=\"twitter:card\" content=\"summary_large_image\" \/>\n<meta name=\"twitter:creator\" content=\"@fidedignas\" \/>\n<meta name=\"twitter:site\" content=\"@fidedignas\" \/>\n<meta name=\"twitter:label1\" content=\"Escrito por\" \/>\n\t<meta name=\"twitter:data1\" content=\"Infobae\" \/>\n\t<meta name=\"twitter:label2\" content=\"Tiempo de lectura\" \/>\n\t<meta name=\"twitter:data2\" content=\"2 minutos\" \/>\n<script type=\"application\/ld+json\" class=\"yoast-schema-graph\">{\"@context\":\"https:\\\/\\\/schema.org\",\"@graph\":[{\"@type\":\"Article\",\"@id\":\"https:\\\/\\\/fuentesfidedignas.com.mx\\\/index.php\\\/2023\\\/07\\\/31\\\/sinaloa-municipio-vivio-jornada-violenta-quemaron-carros-en-zona-serrana-en-presunto-enfrentamiento\\\/#article\",\"isPartOf\":{\"@id\":\"https:\\\/\\\/fuentesfidedignas.com.mx\\\/index.php\\\/2023\\\/07\\\/31\\\/sinaloa-municipio-vivio-jornada-violenta-quemaron-carros-en-zona-serrana-en-presunto-enfrentamiento\\\/\"},\"author\":{\"name\":\"Infobae\",\"@id\":\"https:\\\/\\\/fuentesfidedignas.com.mx\\\/#\\\/schema\\\/person\\\/8575896a7c1067d352f6c1cd6582c389\"},\"headline\":\"Municipio de Sinaloa bajo la violencia: quemaron carros y habitantes huyeron\",\"datePublished\":\"2023-07-31T14:04:14+00:00\",\"dateModified\":\"2023-07-31T21:51:31+00:00\",\"mainEntityOfPage\":{\"@id\":\"https:\\\/\\\/fuentesfidedignas.com.mx\\\/index.php\\\/2023\\\/07\\\/31\\\/sinaloa-municipio-vivio-jornada-violenta-quemaron-carros-en-zona-serrana-en-presunto-enfrentamiento\\\/\"},\"wordCount\":518,\"commentCount\":0,\"publisher\":{\"@id\":\"https:\\\/\\\/fuentesfidedignas.com.mx\\\/#organization\"},\"image\":{\"@id\":\"https:\\\/\\\/fuentesfidedignas.com.mx\\\/index.php\\\/2023\\\/07\\\/31\\\/sinaloa-municipio-vivio-jornada-violenta-quemaron-carros-en-zona-serrana-en-presunto-enfrentamiento\\\/#primaryimage\"},\"thumbnailUrl\":\"https:\\\/\\\/fuentesfidedignas.com.mx\\\/wp-content\\\/uploads\\\/2023\\\/07\\\/VIOLENCIA_SINALOA.jpg\",\"articleSection\":[\"NOTICIAS LOCALES\"],\"inLanguage\":\"es\",\"potentialAction\":[{\"@type\":\"CommentAction\",\"name\":\"Comment\",\"target\":[\"https:\\\/\\\/fuentesfidedignas.com.mx\\\/index.php\\\/2023\\\/07\\\/31\\\/sinaloa-municipio-vivio-jornada-violenta-quemaron-carros-en-zona-serrana-en-presunto-enfrentamiento\\\/#respond\"]}]},{\"@type\":\"WebPage\",\"@id\":\"https:\\\/\\\/fuentesfidedignas.com.mx\\\/index.php\\\/2023\\\/07\\\/31\\\/sinaloa-municipio-vivio-jornada-violenta-quemaron-carros-en-zona-serrana-en-presunto-enfrentamiento\\\/\",\"url\":\"https:\\\/\\\/fuentesfidedignas.com.mx\\\/index.php\\\/2023\\\/07\\\/31\\\/sinaloa-municipio-vivio-jornada-violenta-quemaron-carros-en-zona-serrana-en-presunto-enfrentamiento\\\/\",\"name\":\"Municipio de Sinaloa bajo la violencia: quemaron carros y habitantes huyeron - Fuentes Fidedignas\",\"isPartOf\":{\"@id\":\"https:\\\/\\\/fuentesfidedignas.com.mx\\\/#website\"},\"primaryImageOfPage\":{\"@id\":\"https:\\\/\\\/fuentesfidedignas.com.mx\\\/index.php\\\/2023\\\/07\\\/31\\\/sinaloa-municipio-vivio-jornada-violenta-quemaron-carros-en-zona-serrana-en-presunto-enfrentamiento\\\/#primaryimage\"},\"image\":{\"@id\":\"https:\\\/\\\/fuentesfidedignas.com.mx\\\/index.php\\\/2023\\\/07\\\/31\\\/sinaloa-municipio-vivio-jornada-violenta-quemaron-carros-en-zona-serrana-en-presunto-enfrentamiento\\\/#primaryimage\"},\"thumbnailUrl\":\"https:\\\/\\\/fuentesfidedignas.com.mx\\\/wp-content\\\/uploads\\\/2023\\\/07\\\/VIOLENCIA_SINALOA.jpg\",\"datePublished\":\"2023-07-31T14:04:14+00:00\",\"dateModified\":\"2023-07-31T21:51:31+00:00\",\"breadcrumb\":{\"@id\":\"https:\\\/\\\/fuentesfidedignas.com.mx\\\/index.php\\\/2023\\\/07\\\/31\\\/sinaloa-municipio-vivio-jornada-violenta-quemaron-carros-en-zona-serrana-en-presunto-enfrentamiento\\\/#breadcrumb\"},\"inLanguage\":\"es\",\"potentialAction\":[{\"@type\":\"ReadAction\",\"target\":[\"https:\\\/\\\/fuentesfidedignas.com.mx\\\/index.php\\\/2023\\\/07\\\/31\\\/sinaloa-municipio-vivio-jornada-violenta-quemaron-carros-en-zona-serrana-en-presunto-enfrentamiento\\\/\"]}]},{\"@type\":\"ImageObject\",\"inLanguage\":\"es\",\"@id\":\"https:\\\/\\\/fuentesfidedignas.com.mx\\\/index.php\\\/2023\\\/07\\\/31\\\/sinaloa-municipio-vivio-jornada-violenta-quemaron-carros-en-zona-serrana-en-presunto-enfrentamiento\\\/#primaryimage\",\"url\":\"https:\\\/\\\/fuentesfidedignas.com.mx\\\/wp-content\\\/uploads\\\/2023\\\/07\\\/VIOLENCIA_SINALOA.jpg\",\"contentUrl\":\"https:\\\/\\\/fuentesfidedignas.com.mx\\\/wp-content\\\/uploads\\\/2023\\\/07\\\/VIOLENCIA_SINALOA.jpg\",\"width\":1067,\"height\":594},{\"@type\":\"BreadcrumbList\",\"@id\":\"https:\\\/\\\/fuentesfidedignas.com.mx\\\/index.php\\\/2023\\\/07\\\/31\\\/sinaloa-municipio-vivio-jornada-violenta-quemaron-carros-en-zona-serrana-en-presunto-enfrentamiento\\\/#breadcrumb\",\"itemListElement\":[{\"@type\":\"ListItem\",\"position\":1,\"name\":\"Inicio\",\"item\":\"https:\\\/\\\/fuentesfidedignas.com.mx\\\/\"},{\"@type\":\"ListItem\",\"position\":2,\"name\":\"Municipio de Sinaloa bajo la violencia: quemaron carros y habitantes huyeron\"}]},{\"@type\":\"WebSite\",\"@id\":\"https:\\\/\\\/fuentesfidedignas.com.mx\\\/#website\",\"url\":\"https:\\\/\\\/fuentesfidedignas.com.mx\\\/\",\"name\":\"Fuentes Fidedignas\",\"description\":\"Otro sitio realizado con WordPress\",\"publisher\":{\"@id\":\"https:\\\/\\\/fuentesfidedignas.com.mx\\\/#organization\"},\"potentialAction\":[{\"@type\":\"SearchAction\",\"target\":{\"@type\":\"EntryPoint\",\"urlTemplate\":\"https:\\\/\\\/fuentesfidedignas.com.mx\\\/?s={search_term_string}\"},\"query-input\":{\"@type\":\"PropertyValueSpecification\",\"valueRequired\":true,\"valueName\":\"search_term_string\"}}],\"inLanguage\":\"es\"},{\"@type\":\"Organization\",\"@id\":\"https:\\\/\\\/fuentesfidedignas.com.mx\\\/#organization\",\"name\":\"Fuentes Fidedignas\",\"url\":\"https:\\\/\\\/fuentesfidedignas.com.mx\\\/\",\"logo\":{\"@type\":\"ImageObject\",\"inLanguage\":\"es\",\"@id\":\"https:\\\/\\\/fuentesfidedignas.com.mx\\\/#\\\/schema\\\/logo\\\/image\\\/\",\"url\":\"https:\\\/\\\/fuentesfidedignas.com.mx\\\/wp-content\\\/uploads\\\/2021\\\/04\\\/logo-retina.png\",\"contentUrl\":\"https:\\\/\\\/fuentesfidedignas.com.mx\\\/wp-content\\\/uploads\\\/2021\\\/04\\\/logo-retina.png\",\"width\":280,\"height\":51,\"caption\":\"Fuentes Fidedignas\"},\"image\":{\"@id\":\"https:\\\/\\\/fuentesfidedignas.com.mx\\\/#\\\/schema\\\/logo\\\/image\\\/\"},\"sameAs\":[\"https:\\\/\\\/www.facebook.com\\\/Fuentes-Fidedignas-368234489921644\",\"https:\\\/\\\/x.com\\\/fidedignas\"]},{\"@type\":\"Person\",\"@id\":\"https:\\\/\\\/fuentesfidedignas.com.mx\\\/#\\\/schema\\\/person\\\/8575896a7c1067d352f6c1cd6582c389\",\"name\":\"Infobae\",\"image\":{\"@type\":\"ImageObject\",\"inLanguage\":\"es\",\"@id\":\"https:\\\/\\\/secure.gravatar.com\\\/avatar\\\/e4ec95706f8d1670343f6526fdcec45474bab17475a851434a64ca12b5acba1c?s=96&d=mm&r=g\",\"url\":\"https:\\\/\\\/secure.gravatar.com\\\/avatar\\\/e4ec95706f8d1670343f6526fdcec45474bab17475a851434a64ca12b5acba1c?s=96&d=mm&r=g\",\"contentUrl\":\"https:\\\/\\\/secure.gravatar.com\\\/avatar\\\/e4ec95706f8d1670343f6526fdcec45474bab17475a851434a64ca12b5acba1c?s=96&d=mm&r=g\",\"caption\":\"Infobae\"},\"url\":\"https:\\\/\\\/fuentesfidedignas.com.mx\\\/index.php\\\/author\\\/infobae\\\/\"}]}<\/script>\n<!-- \/ Yoast SEO plugin. -->","yoast_head_json":{"title":"Municipio de Sinaloa bajo la violencia: quemaron carros y habitantes huyeron - Fuentes Fidedignas","robots":{"index":"index","follow":"follow","max-snippet":"max-snippet:-1","max-image-preview":"max-image-preview:large","max-video-preview":"max-video-preview:-1"},"canonical":"https:\/\/fuentesfidedignas.com.mx\/index.php\/2023\/07\/31\/sinaloa-municipio-vivio-jornada-violenta-quemaron-carros-en-zona-serrana-en-presunto-enfrentamiento\/","og_locale":"es_MX","og_type":"article","og_title":"Municipio de Sinaloa bajo la violencia: quemaron carros y habitantes huyeron - Fuentes Fidedignas","og_description":"El C\u00e1rtel de los Beltr\u00e1n Leyva y Los Calabazas se habr\u00edan enfrentado en el camino que conduce a San Jos\u00e9 de las Delicia Culiac\u00e1n, Sin.- De acuerdo con Milenio Televisi\u00f3n, los reportes del enfrentamiento ocurrieron durante la madrugada y ma\u00f1ana del 28 de julio. Esta informaci\u00f3n se\u00f1alaba que hab\u00eda un enfrentamiento a balazos en la [&hellip;]","og_url":"https:\/\/fuentesfidedignas.com.mx\/index.php\/2023\/07\/31\/sinaloa-municipio-vivio-jornada-violenta-quemaron-carros-en-zona-serrana-en-presunto-enfrentamiento\/","og_site_name":"Fuentes Fidedignas","article_publisher":"https:\/\/www.facebook.com\/Fuentes-Fidedignas-368234489921644","article_published_time":"2023-07-31T14:04:14+00:00","article_modified_time":"2023-07-31T21:51:31+00:00","og_image":[{"width":1067,"height":594,"url":"https:\/\/fuentesfidedignas.com.mx\/wp-content\/uploads\/2023\/07\/VIOLENCIA_SINALOA.jpg","type":"image\/jpeg"}],"author":"Infobae","twitter_card":"summary_large_image","twitter_creator":"@fidedignas","twitter_site":"@fidedignas","twitter_misc":{"Escrito por":"Infobae","Tiempo de lectura":"2 minutos"},"schema":{"@context":"https:\/\/schema.org","@graph":[{"@type":"Article","@id":"https:\/\/fuentesfidedignas.com.mx\/index.php\/2023\/07\/31\/sinaloa-municipio-vivio-jornada-violenta-quemaron-carros-en-zona-serrana-en-presunto-enfrentamiento\/#article","isPartOf":{"@id":"https:\/\/fuentesfidedignas.com.mx\/index.php\/2023\/07\/31\/sinaloa-municipio-vivio-jornada-violenta-quemaron-carros-en-zona-serrana-en-presunto-enfrentamiento\/"},"author":{"name":"Infobae","@id":"https:\/\/fuentesfidedignas.com.mx\/#\/schema\/person\/8575896a7c1067d352f6c1cd6582c389"},"headline":"Municipio de Sinaloa bajo la violencia: quemaron carros y habitantes huyeron","datePublished":"2023-07-31T14:04:14+00:00","dateModified":"2023-07-31T21:51:31+00:00","mainEntityOfPage":{"@id":"https:\/\/fuentesfidedignas.com.mx\/index.php\/2023\/07\/31\/sinaloa-municipio-vivio-jornada-violenta-quemaron-carros-en-zona-serrana-en-presunto-enfrentamiento\/"},"wordCount":518,"commentCount":0,"publisher":{"@id":"https:\/\/fuentesfidedignas.com.mx\/#organization"},"image":{"@id":"https:\/\/fuentesfidedignas.com.mx\/index.php\/2023\/07\/31\/sinaloa-municipio-vivio-jornada-violenta-quemaron-carros-en-zona-serrana-en-presunto-enfrentamiento\/#primaryimage"},"thumbnailUrl":"https:\/\/fuentesfidedignas.com.mx\/wp-content\/uploads\/2023\/07\/VIOLENCIA_SINALOA.jpg","articleSection":["NOTICIAS LOCALES"],"inLanguage":"es","potentialAction":[{"@type":"CommentAction","name":"Comment","target":["https:\/\/fuentesfidedignas.com.mx\/index.php\/2023\/07\/31\/sinaloa-municipio-vivio-jornada-violenta-quemaron-carros-en-zona-serrana-en-presunto-enfrentamiento\/#respond"]}]},{"@type":"WebPage","@id":"https:\/\/fuentesfidedignas.com.mx\/index.php\/2023\/07\/31\/sinaloa-municipio-vivio-jornada-violenta-quemaron-carros-en-zona-serrana-en-presunto-enfrentamiento\/","url":"https:\/\/fuentesfidedignas.com.mx\/index.php\/2023\/07\/31\/sinaloa-municipio-vivio-jornada-violenta-quemaron-carros-en-zona-serrana-en-presunto-enfrentamiento\/","name":"Municipio de Sinaloa bajo la violencia: quemaron carros y habitantes huyeron - Fuentes Fidedignas","isPartOf":{"@id":"https:\/\/fuentesfidedignas.com.mx\/#website"},"primaryImageOfPage":{"@id":"https:\/\/fuentesfidedignas.com.mx\/index.php\/2023\/07\/31\/sinaloa-municipio-vivio-jornada-violenta-quemaron-carros-en-zona-serrana-en-presunto-enfrentamiento\/#primaryimage"},"image":{"@id":"https:\/\/fuentesfidedignas.com.mx\/index.php\/2023\/07\/31\/sinaloa-municipio-vivio-jornada-violenta-quemaron-carros-en-zona-serrana-en-presunto-enfrentamiento\/#primaryimage"},"thumbnailUrl":"https:\/\/fuentesfidedignas.com.mx\/wp-content\/uploads\/2023\/07\/VIOLENCIA_SINALOA.jpg","datePublished":"2023-07-31T14:04:14+00:00","dateModified":"2023-07-31T21:51:31+00:00","breadcrumb":{"@id":"https:\/\/fuentesfidedignas.com.mx\/index.php\/2023\/07\/31\/sinaloa-municipio-vivio-jornada-violenta-quemaron-carros-en-zona-serrana-en-presunto-enfrentamiento\/#breadcrumb"},"inLanguage":"es","potentialAction":[{"@type":"ReadAction","target":["https:\/\/fuentesfidedignas.com.mx\/index.php\/2023\/07\/31\/sinaloa-municipio-vivio-jornada-violenta-quemaron-carros-en-zona-serrana-en-presunto-enfrentamiento\/"]}]},{"@type":"ImageObject","inLanguage":"es","@id":"https:\/\/fuentesfidedignas.com.mx\/index.php\/2023\/07\/31\/sinaloa-municipio-vivio-jornada-violenta-quemaron-carros-en-zona-serrana-en-presunto-enfrentamiento\/#primaryimage","url":"https:\/\/fuentesfidedignas.com.mx\/wp-content\/uploads\/2023\/07\/VIOLENCIA_SINALOA.jpg","contentUrl":"https:\/\/fuentesfidedignas.com.mx\/wp-content\/uploads\/2023\/07\/VIOLENCIA_SINALOA.jpg","width":1067,"height":594},{"@type":"BreadcrumbList","@id":"https:\/\/fuentesfidedignas.com.mx\/index.php\/2023\/07\/31\/sinaloa-municipio-vivio-jornada-violenta-quemaron-carros-en-zona-serrana-en-presunto-enfrentamiento\/#breadcrumb","itemListElement":[{"@type":"ListItem","position":1,"name":"Inicio","item":"https:\/\/fuentesfidedignas.com.mx\/"},{"@type":"ListItem","position":2,"name":"Municipio de Sinaloa bajo la violencia: quemaron carros y habitantes huyeron"}]},{"@type":"WebSite","@id":"https:\/\/fuentesfidedignas.com.mx\/#website","url":"https:\/\/fuentesfidedignas.com.mx\/","name":"Fuentes Fidedignas","description":"Otro sitio realizado con WordPress","publisher":{"@id":"https:\/\/fuentesfidedignas.com.mx\/#organization"},"potentialAction":[{"@type":"SearchAction","target":{"@type":"EntryPoint","urlTemplate":"https:\/\/fuentesfidedignas.com.mx\/?s={search_term_string}"},"query-input":{"@type":"PropertyValueSpecification","valueRequired":true,"valueName":"search_term_string"}}],"inLanguage":"es"},{"@type":"Organization","@id":"https:\/\/fuentesfidedignas.com.mx\/#organization","name":"Fuentes Fidedignas","url":"https:\/\/fuentesfidedignas.com.mx\/","logo":{"@type":"ImageObject","inLanguage":"es","@id":"https:\/\/fuentesfidedignas.com.mx\/#\/schema\/logo\/image\/","url":"https:\/\/fuentesfidedignas.com.mx\/wp-content\/uploads\/2021\/04\/logo-retina.png","contentUrl":"https:\/\/fuentesfidedignas.com.mx\/wp-content\/uploads\/2021\/04\/logo-retina.png","width":280,"height":51,"caption":"Fuentes Fidedignas"},"image":{"@id":"https:\/\/fuentesfidedignas.com.mx\/#\/schema\/logo\/image\/"},"sameAs":["https:\/\/www.facebook.com\/Fuentes-Fidedignas-368234489921644","https:\/\/x.com\/fidedignas"]},{"@type":"Person","@id":"https:\/\/fuentesfidedignas.com.mx\/#\/schema\/person\/8575896a7c1067d352f6c1cd6582c389","name":"Infobae","image":{"@type":"ImageObject","inLanguage":"es","@id":"https:\/\/secure.gravatar.com\/avatar\/e4ec95706f8d1670343f6526fdcec45474bab17475a851434a64ca12b5acba1c?s=96&d=mm&r=g","url":"https:\/\/secure.gravatar.com\/avatar\/e4ec95706f8d1670343f6526fdcec45474bab17475a851434a64ca12b5acba1c?s=96&d=mm&r=g","contentUrl":"https:\/\/secure.gravatar.com\/avatar\/e4ec95706f8d1670343f6526fdcec45474bab17475a851434a64ca12b5acba1c?s=96&d=mm&r=g","caption":"Infobae"},"url":"https:\/\/fuentesfidedignas.com.mx\/index.php\/author\/infobae\/"}]}},"_links":{"self":[{"href":"https:\/\/fuentesfidedignas.com.mx\/index.php\/wp-json\/wp\/v2\/posts\/53996","targetHints":{"allow":["GET"]}}],"collection":[{"href":"https:\/\/fuentesfidedignas.com.mx\/index.php\/wp-json\/wp\/v2\/posts"}],"about":[{"href":"https:\/\/fuentesfidedignas.com.mx\/index.php\/wp-json\/wp\/v2\/types\/post"}],"author":[{"embeddable":true,"href":"https:\/\/fuentesfidedignas.com.mx\/index.php\/wp-json\/wp\/v2\/users\/41"}],"replies":[{"embeddable":true,"href":"https:\/\/fuentesfidedignas.com.mx\/index.php\/wp-json\/wp\/v2\/comments?post=53996"}],"version-history":[{"count":3,"href":"https:\/\/fuentesfidedignas.com.mx\/index.php\/wp-json\/wp\/v2\/posts\/53996\/revisions"}],"predecessor-version":[{"id":54046,"href":"https:\/\/fuentesfidedignas.com.mx\/index.php\/wp-json\/wp\/v2\/posts\/53996\/revisions\/54046"}],"wp:featuredmedia":[{"embeddable":true,"href":"https:\/\/fuentesfidedignas.com.mx\/index.php\/wp-json\/wp\/v2\/media\/53997"}],"wp:attachment":[{"href":"https:\/\/fuentesfidedignas.com.mx\/index.php\/wp-json\/wp\/v2\/media?parent=53996"}],"wp:term":[{"taxonomy":"category","embeddable":true,"href":"https:\/\/fuentesfidedignas.com.mx\/index.php\/wp-json\/wp\/v2\/categories?post=53996"},{"taxonomy":"post_tag","embeddable":true,"href":"https:\/\/fuentesfidedignas.com.mx\/index.php\/wp-json\/wp\/v2\/tags?post=53996"}],"curies":[{"name":"wp","href":"https:\/\/api.w.org\/{rel}","templated":true}]}}