{"id":53972,"date":"2023-07-31T01:50:05","date_gmt":"2023-07-31T08:50:05","guid":{"rendered":"https:\/\/fuentesfidedignas.com.mx\/?p=53972"},"modified":"2023-07-30T15:34:26","modified_gmt":"2023-07-30T22:34:26","slug":"luz-veronica-aviles-rochin-trabaja-para-dejar-de-estigmatizar-el-triangulo-dorado","status":"publish","type":"post","link":"https:\/\/fuentesfidedignas.com.mx\/index.php\/2023\/07\/31\/luz-veronica-aviles-rochin-trabaja-para-dejar-de-estigmatizar-el-triangulo-dorado\/","title":{"rendered":"Luz Ver\u00f3nica Avil\u00e9s Roch\u00edn trabaja para dejar de estigmatizar el &#8220;Tri\u00e1ngulo Dorado&#8221;"},"content":{"rendered":"\n<p><strong><em>El trabajo lo realizar\u00e1 junto con los legisladores de Durango y Chihuahua para cambiar la idea de que el &#8220;Tri\u00e1ngulo Dorado&#8221; es un lugar de gente peligrosa<\/em><\/strong><\/p>\n\n\n\n<p>Culiac\u00e1n, Sin.- La diputada local por Morena, Luz Ver\u00f3nica Avil\u00e9s Roch\u00edn, quien tambi\u00e9n es presidenta de la Comisi\u00f3n de Turismo en el Congreso del Estado, le est\u00e1 dando seguimiento a la iniciativa que present\u00f3 en una de sus visitas al estado el presidente Andr\u00e9s Manuel L\u00f3pez Obrador.<\/p>\n\n\n\n<p>Lo anterior consiste en cambiar el nombre con el que se conoce popularmente a la uni\u00f3n de los estados de Chihuahua, Durango y Sinaloa: &#8220;Tri\u00e1ngulo Dorado&#8221; a &#8220;Tri\u00e1ngulo de la Bondad&#8221;.<\/p>\n\n\n\n<p>Record\u00f3 que el primer mandatario mencion\u00f3 en esa gira que a \u00e9l no le gustaba que a ese sitio se le llamara &#8220;Tri\u00e1ngulo Dorado&#8221;, que propon\u00eda que mejor se le llamara &#8220;Tri\u00e1ngulo de la Bondad&#8221;.<\/p>\n\n\n\n<p>Avil\u00e9s Roch\u00edn se\u00f1al\u00f3 que esa propuesta de L\u00f3pez Obrador s\u00ed se puede lograr pues ella que es originaria de Badiraguato, municipio al que representa junto con Mocorito y Navolato conoce lo bondadosa y buena que es la gente, adem\u00e1s de que cuenta con el apoyo de los diputados de Durango y Chihuahua.<\/p>\n\n\n\n<p>&#8220;Yo como la representante de esa esquinita, de ese tri\u00e1ngulo, pienso y s\u00e9 que la gente es buena y bondadosa, ojal\u00e1 entre todos le busc\u00e1ramos cambiar ese nombre, porque traemos ese nombre, ese estigma, esa regi\u00f3n que todo mundo dice: el Tri\u00e1ngulo Dorado, piensa que all\u00ed es inseguridad, que hay gente armada, es decir lo peor de M\u00e9xico&#8221;, dijo.<\/p>\n\n\n\n<p>La legisladora agradeci\u00f3 a sus compa\u00f1eros diputados de todos los grupos pol\u00edticos, pues se logr\u00f3 etiquetar un presupuesto con el que se har\u00e1n actividades para brindar oportunidades para que los habitantes de ese lugar tengan nuevas oportunidades y alternativas.<\/p>\n\n\n\n<p>Por \u00faltimo hizo un llamado a los sinaloenses y a los interesados en conocer los pueblos m\u00e1gicos y se\u00f1oriales del estado a que los visiten sin miedo, ya que son lugares seguros y con buenas carreteras. <\/p>\n\n\n\n<p><\/p>\n\n\n\n<p><\/p>\n","protected":false},"excerpt":{"rendered":"<p>El trabajo lo realizar\u00e1 junto con los legisladores de Durango y Chihuahua para cambiar la idea de que el &#8220;Tri\u00e1ngulo Dorado&#8221; es un lugar de gente peligrosa Culiac\u00e1n, Sin.- La diputada local por Morena, Luz Ver\u00f3nica Avil\u00e9s Roch\u00edn, quien tambi\u00e9n es presidenta de la Comisi\u00f3n de Turismo en el Congreso del Estado, le est\u00e1 dando [&hellip;]<\/p>\n","protected":false},"author":112,"featured_media":53979,"comment_status":"open","ping_status":"open","sticky":false,"template":"","format":"standard","meta":{"tdm_status":"","tdm_grid_status":"","footnotes":""},"categories":[36,31],"tags":[],"class_list":{"0":"post-53972","1":"post","2":"type-post","3":"status-publish","4":"format-standard","5":"has-post-thumbnail","7":"category-semanales","8":"category-sinaloa-positivo"},"yoast_head":"<!-- This site is optimized with the Yoast SEO plugin v27.4 - https:\/\/yoast.com\/product\/yoast-seo-wordpress\/ -->\n<title>Luz Ver\u00f3nica Avil\u00e9s Roch\u00edn trabaja para dejar de estigmatizar el &quot;Tri\u00e1ngulo Dorado&quot; - Fuentes Fidedignas<\/title>\n<meta name=\"robots\" content=\"index, follow, max-snippet:-1, max-image-preview:large, max-video-preview:-1\" \/>\n<link rel=\"canonical\" href=\"https:\/\/fuentesfidedignas.com.mx\/index.php\/2023\/07\/31\/luz-veronica-aviles-rochin-trabaja-para-dejar-de-estigmatizar-el-triangulo-dorado\/\" \/>\n<meta property=\"og:locale\" content=\"es_MX\" \/>\n<meta property=\"og:type\" content=\"article\" \/>\n<meta property=\"og:title\" content=\"Luz Ver\u00f3nica Avil\u00e9s Roch\u00edn trabaja para dejar de estigmatizar el &quot;Tri\u00e1ngulo Dorado&quot; - Fuentes Fidedignas\" \/>\n<meta property=\"og:description\" content=\"El trabajo lo realizar\u00e1 junto con los legisladores de Durango y Chihuahua para cambiar la idea de que el &#8220;Tri\u00e1ngulo Dorado&#8221; es un lugar de gente peligrosa Culiac\u00e1n, Sin.- La diputada local por Morena, Luz Ver\u00f3nica Avil\u00e9s Roch\u00edn, quien tambi\u00e9n es presidenta de la Comisi\u00f3n de Turismo en el Congreso del Estado, le est\u00e1 dando [&hellip;]\" \/>\n<meta property=\"og:url\" content=\"https:\/\/fuentesfidedignas.com.mx\/index.php\/2023\/07\/31\/luz-veronica-aviles-rochin-trabaja-para-dejar-de-estigmatizar-el-triangulo-dorado\/\" \/>\n<meta property=\"og:site_name\" content=\"Fuentes Fidedignas\" \/>\n<meta property=\"article:publisher\" content=\"https:\/\/www.facebook.com\/Fuentes-Fidedignas-368234489921644\" \/>\n<meta property=\"article:published_time\" content=\"2023-07-31T08:50:05+00:00\" \/>\n<meta property=\"og:image\" content=\"https:\/\/fuentesfidedignas.com.mx\/wp-content\/uploads\/2023\/07\/MAPA_TRIANGULO.jpg\" \/>\n\t<meta property=\"og:image:width\" content=\"1256\" \/>\n\t<meta property=\"og:image:height\" content=\"620\" \/>\n\t<meta property=\"og:image:type\" content=\"image\/jpeg\" \/>\n<meta name=\"author\" content=\"Leonardo Gutierrez\" \/>\n<meta name=\"twitter:card\" content=\"summary_large_image\" \/>\n<meta name=\"twitter:creator\" content=\"@fidedignas\" \/>\n<meta name=\"twitter:site\" content=\"@fidedignas\" \/>\n<meta name=\"twitter:label1\" content=\"Escrito por\" \/>\n\t<meta name=\"twitter:data1\" content=\"Leonardo Gutierrez\" \/>\n\t<meta name=\"twitter:label2\" content=\"Tiempo de lectura\" \/>\n\t<meta name=\"twitter:data2\" content=\"2 minutos\" \/>\n<script type=\"application\/ld+json\" class=\"yoast-schema-graph\">{\"@context\":\"https:\\\/\\\/schema.org\",\"@graph\":[{\"@type\":\"Article\",\"@id\":\"https:\\\/\\\/fuentesfidedignas.com.mx\\\/index.php\\\/2023\\\/07\\\/31\\\/luz-veronica-aviles-rochin-trabaja-para-dejar-de-estigmatizar-el-triangulo-dorado\\\/#article\",\"isPartOf\":{\"@id\":\"https:\\\/\\\/fuentesfidedignas.com.mx\\\/index.php\\\/2023\\\/07\\\/31\\\/luz-veronica-aviles-rochin-trabaja-para-dejar-de-estigmatizar-el-triangulo-dorado\\\/\"},\"author\":{\"name\":\"Leonardo Gutierrez\",\"@id\":\"https:\\\/\\\/fuentesfidedignas.com.mx\\\/#\\\/schema\\\/person\\\/c77df25c00baae1d4fdc0340db6f364c\"},\"headline\":\"Luz Ver\u00f3nica Avil\u00e9s Roch\u00edn trabaja para dejar de estigmatizar el &#8220;Tri\u00e1ngulo Dorado&#8221;\",\"datePublished\":\"2023-07-31T08:50:05+00:00\",\"mainEntityOfPage\":{\"@id\":\"https:\\\/\\\/fuentesfidedignas.com.mx\\\/index.php\\\/2023\\\/07\\\/31\\\/luz-veronica-aviles-rochin-trabaja-para-dejar-de-estigmatizar-el-triangulo-dorado\\\/\"},\"wordCount\":373,\"commentCount\":0,\"publisher\":{\"@id\":\"https:\\\/\\\/fuentesfidedignas.com.mx\\\/#organization\"},\"image\":{\"@id\":\"https:\\\/\\\/fuentesfidedignas.com.mx\\\/index.php\\\/2023\\\/07\\\/31\\\/luz-veronica-aviles-rochin-trabaja-para-dejar-de-estigmatizar-el-triangulo-dorado\\\/#primaryimage\"},\"thumbnailUrl\":\"https:\\\/\\\/fuentesfidedignas.com.mx\\\/wp-content\\\/uploads\\\/2023\\\/07\\\/MAPA_TRIANGULO.jpg\",\"articleSection\":[\"SEMANALES\",\"SINALOA POSITIVO\"],\"inLanguage\":\"es\",\"potentialAction\":[{\"@type\":\"CommentAction\",\"name\":\"Comment\",\"target\":[\"https:\\\/\\\/fuentesfidedignas.com.mx\\\/index.php\\\/2023\\\/07\\\/31\\\/luz-veronica-aviles-rochin-trabaja-para-dejar-de-estigmatizar-el-triangulo-dorado\\\/#respond\"]}]},{\"@type\":\"WebPage\",\"@id\":\"https:\\\/\\\/fuentesfidedignas.com.mx\\\/index.php\\\/2023\\\/07\\\/31\\\/luz-veronica-aviles-rochin-trabaja-para-dejar-de-estigmatizar-el-triangulo-dorado\\\/\",\"url\":\"https:\\\/\\\/fuentesfidedignas.com.mx\\\/index.php\\\/2023\\\/07\\\/31\\\/luz-veronica-aviles-rochin-trabaja-para-dejar-de-estigmatizar-el-triangulo-dorado\\\/\",\"name\":\"Luz Ver\u00f3nica Avil\u00e9s Roch\u00edn trabaja para dejar de estigmatizar el \\\"Tri\u00e1ngulo Dorado\\\" - Fuentes Fidedignas\",\"isPartOf\":{\"@id\":\"https:\\\/\\\/fuentesfidedignas.com.mx\\\/#website\"},\"primaryImageOfPage\":{\"@id\":\"https:\\\/\\\/fuentesfidedignas.com.mx\\\/index.php\\\/2023\\\/07\\\/31\\\/luz-veronica-aviles-rochin-trabaja-para-dejar-de-estigmatizar-el-triangulo-dorado\\\/#primaryimage\"},\"image\":{\"@id\":\"https:\\\/\\\/fuentesfidedignas.com.mx\\\/index.php\\\/2023\\\/07\\\/31\\\/luz-veronica-aviles-rochin-trabaja-para-dejar-de-estigmatizar-el-triangulo-dorado\\\/#primaryimage\"},\"thumbnailUrl\":\"https:\\\/\\\/fuentesfidedignas.com.mx\\\/wp-content\\\/uploads\\\/2023\\\/07\\\/MAPA_TRIANGULO.jpg\",\"datePublished\":\"2023-07-31T08:50:05+00:00\",\"breadcrumb\":{\"@id\":\"https:\\\/\\\/fuentesfidedignas.com.mx\\\/index.php\\\/2023\\\/07\\\/31\\\/luz-veronica-aviles-rochin-trabaja-para-dejar-de-estigmatizar-el-triangulo-dorado\\\/#breadcrumb\"},\"inLanguage\":\"es\",\"potentialAction\":[{\"@type\":\"ReadAction\",\"target\":[\"https:\\\/\\\/fuentesfidedignas.com.mx\\\/index.php\\\/2023\\\/07\\\/31\\\/luz-veronica-aviles-rochin-trabaja-para-dejar-de-estigmatizar-el-triangulo-dorado\\\/\"]}]},{\"@type\":\"ImageObject\",\"inLanguage\":\"es\",\"@id\":\"https:\\\/\\\/fuentesfidedignas.com.mx\\\/index.php\\\/2023\\\/07\\\/31\\\/luz-veronica-aviles-rochin-trabaja-para-dejar-de-estigmatizar-el-triangulo-dorado\\\/#primaryimage\",\"url\":\"https:\\\/\\\/fuentesfidedignas.com.mx\\\/wp-content\\\/uploads\\\/2023\\\/07\\\/MAPA_TRIANGULO.jpg\",\"contentUrl\":\"https:\\\/\\\/fuentesfidedignas.com.mx\\\/wp-content\\\/uploads\\\/2023\\\/07\\\/MAPA_TRIANGULO.jpg\",\"width\":1256,\"height\":620},{\"@type\":\"BreadcrumbList\",\"@id\":\"https:\\\/\\\/fuentesfidedignas.com.mx\\\/index.php\\\/2023\\\/07\\\/31\\\/luz-veronica-aviles-rochin-trabaja-para-dejar-de-estigmatizar-el-triangulo-dorado\\\/#breadcrumb\",\"itemListElement\":[{\"@type\":\"ListItem\",\"position\":1,\"name\":\"Inicio\",\"item\":\"https:\\\/\\\/fuentesfidedignas.com.mx\\\/\"},{\"@type\":\"ListItem\",\"position\":2,\"name\":\"Luz Ver\u00f3nica Avil\u00e9s Roch\u00edn trabaja para dejar de estigmatizar el &#8220;Tri\u00e1ngulo Dorado&#8221;\"}]},{\"@type\":\"WebSite\",\"@id\":\"https:\\\/\\\/fuentesfidedignas.com.mx\\\/#website\",\"url\":\"https:\\\/\\\/fuentesfidedignas.com.mx\\\/\",\"name\":\"Fuentes Fidedignas\",\"description\":\"Otro sitio realizado con WordPress\",\"publisher\":{\"@id\":\"https:\\\/\\\/fuentesfidedignas.com.mx\\\/#organization\"},\"potentialAction\":[{\"@type\":\"SearchAction\",\"target\":{\"@type\":\"EntryPoint\",\"urlTemplate\":\"https:\\\/\\\/fuentesfidedignas.com.mx\\\/?s={search_term_string}\"},\"query-input\":{\"@type\":\"PropertyValueSpecification\",\"valueRequired\":true,\"valueName\":\"search_term_string\"}}],\"inLanguage\":\"es\"},{\"@type\":\"Organization\",\"@id\":\"https:\\\/\\\/fuentesfidedignas.com.mx\\\/#organization\",\"name\":\"Fuentes Fidedignas\",\"url\":\"https:\\\/\\\/fuentesfidedignas.com.mx\\\/\",\"logo\":{\"@type\":\"ImageObject\",\"inLanguage\":\"es\",\"@id\":\"https:\\\/\\\/fuentesfidedignas.com.mx\\\/#\\\/schema\\\/logo\\\/image\\\/\",\"url\":\"https:\\\/\\\/fuentesfidedignas.com.mx\\\/wp-content\\\/uploads\\\/2021\\\/04\\\/logo-retina.png\",\"contentUrl\":\"https:\\\/\\\/fuentesfidedignas.com.mx\\\/wp-content\\\/uploads\\\/2021\\\/04\\\/logo-retina.png\",\"width\":280,\"height\":51,\"caption\":\"Fuentes Fidedignas\"},\"image\":{\"@id\":\"https:\\\/\\\/fuentesfidedignas.com.mx\\\/#\\\/schema\\\/logo\\\/image\\\/\"},\"sameAs\":[\"https:\\\/\\\/www.facebook.com\\\/Fuentes-Fidedignas-368234489921644\",\"https:\\\/\\\/x.com\\\/fidedignas\"]},{\"@type\":\"Person\",\"@id\":\"https:\\\/\\\/fuentesfidedignas.com.mx\\\/#\\\/schema\\\/person\\\/c77df25c00baae1d4fdc0340db6f364c\",\"name\":\"Leonardo Gutierrez\",\"image\":{\"@type\":\"ImageObject\",\"inLanguage\":\"es\",\"@id\":\"https:\\\/\\\/secure.gravatar.com\\\/avatar\\\/17b13a7a986cc98ca4d7337340bcac5945cbae677961c354aefb3c7962c8cc1f?s=96&d=mm&r=g\",\"url\":\"https:\\\/\\\/secure.gravatar.com\\\/avatar\\\/17b13a7a986cc98ca4d7337340bcac5945cbae677961c354aefb3c7962c8cc1f?s=96&d=mm&r=g\",\"contentUrl\":\"https:\\\/\\\/secure.gravatar.com\\\/avatar\\\/17b13a7a986cc98ca4d7337340bcac5945cbae677961c354aefb3c7962c8cc1f?s=96&d=mm&r=g\",\"caption\":\"Leonardo Gutierrez\"},\"url\":\"https:\\\/\\\/fuentesfidedignas.com.mx\\\/index.php\\\/author\\\/leonardogut\\\/\"}]}<\/script>\n<!-- \/ Yoast SEO plugin. -->","yoast_head_json":{"title":"Luz Ver\u00f3nica Avil\u00e9s Roch\u00edn trabaja para dejar de estigmatizar el \"Tri\u00e1ngulo Dorado\" - Fuentes Fidedignas","robots":{"index":"index","follow":"follow","max-snippet":"max-snippet:-1","max-image-preview":"max-image-preview:large","max-video-preview":"max-video-preview:-1"},"canonical":"https:\/\/fuentesfidedignas.com.mx\/index.php\/2023\/07\/31\/luz-veronica-aviles-rochin-trabaja-para-dejar-de-estigmatizar-el-triangulo-dorado\/","og_locale":"es_MX","og_type":"article","og_title":"Luz Ver\u00f3nica Avil\u00e9s Roch\u00edn trabaja para dejar de estigmatizar el \"Tri\u00e1ngulo Dorado\" - Fuentes Fidedignas","og_description":"El trabajo lo realizar\u00e1 junto con los legisladores de Durango y Chihuahua para cambiar la idea de que el &#8220;Tri\u00e1ngulo Dorado&#8221; es un lugar de gente peligrosa Culiac\u00e1n, Sin.- La diputada local por Morena, Luz Ver\u00f3nica Avil\u00e9s Roch\u00edn, quien tambi\u00e9n es presidenta de la Comisi\u00f3n de Turismo en el Congreso del Estado, le est\u00e1 dando [&hellip;]","og_url":"https:\/\/fuentesfidedignas.com.mx\/index.php\/2023\/07\/31\/luz-veronica-aviles-rochin-trabaja-para-dejar-de-estigmatizar-el-triangulo-dorado\/","og_site_name":"Fuentes Fidedignas","article_publisher":"https:\/\/www.facebook.com\/Fuentes-Fidedignas-368234489921644","article_published_time":"2023-07-31T08:50:05+00:00","og_image":[{"width":1256,"height":620,"url":"https:\/\/fuentesfidedignas.com.mx\/wp-content\/uploads\/2023\/07\/MAPA_TRIANGULO.jpg","type":"image\/jpeg"}],"author":"Leonardo Gutierrez","twitter_card":"summary_large_image","twitter_creator":"@fidedignas","twitter_site":"@fidedignas","twitter_misc":{"Escrito por":"Leonardo Gutierrez","Tiempo de lectura":"2 minutos"},"schema":{"@context":"https:\/\/schema.org","@graph":[{"@type":"Article","@id":"https:\/\/fuentesfidedignas.com.mx\/index.php\/2023\/07\/31\/luz-veronica-aviles-rochin-trabaja-para-dejar-de-estigmatizar-el-triangulo-dorado\/#article","isPartOf":{"@id":"https:\/\/fuentesfidedignas.com.mx\/index.php\/2023\/07\/31\/luz-veronica-aviles-rochin-trabaja-para-dejar-de-estigmatizar-el-triangulo-dorado\/"},"author":{"name":"Leonardo Gutierrez","@id":"https:\/\/fuentesfidedignas.com.mx\/#\/schema\/person\/c77df25c00baae1d4fdc0340db6f364c"},"headline":"Luz Ver\u00f3nica Avil\u00e9s Roch\u00edn trabaja para dejar de estigmatizar el &#8220;Tri\u00e1ngulo Dorado&#8221;","datePublished":"2023-07-31T08:50:05+00:00","mainEntityOfPage":{"@id":"https:\/\/fuentesfidedignas.com.mx\/index.php\/2023\/07\/31\/luz-veronica-aviles-rochin-trabaja-para-dejar-de-estigmatizar-el-triangulo-dorado\/"},"wordCount":373,"commentCount":0,"publisher":{"@id":"https:\/\/fuentesfidedignas.com.mx\/#organization"},"image":{"@id":"https:\/\/fuentesfidedignas.com.mx\/index.php\/2023\/07\/31\/luz-veronica-aviles-rochin-trabaja-para-dejar-de-estigmatizar-el-triangulo-dorado\/#primaryimage"},"thumbnailUrl":"https:\/\/fuentesfidedignas.com.mx\/wp-content\/uploads\/2023\/07\/MAPA_TRIANGULO.jpg","articleSection":["SEMANALES","SINALOA POSITIVO"],"inLanguage":"es","potentialAction":[{"@type":"CommentAction","name":"Comment","target":["https:\/\/fuentesfidedignas.com.mx\/index.php\/2023\/07\/31\/luz-veronica-aviles-rochin-trabaja-para-dejar-de-estigmatizar-el-triangulo-dorado\/#respond"]}]},{"@type":"WebPage","@id":"https:\/\/fuentesfidedignas.com.mx\/index.php\/2023\/07\/31\/luz-veronica-aviles-rochin-trabaja-para-dejar-de-estigmatizar-el-triangulo-dorado\/","url":"https:\/\/fuentesfidedignas.com.mx\/index.php\/2023\/07\/31\/luz-veronica-aviles-rochin-trabaja-para-dejar-de-estigmatizar-el-triangulo-dorado\/","name":"Luz Ver\u00f3nica Avil\u00e9s Roch\u00edn trabaja para dejar de estigmatizar el \"Tri\u00e1ngulo Dorado\" - Fuentes Fidedignas","isPartOf":{"@id":"https:\/\/fuentesfidedignas.com.mx\/#website"},"primaryImageOfPage":{"@id":"https:\/\/fuentesfidedignas.com.mx\/index.php\/2023\/07\/31\/luz-veronica-aviles-rochin-trabaja-para-dejar-de-estigmatizar-el-triangulo-dorado\/#primaryimage"},"image":{"@id":"https:\/\/fuentesfidedignas.com.mx\/index.php\/2023\/07\/31\/luz-veronica-aviles-rochin-trabaja-para-dejar-de-estigmatizar-el-triangulo-dorado\/#primaryimage"},"thumbnailUrl":"https:\/\/fuentesfidedignas.com.mx\/wp-content\/uploads\/2023\/07\/MAPA_TRIANGULO.jpg","datePublished":"2023-07-31T08:50:05+00:00","breadcrumb":{"@id":"https:\/\/fuentesfidedignas.com.mx\/index.php\/2023\/07\/31\/luz-veronica-aviles-rochin-trabaja-para-dejar-de-estigmatizar-el-triangulo-dorado\/#breadcrumb"},"inLanguage":"es","potentialAction":[{"@type":"ReadAction","target":["https:\/\/fuentesfidedignas.com.mx\/index.php\/2023\/07\/31\/luz-veronica-aviles-rochin-trabaja-para-dejar-de-estigmatizar-el-triangulo-dorado\/"]}]},{"@type":"ImageObject","inLanguage":"es","@id":"https:\/\/fuentesfidedignas.com.mx\/index.php\/2023\/07\/31\/luz-veronica-aviles-rochin-trabaja-para-dejar-de-estigmatizar-el-triangulo-dorado\/#primaryimage","url":"https:\/\/fuentesfidedignas.com.mx\/wp-content\/uploads\/2023\/07\/MAPA_TRIANGULO.jpg","contentUrl":"https:\/\/fuentesfidedignas.com.mx\/wp-content\/uploads\/2023\/07\/MAPA_TRIANGULO.jpg","width":1256,"height":620},{"@type":"BreadcrumbList","@id":"https:\/\/fuentesfidedignas.com.mx\/index.php\/2023\/07\/31\/luz-veronica-aviles-rochin-trabaja-para-dejar-de-estigmatizar-el-triangulo-dorado\/#breadcrumb","itemListElement":[{"@type":"ListItem","position":1,"name":"Inicio","item":"https:\/\/fuentesfidedignas.com.mx\/"},{"@type":"ListItem","position":2,"name":"Luz Ver\u00f3nica Avil\u00e9s Roch\u00edn trabaja para dejar de estigmatizar el &#8220;Tri\u00e1ngulo Dorado&#8221;"}]},{"@type":"WebSite","@id":"https:\/\/fuentesfidedignas.com.mx\/#website","url":"https:\/\/fuentesfidedignas.com.mx\/","name":"Fuentes Fidedignas","description":"Otro sitio realizado con WordPress","publisher":{"@id":"https:\/\/fuentesfidedignas.com.mx\/#organization"},"potentialAction":[{"@type":"SearchAction","target":{"@type":"EntryPoint","urlTemplate":"https:\/\/fuentesfidedignas.com.mx\/?s={search_term_string}"},"query-input":{"@type":"PropertyValueSpecification","valueRequired":true,"valueName":"search_term_string"}}],"inLanguage":"es"},{"@type":"Organization","@id":"https:\/\/fuentesfidedignas.com.mx\/#organization","name":"Fuentes Fidedignas","url":"https:\/\/fuentesfidedignas.com.mx\/","logo":{"@type":"ImageObject","inLanguage":"es","@id":"https:\/\/fuentesfidedignas.com.mx\/#\/schema\/logo\/image\/","url":"https:\/\/fuentesfidedignas.com.mx\/wp-content\/uploads\/2021\/04\/logo-retina.png","contentUrl":"https:\/\/fuentesfidedignas.com.mx\/wp-content\/uploads\/2021\/04\/logo-retina.png","width":280,"height":51,"caption":"Fuentes Fidedignas"},"image":{"@id":"https:\/\/fuentesfidedignas.com.mx\/#\/schema\/logo\/image\/"},"sameAs":["https:\/\/www.facebook.com\/Fuentes-Fidedignas-368234489921644","https:\/\/x.com\/fidedignas"]},{"@type":"Person","@id":"https:\/\/fuentesfidedignas.com.mx\/#\/schema\/person\/c77df25c00baae1d4fdc0340db6f364c","name":"Leonardo Gutierrez","image":{"@type":"ImageObject","inLanguage":"es","@id":"https:\/\/secure.gravatar.com\/avatar\/17b13a7a986cc98ca4d7337340bcac5945cbae677961c354aefb3c7962c8cc1f?s=96&d=mm&r=g","url":"https:\/\/secure.gravatar.com\/avatar\/17b13a7a986cc98ca4d7337340bcac5945cbae677961c354aefb3c7962c8cc1f?s=96&d=mm&r=g","contentUrl":"https:\/\/secure.gravatar.com\/avatar\/17b13a7a986cc98ca4d7337340bcac5945cbae677961c354aefb3c7962c8cc1f?s=96&d=mm&r=g","caption":"Leonardo Gutierrez"},"url":"https:\/\/fuentesfidedignas.com.mx\/index.php\/author\/leonardogut\/"}]}},"_links":{"self":[{"href":"https:\/\/fuentesfidedignas.com.mx\/index.php\/wp-json\/wp\/v2\/posts\/53972","targetHints":{"allow":["GET"]}}],"collection":[{"href":"https:\/\/fuentesfidedignas.com.mx\/index.php\/wp-json\/wp\/v2\/posts"}],"about":[{"href":"https:\/\/fuentesfidedignas.com.mx\/index.php\/wp-json\/wp\/v2\/types\/post"}],"author":[{"embeddable":true,"href":"https:\/\/fuentesfidedignas.com.mx\/index.php\/wp-json\/wp\/v2\/users\/112"}],"replies":[{"embeddable":true,"href":"https:\/\/fuentesfidedignas.com.mx\/index.php\/wp-json\/wp\/v2\/comments?post=53972"}],"version-history":[{"count":3,"href":"https:\/\/fuentesfidedignas.com.mx\/index.php\/wp-json\/wp\/v2\/posts\/53972\/revisions"}],"predecessor-version":[{"id":56285,"href":"https:\/\/fuentesfidedignas.com.mx\/index.php\/wp-json\/wp\/v2\/posts\/53972\/revisions\/56285"}],"wp:featuredmedia":[{"embeddable":true,"href":"https:\/\/fuentesfidedignas.com.mx\/index.php\/wp-json\/wp\/v2\/media\/53979"}],"wp:attachment":[{"href":"https:\/\/fuentesfidedignas.com.mx\/index.php\/wp-json\/wp\/v2\/media?parent=53972"}],"wp:term":[{"taxonomy":"category","embeddable":true,"href":"https:\/\/fuentesfidedignas.com.mx\/index.php\/wp-json\/wp\/v2\/categories?post=53972"},{"taxonomy":"post_tag","embeddable":true,"href":"https:\/\/fuentesfidedignas.com.mx\/index.php\/wp-json\/wp\/v2\/tags?post=53972"}],"curies":[{"name":"wp","href":"https:\/\/api.w.org\/{rel}","templated":true}]}}