{"id":53913,"date":"2023-07-29T12:15:53","date_gmt":"2023-07-29T19:15:53","guid":{"rendered":"https:\/\/fuentesfidedignas.com.mx\/?p=53913"},"modified":"2023-07-29T12:16:18","modified_gmt":"2023-07-29T19:16:18","slug":"mexico-planea-abrir-centro-de-procesamiento-de-migrantes-y-podra-referenciar-casos-a-eu","status":"publish","type":"post","link":"https:\/\/fuentesfidedignas.com.mx\/index.php\/2023\/07\/29\/mexico-planea-abrir-centro-de-procesamiento-de-migrantes-y-podra-referenciar-casos-a-eu\/","title":{"rendered":"M\u00e9xico planea abrir centro de procesamiento de migrantes y podr\u00e1 referenciar casos a EU"},"content":{"rendered":"\n<p><strong><em>M\u00e9xico planea instalar un espacio en el sur donde se procesar\u00e1n solicitudes de refugio y de empleo de migrantes que ya est\u00e1n en el pa\u00eds y podr\u00e1 referenciar a Estados Unidos casos de personas de Venezuela, Cuba, Hait\u00ed y Nicaragua.<\/em><\/strong><\/p>\n\n\n\n<p>CIUDAD DE M\u00c9XICO (AP).\u2014 M\u00e9xico planea instalar un espacio en el sur donde se procesar\u00e1n solicitudes de refugio y de empleo de migrantes que ya est\u00e1n en el pa\u00eds y podr\u00e1 referenciar a Estados Unidos casos de personas de Venezuela, Cuba, Hait\u00ed y Nicaragua para su eventual reubicaci\u00f3n como refugiados en territorio estadunidense si cumplen determinados requisitos, anunciaron los gobiernos de ambos pa\u00edses.<\/p>\n\n\n\n<p>Los pronunciamientos de las autoridades carecen de detalles sobre d\u00f3nde o c\u00f3mo funcionar\u00e1 el nuevo espacio y tampoco se sabe a cu\u00e1ntos migrantes podr\u00eda beneficiar o si Estados Unidos podr\u00eda aumentar los cupos que ya tiene establecidos. Que los anuncios se hayan hecho de forma separada hace intuir que todav\u00eda siguen las negociaciones.<\/p>\n\n\n\n<p>Jake Sullivan, consejero de Seguridad Nacional del presidente Joe Biden, inform\u00f3 el viernes del \u201cpleno apoyo\u201d de Estados Unidos al plan mexicano para establecer \u201cun espacio internacional multiprop\u00f3sito para ofrecer nuevas opciones de refugio y trabajo a las personas m\u00e1s vulnerables que actualmente se encuentran en M\u00e9xico\u201d.<\/p>\n\n\n\n<p>\u201cTambi\u00e9n nos comprometemos a aceptar referencias para el reasentamiento de refugiados que sean personas que cumplan una serie de requisitos de Cuba, Hait\u00ed, Nicaragua y Venezuela y que ya est\u00e9n en M\u00e9xico\u201d, agreg\u00f3 Sullivan.<\/p>\n\n\n\n<p>La canciller\u00eda mexicana se hab\u00eda referido d\u00edas antes a la instalaci\u00f3n de un \u201cpaso internacional en el sur de M\u00e9xico que brinde servicios de refugio y empleo a las personas que se quedaron en el pa\u00eds al t\u00e9rmino del T\u00edtulo 42\u201d, la medida de salud p\u00fablica por la que Estados Unidos expulsaba a migrantes de forma expedita y que acab\u00f3 en mayo.<\/p>\n\n\n\n<p>Andr\u00e9s Ram\u00edrez, titular de la Comisi\u00f3n Mexicana de Ayuda al Refugiado (Comar), dijo a AP que, seg\u00fan su experiencia, todo apunta a que el nuevo espacio podr\u00eda servir por un lado para que personas de esas nacionalidades que ya tienen la condici\u00f3n de refugiado en M\u00e9xico puedan ser reasentadas en Estados Unidos; y por otro, para hacer el \u201cscreening\u201d, es decir, la revisi\u00f3n puntual de solicitudes nuevas con destino a ese pa\u00eds.<\/p>\n\n\n\n<p>No obstante, admiti\u00f3 que desconoc\u00eda los detalles porque cree que todav\u00eda falta concretarlos y hacerlos operativos. \u201cMuchas veces los gobiernos al nivel de los presidentes dicen cosas, pero luego a la hora de que lo tienes que materializar, entras con el diablo que est\u00e1 en los detalles. Hay que ver qu\u00e9 es viable, qu\u00e9 no es viable, cu\u00e1les son los criterios, cu\u00e1les son las cuotas, cu\u00e1les son los plazos, los tiempos, los lugares\u2026\u201d.<\/p>\n\n\n\n<p>No cree que se trate del centro que Comar y el Alto Comisionado de Naciones Unidas para los Refugiados est\u00e1n construyendo en Tapachula, junto a la frontera de Guatemala, para agilizar los procesamientos de asilo y empleo de migrantes que busquen quedarse en M\u00e9xico porque las obras de ese edificio van lentas y no estar\u00e1 operativo hasta el a\u00f1o que viene.<\/p>\n\n\n\n<p>Ram\u00edrez ve m\u00e1s viable que se busque otro espacio que pueda empezar a operar relativamente r\u00e1pido.<\/p>\n\n\n\n<p>Estados Unidos cambi\u00f3 sus normas sobre asilo en mayo con la intenci\u00f3n de terminar con el pol\u00e9mico T\u00edtulo 42 que impuso la administraci\u00f3n de Donald Trump al inicio de la pandemia y de potenciar las v\u00edas para emigrar legalmente al pa\u00eds y evitar un caos en la frontera.<\/p>\n\n\n\n<p>Para ello impuls\u00f3 el sistema de registro de solicitudes a trav\u00e9s de la aplicaci\u00f3n por internet CBPOne pero, a su vez, restringi\u00f3 las opciones de refugio para los solicitantes que cruzan irregularmente la frontera o para aquellos que no ped\u00edan antes asilo en M\u00e9xico, lo que provoc\u00f3 recursos en los tribunales todav\u00eda sin solucionar porque, seg\u00fan los activistas, estas \u00faltimas medidas violan los derechos de los migrantes y los pone en mayor peligro.<\/p>\n\n\n\n<p>Como los flujos migratorios desde Am\u00e9rica del Sur y Am\u00e9rica Central siguen creciendo, Estados Unidos anunci\u00f3 la apertura de varios centros de procesamiento de migrantes, los primeros en Colombia y Guatemala, para evitar que siguieran el viaje de forma irregular.<\/p>\n\n\n\n<p>Por su parte, M\u00e9xico aspira a poder regularizar migrantes y ofrecerles empleo en los grandes proyectos de infraestructura que se est\u00e1n haciendo en el sur del pa\u00eds, como el corredor interoce\u00e1nico en el istmo de Tehuantepec (la parte m\u00e1s estrecha de M\u00e9xico), los aeropuertos o el tur\u00edstico Tren Maya que recorrer\u00e1 la pen\u00ednsula de Yucat\u00e1n.<\/p>\n\n\n\n<p>Ambos gobiernos consideran que el anuncio es un avance en el objetivo de lograr una migraci\u00f3n ordenada, fruto de los encuentros de esta semana entre el presidente Andr\u00e9s Manuel L\u00f3pez Obrador, y enviados del equipo de seguridad nacional de la Casa Blanca.<\/p>\n","protected":false},"excerpt":{"rendered":"<p>M\u00e9xico planea instalar un espacio en el sur donde se procesar\u00e1n solicitudes de refugio y de empleo de migrantes que ya est\u00e1n en el pa\u00eds y podr\u00e1 referenciar a Estados Unidos casos de personas de Venezuela, Cuba, Hait\u00ed y Nicaragua. CIUDAD DE M\u00c9XICO (AP).\u2014 M\u00e9xico planea instalar un espacio en el sur donde se procesar\u00e1n [&hellip;]<\/p>\n","protected":false},"author":50,"featured_media":53914,"comment_status":"open","ping_status":"open","sticky":false,"template":"","format":"standard","meta":{"tdm_status":"","tdm_grid_status":"","footnotes":""},"categories":[39],"tags":[],"class_list":{"0":"post-53913","1":"post","2":"type-post","3":"status-publish","4":"format-standard","5":"has-post-thumbnail","7":"category-noticias-nacionales"},"yoast_head":"<!-- This site is optimized with the Yoast SEO plugin v27.4 - https:\/\/yoast.com\/product\/yoast-seo-wordpress\/ -->\n<title>M\u00e9xico planea abrir centro de procesamiento de migrantes y podr\u00e1 referenciar casos a EU - Fuentes Fidedignas<\/title>\n<meta name=\"robots\" content=\"index, follow, max-snippet:-1, max-image-preview:large, max-video-preview:-1\" \/>\n<link rel=\"canonical\" href=\"https:\/\/fuentesfidedignas.com.mx\/index.php\/2023\/07\/29\/mexico-planea-abrir-centro-de-procesamiento-de-migrantes-y-podra-referenciar-casos-a-eu\/\" \/>\n<meta property=\"og:locale\" content=\"es_MX\" \/>\n<meta property=\"og:type\" content=\"article\" \/>\n<meta property=\"og:title\" content=\"M\u00e9xico planea abrir centro de procesamiento de migrantes y podr\u00e1 referenciar casos a EU - Fuentes Fidedignas\" \/>\n<meta property=\"og:description\" content=\"M\u00e9xico planea instalar un espacio en el sur donde se procesar\u00e1n solicitudes de refugio y de empleo de migrantes que ya est\u00e1n en el pa\u00eds y podr\u00e1 referenciar a Estados Unidos casos de personas de Venezuela, Cuba, Hait\u00ed y Nicaragua. CIUDAD DE M\u00c9XICO (AP).\u2014 M\u00e9xico planea instalar un espacio en el sur donde se procesar\u00e1n [&hellip;]\" \/>\n<meta property=\"og:url\" content=\"https:\/\/fuentesfidedignas.com.mx\/index.php\/2023\/07\/29\/mexico-planea-abrir-centro-de-procesamiento-de-migrantes-y-podra-referenciar-casos-a-eu\/\" \/>\n<meta property=\"og:site_name\" content=\"Fuentes Fidedignas\" \/>\n<meta property=\"article:publisher\" content=\"https:\/\/www.facebook.com\/Fuentes-Fidedignas-368234489921644\" \/>\n<meta property=\"article:published_time\" content=\"2023-07-29T19:15:53+00:00\" \/>\n<meta property=\"article:modified_time\" content=\"2023-07-29T19:16:18+00:00\" \/>\n<meta property=\"og:image\" content=\"https:\/\/fuentesfidedignas.com.mx\/wp-content\/uploads\/2023\/07\/MIGRANTES.jpg\" \/>\n\t<meta property=\"og:image:width\" content=\"685\" \/>\n\t<meta property=\"og:image:height\" content=\"385\" \/>\n\t<meta property=\"og:image:type\" content=\"image\/jpeg\" \/>\n<meta name=\"author\" content=\"Proceso\" \/>\n<meta name=\"twitter:card\" content=\"summary_large_image\" \/>\n<meta name=\"twitter:creator\" content=\"@fidedignas\" \/>\n<meta name=\"twitter:site\" content=\"@fidedignas\" \/>\n<meta name=\"twitter:label1\" content=\"Escrito por\" \/>\n\t<meta name=\"twitter:data1\" content=\"Proceso\" \/>\n\t<meta name=\"twitter:label2\" content=\"Tiempo de lectura\" \/>\n\t<meta name=\"twitter:data2\" content=\"4 minutos\" \/>\n<script type=\"application\/ld+json\" class=\"yoast-schema-graph\">{\"@context\":\"https:\\\/\\\/schema.org\",\"@graph\":[{\"@type\":\"Article\",\"@id\":\"https:\\\/\\\/fuentesfidedignas.com.mx\\\/index.php\\\/2023\\\/07\\\/29\\\/mexico-planea-abrir-centro-de-procesamiento-de-migrantes-y-podra-referenciar-casos-a-eu\\\/#article\",\"isPartOf\":{\"@id\":\"https:\\\/\\\/fuentesfidedignas.com.mx\\\/index.php\\\/2023\\\/07\\\/29\\\/mexico-planea-abrir-centro-de-procesamiento-de-migrantes-y-podra-referenciar-casos-a-eu\\\/\"},\"author\":{\"name\":\"Proceso\",\"@id\":\"https:\\\/\\\/fuentesfidedignas.com.mx\\\/#\\\/schema\\\/person\\\/eb72247ff123b3ce5e4cadc7f50ae372\"},\"headline\":\"M\u00e9xico planea abrir centro de procesamiento de migrantes y podr\u00e1 referenciar casos a EU\",\"datePublished\":\"2023-07-29T19:15:53+00:00\",\"dateModified\":\"2023-07-29T19:16:18+00:00\",\"mainEntityOfPage\":{\"@id\":\"https:\\\/\\\/fuentesfidedignas.com.mx\\\/index.php\\\/2023\\\/07\\\/29\\\/mexico-planea-abrir-centro-de-procesamiento-de-migrantes-y-podra-referenciar-casos-a-eu\\\/\"},\"wordCount\":870,\"commentCount\":0,\"publisher\":{\"@id\":\"https:\\\/\\\/fuentesfidedignas.com.mx\\\/#organization\"},\"image\":{\"@id\":\"https:\\\/\\\/fuentesfidedignas.com.mx\\\/index.php\\\/2023\\\/07\\\/29\\\/mexico-planea-abrir-centro-de-procesamiento-de-migrantes-y-podra-referenciar-casos-a-eu\\\/#primaryimage\"},\"thumbnailUrl\":\"https:\\\/\\\/fuentesfidedignas.com.mx\\\/wp-content\\\/uploads\\\/2023\\\/07\\\/MIGRANTES.jpg\",\"articleSection\":[\"NOTICIAS NACIONALES\"],\"inLanguage\":\"es\",\"potentialAction\":[{\"@type\":\"CommentAction\",\"name\":\"Comment\",\"target\":[\"https:\\\/\\\/fuentesfidedignas.com.mx\\\/index.php\\\/2023\\\/07\\\/29\\\/mexico-planea-abrir-centro-de-procesamiento-de-migrantes-y-podra-referenciar-casos-a-eu\\\/#respond\"]}]},{\"@type\":\"WebPage\",\"@id\":\"https:\\\/\\\/fuentesfidedignas.com.mx\\\/index.php\\\/2023\\\/07\\\/29\\\/mexico-planea-abrir-centro-de-procesamiento-de-migrantes-y-podra-referenciar-casos-a-eu\\\/\",\"url\":\"https:\\\/\\\/fuentesfidedignas.com.mx\\\/index.php\\\/2023\\\/07\\\/29\\\/mexico-planea-abrir-centro-de-procesamiento-de-migrantes-y-podra-referenciar-casos-a-eu\\\/\",\"name\":\"M\u00e9xico planea abrir centro de procesamiento de migrantes y podr\u00e1 referenciar casos a EU - Fuentes Fidedignas\",\"isPartOf\":{\"@id\":\"https:\\\/\\\/fuentesfidedignas.com.mx\\\/#website\"},\"primaryImageOfPage\":{\"@id\":\"https:\\\/\\\/fuentesfidedignas.com.mx\\\/index.php\\\/2023\\\/07\\\/29\\\/mexico-planea-abrir-centro-de-procesamiento-de-migrantes-y-podra-referenciar-casos-a-eu\\\/#primaryimage\"},\"image\":{\"@id\":\"https:\\\/\\\/fuentesfidedignas.com.mx\\\/index.php\\\/2023\\\/07\\\/29\\\/mexico-planea-abrir-centro-de-procesamiento-de-migrantes-y-podra-referenciar-casos-a-eu\\\/#primaryimage\"},\"thumbnailUrl\":\"https:\\\/\\\/fuentesfidedignas.com.mx\\\/wp-content\\\/uploads\\\/2023\\\/07\\\/MIGRANTES.jpg\",\"datePublished\":\"2023-07-29T19:15:53+00:00\",\"dateModified\":\"2023-07-29T19:16:18+00:00\",\"breadcrumb\":{\"@id\":\"https:\\\/\\\/fuentesfidedignas.com.mx\\\/index.php\\\/2023\\\/07\\\/29\\\/mexico-planea-abrir-centro-de-procesamiento-de-migrantes-y-podra-referenciar-casos-a-eu\\\/#breadcrumb\"},\"inLanguage\":\"es\",\"potentialAction\":[{\"@type\":\"ReadAction\",\"target\":[\"https:\\\/\\\/fuentesfidedignas.com.mx\\\/index.php\\\/2023\\\/07\\\/29\\\/mexico-planea-abrir-centro-de-procesamiento-de-migrantes-y-podra-referenciar-casos-a-eu\\\/\"]}]},{\"@type\":\"ImageObject\",\"inLanguage\":\"es\",\"@id\":\"https:\\\/\\\/fuentesfidedignas.com.mx\\\/index.php\\\/2023\\\/07\\\/29\\\/mexico-planea-abrir-centro-de-procesamiento-de-migrantes-y-podra-referenciar-casos-a-eu\\\/#primaryimage\",\"url\":\"https:\\\/\\\/fuentesfidedignas.com.mx\\\/wp-content\\\/uploads\\\/2023\\\/07\\\/MIGRANTES.jpg\",\"contentUrl\":\"https:\\\/\\\/fuentesfidedignas.com.mx\\\/wp-content\\\/uploads\\\/2023\\\/07\\\/MIGRANTES.jpg\",\"width\":685,\"height\":385},{\"@type\":\"BreadcrumbList\",\"@id\":\"https:\\\/\\\/fuentesfidedignas.com.mx\\\/index.php\\\/2023\\\/07\\\/29\\\/mexico-planea-abrir-centro-de-procesamiento-de-migrantes-y-podra-referenciar-casos-a-eu\\\/#breadcrumb\",\"itemListElement\":[{\"@type\":\"ListItem\",\"position\":1,\"name\":\"Inicio\",\"item\":\"https:\\\/\\\/fuentesfidedignas.com.mx\\\/\"},{\"@type\":\"ListItem\",\"position\":2,\"name\":\"M\u00e9xico planea abrir centro de procesamiento de migrantes y podr\u00e1 referenciar casos a EU\"}]},{\"@type\":\"WebSite\",\"@id\":\"https:\\\/\\\/fuentesfidedignas.com.mx\\\/#website\",\"url\":\"https:\\\/\\\/fuentesfidedignas.com.mx\\\/\",\"name\":\"Fuentes Fidedignas\",\"description\":\"Otro sitio realizado con WordPress\",\"publisher\":{\"@id\":\"https:\\\/\\\/fuentesfidedignas.com.mx\\\/#organization\"},\"potentialAction\":[{\"@type\":\"SearchAction\",\"target\":{\"@type\":\"EntryPoint\",\"urlTemplate\":\"https:\\\/\\\/fuentesfidedignas.com.mx\\\/?s={search_term_string}\"},\"query-input\":{\"@type\":\"PropertyValueSpecification\",\"valueRequired\":true,\"valueName\":\"search_term_string\"}}],\"inLanguage\":\"es\"},{\"@type\":\"Organization\",\"@id\":\"https:\\\/\\\/fuentesfidedignas.com.mx\\\/#organization\",\"name\":\"Fuentes Fidedignas\",\"url\":\"https:\\\/\\\/fuentesfidedignas.com.mx\\\/\",\"logo\":{\"@type\":\"ImageObject\",\"inLanguage\":\"es\",\"@id\":\"https:\\\/\\\/fuentesfidedignas.com.mx\\\/#\\\/schema\\\/logo\\\/image\\\/\",\"url\":\"https:\\\/\\\/fuentesfidedignas.com.mx\\\/wp-content\\\/uploads\\\/2021\\\/04\\\/logo-retina.png\",\"contentUrl\":\"https:\\\/\\\/fuentesfidedignas.com.mx\\\/wp-content\\\/uploads\\\/2021\\\/04\\\/logo-retina.png\",\"width\":280,\"height\":51,\"caption\":\"Fuentes Fidedignas\"},\"image\":{\"@id\":\"https:\\\/\\\/fuentesfidedignas.com.mx\\\/#\\\/schema\\\/logo\\\/image\\\/\"},\"sameAs\":[\"https:\\\/\\\/www.facebook.com\\\/Fuentes-Fidedignas-368234489921644\",\"https:\\\/\\\/x.com\\\/fidedignas\"]},{\"@type\":\"Person\",\"@id\":\"https:\\\/\\\/fuentesfidedignas.com.mx\\\/#\\\/schema\\\/person\\\/eb72247ff123b3ce5e4cadc7f50ae372\",\"name\":\"Proceso\",\"image\":{\"@type\":\"ImageObject\",\"inLanguage\":\"es\",\"@id\":\"https:\\\/\\\/secure.gravatar.com\\\/avatar\\\/0bb01ecb091d50a46122cbe5cc32ffea15a000f83628f1e40458e669d38ff2cd?s=96&d=mm&r=g\",\"url\":\"https:\\\/\\\/secure.gravatar.com\\\/avatar\\\/0bb01ecb091d50a46122cbe5cc32ffea15a000f83628f1e40458e669d38ff2cd?s=96&d=mm&r=g\",\"contentUrl\":\"https:\\\/\\\/secure.gravatar.com\\\/avatar\\\/0bb01ecb091d50a46122cbe5cc32ffea15a000f83628f1e40458e669d38ff2cd?s=96&d=mm&r=g\",\"caption\":\"Proceso\"},\"url\":\"https:\\\/\\\/fuentesfidedignas.com.mx\\\/index.php\\\/author\\\/proceso\\\/\"}]}<\/script>\n<!-- \/ Yoast SEO plugin. -->","yoast_head_json":{"title":"M\u00e9xico planea abrir centro de procesamiento de migrantes y podr\u00e1 referenciar casos a EU - Fuentes Fidedignas","robots":{"index":"index","follow":"follow","max-snippet":"max-snippet:-1","max-image-preview":"max-image-preview:large","max-video-preview":"max-video-preview:-1"},"canonical":"https:\/\/fuentesfidedignas.com.mx\/index.php\/2023\/07\/29\/mexico-planea-abrir-centro-de-procesamiento-de-migrantes-y-podra-referenciar-casos-a-eu\/","og_locale":"es_MX","og_type":"article","og_title":"M\u00e9xico planea abrir centro de procesamiento de migrantes y podr\u00e1 referenciar casos a EU - Fuentes Fidedignas","og_description":"M\u00e9xico planea instalar un espacio en el sur donde se procesar\u00e1n solicitudes de refugio y de empleo de migrantes que ya est\u00e1n en el pa\u00eds y podr\u00e1 referenciar a Estados Unidos casos de personas de Venezuela, Cuba, Hait\u00ed y Nicaragua. CIUDAD DE M\u00c9XICO (AP).\u2014 M\u00e9xico planea instalar un espacio en el sur donde se procesar\u00e1n [&hellip;]","og_url":"https:\/\/fuentesfidedignas.com.mx\/index.php\/2023\/07\/29\/mexico-planea-abrir-centro-de-procesamiento-de-migrantes-y-podra-referenciar-casos-a-eu\/","og_site_name":"Fuentes Fidedignas","article_publisher":"https:\/\/www.facebook.com\/Fuentes-Fidedignas-368234489921644","article_published_time":"2023-07-29T19:15:53+00:00","article_modified_time":"2023-07-29T19:16:18+00:00","og_image":[{"width":685,"height":385,"url":"https:\/\/fuentesfidedignas.com.mx\/wp-content\/uploads\/2023\/07\/MIGRANTES.jpg","type":"image\/jpeg"}],"author":"Proceso","twitter_card":"summary_large_image","twitter_creator":"@fidedignas","twitter_site":"@fidedignas","twitter_misc":{"Escrito por":"Proceso","Tiempo de lectura":"4 minutos"},"schema":{"@context":"https:\/\/schema.org","@graph":[{"@type":"Article","@id":"https:\/\/fuentesfidedignas.com.mx\/index.php\/2023\/07\/29\/mexico-planea-abrir-centro-de-procesamiento-de-migrantes-y-podra-referenciar-casos-a-eu\/#article","isPartOf":{"@id":"https:\/\/fuentesfidedignas.com.mx\/index.php\/2023\/07\/29\/mexico-planea-abrir-centro-de-procesamiento-de-migrantes-y-podra-referenciar-casos-a-eu\/"},"author":{"name":"Proceso","@id":"https:\/\/fuentesfidedignas.com.mx\/#\/schema\/person\/eb72247ff123b3ce5e4cadc7f50ae372"},"headline":"M\u00e9xico planea abrir centro de procesamiento de migrantes y podr\u00e1 referenciar casos a EU","datePublished":"2023-07-29T19:15:53+00:00","dateModified":"2023-07-29T19:16:18+00:00","mainEntityOfPage":{"@id":"https:\/\/fuentesfidedignas.com.mx\/index.php\/2023\/07\/29\/mexico-planea-abrir-centro-de-procesamiento-de-migrantes-y-podra-referenciar-casos-a-eu\/"},"wordCount":870,"commentCount":0,"publisher":{"@id":"https:\/\/fuentesfidedignas.com.mx\/#organization"},"image":{"@id":"https:\/\/fuentesfidedignas.com.mx\/index.php\/2023\/07\/29\/mexico-planea-abrir-centro-de-procesamiento-de-migrantes-y-podra-referenciar-casos-a-eu\/#primaryimage"},"thumbnailUrl":"https:\/\/fuentesfidedignas.com.mx\/wp-content\/uploads\/2023\/07\/MIGRANTES.jpg","articleSection":["NOTICIAS NACIONALES"],"inLanguage":"es","potentialAction":[{"@type":"CommentAction","name":"Comment","target":["https:\/\/fuentesfidedignas.com.mx\/index.php\/2023\/07\/29\/mexico-planea-abrir-centro-de-procesamiento-de-migrantes-y-podra-referenciar-casos-a-eu\/#respond"]}]},{"@type":"WebPage","@id":"https:\/\/fuentesfidedignas.com.mx\/index.php\/2023\/07\/29\/mexico-planea-abrir-centro-de-procesamiento-de-migrantes-y-podra-referenciar-casos-a-eu\/","url":"https:\/\/fuentesfidedignas.com.mx\/index.php\/2023\/07\/29\/mexico-planea-abrir-centro-de-procesamiento-de-migrantes-y-podra-referenciar-casos-a-eu\/","name":"M\u00e9xico planea abrir centro de procesamiento de migrantes y podr\u00e1 referenciar casos a EU - Fuentes Fidedignas","isPartOf":{"@id":"https:\/\/fuentesfidedignas.com.mx\/#website"},"primaryImageOfPage":{"@id":"https:\/\/fuentesfidedignas.com.mx\/index.php\/2023\/07\/29\/mexico-planea-abrir-centro-de-procesamiento-de-migrantes-y-podra-referenciar-casos-a-eu\/#primaryimage"},"image":{"@id":"https:\/\/fuentesfidedignas.com.mx\/index.php\/2023\/07\/29\/mexico-planea-abrir-centro-de-procesamiento-de-migrantes-y-podra-referenciar-casos-a-eu\/#primaryimage"},"thumbnailUrl":"https:\/\/fuentesfidedignas.com.mx\/wp-content\/uploads\/2023\/07\/MIGRANTES.jpg","datePublished":"2023-07-29T19:15:53+00:00","dateModified":"2023-07-29T19:16:18+00:00","breadcrumb":{"@id":"https:\/\/fuentesfidedignas.com.mx\/index.php\/2023\/07\/29\/mexico-planea-abrir-centro-de-procesamiento-de-migrantes-y-podra-referenciar-casos-a-eu\/#breadcrumb"},"inLanguage":"es","potentialAction":[{"@type":"ReadAction","target":["https:\/\/fuentesfidedignas.com.mx\/index.php\/2023\/07\/29\/mexico-planea-abrir-centro-de-procesamiento-de-migrantes-y-podra-referenciar-casos-a-eu\/"]}]},{"@type":"ImageObject","inLanguage":"es","@id":"https:\/\/fuentesfidedignas.com.mx\/index.php\/2023\/07\/29\/mexico-planea-abrir-centro-de-procesamiento-de-migrantes-y-podra-referenciar-casos-a-eu\/#primaryimage","url":"https:\/\/fuentesfidedignas.com.mx\/wp-content\/uploads\/2023\/07\/MIGRANTES.jpg","contentUrl":"https:\/\/fuentesfidedignas.com.mx\/wp-content\/uploads\/2023\/07\/MIGRANTES.jpg","width":685,"height":385},{"@type":"BreadcrumbList","@id":"https:\/\/fuentesfidedignas.com.mx\/index.php\/2023\/07\/29\/mexico-planea-abrir-centro-de-procesamiento-de-migrantes-y-podra-referenciar-casos-a-eu\/#breadcrumb","itemListElement":[{"@type":"ListItem","position":1,"name":"Inicio","item":"https:\/\/fuentesfidedignas.com.mx\/"},{"@type":"ListItem","position":2,"name":"M\u00e9xico planea abrir centro de procesamiento de migrantes y podr\u00e1 referenciar casos a EU"}]},{"@type":"WebSite","@id":"https:\/\/fuentesfidedignas.com.mx\/#website","url":"https:\/\/fuentesfidedignas.com.mx\/","name":"Fuentes Fidedignas","description":"Otro sitio realizado con WordPress","publisher":{"@id":"https:\/\/fuentesfidedignas.com.mx\/#organization"},"potentialAction":[{"@type":"SearchAction","target":{"@type":"EntryPoint","urlTemplate":"https:\/\/fuentesfidedignas.com.mx\/?s={search_term_string}"},"query-input":{"@type":"PropertyValueSpecification","valueRequired":true,"valueName":"search_term_string"}}],"inLanguage":"es"},{"@type":"Organization","@id":"https:\/\/fuentesfidedignas.com.mx\/#organization","name":"Fuentes Fidedignas","url":"https:\/\/fuentesfidedignas.com.mx\/","logo":{"@type":"ImageObject","inLanguage":"es","@id":"https:\/\/fuentesfidedignas.com.mx\/#\/schema\/logo\/image\/","url":"https:\/\/fuentesfidedignas.com.mx\/wp-content\/uploads\/2021\/04\/logo-retina.png","contentUrl":"https:\/\/fuentesfidedignas.com.mx\/wp-content\/uploads\/2021\/04\/logo-retina.png","width":280,"height":51,"caption":"Fuentes Fidedignas"},"image":{"@id":"https:\/\/fuentesfidedignas.com.mx\/#\/schema\/logo\/image\/"},"sameAs":["https:\/\/www.facebook.com\/Fuentes-Fidedignas-368234489921644","https:\/\/x.com\/fidedignas"]},{"@type":"Person","@id":"https:\/\/fuentesfidedignas.com.mx\/#\/schema\/person\/eb72247ff123b3ce5e4cadc7f50ae372","name":"Proceso","image":{"@type":"ImageObject","inLanguage":"es","@id":"https:\/\/secure.gravatar.com\/avatar\/0bb01ecb091d50a46122cbe5cc32ffea15a000f83628f1e40458e669d38ff2cd?s=96&d=mm&r=g","url":"https:\/\/secure.gravatar.com\/avatar\/0bb01ecb091d50a46122cbe5cc32ffea15a000f83628f1e40458e669d38ff2cd?s=96&d=mm&r=g","contentUrl":"https:\/\/secure.gravatar.com\/avatar\/0bb01ecb091d50a46122cbe5cc32ffea15a000f83628f1e40458e669d38ff2cd?s=96&d=mm&r=g","caption":"Proceso"},"url":"https:\/\/fuentesfidedignas.com.mx\/index.php\/author\/proceso\/"}]}},"_links":{"self":[{"href":"https:\/\/fuentesfidedignas.com.mx\/index.php\/wp-json\/wp\/v2\/posts\/53913","targetHints":{"allow":["GET"]}}],"collection":[{"href":"https:\/\/fuentesfidedignas.com.mx\/index.php\/wp-json\/wp\/v2\/posts"}],"about":[{"href":"https:\/\/fuentesfidedignas.com.mx\/index.php\/wp-json\/wp\/v2\/types\/post"}],"author":[{"embeddable":true,"href":"https:\/\/fuentesfidedignas.com.mx\/index.php\/wp-json\/wp\/v2\/users\/50"}],"replies":[{"embeddable":true,"href":"https:\/\/fuentesfidedignas.com.mx\/index.php\/wp-json\/wp\/v2\/comments?post=53913"}],"version-history":[{"count":1,"href":"https:\/\/fuentesfidedignas.com.mx\/index.php\/wp-json\/wp\/v2\/posts\/53913\/revisions"}],"predecessor-version":[{"id":53915,"href":"https:\/\/fuentesfidedignas.com.mx\/index.php\/wp-json\/wp\/v2\/posts\/53913\/revisions\/53915"}],"wp:featuredmedia":[{"embeddable":true,"href":"https:\/\/fuentesfidedignas.com.mx\/index.php\/wp-json\/wp\/v2\/media\/53914"}],"wp:attachment":[{"href":"https:\/\/fuentesfidedignas.com.mx\/index.php\/wp-json\/wp\/v2\/media?parent=53913"}],"wp:term":[{"taxonomy":"category","embeddable":true,"href":"https:\/\/fuentesfidedignas.com.mx\/index.php\/wp-json\/wp\/v2\/categories?post=53913"},{"taxonomy":"post_tag","embeddable":true,"href":"https:\/\/fuentesfidedignas.com.mx\/index.php\/wp-json\/wp\/v2\/tags?post=53913"}],"curies":[{"name":"wp","href":"https:\/\/api.w.org\/{rel}","templated":true}]}}