{"id":53854,"date":"2023-07-28T16:30:00","date_gmt":"2023-07-28T23:30:00","guid":{"rendered":"https:\/\/fuentesfidedignas.com.mx\/?p=53854"},"modified":"2023-07-28T17:30:44","modified_gmt":"2023-07-29T00:30:44","slug":"hay-que-liberar-a-la-universidad-autonoma-de-sinaloa-luz-veronica-aviles-rochin","status":"publish","type":"post","link":"https:\/\/fuentesfidedignas.com.mx\/index.php\/2023\/07\/28\/hay-que-liberar-a-la-universidad-autonoma-de-sinaloa-luz-veronica-aviles-rochin\/","title":{"rendered":"&#8220;Hay que liberar a la Universidad Aut\u00f3noma de Sinaloa&#8221;: Luz Ver\u00f3nica Avil\u00e9s Roch\u00edn"},"content":{"rendered":"\n<p><strong><em>La diputada local por el distrito X consider\u00f3 que no existe ning\u00fan enfrentamiento entre las autoridades de la UAS y el Congreso del Estado.<\/em><\/strong><\/p>\n\n\n\n<p>Culiac\u00e1n, Sin.- La diputada local por Morena, Luz Ver\u00f3nica Avil\u00e9s Roch\u00edn, consider\u00f3 que urge liberar a la Universidad Aut\u00f3noma de Sinaloa (UAS) y esto se lograr\u00e1 con la reforma a la Ley Org\u00e1nica de Educaci\u00f3n Superior del Estado de Sinaloa.<\/p>\n\n\n\n<p>&#8220;No podemos tapar el sol con un dedo como luego dicen, entonces hay que liberar la universidad. Yo pienso que no deber\u00edan de oponerse las autoridades de la UAS a que haya transparencia, a que haya democracia, creo que es lo \u00fanico que se est\u00e1 pidiendo para reformar esa ley&#8221;, dijo.<\/p>\n\n\n\n<p>La representante del distrito X de Sinaloa, al que corresponden los municipios de Badiraguato, Mocorito y una parte de Navolato, consider\u00f3 que no existe ning\u00fan enfrentamiento entre las autoridades de la UAS y el Congreso del Estado.<\/p>\n\n\n\n<p>&#8220;No existe ning\u00fan enfrentamiento entre el Congreso del Estado y la Universidad Aut\u00f3noma de Sinaloa con respecto al tema de la reforma a la Ley Org\u00e1nica de Educaci\u00f3n Superior en el estado. Creo que todos los los sinaloenses vemos lo que est\u00e1 pasando en la UAS&#8221;, enfatiz\u00f3.<\/p>\n\n\n\n<p>Avil\u00e9s Roch\u00edn, resalt\u00f3 que con la esta reforma no se le quitar\u00e1 la autonom\u00eda a la UAS, sino que se pretende fortalecer m\u00e1s a la instituci\u00f3n, as\u00ed como el que no se trata de una persecuci\u00f3n pol\u00edtica como las autoridades de la instituci\u00f3n lo han manifestado.<\/p>\n\n\n\n<p>&#8220;No es quitarle la autonom\u00eda, es fortalecerla a\u00fan m\u00e1s, no es persecuci\u00f3n pol\u00edtica como lo manejan ellos, claro que no, es darle democracia, transparencia y paridad&#8221;, puntualiz\u00f3.<\/p>\n","protected":false},"excerpt":{"rendered":"<p>La diputada local por el distrito X consider\u00f3 que no existe ning\u00fan enfrentamiento entre las autoridades de la UAS y el Congreso del Estado. Culiac\u00e1n, Sin.- La diputada local por Morena, Luz Ver\u00f3nica Avil\u00e9s Roch\u00edn, consider\u00f3 que urge liberar a la Universidad Aut\u00f3noma de Sinaloa (UAS) y esto se lograr\u00e1 con la reforma a la [&hellip;]<\/p>\n","protected":false},"author":112,"featured_media":53878,"comment_status":"open","ping_status":"open","sticky":false,"template":"","format":"standard","meta":{"tdm_status":"","tdm_grid_status":"","footnotes":""},"categories":[37],"tags":[],"class_list":{"0":"post-53854","1":"post","2":"type-post","3":"status-publish","4":"format-standard","5":"has-post-thumbnail","7":"category-nota-principal"},"yoast_head":"<!-- This site is optimized with the Yoast SEO plugin v27.4 - https:\/\/yoast.com\/product\/yoast-seo-wordpress\/ -->\n<title>&quot;Hay que liberar a la Universidad Aut\u00f3noma de Sinaloa&quot;: Luz Ver\u00f3nica Avil\u00e9s Roch\u00edn - Fuentes Fidedignas<\/title>\n<meta name=\"robots\" content=\"index, follow, max-snippet:-1, max-image-preview:large, max-video-preview:-1\" \/>\n<link rel=\"canonical\" href=\"https:\/\/fuentesfidedignas.com.mx\/index.php\/2023\/07\/28\/hay-que-liberar-a-la-universidad-autonoma-de-sinaloa-luz-veronica-aviles-rochin\/\" \/>\n<meta property=\"og:locale\" content=\"es_MX\" \/>\n<meta property=\"og:type\" content=\"article\" \/>\n<meta property=\"og:title\" content=\"&quot;Hay que liberar a la Universidad Aut\u00f3noma de Sinaloa&quot;: Luz Ver\u00f3nica Avil\u00e9s Roch\u00edn - Fuentes Fidedignas\" \/>\n<meta property=\"og:description\" content=\"La diputada local por el distrito X consider\u00f3 que no existe ning\u00fan enfrentamiento entre las autoridades de la UAS y el Congreso del Estado. Culiac\u00e1n, Sin.- La diputada local por Morena, Luz Ver\u00f3nica Avil\u00e9s Roch\u00edn, consider\u00f3 que urge liberar a la Universidad Aut\u00f3noma de Sinaloa (UAS) y esto se lograr\u00e1 con la reforma a la [&hellip;]\" \/>\n<meta property=\"og:url\" content=\"https:\/\/fuentesfidedignas.com.mx\/index.php\/2023\/07\/28\/hay-que-liberar-a-la-universidad-autonoma-de-sinaloa-luz-veronica-aviles-rochin\/\" \/>\n<meta property=\"og:site_name\" content=\"Fuentes Fidedignas\" \/>\n<meta property=\"article:publisher\" content=\"https:\/\/www.facebook.com\/Fuentes-Fidedignas-368234489921644\" \/>\n<meta property=\"article:published_time\" content=\"2023-07-28T23:30:00+00:00\" \/>\n<meta property=\"article:modified_time\" content=\"2023-07-29T00:30:44+00:00\" \/>\n<meta property=\"og:image\" content=\"https:\/\/fuentesfidedignas.com.mx\/wp-content\/uploads\/2023\/07\/AVILES_ROCHIN_DIPUTADA.jpeg\" \/>\n\t<meta property=\"og:image:width\" content=\"1600\" \/>\n\t<meta property=\"og:image:height\" content=\"901\" \/>\n\t<meta property=\"og:image:type\" content=\"image\/jpeg\" \/>\n<meta name=\"author\" content=\"Leonardo Gutierrez\" \/>\n<meta name=\"twitter:card\" content=\"summary_large_image\" \/>\n<meta name=\"twitter:creator\" content=\"@fidedignas\" \/>\n<meta name=\"twitter:site\" content=\"@fidedignas\" \/>\n<meta name=\"twitter:label1\" content=\"Escrito por\" \/>\n\t<meta name=\"twitter:data1\" content=\"Leonardo Gutierrez\" \/>\n\t<meta name=\"twitter:label2\" content=\"Tiempo de lectura\" \/>\n\t<meta name=\"twitter:data2\" content=\"2 minutos\" \/>\n<script type=\"application\/ld+json\" class=\"yoast-schema-graph\">{\"@context\":\"https:\\\/\\\/schema.org\",\"@graph\":[{\"@type\":\"Article\",\"@id\":\"https:\\\/\\\/fuentesfidedignas.com.mx\\\/index.php\\\/2023\\\/07\\\/28\\\/hay-que-liberar-a-la-universidad-autonoma-de-sinaloa-luz-veronica-aviles-rochin\\\/#article\",\"isPartOf\":{\"@id\":\"https:\\\/\\\/fuentesfidedignas.com.mx\\\/index.php\\\/2023\\\/07\\\/28\\\/hay-que-liberar-a-la-universidad-autonoma-de-sinaloa-luz-veronica-aviles-rochin\\\/\"},\"author\":{\"name\":\"Leonardo Gutierrez\",\"@id\":\"https:\\\/\\\/fuentesfidedignas.com.mx\\\/#\\\/schema\\\/person\\\/c77df25c00baae1d4fdc0340db6f364c\"},\"headline\":\"&#8220;Hay que liberar a la Universidad Aut\u00f3noma de Sinaloa&#8221;: Luz Ver\u00f3nica Avil\u00e9s Roch\u00edn\",\"datePublished\":\"2023-07-28T23:30:00+00:00\",\"dateModified\":\"2023-07-29T00:30:44+00:00\",\"mainEntityOfPage\":{\"@id\":\"https:\\\/\\\/fuentesfidedignas.com.mx\\\/index.php\\\/2023\\\/07\\\/28\\\/hay-que-liberar-a-la-universidad-autonoma-de-sinaloa-luz-veronica-aviles-rochin\\\/\"},\"wordCount\":317,\"commentCount\":0,\"publisher\":{\"@id\":\"https:\\\/\\\/fuentesfidedignas.com.mx\\\/#organization\"},\"image\":{\"@id\":\"https:\\\/\\\/fuentesfidedignas.com.mx\\\/index.php\\\/2023\\\/07\\\/28\\\/hay-que-liberar-a-la-universidad-autonoma-de-sinaloa-luz-veronica-aviles-rochin\\\/#primaryimage\"},\"thumbnailUrl\":\"https:\\\/\\\/fuentesfidedignas.com.mx\\\/wp-content\\\/uploads\\\/2023\\\/07\\\/AVILES_ROCHIN_DIPUTADA.jpeg\",\"articleSection\":[\"NOTA PRINCIPAL\"],\"inLanguage\":\"es\",\"potentialAction\":[{\"@type\":\"CommentAction\",\"name\":\"Comment\",\"target\":[\"https:\\\/\\\/fuentesfidedignas.com.mx\\\/index.php\\\/2023\\\/07\\\/28\\\/hay-que-liberar-a-la-universidad-autonoma-de-sinaloa-luz-veronica-aviles-rochin\\\/#respond\"]}]},{\"@type\":\"WebPage\",\"@id\":\"https:\\\/\\\/fuentesfidedignas.com.mx\\\/index.php\\\/2023\\\/07\\\/28\\\/hay-que-liberar-a-la-universidad-autonoma-de-sinaloa-luz-veronica-aviles-rochin\\\/\",\"url\":\"https:\\\/\\\/fuentesfidedignas.com.mx\\\/index.php\\\/2023\\\/07\\\/28\\\/hay-que-liberar-a-la-universidad-autonoma-de-sinaloa-luz-veronica-aviles-rochin\\\/\",\"name\":\"\\\"Hay que liberar a la Universidad Aut\u00f3noma de Sinaloa\\\": Luz Ver\u00f3nica Avil\u00e9s Roch\u00edn - Fuentes Fidedignas\",\"isPartOf\":{\"@id\":\"https:\\\/\\\/fuentesfidedignas.com.mx\\\/#website\"},\"primaryImageOfPage\":{\"@id\":\"https:\\\/\\\/fuentesfidedignas.com.mx\\\/index.php\\\/2023\\\/07\\\/28\\\/hay-que-liberar-a-la-universidad-autonoma-de-sinaloa-luz-veronica-aviles-rochin\\\/#primaryimage\"},\"image\":{\"@id\":\"https:\\\/\\\/fuentesfidedignas.com.mx\\\/index.php\\\/2023\\\/07\\\/28\\\/hay-que-liberar-a-la-universidad-autonoma-de-sinaloa-luz-veronica-aviles-rochin\\\/#primaryimage\"},\"thumbnailUrl\":\"https:\\\/\\\/fuentesfidedignas.com.mx\\\/wp-content\\\/uploads\\\/2023\\\/07\\\/AVILES_ROCHIN_DIPUTADA.jpeg\",\"datePublished\":\"2023-07-28T23:30:00+00:00\",\"dateModified\":\"2023-07-29T00:30:44+00:00\",\"breadcrumb\":{\"@id\":\"https:\\\/\\\/fuentesfidedignas.com.mx\\\/index.php\\\/2023\\\/07\\\/28\\\/hay-que-liberar-a-la-universidad-autonoma-de-sinaloa-luz-veronica-aviles-rochin\\\/#breadcrumb\"},\"inLanguage\":\"es\",\"potentialAction\":[{\"@type\":\"ReadAction\",\"target\":[\"https:\\\/\\\/fuentesfidedignas.com.mx\\\/index.php\\\/2023\\\/07\\\/28\\\/hay-que-liberar-a-la-universidad-autonoma-de-sinaloa-luz-veronica-aviles-rochin\\\/\"]}]},{\"@type\":\"ImageObject\",\"inLanguage\":\"es\",\"@id\":\"https:\\\/\\\/fuentesfidedignas.com.mx\\\/index.php\\\/2023\\\/07\\\/28\\\/hay-que-liberar-a-la-universidad-autonoma-de-sinaloa-luz-veronica-aviles-rochin\\\/#primaryimage\",\"url\":\"https:\\\/\\\/fuentesfidedignas.com.mx\\\/wp-content\\\/uploads\\\/2023\\\/07\\\/AVILES_ROCHIN_DIPUTADA.jpeg\",\"contentUrl\":\"https:\\\/\\\/fuentesfidedignas.com.mx\\\/wp-content\\\/uploads\\\/2023\\\/07\\\/AVILES_ROCHIN_DIPUTADA.jpeg\",\"width\":1600,\"height\":901},{\"@type\":\"BreadcrumbList\",\"@id\":\"https:\\\/\\\/fuentesfidedignas.com.mx\\\/index.php\\\/2023\\\/07\\\/28\\\/hay-que-liberar-a-la-universidad-autonoma-de-sinaloa-luz-veronica-aviles-rochin\\\/#breadcrumb\",\"itemListElement\":[{\"@type\":\"ListItem\",\"position\":1,\"name\":\"Inicio\",\"item\":\"https:\\\/\\\/fuentesfidedignas.com.mx\\\/\"},{\"@type\":\"ListItem\",\"position\":2,\"name\":\"&#8220;Hay que liberar a la Universidad Aut\u00f3noma de Sinaloa&#8221;: Luz Ver\u00f3nica Avil\u00e9s Roch\u00edn\"}]},{\"@type\":\"WebSite\",\"@id\":\"https:\\\/\\\/fuentesfidedignas.com.mx\\\/#website\",\"url\":\"https:\\\/\\\/fuentesfidedignas.com.mx\\\/\",\"name\":\"Fuentes Fidedignas\",\"description\":\"Otro sitio realizado con WordPress\",\"publisher\":{\"@id\":\"https:\\\/\\\/fuentesfidedignas.com.mx\\\/#organization\"},\"potentialAction\":[{\"@type\":\"SearchAction\",\"target\":{\"@type\":\"EntryPoint\",\"urlTemplate\":\"https:\\\/\\\/fuentesfidedignas.com.mx\\\/?s={search_term_string}\"},\"query-input\":{\"@type\":\"PropertyValueSpecification\",\"valueRequired\":true,\"valueName\":\"search_term_string\"}}],\"inLanguage\":\"es\"},{\"@type\":\"Organization\",\"@id\":\"https:\\\/\\\/fuentesfidedignas.com.mx\\\/#organization\",\"name\":\"Fuentes Fidedignas\",\"url\":\"https:\\\/\\\/fuentesfidedignas.com.mx\\\/\",\"logo\":{\"@type\":\"ImageObject\",\"inLanguage\":\"es\",\"@id\":\"https:\\\/\\\/fuentesfidedignas.com.mx\\\/#\\\/schema\\\/logo\\\/image\\\/\",\"url\":\"https:\\\/\\\/fuentesfidedignas.com.mx\\\/wp-content\\\/uploads\\\/2021\\\/04\\\/logo-retina.png\",\"contentUrl\":\"https:\\\/\\\/fuentesfidedignas.com.mx\\\/wp-content\\\/uploads\\\/2021\\\/04\\\/logo-retina.png\",\"width\":280,\"height\":51,\"caption\":\"Fuentes Fidedignas\"},\"image\":{\"@id\":\"https:\\\/\\\/fuentesfidedignas.com.mx\\\/#\\\/schema\\\/logo\\\/image\\\/\"},\"sameAs\":[\"https:\\\/\\\/www.facebook.com\\\/Fuentes-Fidedignas-368234489921644\",\"https:\\\/\\\/x.com\\\/fidedignas\"]},{\"@type\":\"Person\",\"@id\":\"https:\\\/\\\/fuentesfidedignas.com.mx\\\/#\\\/schema\\\/person\\\/c77df25c00baae1d4fdc0340db6f364c\",\"name\":\"Leonardo Gutierrez\",\"image\":{\"@type\":\"ImageObject\",\"inLanguage\":\"es\",\"@id\":\"https:\\\/\\\/secure.gravatar.com\\\/avatar\\\/17b13a7a986cc98ca4d7337340bcac5945cbae677961c354aefb3c7962c8cc1f?s=96&d=mm&r=g\",\"url\":\"https:\\\/\\\/secure.gravatar.com\\\/avatar\\\/17b13a7a986cc98ca4d7337340bcac5945cbae677961c354aefb3c7962c8cc1f?s=96&d=mm&r=g\",\"contentUrl\":\"https:\\\/\\\/secure.gravatar.com\\\/avatar\\\/17b13a7a986cc98ca4d7337340bcac5945cbae677961c354aefb3c7962c8cc1f?s=96&d=mm&r=g\",\"caption\":\"Leonardo Gutierrez\"},\"url\":\"https:\\\/\\\/fuentesfidedignas.com.mx\\\/index.php\\\/author\\\/leonardogut\\\/\"}]}<\/script>\n<!-- \/ Yoast SEO plugin. -->","yoast_head_json":{"title":"\"Hay que liberar a la Universidad Aut\u00f3noma de Sinaloa\": Luz Ver\u00f3nica Avil\u00e9s Roch\u00edn - Fuentes Fidedignas","robots":{"index":"index","follow":"follow","max-snippet":"max-snippet:-1","max-image-preview":"max-image-preview:large","max-video-preview":"max-video-preview:-1"},"canonical":"https:\/\/fuentesfidedignas.com.mx\/index.php\/2023\/07\/28\/hay-que-liberar-a-la-universidad-autonoma-de-sinaloa-luz-veronica-aviles-rochin\/","og_locale":"es_MX","og_type":"article","og_title":"\"Hay que liberar a la Universidad Aut\u00f3noma de Sinaloa\": Luz Ver\u00f3nica Avil\u00e9s Roch\u00edn - Fuentes Fidedignas","og_description":"La diputada local por el distrito X consider\u00f3 que no existe ning\u00fan enfrentamiento entre las autoridades de la UAS y el Congreso del Estado. Culiac\u00e1n, Sin.- La diputada local por Morena, Luz Ver\u00f3nica Avil\u00e9s Roch\u00edn, consider\u00f3 que urge liberar a la Universidad Aut\u00f3noma de Sinaloa (UAS) y esto se lograr\u00e1 con la reforma a la [&hellip;]","og_url":"https:\/\/fuentesfidedignas.com.mx\/index.php\/2023\/07\/28\/hay-que-liberar-a-la-universidad-autonoma-de-sinaloa-luz-veronica-aviles-rochin\/","og_site_name":"Fuentes Fidedignas","article_publisher":"https:\/\/www.facebook.com\/Fuentes-Fidedignas-368234489921644","article_published_time":"2023-07-28T23:30:00+00:00","article_modified_time":"2023-07-29T00:30:44+00:00","og_image":[{"width":1600,"height":901,"url":"https:\/\/fuentesfidedignas.com.mx\/wp-content\/uploads\/2023\/07\/AVILES_ROCHIN_DIPUTADA.jpeg","type":"image\/jpeg"}],"author":"Leonardo Gutierrez","twitter_card":"summary_large_image","twitter_creator":"@fidedignas","twitter_site":"@fidedignas","twitter_misc":{"Escrito por":"Leonardo Gutierrez","Tiempo de lectura":"2 minutos"},"schema":{"@context":"https:\/\/schema.org","@graph":[{"@type":"Article","@id":"https:\/\/fuentesfidedignas.com.mx\/index.php\/2023\/07\/28\/hay-que-liberar-a-la-universidad-autonoma-de-sinaloa-luz-veronica-aviles-rochin\/#article","isPartOf":{"@id":"https:\/\/fuentesfidedignas.com.mx\/index.php\/2023\/07\/28\/hay-que-liberar-a-la-universidad-autonoma-de-sinaloa-luz-veronica-aviles-rochin\/"},"author":{"name":"Leonardo Gutierrez","@id":"https:\/\/fuentesfidedignas.com.mx\/#\/schema\/person\/c77df25c00baae1d4fdc0340db6f364c"},"headline":"&#8220;Hay que liberar a la Universidad Aut\u00f3noma de Sinaloa&#8221;: Luz Ver\u00f3nica Avil\u00e9s Roch\u00edn","datePublished":"2023-07-28T23:30:00+00:00","dateModified":"2023-07-29T00:30:44+00:00","mainEntityOfPage":{"@id":"https:\/\/fuentesfidedignas.com.mx\/index.php\/2023\/07\/28\/hay-que-liberar-a-la-universidad-autonoma-de-sinaloa-luz-veronica-aviles-rochin\/"},"wordCount":317,"commentCount":0,"publisher":{"@id":"https:\/\/fuentesfidedignas.com.mx\/#organization"},"image":{"@id":"https:\/\/fuentesfidedignas.com.mx\/index.php\/2023\/07\/28\/hay-que-liberar-a-la-universidad-autonoma-de-sinaloa-luz-veronica-aviles-rochin\/#primaryimage"},"thumbnailUrl":"https:\/\/fuentesfidedignas.com.mx\/wp-content\/uploads\/2023\/07\/AVILES_ROCHIN_DIPUTADA.jpeg","articleSection":["NOTA PRINCIPAL"],"inLanguage":"es","potentialAction":[{"@type":"CommentAction","name":"Comment","target":["https:\/\/fuentesfidedignas.com.mx\/index.php\/2023\/07\/28\/hay-que-liberar-a-la-universidad-autonoma-de-sinaloa-luz-veronica-aviles-rochin\/#respond"]}]},{"@type":"WebPage","@id":"https:\/\/fuentesfidedignas.com.mx\/index.php\/2023\/07\/28\/hay-que-liberar-a-la-universidad-autonoma-de-sinaloa-luz-veronica-aviles-rochin\/","url":"https:\/\/fuentesfidedignas.com.mx\/index.php\/2023\/07\/28\/hay-que-liberar-a-la-universidad-autonoma-de-sinaloa-luz-veronica-aviles-rochin\/","name":"\"Hay que liberar a la Universidad Aut\u00f3noma de Sinaloa\": Luz Ver\u00f3nica Avil\u00e9s Roch\u00edn - Fuentes Fidedignas","isPartOf":{"@id":"https:\/\/fuentesfidedignas.com.mx\/#website"},"primaryImageOfPage":{"@id":"https:\/\/fuentesfidedignas.com.mx\/index.php\/2023\/07\/28\/hay-que-liberar-a-la-universidad-autonoma-de-sinaloa-luz-veronica-aviles-rochin\/#primaryimage"},"image":{"@id":"https:\/\/fuentesfidedignas.com.mx\/index.php\/2023\/07\/28\/hay-que-liberar-a-la-universidad-autonoma-de-sinaloa-luz-veronica-aviles-rochin\/#primaryimage"},"thumbnailUrl":"https:\/\/fuentesfidedignas.com.mx\/wp-content\/uploads\/2023\/07\/AVILES_ROCHIN_DIPUTADA.jpeg","datePublished":"2023-07-28T23:30:00+00:00","dateModified":"2023-07-29T00:30:44+00:00","breadcrumb":{"@id":"https:\/\/fuentesfidedignas.com.mx\/index.php\/2023\/07\/28\/hay-que-liberar-a-la-universidad-autonoma-de-sinaloa-luz-veronica-aviles-rochin\/#breadcrumb"},"inLanguage":"es","potentialAction":[{"@type":"ReadAction","target":["https:\/\/fuentesfidedignas.com.mx\/index.php\/2023\/07\/28\/hay-que-liberar-a-la-universidad-autonoma-de-sinaloa-luz-veronica-aviles-rochin\/"]}]},{"@type":"ImageObject","inLanguage":"es","@id":"https:\/\/fuentesfidedignas.com.mx\/index.php\/2023\/07\/28\/hay-que-liberar-a-la-universidad-autonoma-de-sinaloa-luz-veronica-aviles-rochin\/#primaryimage","url":"https:\/\/fuentesfidedignas.com.mx\/wp-content\/uploads\/2023\/07\/AVILES_ROCHIN_DIPUTADA.jpeg","contentUrl":"https:\/\/fuentesfidedignas.com.mx\/wp-content\/uploads\/2023\/07\/AVILES_ROCHIN_DIPUTADA.jpeg","width":1600,"height":901},{"@type":"BreadcrumbList","@id":"https:\/\/fuentesfidedignas.com.mx\/index.php\/2023\/07\/28\/hay-que-liberar-a-la-universidad-autonoma-de-sinaloa-luz-veronica-aviles-rochin\/#breadcrumb","itemListElement":[{"@type":"ListItem","position":1,"name":"Inicio","item":"https:\/\/fuentesfidedignas.com.mx\/"},{"@type":"ListItem","position":2,"name":"&#8220;Hay que liberar a la Universidad Aut\u00f3noma de Sinaloa&#8221;: Luz Ver\u00f3nica Avil\u00e9s Roch\u00edn"}]},{"@type":"WebSite","@id":"https:\/\/fuentesfidedignas.com.mx\/#website","url":"https:\/\/fuentesfidedignas.com.mx\/","name":"Fuentes Fidedignas","description":"Otro sitio realizado con WordPress","publisher":{"@id":"https:\/\/fuentesfidedignas.com.mx\/#organization"},"potentialAction":[{"@type":"SearchAction","target":{"@type":"EntryPoint","urlTemplate":"https:\/\/fuentesfidedignas.com.mx\/?s={search_term_string}"},"query-input":{"@type":"PropertyValueSpecification","valueRequired":true,"valueName":"search_term_string"}}],"inLanguage":"es"},{"@type":"Organization","@id":"https:\/\/fuentesfidedignas.com.mx\/#organization","name":"Fuentes Fidedignas","url":"https:\/\/fuentesfidedignas.com.mx\/","logo":{"@type":"ImageObject","inLanguage":"es","@id":"https:\/\/fuentesfidedignas.com.mx\/#\/schema\/logo\/image\/","url":"https:\/\/fuentesfidedignas.com.mx\/wp-content\/uploads\/2021\/04\/logo-retina.png","contentUrl":"https:\/\/fuentesfidedignas.com.mx\/wp-content\/uploads\/2021\/04\/logo-retina.png","width":280,"height":51,"caption":"Fuentes Fidedignas"},"image":{"@id":"https:\/\/fuentesfidedignas.com.mx\/#\/schema\/logo\/image\/"},"sameAs":["https:\/\/www.facebook.com\/Fuentes-Fidedignas-368234489921644","https:\/\/x.com\/fidedignas"]},{"@type":"Person","@id":"https:\/\/fuentesfidedignas.com.mx\/#\/schema\/person\/c77df25c00baae1d4fdc0340db6f364c","name":"Leonardo Gutierrez","image":{"@type":"ImageObject","inLanguage":"es","@id":"https:\/\/secure.gravatar.com\/avatar\/17b13a7a986cc98ca4d7337340bcac5945cbae677961c354aefb3c7962c8cc1f?s=96&d=mm&r=g","url":"https:\/\/secure.gravatar.com\/avatar\/17b13a7a986cc98ca4d7337340bcac5945cbae677961c354aefb3c7962c8cc1f?s=96&d=mm&r=g","contentUrl":"https:\/\/secure.gravatar.com\/avatar\/17b13a7a986cc98ca4d7337340bcac5945cbae677961c354aefb3c7962c8cc1f?s=96&d=mm&r=g","caption":"Leonardo Gutierrez"},"url":"https:\/\/fuentesfidedignas.com.mx\/index.php\/author\/leonardogut\/"}]}},"_links":{"self":[{"href":"https:\/\/fuentesfidedignas.com.mx\/index.php\/wp-json\/wp\/v2\/posts\/53854","targetHints":{"allow":["GET"]}}],"collection":[{"href":"https:\/\/fuentesfidedignas.com.mx\/index.php\/wp-json\/wp\/v2\/posts"}],"about":[{"href":"https:\/\/fuentesfidedignas.com.mx\/index.php\/wp-json\/wp\/v2\/types\/post"}],"author":[{"embeddable":true,"href":"https:\/\/fuentesfidedignas.com.mx\/index.php\/wp-json\/wp\/v2\/users\/112"}],"replies":[{"embeddable":true,"href":"https:\/\/fuentesfidedignas.com.mx\/index.php\/wp-json\/wp\/v2\/comments?post=53854"}],"version-history":[{"count":3,"href":"https:\/\/fuentesfidedignas.com.mx\/index.php\/wp-json\/wp\/v2\/posts\/53854\/revisions"}],"predecessor-version":[{"id":56284,"href":"https:\/\/fuentesfidedignas.com.mx\/index.php\/wp-json\/wp\/v2\/posts\/53854\/revisions\/56284"}],"wp:featuredmedia":[{"embeddable":true,"href":"https:\/\/fuentesfidedignas.com.mx\/index.php\/wp-json\/wp\/v2\/media\/53878"}],"wp:attachment":[{"href":"https:\/\/fuentesfidedignas.com.mx\/index.php\/wp-json\/wp\/v2\/media?parent=53854"}],"wp:term":[{"taxonomy":"category","embeddable":true,"href":"https:\/\/fuentesfidedignas.com.mx\/index.php\/wp-json\/wp\/v2\/categories?post=53854"},{"taxonomy":"post_tag","embeddable":true,"href":"https:\/\/fuentesfidedignas.com.mx\/index.php\/wp-json\/wp\/v2\/tags?post=53854"}],"curies":[{"name":"wp","href":"https:\/\/api.w.org\/{rel}","templated":true}]}}