{"id":53758,"date":"2023-07-27T10:49:43","date_gmt":"2023-07-27T17:49:43","guid":{"rendered":"https:\/\/fuentesfidedignas.com.mx\/?p=53758"},"modified":"2023-07-27T10:50:00","modified_gmt":"2023-07-27T17:50:00","slug":"mueren-siete-en-enfrentamiento-ente-autodefensas-y-personas-armadas-en-tecoanapa-guerrero","status":"publish","type":"post","link":"https:\/\/fuentesfidedignas.com.mx\/index.php\/2023\/07\/27\/mueren-siete-en-enfrentamiento-ente-autodefensas-y-personas-armadas-en-tecoanapa-guerrero\/","title":{"rendered":"Mueren siete en enfrentamiento ente autodefensas y personas armadas en Tecoanapa, Guerrero"},"content":{"rendered":"\n<p><strong><em>Este hecho coincidi\u00f3 con una jornada violenta en Zumpango, cabecera municipal de Eduardo Neri, donde asesinaron a tres personas, entre ellas al coordinador de la Polic\u00eda Estatal en la zona Centro, Efr\u00e9n Guzm\u00e1n Cant\u00fa.<\/em><\/strong><\/p>\n\n\n\n<p>CHILPANCINGO, Gro.\u2013 Un enfrentamiento a balazos entre integrantes de las autodefensas de la Uni\u00f3n de Pueblos y Organizaciones del Estado de Guerrero (UPOEG) y un grupo de civiles armados en la comunidad de Buenavista de Allende, municipio de Tecoanapa, dej\u00f3 siete personas muertas y una herida, un par de casas baleadas y un veh\u00edculo incendiado, de acuerdo con el \u00faltimo reporte policiaco.<\/p>\n\n\n\n<p>Esos mismos reportes indican que cuatro de las v\u00edctimas murieron calcinadas; sus cad\u00e1veres los hallaron en una de las casas incendiadas.<\/p>\n\n\n\n<p>Estos hechos ocurrieron la tarde del mi\u00e9rcoles en este municipio de la Costa Chica de Guerrero, que coincidi\u00f3 con una jornada violenta en Zumpango, cabecera municipal de Eduardo Neri, en la zona Centro, donde asesinaron a tres personas, entre ellas el coordinador de la Polic\u00eda Estatal en la zona Centro, Efr\u00e9n Guzm\u00e1n Cant\u00fa.<\/p>\n\n\n\n<p>Se supo por habitantes que frente a la casa baleada habr\u00edan hallado dos cad\u00e1veres de las v\u00edctimas. Otras versiones indican que unas personas armadas atacaron una vivienda y que de ese ataque se desprenden los siete muertos. A\u00fan est\u00e1 pendiente el reporte final de las autoridades.<\/p>\n\n\n\n<p>Cerca de la zona donde ocurrieron los hechos, efectivos del Ej\u00e9rcito, de la Guardia Nacional y de la Polic\u00eda estatal realizaban una operaci\u00f3n de b\u00fasqueda para localizar a Irene Gallardo Luna y Mario Cruz Ch\u00e1vez, quienes, al parecer, son habitantes de lde Buenavista de Allende y fueron privados de su libertad.<\/p>\n\n\n\n<p>Un d\u00eda antes, es decir el martes, sus familiares y conocidos protestaron en la carretera que conduce a Costa Chica para lograr la atenci\u00f3n de las instituciones y comenzaran a buscarlos. Es por esa raz\u00f3n que ayer en la zona hab\u00eda presencia de la Secretar\u00eda de la Defensa Nacional (Sedena), Guardia Nacional (GN), Fiscal\u00eda General del Estado (FGE) y Polic\u00eda estatal.<\/p>\n\n\n\n<p>Aun con los recorridos de las corporaciones ocurrieron los hechos violentos que dejaron las siete personas asesinadas.<\/p>\n\n\n\n<p>S\u00f3lo entre estos dos hechos violentos ocurridos ayer en Tecoanapa y Zumpango suman 10 personas asesinadas en Guerrero.<\/p>\n","protected":false},"excerpt":{"rendered":"<p>Este hecho coincidi\u00f3 con una jornada violenta en Zumpango, cabecera municipal de Eduardo Neri, donde asesinaron a tres personas, entre ellas al coordinador de la Polic\u00eda Estatal en la zona Centro, Efr\u00e9n Guzm\u00e1n Cant\u00fa. CHILPANCINGO, Gro.\u2013 Un enfrentamiento a balazos entre integrantes de las autodefensas de la Uni\u00f3n de Pueblos y Organizaciones del Estado de [&hellip;]<\/p>\n","protected":false},"author":50,"featured_media":53759,"comment_status":"open","ping_status":"open","sticky":false,"template":"","format":"standard","meta":{"tdm_status":"","tdm_grid_status":"","footnotes":""},"categories":[39],"tags":[],"class_list":{"0":"post-53758","1":"post","2":"type-post","3":"status-publish","4":"format-standard","5":"has-post-thumbnail","7":"category-noticias-nacionales"},"yoast_head":"<!-- This site is optimized with the Yoast SEO plugin v27.4 - https:\/\/yoast.com\/product\/yoast-seo-wordpress\/ -->\n<title>Mueren siete en enfrentamiento ente autodefensas y personas armadas en Tecoanapa, Guerrero - Fuentes Fidedignas<\/title>\n<meta name=\"robots\" content=\"index, follow, max-snippet:-1, max-image-preview:large, max-video-preview:-1\" \/>\n<link rel=\"canonical\" href=\"https:\/\/fuentesfidedignas.com.mx\/index.php\/2023\/07\/27\/mueren-siete-en-enfrentamiento-ente-autodefensas-y-personas-armadas-en-tecoanapa-guerrero\/\" \/>\n<meta property=\"og:locale\" content=\"es_MX\" \/>\n<meta property=\"og:type\" content=\"article\" \/>\n<meta property=\"og:title\" content=\"Mueren siete en enfrentamiento ente autodefensas y personas armadas en Tecoanapa, Guerrero - Fuentes Fidedignas\" \/>\n<meta property=\"og:description\" content=\"Este hecho coincidi\u00f3 con una jornada violenta en Zumpango, cabecera municipal de Eduardo Neri, donde asesinaron a tres personas, entre ellas al coordinador de la Polic\u00eda Estatal en la zona Centro, Efr\u00e9n Guzm\u00e1n Cant\u00fa. CHILPANCINGO, Gro.\u2013 Un enfrentamiento a balazos entre integrantes de las autodefensas de la Uni\u00f3n de Pueblos y Organizaciones del Estado de [&hellip;]\" \/>\n<meta property=\"og:url\" content=\"https:\/\/fuentesfidedignas.com.mx\/index.php\/2023\/07\/27\/mueren-siete-en-enfrentamiento-ente-autodefensas-y-personas-armadas-en-tecoanapa-guerrero\/\" \/>\n<meta property=\"og:site_name\" content=\"Fuentes Fidedignas\" \/>\n<meta property=\"article:publisher\" content=\"https:\/\/www.facebook.com\/Fuentes-Fidedignas-368234489921644\" \/>\n<meta property=\"article:published_time\" content=\"2023-07-27T17:49:43+00:00\" \/>\n<meta property=\"article:modified_time\" content=\"2023-07-27T17:50:00+00:00\" \/>\n<meta property=\"og:image\" content=\"https:\/\/fuentesfidedignas.com.mx\/wp-content\/uploads\/2023\/07\/HOMICIDIO_.jpg\" \/>\n\t<meta property=\"og:image:width\" content=\"850\" \/>\n\t<meta property=\"og:image:height\" content=\"566\" \/>\n\t<meta property=\"og:image:type\" content=\"image\/jpeg\" \/>\n<meta name=\"author\" content=\"Proceso\" \/>\n<meta name=\"twitter:card\" content=\"summary_large_image\" \/>\n<meta name=\"twitter:creator\" content=\"@fidedignas\" \/>\n<meta name=\"twitter:site\" content=\"@fidedignas\" \/>\n<meta name=\"twitter:label1\" content=\"Escrito por\" \/>\n\t<meta name=\"twitter:data1\" content=\"Proceso\" \/>\n\t<meta name=\"twitter:label2\" content=\"Tiempo de lectura\" \/>\n\t<meta name=\"twitter:data2\" content=\"2 minutos\" \/>\n<script type=\"application\/ld+json\" class=\"yoast-schema-graph\">{\"@context\":\"https:\\\/\\\/schema.org\",\"@graph\":[{\"@type\":\"Article\",\"@id\":\"https:\\\/\\\/fuentesfidedignas.com.mx\\\/index.php\\\/2023\\\/07\\\/27\\\/mueren-siete-en-enfrentamiento-ente-autodefensas-y-personas-armadas-en-tecoanapa-guerrero\\\/#article\",\"isPartOf\":{\"@id\":\"https:\\\/\\\/fuentesfidedignas.com.mx\\\/index.php\\\/2023\\\/07\\\/27\\\/mueren-siete-en-enfrentamiento-ente-autodefensas-y-personas-armadas-en-tecoanapa-guerrero\\\/\"},\"author\":{\"name\":\"Proceso\",\"@id\":\"https:\\\/\\\/fuentesfidedignas.com.mx\\\/#\\\/schema\\\/person\\\/eb72247ff123b3ce5e4cadc7f50ae372\"},\"headline\":\"Mueren siete en enfrentamiento ente autodefensas y personas armadas en Tecoanapa, Guerrero\",\"datePublished\":\"2023-07-27T17:49:43+00:00\",\"dateModified\":\"2023-07-27T17:50:00+00:00\",\"mainEntityOfPage\":{\"@id\":\"https:\\\/\\\/fuentesfidedignas.com.mx\\\/index.php\\\/2023\\\/07\\\/27\\\/mueren-siete-en-enfrentamiento-ente-autodefensas-y-personas-armadas-en-tecoanapa-guerrero\\\/\"},\"wordCount\":402,\"commentCount\":0,\"publisher\":{\"@id\":\"https:\\\/\\\/fuentesfidedignas.com.mx\\\/#organization\"},\"image\":{\"@id\":\"https:\\\/\\\/fuentesfidedignas.com.mx\\\/index.php\\\/2023\\\/07\\\/27\\\/mueren-siete-en-enfrentamiento-ente-autodefensas-y-personas-armadas-en-tecoanapa-guerrero\\\/#primaryimage\"},\"thumbnailUrl\":\"https:\\\/\\\/fuentesfidedignas.com.mx\\\/wp-content\\\/uploads\\\/2023\\\/07\\\/HOMICIDIO_.jpg\",\"articleSection\":[\"NOTICIAS NACIONALES\"],\"inLanguage\":\"es\",\"potentialAction\":[{\"@type\":\"CommentAction\",\"name\":\"Comment\",\"target\":[\"https:\\\/\\\/fuentesfidedignas.com.mx\\\/index.php\\\/2023\\\/07\\\/27\\\/mueren-siete-en-enfrentamiento-ente-autodefensas-y-personas-armadas-en-tecoanapa-guerrero\\\/#respond\"]}]},{\"@type\":\"WebPage\",\"@id\":\"https:\\\/\\\/fuentesfidedignas.com.mx\\\/index.php\\\/2023\\\/07\\\/27\\\/mueren-siete-en-enfrentamiento-ente-autodefensas-y-personas-armadas-en-tecoanapa-guerrero\\\/\",\"url\":\"https:\\\/\\\/fuentesfidedignas.com.mx\\\/index.php\\\/2023\\\/07\\\/27\\\/mueren-siete-en-enfrentamiento-ente-autodefensas-y-personas-armadas-en-tecoanapa-guerrero\\\/\",\"name\":\"Mueren siete en enfrentamiento ente autodefensas y personas armadas en Tecoanapa, Guerrero - Fuentes Fidedignas\",\"isPartOf\":{\"@id\":\"https:\\\/\\\/fuentesfidedignas.com.mx\\\/#website\"},\"primaryImageOfPage\":{\"@id\":\"https:\\\/\\\/fuentesfidedignas.com.mx\\\/index.php\\\/2023\\\/07\\\/27\\\/mueren-siete-en-enfrentamiento-ente-autodefensas-y-personas-armadas-en-tecoanapa-guerrero\\\/#primaryimage\"},\"image\":{\"@id\":\"https:\\\/\\\/fuentesfidedignas.com.mx\\\/index.php\\\/2023\\\/07\\\/27\\\/mueren-siete-en-enfrentamiento-ente-autodefensas-y-personas-armadas-en-tecoanapa-guerrero\\\/#primaryimage\"},\"thumbnailUrl\":\"https:\\\/\\\/fuentesfidedignas.com.mx\\\/wp-content\\\/uploads\\\/2023\\\/07\\\/HOMICIDIO_.jpg\",\"datePublished\":\"2023-07-27T17:49:43+00:00\",\"dateModified\":\"2023-07-27T17:50:00+00:00\",\"breadcrumb\":{\"@id\":\"https:\\\/\\\/fuentesfidedignas.com.mx\\\/index.php\\\/2023\\\/07\\\/27\\\/mueren-siete-en-enfrentamiento-ente-autodefensas-y-personas-armadas-en-tecoanapa-guerrero\\\/#breadcrumb\"},\"inLanguage\":\"es\",\"potentialAction\":[{\"@type\":\"ReadAction\",\"target\":[\"https:\\\/\\\/fuentesfidedignas.com.mx\\\/index.php\\\/2023\\\/07\\\/27\\\/mueren-siete-en-enfrentamiento-ente-autodefensas-y-personas-armadas-en-tecoanapa-guerrero\\\/\"]}]},{\"@type\":\"ImageObject\",\"inLanguage\":\"es\",\"@id\":\"https:\\\/\\\/fuentesfidedignas.com.mx\\\/index.php\\\/2023\\\/07\\\/27\\\/mueren-siete-en-enfrentamiento-ente-autodefensas-y-personas-armadas-en-tecoanapa-guerrero\\\/#primaryimage\",\"url\":\"https:\\\/\\\/fuentesfidedignas.com.mx\\\/wp-content\\\/uploads\\\/2023\\\/07\\\/HOMICIDIO_.jpg\",\"contentUrl\":\"https:\\\/\\\/fuentesfidedignas.com.mx\\\/wp-content\\\/uploads\\\/2023\\\/07\\\/HOMICIDIO_.jpg\",\"width\":850,\"height\":566},{\"@type\":\"BreadcrumbList\",\"@id\":\"https:\\\/\\\/fuentesfidedignas.com.mx\\\/index.php\\\/2023\\\/07\\\/27\\\/mueren-siete-en-enfrentamiento-ente-autodefensas-y-personas-armadas-en-tecoanapa-guerrero\\\/#breadcrumb\",\"itemListElement\":[{\"@type\":\"ListItem\",\"position\":1,\"name\":\"Inicio\",\"item\":\"https:\\\/\\\/fuentesfidedignas.com.mx\\\/\"},{\"@type\":\"ListItem\",\"position\":2,\"name\":\"Mueren siete en enfrentamiento ente autodefensas y personas armadas en Tecoanapa, Guerrero\"}]},{\"@type\":\"WebSite\",\"@id\":\"https:\\\/\\\/fuentesfidedignas.com.mx\\\/#website\",\"url\":\"https:\\\/\\\/fuentesfidedignas.com.mx\\\/\",\"name\":\"Fuentes Fidedignas\",\"description\":\"Otro sitio realizado con WordPress\",\"publisher\":{\"@id\":\"https:\\\/\\\/fuentesfidedignas.com.mx\\\/#organization\"},\"potentialAction\":[{\"@type\":\"SearchAction\",\"target\":{\"@type\":\"EntryPoint\",\"urlTemplate\":\"https:\\\/\\\/fuentesfidedignas.com.mx\\\/?s={search_term_string}\"},\"query-input\":{\"@type\":\"PropertyValueSpecification\",\"valueRequired\":true,\"valueName\":\"search_term_string\"}}],\"inLanguage\":\"es\"},{\"@type\":\"Organization\",\"@id\":\"https:\\\/\\\/fuentesfidedignas.com.mx\\\/#organization\",\"name\":\"Fuentes Fidedignas\",\"url\":\"https:\\\/\\\/fuentesfidedignas.com.mx\\\/\",\"logo\":{\"@type\":\"ImageObject\",\"inLanguage\":\"es\",\"@id\":\"https:\\\/\\\/fuentesfidedignas.com.mx\\\/#\\\/schema\\\/logo\\\/image\\\/\",\"url\":\"https:\\\/\\\/fuentesfidedignas.com.mx\\\/wp-content\\\/uploads\\\/2021\\\/04\\\/logo-retina.png\",\"contentUrl\":\"https:\\\/\\\/fuentesfidedignas.com.mx\\\/wp-content\\\/uploads\\\/2021\\\/04\\\/logo-retina.png\",\"width\":280,\"height\":51,\"caption\":\"Fuentes Fidedignas\"},\"image\":{\"@id\":\"https:\\\/\\\/fuentesfidedignas.com.mx\\\/#\\\/schema\\\/logo\\\/image\\\/\"},\"sameAs\":[\"https:\\\/\\\/www.facebook.com\\\/Fuentes-Fidedignas-368234489921644\",\"https:\\\/\\\/x.com\\\/fidedignas\"]},{\"@type\":\"Person\",\"@id\":\"https:\\\/\\\/fuentesfidedignas.com.mx\\\/#\\\/schema\\\/person\\\/eb72247ff123b3ce5e4cadc7f50ae372\",\"name\":\"Proceso\",\"image\":{\"@type\":\"ImageObject\",\"inLanguage\":\"es\",\"@id\":\"https:\\\/\\\/secure.gravatar.com\\\/avatar\\\/0bb01ecb091d50a46122cbe5cc32ffea15a000f83628f1e40458e669d38ff2cd?s=96&d=mm&r=g\",\"url\":\"https:\\\/\\\/secure.gravatar.com\\\/avatar\\\/0bb01ecb091d50a46122cbe5cc32ffea15a000f83628f1e40458e669d38ff2cd?s=96&d=mm&r=g\",\"contentUrl\":\"https:\\\/\\\/secure.gravatar.com\\\/avatar\\\/0bb01ecb091d50a46122cbe5cc32ffea15a000f83628f1e40458e669d38ff2cd?s=96&d=mm&r=g\",\"caption\":\"Proceso\"},\"url\":\"https:\\\/\\\/fuentesfidedignas.com.mx\\\/index.php\\\/author\\\/proceso\\\/\"}]}<\/script>\n<!-- \/ Yoast SEO plugin. -->","yoast_head_json":{"title":"Mueren siete en enfrentamiento ente autodefensas y personas armadas en Tecoanapa, Guerrero - Fuentes Fidedignas","robots":{"index":"index","follow":"follow","max-snippet":"max-snippet:-1","max-image-preview":"max-image-preview:large","max-video-preview":"max-video-preview:-1"},"canonical":"https:\/\/fuentesfidedignas.com.mx\/index.php\/2023\/07\/27\/mueren-siete-en-enfrentamiento-ente-autodefensas-y-personas-armadas-en-tecoanapa-guerrero\/","og_locale":"es_MX","og_type":"article","og_title":"Mueren siete en enfrentamiento ente autodefensas y personas armadas en Tecoanapa, Guerrero - Fuentes Fidedignas","og_description":"Este hecho coincidi\u00f3 con una jornada violenta en Zumpango, cabecera municipal de Eduardo Neri, donde asesinaron a tres personas, entre ellas al coordinador de la Polic\u00eda Estatal en la zona Centro, Efr\u00e9n Guzm\u00e1n Cant\u00fa. CHILPANCINGO, Gro.\u2013 Un enfrentamiento a balazos entre integrantes de las autodefensas de la Uni\u00f3n de Pueblos y Organizaciones del Estado de [&hellip;]","og_url":"https:\/\/fuentesfidedignas.com.mx\/index.php\/2023\/07\/27\/mueren-siete-en-enfrentamiento-ente-autodefensas-y-personas-armadas-en-tecoanapa-guerrero\/","og_site_name":"Fuentes Fidedignas","article_publisher":"https:\/\/www.facebook.com\/Fuentes-Fidedignas-368234489921644","article_published_time":"2023-07-27T17:49:43+00:00","article_modified_time":"2023-07-27T17:50:00+00:00","og_image":[{"width":850,"height":566,"url":"https:\/\/fuentesfidedignas.com.mx\/wp-content\/uploads\/2023\/07\/HOMICIDIO_.jpg","type":"image\/jpeg"}],"author":"Proceso","twitter_card":"summary_large_image","twitter_creator":"@fidedignas","twitter_site":"@fidedignas","twitter_misc":{"Escrito por":"Proceso","Tiempo de lectura":"2 minutos"},"schema":{"@context":"https:\/\/schema.org","@graph":[{"@type":"Article","@id":"https:\/\/fuentesfidedignas.com.mx\/index.php\/2023\/07\/27\/mueren-siete-en-enfrentamiento-ente-autodefensas-y-personas-armadas-en-tecoanapa-guerrero\/#article","isPartOf":{"@id":"https:\/\/fuentesfidedignas.com.mx\/index.php\/2023\/07\/27\/mueren-siete-en-enfrentamiento-ente-autodefensas-y-personas-armadas-en-tecoanapa-guerrero\/"},"author":{"name":"Proceso","@id":"https:\/\/fuentesfidedignas.com.mx\/#\/schema\/person\/eb72247ff123b3ce5e4cadc7f50ae372"},"headline":"Mueren siete en enfrentamiento ente autodefensas y personas armadas en Tecoanapa, Guerrero","datePublished":"2023-07-27T17:49:43+00:00","dateModified":"2023-07-27T17:50:00+00:00","mainEntityOfPage":{"@id":"https:\/\/fuentesfidedignas.com.mx\/index.php\/2023\/07\/27\/mueren-siete-en-enfrentamiento-ente-autodefensas-y-personas-armadas-en-tecoanapa-guerrero\/"},"wordCount":402,"commentCount":0,"publisher":{"@id":"https:\/\/fuentesfidedignas.com.mx\/#organization"},"image":{"@id":"https:\/\/fuentesfidedignas.com.mx\/index.php\/2023\/07\/27\/mueren-siete-en-enfrentamiento-ente-autodefensas-y-personas-armadas-en-tecoanapa-guerrero\/#primaryimage"},"thumbnailUrl":"https:\/\/fuentesfidedignas.com.mx\/wp-content\/uploads\/2023\/07\/HOMICIDIO_.jpg","articleSection":["NOTICIAS NACIONALES"],"inLanguage":"es","potentialAction":[{"@type":"CommentAction","name":"Comment","target":["https:\/\/fuentesfidedignas.com.mx\/index.php\/2023\/07\/27\/mueren-siete-en-enfrentamiento-ente-autodefensas-y-personas-armadas-en-tecoanapa-guerrero\/#respond"]}]},{"@type":"WebPage","@id":"https:\/\/fuentesfidedignas.com.mx\/index.php\/2023\/07\/27\/mueren-siete-en-enfrentamiento-ente-autodefensas-y-personas-armadas-en-tecoanapa-guerrero\/","url":"https:\/\/fuentesfidedignas.com.mx\/index.php\/2023\/07\/27\/mueren-siete-en-enfrentamiento-ente-autodefensas-y-personas-armadas-en-tecoanapa-guerrero\/","name":"Mueren siete en enfrentamiento ente autodefensas y personas armadas en Tecoanapa, Guerrero - Fuentes Fidedignas","isPartOf":{"@id":"https:\/\/fuentesfidedignas.com.mx\/#website"},"primaryImageOfPage":{"@id":"https:\/\/fuentesfidedignas.com.mx\/index.php\/2023\/07\/27\/mueren-siete-en-enfrentamiento-ente-autodefensas-y-personas-armadas-en-tecoanapa-guerrero\/#primaryimage"},"image":{"@id":"https:\/\/fuentesfidedignas.com.mx\/index.php\/2023\/07\/27\/mueren-siete-en-enfrentamiento-ente-autodefensas-y-personas-armadas-en-tecoanapa-guerrero\/#primaryimage"},"thumbnailUrl":"https:\/\/fuentesfidedignas.com.mx\/wp-content\/uploads\/2023\/07\/HOMICIDIO_.jpg","datePublished":"2023-07-27T17:49:43+00:00","dateModified":"2023-07-27T17:50:00+00:00","breadcrumb":{"@id":"https:\/\/fuentesfidedignas.com.mx\/index.php\/2023\/07\/27\/mueren-siete-en-enfrentamiento-ente-autodefensas-y-personas-armadas-en-tecoanapa-guerrero\/#breadcrumb"},"inLanguage":"es","potentialAction":[{"@type":"ReadAction","target":["https:\/\/fuentesfidedignas.com.mx\/index.php\/2023\/07\/27\/mueren-siete-en-enfrentamiento-ente-autodefensas-y-personas-armadas-en-tecoanapa-guerrero\/"]}]},{"@type":"ImageObject","inLanguage":"es","@id":"https:\/\/fuentesfidedignas.com.mx\/index.php\/2023\/07\/27\/mueren-siete-en-enfrentamiento-ente-autodefensas-y-personas-armadas-en-tecoanapa-guerrero\/#primaryimage","url":"https:\/\/fuentesfidedignas.com.mx\/wp-content\/uploads\/2023\/07\/HOMICIDIO_.jpg","contentUrl":"https:\/\/fuentesfidedignas.com.mx\/wp-content\/uploads\/2023\/07\/HOMICIDIO_.jpg","width":850,"height":566},{"@type":"BreadcrumbList","@id":"https:\/\/fuentesfidedignas.com.mx\/index.php\/2023\/07\/27\/mueren-siete-en-enfrentamiento-ente-autodefensas-y-personas-armadas-en-tecoanapa-guerrero\/#breadcrumb","itemListElement":[{"@type":"ListItem","position":1,"name":"Inicio","item":"https:\/\/fuentesfidedignas.com.mx\/"},{"@type":"ListItem","position":2,"name":"Mueren siete en enfrentamiento ente autodefensas y personas armadas en Tecoanapa, Guerrero"}]},{"@type":"WebSite","@id":"https:\/\/fuentesfidedignas.com.mx\/#website","url":"https:\/\/fuentesfidedignas.com.mx\/","name":"Fuentes Fidedignas","description":"Otro sitio realizado con WordPress","publisher":{"@id":"https:\/\/fuentesfidedignas.com.mx\/#organization"},"potentialAction":[{"@type":"SearchAction","target":{"@type":"EntryPoint","urlTemplate":"https:\/\/fuentesfidedignas.com.mx\/?s={search_term_string}"},"query-input":{"@type":"PropertyValueSpecification","valueRequired":true,"valueName":"search_term_string"}}],"inLanguage":"es"},{"@type":"Organization","@id":"https:\/\/fuentesfidedignas.com.mx\/#organization","name":"Fuentes Fidedignas","url":"https:\/\/fuentesfidedignas.com.mx\/","logo":{"@type":"ImageObject","inLanguage":"es","@id":"https:\/\/fuentesfidedignas.com.mx\/#\/schema\/logo\/image\/","url":"https:\/\/fuentesfidedignas.com.mx\/wp-content\/uploads\/2021\/04\/logo-retina.png","contentUrl":"https:\/\/fuentesfidedignas.com.mx\/wp-content\/uploads\/2021\/04\/logo-retina.png","width":280,"height":51,"caption":"Fuentes Fidedignas"},"image":{"@id":"https:\/\/fuentesfidedignas.com.mx\/#\/schema\/logo\/image\/"},"sameAs":["https:\/\/www.facebook.com\/Fuentes-Fidedignas-368234489921644","https:\/\/x.com\/fidedignas"]},{"@type":"Person","@id":"https:\/\/fuentesfidedignas.com.mx\/#\/schema\/person\/eb72247ff123b3ce5e4cadc7f50ae372","name":"Proceso","image":{"@type":"ImageObject","inLanguage":"es","@id":"https:\/\/secure.gravatar.com\/avatar\/0bb01ecb091d50a46122cbe5cc32ffea15a000f83628f1e40458e669d38ff2cd?s=96&d=mm&r=g","url":"https:\/\/secure.gravatar.com\/avatar\/0bb01ecb091d50a46122cbe5cc32ffea15a000f83628f1e40458e669d38ff2cd?s=96&d=mm&r=g","contentUrl":"https:\/\/secure.gravatar.com\/avatar\/0bb01ecb091d50a46122cbe5cc32ffea15a000f83628f1e40458e669d38ff2cd?s=96&d=mm&r=g","caption":"Proceso"},"url":"https:\/\/fuentesfidedignas.com.mx\/index.php\/author\/proceso\/"}]}},"_links":{"self":[{"href":"https:\/\/fuentesfidedignas.com.mx\/index.php\/wp-json\/wp\/v2\/posts\/53758","targetHints":{"allow":["GET"]}}],"collection":[{"href":"https:\/\/fuentesfidedignas.com.mx\/index.php\/wp-json\/wp\/v2\/posts"}],"about":[{"href":"https:\/\/fuentesfidedignas.com.mx\/index.php\/wp-json\/wp\/v2\/types\/post"}],"author":[{"embeddable":true,"href":"https:\/\/fuentesfidedignas.com.mx\/index.php\/wp-json\/wp\/v2\/users\/50"}],"replies":[{"embeddable":true,"href":"https:\/\/fuentesfidedignas.com.mx\/index.php\/wp-json\/wp\/v2\/comments?post=53758"}],"version-history":[{"count":1,"href":"https:\/\/fuentesfidedignas.com.mx\/index.php\/wp-json\/wp\/v2\/posts\/53758\/revisions"}],"predecessor-version":[{"id":53760,"href":"https:\/\/fuentesfidedignas.com.mx\/index.php\/wp-json\/wp\/v2\/posts\/53758\/revisions\/53760"}],"wp:featuredmedia":[{"embeddable":true,"href":"https:\/\/fuentesfidedignas.com.mx\/index.php\/wp-json\/wp\/v2\/media\/53759"}],"wp:attachment":[{"href":"https:\/\/fuentesfidedignas.com.mx\/index.php\/wp-json\/wp\/v2\/media?parent=53758"}],"wp:term":[{"taxonomy":"category","embeddable":true,"href":"https:\/\/fuentesfidedignas.com.mx\/index.php\/wp-json\/wp\/v2\/categories?post=53758"},{"taxonomy":"post_tag","embeddable":true,"href":"https:\/\/fuentesfidedignas.com.mx\/index.php\/wp-json\/wp\/v2\/tags?post=53758"}],"curies":[{"name":"wp","href":"https:\/\/api.w.org\/{rel}","templated":true}]}}