{"id":53753,"date":"2023-07-27T09:17:43","date_gmt":"2023-07-27T16:17:43","guid":{"rendered":"https:\/\/fuentesfidedignas.com.mx\/?p=53753"},"modified":"2023-07-27T09:22:38","modified_gmt":"2023-07-27T16:22:38","slug":"julio-ya-es-el-mes-mas-caluroso-de-la-historia-es-la-era-de-la-ebullicion-advierte-la-onu","status":"publish","type":"post","link":"https:\/\/fuentesfidedignas.com.mx\/index.php\/2023\/07\/27\/julio-ya-es-el-mes-mas-caluroso-de-la-historia-es-la-era-de-la-ebullicion-advierte-la-onu\/","title":{"rendered":"Julio ya es el mes m\u00e1s caluroso de la historia; es la &#8216;era de la ebullici\u00f3n&#8217;, advierte la ONU"},"content":{"rendered":"\n<p><strong><em>&#8220;La era del calentamiento global ha terminado&#8221;, alert\u00f3 el secretario general de la ONU, Antonio Guterres; podr\u00eda ser la temperatura m\u00e1s alta registrada en 100 mil a\u00f1os.<\/em><\/strong><\/p>\n\n\n\n<p>Ciudad de M\u00e9xico.- La Organizaci\u00f3n Meteorol\u00f3gica Mundial (OMM) anunci\u00f3 que el mes de julio de 2023 ha sido el mes m\u00e1s caluroso a nivel mundial desde que se tienen registros. Seg\u00fan los datos provisionales proporcionados por el Servicio de Cambio Clim\u00e1tico Copernicus de la Uni\u00f3n Europea, la temperatura promedio global durante julio alcanz\u00f3 los 16.95 grados Celsius.<\/p>\n\n\n\n<p>El 6 de julio destac\u00f3 como el d\u00eda m\u00e1s caluroso jam\u00e1s registrado en la historia reciente, con una temperatura media de 17.08 grados Celsius. Sin embargo, no solo ese d\u00eda estableci\u00f3 un r\u00e9cord, sino que todas las jornadas comprendidas entre el 3 y el 23 de julio superaron la marca anterior de 16.8 \u00b0C, establecida el 13 de agosto de 2016.<\/p>\n\n\n\n<p>&#8220;Los extremos meteorol\u00f3gicos sufridos por millones de personas en julio no son m\u00e1s que la dura realidad del cambio clim\u00e1tico y un adelanto de lo que nos reserva el futuro&#8221;, afirm\u00f3 este jueves el secretario general de la OMM, Petteri Taalas.<\/p>\n\n\n\n<p>La media mensual de 16.95 grados Celsius, calculada con los datos recopilados hasta el 23 de julio \u2014el dato definitivo del mes ser\u00e1 publicado por Copernicus el 8 de agosto\u2014, supera significativamente el r\u00e9cord anterior para un mes, que se situaba en 16,63 grados Celsius en julio de 2019.<\/p>\n\n\n\n<blockquote class=\"twitter-tweet\"><p lang=\"en\" dir=\"ltr\">According to Copernicus Climate Change Service, the first 3 weeks of July have already broken several significant records, including:<br><br>\ud83c\udf21\ufe0fHottest day globally;<br>\ud83c\udf21\ufe0fHottest three weeks globally.<br><br>\ud83d\udd17 <a href=\"https:\/\/t.co\/zbBdQzv4Dn\">https:\/\/t.co\/zbBdQzv4Dn<\/a><br><br>\ud83d\udde3\ufe0f <a href=\"https:\/\/twitter.com\/hashtag\/EarlyWarningsForAll?src=hash&amp;ref_src=twsrc%5Etfw\">#EarlyWarningsForAll<\/a> <a href=\"https:\/\/twitter.com\/hashtag\/StateOfClimate?src=hash&amp;ref_src=twsrc%5Etfw\">#StateOfClimate<\/a><br>\ud83d\udcf7 <a href=\"https:\/\/twitter.com\/CopernicusECMWF?ref_src=twsrc%5Etfw\">@CopernicusECMWF<\/a> <a href=\"https:\/\/t.co\/eHqw0i9fCL\">pic.twitter.com\/eHqw0i9fCL<\/a><\/p>&mdash; World Meteorological Organization (@WMO) <a href=\"https:\/\/twitter.com\/WMO\/status\/1684563845241782272?ref_src=twsrc%5Etfw\">July 27, 2023<\/a><\/blockquote> <script async src=\"https:\/\/platform.twitter.com\/widgets.js\" charset=\"utf-8\"><\/script>\n\n\n\n<p>Chris Hewitt, director del Servicio de Cambio Clim\u00e1tico Cop\u00e9rnico, tambi\u00e9n alert\u00f3 que, a este ritmo, es probable que 2023 se convierta en el a\u00f1o m\u00e1s caluroso registrado en la historia, superando las cifras establecidas en 2016.<\/p>\n\n\n\n<p>La OMM subray\u00f3 que las emisiones antropog\u00e9nicas, causadas por la actividad humana, son la principal causa del aumento de las temperaturas. Carlo Buontempo, director del Servicio de Cambio Clim\u00e1tico Copernico, anticip\u00f3 que los pr\u00f3ximos meses de 2023 tambi\u00e9n podr\u00edan marcar nuevos r\u00e9cords de calor.<\/p>\n\n\n\n<p>Los efectos del calentamiento debido a la actividad humana fueron concretos en estas \u00faltimas semanas: incendios en Grecia y Canad\u00e1, temperaturas extremas en el sur de Europa, \u00c1frica del Norte, Estados Unidos y parte de China, que acaba de sufrir tambi\u00e9n los estragos del tif\u00f3n Doksuri.<\/p>\n\n\n\n<p>Incluso uno de los lugares m\u00e1s fr\u00edos de la Tierra, la Ant\u00e1rtida, est\u00e1 sintiendo el calor. El hielo marino se encuentra actualmente en un m\u00ednimo hist\u00f3rico en el invierno del hemisferio sur, el momento en que el hielo pronto deber\u00eda alcanzar su m\u00e1xima extensi\u00f3n. Mientras tanto, lluvias r\u00e9cord e inundaciones han afectado a Corea del Sur, Jap\u00f3n, India y Pakist\u00e1n.<\/p>\n\n\n\n<p>Y aunque otras regiones est\u00e1n teniendo un verano muy suave e incluso fresco, como es el caso estos d\u00edas en el norte de Europa o el centrro de M\u00e9xico, los cient\u00edficos son formales: julio es el mes m\u00e1s c\u00e1lido jam\u00e1s registrado, e incluso &#8220;el mes m\u00e1s calido de todos&#8221;.<\/p>\n\n\n\n<p>M\u00e1s all\u00e1 de las mediciones modernas, los datos paleoclimatol\u00f3gicos, a partir de los anillos de crecimiento de los troncos de los \u00e1rboles y los n\u00facleos de hielo, permiten apuntar que las temperaturas actuales &#8220;no tienen precedentes en nuestra historia, teniendo en cuenta los \u00faltimos millares de a\u00f1os&#8221;, declar\u00f3 Buontempo. E incluso &#8220;en un per\u00edodo mucho m\u00e1s largo, probablemente del orden de 100 mil a\u00f1os&#8221;, a\u00f1adi\u00f3 en conferencia de prensa.<\/p>\n\n\n\n<p>Adem\u00e1s, la agencia meteorol\u00f3gica de Naciones Unidas advirti\u00f3 que las temperaturas medias globales en la primera y tercera semanas de julio excedieron en 1.5 \u00b0C los niveles preindustriales (1850-1900), que es el l\u00edmite considerado para cumplir con el Acuerdo de Par\u00eds y evitar consecuencias catastr\u00f3ficas del calentamiento global.<\/p>\n\n\n\n<p>El secretario general de la ONU, Ant\u00f3nio Guterres, hizo hincapi\u00e9 en la urgencia de tomar acciones para limitar el aumento de las temperaturas globales por debajo de los 1.5 grados Celsius y evitar los peores impactos del cambio clim\u00e1tico.<\/p>\n\n\n\n<p>&#8220;La era del calentamiento global ha terminado, ahora es el momento de la era de la ebullici\u00f3n global. El cambio clim\u00e1tico est\u00e1 aqu\u00ed. Es aterrador. Y esto es s\u00f3lo el principio&#8221;, lament\u00f3 Guterres ante la prensa. &#8220;No necesitamos esperar hasta finales de mes para saberlo. A menos que se produzca una miniedad de hielo en los pr\u00f3ximos d\u00edas, julio de 2023 batir\u00e1 todos los r\u00e9cords&#8221;,<\/p>\n\n\n\n<p>Ante esta catastr\u00f3fica situaci\u00f3n, el secretario general de la ONU repiti\u00f3 sus incesantes llamamientos a una acci\u00f3n radical y urgente, arremetiendo una vez m\u00e1s contra el sector de los combustibles f\u00f3siles: &#8220;El aire es irrespirable, el calor es insoportable. Y los niveles de beneficios que generan los combustibles f\u00f3siles y la inacci\u00f3n clim\u00e1tica son inaceptables&#8221;. Tambi\u00e9n inst\u00f3 a una transici\u00f3n justa y equitativa de los combustibles f\u00f3siles a fuentes de energ\u00eda renovable.<\/p>\n\n\n\n<blockquote class=\"twitter-tweet\"><p lang=\"en\" dir=\"ltr\">July 2023 is set to be the hottest month ever recorded.<br><br>The consequences are tragic:<br><br>Children swept away by monsoon rains.<br><br>Families running from the flames.<br><br>Workers collapsing in scorching heat.<br><br>No more hesitancy or excuses.<a href=\"https:\/\/twitter.com\/hashtag\/ClimateAction?src=hash&amp;ref_src=twsrc%5Etfw\">#ClimateAction<\/a> &#8211; now.<a href=\"https:\/\/t.co\/yQhWo26Uom\">https:\/\/t.co\/yQhWo26Uom<\/a><\/p>&mdash; Ant\u00f3nio Guterres (@antonioguterres) <a href=\"https:\/\/twitter.com\/antonioguterres\/status\/1684561167245795328?ref_src=twsrc%5Etfw\">July 27, 2023<\/a><\/blockquote> <script async src=\"https:\/\/platform.twitter.com\/widgets.js\" charset=\"utf-8\"><\/script>\n\n\n\n<p>&#8220;En grandes partes de Norteam\u00e9rica, Asia, \u00c1frica y Europa, este verano es cruel. Para todo el planeta, es un desastre,,, y para los cient\u00edficos, es inequ\u00edvoco: los humanos son los responsables&#8221;, insisti\u00f3, se\u00f1alando que &#8220;la \u00fanica sorpresa es la velocidad del cambio. Las consecuencias son claras y tr\u00e1gicas: ni\u00f1os arrastrados por las lluvias monz\u00f3nicas, familias que huyen de las llamas, trabajadores que se desmayan bajo el calor abrasador&#8221;, remarc\u00f3 Guterres. &#8220;Los l\u00edderes deben liderar. Basta de vacilaciones. Basta de excusas. Basta de esperar a que otros se muevan primero&#8221;<\/p>\n\n\n\n<p>Guterres, anfitri\u00f3n de una cumbre sobre el clima que se celebrar\u00e1 en septiembre en Nueva York, pide a los pa\u00edses desarrollados que se comprometan a alcanzar la neutralidad de carbono lo m\u00e1s cerca posible de 2040, y a las econom\u00edas emergentes antes de 2050.<\/p>\n\n\n\n<p>&#8220;Las pruebas est\u00e1n en todas partes: la humanidad ha desencadenado la destrucci\u00f3n. Esto no debe llevarnos a la desesperaci\u00f3n, sino a la acci\u00f3n&#8221;, a\u00f1adi\u00f3. &#8220;Todav\u00eda podemos evitar lo peor. Pero para ello, debemos convertir un a\u00f1o de calor abrasador en un a\u00f1o de ambici\u00f3n abrasadora&#8221;, expres\u00f3.<\/p>\n","protected":false},"excerpt":{"rendered":"<p>&#8220;La era del calentamiento global ha terminado&#8221;, alert\u00f3 el secretario general de la ONU, Antonio Guterres; podr\u00eda ser la temperatura m\u00e1s alta registrada en 100 mil a\u00f1os. Ciudad de M\u00e9xico.- La Organizaci\u00f3n Meteorol\u00f3gica Mundial (OMM) anunci\u00f3 que el mes de julio de 2023 ha sido el mes m\u00e1s caluroso a nivel mundial desde que se [&hellip;]<\/p>\n","protected":false},"author":12,"featured_media":53754,"comment_status":"open","ping_status":"open","sticky":false,"template":"","format":"standard","meta":{"tdm_status":"","tdm_grid_status":"","footnotes":""},"categories":[39],"tags":[],"class_list":{"0":"post-53753","1":"post","2":"type-post","3":"status-publish","4":"format-standard","5":"has-post-thumbnail","7":"category-noticias-nacionales"},"yoast_head":"<!-- This site is optimized with the Yoast SEO plugin v27.5 - https:\/\/yoast.com\/product\/yoast-seo-wordpress\/ -->\n<title>Julio ya es el mes m\u00e1s caluroso de la historia; es la &#039;era de la ebullici\u00f3n&#039;, advierte la ONU - Fuentes Fidedignas<\/title>\n<meta name=\"robots\" content=\"index, follow, max-snippet:-1, max-image-preview:large, max-video-preview:-1\" \/>\n<link rel=\"canonical\" href=\"https:\/\/fuentesfidedignas.com.mx\/index.php\/2023\/07\/27\/julio-ya-es-el-mes-mas-caluroso-de-la-historia-es-la-era-de-la-ebullicion-advierte-la-onu\/\" \/>\n<meta property=\"og:locale\" content=\"es_MX\" \/>\n<meta property=\"og:type\" content=\"article\" \/>\n<meta property=\"og:title\" content=\"Julio ya es el mes m\u00e1s caluroso de la historia; es la &#039;era de la ebullici\u00f3n&#039;, advierte la ONU - Fuentes Fidedignas\" \/>\n<meta property=\"og:description\" content=\"&#8220;La era del calentamiento global ha terminado&#8221;, alert\u00f3 el secretario general de la ONU, Antonio Guterres; podr\u00eda ser la temperatura m\u00e1s alta registrada en 100 mil a\u00f1os. Ciudad de M\u00e9xico.- La Organizaci\u00f3n Meteorol\u00f3gica Mundial (OMM) anunci\u00f3 que el mes de julio de 2023 ha sido el mes m\u00e1s caluroso a nivel mundial desde que se [&hellip;]\" \/>\n<meta property=\"og:url\" content=\"https:\/\/fuentesfidedignas.com.mx\/index.php\/2023\/07\/27\/julio-ya-es-el-mes-mas-caluroso-de-la-historia-es-la-era-de-la-ebullicion-advierte-la-onu\/\" \/>\n<meta property=\"og:site_name\" content=\"Fuentes Fidedignas\" \/>\n<meta property=\"article:publisher\" content=\"https:\/\/www.facebook.com\/Fuentes-Fidedignas-368234489921644\" \/>\n<meta property=\"article:published_time\" content=\"2023-07-27T16:17:43+00:00\" \/>\n<meta property=\"article:modified_time\" content=\"2023-07-27T16:22:38+00:00\" \/>\n<meta property=\"og:image\" content=\"https:\/\/fuentesfidedignas.com.mx\/wp-content\/uploads\/2023\/07\/CALOR_MUNDO.jpg\" \/>\n\t<meta property=\"og:image:width\" content=\"800\" \/>\n\t<meta property=\"og:image:height\" content=\"600\" \/>\n\t<meta property=\"og:image:type\" content=\"image\/jpeg\" \/>\n<meta name=\"author\" content=\"AFP\" \/>\n<meta name=\"twitter:card\" content=\"summary_large_image\" \/>\n<meta name=\"twitter:creator\" content=\"@fidedignas\" \/>\n<meta name=\"twitter:site\" content=\"@fidedignas\" \/>\n<meta name=\"twitter:label1\" content=\"Escrito por\" \/>\n\t<meta name=\"twitter:data1\" content=\"AFP\" \/>\n\t<meta name=\"twitter:label2\" content=\"Tiempo de lectura\" \/>\n\t<meta name=\"twitter:data2\" content=\"5 minutos\" \/>\n<script type=\"application\/ld+json\" class=\"yoast-schema-graph\">{\"@context\":\"https:\\\/\\\/schema.org\",\"@graph\":[{\"@type\":\"Article\",\"@id\":\"https:\\\/\\\/fuentesfidedignas.com.mx\\\/index.php\\\/2023\\\/07\\\/27\\\/julio-ya-es-el-mes-mas-caluroso-de-la-historia-es-la-era-de-la-ebullicion-advierte-la-onu\\\/#article\",\"isPartOf\":{\"@id\":\"https:\\\/\\\/fuentesfidedignas.com.mx\\\/index.php\\\/2023\\\/07\\\/27\\\/julio-ya-es-el-mes-mas-caluroso-de-la-historia-es-la-era-de-la-ebullicion-advierte-la-onu\\\/\"},\"author\":{\"name\":\"AFP\",\"@id\":\"https:\\\/\\\/fuentesfidedignas.com.mx\\\/#\\\/schema\\\/person\\\/1827b38c6cf89e1d6cc7d78ca3fae732\"},\"headline\":\"Julio ya es el mes m\u00e1s caluroso de la historia; es la &#8216;era de la ebullici\u00f3n&#8217;, advierte la ONU\",\"datePublished\":\"2023-07-27T16:17:43+00:00\",\"dateModified\":\"2023-07-27T16:22:38+00:00\",\"mainEntityOfPage\":{\"@id\":\"https:\\\/\\\/fuentesfidedignas.com.mx\\\/index.php\\\/2023\\\/07\\\/27\\\/julio-ya-es-el-mes-mas-caluroso-de-la-historia-es-la-era-de-la-ebullicion-advierte-la-onu\\\/\"},\"wordCount\":1139,\"commentCount\":0,\"publisher\":{\"@id\":\"https:\\\/\\\/fuentesfidedignas.com.mx\\\/#organization\"},\"image\":{\"@id\":\"https:\\\/\\\/fuentesfidedignas.com.mx\\\/index.php\\\/2023\\\/07\\\/27\\\/julio-ya-es-el-mes-mas-caluroso-de-la-historia-es-la-era-de-la-ebullicion-advierte-la-onu\\\/#primaryimage\"},\"thumbnailUrl\":\"https:\\\/\\\/fuentesfidedignas.com.mx\\\/wp-content\\\/uploads\\\/2023\\\/07\\\/CALOR_MUNDO.jpg\",\"articleSection\":[\"NOTICIAS NACIONALES\"],\"inLanguage\":\"es\",\"potentialAction\":[{\"@type\":\"CommentAction\",\"name\":\"Comment\",\"target\":[\"https:\\\/\\\/fuentesfidedignas.com.mx\\\/index.php\\\/2023\\\/07\\\/27\\\/julio-ya-es-el-mes-mas-caluroso-de-la-historia-es-la-era-de-la-ebullicion-advierte-la-onu\\\/#respond\"]}]},{\"@type\":\"WebPage\",\"@id\":\"https:\\\/\\\/fuentesfidedignas.com.mx\\\/index.php\\\/2023\\\/07\\\/27\\\/julio-ya-es-el-mes-mas-caluroso-de-la-historia-es-la-era-de-la-ebullicion-advierte-la-onu\\\/\",\"url\":\"https:\\\/\\\/fuentesfidedignas.com.mx\\\/index.php\\\/2023\\\/07\\\/27\\\/julio-ya-es-el-mes-mas-caluroso-de-la-historia-es-la-era-de-la-ebullicion-advierte-la-onu\\\/\",\"name\":\"Julio ya es el mes m\u00e1s caluroso de la historia; es la 'era de la ebullici\u00f3n', advierte la ONU - Fuentes Fidedignas\",\"isPartOf\":{\"@id\":\"https:\\\/\\\/fuentesfidedignas.com.mx\\\/#website\"},\"primaryImageOfPage\":{\"@id\":\"https:\\\/\\\/fuentesfidedignas.com.mx\\\/index.php\\\/2023\\\/07\\\/27\\\/julio-ya-es-el-mes-mas-caluroso-de-la-historia-es-la-era-de-la-ebullicion-advierte-la-onu\\\/#primaryimage\"},\"image\":{\"@id\":\"https:\\\/\\\/fuentesfidedignas.com.mx\\\/index.php\\\/2023\\\/07\\\/27\\\/julio-ya-es-el-mes-mas-caluroso-de-la-historia-es-la-era-de-la-ebullicion-advierte-la-onu\\\/#primaryimage\"},\"thumbnailUrl\":\"https:\\\/\\\/fuentesfidedignas.com.mx\\\/wp-content\\\/uploads\\\/2023\\\/07\\\/CALOR_MUNDO.jpg\",\"datePublished\":\"2023-07-27T16:17:43+00:00\",\"dateModified\":\"2023-07-27T16:22:38+00:00\",\"breadcrumb\":{\"@id\":\"https:\\\/\\\/fuentesfidedignas.com.mx\\\/index.php\\\/2023\\\/07\\\/27\\\/julio-ya-es-el-mes-mas-caluroso-de-la-historia-es-la-era-de-la-ebullicion-advierte-la-onu\\\/#breadcrumb\"},\"inLanguage\":\"es\",\"potentialAction\":[{\"@type\":\"ReadAction\",\"target\":[\"https:\\\/\\\/fuentesfidedignas.com.mx\\\/index.php\\\/2023\\\/07\\\/27\\\/julio-ya-es-el-mes-mas-caluroso-de-la-historia-es-la-era-de-la-ebullicion-advierte-la-onu\\\/\"]}]},{\"@type\":\"ImageObject\",\"inLanguage\":\"es\",\"@id\":\"https:\\\/\\\/fuentesfidedignas.com.mx\\\/index.php\\\/2023\\\/07\\\/27\\\/julio-ya-es-el-mes-mas-caluroso-de-la-historia-es-la-era-de-la-ebullicion-advierte-la-onu\\\/#primaryimage\",\"url\":\"https:\\\/\\\/fuentesfidedignas.com.mx\\\/wp-content\\\/uploads\\\/2023\\\/07\\\/CALOR_MUNDO.jpg\",\"contentUrl\":\"https:\\\/\\\/fuentesfidedignas.com.mx\\\/wp-content\\\/uploads\\\/2023\\\/07\\\/CALOR_MUNDO.jpg\",\"width\":800,\"height\":600},{\"@type\":\"BreadcrumbList\",\"@id\":\"https:\\\/\\\/fuentesfidedignas.com.mx\\\/index.php\\\/2023\\\/07\\\/27\\\/julio-ya-es-el-mes-mas-caluroso-de-la-historia-es-la-era-de-la-ebullicion-advierte-la-onu\\\/#breadcrumb\",\"itemListElement\":[{\"@type\":\"ListItem\",\"position\":1,\"name\":\"Inicio\",\"item\":\"https:\\\/\\\/fuentesfidedignas.com.mx\\\/\"},{\"@type\":\"ListItem\",\"position\":2,\"name\":\"Julio ya es el mes m\u00e1s caluroso de la historia; es la &#8216;era de la ebullici\u00f3n&#8217;, advierte la ONU\"}]},{\"@type\":\"WebSite\",\"@id\":\"https:\\\/\\\/fuentesfidedignas.com.mx\\\/#website\",\"url\":\"https:\\\/\\\/fuentesfidedignas.com.mx\\\/\",\"name\":\"Fuentes Fidedignas\",\"description\":\"Otro sitio realizado con WordPress\",\"publisher\":{\"@id\":\"https:\\\/\\\/fuentesfidedignas.com.mx\\\/#organization\"},\"potentialAction\":[{\"@type\":\"SearchAction\",\"target\":{\"@type\":\"EntryPoint\",\"urlTemplate\":\"https:\\\/\\\/fuentesfidedignas.com.mx\\\/?s={search_term_string}\"},\"query-input\":{\"@type\":\"PropertyValueSpecification\",\"valueRequired\":true,\"valueName\":\"search_term_string\"}}],\"inLanguage\":\"es\"},{\"@type\":\"Organization\",\"@id\":\"https:\\\/\\\/fuentesfidedignas.com.mx\\\/#organization\",\"name\":\"Fuentes Fidedignas\",\"url\":\"https:\\\/\\\/fuentesfidedignas.com.mx\\\/\",\"logo\":{\"@type\":\"ImageObject\",\"inLanguage\":\"es\",\"@id\":\"https:\\\/\\\/fuentesfidedignas.com.mx\\\/#\\\/schema\\\/logo\\\/image\\\/\",\"url\":\"https:\\\/\\\/fuentesfidedignas.com.mx\\\/wp-content\\\/uploads\\\/2021\\\/04\\\/logo-retina.png\",\"contentUrl\":\"https:\\\/\\\/fuentesfidedignas.com.mx\\\/wp-content\\\/uploads\\\/2021\\\/04\\\/logo-retina.png\",\"width\":280,\"height\":51,\"caption\":\"Fuentes Fidedignas\"},\"image\":{\"@id\":\"https:\\\/\\\/fuentesfidedignas.com.mx\\\/#\\\/schema\\\/logo\\\/image\\\/\"},\"sameAs\":[\"https:\\\/\\\/www.facebook.com\\\/Fuentes-Fidedignas-368234489921644\",\"https:\\\/\\\/x.com\\\/fidedignas\"]},{\"@type\":\"Person\",\"@id\":\"https:\\\/\\\/fuentesfidedignas.com.mx\\\/#\\\/schema\\\/person\\\/1827b38c6cf89e1d6cc7d78ca3fae732\",\"name\":\"AFP\",\"image\":{\"@type\":\"ImageObject\",\"inLanguage\":\"es\",\"@id\":\"https:\\\/\\\/secure.gravatar.com\\\/avatar\\\/236827d2ee9bf15e1ea99e0c1cd1b467cffa55e324d177638d0f8de7950cbae6?s=96&d=mm&r=g\",\"url\":\"https:\\\/\\\/secure.gravatar.com\\\/avatar\\\/236827d2ee9bf15e1ea99e0c1cd1b467cffa55e324d177638d0f8de7950cbae6?s=96&d=mm&r=g\",\"contentUrl\":\"https:\\\/\\\/secure.gravatar.com\\\/avatar\\\/236827d2ee9bf15e1ea99e0c1cd1b467cffa55e324d177638d0f8de7950cbae6?s=96&d=mm&r=g\",\"caption\":\"AFP\"},\"url\":\"https:\\\/\\\/fuentesfidedignas.com.mx\\\/index.php\\\/author\\\/afp\\\/\"}]}<\/script>\n<!-- \/ Yoast SEO plugin. -->","yoast_head_json":{"title":"Julio ya es el mes m\u00e1s caluroso de la historia; es la 'era de la ebullici\u00f3n', advierte la ONU - Fuentes Fidedignas","robots":{"index":"index","follow":"follow","max-snippet":"max-snippet:-1","max-image-preview":"max-image-preview:large","max-video-preview":"max-video-preview:-1"},"canonical":"https:\/\/fuentesfidedignas.com.mx\/index.php\/2023\/07\/27\/julio-ya-es-el-mes-mas-caluroso-de-la-historia-es-la-era-de-la-ebullicion-advierte-la-onu\/","og_locale":"es_MX","og_type":"article","og_title":"Julio ya es el mes m\u00e1s caluroso de la historia; es la 'era de la ebullici\u00f3n', advierte la ONU - Fuentes Fidedignas","og_description":"&#8220;La era del calentamiento global ha terminado&#8221;, alert\u00f3 el secretario general de la ONU, Antonio Guterres; podr\u00eda ser la temperatura m\u00e1s alta registrada en 100 mil a\u00f1os. Ciudad de M\u00e9xico.- La Organizaci\u00f3n Meteorol\u00f3gica Mundial (OMM) anunci\u00f3 que el mes de julio de 2023 ha sido el mes m\u00e1s caluroso a nivel mundial desde que se [&hellip;]","og_url":"https:\/\/fuentesfidedignas.com.mx\/index.php\/2023\/07\/27\/julio-ya-es-el-mes-mas-caluroso-de-la-historia-es-la-era-de-la-ebullicion-advierte-la-onu\/","og_site_name":"Fuentes Fidedignas","article_publisher":"https:\/\/www.facebook.com\/Fuentes-Fidedignas-368234489921644","article_published_time":"2023-07-27T16:17:43+00:00","article_modified_time":"2023-07-27T16:22:38+00:00","og_image":[{"width":800,"height":600,"url":"https:\/\/fuentesfidedignas.com.mx\/wp-content\/uploads\/2023\/07\/CALOR_MUNDO.jpg","type":"image\/jpeg"}],"author":"AFP","twitter_card":"summary_large_image","twitter_creator":"@fidedignas","twitter_site":"@fidedignas","twitter_misc":{"Escrito por":"AFP","Tiempo de lectura":"5 minutos"},"schema":{"@context":"https:\/\/schema.org","@graph":[{"@type":"Article","@id":"https:\/\/fuentesfidedignas.com.mx\/index.php\/2023\/07\/27\/julio-ya-es-el-mes-mas-caluroso-de-la-historia-es-la-era-de-la-ebullicion-advierte-la-onu\/#article","isPartOf":{"@id":"https:\/\/fuentesfidedignas.com.mx\/index.php\/2023\/07\/27\/julio-ya-es-el-mes-mas-caluroso-de-la-historia-es-la-era-de-la-ebullicion-advierte-la-onu\/"},"author":{"name":"AFP","@id":"https:\/\/fuentesfidedignas.com.mx\/#\/schema\/person\/1827b38c6cf89e1d6cc7d78ca3fae732"},"headline":"Julio ya es el mes m\u00e1s caluroso de la historia; es la &#8216;era de la ebullici\u00f3n&#8217;, advierte la ONU","datePublished":"2023-07-27T16:17:43+00:00","dateModified":"2023-07-27T16:22:38+00:00","mainEntityOfPage":{"@id":"https:\/\/fuentesfidedignas.com.mx\/index.php\/2023\/07\/27\/julio-ya-es-el-mes-mas-caluroso-de-la-historia-es-la-era-de-la-ebullicion-advierte-la-onu\/"},"wordCount":1139,"commentCount":0,"publisher":{"@id":"https:\/\/fuentesfidedignas.com.mx\/#organization"},"image":{"@id":"https:\/\/fuentesfidedignas.com.mx\/index.php\/2023\/07\/27\/julio-ya-es-el-mes-mas-caluroso-de-la-historia-es-la-era-de-la-ebullicion-advierte-la-onu\/#primaryimage"},"thumbnailUrl":"https:\/\/fuentesfidedignas.com.mx\/wp-content\/uploads\/2023\/07\/CALOR_MUNDO.jpg","articleSection":["NOTICIAS NACIONALES"],"inLanguage":"es","potentialAction":[{"@type":"CommentAction","name":"Comment","target":["https:\/\/fuentesfidedignas.com.mx\/index.php\/2023\/07\/27\/julio-ya-es-el-mes-mas-caluroso-de-la-historia-es-la-era-de-la-ebullicion-advierte-la-onu\/#respond"]}]},{"@type":"WebPage","@id":"https:\/\/fuentesfidedignas.com.mx\/index.php\/2023\/07\/27\/julio-ya-es-el-mes-mas-caluroso-de-la-historia-es-la-era-de-la-ebullicion-advierte-la-onu\/","url":"https:\/\/fuentesfidedignas.com.mx\/index.php\/2023\/07\/27\/julio-ya-es-el-mes-mas-caluroso-de-la-historia-es-la-era-de-la-ebullicion-advierte-la-onu\/","name":"Julio ya es el mes m\u00e1s caluroso de la historia; es la 'era de la ebullici\u00f3n', advierte la ONU - Fuentes Fidedignas","isPartOf":{"@id":"https:\/\/fuentesfidedignas.com.mx\/#website"},"primaryImageOfPage":{"@id":"https:\/\/fuentesfidedignas.com.mx\/index.php\/2023\/07\/27\/julio-ya-es-el-mes-mas-caluroso-de-la-historia-es-la-era-de-la-ebullicion-advierte-la-onu\/#primaryimage"},"image":{"@id":"https:\/\/fuentesfidedignas.com.mx\/index.php\/2023\/07\/27\/julio-ya-es-el-mes-mas-caluroso-de-la-historia-es-la-era-de-la-ebullicion-advierte-la-onu\/#primaryimage"},"thumbnailUrl":"https:\/\/fuentesfidedignas.com.mx\/wp-content\/uploads\/2023\/07\/CALOR_MUNDO.jpg","datePublished":"2023-07-27T16:17:43+00:00","dateModified":"2023-07-27T16:22:38+00:00","breadcrumb":{"@id":"https:\/\/fuentesfidedignas.com.mx\/index.php\/2023\/07\/27\/julio-ya-es-el-mes-mas-caluroso-de-la-historia-es-la-era-de-la-ebullicion-advierte-la-onu\/#breadcrumb"},"inLanguage":"es","potentialAction":[{"@type":"ReadAction","target":["https:\/\/fuentesfidedignas.com.mx\/index.php\/2023\/07\/27\/julio-ya-es-el-mes-mas-caluroso-de-la-historia-es-la-era-de-la-ebullicion-advierte-la-onu\/"]}]},{"@type":"ImageObject","inLanguage":"es","@id":"https:\/\/fuentesfidedignas.com.mx\/index.php\/2023\/07\/27\/julio-ya-es-el-mes-mas-caluroso-de-la-historia-es-la-era-de-la-ebullicion-advierte-la-onu\/#primaryimage","url":"https:\/\/fuentesfidedignas.com.mx\/wp-content\/uploads\/2023\/07\/CALOR_MUNDO.jpg","contentUrl":"https:\/\/fuentesfidedignas.com.mx\/wp-content\/uploads\/2023\/07\/CALOR_MUNDO.jpg","width":800,"height":600},{"@type":"BreadcrumbList","@id":"https:\/\/fuentesfidedignas.com.mx\/index.php\/2023\/07\/27\/julio-ya-es-el-mes-mas-caluroso-de-la-historia-es-la-era-de-la-ebullicion-advierte-la-onu\/#breadcrumb","itemListElement":[{"@type":"ListItem","position":1,"name":"Inicio","item":"https:\/\/fuentesfidedignas.com.mx\/"},{"@type":"ListItem","position":2,"name":"Julio ya es el mes m\u00e1s caluroso de la historia; es la &#8216;era de la ebullici\u00f3n&#8217;, advierte la ONU"}]},{"@type":"WebSite","@id":"https:\/\/fuentesfidedignas.com.mx\/#website","url":"https:\/\/fuentesfidedignas.com.mx\/","name":"Fuentes Fidedignas","description":"Otro sitio realizado con WordPress","publisher":{"@id":"https:\/\/fuentesfidedignas.com.mx\/#organization"},"potentialAction":[{"@type":"SearchAction","target":{"@type":"EntryPoint","urlTemplate":"https:\/\/fuentesfidedignas.com.mx\/?s={search_term_string}"},"query-input":{"@type":"PropertyValueSpecification","valueRequired":true,"valueName":"search_term_string"}}],"inLanguage":"es"},{"@type":"Organization","@id":"https:\/\/fuentesfidedignas.com.mx\/#organization","name":"Fuentes Fidedignas","url":"https:\/\/fuentesfidedignas.com.mx\/","logo":{"@type":"ImageObject","inLanguage":"es","@id":"https:\/\/fuentesfidedignas.com.mx\/#\/schema\/logo\/image\/","url":"https:\/\/fuentesfidedignas.com.mx\/wp-content\/uploads\/2021\/04\/logo-retina.png","contentUrl":"https:\/\/fuentesfidedignas.com.mx\/wp-content\/uploads\/2021\/04\/logo-retina.png","width":280,"height":51,"caption":"Fuentes Fidedignas"},"image":{"@id":"https:\/\/fuentesfidedignas.com.mx\/#\/schema\/logo\/image\/"},"sameAs":["https:\/\/www.facebook.com\/Fuentes-Fidedignas-368234489921644","https:\/\/x.com\/fidedignas"]},{"@type":"Person","@id":"https:\/\/fuentesfidedignas.com.mx\/#\/schema\/person\/1827b38c6cf89e1d6cc7d78ca3fae732","name":"AFP","image":{"@type":"ImageObject","inLanguage":"es","@id":"https:\/\/secure.gravatar.com\/avatar\/236827d2ee9bf15e1ea99e0c1cd1b467cffa55e324d177638d0f8de7950cbae6?s=96&d=mm&r=g","url":"https:\/\/secure.gravatar.com\/avatar\/236827d2ee9bf15e1ea99e0c1cd1b467cffa55e324d177638d0f8de7950cbae6?s=96&d=mm&r=g","contentUrl":"https:\/\/secure.gravatar.com\/avatar\/236827d2ee9bf15e1ea99e0c1cd1b467cffa55e324d177638d0f8de7950cbae6?s=96&d=mm&r=g","caption":"AFP"},"url":"https:\/\/fuentesfidedignas.com.mx\/index.php\/author\/afp\/"}]}},"_links":{"self":[{"href":"https:\/\/fuentesfidedignas.com.mx\/index.php\/wp-json\/wp\/v2\/posts\/53753","targetHints":{"allow":["GET"]}}],"collection":[{"href":"https:\/\/fuentesfidedignas.com.mx\/index.php\/wp-json\/wp\/v2\/posts"}],"about":[{"href":"https:\/\/fuentesfidedignas.com.mx\/index.php\/wp-json\/wp\/v2\/types\/post"}],"author":[{"embeddable":true,"href":"https:\/\/fuentesfidedignas.com.mx\/index.php\/wp-json\/wp\/v2\/users\/12"}],"replies":[{"embeddable":true,"href":"https:\/\/fuentesfidedignas.com.mx\/index.php\/wp-json\/wp\/v2\/comments?post=53753"}],"version-history":[{"count":1,"href":"https:\/\/fuentesfidedignas.com.mx\/index.php\/wp-json\/wp\/v2\/posts\/53753\/revisions"}],"predecessor-version":[{"id":53755,"href":"https:\/\/fuentesfidedignas.com.mx\/index.php\/wp-json\/wp\/v2\/posts\/53753\/revisions\/53755"}],"wp:featuredmedia":[{"embeddable":true,"href":"https:\/\/fuentesfidedignas.com.mx\/index.php\/wp-json\/wp\/v2\/media\/53754"}],"wp:attachment":[{"href":"https:\/\/fuentesfidedignas.com.mx\/index.php\/wp-json\/wp\/v2\/media?parent=53753"}],"wp:term":[{"taxonomy":"category","embeddable":true,"href":"https:\/\/fuentesfidedignas.com.mx\/index.php\/wp-json\/wp\/v2\/categories?post=53753"},{"taxonomy":"post_tag","embeddable":true,"href":"https:\/\/fuentesfidedignas.com.mx\/index.php\/wp-json\/wp\/v2\/tags?post=53753"}],"curies":[{"name":"wp","href":"https:\/\/api.w.org\/{rel}","templated":true}]}}