{"id":53614,"date":"2023-07-25T14:39:31","date_gmt":"2023-07-25T21:39:31","guid":{"rendered":"https:\/\/fuentesfidedignas.com.mx\/?p=53614"},"modified":"2023-07-25T14:54:52","modified_gmt":"2023-07-25T21:54:52","slug":"no-se-adelanten-dirigencia-de-la-mesa-directiva-se-discutira-en-dos-meses-feliciano-castro","status":"publish","type":"post","link":"https:\/\/fuentesfidedignas.com.mx\/index.php\/2023\/07\/25\/no-se-adelanten-dirigencia-de-la-mesa-directiva-se-discutira-en-dos-meses-feliciano-castro\/","title":{"rendered":"Que no se adelante el PAS, dirigencia de la Mesa Directiva se discutir\u00e1 en dos meses: Feliciano Castro"},"content":{"rendered":"\n<p><em><strong>Se\u00f1al\u00f3 que el Grupo Parlamentario del Partido Sinaloense est\u00e1 en su derecho de buscar presidir de nueva cuenta la Mesa Directiva, pero a\u00fan no es momento de discutirlo<\/strong><\/em><\/p>\n\n\n\n<p>Culiac\u00e1n, Sin.- El tema de la pr\u00f3xima presidencia de la <strong>Mesa Directiva del Congreso del Estado<\/strong>, es un tema que no est\u00e1 en el orden del d\u00eda, ya que faltan dos meses para determinar qu\u00e9 partido la presidir\u00e1 para el pr\u00f3ximo a\u00f1o legislativo, que inicia a partir del mes de octubre, asegur\u00f3 el presidente de la <strong>Junta de Coordinaci\u00f3n Pol\u00edtica<\/strong>.<\/p>\n\n\n\n<p>As\u00ed lo afirm\u00f3 <strong>Feliciano Castro Mel\u00e9ndrez <\/strong>despu\u00e9s de que el Grupo Parlamentario del Partido Sinaloense acusara que se busca reformar en <em>fast track<\/em> la Ley Org\u00e1nica del Congreso del Estado, ante el temor de que sean los pasistas quienes tengan oportunidad de nueva cuenta presidir la Mesa Directiva.<\/p>\n\n\n\n<p>&#8220;<strong>No est\u00e1 en el orden del d\u00eda, tenemos dos meses por delante, estaremos proces\u00e1ndola llegando los tiempos. Es un tema que aplica a partir de octubre y estamos en julio; por lo tanto, llegado el momento lo vamos a tratar a partir de las disposiciones de la Ley Org\u00e1nica&#8221;<\/strong>, insisti\u00f3 el presidente de la JUCOPO. <\/p>\n\n\n\n<p>Asimismo, Feliciano Castro se\u00f1al\u00f3 que el Grupo Parlamentario del PAS est\u00e1 en su derecho de buscar presidir de nueva cuenta la Mesa Directiva, pues la ley establece que cualquier integrante de la Legislatura puede ocupar el cargo y ser\u00e1 algo que se determinar\u00e1 en los tiempos establecidos.<\/p>\n\n\n\n<p>&#8220;P<strong>uede estar cualquier compa\u00f1ero en la presidencia de la Mesa Directiva, pero a\u00fan no es el momento<\/strong>. <strong>Todos los diputados, todas las diputados tienen el derecho de aspirar<\/strong>&#8220;, detall\u00f3 el diputado morenista.<\/p>\n\n\n\n<iframe loading=\"lazy\" src=\"https:\/\/www.facebook.com\/plugins\/video.php?height=314&#038;href=https%3A%2F%2Fwww.facebook.com%2F100050497569358%2Fvideos%2F113313441841307%2F&#038;show_text=false&#038;width=560&#038;t=0\" width=\"560\" height=\"314\" style=\"border:none;overflow:hidden\" scrolling=\"no\" frameborder=\"0\" allowfullscreen=\"true\" allow=\"autoplay; clipboard-write; encrypted-media; picture-in-picture; web-share\" allowFullScreen=\"true\"><\/iframe>\n","protected":false},"excerpt":{"rendered":"<p>Se\u00f1al\u00f3 que el Grupo Parlamentario del Partido Sinaloense est\u00e1 en su derecho de buscar presidir de nueva cuenta la Mesa Directiva, pero a\u00fan no es momento de discutirlo Culiac\u00e1n, Sin.- El tema de la pr\u00f3xima presidencia de la Mesa Directiva del Congreso del Estado, es un tema que no est\u00e1 en el orden del d\u00eda, [&hellip;]<\/p>\n","protected":false},"author":11,"featured_media":53615,"comment_status":"open","ping_status":"open","sticky":false,"template":"","format":"standard","meta":{"tdm_status":"","tdm_grid_status":"","footnotes":""},"categories":[37],"tags":[],"class_list":{"0":"post-53614","1":"post","2":"type-post","3":"status-publish","4":"format-standard","5":"has-post-thumbnail","7":"category-nota-principal"},"yoast_head":"<!-- This site is optimized with the Yoast SEO plugin v27.4 - https:\/\/yoast.com\/product\/yoast-seo-wordpress\/ -->\n<title>Que no se adelante el PAS, dirigencia de la Mesa Directiva se discutir\u00e1 en dos meses: Feliciano Castro - Fuentes Fidedignas<\/title>\n<meta name=\"robots\" content=\"index, follow, max-snippet:-1, max-image-preview:large, max-video-preview:-1\" \/>\n<link rel=\"canonical\" href=\"https:\/\/fuentesfidedignas.com.mx\/index.php\/2023\/07\/25\/no-se-adelanten-dirigencia-de-la-mesa-directiva-se-discutira-en-dos-meses-feliciano-castro\/\" \/>\n<meta property=\"og:locale\" content=\"es_MX\" \/>\n<meta property=\"og:type\" content=\"article\" \/>\n<meta property=\"og:title\" content=\"Que no se adelante el PAS, dirigencia de la Mesa Directiva se discutir\u00e1 en dos meses: Feliciano Castro - Fuentes Fidedignas\" \/>\n<meta property=\"og:description\" content=\"Se\u00f1al\u00f3 que el Grupo Parlamentario del Partido Sinaloense est\u00e1 en su derecho de buscar presidir de nueva cuenta la Mesa Directiva, pero a\u00fan no es momento de discutirlo Culiac\u00e1n, Sin.- El tema de la pr\u00f3xima presidencia de la Mesa Directiva del Congreso del Estado, es un tema que no est\u00e1 en el orden del d\u00eda, [&hellip;]\" \/>\n<meta property=\"og:url\" content=\"https:\/\/fuentesfidedignas.com.mx\/index.php\/2023\/07\/25\/no-se-adelanten-dirigencia-de-la-mesa-directiva-se-discutira-en-dos-meses-feliciano-castro\/\" \/>\n<meta property=\"og:site_name\" content=\"Fuentes Fidedignas\" \/>\n<meta property=\"article:publisher\" content=\"https:\/\/www.facebook.com\/Fuentes-Fidedignas-368234489921644\" \/>\n<meta property=\"article:published_time\" content=\"2023-07-25T21:39:31+00:00\" \/>\n<meta property=\"article:modified_time\" content=\"2023-07-25T21:54:52+00:00\" \/>\n<meta property=\"og:image\" content=\"https:\/\/fuentesfidedignas.com.mx\/wp-content\/uploads\/2023\/07\/feliciano-250723-e1690321154179.jpg\" \/>\n\t<meta property=\"og:image:width\" content=\"600\" \/>\n\t<meta property=\"og:image:height\" content=\"340\" \/>\n\t<meta property=\"og:image:type\" content=\"image\/jpeg\" \/>\n<meta name=\"author\" content=\"Marissa Palafox\" \/>\n<meta name=\"twitter:card\" content=\"summary_large_image\" \/>\n<meta name=\"twitter:creator\" content=\"@fidedignas\" \/>\n<meta name=\"twitter:site\" content=\"@fidedignas\" \/>\n<meta name=\"twitter:label1\" content=\"Escrito por\" \/>\n\t<meta name=\"twitter:data1\" content=\"Marissa Palafox\" \/>\n\t<meta name=\"twitter:label2\" content=\"Tiempo de lectura\" \/>\n\t<meta name=\"twitter:data2\" content=\"2 minutos\" \/>\n<script type=\"application\/ld+json\" class=\"yoast-schema-graph\">{\"@context\":\"https:\\\/\\\/schema.org\",\"@graph\":[{\"@type\":\"Article\",\"@id\":\"https:\\\/\\\/fuentesfidedignas.com.mx\\\/index.php\\\/2023\\\/07\\\/25\\\/no-se-adelanten-dirigencia-de-la-mesa-directiva-se-discutira-en-dos-meses-feliciano-castro\\\/#article\",\"isPartOf\":{\"@id\":\"https:\\\/\\\/fuentesfidedignas.com.mx\\\/index.php\\\/2023\\\/07\\\/25\\\/no-se-adelanten-dirigencia-de-la-mesa-directiva-se-discutira-en-dos-meses-feliciano-castro\\\/\"},\"author\":{\"name\":\"Marissa Palafox\",\"@id\":\"https:\\\/\\\/fuentesfidedignas.com.mx\\\/#\\\/schema\\\/person\\\/2c10028b4a30078c05a056a215342ab9\"},\"headline\":\"Que no se adelante el PAS, dirigencia de la Mesa Directiva se discutir\u00e1 en dos meses: Feliciano Castro\",\"datePublished\":\"2023-07-25T21:39:31+00:00\",\"dateModified\":\"2023-07-25T21:54:52+00:00\",\"mainEntityOfPage\":{\"@id\":\"https:\\\/\\\/fuentesfidedignas.com.mx\\\/index.php\\\/2023\\\/07\\\/25\\\/no-se-adelanten-dirigencia-de-la-mesa-directiva-se-discutira-en-dos-meses-feliciano-castro\\\/\"},\"wordCount\":307,\"commentCount\":0,\"publisher\":{\"@id\":\"https:\\\/\\\/fuentesfidedignas.com.mx\\\/#organization\"},\"image\":{\"@id\":\"https:\\\/\\\/fuentesfidedignas.com.mx\\\/index.php\\\/2023\\\/07\\\/25\\\/no-se-adelanten-dirigencia-de-la-mesa-directiva-se-discutira-en-dos-meses-feliciano-castro\\\/#primaryimage\"},\"thumbnailUrl\":\"https:\\\/\\\/fuentesfidedignas.com.mx\\\/wp-content\\\/uploads\\\/2023\\\/07\\\/feliciano-250723-e1690321154179.jpg\",\"articleSection\":[\"NOTA PRINCIPAL\"],\"inLanguage\":\"es\",\"potentialAction\":[{\"@type\":\"CommentAction\",\"name\":\"Comment\",\"target\":[\"https:\\\/\\\/fuentesfidedignas.com.mx\\\/index.php\\\/2023\\\/07\\\/25\\\/no-se-adelanten-dirigencia-de-la-mesa-directiva-se-discutira-en-dos-meses-feliciano-castro\\\/#respond\"]}]},{\"@type\":\"WebPage\",\"@id\":\"https:\\\/\\\/fuentesfidedignas.com.mx\\\/index.php\\\/2023\\\/07\\\/25\\\/no-se-adelanten-dirigencia-de-la-mesa-directiva-se-discutira-en-dos-meses-feliciano-castro\\\/\",\"url\":\"https:\\\/\\\/fuentesfidedignas.com.mx\\\/index.php\\\/2023\\\/07\\\/25\\\/no-se-adelanten-dirigencia-de-la-mesa-directiva-se-discutira-en-dos-meses-feliciano-castro\\\/\",\"name\":\"Que no se adelante el PAS, dirigencia de la Mesa Directiva se discutir\u00e1 en dos meses: Feliciano Castro - Fuentes Fidedignas\",\"isPartOf\":{\"@id\":\"https:\\\/\\\/fuentesfidedignas.com.mx\\\/#website\"},\"primaryImageOfPage\":{\"@id\":\"https:\\\/\\\/fuentesfidedignas.com.mx\\\/index.php\\\/2023\\\/07\\\/25\\\/no-se-adelanten-dirigencia-de-la-mesa-directiva-se-discutira-en-dos-meses-feliciano-castro\\\/#primaryimage\"},\"image\":{\"@id\":\"https:\\\/\\\/fuentesfidedignas.com.mx\\\/index.php\\\/2023\\\/07\\\/25\\\/no-se-adelanten-dirigencia-de-la-mesa-directiva-se-discutira-en-dos-meses-feliciano-castro\\\/#primaryimage\"},\"thumbnailUrl\":\"https:\\\/\\\/fuentesfidedignas.com.mx\\\/wp-content\\\/uploads\\\/2023\\\/07\\\/feliciano-250723-e1690321154179.jpg\",\"datePublished\":\"2023-07-25T21:39:31+00:00\",\"dateModified\":\"2023-07-25T21:54:52+00:00\",\"breadcrumb\":{\"@id\":\"https:\\\/\\\/fuentesfidedignas.com.mx\\\/index.php\\\/2023\\\/07\\\/25\\\/no-se-adelanten-dirigencia-de-la-mesa-directiva-se-discutira-en-dos-meses-feliciano-castro\\\/#breadcrumb\"},\"inLanguage\":\"es\",\"potentialAction\":[{\"@type\":\"ReadAction\",\"target\":[\"https:\\\/\\\/fuentesfidedignas.com.mx\\\/index.php\\\/2023\\\/07\\\/25\\\/no-se-adelanten-dirigencia-de-la-mesa-directiva-se-discutira-en-dos-meses-feliciano-castro\\\/\"]}]},{\"@type\":\"ImageObject\",\"inLanguage\":\"es\",\"@id\":\"https:\\\/\\\/fuentesfidedignas.com.mx\\\/index.php\\\/2023\\\/07\\\/25\\\/no-se-adelanten-dirigencia-de-la-mesa-directiva-se-discutira-en-dos-meses-feliciano-castro\\\/#primaryimage\",\"url\":\"https:\\\/\\\/fuentesfidedignas.com.mx\\\/wp-content\\\/uploads\\\/2023\\\/07\\\/feliciano-250723-e1690321154179.jpg\",\"contentUrl\":\"https:\\\/\\\/fuentesfidedignas.com.mx\\\/wp-content\\\/uploads\\\/2023\\\/07\\\/feliciano-250723-e1690321154179.jpg\",\"width\":600,\"height\":340},{\"@type\":\"BreadcrumbList\",\"@id\":\"https:\\\/\\\/fuentesfidedignas.com.mx\\\/index.php\\\/2023\\\/07\\\/25\\\/no-se-adelanten-dirigencia-de-la-mesa-directiva-se-discutira-en-dos-meses-feliciano-castro\\\/#breadcrumb\",\"itemListElement\":[{\"@type\":\"ListItem\",\"position\":1,\"name\":\"Inicio\",\"item\":\"https:\\\/\\\/fuentesfidedignas.com.mx\\\/\"},{\"@type\":\"ListItem\",\"position\":2,\"name\":\"Que no se adelante el PAS, dirigencia de la Mesa Directiva se discutir\u00e1 en dos meses: Feliciano Castro\"}]},{\"@type\":\"WebSite\",\"@id\":\"https:\\\/\\\/fuentesfidedignas.com.mx\\\/#website\",\"url\":\"https:\\\/\\\/fuentesfidedignas.com.mx\\\/\",\"name\":\"Fuentes Fidedignas\",\"description\":\"Otro sitio realizado con WordPress\",\"publisher\":{\"@id\":\"https:\\\/\\\/fuentesfidedignas.com.mx\\\/#organization\"},\"potentialAction\":[{\"@type\":\"SearchAction\",\"target\":{\"@type\":\"EntryPoint\",\"urlTemplate\":\"https:\\\/\\\/fuentesfidedignas.com.mx\\\/?s={search_term_string}\"},\"query-input\":{\"@type\":\"PropertyValueSpecification\",\"valueRequired\":true,\"valueName\":\"search_term_string\"}}],\"inLanguage\":\"es\"},{\"@type\":\"Organization\",\"@id\":\"https:\\\/\\\/fuentesfidedignas.com.mx\\\/#organization\",\"name\":\"Fuentes Fidedignas\",\"url\":\"https:\\\/\\\/fuentesfidedignas.com.mx\\\/\",\"logo\":{\"@type\":\"ImageObject\",\"inLanguage\":\"es\",\"@id\":\"https:\\\/\\\/fuentesfidedignas.com.mx\\\/#\\\/schema\\\/logo\\\/image\\\/\",\"url\":\"https:\\\/\\\/fuentesfidedignas.com.mx\\\/wp-content\\\/uploads\\\/2021\\\/04\\\/logo-retina.png\",\"contentUrl\":\"https:\\\/\\\/fuentesfidedignas.com.mx\\\/wp-content\\\/uploads\\\/2021\\\/04\\\/logo-retina.png\",\"width\":280,\"height\":51,\"caption\":\"Fuentes Fidedignas\"},\"image\":{\"@id\":\"https:\\\/\\\/fuentesfidedignas.com.mx\\\/#\\\/schema\\\/logo\\\/image\\\/\"},\"sameAs\":[\"https:\\\/\\\/www.facebook.com\\\/Fuentes-Fidedignas-368234489921644\",\"https:\\\/\\\/x.com\\\/fidedignas\"]},{\"@type\":\"Person\",\"@id\":\"https:\\\/\\\/fuentesfidedignas.com.mx\\\/#\\\/schema\\\/person\\\/2c10028b4a30078c05a056a215342ab9\",\"name\":\"Marissa Palafox\",\"image\":{\"@type\":\"ImageObject\",\"inLanguage\":\"es\",\"@id\":\"https:\\\/\\\/secure.gravatar.com\\\/avatar\\\/20a43bdb2f2db10f20b22d4e98b96eb027faf98f7f76d29854dc5fab46d1cf71?s=96&d=mm&r=g\",\"url\":\"https:\\\/\\\/secure.gravatar.com\\\/avatar\\\/20a43bdb2f2db10f20b22d4e98b96eb027faf98f7f76d29854dc5fab46d1cf71?s=96&d=mm&r=g\",\"contentUrl\":\"https:\\\/\\\/secure.gravatar.com\\\/avatar\\\/20a43bdb2f2db10f20b22d4e98b96eb027faf98f7f76d29854dc5fab46d1cf71?s=96&d=mm&r=g\",\"caption\":\"Marissa Palafox\"},\"url\":\"https:\\\/\\\/fuentesfidedignas.com.mx\\\/index.php\\\/author\\\/marissa\\\/\"}]}<\/script>\n<!-- \/ Yoast SEO plugin. -->","yoast_head_json":{"title":"Que no se adelante el PAS, dirigencia de la Mesa Directiva se discutir\u00e1 en dos meses: Feliciano Castro - Fuentes Fidedignas","robots":{"index":"index","follow":"follow","max-snippet":"max-snippet:-1","max-image-preview":"max-image-preview:large","max-video-preview":"max-video-preview:-1"},"canonical":"https:\/\/fuentesfidedignas.com.mx\/index.php\/2023\/07\/25\/no-se-adelanten-dirigencia-de-la-mesa-directiva-se-discutira-en-dos-meses-feliciano-castro\/","og_locale":"es_MX","og_type":"article","og_title":"Que no se adelante el PAS, dirigencia de la Mesa Directiva se discutir\u00e1 en dos meses: Feliciano Castro - Fuentes Fidedignas","og_description":"Se\u00f1al\u00f3 que el Grupo Parlamentario del Partido Sinaloense est\u00e1 en su derecho de buscar presidir de nueva cuenta la Mesa Directiva, pero a\u00fan no es momento de discutirlo Culiac\u00e1n, Sin.- El tema de la pr\u00f3xima presidencia de la Mesa Directiva del Congreso del Estado, es un tema que no est\u00e1 en el orden del d\u00eda, [&hellip;]","og_url":"https:\/\/fuentesfidedignas.com.mx\/index.php\/2023\/07\/25\/no-se-adelanten-dirigencia-de-la-mesa-directiva-se-discutira-en-dos-meses-feliciano-castro\/","og_site_name":"Fuentes Fidedignas","article_publisher":"https:\/\/www.facebook.com\/Fuentes-Fidedignas-368234489921644","article_published_time":"2023-07-25T21:39:31+00:00","article_modified_time":"2023-07-25T21:54:52+00:00","og_image":[{"width":600,"height":340,"url":"https:\/\/fuentesfidedignas.com.mx\/wp-content\/uploads\/2023\/07\/feliciano-250723-e1690321154179.jpg","type":"image\/jpeg"}],"author":"Marissa Palafox","twitter_card":"summary_large_image","twitter_creator":"@fidedignas","twitter_site":"@fidedignas","twitter_misc":{"Escrito por":"Marissa Palafox","Tiempo de lectura":"2 minutos"},"schema":{"@context":"https:\/\/schema.org","@graph":[{"@type":"Article","@id":"https:\/\/fuentesfidedignas.com.mx\/index.php\/2023\/07\/25\/no-se-adelanten-dirigencia-de-la-mesa-directiva-se-discutira-en-dos-meses-feliciano-castro\/#article","isPartOf":{"@id":"https:\/\/fuentesfidedignas.com.mx\/index.php\/2023\/07\/25\/no-se-adelanten-dirigencia-de-la-mesa-directiva-se-discutira-en-dos-meses-feliciano-castro\/"},"author":{"name":"Marissa Palafox","@id":"https:\/\/fuentesfidedignas.com.mx\/#\/schema\/person\/2c10028b4a30078c05a056a215342ab9"},"headline":"Que no se adelante el PAS, dirigencia de la Mesa Directiva se discutir\u00e1 en dos meses: Feliciano Castro","datePublished":"2023-07-25T21:39:31+00:00","dateModified":"2023-07-25T21:54:52+00:00","mainEntityOfPage":{"@id":"https:\/\/fuentesfidedignas.com.mx\/index.php\/2023\/07\/25\/no-se-adelanten-dirigencia-de-la-mesa-directiva-se-discutira-en-dos-meses-feliciano-castro\/"},"wordCount":307,"commentCount":0,"publisher":{"@id":"https:\/\/fuentesfidedignas.com.mx\/#organization"},"image":{"@id":"https:\/\/fuentesfidedignas.com.mx\/index.php\/2023\/07\/25\/no-se-adelanten-dirigencia-de-la-mesa-directiva-se-discutira-en-dos-meses-feliciano-castro\/#primaryimage"},"thumbnailUrl":"https:\/\/fuentesfidedignas.com.mx\/wp-content\/uploads\/2023\/07\/feliciano-250723-e1690321154179.jpg","articleSection":["NOTA PRINCIPAL"],"inLanguage":"es","potentialAction":[{"@type":"CommentAction","name":"Comment","target":["https:\/\/fuentesfidedignas.com.mx\/index.php\/2023\/07\/25\/no-se-adelanten-dirigencia-de-la-mesa-directiva-se-discutira-en-dos-meses-feliciano-castro\/#respond"]}]},{"@type":"WebPage","@id":"https:\/\/fuentesfidedignas.com.mx\/index.php\/2023\/07\/25\/no-se-adelanten-dirigencia-de-la-mesa-directiva-se-discutira-en-dos-meses-feliciano-castro\/","url":"https:\/\/fuentesfidedignas.com.mx\/index.php\/2023\/07\/25\/no-se-adelanten-dirigencia-de-la-mesa-directiva-se-discutira-en-dos-meses-feliciano-castro\/","name":"Que no se adelante el PAS, dirigencia de la Mesa Directiva se discutir\u00e1 en dos meses: Feliciano Castro - Fuentes Fidedignas","isPartOf":{"@id":"https:\/\/fuentesfidedignas.com.mx\/#website"},"primaryImageOfPage":{"@id":"https:\/\/fuentesfidedignas.com.mx\/index.php\/2023\/07\/25\/no-se-adelanten-dirigencia-de-la-mesa-directiva-se-discutira-en-dos-meses-feliciano-castro\/#primaryimage"},"image":{"@id":"https:\/\/fuentesfidedignas.com.mx\/index.php\/2023\/07\/25\/no-se-adelanten-dirigencia-de-la-mesa-directiva-se-discutira-en-dos-meses-feliciano-castro\/#primaryimage"},"thumbnailUrl":"https:\/\/fuentesfidedignas.com.mx\/wp-content\/uploads\/2023\/07\/feliciano-250723-e1690321154179.jpg","datePublished":"2023-07-25T21:39:31+00:00","dateModified":"2023-07-25T21:54:52+00:00","breadcrumb":{"@id":"https:\/\/fuentesfidedignas.com.mx\/index.php\/2023\/07\/25\/no-se-adelanten-dirigencia-de-la-mesa-directiva-se-discutira-en-dos-meses-feliciano-castro\/#breadcrumb"},"inLanguage":"es","potentialAction":[{"@type":"ReadAction","target":["https:\/\/fuentesfidedignas.com.mx\/index.php\/2023\/07\/25\/no-se-adelanten-dirigencia-de-la-mesa-directiva-se-discutira-en-dos-meses-feliciano-castro\/"]}]},{"@type":"ImageObject","inLanguage":"es","@id":"https:\/\/fuentesfidedignas.com.mx\/index.php\/2023\/07\/25\/no-se-adelanten-dirigencia-de-la-mesa-directiva-se-discutira-en-dos-meses-feliciano-castro\/#primaryimage","url":"https:\/\/fuentesfidedignas.com.mx\/wp-content\/uploads\/2023\/07\/feliciano-250723-e1690321154179.jpg","contentUrl":"https:\/\/fuentesfidedignas.com.mx\/wp-content\/uploads\/2023\/07\/feliciano-250723-e1690321154179.jpg","width":600,"height":340},{"@type":"BreadcrumbList","@id":"https:\/\/fuentesfidedignas.com.mx\/index.php\/2023\/07\/25\/no-se-adelanten-dirigencia-de-la-mesa-directiva-se-discutira-en-dos-meses-feliciano-castro\/#breadcrumb","itemListElement":[{"@type":"ListItem","position":1,"name":"Inicio","item":"https:\/\/fuentesfidedignas.com.mx\/"},{"@type":"ListItem","position":2,"name":"Que no se adelante el PAS, dirigencia de la Mesa Directiva se discutir\u00e1 en dos meses: Feliciano Castro"}]},{"@type":"WebSite","@id":"https:\/\/fuentesfidedignas.com.mx\/#website","url":"https:\/\/fuentesfidedignas.com.mx\/","name":"Fuentes Fidedignas","description":"Otro sitio realizado con WordPress","publisher":{"@id":"https:\/\/fuentesfidedignas.com.mx\/#organization"},"potentialAction":[{"@type":"SearchAction","target":{"@type":"EntryPoint","urlTemplate":"https:\/\/fuentesfidedignas.com.mx\/?s={search_term_string}"},"query-input":{"@type":"PropertyValueSpecification","valueRequired":true,"valueName":"search_term_string"}}],"inLanguage":"es"},{"@type":"Organization","@id":"https:\/\/fuentesfidedignas.com.mx\/#organization","name":"Fuentes Fidedignas","url":"https:\/\/fuentesfidedignas.com.mx\/","logo":{"@type":"ImageObject","inLanguage":"es","@id":"https:\/\/fuentesfidedignas.com.mx\/#\/schema\/logo\/image\/","url":"https:\/\/fuentesfidedignas.com.mx\/wp-content\/uploads\/2021\/04\/logo-retina.png","contentUrl":"https:\/\/fuentesfidedignas.com.mx\/wp-content\/uploads\/2021\/04\/logo-retina.png","width":280,"height":51,"caption":"Fuentes Fidedignas"},"image":{"@id":"https:\/\/fuentesfidedignas.com.mx\/#\/schema\/logo\/image\/"},"sameAs":["https:\/\/www.facebook.com\/Fuentes-Fidedignas-368234489921644","https:\/\/x.com\/fidedignas"]},{"@type":"Person","@id":"https:\/\/fuentesfidedignas.com.mx\/#\/schema\/person\/2c10028b4a30078c05a056a215342ab9","name":"Marissa Palafox","image":{"@type":"ImageObject","inLanguage":"es","@id":"https:\/\/secure.gravatar.com\/avatar\/20a43bdb2f2db10f20b22d4e98b96eb027faf98f7f76d29854dc5fab46d1cf71?s=96&d=mm&r=g","url":"https:\/\/secure.gravatar.com\/avatar\/20a43bdb2f2db10f20b22d4e98b96eb027faf98f7f76d29854dc5fab46d1cf71?s=96&d=mm&r=g","contentUrl":"https:\/\/secure.gravatar.com\/avatar\/20a43bdb2f2db10f20b22d4e98b96eb027faf98f7f76d29854dc5fab46d1cf71?s=96&d=mm&r=g","caption":"Marissa Palafox"},"url":"https:\/\/fuentesfidedignas.com.mx\/index.php\/author\/marissa\/"}]}},"_links":{"self":[{"href":"https:\/\/fuentesfidedignas.com.mx\/index.php\/wp-json\/wp\/v2\/posts\/53614","targetHints":{"allow":["GET"]}}],"collection":[{"href":"https:\/\/fuentesfidedignas.com.mx\/index.php\/wp-json\/wp\/v2\/posts"}],"about":[{"href":"https:\/\/fuentesfidedignas.com.mx\/index.php\/wp-json\/wp\/v2\/types\/post"}],"author":[{"embeddable":true,"href":"https:\/\/fuentesfidedignas.com.mx\/index.php\/wp-json\/wp\/v2\/users\/11"}],"replies":[{"embeddable":true,"href":"https:\/\/fuentesfidedignas.com.mx\/index.php\/wp-json\/wp\/v2\/comments?post=53614"}],"version-history":[{"count":5,"href":"https:\/\/fuentesfidedignas.com.mx\/index.php\/wp-json\/wp\/v2\/posts\/53614\/revisions"}],"predecessor-version":[{"id":53624,"href":"https:\/\/fuentesfidedignas.com.mx\/index.php\/wp-json\/wp\/v2\/posts\/53614\/revisions\/53624"}],"wp:featuredmedia":[{"embeddable":true,"href":"https:\/\/fuentesfidedignas.com.mx\/index.php\/wp-json\/wp\/v2\/media\/53615"}],"wp:attachment":[{"href":"https:\/\/fuentesfidedignas.com.mx\/index.php\/wp-json\/wp\/v2\/media?parent=53614"}],"wp:term":[{"taxonomy":"category","embeddable":true,"href":"https:\/\/fuentesfidedignas.com.mx\/index.php\/wp-json\/wp\/v2\/categories?post=53614"},{"taxonomy":"post_tag","embeddable":true,"href":"https:\/\/fuentesfidedignas.com.mx\/index.php\/wp-json\/wp\/v2\/tags?post=53614"}],"curies":[{"name":"wp","href":"https:\/\/api.w.org\/{rel}","templated":true}]}}