{"id":53541,"date":"2023-07-24T16:42:35","date_gmt":"2023-07-24T23:42:35","guid":{"rendered":"https:\/\/fuentesfidedignas.com.mx\/?p=53541"},"modified":"2023-07-24T16:43:17","modified_gmt":"2023-07-24T23:43:17","slug":"viene-enrique-de-la-madrid-este-miercoles-26-a-mazatlan-culiacan-y-ahome","status":"publish","type":"post","link":"https:\/\/fuentesfidedignas.com.mx\/index.php\/2023\/07\/24\/viene-enrique-de-la-madrid-este-miercoles-26-a-mazatlan-culiacan-y-ahome\/","title":{"rendered":"Viene Enrique De la Madrid este mi\u00e9rcoles 26 a Mazatl\u00e1n, Culiac\u00e1n y Ahome"},"content":{"rendered":"\n<p><em><strong>ENTUSIASTA PARTICIPACI\u00d3N CIUDADANA EN EL REGISTRO DE LOS APOYOS Y FIRMAS ELECTR\u00d3NICAS PARA LOS ASPIRANTES DEL FRENTE AMPLIO POR M\u00c9XICO: PAOLA G\u00c1RATE<\/strong><\/em><\/p>\n\n\n\n<p>Culiac\u00e1n, Sin.- En su conferencia de prensa \u201cPRImero inf\u00f3rmate\u201d, Paola G\u00e1rate anunci\u00f3 el inicio del registro de los apoyos y firmas electr\u00f3nicas para los aspirantes a ser la persona Responsable de la Construcci\u00f3n del Frente Amplio por M\u00e9xico.<\/p>\n\n\n\n<p>Acompa\u00f1ada del secretario general Bernardino Antelo, la presidenta del PRI resalt\u00f3 que el apoyo de la ciudadan\u00eda ha sido entusiasta en la demanda de registros de firmas.<\/p>\n\n\n\n<p>Explic\u00f3 que la ciudadan\u00eda que quiera participar, puede registrar sus apoyos para los aspirantes,<strong> \u201cy, en el caso particular de quienes requieran soporte t\u00e9cnico para los aspirantes que son militantes de nuestro partido pol\u00edtico, pueden acudir a los Comit\u00e9s Municipales a lo largo del Estado con su credencial de elector\u201d.<\/strong><\/p>\n\n\n\n<p>Cabe se\u00f1alar que el Frente Amplio Opositor, en esta etapa inicial, se encuentra en la conformaci\u00f3n de una base de ciudadan\u00eda que quiera participar en la consulta del pr\u00f3ximo 3 de septiembre.<\/p>\n\n\n\n<p>Acompa\u00f1ada tambi\u00e9n de \u00d3scar Lara Esquer, enlace del equipo de Enrique De la Madrid en Sinaloa, inform\u00f3 que este mi\u00e9rcoles 26 estar\u00e1 en los municipios de Mazatl\u00e1n, Culiac\u00e1n y Ahome, en donde el aspirante sostendr\u00e1 encuentros con pescadores, militancia, sociedad en general, empresarios, agricultores, productores e integrantes del Frente C\u00edvico; tras adelantar que pr\u00f3ximamente tambi\u00e9n estar\u00e1 en Sinaloa, Beatriz Paredes Rangel.<\/p>\n\n\n\n<p>En el marco de la misma, Paola G\u00e1rate present\u00f3 a \u00c9rika S\u00e1nchez Mart\u00ednez, como la nueva dirigente de la Confederaci\u00f3n Nacional de Organizaciones Populares, la CNOP en Sinaloa; no sin antes reconocer en la persona de \u00c9rika a una pri\u00edsta de trabajo incansable, que ha destacado en todos los \u00e1mbitos formales y representativos que ha ocupado.<\/p>\n\n\n\n<p>\u201c<strong>Una persona que destaca por su capacidad para hacer pol\u00edtica, pero sobre todo, que es una voz representativa de lo que es ser mujer y trabajar con responsabilidad y profesionalismo desde cualquier posici\u00f3n<\/strong>\u201d, afirm\u00f3.<\/p>\n\n\n\n<p>Presentes tambi\u00e9n, H\u00e9cbel L\u00f3pez Caballero, presidenta de la Red de J\u00f3venes Sinaloa y Miguel \u00c1ngel L\u00f3pez Miranda, dirigente de la Liga de Comunidades Agrarias.<\/p>\n","protected":false},"excerpt":{"rendered":"<p>ENTUSIASTA PARTICIPACI\u00d3N CIUDADANA EN EL REGISTRO DE LOS APOYOS Y FIRMAS ELECTR\u00d3NICAS PARA LOS ASPIRANTES DEL FRENTE AMPLIO POR M\u00c9XICO: PAOLA G\u00c1RATE Culiac\u00e1n, Sin.- En su conferencia de prensa \u201cPRImero inf\u00f3rmate\u201d, Paola G\u00e1rate anunci\u00f3 el inicio del registro de los apoyos y firmas electr\u00f3nicas para los aspirantes a ser la persona Responsable de la Construcci\u00f3n [&hellip;]<\/p>\n","protected":false},"author":4,"featured_media":53543,"comment_status":"open","ping_status":"open","sticky":false,"template":"","format":"standard","meta":{"tdm_status":"","tdm_grid_status":"","footnotes":""},"categories":[38,1],"tags":[],"class_list":{"0":"post-53541","1":"post","2":"type-post","3":"status-publish","4":"format-standard","5":"has-post-thumbnail","7":"category-noticias-locales","8":"category-sin-categoria"},"yoast_head":"<!-- This site is optimized with the Yoast SEO plugin v27.5 - https:\/\/yoast.com\/product\/yoast-seo-wordpress\/ -->\n<title>Viene Enrique De la Madrid este mi\u00e9rcoles 26 a Mazatl\u00e1n, Culiac\u00e1n y Ahome - Fuentes Fidedignas<\/title>\n<meta name=\"robots\" content=\"index, follow, max-snippet:-1, max-image-preview:large, max-video-preview:-1\" \/>\n<link rel=\"canonical\" href=\"https:\/\/fuentesfidedignas.com.mx\/index.php\/2023\/07\/24\/viene-enrique-de-la-madrid-este-miercoles-26-a-mazatlan-culiacan-y-ahome\/\" \/>\n<meta property=\"og:locale\" content=\"es_MX\" \/>\n<meta property=\"og:type\" content=\"article\" \/>\n<meta property=\"og:title\" content=\"Viene Enrique De la Madrid este mi\u00e9rcoles 26 a Mazatl\u00e1n, Culiac\u00e1n y Ahome - Fuentes Fidedignas\" \/>\n<meta property=\"og:description\" content=\"ENTUSIASTA PARTICIPACI\u00d3N CIUDADANA EN EL REGISTRO DE LOS APOYOS Y FIRMAS ELECTR\u00d3NICAS PARA LOS ASPIRANTES DEL FRENTE AMPLIO POR M\u00c9XICO: PAOLA G\u00c1RATE Culiac\u00e1n, Sin.- En su conferencia de prensa \u201cPRImero inf\u00f3rmate\u201d, Paola G\u00e1rate anunci\u00f3 el inicio del registro de los apoyos y firmas electr\u00f3nicas para los aspirantes a ser la persona Responsable de la Construcci\u00f3n [&hellip;]\" \/>\n<meta property=\"og:url\" content=\"https:\/\/fuentesfidedignas.com.mx\/index.php\/2023\/07\/24\/viene-enrique-de-la-madrid-este-miercoles-26-a-mazatlan-culiacan-y-ahome\/\" \/>\n<meta property=\"og:site_name\" content=\"Fuentes Fidedignas\" \/>\n<meta property=\"article:publisher\" content=\"https:\/\/www.facebook.com\/Fuentes-Fidedignas-368234489921644\" \/>\n<meta property=\"article:published_time\" content=\"2023-07-24T23:42:35+00:00\" \/>\n<meta property=\"article:modified_time\" content=\"2023-07-24T23:43:17+00:00\" \/>\n<meta property=\"og:image\" content=\"https:\/\/fuentesfidedignas.com.mx\/wp-content\/uploads\/2023\/07\/IMG-20230724-WA0014.jpg\" \/>\n\t<meta property=\"og:image:width\" content=\"1600\" \/>\n\t<meta property=\"og:image:height\" content=\"900\" \/>\n\t<meta property=\"og:image:type\" content=\"image\/jpeg\" \/>\n<meta name=\"author\" content=\"Redacci\u00f3n\" \/>\n<meta name=\"twitter:card\" content=\"summary_large_image\" \/>\n<meta name=\"twitter:creator\" content=\"@fidedignas\" \/>\n<meta name=\"twitter:site\" content=\"@fidedignas\" \/>\n<meta name=\"twitter:label1\" content=\"Escrito por\" \/>\n\t<meta name=\"twitter:data1\" content=\"Redacci\u00f3n\" \/>\n\t<meta name=\"twitter:label2\" content=\"Tiempo de lectura\" \/>\n\t<meta name=\"twitter:data2\" content=\"2 minutos\" \/>\n<script type=\"application\/ld+json\" class=\"yoast-schema-graph\">{\"@context\":\"https:\\\/\\\/schema.org\",\"@graph\":[{\"@type\":\"Article\",\"@id\":\"https:\\\/\\\/fuentesfidedignas.com.mx\\\/index.php\\\/2023\\\/07\\\/24\\\/viene-enrique-de-la-madrid-este-miercoles-26-a-mazatlan-culiacan-y-ahome\\\/#article\",\"isPartOf\":{\"@id\":\"https:\\\/\\\/fuentesfidedignas.com.mx\\\/index.php\\\/2023\\\/07\\\/24\\\/viene-enrique-de-la-madrid-este-miercoles-26-a-mazatlan-culiacan-y-ahome\\\/\"},\"author\":{\"name\":\"Redacci\u00f3n\",\"@id\":\"https:\\\/\\\/fuentesfidedignas.com.mx\\\/#\\\/schema\\\/person\\\/331be9283d37198e2acd5750279085b0\"},\"headline\":\"Viene Enrique De la Madrid este mi\u00e9rcoles 26 a Mazatl\u00e1n, Culiac\u00e1n y Ahome\",\"datePublished\":\"2023-07-24T23:42:35+00:00\",\"dateModified\":\"2023-07-24T23:43:17+00:00\",\"mainEntityOfPage\":{\"@id\":\"https:\\\/\\\/fuentesfidedignas.com.mx\\\/index.php\\\/2023\\\/07\\\/24\\\/viene-enrique-de-la-madrid-este-miercoles-26-a-mazatlan-culiacan-y-ahome\\\/\"},\"wordCount\":398,\"commentCount\":0,\"publisher\":{\"@id\":\"https:\\\/\\\/fuentesfidedignas.com.mx\\\/#organization\"},\"image\":{\"@id\":\"https:\\\/\\\/fuentesfidedignas.com.mx\\\/index.php\\\/2023\\\/07\\\/24\\\/viene-enrique-de-la-madrid-este-miercoles-26-a-mazatlan-culiacan-y-ahome\\\/#primaryimage\"},\"thumbnailUrl\":\"https:\\\/\\\/fuentesfidedignas.com.mx\\\/wp-content\\\/uploads\\\/2023\\\/07\\\/IMG-20230724-WA0014.jpg\",\"articleSection\":[\"NOTICIAS LOCALES\"],\"inLanguage\":\"es\",\"potentialAction\":[{\"@type\":\"CommentAction\",\"name\":\"Comment\",\"target\":[\"https:\\\/\\\/fuentesfidedignas.com.mx\\\/index.php\\\/2023\\\/07\\\/24\\\/viene-enrique-de-la-madrid-este-miercoles-26-a-mazatlan-culiacan-y-ahome\\\/#respond\"]}]},{\"@type\":\"WebPage\",\"@id\":\"https:\\\/\\\/fuentesfidedignas.com.mx\\\/index.php\\\/2023\\\/07\\\/24\\\/viene-enrique-de-la-madrid-este-miercoles-26-a-mazatlan-culiacan-y-ahome\\\/\",\"url\":\"https:\\\/\\\/fuentesfidedignas.com.mx\\\/index.php\\\/2023\\\/07\\\/24\\\/viene-enrique-de-la-madrid-este-miercoles-26-a-mazatlan-culiacan-y-ahome\\\/\",\"name\":\"Viene Enrique De la Madrid este mi\u00e9rcoles 26 a Mazatl\u00e1n, Culiac\u00e1n y Ahome - Fuentes Fidedignas\",\"isPartOf\":{\"@id\":\"https:\\\/\\\/fuentesfidedignas.com.mx\\\/#website\"},\"primaryImageOfPage\":{\"@id\":\"https:\\\/\\\/fuentesfidedignas.com.mx\\\/index.php\\\/2023\\\/07\\\/24\\\/viene-enrique-de-la-madrid-este-miercoles-26-a-mazatlan-culiacan-y-ahome\\\/#primaryimage\"},\"image\":{\"@id\":\"https:\\\/\\\/fuentesfidedignas.com.mx\\\/index.php\\\/2023\\\/07\\\/24\\\/viene-enrique-de-la-madrid-este-miercoles-26-a-mazatlan-culiacan-y-ahome\\\/#primaryimage\"},\"thumbnailUrl\":\"https:\\\/\\\/fuentesfidedignas.com.mx\\\/wp-content\\\/uploads\\\/2023\\\/07\\\/IMG-20230724-WA0014.jpg\",\"datePublished\":\"2023-07-24T23:42:35+00:00\",\"dateModified\":\"2023-07-24T23:43:17+00:00\",\"breadcrumb\":{\"@id\":\"https:\\\/\\\/fuentesfidedignas.com.mx\\\/index.php\\\/2023\\\/07\\\/24\\\/viene-enrique-de-la-madrid-este-miercoles-26-a-mazatlan-culiacan-y-ahome\\\/#breadcrumb\"},\"inLanguage\":\"es\",\"potentialAction\":[{\"@type\":\"ReadAction\",\"target\":[\"https:\\\/\\\/fuentesfidedignas.com.mx\\\/index.php\\\/2023\\\/07\\\/24\\\/viene-enrique-de-la-madrid-este-miercoles-26-a-mazatlan-culiacan-y-ahome\\\/\"]}]},{\"@type\":\"ImageObject\",\"inLanguage\":\"es\",\"@id\":\"https:\\\/\\\/fuentesfidedignas.com.mx\\\/index.php\\\/2023\\\/07\\\/24\\\/viene-enrique-de-la-madrid-este-miercoles-26-a-mazatlan-culiacan-y-ahome\\\/#primaryimage\",\"url\":\"https:\\\/\\\/fuentesfidedignas.com.mx\\\/wp-content\\\/uploads\\\/2023\\\/07\\\/IMG-20230724-WA0014.jpg\",\"contentUrl\":\"https:\\\/\\\/fuentesfidedignas.com.mx\\\/wp-content\\\/uploads\\\/2023\\\/07\\\/IMG-20230724-WA0014.jpg\",\"width\":1600,\"height\":900},{\"@type\":\"BreadcrumbList\",\"@id\":\"https:\\\/\\\/fuentesfidedignas.com.mx\\\/index.php\\\/2023\\\/07\\\/24\\\/viene-enrique-de-la-madrid-este-miercoles-26-a-mazatlan-culiacan-y-ahome\\\/#breadcrumb\",\"itemListElement\":[{\"@type\":\"ListItem\",\"position\":1,\"name\":\"Inicio\",\"item\":\"https:\\\/\\\/fuentesfidedignas.com.mx\\\/\"},{\"@type\":\"ListItem\",\"position\":2,\"name\":\"Viene Enrique De la Madrid este mi\u00e9rcoles 26 a Mazatl\u00e1n, Culiac\u00e1n y Ahome\"}]},{\"@type\":\"WebSite\",\"@id\":\"https:\\\/\\\/fuentesfidedignas.com.mx\\\/#website\",\"url\":\"https:\\\/\\\/fuentesfidedignas.com.mx\\\/\",\"name\":\"Fuentes Fidedignas\",\"description\":\"Otro sitio realizado con WordPress\",\"publisher\":{\"@id\":\"https:\\\/\\\/fuentesfidedignas.com.mx\\\/#organization\"},\"potentialAction\":[{\"@type\":\"SearchAction\",\"target\":{\"@type\":\"EntryPoint\",\"urlTemplate\":\"https:\\\/\\\/fuentesfidedignas.com.mx\\\/?s={search_term_string}\"},\"query-input\":{\"@type\":\"PropertyValueSpecification\",\"valueRequired\":true,\"valueName\":\"search_term_string\"}}],\"inLanguage\":\"es\"},{\"@type\":\"Organization\",\"@id\":\"https:\\\/\\\/fuentesfidedignas.com.mx\\\/#organization\",\"name\":\"Fuentes Fidedignas\",\"url\":\"https:\\\/\\\/fuentesfidedignas.com.mx\\\/\",\"logo\":{\"@type\":\"ImageObject\",\"inLanguage\":\"es\",\"@id\":\"https:\\\/\\\/fuentesfidedignas.com.mx\\\/#\\\/schema\\\/logo\\\/image\\\/\",\"url\":\"https:\\\/\\\/fuentesfidedignas.com.mx\\\/wp-content\\\/uploads\\\/2021\\\/04\\\/logo-retina.png\",\"contentUrl\":\"https:\\\/\\\/fuentesfidedignas.com.mx\\\/wp-content\\\/uploads\\\/2021\\\/04\\\/logo-retina.png\",\"width\":280,\"height\":51,\"caption\":\"Fuentes Fidedignas\"},\"image\":{\"@id\":\"https:\\\/\\\/fuentesfidedignas.com.mx\\\/#\\\/schema\\\/logo\\\/image\\\/\"},\"sameAs\":[\"https:\\\/\\\/www.facebook.com\\\/Fuentes-Fidedignas-368234489921644\",\"https:\\\/\\\/x.com\\\/fidedignas\"]},{\"@type\":\"Person\",\"@id\":\"https:\\\/\\\/fuentesfidedignas.com.mx\\\/#\\\/schema\\\/person\\\/331be9283d37198e2acd5750279085b0\",\"name\":\"Redacci\u00f3n\",\"image\":{\"@type\":\"ImageObject\",\"inLanguage\":\"es\",\"@id\":\"https:\\\/\\\/secure.gravatar.com\\\/avatar\\\/f6d8782c11d12b2d4ad3fbb6931aeab5309937a4d6cd2fc9cfaa28a6396a5aec?s=96&d=mm&r=g\",\"url\":\"https:\\\/\\\/secure.gravatar.com\\\/avatar\\\/f6d8782c11d12b2d4ad3fbb6931aeab5309937a4d6cd2fc9cfaa28a6396a5aec?s=96&d=mm&r=g\",\"contentUrl\":\"https:\\\/\\\/secure.gravatar.com\\\/avatar\\\/f6d8782c11d12b2d4ad3fbb6931aeab5309937a4d6cd2fc9cfaa28a6396a5aec?s=96&d=mm&r=g\",\"caption\":\"Redacci\u00f3n\"},\"url\":\"https:\\\/\\\/fuentesfidedignas.com.mx\\\/index.php\\\/author\\\/redaccion\\\/\"}]}<\/script>\n<!-- \/ Yoast SEO plugin. -->","yoast_head_json":{"title":"Viene Enrique De la Madrid este mi\u00e9rcoles 26 a Mazatl\u00e1n, Culiac\u00e1n y Ahome - Fuentes Fidedignas","robots":{"index":"index","follow":"follow","max-snippet":"max-snippet:-1","max-image-preview":"max-image-preview:large","max-video-preview":"max-video-preview:-1"},"canonical":"https:\/\/fuentesfidedignas.com.mx\/index.php\/2023\/07\/24\/viene-enrique-de-la-madrid-este-miercoles-26-a-mazatlan-culiacan-y-ahome\/","og_locale":"es_MX","og_type":"article","og_title":"Viene Enrique De la Madrid este mi\u00e9rcoles 26 a Mazatl\u00e1n, Culiac\u00e1n y Ahome - Fuentes Fidedignas","og_description":"ENTUSIASTA PARTICIPACI\u00d3N CIUDADANA EN EL REGISTRO DE LOS APOYOS Y FIRMAS ELECTR\u00d3NICAS PARA LOS ASPIRANTES DEL FRENTE AMPLIO POR M\u00c9XICO: PAOLA G\u00c1RATE Culiac\u00e1n, Sin.- En su conferencia de prensa \u201cPRImero inf\u00f3rmate\u201d, Paola G\u00e1rate anunci\u00f3 el inicio del registro de los apoyos y firmas electr\u00f3nicas para los aspirantes a ser la persona Responsable de la Construcci\u00f3n [&hellip;]","og_url":"https:\/\/fuentesfidedignas.com.mx\/index.php\/2023\/07\/24\/viene-enrique-de-la-madrid-este-miercoles-26-a-mazatlan-culiacan-y-ahome\/","og_site_name":"Fuentes Fidedignas","article_publisher":"https:\/\/www.facebook.com\/Fuentes-Fidedignas-368234489921644","article_published_time":"2023-07-24T23:42:35+00:00","article_modified_time":"2023-07-24T23:43:17+00:00","og_image":[{"width":1600,"height":900,"url":"https:\/\/fuentesfidedignas.com.mx\/wp-content\/uploads\/2023\/07\/IMG-20230724-WA0014.jpg","type":"image\/jpeg"}],"author":"Redacci\u00f3n","twitter_card":"summary_large_image","twitter_creator":"@fidedignas","twitter_site":"@fidedignas","twitter_misc":{"Escrito por":"Redacci\u00f3n","Tiempo de lectura":"2 minutos"},"schema":{"@context":"https:\/\/schema.org","@graph":[{"@type":"Article","@id":"https:\/\/fuentesfidedignas.com.mx\/index.php\/2023\/07\/24\/viene-enrique-de-la-madrid-este-miercoles-26-a-mazatlan-culiacan-y-ahome\/#article","isPartOf":{"@id":"https:\/\/fuentesfidedignas.com.mx\/index.php\/2023\/07\/24\/viene-enrique-de-la-madrid-este-miercoles-26-a-mazatlan-culiacan-y-ahome\/"},"author":{"name":"Redacci\u00f3n","@id":"https:\/\/fuentesfidedignas.com.mx\/#\/schema\/person\/331be9283d37198e2acd5750279085b0"},"headline":"Viene Enrique De la Madrid este mi\u00e9rcoles 26 a Mazatl\u00e1n, Culiac\u00e1n y Ahome","datePublished":"2023-07-24T23:42:35+00:00","dateModified":"2023-07-24T23:43:17+00:00","mainEntityOfPage":{"@id":"https:\/\/fuentesfidedignas.com.mx\/index.php\/2023\/07\/24\/viene-enrique-de-la-madrid-este-miercoles-26-a-mazatlan-culiacan-y-ahome\/"},"wordCount":398,"commentCount":0,"publisher":{"@id":"https:\/\/fuentesfidedignas.com.mx\/#organization"},"image":{"@id":"https:\/\/fuentesfidedignas.com.mx\/index.php\/2023\/07\/24\/viene-enrique-de-la-madrid-este-miercoles-26-a-mazatlan-culiacan-y-ahome\/#primaryimage"},"thumbnailUrl":"https:\/\/fuentesfidedignas.com.mx\/wp-content\/uploads\/2023\/07\/IMG-20230724-WA0014.jpg","articleSection":["NOTICIAS LOCALES"],"inLanguage":"es","potentialAction":[{"@type":"CommentAction","name":"Comment","target":["https:\/\/fuentesfidedignas.com.mx\/index.php\/2023\/07\/24\/viene-enrique-de-la-madrid-este-miercoles-26-a-mazatlan-culiacan-y-ahome\/#respond"]}]},{"@type":"WebPage","@id":"https:\/\/fuentesfidedignas.com.mx\/index.php\/2023\/07\/24\/viene-enrique-de-la-madrid-este-miercoles-26-a-mazatlan-culiacan-y-ahome\/","url":"https:\/\/fuentesfidedignas.com.mx\/index.php\/2023\/07\/24\/viene-enrique-de-la-madrid-este-miercoles-26-a-mazatlan-culiacan-y-ahome\/","name":"Viene Enrique De la Madrid este mi\u00e9rcoles 26 a Mazatl\u00e1n, Culiac\u00e1n y Ahome - Fuentes Fidedignas","isPartOf":{"@id":"https:\/\/fuentesfidedignas.com.mx\/#website"},"primaryImageOfPage":{"@id":"https:\/\/fuentesfidedignas.com.mx\/index.php\/2023\/07\/24\/viene-enrique-de-la-madrid-este-miercoles-26-a-mazatlan-culiacan-y-ahome\/#primaryimage"},"image":{"@id":"https:\/\/fuentesfidedignas.com.mx\/index.php\/2023\/07\/24\/viene-enrique-de-la-madrid-este-miercoles-26-a-mazatlan-culiacan-y-ahome\/#primaryimage"},"thumbnailUrl":"https:\/\/fuentesfidedignas.com.mx\/wp-content\/uploads\/2023\/07\/IMG-20230724-WA0014.jpg","datePublished":"2023-07-24T23:42:35+00:00","dateModified":"2023-07-24T23:43:17+00:00","breadcrumb":{"@id":"https:\/\/fuentesfidedignas.com.mx\/index.php\/2023\/07\/24\/viene-enrique-de-la-madrid-este-miercoles-26-a-mazatlan-culiacan-y-ahome\/#breadcrumb"},"inLanguage":"es","potentialAction":[{"@type":"ReadAction","target":["https:\/\/fuentesfidedignas.com.mx\/index.php\/2023\/07\/24\/viene-enrique-de-la-madrid-este-miercoles-26-a-mazatlan-culiacan-y-ahome\/"]}]},{"@type":"ImageObject","inLanguage":"es","@id":"https:\/\/fuentesfidedignas.com.mx\/index.php\/2023\/07\/24\/viene-enrique-de-la-madrid-este-miercoles-26-a-mazatlan-culiacan-y-ahome\/#primaryimage","url":"https:\/\/fuentesfidedignas.com.mx\/wp-content\/uploads\/2023\/07\/IMG-20230724-WA0014.jpg","contentUrl":"https:\/\/fuentesfidedignas.com.mx\/wp-content\/uploads\/2023\/07\/IMG-20230724-WA0014.jpg","width":1600,"height":900},{"@type":"BreadcrumbList","@id":"https:\/\/fuentesfidedignas.com.mx\/index.php\/2023\/07\/24\/viene-enrique-de-la-madrid-este-miercoles-26-a-mazatlan-culiacan-y-ahome\/#breadcrumb","itemListElement":[{"@type":"ListItem","position":1,"name":"Inicio","item":"https:\/\/fuentesfidedignas.com.mx\/"},{"@type":"ListItem","position":2,"name":"Viene Enrique De la Madrid este mi\u00e9rcoles 26 a Mazatl\u00e1n, Culiac\u00e1n y Ahome"}]},{"@type":"WebSite","@id":"https:\/\/fuentesfidedignas.com.mx\/#website","url":"https:\/\/fuentesfidedignas.com.mx\/","name":"Fuentes Fidedignas","description":"Otro sitio realizado con WordPress","publisher":{"@id":"https:\/\/fuentesfidedignas.com.mx\/#organization"},"potentialAction":[{"@type":"SearchAction","target":{"@type":"EntryPoint","urlTemplate":"https:\/\/fuentesfidedignas.com.mx\/?s={search_term_string}"},"query-input":{"@type":"PropertyValueSpecification","valueRequired":true,"valueName":"search_term_string"}}],"inLanguage":"es"},{"@type":"Organization","@id":"https:\/\/fuentesfidedignas.com.mx\/#organization","name":"Fuentes Fidedignas","url":"https:\/\/fuentesfidedignas.com.mx\/","logo":{"@type":"ImageObject","inLanguage":"es","@id":"https:\/\/fuentesfidedignas.com.mx\/#\/schema\/logo\/image\/","url":"https:\/\/fuentesfidedignas.com.mx\/wp-content\/uploads\/2021\/04\/logo-retina.png","contentUrl":"https:\/\/fuentesfidedignas.com.mx\/wp-content\/uploads\/2021\/04\/logo-retina.png","width":280,"height":51,"caption":"Fuentes Fidedignas"},"image":{"@id":"https:\/\/fuentesfidedignas.com.mx\/#\/schema\/logo\/image\/"},"sameAs":["https:\/\/www.facebook.com\/Fuentes-Fidedignas-368234489921644","https:\/\/x.com\/fidedignas"]},{"@type":"Person","@id":"https:\/\/fuentesfidedignas.com.mx\/#\/schema\/person\/331be9283d37198e2acd5750279085b0","name":"Redacci\u00f3n","image":{"@type":"ImageObject","inLanguage":"es","@id":"https:\/\/secure.gravatar.com\/avatar\/f6d8782c11d12b2d4ad3fbb6931aeab5309937a4d6cd2fc9cfaa28a6396a5aec?s=96&d=mm&r=g","url":"https:\/\/secure.gravatar.com\/avatar\/f6d8782c11d12b2d4ad3fbb6931aeab5309937a4d6cd2fc9cfaa28a6396a5aec?s=96&d=mm&r=g","contentUrl":"https:\/\/secure.gravatar.com\/avatar\/f6d8782c11d12b2d4ad3fbb6931aeab5309937a4d6cd2fc9cfaa28a6396a5aec?s=96&d=mm&r=g","caption":"Redacci\u00f3n"},"url":"https:\/\/fuentesfidedignas.com.mx\/index.php\/author\/redaccion\/"}]}},"_links":{"self":[{"href":"https:\/\/fuentesfidedignas.com.mx\/index.php\/wp-json\/wp\/v2\/posts\/53541","targetHints":{"allow":["GET"]}}],"collection":[{"href":"https:\/\/fuentesfidedignas.com.mx\/index.php\/wp-json\/wp\/v2\/posts"}],"about":[{"href":"https:\/\/fuentesfidedignas.com.mx\/index.php\/wp-json\/wp\/v2\/types\/post"}],"author":[{"embeddable":true,"href":"https:\/\/fuentesfidedignas.com.mx\/index.php\/wp-json\/wp\/v2\/users\/4"}],"replies":[{"embeddable":true,"href":"https:\/\/fuentesfidedignas.com.mx\/index.php\/wp-json\/wp\/v2\/comments?post=53541"}],"version-history":[{"count":1,"href":"https:\/\/fuentesfidedignas.com.mx\/index.php\/wp-json\/wp\/v2\/posts\/53541\/revisions"}],"predecessor-version":[{"id":53542,"href":"https:\/\/fuentesfidedignas.com.mx\/index.php\/wp-json\/wp\/v2\/posts\/53541\/revisions\/53542"}],"wp:featuredmedia":[{"embeddable":true,"href":"https:\/\/fuentesfidedignas.com.mx\/index.php\/wp-json\/wp\/v2\/media\/53543"}],"wp:attachment":[{"href":"https:\/\/fuentesfidedignas.com.mx\/index.php\/wp-json\/wp\/v2\/media?parent=53541"}],"wp:term":[{"taxonomy":"category","embeddable":true,"href":"https:\/\/fuentesfidedignas.com.mx\/index.php\/wp-json\/wp\/v2\/categories?post=53541"},{"taxonomy":"post_tag","embeddable":true,"href":"https:\/\/fuentesfidedignas.com.mx\/index.php\/wp-json\/wp\/v2\/tags?post=53541"}],"curies":[{"name":"wp","href":"https:\/\/api.w.org\/{rel}","templated":true}]}}