{"id":53526,"date":"2023-07-24T13:08:17","date_gmt":"2023-07-24T20:08:17","guid":{"rendered":"https:\/\/fuentesfidedignas.com.mx\/?p=53526"},"modified":"2023-07-24T13:09:15","modified_gmt":"2023-07-24T20:09:15","slug":"policia-y-transito-de-culiacan-retiran-polarizado-de-sus-patrullas","status":"publish","type":"post","link":"https:\/\/fuentesfidedignas.com.mx\/index.php\/2023\/07\/24\/policia-y-transito-de-culiacan-retiran-polarizado-de-sus-patrullas\/","title":{"rendered":"Polic\u00eda y Tr\u00e1nsito de Culiac\u00e1n retiran polarizado de sus patrullas"},"content":{"rendered":"\n<p><em><strong>La dependencia busca fomentar la confianza de la ciudadan\u00eda a trav\u00e9s del ejemplo<\/strong><\/em><\/p>\n\n\n\n<p>Culiac\u00e1n, Sin. Como parte de los esfuerzos y las acciones emprendidas por el Ayuntamiento de Culiac\u00e1n para generar mayores condiciones de paz y tranquilidad en la capital, esta ma\u00f1ana inici\u00f3 el retiro de polarizado en las unidades de la Secretar\u00eda de Seguridad P\u00fablica y Tr\u00e1nsito Municipal, a fin de predicar con el ejemplo.<\/p>\n\n\n\n<p>Lo anterior, con base en la reforma que se hizo en la pasada Sesi\u00f3n de Cabildo, donde se adicion\u00f3 el Art\u00edculo 58 Bis al Bando de Polic\u00eda y Gobierno, mismo que establece dicha acci\u00f3n, la cual entrar\u00e1 en vigor una vez sea publicado en el Peri\u00f3dico Oficial del Estado de Sinaloa<\/p>\n\n\n\n<p>Al respecto, el secretario de SPyTM, Sergio Antonio Leyva L\u00f3pez, afirm\u00f3 que fomentar la confianza de la ciudadan\u00eda a trav\u00e9s del ejemplo, es esencial para que esta medida sea acatada de mejor forma por los automovilistas, y que cumpla su objetivo de mejorar las condiciones de seguridad para todos.<\/p>\n\n\n\n<p>\u201cPues empezar nosotros mismos como polic\u00edas para demostrar esa confianza a la ciudadan\u00eda, que est\u00e9n libres de polarizado las patrullas, que la gente pueda ver a los elementos que est\u00e1n dentro, y comenzar poniendo el ejemplo&#8221;, enfatiz\u00f3 el funcionario.<\/p>\n\n\n\n<p>Asimismo, se\u00f1al\u00f3 que esta instrucci\u00f3n ha sido girada para todos los veh\u00edculos de la SSPyTM, es decir, tanto los que pertenecen a la Unidad Preventiva, como los de la Unidad de Tr\u00e1nsito, a los cuales, en pr\u00f3ximos d\u00edas se les estar\u00e1 retirando dicho polarizado.<\/p>\n","protected":false},"excerpt":{"rendered":"<p>La dependencia busca fomentar la confianza de la ciudadan\u00eda a trav\u00e9s del ejemplo Culiac\u00e1n, Sin. Como parte de los esfuerzos y las acciones emprendidas por el Ayuntamiento de Culiac\u00e1n para generar mayores condiciones de paz y tranquilidad en la capital, esta ma\u00f1ana inici\u00f3 el retiro de polarizado en las unidades de la Secretar\u00eda de Seguridad [&hellip;]<\/p>\n","protected":false},"author":4,"featured_media":53529,"comment_status":"open","ping_status":"open","sticky":false,"template":"","format":"standard","meta":{"tdm_status":"","tdm_grid_status":"","footnotes":""},"categories":[38,1],"tags":[],"class_list":{"0":"post-53526","1":"post","2":"type-post","3":"status-publish","4":"format-standard","5":"has-post-thumbnail","7":"category-noticias-locales","8":"category-sin-categoria"},"yoast_head":"<!-- This site is optimized with the Yoast SEO plugin v27.5 - https:\/\/yoast.com\/product\/yoast-seo-wordpress\/ -->\n<title>Polic\u00eda y Tr\u00e1nsito de Culiac\u00e1n retiran polarizado de sus patrullas - Fuentes Fidedignas<\/title>\n<meta name=\"robots\" content=\"index, follow, max-snippet:-1, max-image-preview:large, max-video-preview:-1\" \/>\n<link rel=\"canonical\" href=\"https:\/\/fuentesfidedignas.com.mx\/index.php\/2023\/07\/24\/policia-y-transito-de-culiacan-retiran-polarizado-de-sus-patrullas\/\" \/>\n<meta property=\"og:locale\" content=\"es_MX\" \/>\n<meta property=\"og:type\" content=\"article\" \/>\n<meta property=\"og:title\" content=\"Polic\u00eda y Tr\u00e1nsito de Culiac\u00e1n retiran polarizado de sus patrullas - Fuentes Fidedignas\" \/>\n<meta property=\"og:description\" content=\"La dependencia busca fomentar la confianza de la ciudadan\u00eda a trav\u00e9s del ejemplo Culiac\u00e1n, Sin. Como parte de los esfuerzos y las acciones emprendidas por el Ayuntamiento de Culiac\u00e1n para generar mayores condiciones de paz y tranquilidad en la capital, esta ma\u00f1ana inici\u00f3 el retiro de polarizado en las unidades de la Secretar\u00eda de Seguridad [&hellip;]\" \/>\n<meta property=\"og:url\" content=\"https:\/\/fuentesfidedignas.com.mx\/index.php\/2023\/07\/24\/policia-y-transito-de-culiacan-retiran-polarizado-de-sus-patrullas\/\" \/>\n<meta property=\"og:site_name\" content=\"Fuentes Fidedignas\" \/>\n<meta property=\"article:publisher\" content=\"https:\/\/www.facebook.com\/Fuentes-Fidedignas-368234489921644\" \/>\n<meta property=\"article:published_time\" content=\"2023-07-24T20:08:17+00:00\" \/>\n<meta property=\"article:modified_time\" content=\"2023-07-24T20:09:15+00:00\" \/>\n<meta property=\"og:image\" content=\"https:\/\/fuentesfidedignas.com.mx\/wp-content\/uploads\/2023\/07\/FB_IMG_1690228984699.jpg\" \/>\n\t<meta property=\"og:image:width\" content=\"1081\" \/>\n\t<meta property=\"og:image:height\" content=\"720\" \/>\n\t<meta property=\"og:image:type\" content=\"image\/jpeg\" \/>\n<meta name=\"author\" content=\"Redacci\u00f3n\" \/>\n<meta name=\"twitter:card\" content=\"summary_large_image\" \/>\n<meta name=\"twitter:creator\" content=\"@fidedignas\" \/>\n<meta name=\"twitter:site\" content=\"@fidedignas\" \/>\n<meta name=\"twitter:label1\" content=\"Escrito por\" \/>\n\t<meta name=\"twitter:data1\" content=\"Redacci\u00f3n\" \/>\n\t<meta name=\"twitter:label2\" content=\"Tiempo de lectura\" \/>\n\t<meta name=\"twitter:data2\" content=\"2 minutos\" \/>\n<script type=\"application\/ld+json\" class=\"yoast-schema-graph\">{\"@context\":\"https:\\\/\\\/schema.org\",\"@graph\":[{\"@type\":\"Article\",\"@id\":\"https:\\\/\\\/fuentesfidedignas.com.mx\\\/index.php\\\/2023\\\/07\\\/24\\\/policia-y-transito-de-culiacan-retiran-polarizado-de-sus-patrullas\\\/#article\",\"isPartOf\":{\"@id\":\"https:\\\/\\\/fuentesfidedignas.com.mx\\\/index.php\\\/2023\\\/07\\\/24\\\/policia-y-transito-de-culiacan-retiran-polarizado-de-sus-patrullas\\\/\"},\"author\":{\"name\":\"Redacci\u00f3n\",\"@id\":\"https:\\\/\\\/fuentesfidedignas.com.mx\\\/#\\\/schema\\\/person\\\/331be9283d37198e2acd5750279085b0\"},\"headline\":\"Polic\u00eda y Tr\u00e1nsito de Culiac\u00e1n retiran polarizado de sus patrullas\",\"datePublished\":\"2023-07-24T20:08:17+00:00\",\"dateModified\":\"2023-07-24T20:09:15+00:00\",\"mainEntityOfPage\":{\"@id\":\"https:\\\/\\\/fuentesfidedignas.com.mx\\\/index.php\\\/2023\\\/07\\\/24\\\/policia-y-transito-de-culiacan-retiran-polarizado-de-sus-patrullas\\\/\"},\"wordCount\":287,\"commentCount\":0,\"publisher\":{\"@id\":\"https:\\\/\\\/fuentesfidedignas.com.mx\\\/#organization\"},\"image\":{\"@id\":\"https:\\\/\\\/fuentesfidedignas.com.mx\\\/index.php\\\/2023\\\/07\\\/24\\\/policia-y-transito-de-culiacan-retiran-polarizado-de-sus-patrullas\\\/#primaryimage\"},\"thumbnailUrl\":\"https:\\\/\\\/fuentesfidedignas.com.mx\\\/wp-content\\\/uploads\\\/2023\\\/07\\\/FB_IMG_1690228984699-e1690237733934.jpg\",\"articleSection\":[\"NOTICIAS LOCALES\"],\"inLanguage\":\"es\",\"potentialAction\":[{\"@type\":\"CommentAction\",\"name\":\"Comment\",\"target\":[\"https:\\\/\\\/fuentesfidedignas.com.mx\\\/index.php\\\/2023\\\/07\\\/24\\\/policia-y-transito-de-culiacan-retiran-polarizado-de-sus-patrullas\\\/#respond\"]}]},{\"@type\":\"WebPage\",\"@id\":\"https:\\\/\\\/fuentesfidedignas.com.mx\\\/index.php\\\/2023\\\/07\\\/24\\\/policia-y-transito-de-culiacan-retiran-polarizado-de-sus-patrullas\\\/\",\"url\":\"https:\\\/\\\/fuentesfidedignas.com.mx\\\/index.php\\\/2023\\\/07\\\/24\\\/policia-y-transito-de-culiacan-retiran-polarizado-de-sus-patrullas\\\/\",\"name\":\"Polic\u00eda y Tr\u00e1nsito de Culiac\u00e1n retiran polarizado de sus patrullas - Fuentes Fidedignas\",\"isPartOf\":{\"@id\":\"https:\\\/\\\/fuentesfidedignas.com.mx\\\/#website\"},\"primaryImageOfPage\":{\"@id\":\"https:\\\/\\\/fuentesfidedignas.com.mx\\\/index.php\\\/2023\\\/07\\\/24\\\/policia-y-transito-de-culiacan-retiran-polarizado-de-sus-patrullas\\\/#primaryimage\"},\"image\":{\"@id\":\"https:\\\/\\\/fuentesfidedignas.com.mx\\\/index.php\\\/2023\\\/07\\\/24\\\/policia-y-transito-de-culiacan-retiran-polarizado-de-sus-patrullas\\\/#primaryimage\"},\"thumbnailUrl\":\"https:\\\/\\\/fuentesfidedignas.com.mx\\\/wp-content\\\/uploads\\\/2023\\\/07\\\/FB_IMG_1690228984699-e1690237733934.jpg\",\"datePublished\":\"2023-07-24T20:08:17+00:00\",\"dateModified\":\"2023-07-24T20:09:15+00:00\",\"breadcrumb\":{\"@id\":\"https:\\\/\\\/fuentesfidedignas.com.mx\\\/index.php\\\/2023\\\/07\\\/24\\\/policia-y-transito-de-culiacan-retiran-polarizado-de-sus-patrullas\\\/#breadcrumb\"},\"inLanguage\":\"es\",\"potentialAction\":[{\"@type\":\"ReadAction\",\"target\":[\"https:\\\/\\\/fuentesfidedignas.com.mx\\\/index.php\\\/2023\\\/07\\\/24\\\/policia-y-transito-de-culiacan-retiran-polarizado-de-sus-patrullas\\\/\"]}]},{\"@type\":\"ImageObject\",\"inLanguage\":\"es\",\"@id\":\"https:\\\/\\\/fuentesfidedignas.com.mx\\\/index.php\\\/2023\\\/07\\\/24\\\/policia-y-transito-de-culiacan-retiran-polarizado-de-sus-patrullas\\\/#primaryimage\",\"url\":\"https:\\\/\\\/fuentesfidedignas.com.mx\\\/wp-content\\\/uploads\\\/2023\\\/07\\\/FB_IMG_1690228984699-e1690237733934.jpg\",\"contentUrl\":\"https:\\\/\\\/fuentesfidedignas.com.mx\\\/wp-content\\\/uploads\\\/2023\\\/07\\\/FB_IMG_1690228984699-e1690237733934.jpg\",\"width\":600,\"height\":400},{\"@type\":\"BreadcrumbList\",\"@id\":\"https:\\\/\\\/fuentesfidedignas.com.mx\\\/index.php\\\/2023\\\/07\\\/24\\\/policia-y-transito-de-culiacan-retiran-polarizado-de-sus-patrullas\\\/#breadcrumb\",\"itemListElement\":[{\"@type\":\"ListItem\",\"position\":1,\"name\":\"Inicio\",\"item\":\"https:\\\/\\\/fuentesfidedignas.com.mx\\\/\"},{\"@type\":\"ListItem\",\"position\":2,\"name\":\"Polic\u00eda y Tr\u00e1nsito de Culiac\u00e1n retiran polarizado de sus patrullas\"}]},{\"@type\":\"WebSite\",\"@id\":\"https:\\\/\\\/fuentesfidedignas.com.mx\\\/#website\",\"url\":\"https:\\\/\\\/fuentesfidedignas.com.mx\\\/\",\"name\":\"Fuentes Fidedignas\",\"description\":\"Otro sitio realizado con WordPress\",\"publisher\":{\"@id\":\"https:\\\/\\\/fuentesfidedignas.com.mx\\\/#organization\"},\"potentialAction\":[{\"@type\":\"SearchAction\",\"target\":{\"@type\":\"EntryPoint\",\"urlTemplate\":\"https:\\\/\\\/fuentesfidedignas.com.mx\\\/?s={search_term_string}\"},\"query-input\":{\"@type\":\"PropertyValueSpecification\",\"valueRequired\":true,\"valueName\":\"search_term_string\"}}],\"inLanguage\":\"es\"},{\"@type\":\"Organization\",\"@id\":\"https:\\\/\\\/fuentesfidedignas.com.mx\\\/#organization\",\"name\":\"Fuentes Fidedignas\",\"url\":\"https:\\\/\\\/fuentesfidedignas.com.mx\\\/\",\"logo\":{\"@type\":\"ImageObject\",\"inLanguage\":\"es\",\"@id\":\"https:\\\/\\\/fuentesfidedignas.com.mx\\\/#\\\/schema\\\/logo\\\/image\\\/\",\"url\":\"https:\\\/\\\/fuentesfidedignas.com.mx\\\/wp-content\\\/uploads\\\/2021\\\/04\\\/logo-retina.png\",\"contentUrl\":\"https:\\\/\\\/fuentesfidedignas.com.mx\\\/wp-content\\\/uploads\\\/2021\\\/04\\\/logo-retina.png\",\"width\":280,\"height\":51,\"caption\":\"Fuentes Fidedignas\"},\"image\":{\"@id\":\"https:\\\/\\\/fuentesfidedignas.com.mx\\\/#\\\/schema\\\/logo\\\/image\\\/\"},\"sameAs\":[\"https:\\\/\\\/www.facebook.com\\\/Fuentes-Fidedignas-368234489921644\",\"https:\\\/\\\/x.com\\\/fidedignas\"]},{\"@type\":\"Person\",\"@id\":\"https:\\\/\\\/fuentesfidedignas.com.mx\\\/#\\\/schema\\\/person\\\/331be9283d37198e2acd5750279085b0\",\"name\":\"Redacci\u00f3n\",\"image\":{\"@type\":\"ImageObject\",\"inLanguage\":\"es\",\"@id\":\"https:\\\/\\\/secure.gravatar.com\\\/avatar\\\/f6d8782c11d12b2d4ad3fbb6931aeab5309937a4d6cd2fc9cfaa28a6396a5aec?s=96&d=mm&r=g\",\"url\":\"https:\\\/\\\/secure.gravatar.com\\\/avatar\\\/f6d8782c11d12b2d4ad3fbb6931aeab5309937a4d6cd2fc9cfaa28a6396a5aec?s=96&d=mm&r=g\",\"contentUrl\":\"https:\\\/\\\/secure.gravatar.com\\\/avatar\\\/f6d8782c11d12b2d4ad3fbb6931aeab5309937a4d6cd2fc9cfaa28a6396a5aec?s=96&d=mm&r=g\",\"caption\":\"Redacci\u00f3n\"},\"url\":\"https:\\\/\\\/fuentesfidedignas.com.mx\\\/index.php\\\/author\\\/redaccion\\\/\"}]}<\/script>\n<!-- \/ Yoast SEO plugin. -->","yoast_head_json":{"title":"Polic\u00eda y Tr\u00e1nsito de Culiac\u00e1n retiran polarizado de sus patrullas - Fuentes Fidedignas","robots":{"index":"index","follow":"follow","max-snippet":"max-snippet:-1","max-image-preview":"max-image-preview:large","max-video-preview":"max-video-preview:-1"},"canonical":"https:\/\/fuentesfidedignas.com.mx\/index.php\/2023\/07\/24\/policia-y-transito-de-culiacan-retiran-polarizado-de-sus-patrullas\/","og_locale":"es_MX","og_type":"article","og_title":"Polic\u00eda y Tr\u00e1nsito de Culiac\u00e1n retiran polarizado de sus patrullas - Fuentes Fidedignas","og_description":"La dependencia busca fomentar la confianza de la ciudadan\u00eda a trav\u00e9s del ejemplo Culiac\u00e1n, Sin. Como parte de los esfuerzos y las acciones emprendidas por el Ayuntamiento de Culiac\u00e1n para generar mayores condiciones de paz y tranquilidad en la capital, esta ma\u00f1ana inici\u00f3 el retiro de polarizado en las unidades de la Secretar\u00eda de Seguridad [&hellip;]","og_url":"https:\/\/fuentesfidedignas.com.mx\/index.php\/2023\/07\/24\/policia-y-transito-de-culiacan-retiran-polarizado-de-sus-patrullas\/","og_site_name":"Fuentes Fidedignas","article_publisher":"https:\/\/www.facebook.com\/Fuentes-Fidedignas-368234489921644","article_published_time":"2023-07-24T20:08:17+00:00","article_modified_time":"2023-07-24T20:09:15+00:00","og_image":[{"width":1081,"height":720,"url":"https:\/\/fuentesfidedignas.com.mx\/wp-content\/uploads\/2023\/07\/FB_IMG_1690228984699.jpg","type":"image\/jpeg"}],"author":"Redacci\u00f3n","twitter_card":"summary_large_image","twitter_creator":"@fidedignas","twitter_site":"@fidedignas","twitter_misc":{"Escrito por":"Redacci\u00f3n","Tiempo de lectura":"2 minutos"},"schema":{"@context":"https:\/\/schema.org","@graph":[{"@type":"Article","@id":"https:\/\/fuentesfidedignas.com.mx\/index.php\/2023\/07\/24\/policia-y-transito-de-culiacan-retiran-polarizado-de-sus-patrullas\/#article","isPartOf":{"@id":"https:\/\/fuentesfidedignas.com.mx\/index.php\/2023\/07\/24\/policia-y-transito-de-culiacan-retiran-polarizado-de-sus-patrullas\/"},"author":{"name":"Redacci\u00f3n","@id":"https:\/\/fuentesfidedignas.com.mx\/#\/schema\/person\/331be9283d37198e2acd5750279085b0"},"headline":"Polic\u00eda y Tr\u00e1nsito de Culiac\u00e1n retiran polarizado de sus patrullas","datePublished":"2023-07-24T20:08:17+00:00","dateModified":"2023-07-24T20:09:15+00:00","mainEntityOfPage":{"@id":"https:\/\/fuentesfidedignas.com.mx\/index.php\/2023\/07\/24\/policia-y-transito-de-culiacan-retiran-polarizado-de-sus-patrullas\/"},"wordCount":287,"commentCount":0,"publisher":{"@id":"https:\/\/fuentesfidedignas.com.mx\/#organization"},"image":{"@id":"https:\/\/fuentesfidedignas.com.mx\/index.php\/2023\/07\/24\/policia-y-transito-de-culiacan-retiran-polarizado-de-sus-patrullas\/#primaryimage"},"thumbnailUrl":"https:\/\/fuentesfidedignas.com.mx\/wp-content\/uploads\/2023\/07\/FB_IMG_1690228984699-e1690237733934.jpg","articleSection":["NOTICIAS LOCALES"],"inLanguage":"es","potentialAction":[{"@type":"CommentAction","name":"Comment","target":["https:\/\/fuentesfidedignas.com.mx\/index.php\/2023\/07\/24\/policia-y-transito-de-culiacan-retiran-polarizado-de-sus-patrullas\/#respond"]}]},{"@type":"WebPage","@id":"https:\/\/fuentesfidedignas.com.mx\/index.php\/2023\/07\/24\/policia-y-transito-de-culiacan-retiran-polarizado-de-sus-patrullas\/","url":"https:\/\/fuentesfidedignas.com.mx\/index.php\/2023\/07\/24\/policia-y-transito-de-culiacan-retiran-polarizado-de-sus-patrullas\/","name":"Polic\u00eda y Tr\u00e1nsito de Culiac\u00e1n retiran polarizado de sus patrullas - Fuentes Fidedignas","isPartOf":{"@id":"https:\/\/fuentesfidedignas.com.mx\/#website"},"primaryImageOfPage":{"@id":"https:\/\/fuentesfidedignas.com.mx\/index.php\/2023\/07\/24\/policia-y-transito-de-culiacan-retiran-polarizado-de-sus-patrullas\/#primaryimage"},"image":{"@id":"https:\/\/fuentesfidedignas.com.mx\/index.php\/2023\/07\/24\/policia-y-transito-de-culiacan-retiran-polarizado-de-sus-patrullas\/#primaryimage"},"thumbnailUrl":"https:\/\/fuentesfidedignas.com.mx\/wp-content\/uploads\/2023\/07\/FB_IMG_1690228984699-e1690237733934.jpg","datePublished":"2023-07-24T20:08:17+00:00","dateModified":"2023-07-24T20:09:15+00:00","breadcrumb":{"@id":"https:\/\/fuentesfidedignas.com.mx\/index.php\/2023\/07\/24\/policia-y-transito-de-culiacan-retiran-polarizado-de-sus-patrullas\/#breadcrumb"},"inLanguage":"es","potentialAction":[{"@type":"ReadAction","target":["https:\/\/fuentesfidedignas.com.mx\/index.php\/2023\/07\/24\/policia-y-transito-de-culiacan-retiran-polarizado-de-sus-patrullas\/"]}]},{"@type":"ImageObject","inLanguage":"es","@id":"https:\/\/fuentesfidedignas.com.mx\/index.php\/2023\/07\/24\/policia-y-transito-de-culiacan-retiran-polarizado-de-sus-patrullas\/#primaryimage","url":"https:\/\/fuentesfidedignas.com.mx\/wp-content\/uploads\/2023\/07\/FB_IMG_1690228984699-e1690237733934.jpg","contentUrl":"https:\/\/fuentesfidedignas.com.mx\/wp-content\/uploads\/2023\/07\/FB_IMG_1690228984699-e1690237733934.jpg","width":600,"height":400},{"@type":"BreadcrumbList","@id":"https:\/\/fuentesfidedignas.com.mx\/index.php\/2023\/07\/24\/policia-y-transito-de-culiacan-retiran-polarizado-de-sus-patrullas\/#breadcrumb","itemListElement":[{"@type":"ListItem","position":1,"name":"Inicio","item":"https:\/\/fuentesfidedignas.com.mx\/"},{"@type":"ListItem","position":2,"name":"Polic\u00eda y Tr\u00e1nsito de Culiac\u00e1n retiran polarizado de sus patrullas"}]},{"@type":"WebSite","@id":"https:\/\/fuentesfidedignas.com.mx\/#website","url":"https:\/\/fuentesfidedignas.com.mx\/","name":"Fuentes Fidedignas","description":"Otro sitio realizado con WordPress","publisher":{"@id":"https:\/\/fuentesfidedignas.com.mx\/#organization"},"potentialAction":[{"@type":"SearchAction","target":{"@type":"EntryPoint","urlTemplate":"https:\/\/fuentesfidedignas.com.mx\/?s={search_term_string}"},"query-input":{"@type":"PropertyValueSpecification","valueRequired":true,"valueName":"search_term_string"}}],"inLanguage":"es"},{"@type":"Organization","@id":"https:\/\/fuentesfidedignas.com.mx\/#organization","name":"Fuentes Fidedignas","url":"https:\/\/fuentesfidedignas.com.mx\/","logo":{"@type":"ImageObject","inLanguage":"es","@id":"https:\/\/fuentesfidedignas.com.mx\/#\/schema\/logo\/image\/","url":"https:\/\/fuentesfidedignas.com.mx\/wp-content\/uploads\/2021\/04\/logo-retina.png","contentUrl":"https:\/\/fuentesfidedignas.com.mx\/wp-content\/uploads\/2021\/04\/logo-retina.png","width":280,"height":51,"caption":"Fuentes Fidedignas"},"image":{"@id":"https:\/\/fuentesfidedignas.com.mx\/#\/schema\/logo\/image\/"},"sameAs":["https:\/\/www.facebook.com\/Fuentes-Fidedignas-368234489921644","https:\/\/x.com\/fidedignas"]},{"@type":"Person","@id":"https:\/\/fuentesfidedignas.com.mx\/#\/schema\/person\/331be9283d37198e2acd5750279085b0","name":"Redacci\u00f3n","image":{"@type":"ImageObject","inLanguage":"es","@id":"https:\/\/secure.gravatar.com\/avatar\/f6d8782c11d12b2d4ad3fbb6931aeab5309937a4d6cd2fc9cfaa28a6396a5aec?s=96&d=mm&r=g","url":"https:\/\/secure.gravatar.com\/avatar\/f6d8782c11d12b2d4ad3fbb6931aeab5309937a4d6cd2fc9cfaa28a6396a5aec?s=96&d=mm&r=g","contentUrl":"https:\/\/secure.gravatar.com\/avatar\/f6d8782c11d12b2d4ad3fbb6931aeab5309937a4d6cd2fc9cfaa28a6396a5aec?s=96&d=mm&r=g","caption":"Redacci\u00f3n"},"url":"https:\/\/fuentesfidedignas.com.mx\/index.php\/author\/redaccion\/"}]}},"_links":{"self":[{"href":"https:\/\/fuentesfidedignas.com.mx\/index.php\/wp-json\/wp\/v2\/posts\/53526","targetHints":{"allow":["GET"]}}],"collection":[{"href":"https:\/\/fuentesfidedignas.com.mx\/index.php\/wp-json\/wp\/v2\/posts"}],"about":[{"href":"https:\/\/fuentesfidedignas.com.mx\/index.php\/wp-json\/wp\/v2\/types\/post"}],"author":[{"embeddable":true,"href":"https:\/\/fuentesfidedignas.com.mx\/index.php\/wp-json\/wp\/v2\/users\/4"}],"replies":[{"embeddable":true,"href":"https:\/\/fuentesfidedignas.com.mx\/index.php\/wp-json\/wp\/v2\/comments?post=53526"}],"version-history":[{"count":1,"href":"https:\/\/fuentesfidedignas.com.mx\/index.php\/wp-json\/wp\/v2\/posts\/53526\/revisions"}],"predecessor-version":[{"id":53527,"href":"https:\/\/fuentesfidedignas.com.mx\/index.php\/wp-json\/wp\/v2\/posts\/53526\/revisions\/53527"}],"wp:featuredmedia":[{"embeddable":true,"href":"https:\/\/fuentesfidedignas.com.mx\/index.php\/wp-json\/wp\/v2\/media\/53529"}],"wp:attachment":[{"href":"https:\/\/fuentesfidedignas.com.mx\/index.php\/wp-json\/wp\/v2\/media?parent=53526"}],"wp:term":[{"taxonomy":"category","embeddable":true,"href":"https:\/\/fuentesfidedignas.com.mx\/index.php\/wp-json\/wp\/v2\/categories?post=53526"},{"taxonomy":"post_tag","embeddable":true,"href":"https:\/\/fuentesfidedignas.com.mx\/index.php\/wp-json\/wp\/v2\/tags?post=53526"}],"curies":[{"name":"wp","href":"https:\/\/api.w.org\/{rel}","templated":true}]}}