{"id":53513,"date":"2023-07-24T12:29:05","date_gmt":"2023-07-24T19:29:05","guid":{"rendered":"https:\/\/fuentesfidedignas.com.mx\/?p=53513"},"modified":"2023-07-24T12:29:52","modified_gmt":"2023-07-24T19:29:52","slug":"johnny-depp-es-hallado-inconsciente-en-su-cuarto-de-hotel","status":"publish","type":"post","link":"https:\/\/fuentesfidedignas.com.mx\/index.php\/2023\/07\/24\/johnny-depp-es-hallado-inconsciente-en-su-cuarto-de-hotel\/","title":{"rendered":"Johnny Depp es hallado inconsciente en su cuarto de hotel"},"content":{"rendered":"\n<p><br><strong><em>Esta es la segunda ocasi\u00f3n que la banda se ve en la necesidad de cancelar un show por culpa del m\u00fasico y actor<\/em><\/strong><\/p>\n\n\n\n<p>Budapest. <\/p>\n\n\n\n<p>Tal parece que los vampiros de Hollywood necesitan una nueva dosis de sangre. Y es que, el super grupo conformado por&nbsp;<strong>Alice Cooper, Johnny Depp y Joe Perry<\/strong>&nbsp;que se presenta bajo el t\u00edtulo de&nbsp;<strong>Hollywood Vampires<\/strong>&nbsp;se encuentran actualmente de gira por Europa. El pasado 18 de julio, la agrupaci\u00f3n ten\u00eda una presentaci\u00f3n programada en&nbsp;<strong>Budapest<\/strong>, la cual tuvo que cancelarse debido a que el int\u00e9rprete de&nbsp;<strong>Jack Sparrow<\/strong>&nbsp;no estaba en condiciones para salir al escenario.<\/p>\n\n\n\n<p>Seg\u00fan medios locales de&nbsp;<strong>Hungr\u00eda<\/strong>, ya todo estaba listo para que la banda fuera a tocar, pero al parecer, cuando fueron a buscar a Depp a su habitaci\u00f3n de hotel, este<strong>&nbsp;fue encontrado inconsciente,<\/strong>&nbsp;aparentemente por<strong>&nbsp;haber bebido durante toda la tarde de ese d\u00eda y la noche del d\u00eda anterior.<\/strong><img decoding=\"async\" src=\"\"><img decoding=\"async\" alt=\"Johnny Depp fue visto horas antes de su concierto en Budapest completamente alcoholizado \nFoto: Twitter\/@cocainecross\" srcset=\"https:\/\/www-infobae-com.cdn.ampproject.org\/ii\/w680\/s\/www.infobae.com\/new-resizer\/bezp4oel53rpg41D6erL1ICm95A=\/arc-anglerfish-arc2-prod-infobae\/public\/MPKSBFF7KNGBTDXZ6V3J5N3NS4.jpg 680w, https:\/\/www-infobae-com.cdn.ampproject.org\/ii\/w820\/s\/www.infobae.com\/new-resizer\/bezp4oel53rpg41D6erL1ICm95A=\/arc-anglerfish-arc2-prod-infobae\/public\/MPKSBFF7KNGBTDXZ6V3J5N3NS4.jpg 820w\" src=\"https:\/\/www-infobae-com.cdn.ampproject.org\/ii\/AW\/s\/www.infobae.com\/new-resizer\/bezp4oel53rpg41D6erL1ICm95A=\/arc-anglerfish-arc2-prod-infobae\/public\/MPKSBFF7KNGBTDXZ6V3J5N3NS4.jpg\">Johnny Depp fue visto horas antes de su concierto en Budapest completamente alcoholizado Foto: Twitter\/@cocainecross<\/p>\n\n\n\n<p>\u201c<strong>Lo que o\u00edmos fue que Depp estaba sobreexcitado y que no pod\u00eda ni siquiera salir del hotel<\/strong>. Tambi\u00e9n o\u00edmos que&nbsp;<strong>hab\u00edan llamado a un m\u00e9dico para ver si sucedi\u00f3 algo m\u00e1s grave<\/strong>\u201d, cit\u00f3 el tabloide&nbsp;<em>Blikk&nbsp;<\/em>a \u201cuna persona con informaciones sobre el caso\u201d.<\/p>\n\n\n\n<p>Tan s\u00f3lo una hora antes de que Hollywood Vampires se presentara en la Arena Budapest, se comparti\u00f3 en las redes de la banda que el concierto deb\u00eda ser cancelado.<\/p>\n\n\n\n<p>\u201cDebido a\u00a0<strong>circunstancias imprevistas, cancelamos el show<\/strong>\u00a0de esta noche en Budapest. Todas las entradas se reembolsar\u00e1n en su totalidad. Amamos y apreciamos a todos los fan\u00e1ticos que viajaron de cerca y de lejos para vernos crecer, y lo sentimos mucho.\u00a0<strong>Nuestras m\u00e1s sinceras disculpas<\/strong>\u201d, se ley\u00f3 en el comunicado emitido por la banda.<\/p>\n\n\n\n<p><img decoding=\"async\" alt=\"Hollywood Vampires tuvo que cancelar su presentaci\u00f3n en Budapest una hora antes del show\" srcset=\"https:\/\/www-infobae-com.cdn.ampproject.org\/ii\/w470\/s\/www.infobae.com\/new-resizer\/yM1AIhFFC-TyR1pSfXNlQiqz4qg=\/arc-anglerfish-arc2-prod-infobae\/public\/LV5RHHMWKBGDNFEMITOMOH4M54.jpg 470w, https:\/\/www-infobae-com.cdn.ampproject.org\/ii\/w820\/s\/www.infobae.com\/new-resizer\/yM1AIhFFC-TyR1pSfXNlQiqz4qg=\/arc-anglerfish-arc2-prod-infobae\/public\/LV5RHHMWKBGDNFEMITOMOH4M54.jpg 820w\" src=\"https:\/\/www-infobae-com.cdn.ampproject.org\/ii\/AW\/s\/www.infobae.com\/new-resizer\/yM1AIhFFC-TyR1pSfXNlQiqz4qg=\/arc-anglerfish-arc2-prod-infobae\/public\/LV5RHHMWKBGDNFEMITOMOH4M54.jpg\">Hollywood Vampires tuvo que cancelar su presentaci\u00f3n en Budapest una hora antes del show<\/p>\n\n\n\n<p>Esta fue la segunda ocasi\u00f3n en la que Hollywood Vampires tuvo que hacer cancelaciones en su reciente gira, y adem\u00e1s, por culpa de Depp. A finales de mayo,&nbsp;<strong>la banda cancel\u00f3 tres presentaciones durante su paso por Estados Unidos&nbsp;<\/strong>debido a una<strong>&nbsp;fractura de tobillo<\/strong>&nbsp;que hab\u00eda sufrido Depp. As\u00ed lo explic\u00f3 el m\u00fasico y actor en un comunicado: \u201cQueridos amigos, siento deciros que me he&nbsp;<strong>fracturado el tobillo<\/strong>, lo que es una pena. Comenz\u00f3 como una&nbsp;<em>rotura menor<\/em>&nbsp;pero en alg\u00fan punto entre Cannes y el Royal Albert Hall empeor\u00f3 en vez de mejorar\u201d.<\/p>\n\n\n\n<p>Tras su recuperaci\u00f3n, Depp y compa\u00f1\u00eda se embarcaron en su actual gira por Europa, y aunque todos esperaban que las malas noticias acabaran con una fuerte resaca para Depp despu\u00e9s del incidente de Budapest,&nbsp;<strong>otro concierto tuvo que ser cancelado.<\/strong><\/p>\n","protected":false},"excerpt":{"rendered":"<p>Esta es la segunda ocasi\u00f3n que la banda se ve en la necesidad de cancelar un show por culpa del m\u00fasico y actor Budapest. Tal parece que los vampiros de Hollywood necesitan una nueva dosis de sangre. Y es que, el super grupo conformado por&nbsp;Alice Cooper, Johnny Depp y Joe Perry&nbsp;que se presenta bajo el [&hellip;]<\/p>\n","protected":false},"author":41,"featured_media":53515,"comment_status":"open","ping_status":"open","sticky":false,"template":"","format":"standard","meta":{"tdm_status":"","tdm_grid_status":"","footnotes":""},"categories":[39,1],"tags":[],"class_list":{"0":"post-53513","1":"post","2":"type-post","3":"status-publish","4":"format-standard","5":"has-post-thumbnail","7":"category-noticias-nacionales","8":"category-sin-categoria"},"yoast_head":"<!-- This site is optimized with the Yoast SEO plugin v27.4 - https:\/\/yoast.com\/product\/yoast-seo-wordpress\/ -->\n<title>Johnny Depp es hallado inconsciente en su cuarto de hotel - Fuentes Fidedignas<\/title>\n<meta name=\"robots\" content=\"index, follow, max-snippet:-1, max-image-preview:large, max-video-preview:-1\" \/>\n<link rel=\"canonical\" href=\"https:\/\/fuentesfidedignas.com.mx\/index.php\/2023\/07\/24\/johnny-depp-es-hallado-inconsciente-en-su-cuarto-de-hotel\/\" \/>\n<meta property=\"og:locale\" content=\"es_MX\" \/>\n<meta property=\"og:type\" content=\"article\" \/>\n<meta property=\"og:title\" content=\"Johnny Depp es hallado inconsciente en su cuarto de hotel - Fuentes Fidedignas\" \/>\n<meta property=\"og:description\" content=\"Esta es la segunda ocasi\u00f3n que la banda se ve en la necesidad de cancelar un show por culpa del m\u00fasico y actor Budapest. Tal parece que los vampiros de Hollywood necesitan una nueva dosis de sangre. Y es que, el super grupo conformado por&nbsp;Alice Cooper, Johnny Depp y Joe Perry&nbsp;que se presenta bajo el [&hellip;]\" \/>\n<meta property=\"og:url\" content=\"https:\/\/fuentesfidedignas.com.mx\/index.php\/2023\/07\/24\/johnny-depp-es-hallado-inconsciente-en-su-cuarto-de-hotel\/\" \/>\n<meta property=\"og:site_name\" content=\"Fuentes Fidedignas\" \/>\n<meta property=\"article:publisher\" content=\"https:\/\/www.facebook.com\/Fuentes-Fidedignas-368234489921644\" \/>\n<meta property=\"article:published_time\" content=\"2023-07-24T19:29:05+00:00\" \/>\n<meta property=\"article:modified_time\" content=\"2023-07-24T19:29:52+00:00\" \/>\n<meta property=\"og:image\" content=\"https:\/\/fuentesfidedignas.com.mx\/wp-content\/uploads\/2023\/07\/4N7ZLEDMMRFLTJKOIEG22QQB4I.jpg\" \/>\n\t<meta property=\"og:image:width\" content=\"1920\" \/>\n\t<meta property=\"og:image:height\" content=\"1080\" \/>\n\t<meta property=\"og:image:type\" content=\"image\/jpeg\" \/>\n<meta name=\"author\" content=\"Infobae\" \/>\n<meta name=\"twitter:card\" content=\"summary_large_image\" \/>\n<meta name=\"twitter:creator\" content=\"@fidedignas\" \/>\n<meta name=\"twitter:site\" content=\"@fidedignas\" \/>\n<meta name=\"twitter:label1\" content=\"Escrito por\" \/>\n\t<meta name=\"twitter:data1\" content=\"Infobae\" \/>\n\t<meta name=\"twitter:label2\" content=\"Tiempo de lectura\" \/>\n\t<meta name=\"twitter:data2\" content=\"3 minutos\" \/>\n<script type=\"application\/ld+json\" class=\"yoast-schema-graph\">{\"@context\":\"https:\\\/\\\/schema.org\",\"@graph\":[{\"@type\":\"Article\",\"@id\":\"https:\\\/\\\/fuentesfidedignas.com.mx\\\/index.php\\\/2023\\\/07\\\/24\\\/johnny-depp-es-hallado-inconsciente-en-su-cuarto-de-hotel\\\/#article\",\"isPartOf\":{\"@id\":\"https:\\\/\\\/fuentesfidedignas.com.mx\\\/index.php\\\/2023\\\/07\\\/24\\\/johnny-depp-es-hallado-inconsciente-en-su-cuarto-de-hotel\\\/\"},\"author\":{\"name\":\"Infobae\",\"@id\":\"https:\\\/\\\/fuentesfidedignas.com.mx\\\/#\\\/schema\\\/person\\\/8575896a7c1067d352f6c1cd6582c389\"},\"headline\":\"Johnny Depp es hallado inconsciente en su cuarto de hotel\",\"datePublished\":\"2023-07-24T19:29:05+00:00\",\"dateModified\":\"2023-07-24T19:29:52+00:00\",\"mainEntityOfPage\":{\"@id\":\"https:\\\/\\\/fuentesfidedignas.com.mx\\\/index.php\\\/2023\\\/07\\\/24\\\/johnny-depp-es-hallado-inconsciente-en-su-cuarto-de-hotel\\\/\"},\"wordCount\":509,\"commentCount\":0,\"publisher\":{\"@id\":\"https:\\\/\\\/fuentesfidedignas.com.mx\\\/#organization\"},\"image\":{\"@id\":\"https:\\\/\\\/fuentesfidedignas.com.mx\\\/index.php\\\/2023\\\/07\\\/24\\\/johnny-depp-es-hallado-inconsciente-en-su-cuarto-de-hotel\\\/#primaryimage\"},\"thumbnailUrl\":\"https:\\\/\\\/fuentesfidedignas.com.mx\\\/wp-content\\\/uploads\\\/2023\\\/07\\\/4N7ZLEDMMRFLTJKOIEG22QQB4I-e1690237755627.jpg\",\"articleSection\":[\"NOTICIAS NACIONALES\"],\"inLanguage\":\"es\",\"potentialAction\":[{\"@type\":\"CommentAction\",\"name\":\"Comment\",\"target\":[\"https:\\\/\\\/fuentesfidedignas.com.mx\\\/index.php\\\/2023\\\/07\\\/24\\\/johnny-depp-es-hallado-inconsciente-en-su-cuarto-de-hotel\\\/#respond\"]}]},{\"@type\":\"WebPage\",\"@id\":\"https:\\\/\\\/fuentesfidedignas.com.mx\\\/index.php\\\/2023\\\/07\\\/24\\\/johnny-depp-es-hallado-inconsciente-en-su-cuarto-de-hotel\\\/\",\"url\":\"https:\\\/\\\/fuentesfidedignas.com.mx\\\/index.php\\\/2023\\\/07\\\/24\\\/johnny-depp-es-hallado-inconsciente-en-su-cuarto-de-hotel\\\/\",\"name\":\"Johnny Depp es hallado inconsciente en su cuarto de hotel - Fuentes Fidedignas\",\"isPartOf\":{\"@id\":\"https:\\\/\\\/fuentesfidedignas.com.mx\\\/#website\"},\"primaryImageOfPage\":{\"@id\":\"https:\\\/\\\/fuentesfidedignas.com.mx\\\/index.php\\\/2023\\\/07\\\/24\\\/johnny-depp-es-hallado-inconsciente-en-su-cuarto-de-hotel\\\/#primaryimage\"},\"image\":{\"@id\":\"https:\\\/\\\/fuentesfidedignas.com.mx\\\/index.php\\\/2023\\\/07\\\/24\\\/johnny-depp-es-hallado-inconsciente-en-su-cuarto-de-hotel\\\/#primaryimage\"},\"thumbnailUrl\":\"https:\\\/\\\/fuentesfidedignas.com.mx\\\/wp-content\\\/uploads\\\/2023\\\/07\\\/4N7ZLEDMMRFLTJKOIEG22QQB4I-e1690237755627.jpg\",\"datePublished\":\"2023-07-24T19:29:05+00:00\",\"dateModified\":\"2023-07-24T19:29:52+00:00\",\"breadcrumb\":{\"@id\":\"https:\\\/\\\/fuentesfidedignas.com.mx\\\/index.php\\\/2023\\\/07\\\/24\\\/johnny-depp-es-hallado-inconsciente-en-su-cuarto-de-hotel\\\/#breadcrumb\"},\"inLanguage\":\"es\",\"potentialAction\":[{\"@type\":\"ReadAction\",\"target\":[\"https:\\\/\\\/fuentesfidedignas.com.mx\\\/index.php\\\/2023\\\/07\\\/24\\\/johnny-depp-es-hallado-inconsciente-en-su-cuarto-de-hotel\\\/\"]}]},{\"@type\":\"ImageObject\",\"inLanguage\":\"es\",\"@id\":\"https:\\\/\\\/fuentesfidedignas.com.mx\\\/index.php\\\/2023\\\/07\\\/24\\\/johnny-depp-es-hallado-inconsciente-en-su-cuarto-de-hotel\\\/#primaryimage\",\"url\":\"https:\\\/\\\/fuentesfidedignas.com.mx\\\/wp-content\\\/uploads\\\/2023\\\/07\\\/4N7ZLEDMMRFLTJKOIEG22QQB4I-e1690237755627.jpg\",\"contentUrl\":\"https:\\\/\\\/fuentesfidedignas.com.mx\\\/wp-content\\\/uploads\\\/2023\\\/07\\\/4N7ZLEDMMRFLTJKOIEG22QQB4I-e1690237755627.jpg\",\"width\":600,\"height\":338},{\"@type\":\"BreadcrumbList\",\"@id\":\"https:\\\/\\\/fuentesfidedignas.com.mx\\\/index.php\\\/2023\\\/07\\\/24\\\/johnny-depp-es-hallado-inconsciente-en-su-cuarto-de-hotel\\\/#breadcrumb\",\"itemListElement\":[{\"@type\":\"ListItem\",\"position\":1,\"name\":\"Inicio\",\"item\":\"https:\\\/\\\/fuentesfidedignas.com.mx\\\/\"},{\"@type\":\"ListItem\",\"position\":2,\"name\":\"Johnny Depp es hallado inconsciente en su cuarto de hotel\"}]},{\"@type\":\"WebSite\",\"@id\":\"https:\\\/\\\/fuentesfidedignas.com.mx\\\/#website\",\"url\":\"https:\\\/\\\/fuentesfidedignas.com.mx\\\/\",\"name\":\"Fuentes Fidedignas\",\"description\":\"Otro sitio realizado con WordPress\",\"publisher\":{\"@id\":\"https:\\\/\\\/fuentesfidedignas.com.mx\\\/#organization\"},\"potentialAction\":[{\"@type\":\"SearchAction\",\"target\":{\"@type\":\"EntryPoint\",\"urlTemplate\":\"https:\\\/\\\/fuentesfidedignas.com.mx\\\/?s={search_term_string}\"},\"query-input\":{\"@type\":\"PropertyValueSpecification\",\"valueRequired\":true,\"valueName\":\"search_term_string\"}}],\"inLanguage\":\"es\"},{\"@type\":\"Organization\",\"@id\":\"https:\\\/\\\/fuentesfidedignas.com.mx\\\/#organization\",\"name\":\"Fuentes Fidedignas\",\"url\":\"https:\\\/\\\/fuentesfidedignas.com.mx\\\/\",\"logo\":{\"@type\":\"ImageObject\",\"inLanguage\":\"es\",\"@id\":\"https:\\\/\\\/fuentesfidedignas.com.mx\\\/#\\\/schema\\\/logo\\\/image\\\/\",\"url\":\"https:\\\/\\\/fuentesfidedignas.com.mx\\\/wp-content\\\/uploads\\\/2021\\\/04\\\/logo-retina.png\",\"contentUrl\":\"https:\\\/\\\/fuentesfidedignas.com.mx\\\/wp-content\\\/uploads\\\/2021\\\/04\\\/logo-retina.png\",\"width\":280,\"height\":51,\"caption\":\"Fuentes Fidedignas\"},\"image\":{\"@id\":\"https:\\\/\\\/fuentesfidedignas.com.mx\\\/#\\\/schema\\\/logo\\\/image\\\/\"},\"sameAs\":[\"https:\\\/\\\/www.facebook.com\\\/Fuentes-Fidedignas-368234489921644\",\"https:\\\/\\\/x.com\\\/fidedignas\"]},{\"@type\":\"Person\",\"@id\":\"https:\\\/\\\/fuentesfidedignas.com.mx\\\/#\\\/schema\\\/person\\\/8575896a7c1067d352f6c1cd6582c389\",\"name\":\"Infobae\",\"image\":{\"@type\":\"ImageObject\",\"inLanguage\":\"es\",\"@id\":\"https:\\\/\\\/secure.gravatar.com\\\/avatar\\\/e4ec95706f8d1670343f6526fdcec45474bab17475a851434a64ca12b5acba1c?s=96&d=mm&r=g\",\"url\":\"https:\\\/\\\/secure.gravatar.com\\\/avatar\\\/e4ec95706f8d1670343f6526fdcec45474bab17475a851434a64ca12b5acba1c?s=96&d=mm&r=g\",\"contentUrl\":\"https:\\\/\\\/secure.gravatar.com\\\/avatar\\\/e4ec95706f8d1670343f6526fdcec45474bab17475a851434a64ca12b5acba1c?s=96&d=mm&r=g\",\"caption\":\"Infobae\"},\"url\":\"https:\\\/\\\/fuentesfidedignas.com.mx\\\/index.php\\\/author\\\/infobae\\\/\"}]}<\/script>\n<!-- \/ Yoast SEO plugin. -->","yoast_head_json":{"title":"Johnny Depp es hallado inconsciente en su cuarto de hotel - Fuentes Fidedignas","robots":{"index":"index","follow":"follow","max-snippet":"max-snippet:-1","max-image-preview":"max-image-preview:large","max-video-preview":"max-video-preview:-1"},"canonical":"https:\/\/fuentesfidedignas.com.mx\/index.php\/2023\/07\/24\/johnny-depp-es-hallado-inconsciente-en-su-cuarto-de-hotel\/","og_locale":"es_MX","og_type":"article","og_title":"Johnny Depp es hallado inconsciente en su cuarto de hotel - Fuentes Fidedignas","og_description":"Esta es la segunda ocasi\u00f3n que la banda se ve en la necesidad de cancelar un show por culpa del m\u00fasico y actor Budapest. Tal parece que los vampiros de Hollywood necesitan una nueva dosis de sangre. Y es que, el super grupo conformado por&nbsp;Alice Cooper, Johnny Depp y Joe Perry&nbsp;que se presenta bajo el [&hellip;]","og_url":"https:\/\/fuentesfidedignas.com.mx\/index.php\/2023\/07\/24\/johnny-depp-es-hallado-inconsciente-en-su-cuarto-de-hotel\/","og_site_name":"Fuentes Fidedignas","article_publisher":"https:\/\/www.facebook.com\/Fuentes-Fidedignas-368234489921644","article_published_time":"2023-07-24T19:29:05+00:00","article_modified_time":"2023-07-24T19:29:52+00:00","og_image":[{"width":1920,"height":1080,"url":"https:\/\/fuentesfidedignas.com.mx\/wp-content\/uploads\/2023\/07\/4N7ZLEDMMRFLTJKOIEG22QQB4I.jpg","type":"image\/jpeg"}],"author":"Infobae","twitter_card":"summary_large_image","twitter_creator":"@fidedignas","twitter_site":"@fidedignas","twitter_misc":{"Escrito por":"Infobae","Tiempo de lectura":"3 minutos"},"schema":{"@context":"https:\/\/schema.org","@graph":[{"@type":"Article","@id":"https:\/\/fuentesfidedignas.com.mx\/index.php\/2023\/07\/24\/johnny-depp-es-hallado-inconsciente-en-su-cuarto-de-hotel\/#article","isPartOf":{"@id":"https:\/\/fuentesfidedignas.com.mx\/index.php\/2023\/07\/24\/johnny-depp-es-hallado-inconsciente-en-su-cuarto-de-hotel\/"},"author":{"name":"Infobae","@id":"https:\/\/fuentesfidedignas.com.mx\/#\/schema\/person\/8575896a7c1067d352f6c1cd6582c389"},"headline":"Johnny Depp es hallado inconsciente en su cuarto de hotel","datePublished":"2023-07-24T19:29:05+00:00","dateModified":"2023-07-24T19:29:52+00:00","mainEntityOfPage":{"@id":"https:\/\/fuentesfidedignas.com.mx\/index.php\/2023\/07\/24\/johnny-depp-es-hallado-inconsciente-en-su-cuarto-de-hotel\/"},"wordCount":509,"commentCount":0,"publisher":{"@id":"https:\/\/fuentesfidedignas.com.mx\/#organization"},"image":{"@id":"https:\/\/fuentesfidedignas.com.mx\/index.php\/2023\/07\/24\/johnny-depp-es-hallado-inconsciente-en-su-cuarto-de-hotel\/#primaryimage"},"thumbnailUrl":"https:\/\/fuentesfidedignas.com.mx\/wp-content\/uploads\/2023\/07\/4N7ZLEDMMRFLTJKOIEG22QQB4I-e1690237755627.jpg","articleSection":["NOTICIAS NACIONALES"],"inLanguage":"es","potentialAction":[{"@type":"CommentAction","name":"Comment","target":["https:\/\/fuentesfidedignas.com.mx\/index.php\/2023\/07\/24\/johnny-depp-es-hallado-inconsciente-en-su-cuarto-de-hotel\/#respond"]}]},{"@type":"WebPage","@id":"https:\/\/fuentesfidedignas.com.mx\/index.php\/2023\/07\/24\/johnny-depp-es-hallado-inconsciente-en-su-cuarto-de-hotel\/","url":"https:\/\/fuentesfidedignas.com.mx\/index.php\/2023\/07\/24\/johnny-depp-es-hallado-inconsciente-en-su-cuarto-de-hotel\/","name":"Johnny Depp es hallado inconsciente en su cuarto de hotel - Fuentes Fidedignas","isPartOf":{"@id":"https:\/\/fuentesfidedignas.com.mx\/#website"},"primaryImageOfPage":{"@id":"https:\/\/fuentesfidedignas.com.mx\/index.php\/2023\/07\/24\/johnny-depp-es-hallado-inconsciente-en-su-cuarto-de-hotel\/#primaryimage"},"image":{"@id":"https:\/\/fuentesfidedignas.com.mx\/index.php\/2023\/07\/24\/johnny-depp-es-hallado-inconsciente-en-su-cuarto-de-hotel\/#primaryimage"},"thumbnailUrl":"https:\/\/fuentesfidedignas.com.mx\/wp-content\/uploads\/2023\/07\/4N7ZLEDMMRFLTJKOIEG22QQB4I-e1690237755627.jpg","datePublished":"2023-07-24T19:29:05+00:00","dateModified":"2023-07-24T19:29:52+00:00","breadcrumb":{"@id":"https:\/\/fuentesfidedignas.com.mx\/index.php\/2023\/07\/24\/johnny-depp-es-hallado-inconsciente-en-su-cuarto-de-hotel\/#breadcrumb"},"inLanguage":"es","potentialAction":[{"@type":"ReadAction","target":["https:\/\/fuentesfidedignas.com.mx\/index.php\/2023\/07\/24\/johnny-depp-es-hallado-inconsciente-en-su-cuarto-de-hotel\/"]}]},{"@type":"ImageObject","inLanguage":"es","@id":"https:\/\/fuentesfidedignas.com.mx\/index.php\/2023\/07\/24\/johnny-depp-es-hallado-inconsciente-en-su-cuarto-de-hotel\/#primaryimage","url":"https:\/\/fuentesfidedignas.com.mx\/wp-content\/uploads\/2023\/07\/4N7ZLEDMMRFLTJKOIEG22QQB4I-e1690237755627.jpg","contentUrl":"https:\/\/fuentesfidedignas.com.mx\/wp-content\/uploads\/2023\/07\/4N7ZLEDMMRFLTJKOIEG22QQB4I-e1690237755627.jpg","width":600,"height":338},{"@type":"BreadcrumbList","@id":"https:\/\/fuentesfidedignas.com.mx\/index.php\/2023\/07\/24\/johnny-depp-es-hallado-inconsciente-en-su-cuarto-de-hotel\/#breadcrumb","itemListElement":[{"@type":"ListItem","position":1,"name":"Inicio","item":"https:\/\/fuentesfidedignas.com.mx\/"},{"@type":"ListItem","position":2,"name":"Johnny Depp es hallado inconsciente en su cuarto de hotel"}]},{"@type":"WebSite","@id":"https:\/\/fuentesfidedignas.com.mx\/#website","url":"https:\/\/fuentesfidedignas.com.mx\/","name":"Fuentes Fidedignas","description":"Otro sitio realizado con WordPress","publisher":{"@id":"https:\/\/fuentesfidedignas.com.mx\/#organization"},"potentialAction":[{"@type":"SearchAction","target":{"@type":"EntryPoint","urlTemplate":"https:\/\/fuentesfidedignas.com.mx\/?s={search_term_string}"},"query-input":{"@type":"PropertyValueSpecification","valueRequired":true,"valueName":"search_term_string"}}],"inLanguage":"es"},{"@type":"Organization","@id":"https:\/\/fuentesfidedignas.com.mx\/#organization","name":"Fuentes Fidedignas","url":"https:\/\/fuentesfidedignas.com.mx\/","logo":{"@type":"ImageObject","inLanguage":"es","@id":"https:\/\/fuentesfidedignas.com.mx\/#\/schema\/logo\/image\/","url":"https:\/\/fuentesfidedignas.com.mx\/wp-content\/uploads\/2021\/04\/logo-retina.png","contentUrl":"https:\/\/fuentesfidedignas.com.mx\/wp-content\/uploads\/2021\/04\/logo-retina.png","width":280,"height":51,"caption":"Fuentes Fidedignas"},"image":{"@id":"https:\/\/fuentesfidedignas.com.mx\/#\/schema\/logo\/image\/"},"sameAs":["https:\/\/www.facebook.com\/Fuentes-Fidedignas-368234489921644","https:\/\/x.com\/fidedignas"]},{"@type":"Person","@id":"https:\/\/fuentesfidedignas.com.mx\/#\/schema\/person\/8575896a7c1067d352f6c1cd6582c389","name":"Infobae","image":{"@type":"ImageObject","inLanguage":"es","@id":"https:\/\/secure.gravatar.com\/avatar\/e4ec95706f8d1670343f6526fdcec45474bab17475a851434a64ca12b5acba1c?s=96&d=mm&r=g","url":"https:\/\/secure.gravatar.com\/avatar\/e4ec95706f8d1670343f6526fdcec45474bab17475a851434a64ca12b5acba1c?s=96&d=mm&r=g","contentUrl":"https:\/\/secure.gravatar.com\/avatar\/e4ec95706f8d1670343f6526fdcec45474bab17475a851434a64ca12b5acba1c?s=96&d=mm&r=g","caption":"Infobae"},"url":"https:\/\/fuentesfidedignas.com.mx\/index.php\/author\/infobae\/"}]}},"_links":{"self":[{"href":"https:\/\/fuentesfidedignas.com.mx\/index.php\/wp-json\/wp\/v2\/posts\/53513","targetHints":{"allow":["GET"]}}],"collection":[{"href":"https:\/\/fuentesfidedignas.com.mx\/index.php\/wp-json\/wp\/v2\/posts"}],"about":[{"href":"https:\/\/fuentesfidedignas.com.mx\/index.php\/wp-json\/wp\/v2\/types\/post"}],"author":[{"embeddable":true,"href":"https:\/\/fuentesfidedignas.com.mx\/index.php\/wp-json\/wp\/v2\/users\/41"}],"replies":[{"embeddable":true,"href":"https:\/\/fuentesfidedignas.com.mx\/index.php\/wp-json\/wp\/v2\/comments?post=53513"}],"version-history":[{"count":1,"href":"https:\/\/fuentesfidedignas.com.mx\/index.php\/wp-json\/wp\/v2\/posts\/53513\/revisions"}],"predecessor-version":[{"id":53514,"href":"https:\/\/fuentesfidedignas.com.mx\/index.php\/wp-json\/wp\/v2\/posts\/53513\/revisions\/53514"}],"wp:featuredmedia":[{"embeddable":true,"href":"https:\/\/fuentesfidedignas.com.mx\/index.php\/wp-json\/wp\/v2\/media\/53515"}],"wp:attachment":[{"href":"https:\/\/fuentesfidedignas.com.mx\/index.php\/wp-json\/wp\/v2\/media?parent=53513"}],"wp:term":[{"taxonomy":"category","embeddable":true,"href":"https:\/\/fuentesfidedignas.com.mx\/index.php\/wp-json\/wp\/v2\/categories?post=53513"},{"taxonomy":"post_tag","embeddable":true,"href":"https:\/\/fuentesfidedignas.com.mx\/index.php\/wp-json\/wp\/v2\/tags?post=53513"}],"curies":[{"name":"wp","href":"https:\/\/api.w.org\/{rel}","templated":true}]}}