{"id":53506,"date":"2023-07-24T11:54:19","date_gmt":"2023-07-24T18:54:19","guid":{"rendered":"https:\/\/fuentesfidedignas.com.mx\/?p=53506"},"modified":"2023-07-24T11:55:45","modified_gmt":"2023-07-24T18:55:45","slug":"avanza-el-programa-de-compra-de-maiz-del-gobierno-del-estado-y-segalmex","status":"publish","type":"post","link":"https:\/\/fuentesfidedignas.com.mx\/index.php\/2023\/07\/24\/avanza-el-programa-de-compra-de-maiz-del-gobierno-del-estado-y-segalmex\/","title":{"rendered":"Avanza el programa de compra de ma\u00edz del Gobierno del Estado y SEGALMEX"},"content":{"rendered":"\n<p><em><strong>Se estima que en 10 d\u00edas culmine el programa de la compra de 500 mil toneladas<\/strong><\/em><\/p>\n\n\n\n<p>Culiac\u00e1n, Sin.- Durante la Conferencia Semanera del gobernador Rub\u00e9n Rocha Moya, que en esta ocasi\u00f3n fue encabezada por el secretario general de Gobierno, Enrique Inzunza C\u00e1zarez, se inform\u00f3 que ya se tiene un avance del 59 por ciento en el programa de compra de ma\u00edz por parte del Gobierno del Estado, el cual se prev\u00e9 que concluya en 10 d\u00edas m\u00e1s, una vez que se adquieran las 500 mil toneladas que se comprar\u00e1n a precio de garant\u00eda a peque\u00f1os productores de hasta 15 hect\u00e1reas.<\/p>\n\n\n\n\n\n<p>El secretario Inzunza C\u00e1zarez explic\u00f3 que todo aquel productor que no haya entrado al programa de compra de un mill\u00f3n de toneladas por parte de SEGALMEX, podr\u00e1 inscribirse en el programa del Gobierno del Estado.<\/p>\n\n\n\n<p>\u201c<strong>Hay la m\u00e1s plena disposici\u00f3n para atender cualquier circunstancia o problem\u00e1tica que se d\u00e9 en torno a cualquier situaci\u00f3n que tenga que ver con la operaci\u00f3n del programa. Cualquier productor del nivel que sea que califique para ser inscrito y ser beneficiario del programa, toque ya sea la ventanilla de SEGALMEX, ya sea de la Secretar\u00eda de Agricultura, la instrucci\u00f3n del gobernador es que atendamos y solucionemos todos aquellos aspectos que son atendibles y solucionables\u201d<\/strong>, garantiz\u00f3 el secretario Inzunza.<\/p>\n\n\n\n<p>A su vez, la encargada del programa de compra de ma\u00edz en Sinaloa por parte de SEGALMEX, Ana Cristina Garc\u00eda Almanza, inform\u00f3 que al corte de este lunes 24 de julio, se tiene un avance del 73 por ciento, al haberse acopiado ya 731 mil 811 toneladas, las cuales se compraron a 8 mil 558 productores, de un padr\u00f3n de 14 mil 122 productores que se inscribieron en el programa.<\/p>\n\n\n\n<p>A\u00f1adi\u00f3 que lo anterior representa una derrama econ\u00f3mica de 5 mil 97 millones 67 mil 21 pesos, y el compromiso es concluir el programa en este mes de julio, aunque tambi\u00e9n se podr\u00e1 prolongar hasta la primera semana de agosto para comprar un mill\u00f3n de toneladas, que fue el compromiso de retirarlas del mercado y destinarlas a la red de tiendas DICONSA en todo el pa\u00eds.<\/p>\n\n\n\n<p>Por su parte, el subsecretario de Agricultura, Ram\u00f3n Gallegos Araiza, inform\u00f3 que el programa de compra de ma\u00edz de hasta 500 mil toneladas lleva un avance del 59 por ciento, con la liquidaci\u00f3n que ya se ha hecho en 35 centros de acopio, donde se han pagado 293 mil 537 toneladas, a un total de mil 431 productores, con una derrama econ\u00f3mica que est\u00e1 ya en proceso de 2 mil 44 millones 488 mil 443 pesos.<\/p>\n\n\n\n<p>\u201c<strong>Queremos recordarles a los productores que no entraron al esquema de SEGALMEX del mill\u00f3n de toneladas que ya se lleva un muy buen avance, que esperen la segunda compra. Sabemos bien la preocupaci\u00f3n que tienen por la econom\u00eda de sus familias, pero les recordamos por instrucciones del gobernador que son programas emergentes y estos programas emergentes debemos de realizarlos de la mejor manera con sus expedientes completos y ya encontramos con FIRA el convenio para que se ampl\u00eden los pagos de financiamiento hasta por un mes<\/strong>\u201d, a\u00f1adi\u00f3.<\/p>\n\n\n\n<p>En estos casos, el subsecretario Gallegos se\u00f1al\u00f3 que los productores deben acudir de manera personal y directa a las instituciones financieras donde adquirieron el financiamiento para pedir una pr\u00f3rroga.<\/p>\n","protected":false},"excerpt":{"rendered":"<p>Se estima que en 10 d\u00edas culmine el programa de la compra de 500 mil toneladas Culiac\u00e1n, Sin.- Durante la Conferencia Semanera del gobernador Rub\u00e9n Rocha Moya, que en esta ocasi\u00f3n fue encabezada por el secretario general de Gobierno, Enrique Inzunza C\u00e1zarez, se inform\u00f3 que ya se tiene un avance del 59 por ciento en [&hellip;]<\/p>\n","protected":false},"author":4,"featured_media":53509,"comment_status":"open","ping_status":"open","sticky":false,"template":"","format":"standard","meta":{"tdm_status":"","tdm_grid_status":"","footnotes":""},"categories":[38,1],"tags":[],"class_list":{"0":"post-53506","1":"post","2":"type-post","3":"status-publish","4":"format-standard","5":"has-post-thumbnail","7":"category-noticias-locales","8":"category-sin-categoria"},"yoast_head":"<!-- This site is optimized with the Yoast SEO plugin v27.5 - https:\/\/yoast.com\/product\/yoast-seo-wordpress\/ -->\n<title>Avanza el programa de compra de ma\u00edz del Gobierno del Estado y SEGALMEX - Fuentes Fidedignas<\/title>\n<meta name=\"robots\" content=\"index, follow, max-snippet:-1, max-image-preview:large, max-video-preview:-1\" \/>\n<link rel=\"canonical\" href=\"https:\/\/fuentesfidedignas.com.mx\/index.php\/2023\/07\/24\/avanza-el-programa-de-compra-de-maiz-del-gobierno-del-estado-y-segalmex\/\" \/>\n<meta property=\"og:locale\" content=\"es_MX\" \/>\n<meta property=\"og:type\" content=\"article\" \/>\n<meta property=\"og:title\" content=\"Avanza el programa de compra de ma\u00edz del Gobierno del Estado y SEGALMEX - Fuentes Fidedignas\" \/>\n<meta property=\"og:description\" content=\"Se estima que en 10 d\u00edas culmine el programa de la compra de 500 mil toneladas Culiac\u00e1n, Sin.- Durante la Conferencia Semanera del gobernador Rub\u00e9n Rocha Moya, que en esta ocasi\u00f3n fue encabezada por el secretario general de Gobierno, Enrique Inzunza C\u00e1zarez, se inform\u00f3 que ya se tiene un avance del 59 por ciento en [&hellip;]\" \/>\n<meta property=\"og:url\" content=\"https:\/\/fuentesfidedignas.com.mx\/index.php\/2023\/07\/24\/avanza-el-programa-de-compra-de-maiz-del-gobierno-del-estado-y-segalmex\/\" \/>\n<meta property=\"og:site_name\" content=\"Fuentes Fidedignas\" \/>\n<meta property=\"article:publisher\" content=\"https:\/\/www.facebook.com\/Fuentes-Fidedignas-368234489921644\" \/>\n<meta property=\"article:published_time\" content=\"2023-07-24T18:54:19+00:00\" \/>\n<meta property=\"article:modified_time\" content=\"2023-07-24T18:55:45+00:00\" \/>\n<meta property=\"og:image\" content=\"https:\/\/fuentesfidedignas.com.mx\/wp-content\/uploads\/2023\/07\/images-5.jpeg\" \/>\n\t<meta property=\"og:image:width\" content=\"679\" \/>\n\t<meta property=\"og:image:height\" content=\"452\" \/>\n\t<meta property=\"og:image:type\" content=\"image\/jpeg\" \/>\n<meta name=\"author\" content=\"Redacci\u00f3n\" \/>\n<meta name=\"twitter:card\" content=\"summary_large_image\" \/>\n<meta name=\"twitter:creator\" content=\"@fidedignas\" \/>\n<meta name=\"twitter:site\" content=\"@fidedignas\" \/>\n<meta name=\"twitter:label1\" content=\"Escrito por\" \/>\n\t<meta name=\"twitter:data1\" content=\"Redacci\u00f3n\" \/>\n\t<meta name=\"twitter:label2\" content=\"Tiempo de lectura\" \/>\n\t<meta name=\"twitter:data2\" content=\"3 minutos\" \/>\n<script type=\"application\/ld+json\" class=\"yoast-schema-graph\">{\"@context\":\"https:\\\/\\\/schema.org\",\"@graph\":[{\"@type\":\"Article\",\"@id\":\"https:\\\/\\\/fuentesfidedignas.com.mx\\\/index.php\\\/2023\\\/07\\\/24\\\/avanza-el-programa-de-compra-de-maiz-del-gobierno-del-estado-y-segalmex\\\/#article\",\"isPartOf\":{\"@id\":\"https:\\\/\\\/fuentesfidedignas.com.mx\\\/index.php\\\/2023\\\/07\\\/24\\\/avanza-el-programa-de-compra-de-maiz-del-gobierno-del-estado-y-segalmex\\\/\"},\"author\":{\"name\":\"Redacci\u00f3n\",\"@id\":\"https:\\\/\\\/fuentesfidedignas.com.mx\\\/#\\\/schema\\\/person\\\/331be9283d37198e2acd5750279085b0\"},\"headline\":\"Avanza el programa de compra de ma\u00edz del Gobierno del Estado y SEGALMEX\",\"datePublished\":\"2023-07-24T18:54:19+00:00\",\"dateModified\":\"2023-07-24T18:55:45+00:00\",\"mainEntityOfPage\":{\"@id\":\"https:\\\/\\\/fuentesfidedignas.com.mx\\\/index.php\\\/2023\\\/07\\\/24\\\/avanza-el-programa-de-compra-de-maiz-del-gobierno-del-estado-y-segalmex\\\/\"},\"wordCount\":569,\"commentCount\":0,\"publisher\":{\"@id\":\"https:\\\/\\\/fuentesfidedignas.com.mx\\\/#organization\"},\"image\":{\"@id\":\"https:\\\/\\\/fuentesfidedignas.com.mx\\\/index.php\\\/2023\\\/07\\\/24\\\/avanza-el-programa-de-compra-de-maiz-del-gobierno-del-estado-y-segalmex\\\/#primaryimage\"},\"thumbnailUrl\":\"https:\\\/\\\/fuentesfidedignas.com.mx\\\/wp-content\\\/uploads\\\/2023\\\/07\\\/images-5.jpeg\",\"articleSection\":[\"NOTICIAS LOCALES\"],\"inLanguage\":\"es\",\"potentialAction\":[{\"@type\":\"CommentAction\",\"name\":\"Comment\",\"target\":[\"https:\\\/\\\/fuentesfidedignas.com.mx\\\/index.php\\\/2023\\\/07\\\/24\\\/avanza-el-programa-de-compra-de-maiz-del-gobierno-del-estado-y-segalmex\\\/#respond\"]}]},{\"@type\":\"WebPage\",\"@id\":\"https:\\\/\\\/fuentesfidedignas.com.mx\\\/index.php\\\/2023\\\/07\\\/24\\\/avanza-el-programa-de-compra-de-maiz-del-gobierno-del-estado-y-segalmex\\\/\",\"url\":\"https:\\\/\\\/fuentesfidedignas.com.mx\\\/index.php\\\/2023\\\/07\\\/24\\\/avanza-el-programa-de-compra-de-maiz-del-gobierno-del-estado-y-segalmex\\\/\",\"name\":\"Avanza el programa de compra de ma\u00edz del Gobierno del Estado y SEGALMEX - Fuentes Fidedignas\",\"isPartOf\":{\"@id\":\"https:\\\/\\\/fuentesfidedignas.com.mx\\\/#website\"},\"primaryImageOfPage\":{\"@id\":\"https:\\\/\\\/fuentesfidedignas.com.mx\\\/index.php\\\/2023\\\/07\\\/24\\\/avanza-el-programa-de-compra-de-maiz-del-gobierno-del-estado-y-segalmex\\\/#primaryimage\"},\"image\":{\"@id\":\"https:\\\/\\\/fuentesfidedignas.com.mx\\\/index.php\\\/2023\\\/07\\\/24\\\/avanza-el-programa-de-compra-de-maiz-del-gobierno-del-estado-y-segalmex\\\/#primaryimage\"},\"thumbnailUrl\":\"https:\\\/\\\/fuentesfidedignas.com.mx\\\/wp-content\\\/uploads\\\/2023\\\/07\\\/images-5.jpeg\",\"datePublished\":\"2023-07-24T18:54:19+00:00\",\"dateModified\":\"2023-07-24T18:55:45+00:00\",\"breadcrumb\":{\"@id\":\"https:\\\/\\\/fuentesfidedignas.com.mx\\\/index.php\\\/2023\\\/07\\\/24\\\/avanza-el-programa-de-compra-de-maiz-del-gobierno-del-estado-y-segalmex\\\/#breadcrumb\"},\"inLanguage\":\"es\",\"potentialAction\":[{\"@type\":\"ReadAction\",\"target\":[\"https:\\\/\\\/fuentesfidedignas.com.mx\\\/index.php\\\/2023\\\/07\\\/24\\\/avanza-el-programa-de-compra-de-maiz-del-gobierno-del-estado-y-segalmex\\\/\"]}]},{\"@type\":\"ImageObject\",\"inLanguage\":\"es\",\"@id\":\"https:\\\/\\\/fuentesfidedignas.com.mx\\\/index.php\\\/2023\\\/07\\\/24\\\/avanza-el-programa-de-compra-de-maiz-del-gobierno-del-estado-y-segalmex\\\/#primaryimage\",\"url\":\"https:\\\/\\\/fuentesfidedignas.com.mx\\\/wp-content\\\/uploads\\\/2023\\\/07\\\/images-5.jpeg\",\"contentUrl\":\"https:\\\/\\\/fuentesfidedignas.com.mx\\\/wp-content\\\/uploads\\\/2023\\\/07\\\/images-5.jpeg\",\"width\":679,\"height\":452},{\"@type\":\"BreadcrumbList\",\"@id\":\"https:\\\/\\\/fuentesfidedignas.com.mx\\\/index.php\\\/2023\\\/07\\\/24\\\/avanza-el-programa-de-compra-de-maiz-del-gobierno-del-estado-y-segalmex\\\/#breadcrumb\",\"itemListElement\":[{\"@type\":\"ListItem\",\"position\":1,\"name\":\"Inicio\",\"item\":\"https:\\\/\\\/fuentesfidedignas.com.mx\\\/\"},{\"@type\":\"ListItem\",\"position\":2,\"name\":\"Avanza el programa de compra de ma\u00edz del Gobierno del Estado y SEGALMEX\"}]},{\"@type\":\"WebSite\",\"@id\":\"https:\\\/\\\/fuentesfidedignas.com.mx\\\/#website\",\"url\":\"https:\\\/\\\/fuentesfidedignas.com.mx\\\/\",\"name\":\"Fuentes Fidedignas\",\"description\":\"Otro sitio realizado con WordPress\",\"publisher\":{\"@id\":\"https:\\\/\\\/fuentesfidedignas.com.mx\\\/#organization\"},\"potentialAction\":[{\"@type\":\"SearchAction\",\"target\":{\"@type\":\"EntryPoint\",\"urlTemplate\":\"https:\\\/\\\/fuentesfidedignas.com.mx\\\/?s={search_term_string}\"},\"query-input\":{\"@type\":\"PropertyValueSpecification\",\"valueRequired\":true,\"valueName\":\"search_term_string\"}}],\"inLanguage\":\"es\"},{\"@type\":\"Organization\",\"@id\":\"https:\\\/\\\/fuentesfidedignas.com.mx\\\/#organization\",\"name\":\"Fuentes Fidedignas\",\"url\":\"https:\\\/\\\/fuentesfidedignas.com.mx\\\/\",\"logo\":{\"@type\":\"ImageObject\",\"inLanguage\":\"es\",\"@id\":\"https:\\\/\\\/fuentesfidedignas.com.mx\\\/#\\\/schema\\\/logo\\\/image\\\/\",\"url\":\"https:\\\/\\\/fuentesfidedignas.com.mx\\\/wp-content\\\/uploads\\\/2021\\\/04\\\/logo-retina.png\",\"contentUrl\":\"https:\\\/\\\/fuentesfidedignas.com.mx\\\/wp-content\\\/uploads\\\/2021\\\/04\\\/logo-retina.png\",\"width\":280,\"height\":51,\"caption\":\"Fuentes Fidedignas\"},\"image\":{\"@id\":\"https:\\\/\\\/fuentesfidedignas.com.mx\\\/#\\\/schema\\\/logo\\\/image\\\/\"},\"sameAs\":[\"https:\\\/\\\/www.facebook.com\\\/Fuentes-Fidedignas-368234489921644\",\"https:\\\/\\\/x.com\\\/fidedignas\"]},{\"@type\":\"Person\",\"@id\":\"https:\\\/\\\/fuentesfidedignas.com.mx\\\/#\\\/schema\\\/person\\\/331be9283d37198e2acd5750279085b0\",\"name\":\"Redacci\u00f3n\",\"image\":{\"@type\":\"ImageObject\",\"inLanguage\":\"es\",\"@id\":\"https:\\\/\\\/secure.gravatar.com\\\/avatar\\\/f6d8782c11d12b2d4ad3fbb6931aeab5309937a4d6cd2fc9cfaa28a6396a5aec?s=96&d=mm&r=g\",\"url\":\"https:\\\/\\\/secure.gravatar.com\\\/avatar\\\/f6d8782c11d12b2d4ad3fbb6931aeab5309937a4d6cd2fc9cfaa28a6396a5aec?s=96&d=mm&r=g\",\"contentUrl\":\"https:\\\/\\\/secure.gravatar.com\\\/avatar\\\/f6d8782c11d12b2d4ad3fbb6931aeab5309937a4d6cd2fc9cfaa28a6396a5aec?s=96&d=mm&r=g\",\"caption\":\"Redacci\u00f3n\"},\"url\":\"https:\\\/\\\/fuentesfidedignas.com.mx\\\/index.php\\\/author\\\/redaccion\\\/\"}]}<\/script>\n<!-- \/ Yoast SEO plugin. -->","yoast_head_json":{"title":"Avanza el programa de compra de ma\u00edz del Gobierno del Estado y SEGALMEX - Fuentes Fidedignas","robots":{"index":"index","follow":"follow","max-snippet":"max-snippet:-1","max-image-preview":"max-image-preview:large","max-video-preview":"max-video-preview:-1"},"canonical":"https:\/\/fuentesfidedignas.com.mx\/index.php\/2023\/07\/24\/avanza-el-programa-de-compra-de-maiz-del-gobierno-del-estado-y-segalmex\/","og_locale":"es_MX","og_type":"article","og_title":"Avanza el programa de compra de ma\u00edz del Gobierno del Estado y SEGALMEX - Fuentes Fidedignas","og_description":"Se estima que en 10 d\u00edas culmine el programa de la compra de 500 mil toneladas Culiac\u00e1n, Sin.- Durante la Conferencia Semanera del gobernador Rub\u00e9n Rocha Moya, que en esta ocasi\u00f3n fue encabezada por el secretario general de Gobierno, Enrique Inzunza C\u00e1zarez, se inform\u00f3 que ya se tiene un avance del 59 por ciento en [&hellip;]","og_url":"https:\/\/fuentesfidedignas.com.mx\/index.php\/2023\/07\/24\/avanza-el-programa-de-compra-de-maiz-del-gobierno-del-estado-y-segalmex\/","og_site_name":"Fuentes Fidedignas","article_publisher":"https:\/\/www.facebook.com\/Fuentes-Fidedignas-368234489921644","article_published_time":"2023-07-24T18:54:19+00:00","article_modified_time":"2023-07-24T18:55:45+00:00","og_image":[{"width":679,"height":452,"url":"https:\/\/fuentesfidedignas.com.mx\/wp-content\/uploads\/2023\/07\/images-5.jpeg","type":"image\/jpeg"}],"author":"Redacci\u00f3n","twitter_card":"summary_large_image","twitter_creator":"@fidedignas","twitter_site":"@fidedignas","twitter_misc":{"Escrito por":"Redacci\u00f3n","Tiempo de lectura":"3 minutos"},"schema":{"@context":"https:\/\/schema.org","@graph":[{"@type":"Article","@id":"https:\/\/fuentesfidedignas.com.mx\/index.php\/2023\/07\/24\/avanza-el-programa-de-compra-de-maiz-del-gobierno-del-estado-y-segalmex\/#article","isPartOf":{"@id":"https:\/\/fuentesfidedignas.com.mx\/index.php\/2023\/07\/24\/avanza-el-programa-de-compra-de-maiz-del-gobierno-del-estado-y-segalmex\/"},"author":{"name":"Redacci\u00f3n","@id":"https:\/\/fuentesfidedignas.com.mx\/#\/schema\/person\/331be9283d37198e2acd5750279085b0"},"headline":"Avanza el programa de compra de ma\u00edz del Gobierno del Estado y SEGALMEX","datePublished":"2023-07-24T18:54:19+00:00","dateModified":"2023-07-24T18:55:45+00:00","mainEntityOfPage":{"@id":"https:\/\/fuentesfidedignas.com.mx\/index.php\/2023\/07\/24\/avanza-el-programa-de-compra-de-maiz-del-gobierno-del-estado-y-segalmex\/"},"wordCount":569,"commentCount":0,"publisher":{"@id":"https:\/\/fuentesfidedignas.com.mx\/#organization"},"image":{"@id":"https:\/\/fuentesfidedignas.com.mx\/index.php\/2023\/07\/24\/avanza-el-programa-de-compra-de-maiz-del-gobierno-del-estado-y-segalmex\/#primaryimage"},"thumbnailUrl":"https:\/\/fuentesfidedignas.com.mx\/wp-content\/uploads\/2023\/07\/images-5.jpeg","articleSection":["NOTICIAS LOCALES"],"inLanguage":"es","potentialAction":[{"@type":"CommentAction","name":"Comment","target":["https:\/\/fuentesfidedignas.com.mx\/index.php\/2023\/07\/24\/avanza-el-programa-de-compra-de-maiz-del-gobierno-del-estado-y-segalmex\/#respond"]}]},{"@type":"WebPage","@id":"https:\/\/fuentesfidedignas.com.mx\/index.php\/2023\/07\/24\/avanza-el-programa-de-compra-de-maiz-del-gobierno-del-estado-y-segalmex\/","url":"https:\/\/fuentesfidedignas.com.mx\/index.php\/2023\/07\/24\/avanza-el-programa-de-compra-de-maiz-del-gobierno-del-estado-y-segalmex\/","name":"Avanza el programa de compra de ma\u00edz del Gobierno del Estado y SEGALMEX - Fuentes Fidedignas","isPartOf":{"@id":"https:\/\/fuentesfidedignas.com.mx\/#website"},"primaryImageOfPage":{"@id":"https:\/\/fuentesfidedignas.com.mx\/index.php\/2023\/07\/24\/avanza-el-programa-de-compra-de-maiz-del-gobierno-del-estado-y-segalmex\/#primaryimage"},"image":{"@id":"https:\/\/fuentesfidedignas.com.mx\/index.php\/2023\/07\/24\/avanza-el-programa-de-compra-de-maiz-del-gobierno-del-estado-y-segalmex\/#primaryimage"},"thumbnailUrl":"https:\/\/fuentesfidedignas.com.mx\/wp-content\/uploads\/2023\/07\/images-5.jpeg","datePublished":"2023-07-24T18:54:19+00:00","dateModified":"2023-07-24T18:55:45+00:00","breadcrumb":{"@id":"https:\/\/fuentesfidedignas.com.mx\/index.php\/2023\/07\/24\/avanza-el-programa-de-compra-de-maiz-del-gobierno-del-estado-y-segalmex\/#breadcrumb"},"inLanguage":"es","potentialAction":[{"@type":"ReadAction","target":["https:\/\/fuentesfidedignas.com.mx\/index.php\/2023\/07\/24\/avanza-el-programa-de-compra-de-maiz-del-gobierno-del-estado-y-segalmex\/"]}]},{"@type":"ImageObject","inLanguage":"es","@id":"https:\/\/fuentesfidedignas.com.mx\/index.php\/2023\/07\/24\/avanza-el-programa-de-compra-de-maiz-del-gobierno-del-estado-y-segalmex\/#primaryimage","url":"https:\/\/fuentesfidedignas.com.mx\/wp-content\/uploads\/2023\/07\/images-5.jpeg","contentUrl":"https:\/\/fuentesfidedignas.com.mx\/wp-content\/uploads\/2023\/07\/images-5.jpeg","width":679,"height":452},{"@type":"BreadcrumbList","@id":"https:\/\/fuentesfidedignas.com.mx\/index.php\/2023\/07\/24\/avanza-el-programa-de-compra-de-maiz-del-gobierno-del-estado-y-segalmex\/#breadcrumb","itemListElement":[{"@type":"ListItem","position":1,"name":"Inicio","item":"https:\/\/fuentesfidedignas.com.mx\/"},{"@type":"ListItem","position":2,"name":"Avanza el programa de compra de ma\u00edz del Gobierno del Estado y SEGALMEX"}]},{"@type":"WebSite","@id":"https:\/\/fuentesfidedignas.com.mx\/#website","url":"https:\/\/fuentesfidedignas.com.mx\/","name":"Fuentes Fidedignas","description":"Otro sitio realizado con WordPress","publisher":{"@id":"https:\/\/fuentesfidedignas.com.mx\/#organization"},"potentialAction":[{"@type":"SearchAction","target":{"@type":"EntryPoint","urlTemplate":"https:\/\/fuentesfidedignas.com.mx\/?s={search_term_string}"},"query-input":{"@type":"PropertyValueSpecification","valueRequired":true,"valueName":"search_term_string"}}],"inLanguage":"es"},{"@type":"Organization","@id":"https:\/\/fuentesfidedignas.com.mx\/#organization","name":"Fuentes Fidedignas","url":"https:\/\/fuentesfidedignas.com.mx\/","logo":{"@type":"ImageObject","inLanguage":"es","@id":"https:\/\/fuentesfidedignas.com.mx\/#\/schema\/logo\/image\/","url":"https:\/\/fuentesfidedignas.com.mx\/wp-content\/uploads\/2021\/04\/logo-retina.png","contentUrl":"https:\/\/fuentesfidedignas.com.mx\/wp-content\/uploads\/2021\/04\/logo-retina.png","width":280,"height":51,"caption":"Fuentes Fidedignas"},"image":{"@id":"https:\/\/fuentesfidedignas.com.mx\/#\/schema\/logo\/image\/"},"sameAs":["https:\/\/www.facebook.com\/Fuentes-Fidedignas-368234489921644","https:\/\/x.com\/fidedignas"]},{"@type":"Person","@id":"https:\/\/fuentesfidedignas.com.mx\/#\/schema\/person\/331be9283d37198e2acd5750279085b0","name":"Redacci\u00f3n","image":{"@type":"ImageObject","inLanguage":"es","@id":"https:\/\/secure.gravatar.com\/avatar\/f6d8782c11d12b2d4ad3fbb6931aeab5309937a4d6cd2fc9cfaa28a6396a5aec?s=96&d=mm&r=g","url":"https:\/\/secure.gravatar.com\/avatar\/f6d8782c11d12b2d4ad3fbb6931aeab5309937a4d6cd2fc9cfaa28a6396a5aec?s=96&d=mm&r=g","contentUrl":"https:\/\/secure.gravatar.com\/avatar\/f6d8782c11d12b2d4ad3fbb6931aeab5309937a4d6cd2fc9cfaa28a6396a5aec?s=96&d=mm&r=g","caption":"Redacci\u00f3n"},"url":"https:\/\/fuentesfidedignas.com.mx\/index.php\/author\/redaccion\/"}]}},"_links":{"self":[{"href":"https:\/\/fuentesfidedignas.com.mx\/index.php\/wp-json\/wp\/v2\/posts\/53506","targetHints":{"allow":["GET"]}}],"collection":[{"href":"https:\/\/fuentesfidedignas.com.mx\/index.php\/wp-json\/wp\/v2\/posts"}],"about":[{"href":"https:\/\/fuentesfidedignas.com.mx\/index.php\/wp-json\/wp\/v2\/types\/post"}],"author":[{"embeddable":true,"href":"https:\/\/fuentesfidedignas.com.mx\/index.php\/wp-json\/wp\/v2\/users\/4"}],"replies":[{"embeddable":true,"href":"https:\/\/fuentesfidedignas.com.mx\/index.php\/wp-json\/wp\/v2\/comments?post=53506"}],"version-history":[{"count":1,"href":"https:\/\/fuentesfidedignas.com.mx\/index.php\/wp-json\/wp\/v2\/posts\/53506\/revisions"}],"predecessor-version":[{"id":53508,"href":"https:\/\/fuentesfidedignas.com.mx\/index.php\/wp-json\/wp\/v2\/posts\/53506\/revisions\/53508"}],"wp:featuredmedia":[{"embeddable":true,"href":"https:\/\/fuentesfidedignas.com.mx\/index.php\/wp-json\/wp\/v2\/media\/53509"}],"wp:attachment":[{"href":"https:\/\/fuentesfidedignas.com.mx\/index.php\/wp-json\/wp\/v2\/media?parent=53506"}],"wp:term":[{"taxonomy":"category","embeddable":true,"href":"https:\/\/fuentesfidedignas.com.mx\/index.php\/wp-json\/wp\/v2\/categories?post=53506"},{"taxonomy":"post_tag","embeddable":true,"href":"https:\/\/fuentesfidedignas.com.mx\/index.php\/wp-json\/wp\/v2\/tags?post=53506"}],"curies":[{"name":"wp","href":"https:\/\/api.w.org\/{rel}","templated":true}]}}